{"id":10000,"date":"2022-03-03T13:22:27","date_gmt":"2022-03-03T16:22:27","guid":{"rendered":"https:\/\/www.proyectum.com\/sistema\/?p=10000"},"modified":"2022-03-03T13:22:27","modified_gmt":"2022-03-03T16:22:27","slug":"como-fomentar-realmente-a-los-individuos-y-sus-interacciones","status":"publish","type":"post","link":"https:\/\/proyectum.com\/cl\/como-fomentar-realmente-a-los-individuos-y-sus-interacciones\/","title":{"rendered":"C\u00f3mo fomentar realmente a los individuos y sus interacciones"},"content":{"rendered":"<p>La teor\u00eda de los negocios es cada vez m\u00e1s insistente en <strong>colocar a las personas como lo m\u00e1s importante<\/strong>. Ante esto, muchos l\u00edderes se preguntan <strong>\u00bfC\u00f3mo fomentar realmente a los individuos y sus interacciones?<\/strong> Mientras que otros, deciden que es mejor no llevar la teor\u00eda a la pr\u00e1ctica.<\/p>\n<p>Desde hace ya algunas d\u00e9cadas el mundo de los negocios est\u00e1 poniendo atenci\u00f3n en alcanzar los objetivos desde una perspectiva m\u00e1s humanista. Es decir, <strong>reconociendo el valor de las personas<\/strong> y no solamente vi\u00e9ndolas como un recurso necesario m\u00e1s.<\/p>\n<p>El <a href=\"https:\/\/agilemanifesto.org\/\" target=\"_blank\" rel=\"noopener\">Manifiesto \u00c1gil<\/a> puso por escrito la importancia de esto, desde el 2001, en uno de sus valores: \u201c<strong>Individuos e interacciones sobre procesos y herramientas<\/strong>\u201d. Lo cual nos indicaba que, aunque reconoc\u00edan el valor de los procesos y las herramientas, valoraban m\u00e1s a los individuos y sus interacciones.<\/p>\n<h3><strong>C\u00f3mo fomentar realmente a los individuos y sus interacciones<\/strong><\/h3>\n<p>Aunque parezca incre\u00edble, en muchas organizaciones, se tiene la creencia de que un proceso bien definido hace que las personas pasen a ser f\u00e1cilmente sustituibles. <strong>Si el proceso es efectivo, cualquier persona que lo comprenda podr\u00e1 ejecutar las actividades<\/strong>. Esto me parece una falacia que, afortunadamente en estos tiempos est\u00e1 cada vez m\u00e1s en desuso.<\/p>\n<p>Los procesos son importantes para dar soporte a las actividades de las personas, como una gu\u00eda que indica el camino. La cual, sobre todo es valiosa, cuando este camino es recorrido por primera vez.<\/p>\n<p>Las herramientas, sobre todo si nos referimos a las tecnol\u00f3gicas, son imprescindibles hoy en d\u00eda para llevar a cabo nuestro trabajo. Sin embargo, no son lo m\u00e1s importante. Por lo menos no hasta ahora. En unos a\u00f1os veremos cada vez m\u00e1s robots e Inteligencia Artificial que quiz\u00e1 hagan nuestro trabajo, pero hoy en d\u00eda, las herramientas son un complemento.<\/p>\n<p>En esta sociedad del conocimiento en la que vivimos, son las personas, su ingenio, creatividad y sus interacciones lo que debemos valorar m\u00e1s.<\/p>\n<h3><strong>\u00bfC\u00f3mo puedo valorar m\u00e1s a las personas de mi equipo?<\/strong><\/h3>\n<p>Considero que si est\u00e1s leyendo hasta aqu\u00ed, definitivamente est\u00e1s interesado en valorar m\u00e1s <strong>a las personas de tu equipo de trabajo y a las interacciones que se dan entre ellas<\/strong>. Eso es un muy buen paso. Y no es algo menor.<\/p>\n<p>Como siempre sucede, para poder resolver un problema, primero debemos ser conscientes de que existe como tal. Sin embargo, un gran n\u00famero de <strong>l\u00edderes no alcanzan a ver el problema hasta que este les explota en las manos y se ve reflejado a trav\u00e9s de bajo rendimiento, alta rotaci\u00f3n de personal y un clima laboral desgastante<\/strong>, por mencionar algunos.<\/p>\n<p>Es curioso ver c\u00f3mo muchos de estos l\u00edderes pregonan la importancia del liderazgo, de los equipos auto gestionados y se nombran as\u00ed mismos agilistas. Sin embargo, dejan todo esto en un plano te\u00f3rico y no lo llevan a la pr\u00e1ctica.<\/p>\n<p>As\u00ed que si eres consiente de que no est\u00e1s dando la suficiente importancia a las personas de tu equipo, ya est\u00e1s un paso adelante. En los siguientes puntos te comparto un par de recomendaciones para seguir por el buen camino que te lleve a valorar m\u00e1s a los individuos y sus interacciones.<\/p>\n<h3><strong>Tambi\u00e9n de forma virtual debes fomentar la interacci\u00f3n<\/strong><\/h3>\n<p>Es conocido que muchas de las grandes empresas dise\u00f1aron sus oficinas para que hubiera espacios comunes donde las personas coincid\u00edan. Esos encuentros que parec\u00edan casuales en el comedor, la cafeter\u00eda, los pasillos y el vest\u00edbulo, provocaban interacciones, las cuales, entre otros muchos beneficios, <strong>detonaban la inspiraci\u00f3n que hac\u00eda a los equipos m\u00e1s creativos<\/strong>.<\/p>\n<p>Dise\u00f1ar sofisticadas oficinas como las grandes empresas puede ser una limitante. Sin embargo, hoy que vivimos en el <a href=\"https:\/\/www.proyectum.com\/sistema\/blog\/los-desafios-que-estan-llevando-el-trabajo-a-distancia-a-fracasar\/\" target=\"_blank\" rel=\"noopener\">mundo virtual<\/a> y con personas trabajando desde sus casas y desde distintas partes del mundo, la limitante no es una inversi\u00f3n elevada en oficinas, si no la creatividad y el <strong>tiempo que le quieras dedicar a fomentar estas interacciones<\/strong>.<\/p>\n<p>De la noche a la ma\u00f1ana, millones de personas fueron enviadas a trabajar desde su casa. <strong>\u00bfD\u00f3nde quedaron estos encuentros informales en los pasillos de las oficinas?<\/strong> Nadie, o tal vez muy pocos, se han preocupado de trasladar estos encuentros informales al mundo virtual.<\/p>\n<p>Hoy es com\u00fan enterarnos de personas que aceptaron un nuevo trabajo en los \u00faltimos 2 a\u00f1os y que nunca han puesto un pie en la oficina y, por lo tanto, nunca han visto en persona a alguno de sus colegas. <strong>\u00bfY las interacciones? Se vuelven muy puntuales y estrictamente laborales<\/strong>.<\/p>\n<p>Mi recomendaci\u00f3n aqu\u00ed es valorar la importancia de las interacciones y <strong>provocarlas en el mundo virtual<\/strong>.<\/p>\n<h3><strong>Aunque parezca poco \u00e1gil necesitamos reglas<\/strong><\/h3>\n<p>Las interacciones positivas hacen que trabajar sea mucho m\u00e1s f\u00e1cil. Sin embargo, los conflictos se van a hacer presentes tarde o temprano, por lo que es bueno establecer reglas b\u00e1sicas, las llamadas \u00ab<strong>ground rules<\/strong>\u00ab.<\/p>\n<p>De entrada, es bueno quitarnos de la mente que las reglas y la agilidad son polos opuestos. <strong>La agilidad requiere un equilibrio entre la flexibilidad y el control<\/strong>. Por lo que establecer una lista de comportamientos aceptables e inaceptables para fomentar las interacciones positivas es algo a lo que no le debes temer.<\/p>\n<p>Como l\u00edder de un equipo, m\u00e1s que establecer estas reglas debes tener la capacidad de facilitar las sesiones necesarias para que sea el equipo quien las establezca, de esta manera no ser\u00e1n reglas impuestas y ser\u00e1 m\u00e1s sencillo que cada uno de los individuos se sientan comprometidos con lo acordado. Es decir, <strong>permite al equipo apropiarse de sus reglas<\/strong>.<\/p>\n<p>Mi recomendaci\u00f3n es que al momento de facilitar estas sesiones donde se establecer\u00e1n las reglas b\u00e1sicas del equipo, sugieras que se tome en cuenta: la colaboraci\u00f3n eficaz, el promover la visibilidad del trabajo, los mecanismos para manejar los conflictos y los valores compartidos.<\/p>\n<p><strong>Conclusiones<\/strong><\/p>\n<p>Aunque desde el 2001, hace ya m\u00e1s de 20 a\u00f1os, se hizo evidente la necesidad de dar <strong>mayor valor a las personas y sus interacciones<\/strong>, todav\u00eda nos est\u00e1 costando llevarlo a la pr\u00e1ctica. La situaci\u00f3n se complic\u00f3 cuando nos vimos obligados a trabajar de forma remota por la pandemia.<\/p>\n<p>Es normal que un cambio as\u00ed de dr\u00e1stico nos tomara por sorpresa. Fue necesario pasar por una etapa de shock, luego nos reorganizamos y tratamos de adaptarnos tan r\u00e1pido como pudimos. Pero creo que nos enfocamos solamente en sacar la operaci\u00f3n adelante. <strong>Olvid\u00e1ndonos de lo que decimos es lo m\u00e1s importante, las personas<\/strong>.<\/p>\n<p><strong>Ya es tiempo de ser conscientes que no podemos quedarnos en el discurso te\u00f3rico de que las personas y sus interacciones son algo que le damos valor, cuando en la realidad, son temas que dejamos en un segundo plano<\/strong>.<\/p>\n<p>Para este punto puedes tomar acci\u00f3n para fomentar realmente a los individuos y sus interacciones o esperar a que el problema te explote m\u00e1s adelante.<\/p>\n<p>Referencias:<\/p>\n<p><a href=\"https:\/\/agilemanifesto.org\/\" target=\"_blank\" rel=\"noopener\">Agile Manifesto<\/a><\/p>\n","protected":false},"excerpt":{"rendered":"<p>La teor\u00eda de los negocios es cada vez m\u00e1s insistente en colocar a las personas como lo m\u00e1s importante. Ante esto, muchos l\u00edderes se preguntan \u00bfC\u00f3mo fomentar realmente a los individuos y sus interacciones? Mientras que otros, deciden que es mejor no llevar la teor\u00eda a la pr\u00e1ctica. Desde hace ya algunas d\u00e9cadas el mundo [&hellip;]<\/p>\n","protected":false},"author":26,"featured_media":10002,"comment_status":"closed","ping_status":"closed","sticky":false,"template":"","format":"standard","meta":{"_acf_changed":false,"footnotes":""},"categories":[1102,1480,236,215,231],"tags":[3564,3565,3566,3568,534,3569,3570,3571,3572],"class_list":["post-10000","post","type-post","status-publish","format-standard","has-post-thumbnail","hentry","category-agil","category-colaboracion","category-comunicacion","category-liderazgo","category-recursos-humanos","tag-aunque-parezca-poco-agil-necesitamos-reglas","tag-como-fomentar-realmente-a-los-individuos-y-sus-interacciones","tag-ground-rules","tag-la-agilidad-requiere-un-equilibrio-entre-la-flexibilidad-y-el-control","tag-manifiesto-agil","tag-mayor-valor-a-las-personas-y-sus-interacciones","tag-permite-al-equipo-apropiarse-de-sus-reglas","tag-reconociendo-el-valor-de-las-personas","tag-tiempo-que-le-quieras-dedicar-a-fomentar-estas-interacciones"],"acf":[],"yoast_head":"<!-- This site is optimized with the Yoast SEO plugin v24.4 - https:\/\/yoast.com\/wordpress\/plugins\/seo\/ -->\n<title>C\u00f3mo fomentar realmente a los individuos y sus interacciones - Proyectum Chile<\/title>\n<meta name=\"description\" content=\"La teor\u00eda de los negocios insiste, las personas son lo m\u00e1s importante. \u00bfC\u00f3mo fomentar realmente a los individuos y sus interacciones?\" \/>\n<meta name=\"robots\" content=\"index, follow, max-snippet:-1, max-image-preview:large, max-video-preview:-1\" \/>\n<link rel=\"canonical\" href=\"https:\/\/proyectum.com\/cl\/como-fomentar-realmente-a-los-individuos-y-sus-interacciones\/\" \/>\n<meta property=\"og:locale\" content=\"es_ES\" \/>\n<meta property=\"og:type\" content=\"article\" \/>\n<meta property=\"og:title\" content=\"C\u00f3mo fomentar realmente a los individuos y sus interacciones - Proyectum Chile\" \/>\n<meta property=\"og:description\" content=\"La teor\u00eda de los negocios insiste, las personas son lo m\u00e1s importante. \u00bfC\u00f3mo fomentar realmente a los individuos y sus interacciones?\" \/>\n<meta property=\"og:url\" content=\"https:\/\/proyectum.com\/cl\/como-fomentar-realmente-a-los-individuos-y-sus-interacciones\/\" \/>\n<meta property=\"og:site_name\" content=\"Proyectum Chile\" \/>\n<meta property=\"article:publisher\" content=\"https:\/\/www.facebook.com\/proyectumchile\/\" \/>\n<meta property=\"article:published_time\" content=\"2022-03-03T16:22:27+00:00\" \/>\n<meta property=\"og:image\" content=\"https:\/\/proyectum.com\/cl\/wp-content\/uploads\/2022\/03\/Individuos-e-interacciones.jpg\" \/>\n\t<meta property=\"og:image:width\" content=\"1700\" \/>\n\t<meta property=\"og:image:height\" content=\"1360\" \/>\n\t<meta property=\"og:image:type\" content=\"image\/jpeg\" \/>\n<meta name=\"author\" content=\"Proyectum 2025\" \/>\n<meta name=\"twitter:card\" content=\"summary_large_image\" \/>\n<meta name=\"twitter:label1\" content=\"Escrito por\" \/>\n\t<meta name=\"twitter:data1\" content=\"Proyectum 2025\" \/>\n\t<meta name=\"twitter:label2\" content=\"Tiempo de lectura\" \/>\n\t<meta name=\"twitter:data2\" content=\"6 minutos\" \/>\n<script type=\"application\/ld+json\" class=\"yoast-schema-graph\">{\"@context\":\"https:\/\/schema.org\",\"@graph\":[{\"@type\":\"Article\",\"@id\":\"https:\/\/proyectum.com\/cl\/como-fomentar-realmente-a-los-individuos-y-sus-interacciones\/#article\",\"isPartOf\":{\"@id\":\"https:\/\/proyectum.com\/cl\/como-fomentar-realmente-a-los-individuos-y-sus-interacciones\/\"},\"author\":{\"name\":\"Proyectum 2025\",\"@id\":\"https:\/\/proyectum.com\/cl\/#\/schema\/person\/7d5caa4386a11be650af177d3f2e5aee\"},\"headline\":\"C\u00f3mo fomentar realmente a los individuos y sus interacciones\",\"datePublished\":\"2022-03-03T16:22:27+00:00\",\"mainEntityOfPage\":{\"@id\":\"https:\/\/proyectum.com\/cl\/como-fomentar-realmente-a-los-individuos-y-sus-interacciones\/\"},\"wordCount\":1199,\"publisher\":{\"@id\":\"https:\/\/proyectum.com\/cl\/#organization\"},\"image\":{\"@id\":\"https:\/\/proyectum.com\/cl\/como-fomentar-realmente-a-los-individuos-y-sus-interacciones\/#primaryimage\"},\"thumbnailUrl\":\"https:\/\/proyectum.com\/cl\/wp-content\/uploads\/2022\/03\/Individuos-e-interacciones.jpg\",\"keywords\":[\"Aunque parezca poco \u00e1gil necesitamos reglas\",\"C\u00f3mo fomentar realmente a los individuos y sus interacciones\",\"ground rules\",\"La agilidad requiere un equilibrio entre la flexibilidad y el control\",\"Manifiesto \u00e1gil\",\"mayor valor a las personas y sus interacciones\",\"permite al equipo apropiarse de sus reglas\",\"reconociendo el valor de las personas\",\"tiempo que le quieras dedicar a fomentar estas interacciones\"],\"articleSection\":[\"\u00c1gil\",\"Colaboraci\u00f3n\",\"Comunicaci\u00f3n\",\"Liderazgo\",\"Recursos Humanos\"],\"inLanguage\":\"es\"},{\"@type\":\"WebPage\",\"@id\":\"https:\/\/proyectum.com\/cl\/como-fomentar-realmente-a-los-individuos-y-sus-interacciones\/\",\"url\":\"https:\/\/proyectum.com\/cl\/como-fomentar-realmente-a-los-individuos-y-sus-interacciones\/\",\"name\":\"C\u00f3mo fomentar realmente a los individuos y sus interacciones - Proyectum Chile\",\"isPartOf\":{\"@id\":\"https:\/\/proyectum.com\/cl\/#website\"},\"primaryImageOfPage\":{\"@id\":\"https:\/\/proyectum.com\/cl\/como-fomentar-realmente-a-los-individuos-y-sus-interacciones\/#primaryimage\"},\"image\":{\"@id\":\"https:\/\/proyectum.com\/cl\/como-fomentar-realmente-a-los-individuos-y-sus-interacciones\/#primaryimage\"},\"thumbnailUrl\":\"https:\/\/proyectum.com\/cl\/wp-content\/uploads\/2022\/03\/Individuos-e-interacciones.jpg\",\"datePublished\":\"2022-03-03T16:22:27+00:00\",\"description\":\"La teor\u00eda de los negocios insiste, las personas son lo m\u00e1s importante. \u00bfC\u00f3mo fomentar realmente a los individuos y sus interacciones?\",\"breadcrumb\":{\"@id\":\"https:\/\/proyectum.com\/cl\/como-fomentar-realmente-a-los-individuos-y-sus-interacciones\/#breadcrumb\"},\"inLanguage\":\"es\",\"potentialAction\":[{\"@type\":\"ReadAction\",\"target\":[\"https:\/\/proyectum.com\/cl\/como-fomentar-realmente-a-los-individuos-y-sus-interacciones\/\"]}]},{\"@type\":\"ImageObject\",\"inLanguage\":\"es\",\"@id\":\"https:\/\/proyectum.com\/cl\/como-fomentar-realmente-a-los-individuos-y-sus-interacciones\/#primaryimage\",\"url\":\"https:\/\/proyectum.com\/cl\/wp-content\/uploads\/2022\/03\/Individuos-e-interacciones.jpg\",\"contentUrl\":\"https:\/\/proyectum.com\/cl\/wp-content\/uploads\/2022\/03\/Individuos-e-interacciones.jpg\",\"width\":1700,\"height\":1360,\"caption\":\"Individuos e interacciones\"},{\"@type\":\"BreadcrumbList\",\"@id\":\"https:\/\/proyectum.com\/cl\/como-fomentar-realmente-a-los-individuos-y-sus-interacciones\/#breadcrumb\",\"itemListElement\":[{\"@type\":\"ListItem\",\"position\":1,\"name\":\"Home\",\"item\":\"https:\/\/proyectum.com\/cl\/\"},{\"@type\":\"ListItem\",\"position\":2,\"name\":\"C\u00f3mo fomentar realmente a los individuos y sus interacciones\"}]},{\"@type\":\"WebSite\",\"@id\":\"https:\/\/proyectum.com\/cl\/#website\",\"url\":\"https:\/\/proyectum.com\/cl\/\",\"name\":\"Proyectum Chile\",\"description\":\"Direcci\u00f3n de Proyectos y Metodolog\u00edas \u00c1giles\",\"publisher\":{\"@id\":\"https:\/\/proyectum.com\/cl\/#organization\"},\"potentialAction\":[{\"@type\":\"SearchAction\",\"target\":{\"@type\":\"EntryPoint\",\"urlTemplate\":\"https:\/\/proyectum.com\/cl\/?s={search_term_string}\"},\"query-input\":{\"@type\":\"PropertyValueSpecification\",\"valueRequired\":true,\"valueName\":\"search_term_string\"}}],\"inLanguage\":\"es\"},{\"@type\":\"Organization\",\"@id\":\"https:\/\/proyectum.com\/cl\/#organization\",\"name\":\"Proyectum Chile\",\"url\":\"https:\/\/proyectum.com\/cl\/\",\"logo\":{\"@type\":\"ImageObject\",\"inLanguage\":\"es\",\"@id\":\"https:\/\/proyectum.com\/cl\/#\/schema\/logo\/image\/\",\"url\":\"https:\/\/proyectum.com\/cl\/wp-content\/uploads\/2020\/04\/proyectum-logo-snippet.png\",\"contentUrl\":\"https:\/\/proyectum.com\/cl\/wp-content\/uploads\/2020\/04\/proyectum-logo-snippet.png\",\"width\":600,\"height\":315,\"caption\":\"Proyectum Chile\"},\"image\":{\"@id\":\"https:\/\/proyectum.com\/cl\/#\/schema\/logo\/image\/\"},\"sameAs\":[\"https:\/\/www.facebook.com\/proyectumchile\/\",\"https:\/\/www.linkedin.com\/company\/proyectum-cl\/\",\"https:\/\/www.instagram.com\/proyectumchile\/\",\"https:\/\/www.youtube.com\/@proyectum2283\/videos\"]},{\"@type\":\"Person\",\"@id\":\"https:\/\/proyectum.com\/cl\/#\/schema\/person\/7d5caa4386a11be650af177d3f2e5aee\",\"name\":\"Proyectum 2025\",\"image\":{\"@type\":\"ImageObject\",\"inLanguage\":\"es\",\"@id\":\"https:\/\/proyectum.com\/cl\/#\/schema\/person\/image\/\",\"url\":\"https:\/\/secure.gravatar.com\/avatar\/df82793fddd8f0a5a84fdb27d958bf73?s=96&d=mm&r=g\",\"contentUrl\":\"https:\/\/secure.gravatar.com\/avatar\/df82793fddd8f0a5a84fdb27d958bf73?s=96&d=mm&r=g\",\"caption\":\"Proyectum 2025\"}}]}<\/script>\n<!-- \/ Yoast SEO plugin. -->","yoast_head_json":{"title":"C\u00f3mo fomentar realmente a los individuos y sus interacciones - Proyectum Chile","description":"La teor\u00eda de los negocios insiste, las personas son lo m\u00e1s importante. \u00bfC\u00f3mo fomentar realmente a los individuos y sus interacciones?","robots":{"index":"index","follow":"follow","max-snippet":"max-snippet:-1","max-image-preview":"max-image-preview:large","max-video-preview":"max-video-preview:-1"},"canonical":"https:\/\/proyectum.com\/cl\/como-fomentar-realmente-a-los-individuos-y-sus-interacciones\/","og_locale":"es_ES","og_type":"article","og_title":"C\u00f3mo fomentar realmente a los individuos y sus interacciones - Proyectum Chile","og_description":"La teor\u00eda de los negocios insiste, las personas son lo m\u00e1s importante. \u00bfC\u00f3mo fomentar realmente a los individuos y sus interacciones?","og_url":"https:\/\/proyectum.com\/cl\/como-fomentar-realmente-a-los-individuos-y-sus-interacciones\/","og_site_name":"Proyectum Chile","article_publisher":"https:\/\/www.facebook.com\/proyectumchile\/","article_published_time":"2022-03-03T16:22:27+00:00","og_image":[{"width":1700,"height":1360,"url":"https:\/\/proyectum.com\/cl\/wp-content\/uploads\/2022\/03\/Individuos-e-interacciones.jpg","type":"image\/jpeg"}],"author":"Proyectum 2025","twitter_card":"summary_large_image","twitter_misc":{"Escrito por":"Proyectum 2025","Tiempo de lectura":"6 minutos"},"schema":{"@context":"https:\/\/schema.org","@graph":[{"@type":"Article","@id":"https:\/\/proyectum.com\/cl\/como-fomentar-realmente-a-los-individuos-y-sus-interacciones\/#article","isPartOf":{"@id":"https:\/\/proyectum.com\/cl\/como-fomentar-realmente-a-los-individuos-y-sus-interacciones\/"},"author":{"name":"Proyectum 2025","@id":"https:\/\/proyectum.com\/cl\/#\/schema\/person\/7d5caa4386a11be650af177d3f2e5aee"},"headline":"C\u00f3mo fomentar realmente a los individuos y sus interacciones","datePublished":"2022-03-03T16:22:27+00:00","mainEntityOfPage":{"@id":"https:\/\/proyectum.com\/cl\/como-fomentar-realmente-a-los-individuos-y-sus-interacciones\/"},"wordCount":1199,"publisher":{"@id":"https:\/\/proyectum.com\/cl\/#organization"},"image":{"@id":"https:\/\/proyectum.com\/cl\/como-fomentar-realmente-a-los-individuos-y-sus-interacciones\/#primaryimage"},"thumbnailUrl":"https:\/\/proyectum.com\/cl\/wp-content\/uploads\/2022\/03\/Individuos-e-interacciones.jpg","keywords":["Aunque parezca poco \u00e1gil necesitamos reglas","C\u00f3mo fomentar realmente a los individuos y sus interacciones","ground rules","La agilidad requiere un equilibrio entre la flexibilidad y el control","Manifiesto \u00e1gil","mayor valor a las personas y sus interacciones","permite al equipo apropiarse de sus reglas","reconociendo el valor de las personas","tiempo que le quieras dedicar a fomentar estas interacciones"],"articleSection":["\u00c1gil","Colaboraci\u00f3n","Comunicaci\u00f3n","Liderazgo","Recursos Humanos"],"inLanguage":"es"},{"@type":"WebPage","@id":"https:\/\/proyectum.com\/cl\/como-fomentar-realmente-a-los-individuos-y-sus-interacciones\/","url":"https:\/\/proyectum.com\/cl\/como-fomentar-realmente-a-los-individuos-y-sus-interacciones\/","name":"C\u00f3mo fomentar realmente a los individuos y sus interacciones - Proyectum Chile","isPartOf":{"@id":"https:\/\/proyectum.com\/cl\/#website"},"primaryImageOfPage":{"@id":"https:\/\/proyectum.com\/cl\/como-fomentar-realmente-a-los-individuos-y-sus-interacciones\/#primaryimage"},"image":{"@id":"https:\/\/proyectum.com\/cl\/como-fomentar-realmente-a-los-individuos-y-sus-interacciones\/#primaryimage"},"thumbnailUrl":"https:\/\/proyectum.com\/cl\/wp-content\/uploads\/2022\/03\/Individuos-e-interacciones.jpg","datePublished":"2022-03-03T16:22:27+00:00","description":"La teor\u00eda de los negocios insiste, las personas son lo m\u00e1s importante. \u00bfC\u00f3mo fomentar realmente a los individuos y sus interacciones?","breadcrumb":{"@id":"https:\/\/proyectum.com\/cl\/como-fomentar-realmente-a-los-individuos-y-sus-interacciones\/#breadcrumb"},"inLanguage":"es","potentialAction":[{"@type":"ReadAction","target":["https:\/\/proyectum.com\/cl\/como-fomentar-realmente-a-los-individuos-y-sus-interacciones\/"]}]},{"@type":"ImageObject","inLanguage":"es","@id":"https:\/\/proyectum.com\/cl\/como-fomentar-realmente-a-los-individuos-y-sus-interacciones\/#primaryimage","url":"https:\/\/proyectum.com\/cl\/wp-content\/uploads\/2022\/03\/Individuos-e-interacciones.jpg","contentUrl":"https:\/\/proyectum.com\/cl\/wp-content\/uploads\/2022\/03\/Individuos-e-interacciones.jpg","width":1700,"height":1360,"caption":"Individuos e interacciones"},{"@type":"BreadcrumbList","@id":"https:\/\/proyectum.com\/cl\/como-fomentar-realmente-a-los-individuos-y-sus-interacciones\/#breadcrumb","itemListElement":[{"@type":"ListItem","position":1,"name":"Home","item":"https:\/\/proyectum.com\/cl\/"},{"@type":"ListItem","position":2,"name":"C\u00f3mo fomentar realmente a los individuos y sus interacciones"}]},{"@type":"WebSite","@id":"https:\/\/proyectum.com\/cl\/#website","url":"https:\/\/proyectum.com\/cl\/","name":"Proyectum Chile","description":"Direcci\u00f3n de Proyectos y Metodolog\u00edas \u00c1giles","publisher":{"@id":"https:\/\/proyectum.com\/cl\/#organization"},"potentialAction":[{"@type":"SearchAction","target":{"@type":"EntryPoint","urlTemplate":"https:\/\/proyectum.com\/cl\/?s={search_term_string}"},"query-input":{"@type":"PropertyValueSpecification","valueRequired":true,"valueName":"search_term_string"}}],"inLanguage":"es"},{"@type":"Organization","@id":"https:\/\/proyectum.com\/cl\/#organization","name":"Proyectum Chile","url":"https:\/\/proyectum.com\/cl\/","logo":{"@type":"ImageObject","inLanguage":"es","@id":"https:\/\/proyectum.com\/cl\/#\/schema\/logo\/image\/","url":"https:\/\/proyectum.com\/cl\/wp-content\/uploads\/2020\/04\/proyectum-logo-snippet.png","contentUrl":"https:\/\/proyectum.com\/cl\/wp-content\/uploads\/2020\/04\/proyectum-logo-snippet.png","width":600,"height":315,"caption":"Proyectum Chile"},"image":{"@id":"https:\/\/proyectum.com\/cl\/#\/schema\/logo\/image\/"},"sameAs":["https:\/\/www.facebook.com\/proyectumchile\/","https:\/\/www.linkedin.com\/company\/proyectum-cl\/","https:\/\/www.instagram.com\/proyectumchile\/","https:\/\/www.youtube.com\/@proyectum2283\/videos"]},{"@type":"Person","@id":"https:\/\/proyectum.com\/cl\/#\/schema\/person\/7d5caa4386a11be650af177d3f2e5aee","name":"Proyectum 2025","image":{"@type":"ImageObject","inLanguage":"es","@id":"https:\/\/proyectum.com\/cl\/#\/schema\/person\/image\/","url":"https:\/\/secure.gravatar.com\/avatar\/df82793fddd8f0a5a84fdb27d958bf73?s=96&d=mm&r=g","contentUrl":"https:\/\/secure.gravatar.com\/avatar\/df82793fddd8f0a5a84fdb27d958bf73?s=96&d=mm&r=g","caption":"Proyectum 2025"}}]}},"_links":{"self":[{"href":"https:\/\/proyectum.com\/cl\/wp-json\/wp\/v2\/posts\/10000","targetHints":{"allow":["GET"]}}],"collection":[{"href":"https:\/\/proyectum.com\/cl\/wp-json\/wp\/v2\/posts"}],"about":[{"href":"https:\/\/proyectum.com\/cl\/wp-json\/wp\/v2\/types\/post"}],"author":[{"embeddable":true,"href":"https:\/\/proyectum.com\/cl\/wp-json\/wp\/v2\/users\/26"}],"replies":[{"embeddable":true,"href":"https:\/\/proyectum.com\/cl\/wp-json\/wp\/v2\/comments?post=10000"}],"version-history":[{"count":0,"href":"https:\/\/proyectum.com\/cl\/wp-json\/wp\/v2\/posts\/10000\/revisions"}],"wp:featuredmedia":[{"embeddable":true,"href":"https:\/\/proyectum.com\/cl\/wp-json\/wp\/v2\/media\/10002"}],"wp:attachment":[{"href":"https:\/\/proyectum.com\/cl\/wp-json\/wp\/v2\/media?parent=10000"}],"wp:term":[{"taxonomy":"category","embeddable":true,"href":"https:\/\/proyectum.com\/cl\/wp-json\/wp\/v2\/categories?post=10000"},{"taxonomy":"post_tag","embeddable":true,"href":"https:\/\/proyectum.com\/cl\/wp-json\/wp\/v2\/tags?post=10000"}],"curies":[{"name":"wp","href":"https:\/\/api.w.org\/{rel}","templated":true}]}}