{"id":10720,"date":"2024-08-05T16:55:01","date_gmt":"2024-08-05T19:55:01","guid":{"rendered":"https:\/\/proyectum.com\/sistema\/?p=10720"},"modified":"2024-08-05T16:55:01","modified_gmt":"2024-08-05T19:55:01","slug":"estas-preparado-para-el-futuro-del-trabajo-descubre-las-tendencias-del-mercado-laboral","status":"publish","type":"post","link":"https:\/\/proyectum.com\/cl\/estas-preparado-para-el-futuro-del-trabajo-descubre-las-tendencias-del-mercado-laboral\/","title":{"rendered":"\u00bfEst\u00e1s Preparado para el Futuro del Trabajo? Descubre las tendencias del mercado laboral"},"content":{"rendered":"<p style=\"text-align: right;\">Curado por Jorge Vald\u00e9s Garciatorres, MDO, PMP<\/p>\n<p style=\"text-align: right;\"><strong>\u201cLa \u00fanica y verdadera fuente de ventaja competitiva sostenible es desarrollar la capacidad de aprender<\/strong><strong>\u00a0m\u00e1s r\u00e1pido que tu competencia\u201d<\/strong><\/p>\n<p style=\"text-align: right;\">&#8211; Adaptado de Peter Senge<\/p>\n<p>&nbsp;<\/p>\n<p>&nbsp;<\/p>\n<p>En un mercado laboral que evoluciona r\u00e1pidamente, mantenerte actualizado es tu fuente de ventaja competitiva. Coursera reci\u00e9n p\u00fablico su <a href=\"mailto:https:\/\/www.coursera.org\/skills-reports\/global\/pdf\/gsr-2024\" target=\"_blank\" rel=\"noopener\">Informe Global de Habilidades 2024 Coursera<\/a>, el cual brinda reflexiones valiosas sobre las tendencias emergentes en habilidades esenciales para profesionales de todo el mundo.<\/p>\n<p>En este art\u00edculo present\u00f3 lo que, en mi muy humilde opini\u00f3n, es lo m\u00e1s relevante. En \u00e9l exploraremos c\u00f3mo estas tendencias afectan diversas regiones y qu\u00e9 habilidades son prioritarias para mantener la competitividad.<\/p>\n<p>Dejo aqu\u00ed los puntos que considero m\u00e1s relevantes desde una perspectiva de las tendencias observadas:<\/p>\n<p><strong>1.- La era de la IA generativa y su impacto en el aprendizaje.<\/strong><\/p>\n<p>La Inteligencia Artificial Generativa (IA) est\u00e1 revolucionando el aprendizaje y el empleo. Con un incremento notable de m\u00e1s del 1000% en las inscripciones a cursos relacionados con la IA, es claro que estamos ante una revoluci\u00f3n educativa y profesional.<\/p>\n<p>La IA no solo est\u00e1 cambiando c\u00f3mo trabajamos, sino tambi\u00e9n c\u00f3mo aprendemos, promoviendo una necesidad urgente de adaptaci\u00f3n en todas las industrias.\u00a0(Informe Global de Habilidades 2024, p.4).<\/p>\n<p>En Am\u00e9rica del Norte, por ejemplo, el 72% de los CEOs ven la IA generativa como una prioridad de inversi\u00f3n, reflejando una tendencia similar en otras regiones avanzadas. Estas inversiones son fundamentales para preparar a las econom\u00edas para el futuro, equipando a la fuerza laboral con las habilidades necesarias para manejar y capitalizar las tecnolog\u00edas emergentes.\u00a0(Informe Global de Habilidades 2024, p.10).<\/p>\n<p><strong>2.- La persistente brecha digital y c\u00f3mo cerrarla.<\/strong><\/p>\n<p>La brecha entre las habilidades digitales que demandan las organizaciones y las que realmente tienen los colaboradores, sigue siendo un desaf\u00edo significativo.<\/p>\n<p>Con m\u00e1s del 90% de los empleos exigiendo alguna forma de competencia digital, es fundamental que tanto gobiernos como empresas inviertan en capacitaciones efectivas para cerrar esta brecha.\u00a0 (Informe Global de Habilidades 2024, p.5).<\/p>\n<p><strong>3.- Micro credenciales: Un camino hacia la empleabilidad<\/strong><\/p>\n<p><strong>\u00a0<\/strong>Las micro credenciales, incluidos los Certificados Profesionales, se est\u00e1n convirtiendo en una ruta efectiva hacia la empleabilidad.<\/p>\n<p>Estos programas ofrecen formaci\u00f3n espec\u00edfica en habilidades demandadas por el mercado, proporcionando a los profesionales herramientas pr\u00e1cticas y aplicables inmediatamente en sus campos de trabajo (Informe Global de Habilidades 2024, p.6).<\/p>\n<p><strong>4.- Desigualdad de g\u00e9nero en el aprendizaje en l\u00ednea<\/strong><\/p>\n<p>Aunque el aprendizaje en l\u00ednea se ha establecido como un facilitador de la educaci\u00f3n accesible, las desigualdades de g\u00e9nero persisten, especialmente en ciertas regiones.<\/p>\n<p>Es muy importante que continuemos promoviendo la inclusi\u00f3n y la equidad en la educaci\u00f3n digital para asegurar que todos, independientemente de su g\u00e9nero, tengan acceso a las oportunidades que ofrece la tecnolog\u00eda.\u00a0\u00a0(Informe Global de Habilidades 2024, p.7).<\/p>\n<p><strong>Habilidades interpersonales<\/strong><\/p>\n<p>Las habilidades interpersonales, tambi\u00e9n conocidas como habilidades blandas, han venido cobrando relevancia en la nueva din\u00e1mica organizacional.<\/p>\n<p>Estas habilidades incluyen la comunicaci\u00f3n efectiva, el trabajo en equipo, la empat\u00eda y la capacidad de liderazgo, la persuasi\u00f3n y la comunicaci\u00f3n.<\/p>\n<p>A medida que la tecnolog\u00eda avanza y automatiza tareas m\u00e1s t\u00e9cnicas, estas habilidades humanas adquieren mayor importancia porque facilitan la colaboraci\u00f3n y la gesti\u00f3n eficaz en entornos cambiantes.<\/p>\n<p>Las organizaciones buscan activamente profesionales que no solo sean t\u00e9cnicamente competentes, sino que tambi\u00e9n puedan manejar relaciones interpersonales efectivas para liderar equipos y gestionar cambios.<\/p>\n<p>Por ello, el Informe Global de Habilidades 2024 destaca la importancia cr\u00edtica del desarrollo de estas habilidades en un mercado laboral impulsado por la tecnolog\u00eda y la automatizaci\u00f3n. A continuaci\u00f3n, detallamos c\u00f3mo estas habilidades se est\u00e1n convirtiendo en esenciales para el \u00e9xito profesional:<\/p>\n<ul>\n<li><strong>Comunicaci\u00f3n Efectiva<\/strong>: El informe se\u00f1ala la importancia de la comunicaci\u00f3n efectiva pues es vital en un ambiente laboral que valora la claridad y la precisi\u00f3n.En equipos remotos o globales, ser capaz de transmitir ideas claramente reduce malentendidos y fomenta una colaboraci\u00f3n eficiente. La habilidad para adaptar el mensaje a diferentes culturas y contextos es un componente clave de esta habilidad.<\/li>\n<\/ul>\n<p>El informe subraya que una comunicaci\u00f3n clara y concisa es esencial, especialmente cuando se trabaja en entornos globales y multiculturales, donde la claridad en la comunicaci\u00f3n puede prevenir malentendidos costosos. (Informe Global de Habilidades 2024 Coursera, p14).<\/p>\n<ul>\n<li><strong>Empat\u00eda:<\/strong> Destaca en el informe la importancia que se est\u00e1 dando a esta habilidad.<\/li>\n<\/ul>\n<p>La empat\u00eda no solo mejora las relaciones dentro del equipo, sino que tambi\u00e9n es fundamental en la gesti\u00f3n de clientes y otras partes interesadas. Comprender y responder a las emociones de los dem\u00e1s puede llevar a mejores negociaciones y a un ambiente de trabajo m\u00e1s arm\u00f3nico.\u00a0(Informe Global de Habilidades 2024 Coursera, p29).<\/p>\n<ul>\n<li><strong>Trabajo en Equipo (p.32):<\/strong> Colaborar en efecto es esencial, especialmente en proyectos que requieren una combinaci\u00f3n de habilidades y conocimientos. Fomentar un entorno de apoyo mutuo y respeto entre los miembros del equipo puede aumentar la productividad y la innovaci\u00f3n.<\/li>\n<li><strong>Liderazgo Adaptativo (p.35):<\/strong> Un l\u00edder efectivo hoy en d\u00eda debe ser flexible y estar preparado para adaptarse a los cambios r\u00e1pidos del mercado. El liderazgo adaptativo implica tomar decisiones r\u00e1pidas, gestionar la incertidumbre y motivar al equipo hacia la consecuci\u00f3n de objetivos en constante evoluci\u00f3n.<\/li>\n<li><strong>Negociaci\u00f3n (p.40):<\/strong> La habilidad de negociar efectivamente se extiende m\u00e1s all\u00e1 de los contratos y los acuerdos comerciales. Implica entender las necesidades de todas las partes, buscar soluciones ganar-ganar y mantener relaciones s\u00f3lidas y duraderas.<\/li>\n<li><strong>Gesti\u00f3n del Cambio (p.48):<\/strong> Manejar el cambio de manera efectiva es crucial para las organizaciones que buscan permanecer relevantes. Involucra comunicar claramente las visiones del cambio, gestionar las resistencias y asegurar que el equipo se adapte a nuevas estrategias y procesos.<\/li>\n<li><strong>Resoluci\u00f3n de Conflictos (p.53):<\/strong> Resolver conflictos de manera constructiva es vital para mantener un ambiente de trabajo positivo. Esto incluye identificar las causas subyacentes del conflicto, facilitar el di\u00e1logo entre las partes involucradas y encontrar una soluci\u00f3n que todos acepten.<\/li>\n<li><strong>Inteligencia Emocional (p.57):<\/strong> La inteligencia emocional permite a los profesionales manejar mejor sus propias emociones y las de los dem\u00e1s, lo cual es fundamental para liderar equipos, manejar el estr\u00e9s y tomar decisiones prudentes bajo presi\u00f3n.<\/li>\n<li><strong>Capacidad de Motivaci\u00f3n (p.61):<\/strong> Inspirar y motivar a los empleados es crucial para impulsar el rendimiento y alcanzar metas. Esto puede lograrse mediante el reconocimiento de logros, la creaci\u00f3n de un entorno de trabajo positivo y el fomento del desarrollo profesional continuo.<\/li>\n<li><strong>Adaptabilidad (p.65):<\/strong> En un mundo laboral que cambia r\u00e1pidamente, la capacidad de adaptarse r\u00e1pidamente a nuevas tecnolog\u00edas y m\u00e9todos de trabajo es m\u00e1s importante que nunca. Esto incluye aprender nuevas habilidades r\u00e1pidamente y estar dispuesto a modificar los enfoques cuando las situaciones lo requieran.<\/li>\n<\/ul>\n<p>&nbsp;<\/p>\n<p><strong>Tendencias regionales en habilidades<\/strong><\/p>\n<ul>\n<li><strong>Am\u00e9rica del Norte:<\/strong> Integraci\u00f3n de tecnolog\u00edas emergentes en el entrenamiento corporativo, con un fuerte enfoque en la IA generativa (Informe Global de Habilidades 2024, p.51).<\/li>\n<\/ul>\n<ul>\n<li><strong>Am\u00e9rica Latina y el Caribe:<\/strong> Foco en habilidades digitales b\u00e1sicas y avanzadas, impulsadas por un aumento en la inscripci\u00f3n a cursos de tecnolog\u00eda (Informe Global de Habilidades 2024, p.35).<\/li>\n<\/ul>\n<ul>\n<li><strong>Asia-Pac\u00edfico:<\/strong> Liderazgo en la adopci\u00f3n de tecnolog\u00edas avanzadas y cursos de IA, mostrando un compromiso con la innovaci\u00f3n tecnol\u00f3gica (Informe Global de Habilidades 2024, p.16).<\/li>\n<\/ul>\n<ul>\n<li><strong>Europa<\/strong>: Alta competencia en habilidades digitales y ciberseguridad, con programas espec\u00edficos para fortalecer la infraestructura de seguridad digital (Informe Global de Habilidades 2024, p.26).<\/li>\n<\/ul>\n<ul>\n<li><strong>\u00c1frica Subsahariana<\/strong>: \u00c9nfasis en habilidades empresariales para fomentar el desarrollo econ\u00f3mico, a pesar de los retos estructurales (Informe Global de Habilidades 2024, p.57).<\/li>\n<\/ul>\n<p>&nbsp;<\/p>\n<p><strong>Conclusi\u00f3n<\/strong><\/p>\n<p>Las tendencias destacadas en el Informe Global de Habilidades 2024 de Coursera son esenciales para anticipar y adaptarse a las exigencias del mercado laboral del ma\u00f1ana. La inversi\u00f3n en habilidades digitales y tecnol\u00f3gicas se vuelve cr\u00edtica, no solo para los individuos sino tambi\u00e9n para las organizaciones que buscan mantener su competitividad.<\/p>\n<p>Quieres saber m\u00e1s, explora el <a href=\"mailto:https:\/\/www.coursera.org\/skills-reports\/global\/pdf\/gsr-2024\" target=\"_blank\" rel=\"noopener\">Informe Global de Habilidades 2024 de Coursera<\/a> para obtener una comprensi\u00f3n m\u00e1s profunda de estas tendencias.<\/p>\n<p>Aplicar estos conocimientos puede ser el primer paso hacia un futuro m\u00e1s exitoso y competente en tu campo profesional.<\/p>\n<p>En Proyectum ayudamos a nuestros clientes (individuos y corporativos) a alcanzar su m\u00e1ximo potencial. Para ello, contamos con un amplio cat\u00e1logo de programas educativos abiertos al mercado y tambi\u00e9n in-Company, si te interesa saber m\u00e1s, por favor contacta a tu oficina local, en donde con gusto te dar\u00e1n mayores informes.<\/p>\n","protected":false},"excerpt":{"rendered":"<p>Curado por Jorge Vald\u00e9s Garciatorres, MDO, PMP \u201cLa \u00fanica y verdadera fuente de ventaja competitiva sostenible es desarrollar la capacidad de aprender\u00a0m\u00e1s r\u00e1pido que tu competencia\u201d &#8211; Adaptado de Peter Senge &nbsp; &nbsp; En un mercado laboral que evoluciona r\u00e1pidamente, mantenerte actualizado es tu fuente de ventaja competitiva. Coursera reci\u00e9n p\u00fablico su Informe Global de [&hellip;]<\/p>\n","protected":false},"author":26,"featured_media":10722,"comment_status":"closed","ping_status":"closed","sticky":false,"template":"","format":"standard","meta":{"_acf_changed":false,"footnotes":""},"categories":[217],"tags":[1269,348,339,3906,3908],"class_list":["post-10720","post","type-post","status-publish","format-standard","has-post-thumbnail","hentry","category-innovacion","tag-empleos","tag-habilidades-blandas","tag-habilidades-interpersonales","tag-mercado-laboral","tag-tendencias"],"acf":[],"yoast_head":"<!-- This site is optimized with the Yoast SEO plugin v24.4 - https:\/\/yoast.com\/wordpress\/plugins\/seo\/ -->\n<title>\u00bfEst\u00e1s Preparado para el Futuro del Trabajo? Descubre las tendencias del mercado laboral - Proyectum Chile<\/title>\n<meta name=\"robots\" content=\"index, follow, max-snippet:-1, max-image-preview:large, max-video-preview:-1\" \/>\n<link rel=\"canonical\" href=\"https:\/\/proyectum.com\/cl\/estas-preparado-para-el-futuro-del-trabajo-descubre-las-tendencias-del-mercado-laboral\/\" \/>\n<meta property=\"og:locale\" content=\"es_ES\" \/>\n<meta property=\"og:type\" content=\"article\" \/>\n<meta property=\"og:title\" content=\"\u00bfEst\u00e1s Preparado para el Futuro del Trabajo? Descubre las tendencias del mercado laboral - Proyectum Chile\" \/>\n<meta property=\"og:description\" content=\"Curado por Jorge Vald\u00e9s Garciatorres, MDO, PMP \u201cLa \u00fanica y verdadera fuente de ventaja competitiva sostenible es desarrollar la capacidad de aprender\u00a0m\u00e1s r\u00e1pido que tu competencia\u201d &#8211; Adaptado de Peter Senge &nbsp; &nbsp; En un mercado laboral que evoluciona r\u00e1pidamente, mantenerte actualizado es tu fuente de ventaja competitiva. Coursera reci\u00e9n p\u00fablico su Informe Global de [&hellip;]\" \/>\n<meta property=\"og:url\" content=\"https:\/\/proyectum.com\/cl\/estas-preparado-para-el-futuro-del-trabajo-descubre-las-tendencias-del-mercado-laboral\/\" \/>\n<meta property=\"og:site_name\" content=\"Proyectum Chile\" \/>\n<meta property=\"article:publisher\" content=\"https:\/\/www.facebook.com\/proyectumchile\/\" \/>\n<meta property=\"article:published_time\" content=\"2024-08-05T19:55:01+00:00\" \/>\n<meta property=\"og:image\" content=\"https:\/\/proyectum.com\/cl\/wp-content\/uploads\/2024\/08\/Captura-de-pantalla-2024-08-05-135207.png\" \/>\n\t<meta property=\"og:image:width\" content=\"937\" \/>\n\t<meta property=\"og:image:height\" content=\"620\" \/>\n\t<meta property=\"og:image:type\" content=\"image\/png\" \/>\n<meta name=\"author\" content=\"Proyectum 2025\" \/>\n<meta name=\"twitter:card\" content=\"summary_large_image\" \/>\n<meta name=\"twitter:label1\" content=\"Escrito por\" \/>\n\t<meta name=\"twitter:data1\" content=\"Proyectum 2025\" \/>\n\t<meta name=\"twitter:label2\" content=\"Tiempo de lectura\" \/>\n\t<meta name=\"twitter:data2\" content=\"7 minutos\" \/>\n<script type=\"application\/ld+json\" class=\"yoast-schema-graph\">{\"@context\":\"https:\/\/schema.org\",\"@graph\":[{\"@type\":\"Article\",\"@id\":\"https:\/\/proyectum.com\/cl\/estas-preparado-para-el-futuro-del-trabajo-descubre-las-tendencias-del-mercado-laboral\/#article\",\"isPartOf\":{\"@id\":\"https:\/\/proyectum.com\/cl\/estas-preparado-para-el-futuro-del-trabajo-descubre-las-tendencias-del-mercado-laboral\/\"},\"author\":{\"name\":\"Proyectum 2025\",\"@id\":\"https:\/\/proyectum.com\/cl\/#\/schema\/person\/7d5caa4386a11be650af177d3f2e5aee\"},\"headline\":\"\u00bfEst\u00e1s Preparado para el Futuro del Trabajo? Descubre las tendencias del mercado laboral\",\"datePublished\":\"2024-08-05T19:55:01+00:00\",\"mainEntityOfPage\":{\"@id\":\"https:\/\/proyectum.com\/cl\/estas-preparado-para-el-futuro-del-trabajo-descubre-las-tendencias-del-mercado-laboral\/\"},\"wordCount\":1477,\"publisher\":{\"@id\":\"https:\/\/proyectum.com\/cl\/#organization\"},\"image\":{\"@id\":\"https:\/\/proyectum.com\/cl\/estas-preparado-para-el-futuro-del-trabajo-descubre-las-tendencias-del-mercado-laboral\/#primaryimage\"},\"thumbnailUrl\":\"https:\/\/proyectum.com\/cl\/wp-content\/uploads\/2024\/08\/Captura-de-pantalla-2024-08-05-135207.png\",\"keywords\":[\"empleos\",\"habilidades blandas\",\"habilidades interpersonales\",\"Mercado Laboral\",\"Tendencias\"],\"articleSection\":[\"Innovaci\u00f3n\"],\"inLanguage\":\"es\"},{\"@type\":\"WebPage\",\"@id\":\"https:\/\/proyectum.com\/cl\/estas-preparado-para-el-futuro-del-trabajo-descubre-las-tendencias-del-mercado-laboral\/\",\"url\":\"https:\/\/proyectum.com\/cl\/estas-preparado-para-el-futuro-del-trabajo-descubre-las-tendencias-del-mercado-laboral\/\",\"name\":\"\u00bfEst\u00e1s Preparado para el Futuro del Trabajo? Descubre las tendencias del mercado laboral - Proyectum Chile\",\"isPartOf\":{\"@id\":\"https:\/\/proyectum.com\/cl\/#website\"},\"primaryImageOfPage\":{\"@id\":\"https:\/\/proyectum.com\/cl\/estas-preparado-para-el-futuro-del-trabajo-descubre-las-tendencias-del-mercado-laboral\/#primaryimage\"},\"image\":{\"@id\":\"https:\/\/proyectum.com\/cl\/estas-preparado-para-el-futuro-del-trabajo-descubre-las-tendencias-del-mercado-laboral\/#primaryimage\"},\"thumbnailUrl\":\"https:\/\/proyectum.com\/cl\/wp-content\/uploads\/2024\/08\/Captura-de-pantalla-2024-08-05-135207.png\",\"datePublished\":\"2024-08-05T19:55:01+00:00\",\"breadcrumb\":{\"@id\":\"https:\/\/proyectum.com\/cl\/estas-preparado-para-el-futuro-del-trabajo-descubre-las-tendencias-del-mercado-laboral\/#breadcrumb\"},\"inLanguage\":\"es\",\"potentialAction\":[{\"@type\":\"ReadAction\",\"target\":[\"https:\/\/proyectum.com\/cl\/estas-preparado-para-el-futuro-del-trabajo-descubre-las-tendencias-del-mercado-laboral\/\"]}]},{\"@type\":\"ImageObject\",\"inLanguage\":\"es\",\"@id\":\"https:\/\/proyectum.com\/cl\/estas-preparado-para-el-futuro-del-trabajo-descubre-las-tendencias-del-mercado-laboral\/#primaryimage\",\"url\":\"https:\/\/proyectum.com\/cl\/wp-content\/uploads\/2024\/08\/Captura-de-pantalla-2024-08-05-135207.png\",\"contentUrl\":\"https:\/\/proyectum.com\/cl\/wp-content\/uploads\/2024\/08\/Captura-de-pantalla-2024-08-05-135207.png\",\"width\":937,\"height\":620,\"caption\":\"tendencias del mercado laboral\"},{\"@type\":\"BreadcrumbList\",\"@id\":\"https:\/\/proyectum.com\/cl\/estas-preparado-para-el-futuro-del-trabajo-descubre-las-tendencias-del-mercado-laboral\/#breadcrumb\",\"itemListElement\":[{\"@type\":\"ListItem\",\"position\":1,\"name\":\"Home\",\"item\":\"https:\/\/proyectum.com\/cl\/\"},{\"@type\":\"ListItem\",\"position\":2,\"name\":\"\u00bfEst\u00e1s Preparado para el Futuro del Trabajo? Descubre las tendencias del mercado laboral\"}]},{\"@type\":\"WebSite\",\"@id\":\"https:\/\/proyectum.com\/cl\/#website\",\"url\":\"https:\/\/proyectum.com\/cl\/\",\"name\":\"Proyectum Chile\",\"description\":\"Direcci\u00f3n de Proyectos y Metodolog\u00edas \u00c1giles\",\"publisher\":{\"@id\":\"https:\/\/proyectum.com\/cl\/#organization\"},\"potentialAction\":[{\"@type\":\"SearchAction\",\"target\":{\"@type\":\"EntryPoint\",\"urlTemplate\":\"https:\/\/proyectum.com\/cl\/?s={search_term_string}\"},\"query-input\":{\"@type\":\"PropertyValueSpecification\",\"valueRequired\":true,\"valueName\":\"search_term_string\"}}],\"inLanguage\":\"es\"},{\"@type\":\"Organization\",\"@id\":\"https:\/\/proyectum.com\/cl\/#organization\",\"name\":\"Proyectum Chile\",\"url\":\"https:\/\/proyectum.com\/cl\/\",\"logo\":{\"@type\":\"ImageObject\",\"inLanguage\":\"es\",\"@id\":\"https:\/\/proyectum.com\/cl\/#\/schema\/logo\/image\/\",\"url\":\"https:\/\/proyectum.com\/cl\/wp-content\/uploads\/2020\/04\/proyectum-logo-snippet.png\",\"contentUrl\":\"https:\/\/proyectum.com\/cl\/wp-content\/uploads\/2020\/04\/proyectum-logo-snippet.png\",\"width\":600,\"height\":315,\"caption\":\"Proyectum Chile\"},\"image\":{\"@id\":\"https:\/\/proyectum.com\/cl\/#\/schema\/logo\/image\/\"},\"sameAs\":[\"https:\/\/www.facebook.com\/proyectumchile\/\",\"https:\/\/www.linkedin.com\/company\/proyectum-cl\/\",\"https:\/\/www.instagram.com\/proyectumchile\/\",\"https:\/\/www.youtube.com\/@proyectum2283\/videos\"]},{\"@type\":\"Person\",\"@id\":\"https:\/\/proyectum.com\/cl\/#\/schema\/person\/7d5caa4386a11be650af177d3f2e5aee\",\"name\":\"Proyectum 2025\",\"image\":{\"@type\":\"ImageObject\",\"inLanguage\":\"es\",\"@id\":\"https:\/\/proyectum.com\/cl\/#\/schema\/person\/image\/\",\"url\":\"https:\/\/secure.gravatar.com\/avatar\/df82793fddd8f0a5a84fdb27d958bf73?s=96&d=mm&r=g\",\"contentUrl\":\"https:\/\/secure.gravatar.com\/avatar\/df82793fddd8f0a5a84fdb27d958bf73?s=96&d=mm&r=g\",\"caption\":\"Proyectum 2025\"}}]}<\/script>\n<!-- \/ Yoast SEO plugin. -->","yoast_head_json":{"title":"\u00bfEst\u00e1s Preparado para el Futuro del Trabajo? Descubre las tendencias del mercado laboral - Proyectum Chile","robots":{"index":"index","follow":"follow","max-snippet":"max-snippet:-1","max-image-preview":"max-image-preview:large","max-video-preview":"max-video-preview:-1"},"canonical":"https:\/\/proyectum.com\/cl\/estas-preparado-para-el-futuro-del-trabajo-descubre-las-tendencias-del-mercado-laboral\/","og_locale":"es_ES","og_type":"article","og_title":"\u00bfEst\u00e1s Preparado para el Futuro del Trabajo? Descubre las tendencias del mercado laboral - Proyectum Chile","og_description":"Curado por Jorge Vald\u00e9s Garciatorres, MDO, PMP \u201cLa \u00fanica y verdadera fuente de ventaja competitiva sostenible es desarrollar la capacidad de aprender\u00a0m\u00e1s r\u00e1pido que tu competencia\u201d &#8211; Adaptado de Peter Senge &nbsp; &nbsp; En un mercado laboral que evoluciona r\u00e1pidamente, mantenerte actualizado es tu fuente de ventaja competitiva. Coursera reci\u00e9n p\u00fablico su Informe Global de [&hellip;]","og_url":"https:\/\/proyectum.com\/cl\/estas-preparado-para-el-futuro-del-trabajo-descubre-las-tendencias-del-mercado-laboral\/","og_site_name":"Proyectum Chile","article_publisher":"https:\/\/www.facebook.com\/proyectumchile\/","article_published_time":"2024-08-05T19:55:01+00:00","og_image":[{"width":937,"height":620,"url":"https:\/\/proyectum.com\/cl\/wp-content\/uploads\/2024\/08\/Captura-de-pantalla-2024-08-05-135207.png","type":"image\/png"}],"author":"Proyectum 2025","twitter_card":"summary_large_image","twitter_misc":{"Escrito por":"Proyectum 2025","Tiempo de lectura":"7 minutos"},"schema":{"@context":"https:\/\/schema.org","@graph":[{"@type":"Article","@id":"https:\/\/proyectum.com\/cl\/estas-preparado-para-el-futuro-del-trabajo-descubre-las-tendencias-del-mercado-laboral\/#article","isPartOf":{"@id":"https:\/\/proyectum.com\/cl\/estas-preparado-para-el-futuro-del-trabajo-descubre-las-tendencias-del-mercado-laboral\/"},"author":{"name":"Proyectum 2025","@id":"https:\/\/proyectum.com\/cl\/#\/schema\/person\/7d5caa4386a11be650af177d3f2e5aee"},"headline":"\u00bfEst\u00e1s Preparado para el Futuro del Trabajo? Descubre las tendencias del mercado laboral","datePublished":"2024-08-05T19:55:01+00:00","mainEntityOfPage":{"@id":"https:\/\/proyectum.com\/cl\/estas-preparado-para-el-futuro-del-trabajo-descubre-las-tendencias-del-mercado-laboral\/"},"wordCount":1477,"publisher":{"@id":"https:\/\/proyectum.com\/cl\/#organization"},"image":{"@id":"https:\/\/proyectum.com\/cl\/estas-preparado-para-el-futuro-del-trabajo-descubre-las-tendencias-del-mercado-laboral\/#primaryimage"},"thumbnailUrl":"https:\/\/proyectum.com\/cl\/wp-content\/uploads\/2024\/08\/Captura-de-pantalla-2024-08-05-135207.png","keywords":["empleos","habilidades blandas","habilidades interpersonales","Mercado Laboral","Tendencias"],"articleSection":["Innovaci\u00f3n"],"inLanguage":"es"},{"@type":"WebPage","@id":"https:\/\/proyectum.com\/cl\/estas-preparado-para-el-futuro-del-trabajo-descubre-las-tendencias-del-mercado-laboral\/","url":"https:\/\/proyectum.com\/cl\/estas-preparado-para-el-futuro-del-trabajo-descubre-las-tendencias-del-mercado-laboral\/","name":"\u00bfEst\u00e1s Preparado para el Futuro del Trabajo? Descubre las tendencias del mercado laboral - Proyectum Chile","isPartOf":{"@id":"https:\/\/proyectum.com\/cl\/#website"},"primaryImageOfPage":{"@id":"https:\/\/proyectum.com\/cl\/estas-preparado-para-el-futuro-del-trabajo-descubre-las-tendencias-del-mercado-laboral\/#primaryimage"},"image":{"@id":"https:\/\/proyectum.com\/cl\/estas-preparado-para-el-futuro-del-trabajo-descubre-las-tendencias-del-mercado-laboral\/#primaryimage"},"thumbnailUrl":"https:\/\/proyectum.com\/cl\/wp-content\/uploads\/2024\/08\/Captura-de-pantalla-2024-08-05-135207.png","datePublished":"2024-08-05T19:55:01+00:00","breadcrumb":{"@id":"https:\/\/proyectum.com\/cl\/estas-preparado-para-el-futuro-del-trabajo-descubre-las-tendencias-del-mercado-laboral\/#breadcrumb"},"inLanguage":"es","potentialAction":[{"@type":"ReadAction","target":["https:\/\/proyectum.com\/cl\/estas-preparado-para-el-futuro-del-trabajo-descubre-las-tendencias-del-mercado-laboral\/"]}]},{"@type":"ImageObject","inLanguage":"es","@id":"https:\/\/proyectum.com\/cl\/estas-preparado-para-el-futuro-del-trabajo-descubre-las-tendencias-del-mercado-laboral\/#primaryimage","url":"https:\/\/proyectum.com\/cl\/wp-content\/uploads\/2024\/08\/Captura-de-pantalla-2024-08-05-135207.png","contentUrl":"https:\/\/proyectum.com\/cl\/wp-content\/uploads\/2024\/08\/Captura-de-pantalla-2024-08-05-135207.png","width":937,"height":620,"caption":"tendencias del mercado laboral"},{"@type":"BreadcrumbList","@id":"https:\/\/proyectum.com\/cl\/estas-preparado-para-el-futuro-del-trabajo-descubre-las-tendencias-del-mercado-laboral\/#breadcrumb","itemListElement":[{"@type":"ListItem","position":1,"name":"Home","item":"https:\/\/proyectum.com\/cl\/"},{"@type":"ListItem","position":2,"name":"\u00bfEst\u00e1s Preparado para el Futuro del Trabajo? Descubre las tendencias del mercado laboral"}]},{"@type":"WebSite","@id":"https:\/\/proyectum.com\/cl\/#website","url":"https:\/\/proyectum.com\/cl\/","name":"Proyectum Chile","description":"Direcci\u00f3n de Proyectos y Metodolog\u00edas \u00c1giles","publisher":{"@id":"https:\/\/proyectum.com\/cl\/#organization"},"potentialAction":[{"@type":"SearchAction","target":{"@type":"EntryPoint","urlTemplate":"https:\/\/proyectum.com\/cl\/?s={search_term_string}"},"query-input":{"@type":"PropertyValueSpecification","valueRequired":true,"valueName":"search_term_string"}}],"inLanguage":"es"},{"@type":"Organization","@id":"https:\/\/proyectum.com\/cl\/#organization","name":"Proyectum Chile","url":"https:\/\/proyectum.com\/cl\/","logo":{"@type":"ImageObject","inLanguage":"es","@id":"https:\/\/proyectum.com\/cl\/#\/schema\/logo\/image\/","url":"https:\/\/proyectum.com\/cl\/wp-content\/uploads\/2020\/04\/proyectum-logo-snippet.png","contentUrl":"https:\/\/proyectum.com\/cl\/wp-content\/uploads\/2020\/04\/proyectum-logo-snippet.png","width":600,"height":315,"caption":"Proyectum Chile"},"image":{"@id":"https:\/\/proyectum.com\/cl\/#\/schema\/logo\/image\/"},"sameAs":["https:\/\/www.facebook.com\/proyectumchile\/","https:\/\/www.linkedin.com\/company\/proyectum-cl\/","https:\/\/www.instagram.com\/proyectumchile\/","https:\/\/www.youtube.com\/@proyectum2283\/videos"]},{"@type":"Person","@id":"https:\/\/proyectum.com\/cl\/#\/schema\/person\/7d5caa4386a11be650af177d3f2e5aee","name":"Proyectum 2025","image":{"@type":"ImageObject","inLanguage":"es","@id":"https:\/\/proyectum.com\/cl\/#\/schema\/person\/image\/","url":"https:\/\/secure.gravatar.com\/avatar\/df82793fddd8f0a5a84fdb27d958bf73?s=96&d=mm&r=g","contentUrl":"https:\/\/secure.gravatar.com\/avatar\/df82793fddd8f0a5a84fdb27d958bf73?s=96&d=mm&r=g","caption":"Proyectum 2025"}}]}},"_links":{"self":[{"href":"https:\/\/proyectum.com\/cl\/wp-json\/wp\/v2\/posts\/10720","targetHints":{"allow":["GET"]}}],"collection":[{"href":"https:\/\/proyectum.com\/cl\/wp-json\/wp\/v2\/posts"}],"about":[{"href":"https:\/\/proyectum.com\/cl\/wp-json\/wp\/v2\/types\/post"}],"author":[{"embeddable":true,"href":"https:\/\/proyectum.com\/cl\/wp-json\/wp\/v2\/users\/26"}],"replies":[{"embeddable":true,"href":"https:\/\/proyectum.com\/cl\/wp-json\/wp\/v2\/comments?post=10720"}],"version-history":[{"count":0,"href":"https:\/\/proyectum.com\/cl\/wp-json\/wp\/v2\/posts\/10720\/revisions"}],"wp:featuredmedia":[{"embeddable":true,"href":"https:\/\/proyectum.com\/cl\/wp-json\/wp\/v2\/media\/10722"}],"wp:attachment":[{"href":"https:\/\/proyectum.com\/cl\/wp-json\/wp\/v2\/media?parent=10720"}],"wp:term":[{"taxonomy":"category","embeddable":true,"href":"https:\/\/proyectum.com\/cl\/wp-json\/wp\/v2\/categories?post=10720"},{"taxonomy":"post_tag","embeddable":true,"href":"https:\/\/proyectum.com\/cl\/wp-json\/wp\/v2\/tags?post=10720"}],"curies":[{"name":"wp","href":"https:\/\/api.w.org\/{rel}","templated":true}]}}