{"id":10783,"date":"2024-09-26T15:03:52","date_gmt":"2024-09-26T18:03:52","guid":{"rendered":"https:\/\/proyectum.com\/sistema\/?p=10783"},"modified":"2024-09-26T15:03:52","modified_gmt":"2024-09-26T18:03:52","slug":"un-sueno-en-mexico-que-esta-alcando-1000-representaciones-una-breve-historia-de-como-alcanzamos-un-importante-hito-como-organizacion","status":"publish","type":"post","link":"https:\/\/proyectum.com\/cl\/un-sueno-en-mexico-que-esta-alcando-1000-representaciones-una-breve-historia-de-como-alcanzamos-un-importante-hito-como-organizacion\/","title":{"rendered":"Un sue\u00f1o en M\u00e9xico que est\u00e1 alcanzando1000 representaciones. Una breve historia de c\u00f3mo logramos un importante hito como organizaci\u00f3n"},"content":{"rendered":"<p style=\"text-align: right;\">Por: Jorge Vald\u00e9s Garciatorres, MDO, PMP<\/p>\n<p style=\"text-align: right;\"><em>\u201cTrata de alcanzar la luna,<\/em><\/p>\n<p style=\"text-align: right;\"><em>porque aun si fallas,<\/em><\/p>\n<p style=\"text-align: right;\"><em>aterrizar\u00e1s en las estrellas\u201d<\/em><\/p>\n<p style=\"text-align: right;\"><strong>Les Brown<\/strong><\/p>\n<p>&nbsp;<\/p>\n<p>Desde hace alg\u00fan tiempo, hab\u00eda estado pensando que mi ciclo en la empresa en la que hab\u00eda estado trabajando por m\u00e1s de 20 a\u00f1os estaba llegando a su fin. A finales del siglo pasado, empec\u00e9 m\u00e1s activamente a pensar qu\u00e9 pod\u00eda hacer, ya fuera en otra empresa o bien por mi cuenta. En 2001 por fin me decid\u00ed e inici\u00e9 el proyecto personal, familiar y profesional de lanzar una empresa.<\/p>\n<p>As\u00ed, me asoci\u00e9 con una empresa de Estados Unidos y por 6 a\u00f1os hice productivas mis madrugadas, creando la p\u00e1gina web, definiendo el modelo de negocio, traduciendo y estudiando los productos en fin prepar\u00e1ndolo todo para dar el gran salto.<\/p>\n<p>Antes de constituir la empresa, tuve la oprtunidad de probar, pues una organizaci\u00f3n nos contrat\u00f3 en 2005 para ofrecer nuestro primer PMP Prep. As\u00ed, pidiendo d\u00edas de vacaciones y con la ayuda de dos queridos colegas, empezamos la aventura. Fue una experiencia religiosa. Extasis, poder compartir nuestra pasi\u00f3n y que nos pagar\u00e1n por ello. Quiz\u00e1s eso fue lo que me dio el empuj\u00f3n final para lanzarme de lleno y dos a\u00f1os m\u00e1s tarde, por fin dejar mi empleo en una empresa a la que quiero mucho y formalizar la empresa.<\/p>\n<p>En 2007 abrimos nuestros primeros grupos, en una sala modesta en el coraz\u00f3n de la Ciudad de M\u00e9xico, nuestro sue\u00f1o segu\u00eda avanzando. Con pasi\u00f3n y dedicaci\u00f3n, lanzamos nuestra primera campa\u00f1a para el programa de certificaci\u00f3n PMP\u00ae Prep (Project Management Professional), convencidos de que est\u00e1bamos plantando la semilla para algo grande.<\/p>\n<p>Aquellas primeras cohortes estaban compuestas, como hasta ahora, \u00a0por grupos diversos de profesionales, todos compartiendo el anhelo de mejorar y llevar la direcci\u00f3n de proyectos en M\u00e9xico a un nuevo nivel.<\/p>\n<p>Los desaf\u00edos iniciales no fueron pocos. En un entorno donde la certificaci\u00f3n PMP\u00ae a\u00fan no era tan reconocida en M\u00e9xico, nos enfrentamos a la tarea de transmitir, no solo a los profesionales, sino tambi\u00e9n a las organizaciones sobre la importancia de adoptar est\u00e1ndares internacionales en direcci\u00f3n de proyectos. Sin embargo, el entusiasmo y la convicci\u00f3n nos impulsaron a seguir adelante.<\/p>\n<p>Entonces en 2008 nos contact\u00f3 Javier Gonz\u00e1lez Fulle, de Chile, intersado en abrir una oficina en su pa\u00eds. Nos contrato dos cursos PMP\u00ae Prep para alrededor de 40 profesionales, turno matutino y vespertino, dos semanas. Tengo grat\u00edsimos recuerdos y amigos entra\u00f1ables de nuestra visita al lindo pa\u00eds de Chile y su hermosa gente.<\/p>\n<p>As\u00ed, comenzamos a atraer a profesionales de pa\u00edses vecinos, no solo nos expandimos geogr\u00e1ficamente, abriendo oficinas en Ecuador, Guatemala, Costa Rica, Rep\u00fablica Dominicana, Panam\u00e1, El Salvador, Colombia, Per\u00fa, Honduras, sino que tambi\u00e9n nos hemos convertido en un referente en Latinoam\u00e9rica.<\/p>\n<p>A medida que avanzaban los a\u00f1os, nuestro programa comenz\u00f3 a ganar reconocimiento. Cada nuevo grupo tra\u00eda consigo muchas historias de sacrificio de nuestros alumnos, en la clase nos contaban sus frustraciones y tambi\u00e9n sus \u00e9xitos, nos enterabamos de proyectos innovadores y de impactos tangibles en sus respectivas industrias. Las recomendaciones de boca en boca y los resultados visibles impulsaron un crecimiento constante.<\/p>\n<p>Hoy, despu\u00e9s de 23 a\u00f1os de acariciar una idea mientras me trasladaba al trabajo, \u00a0al alcanzar nuestro\u00a0<strong>grupo n\u00famero 1,000<\/strong>, miramos atr\u00e1s con orgullo y gratitud. Cada uno de estos grupos representa m\u00e1s que un n\u00famero; son miles de profesionales a los que hemos ayudado a dar un impulso a sus carreras y que han contribuido al desarrollo de sus organizaciones y comunidades. Hemos sido testigos de c\u00f3mo la direcci\u00f3n efectiva de proyectos puede impulsar el progreso y la innovaci\u00f3n en diversos sectores.<\/p>\n<p>Este hito no hubiera sido posible sin la confianza de nuestras oficinas locales, \u00a0nuestros alumnos y clientes corporativos, la dedicaci\u00f3n y pasi\u00f3n de nuestros instructores y el apoyo incondicional de nuestros equipos de soporte. Hemos evolucionado, incorporando las \u00faltimas tendencias y tecnolog\u00edas en nuestros programas, adapt\u00e1ndonos a los cambios y desaf\u00edos del mundo moderno.<\/p>\n<p>Mientras celebramos este logro, renovamos nuestro compromiso de seguir brindando formaci\u00f3n de clase mundial. Aspiramos a continuar siendo una plataforma donde los profesionales puedan crecer, compartir conocimientos y establecer conexiones significativas.<\/p>\n<p>A nuestros clientes y alumnos, pasados y presentes, les decimos: \u00a1Gracias! Ustedes son la raz\u00f3n por la que existimos y la motivaci\u00f3n para seguir adelante. Y a quienes est\u00e1n por unirse a este camino, les damos la m\u00e1s c\u00e1lida bienvenida. Juntos, seguiremos construyendo un legado de direcci\u00f3n efectiva de proyectos para beneficio de Latinoam\u00e9rica y del mundo.<\/p>\n<p><strong>\u00a1Por otros mil grupos m\u00e1s y el continuo crecimiento de la comunidad PMP\u00ae en nuestra regi\u00f3n!<\/strong><\/p>\n<p>&nbsp;<\/p>\n","protected":false},"excerpt":{"rendered":"<p>Por: Jorge Vald\u00e9s Garciatorres, MDO, PMP \u201cTrata de alcanzar la luna, porque aun si fallas, aterrizar\u00e1s en las estrellas\u201d Les Brown &nbsp; Desde hace alg\u00fan tiempo, hab\u00eda estado pensando que mi ciclo en la empresa en la que hab\u00eda estado trabajando por m\u00e1s de 20 a\u00f1os estaba llegando a su fin. A finales del siglo [&hellip;]<\/p>\n","protected":false},"author":26,"featured_media":10784,"comment_status":"closed","ping_status":"closed","sticky":false,"template":"","format":"standard","meta":{"_acf_changed":false,"footnotes":""},"categories":[232],"tags":[3921,3923,3924,3925,3926,227,370,3927],"class_list":["post-10783","post","type-post","status-publish","format-standard","has-post-thumbnail","hentry","category-reflexiones","tag-1000-cursos","tag-curso-1000","tag-historia-proyectum","tag-hito","tag-logros","tag-pmp","tag-proyectum","tag-proyectum-1000"],"acf":[],"yoast_head":"<!-- This site is optimized with the Yoast SEO plugin v24.4 - https:\/\/yoast.com\/wordpress\/plugins\/seo\/ -->\n<title>Un sue\u00f1o en M\u00e9xico que est\u00e1 alcanzando1000 representaciones. Una breve historia de c\u00f3mo logramos un importante hito como organizaci\u00f3n - Proyectum Chile<\/title>\n<meta name=\"robots\" content=\"index, follow, max-snippet:-1, max-image-preview:large, max-video-preview:-1\" \/>\n<link rel=\"canonical\" href=\"https:\/\/proyectum.com\/cl\/un-sueno-en-mexico-que-esta-alcando-1000-representaciones-una-breve-historia-de-como-alcanzamos-un-importante-hito-como-organizacion\/\" \/>\n<meta property=\"og:locale\" content=\"es_ES\" \/>\n<meta property=\"og:type\" content=\"article\" \/>\n<meta property=\"og:title\" content=\"Un sue\u00f1o en M\u00e9xico que est\u00e1 alcanzando1000 representaciones. Una breve historia de c\u00f3mo logramos un importante hito como organizaci\u00f3n - Proyectum Chile\" \/>\n<meta property=\"og:description\" content=\"Por: Jorge Vald\u00e9s Garciatorres, MDO, PMP \u201cTrata de alcanzar la luna, porque aun si fallas, aterrizar\u00e1s en las estrellas\u201d Les Brown &nbsp; Desde hace alg\u00fan tiempo, hab\u00eda estado pensando que mi ciclo en la empresa en la que hab\u00eda estado trabajando por m\u00e1s de 20 a\u00f1os estaba llegando a su fin. A finales del siglo [&hellip;]\" \/>\n<meta property=\"og:url\" content=\"https:\/\/proyectum.com\/cl\/un-sueno-en-mexico-que-esta-alcando-1000-representaciones-una-breve-historia-de-como-alcanzamos-un-importante-hito-como-organizacion\/\" \/>\n<meta property=\"og:site_name\" content=\"Proyectum Chile\" \/>\n<meta property=\"article:publisher\" content=\"https:\/\/www.facebook.com\/proyectumchile\/\" \/>\n<meta property=\"article:published_time\" content=\"2024-09-26T18:03:52+00:00\" \/>\n<meta property=\"og:image\" content=\"https:\/\/proyectum.com\/cl\/wp-content\/uploads\/2024\/09\/successful-happy-business-team-1-scaled-1.jpg\" \/>\n\t<meta property=\"og:image:width\" content=\"2560\" \/>\n\t<meta property=\"og:image:height\" content=\"1706\" \/>\n\t<meta property=\"og:image:type\" content=\"image\/jpeg\" \/>\n<meta name=\"author\" content=\"Proyectum 2025\" \/>\n<meta name=\"twitter:card\" content=\"summary_large_image\" \/>\n<meta name=\"twitter:label1\" content=\"Escrito por\" \/>\n\t<meta name=\"twitter:data1\" content=\"Proyectum 2025\" \/>\n\t<meta name=\"twitter:label2\" content=\"Tiempo de lectura\" \/>\n\t<meta name=\"twitter:data2\" content=\"4 minutos\" \/>\n<script type=\"application\/ld+json\" class=\"yoast-schema-graph\">{\"@context\":\"https:\/\/schema.org\",\"@graph\":[{\"@type\":\"Article\",\"@id\":\"https:\/\/proyectum.com\/cl\/un-sueno-en-mexico-que-esta-alcando-1000-representaciones-una-breve-historia-de-como-alcanzamos-un-importante-hito-como-organizacion\/#article\",\"isPartOf\":{\"@id\":\"https:\/\/proyectum.com\/cl\/un-sueno-en-mexico-que-esta-alcando-1000-representaciones-una-breve-historia-de-como-alcanzamos-un-importante-hito-como-organizacion\/\"},\"author\":{\"name\":\"Proyectum 2025\",\"@id\":\"https:\/\/proyectum.com\/cl\/#\/schema\/person\/7d5caa4386a11be650af177d3f2e5aee\"},\"headline\":\"Un sue\u00f1o en M\u00e9xico que est\u00e1 alcanzando1000 representaciones. Una breve historia de c\u00f3mo logramos un importante hito como organizaci\u00f3n\",\"datePublished\":\"2024-09-26T18:03:52+00:00\",\"mainEntityOfPage\":{\"@id\":\"https:\/\/proyectum.com\/cl\/un-sueno-en-mexico-que-esta-alcando-1000-representaciones-una-breve-historia-de-como-alcanzamos-un-importante-hito-como-organizacion\/\"},\"wordCount\":850,\"publisher\":{\"@id\":\"https:\/\/proyectum.com\/cl\/#organization\"},\"image\":{\"@id\":\"https:\/\/proyectum.com\/cl\/un-sueno-en-mexico-que-esta-alcando-1000-representaciones-una-breve-historia-de-como-alcanzamos-un-importante-hito-como-organizacion\/#primaryimage\"},\"thumbnailUrl\":\"https:\/\/proyectum.com\/cl\/wp-content\/uploads\/2024\/09\/successful-happy-business-team-1-scaled-1.jpg\",\"keywords\":[\"1000 cursos\",\"Curso 1000\",\"Historia Proyectum\",\"Hito\",\"Logros\",\"PMP\",\"Proyectum\",\"Proyectum 1000\"],\"articleSection\":[\"Reflexiones\"],\"inLanguage\":\"es\"},{\"@type\":\"WebPage\",\"@id\":\"https:\/\/proyectum.com\/cl\/un-sueno-en-mexico-que-esta-alcando-1000-representaciones-una-breve-historia-de-como-alcanzamos-un-importante-hito-como-organizacion\/\",\"url\":\"https:\/\/proyectum.com\/cl\/un-sueno-en-mexico-que-esta-alcando-1000-representaciones-una-breve-historia-de-como-alcanzamos-un-importante-hito-como-organizacion\/\",\"name\":\"Un sue\u00f1o en M\u00e9xico que est\u00e1 alcanzando1000 representaciones. Una breve historia de c\u00f3mo logramos un importante hito como organizaci\u00f3n - Proyectum Chile\",\"isPartOf\":{\"@id\":\"https:\/\/proyectum.com\/cl\/#website\"},\"primaryImageOfPage\":{\"@id\":\"https:\/\/proyectum.com\/cl\/un-sueno-en-mexico-que-esta-alcando-1000-representaciones-una-breve-historia-de-como-alcanzamos-un-importante-hito-como-organizacion\/#primaryimage\"},\"image\":{\"@id\":\"https:\/\/proyectum.com\/cl\/un-sueno-en-mexico-que-esta-alcando-1000-representaciones-una-breve-historia-de-como-alcanzamos-un-importante-hito-como-organizacion\/#primaryimage\"},\"thumbnailUrl\":\"https:\/\/proyectum.com\/cl\/wp-content\/uploads\/2024\/09\/successful-happy-business-team-1-scaled-1.jpg\",\"datePublished\":\"2024-09-26T18:03:52+00:00\",\"breadcrumb\":{\"@id\":\"https:\/\/proyectum.com\/cl\/un-sueno-en-mexico-que-esta-alcando-1000-representaciones-una-breve-historia-de-como-alcanzamos-un-importante-hito-como-organizacion\/#breadcrumb\"},\"inLanguage\":\"es\",\"potentialAction\":[{\"@type\":\"ReadAction\",\"target\":[\"https:\/\/proyectum.com\/cl\/un-sueno-en-mexico-que-esta-alcando-1000-representaciones-una-breve-historia-de-como-alcanzamos-un-importante-hito-como-organizacion\/\"]}]},{\"@type\":\"ImageObject\",\"inLanguage\":\"es\",\"@id\":\"https:\/\/proyectum.com\/cl\/un-sueno-en-mexico-que-esta-alcando-1000-representaciones-una-breve-historia-de-como-alcanzamos-un-importante-hito-como-organizacion\/#primaryimage\",\"url\":\"https:\/\/proyectum.com\/cl\/wp-content\/uploads\/2024\/09\/successful-happy-business-team-1-scaled-1.jpg\",\"contentUrl\":\"https:\/\/proyectum.com\/cl\/wp-content\/uploads\/2024\/09\/successful-happy-business-team-1-scaled-1.jpg\",\"width\":2560,\"height\":1706,\"caption\":\"Successful and happy business team\"},{\"@type\":\"BreadcrumbList\",\"@id\":\"https:\/\/proyectum.com\/cl\/un-sueno-en-mexico-que-esta-alcando-1000-representaciones-una-breve-historia-de-como-alcanzamos-un-importante-hito-como-organizacion\/#breadcrumb\",\"itemListElement\":[{\"@type\":\"ListItem\",\"position\":1,\"name\":\"Home\",\"item\":\"https:\/\/proyectum.com\/cl\/\"},{\"@type\":\"ListItem\",\"position\":2,\"name\":\"Un sue\u00f1o en M\u00e9xico que est\u00e1 alcanzando1000 representaciones. Una breve historia de c\u00f3mo logramos un importante hito como organizaci\u00f3n\"}]},{\"@type\":\"WebSite\",\"@id\":\"https:\/\/proyectum.com\/cl\/#website\",\"url\":\"https:\/\/proyectum.com\/cl\/\",\"name\":\"Proyectum Chile\",\"description\":\"Direcci\u00f3n de Proyectos y Metodolog\u00edas \u00c1giles\",\"publisher\":{\"@id\":\"https:\/\/proyectum.com\/cl\/#organization\"},\"potentialAction\":[{\"@type\":\"SearchAction\",\"target\":{\"@type\":\"EntryPoint\",\"urlTemplate\":\"https:\/\/proyectum.com\/cl\/?s={search_term_string}\"},\"query-input\":{\"@type\":\"PropertyValueSpecification\",\"valueRequired\":true,\"valueName\":\"search_term_string\"}}],\"inLanguage\":\"es\"},{\"@type\":\"Organization\",\"@id\":\"https:\/\/proyectum.com\/cl\/#organization\",\"name\":\"Proyectum Chile\",\"url\":\"https:\/\/proyectum.com\/cl\/\",\"logo\":{\"@type\":\"ImageObject\",\"inLanguage\":\"es\",\"@id\":\"https:\/\/proyectum.com\/cl\/#\/schema\/logo\/image\/\",\"url\":\"https:\/\/proyectum.com\/cl\/wp-content\/uploads\/2020\/04\/proyectum-logo-snippet.png\",\"contentUrl\":\"https:\/\/proyectum.com\/cl\/wp-content\/uploads\/2020\/04\/proyectum-logo-snippet.png\",\"width\":600,\"height\":315,\"caption\":\"Proyectum Chile\"},\"image\":{\"@id\":\"https:\/\/proyectum.com\/cl\/#\/schema\/logo\/image\/\"},\"sameAs\":[\"https:\/\/www.facebook.com\/proyectumchile\/\",\"https:\/\/www.linkedin.com\/company\/proyectum-cl\/\",\"https:\/\/www.instagram.com\/proyectumchile\/\",\"https:\/\/www.youtube.com\/@proyectum2283\/videos\"]},{\"@type\":\"Person\",\"@id\":\"https:\/\/proyectum.com\/cl\/#\/schema\/person\/7d5caa4386a11be650af177d3f2e5aee\",\"name\":\"Proyectum 2025\",\"image\":{\"@type\":\"ImageObject\",\"inLanguage\":\"es\",\"@id\":\"https:\/\/proyectum.com\/cl\/#\/schema\/person\/image\/\",\"url\":\"https:\/\/secure.gravatar.com\/avatar\/df82793fddd8f0a5a84fdb27d958bf73?s=96&d=mm&r=g\",\"contentUrl\":\"https:\/\/secure.gravatar.com\/avatar\/df82793fddd8f0a5a84fdb27d958bf73?s=96&d=mm&r=g\",\"caption\":\"Proyectum 2025\"}}]}<\/script>\n<!-- \/ Yoast SEO plugin. -->","yoast_head_json":{"title":"Un sue\u00f1o en M\u00e9xico que est\u00e1 alcanzando1000 representaciones. Una breve historia de c\u00f3mo logramos un importante hito como organizaci\u00f3n - Proyectum Chile","robots":{"index":"index","follow":"follow","max-snippet":"max-snippet:-1","max-image-preview":"max-image-preview:large","max-video-preview":"max-video-preview:-1"},"canonical":"https:\/\/proyectum.com\/cl\/un-sueno-en-mexico-que-esta-alcando-1000-representaciones-una-breve-historia-de-como-alcanzamos-un-importante-hito-como-organizacion\/","og_locale":"es_ES","og_type":"article","og_title":"Un sue\u00f1o en M\u00e9xico que est\u00e1 alcanzando1000 representaciones. Una breve historia de c\u00f3mo logramos un importante hito como organizaci\u00f3n - Proyectum Chile","og_description":"Por: Jorge Vald\u00e9s Garciatorres, MDO, PMP \u201cTrata de alcanzar la luna, porque aun si fallas, aterrizar\u00e1s en las estrellas\u201d Les Brown &nbsp; Desde hace alg\u00fan tiempo, hab\u00eda estado pensando que mi ciclo en la empresa en la que hab\u00eda estado trabajando por m\u00e1s de 20 a\u00f1os estaba llegando a su fin. A finales del siglo [&hellip;]","og_url":"https:\/\/proyectum.com\/cl\/un-sueno-en-mexico-que-esta-alcando-1000-representaciones-una-breve-historia-de-como-alcanzamos-un-importante-hito-como-organizacion\/","og_site_name":"Proyectum Chile","article_publisher":"https:\/\/www.facebook.com\/proyectumchile\/","article_published_time":"2024-09-26T18:03:52+00:00","og_image":[{"width":2560,"height":1706,"url":"https:\/\/proyectum.com\/cl\/wp-content\/uploads\/2024\/09\/successful-happy-business-team-1-scaled-1.jpg","type":"image\/jpeg"}],"author":"Proyectum 2025","twitter_card":"summary_large_image","twitter_misc":{"Escrito por":"Proyectum 2025","Tiempo de lectura":"4 minutos"},"schema":{"@context":"https:\/\/schema.org","@graph":[{"@type":"Article","@id":"https:\/\/proyectum.com\/cl\/un-sueno-en-mexico-que-esta-alcando-1000-representaciones-una-breve-historia-de-como-alcanzamos-un-importante-hito-como-organizacion\/#article","isPartOf":{"@id":"https:\/\/proyectum.com\/cl\/un-sueno-en-mexico-que-esta-alcando-1000-representaciones-una-breve-historia-de-como-alcanzamos-un-importante-hito-como-organizacion\/"},"author":{"name":"Proyectum 2025","@id":"https:\/\/proyectum.com\/cl\/#\/schema\/person\/7d5caa4386a11be650af177d3f2e5aee"},"headline":"Un sue\u00f1o en M\u00e9xico que est\u00e1 alcanzando1000 representaciones. Una breve historia de c\u00f3mo logramos un importante hito como organizaci\u00f3n","datePublished":"2024-09-26T18:03:52+00:00","mainEntityOfPage":{"@id":"https:\/\/proyectum.com\/cl\/un-sueno-en-mexico-que-esta-alcando-1000-representaciones-una-breve-historia-de-como-alcanzamos-un-importante-hito-como-organizacion\/"},"wordCount":850,"publisher":{"@id":"https:\/\/proyectum.com\/cl\/#organization"},"image":{"@id":"https:\/\/proyectum.com\/cl\/un-sueno-en-mexico-que-esta-alcando-1000-representaciones-una-breve-historia-de-como-alcanzamos-un-importante-hito-como-organizacion\/#primaryimage"},"thumbnailUrl":"https:\/\/proyectum.com\/cl\/wp-content\/uploads\/2024\/09\/successful-happy-business-team-1-scaled-1.jpg","keywords":["1000 cursos","Curso 1000","Historia Proyectum","Hito","Logros","PMP","Proyectum","Proyectum 1000"],"articleSection":["Reflexiones"],"inLanguage":"es"},{"@type":"WebPage","@id":"https:\/\/proyectum.com\/cl\/un-sueno-en-mexico-que-esta-alcando-1000-representaciones-una-breve-historia-de-como-alcanzamos-un-importante-hito-como-organizacion\/","url":"https:\/\/proyectum.com\/cl\/un-sueno-en-mexico-que-esta-alcando-1000-representaciones-una-breve-historia-de-como-alcanzamos-un-importante-hito-como-organizacion\/","name":"Un sue\u00f1o en M\u00e9xico que est\u00e1 alcanzando1000 representaciones. Una breve historia de c\u00f3mo logramos un importante hito como organizaci\u00f3n - Proyectum Chile","isPartOf":{"@id":"https:\/\/proyectum.com\/cl\/#website"},"primaryImageOfPage":{"@id":"https:\/\/proyectum.com\/cl\/un-sueno-en-mexico-que-esta-alcando-1000-representaciones-una-breve-historia-de-como-alcanzamos-un-importante-hito-como-organizacion\/#primaryimage"},"image":{"@id":"https:\/\/proyectum.com\/cl\/un-sueno-en-mexico-que-esta-alcando-1000-representaciones-una-breve-historia-de-como-alcanzamos-un-importante-hito-como-organizacion\/#primaryimage"},"thumbnailUrl":"https:\/\/proyectum.com\/cl\/wp-content\/uploads\/2024\/09\/successful-happy-business-team-1-scaled-1.jpg","datePublished":"2024-09-26T18:03:52+00:00","breadcrumb":{"@id":"https:\/\/proyectum.com\/cl\/un-sueno-en-mexico-que-esta-alcando-1000-representaciones-una-breve-historia-de-como-alcanzamos-un-importante-hito-como-organizacion\/#breadcrumb"},"inLanguage":"es","potentialAction":[{"@type":"ReadAction","target":["https:\/\/proyectum.com\/cl\/un-sueno-en-mexico-que-esta-alcando-1000-representaciones-una-breve-historia-de-como-alcanzamos-un-importante-hito-como-organizacion\/"]}]},{"@type":"ImageObject","inLanguage":"es","@id":"https:\/\/proyectum.com\/cl\/un-sueno-en-mexico-que-esta-alcando-1000-representaciones-una-breve-historia-de-como-alcanzamos-un-importante-hito-como-organizacion\/#primaryimage","url":"https:\/\/proyectum.com\/cl\/wp-content\/uploads\/2024\/09\/successful-happy-business-team-1-scaled-1.jpg","contentUrl":"https:\/\/proyectum.com\/cl\/wp-content\/uploads\/2024\/09\/successful-happy-business-team-1-scaled-1.jpg","width":2560,"height":1706,"caption":"Successful and happy business team"},{"@type":"BreadcrumbList","@id":"https:\/\/proyectum.com\/cl\/un-sueno-en-mexico-que-esta-alcando-1000-representaciones-una-breve-historia-de-como-alcanzamos-un-importante-hito-como-organizacion\/#breadcrumb","itemListElement":[{"@type":"ListItem","position":1,"name":"Home","item":"https:\/\/proyectum.com\/cl\/"},{"@type":"ListItem","position":2,"name":"Un sue\u00f1o en M\u00e9xico que est\u00e1 alcanzando1000 representaciones. Una breve historia de c\u00f3mo logramos un importante hito como organizaci\u00f3n"}]},{"@type":"WebSite","@id":"https:\/\/proyectum.com\/cl\/#website","url":"https:\/\/proyectum.com\/cl\/","name":"Proyectum Chile","description":"Direcci\u00f3n de Proyectos y Metodolog\u00edas \u00c1giles","publisher":{"@id":"https:\/\/proyectum.com\/cl\/#organization"},"potentialAction":[{"@type":"SearchAction","target":{"@type":"EntryPoint","urlTemplate":"https:\/\/proyectum.com\/cl\/?s={search_term_string}"},"query-input":{"@type":"PropertyValueSpecification","valueRequired":true,"valueName":"search_term_string"}}],"inLanguage":"es"},{"@type":"Organization","@id":"https:\/\/proyectum.com\/cl\/#organization","name":"Proyectum Chile","url":"https:\/\/proyectum.com\/cl\/","logo":{"@type":"ImageObject","inLanguage":"es","@id":"https:\/\/proyectum.com\/cl\/#\/schema\/logo\/image\/","url":"https:\/\/proyectum.com\/cl\/wp-content\/uploads\/2020\/04\/proyectum-logo-snippet.png","contentUrl":"https:\/\/proyectum.com\/cl\/wp-content\/uploads\/2020\/04\/proyectum-logo-snippet.png","width":600,"height":315,"caption":"Proyectum Chile"},"image":{"@id":"https:\/\/proyectum.com\/cl\/#\/schema\/logo\/image\/"},"sameAs":["https:\/\/www.facebook.com\/proyectumchile\/","https:\/\/www.linkedin.com\/company\/proyectum-cl\/","https:\/\/www.instagram.com\/proyectumchile\/","https:\/\/www.youtube.com\/@proyectum2283\/videos"]},{"@type":"Person","@id":"https:\/\/proyectum.com\/cl\/#\/schema\/person\/7d5caa4386a11be650af177d3f2e5aee","name":"Proyectum 2025","image":{"@type":"ImageObject","inLanguage":"es","@id":"https:\/\/proyectum.com\/cl\/#\/schema\/person\/image\/","url":"https:\/\/secure.gravatar.com\/avatar\/df82793fddd8f0a5a84fdb27d958bf73?s=96&d=mm&r=g","contentUrl":"https:\/\/secure.gravatar.com\/avatar\/df82793fddd8f0a5a84fdb27d958bf73?s=96&d=mm&r=g","caption":"Proyectum 2025"}}]}},"_links":{"self":[{"href":"https:\/\/proyectum.com\/cl\/wp-json\/wp\/v2\/posts\/10783","targetHints":{"allow":["GET"]}}],"collection":[{"href":"https:\/\/proyectum.com\/cl\/wp-json\/wp\/v2\/posts"}],"about":[{"href":"https:\/\/proyectum.com\/cl\/wp-json\/wp\/v2\/types\/post"}],"author":[{"embeddable":true,"href":"https:\/\/proyectum.com\/cl\/wp-json\/wp\/v2\/users\/26"}],"replies":[{"embeddable":true,"href":"https:\/\/proyectum.com\/cl\/wp-json\/wp\/v2\/comments?post=10783"}],"version-history":[{"count":0,"href":"https:\/\/proyectum.com\/cl\/wp-json\/wp\/v2\/posts\/10783\/revisions"}],"wp:featuredmedia":[{"embeddable":true,"href":"https:\/\/proyectum.com\/cl\/wp-json\/wp\/v2\/media\/10784"}],"wp:attachment":[{"href":"https:\/\/proyectum.com\/cl\/wp-json\/wp\/v2\/media?parent=10783"}],"wp:term":[{"taxonomy":"category","embeddable":true,"href":"https:\/\/proyectum.com\/cl\/wp-json\/wp\/v2\/categories?post=10783"},{"taxonomy":"post_tag","embeddable":true,"href":"https:\/\/proyectum.com\/cl\/wp-json\/wp\/v2\/tags?post=10783"}],"curies":[{"name":"wp","href":"https:\/\/api.w.org\/{rel}","templated":true}]}}