{"id":10802,"date":"2017-01-11T12:49:54","date_gmt":"2017-01-11T18:49:54","guid":{"rendered":"http:\/\/www.proyectum.lat\/?p=3020"},"modified":"2017-01-11T12:49:54","modified_gmt":"2017-01-11T18:49:54","slug":"la-habilidad-que-aumentara-tu-valor-este-ano-en-un-50-por-ciento","status":"publish","type":"post","link":"https:\/\/proyectum.com\/cl\/la-habilidad-que-aumentara-tu-valor-este-ano-en-un-50-por-ciento\/","title":{"rendered":"La habilidad que aumentar\u00e1 tu valor este a\u00f1o en un 50 por ciento"},"content":{"rendered":"<p>Cuando iniciamos el a\u00f1o es un buen momento para plantearnos cu\u00e1les son esas habilidades que debemos mejorar para seguir creciendo, ya sea como persona o en el \u00e1mbito profesional. Decidir en qu\u00e9 habilidad debemos enfocarnos este a\u00f1o puede dejar de ser una tarea complicada si seguimos el consejo de un millonario.<\/p>\n<p>Fue en el 2009 cuando el multimillonario <strong>Warren Buffett<\/strong>, frente a un grupo de estudiantes de la clase de negocios en la Universidad de Columbia, pronunci\u00f3 el siguiente mensaje:<\/p>\n<p>\u201c<em>En este momento, pagar\u00eda $100 mil d\u00f3lares por el 10 por ciento de las ganancias futuras de cualquiera de ustedes, as\u00ed que si est\u00e1n interesados, me ven despu\u00e9s de clase.<\/em>\u201d<\/p>\n<p>Despu\u00e9s de un momento de risa, el empresario se torno serio:<\/p>\n<p>\u201c<em>Ahora, ustedes pueden mejorar su valor en un 50 por ciento simplemente aprendiendo habilidades de comunicaci\u00f3n, hablando en p\u00fablico. Si es su caso, los ver\u00e9 despu\u00e9s de clase y les pagar\u00e9 $150 mil.<\/em>\u201d<\/p>\n<p>De acuerdo a lo mencionado por <strong>Buffett<\/strong>, dominar el arte de <strong>hablar en p\u00fablico<\/strong> es la habilidad m\u00e1s importante para impulsar tu carrera. Tan solo imagina que durante el 2017 tu principal objetivo es trabajar en esta habilidad y que al finalizar el a\u00f1o, una vez que hayas mejorado, tu valor en el mercado laboral aumenta un 50 por ciento.<\/p>\n<p>Lo anterior sin duda pone a pensar a m\u00e1s de uno por lo atractivo que parece, pero a la vez, inmediatamente muchos se auto descartan al tratarse de <strong>hablar en p\u00fablico<\/strong>, ya que de solo pensarlo les provoca p\u00e1nico.<\/p>\n<p>Este <strong>miedo a hablar en p\u00fablico<\/strong> incluso el mismo Warren Buffett lo lleg\u00f3 a experimentar. Siendo un joven asesor de valores, Buffett sab\u00eda que ten\u00eda que trabajar en ello, por lo que tom\u00f3 un curso de Dale Carnegie, un empresario y escritor estadounidense, para superar su miedo. Es un hecho poco conocido, pero  Buffett abandon\u00f3 su curso en el primer intento, porque ten\u00eda miedo de que se le pidiera que hablara. En un segundo intento, \u00e9l trabajo en su coraje y hoy exhibe con orgullo su certificado Dale Carnegie en su oficina.<\/p>\n<p>Chris Anderson, curador de <strong>TED<\/strong>, afirma que <strong>hablar en p\u00fablico es m\u00e1s importante que nunca<\/strong>. En su libro <strong>TED Talks<\/strong>, Anderson escribe: \u201c<em>Como l\u00edder, hablar en p\u00fablico es la clave para desbloquear la empat\u00eda, despertar emociones, compartir conocimientos e ideas y promover un sue\u00f1o compartido<\/em>\u201d.<\/p>\n<p>\u00bfNo es lo que est\u00e1s tratando de lograr como emprendedor al presentar una idea o como due\u00f1o de un peque\u00f1o negocio al tratar de convencer a un cliente?<\/p>\n<p>Tu objetivo es crear empat\u00eda, un v\u00ednculo de confianza entre usted y su oyente. Tu objetivo es despertar emociones, compartir conocimientos y promover un sue\u00f1o compartido. <strong>Hablar efectivamente en p\u00fablico<\/strong> es la habilidad que puede ayudarte a cumplir todos estos objetivos.<\/p>\n<p>De acuerdo a  Chris Anderson la buena noticia es que esta habilidad se puede aprender. Y estamos de acuerdo.<\/p>\n<p>Gracias a las conexiones de banda ancha, Youtube y TED.com, cualquier persona con una computadora o un dispositivo m\u00f3vil tiene al alcance de sus manos a los mejores conferencistas del mundo.<\/p>\n<p>Para emprendedores y peque\u00f1os empresarios, sugiero que comiencen con los videos en Youtube del mejor presentador en la historia de los negocios, <a href=\"http:\/\/www.proyectum.lat\/?s=steve+jobs\" target=\"_blank\" rel=\"noopener noreferrer\">Steve Jobs<\/a>. Casi todas sus presentaciones p\u00fablicas, desde el lanzamiento del Macintosh en 1984, se encuentran disponibles en Internet.<\/p>\n<p>Uno de los mejores ejemplos de lanzamiento de un producto, es la introducci\u00f3n en el 2007 del primer iPhone.  Dicha presentaci\u00f3n es fascinante y entre muchas cosas se requiere poner atenci\u00f3n en lo siguiente: las diapositivas simples, el como Steve Jobs no uso un teleprompter o notas visibles, el momento exacto en que presenta el producto y por supuesto la simpat\u00eda.<\/p>\n<p>Estos elementos y la presentaci\u00f3n en general de Steve Jobs en el 2007 merecen un an\u00e1lisis m\u00e1s detallado, el cual llevaremos a cabo en un siguiente art\u00edculo.<\/p>\n<p>Como conclusi\u00f3n, tus ideas merecen ser escuchadas. Como emprendedor o peque\u00f1o empresario, tu valor radica en tus ideas. Si no puedes persuadir a otros a comprar tus ideas entonces tu valor no es mucho.<\/p>\n<p>Realiza un compromiso contigo mismo para mejorar la <strong>habilidad de hablar en p\u00fablico<\/strong>, la cual promete cambiar tu vida, la direcci\u00f3n de tu negocio y aumentar tu valor en un 50 por ciento casi de inmediato.<\/p>\n<p>Con informaci\u00f3n del art\u00edculo: \u201c<em>The 1 Skill Warren Buffett Says Will Raise Your Value by 50 Percent<\/em>\u201d publicado en <a href=\"http:\/\/www.inc.com\/carmine-gallo\/the-one-skill-warren-buffett-says-will-raise-your-value-by-50.html\" target=\"_blank\" rel=\"noopener noreferrer\">Fast Company<\/a>.<br \/>\nAdaptaci\u00f3n y traducci\u00f3n: <a href=\"https:\/\/about.me\/omargarcia\" target=\"_blank\" rel=\"noopener noreferrer\">Omar Garc\u00eda<\/a>.<\/p>\n","protected":false},"excerpt":{"rendered":"<p>Cuando iniciamos el a\u00f1o es un buen momento para plantearnos cu\u00e1les son esas habilidades que debemos mejorar para seguir creciendo, ya sea como persona o en el \u00e1mbito profesional. Decidir en qu\u00e9 habilidad debemos enfocarnos este a\u00f1o puede dejar de ser una tarea complicada si seguimos el consejo de un millonario. Fue en el 2009 [&hellip;]<\/p>\n","protected":false},"author":26,"featured_media":10907,"comment_status":"open","ping_status":"open","sticky":false,"template":"","format":"standard","meta":{"_acf_changed":false,"footnotes":""},"categories":[236,215],"tags":[494,495,216,292],"class_list":["post-10802","post","type-post","status-publish","format-standard","has-post-thumbnail","hentry","category-comunicacion","category-liderazgo","tag-arte-de-hablar-en-publico","tag-habilidad-de-hablar-en-publico","tag-hablar-en-publico","tag-steve-jobs"],"acf":[],"yoast_head":"<!-- This site is optimized with the Yoast SEO plugin v24.4 - https:\/\/yoast.com\/wordpress\/plugins\/seo\/ -->\n<title>La habilidad que aumentar\u00e1 tu valor este a\u00f1o en un 50 por ciento - Proyectum Chile<\/title>\n<meta name=\"robots\" content=\"index, follow, max-snippet:-1, max-image-preview:large, max-video-preview:-1\" \/>\n<link rel=\"canonical\" href=\"https:\/\/proyectum.com\/cl\/la-habilidad-que-aumentara-tu-valor-este-ano-en-un-50-por-ciento\/\" \/>\n<meta property=\"og:locale\" content=\"es_ES\" \/>\n<meta property=\"og:type\" content=\"article\" \/>\n<meta property=\"og:title\" content=\"La habilidad que aumentar\u00e1 tu valor este a\u00f1o en un 50 por ciento - Proyectum Chile\" \/>\n<meta property=\"og:description\" content=\"Cuando iniciamos el a\u00f1o es un buen momento para plantearnos cu\u00e1les son esas habilidades que debemos mejorar para seguir creciendo, ya sea como persona o en el \u00e1mbito profesional. Decidir en qu\u00e9 habilidad debemos enfocarnos este a\u00f1o puede dejar de ser una tarea complicada si seguimos el consejo de un millonario. Fue en el 2009 [&hellip;]\" \/>\n<meta property=\"og:url\" content=\"https:\/\/proyectum.com\/cl\/la-habilidad-que-aumentara-tu-valor-este-ano-en-un-50-por-ciento\/\" \/>\n<meta property=\"og:site_name\" content=\"Proyectum Chile\" \/>\n<meta property=\"article:publisher\" content=\"https:\/\/www.facebook.com\/proyectumchile\/\" \/>\n<meta property=\"article:published_time\" content=\"2017-01-11T18:49:54+00:00\" \/>\n<meta property=\"og:image\" content=\"https:\/\/proyectum.com\/cl\/wp-content\/uploads\/2017\/01\/Habilidad-Hablar-Publico.jpg\" \/>\n\t<meta property=\"og:image:width\" content=\"1100\" \/>\n\t<meta property=\"og:image:height\" content=\"466\" \/>\n\t<meta property=\"og:image:type\" content=\"image\/jpeg\" \/>\n<meta name=\"author\" content=\"Proyectum 2025\" \/>\n<meta name=\"twitter:card\" content=\"summary_large_image\" \/>\n<meta name=\"twitter:label1\" content=\"Escrito por\" \/>\n\t<meta name=\"twitter:data1\" content=\"Proyectum 2025\" \/>\n\t<meta name=\"twitter:label2\" content=\"Tiempo de lectura\" \/>\n\t<meta name=\"twitter:data2\" content=\"4 minutos\" \/>\n<script type=\"application\/ld+json\" class=\"yoast-schema-graph\">{\"@context\":\"https:\/\/schema.org\",\"@graph\":[{\"@type\":\"Article\",\"@id\":\"https:\/\/proyectum.com\/cl\/la-habilidad-que-aumentara-tu-valor-este-ano-en-un-50-por-ciento\/#article\",\"isPartOf\":{\"@id\":\"https:\/\/proyectum.com\/cl\/la-habilidad-que-aumentara-tu-valor-este-ano-en-un-50-por-ciento\/\"},\"author\":{\"name\":\"Proyectum 2025\",\"@id\":\"https:\/\/proyectum.com\/cl\/#\/schema\/person\/7d5caa4386a11be650af177d3f2e5aee\"},\"headline\":\"La habilidad que aumentar\u00e1 tu valor este a\u00f1o en un 50 por ciento\",\"datePublished\":\"2017-01-11T18:49:54+00:00\",\"mainEntityOfPage\":{\"@id\":\"https:\/\/proyectum.com\/cl\/la-habilidad-que-aumentara-tu-valor-este-ano-en-un-50-por-ciento\/\"},\"wordCount\":789,\"commentCount\":0,\"publisher\":{\"@id\":\"https:\/\/proyectum.com\/cl\/#organization\"},\"image\":{\"@id\":\"https:\/\/proyectum.com\/cl\/la-habilidad-que-aumentara-tu-valor-este-ano-en-un-50-por-ciento\/#primaryimage\"},\"thumbnailUrl\":\"https:\/\/proyectum.com\/cl\/wp-content\/uploads\/2017\/01\/Habilidad-Hablar-Publico.jpg\",\"keywords\":[\"arte de hablar en publico\",\"habilidad de hablar en p\u00fablico\",\"hablar en p\u00fablico\",\"Steve Jobs\"],\"articleSection\":[\"Comunicaci\u00f3n\",\"Liderazgo\"],\"inLanguage\":\"es\",\"potentialAction\":[{\"@type\":\"CommentAction\",\"name\":\"Comment\",\"target\":[\"https:\/\/proyectum.com\/cl\/la-habilidad-que-aumentara-tu-valor-este-ano-en-un-50-por-ciento\/#respond\"]}]},{\"@type\":\"WebPage\",\"@id\":\"https:\/\/proyectum.com\/cl\/la-habilidad-que-aumentara-tu-valor-este-ano-en-un-50-por-ciento\/\",\"url\":\"https:\/\/proyectum.com\/cl\/la-habilidad-que-aumentara-tu-valor-este-ano-en-un-50-por-ciento\/\",\"name\":\"La habilidad que aumentar\u00e1 tu valor este a\u00f1o en un 50 por ciento - Proyectum Chile\",\"isPartOf\":{\"@id\":\"https:\/\/proyectum.com\/cl\/#website\"},\"primaryImageOfPage\":{\"@id\":\"https:\/\/proyectum.com\/cl\/la-habilidad-que-aumentara-tu-valor-este-ano-en-un-50-por-ciento\/#primaryimage\"},\"image\":{\"@id\":\"https:\/\/proyectum.com\/cl\/la-habilidad-que-aumentara-tu-valor-este-ano-en-un-50-por-ciento\/#primaryimage\"},\"thumbnailUrl\":\"https:\/\/proyectum.com\/cl\/wp-content\/uploads\/2017\/01\/Habilidad-Hablar-Publico.jpg\",\"datePublished\":\"2017-01-11T18:49:54+00:00\",\"breadcrumb\":{\"@id\":\"https:\/\/proyectum.com\/cl\/la-habilidad-que-aumentara-tu-valor-este-ano-en-un-50-por-ciento\/#breadcrumb\"},\"inLanguage\":\"es\",\"potentialAction\":[{\"@type\":\"ReadAction\",\"target\":[\"https:\/\/proyectum.com\/cl\/la-habilidad-que-aumentara-tu-valor-este-ano-en-un-50-por-ciento\/\"]}]},{\"@type\":\"ImageObject\",\"inLanguage\":\"es\",\"@id\":\"https:\/\/proyectum.com\/cl\/la-habilidad-que-aumentara-tu-valor-este-ano-en-un-50-por-ciento\/#primaryimage\",\"url\":\"https:\/\/proyectum.com\/cl\/wp-content\/uploads\/2017\/01\/Habilidad-Hablar-Publico.jpg\",\"contentUrl\":\"https:\/\/proyectum.com\/cl\/wp-content\/uploads\/2017\/01\/Habilidad-Hablar-Publico.jpg\",\"width\":1100,\"height\":466,\"caption\":\"Habilidad Hablar Publico\"},{\"@type\":\"BreadcrumbList\",\"@id\":\"https:\/\/proyectum.com\/cl\/la-habilidad-que-aumentara-tu-valor-este-ano-en-un-50-por-ciento\/#breadcrumb\",\"itemListElement\":[{\"@type\":\"ListItem\",\"position\":1,\"name\":\"Home\",\"item\":\"https:\/\/proyectum.com\/cl\/\"},{\"@type\":\"ListItem\",\"position\":2,\"name\":\"La habilidad que aumentar\u00e1 tu valor este a\u00f1o en un 50 por ciento\"}]},{\"@type\":\"WebSite\",\"@id\":\"https:\/\/proyectum.com\/cl\/#website\",\"url\":\"https:\/\/proyectum.com\/cl\/\",\"name\":\"Proyectum Chile\",\"description\":\"Direcci\u00f3n de Proyectos y Metodolog\u00edas \u00c1giles\",\"publisher\":{\"@id\":\"https:\/\/proyectum.com\/cl\/#organization\"},\"potentialAction\":[{\"@type\":\"SearchAction\",\"target\":{\"@type\":\"EntryPoint\",\"urlTemplate\":\"https:\/\/proyectum.com\/cl\/?s={search_term_string}\"},\"query-input\":{\"@type\":\"PropertyValueSpecification\",\"valueRequired\":true,\"valueName\":\"search_term_string\"}}],\"inLanguage\":\"es\"},{\"@type\":\"Organization\",\"@id\":\"https:\/\/proyectum.com\/cl\/#organization\",\"name\":\"Proyectum Chile\",\"url\":\"https:\/\/proyectum.com\/cl\/\",\"logo\":{\"@type\":\"ImageObject\",\"inLanguage\":\"es\",\"@id\":\"https:\/\/proyectum.com\/cl\/#\/schema\/logo\/image\/\",\"url\":\"https:\/\/proyectum.com\/cl\/wp-content\/uploads\/2020\/04\/proyectum-logo-snippet.png\",\"contentUrl\":\"https:\/\/proyectum.com\/cl\/wp-content\/uploads\/2020\/04\/proyectum-logo-snippet.png\",\"width\":600,\"height\":315,\"caption\":\"Proyectum Chile\"},\"image\":{\"@id\":\"https:\/\/proyectum.com\/cl\/#\/schema\/logo\/image\/\"},\"sameAs\":[\"https:\/\/www.facebook.com\/proyectumchile\/\",\"https:\/\/www.linkedin.com\/company\/proyectum-cl\/\",\"https:\/\/www.instagram.com\/proyectumchile\/\",\"https:\/\/www.youtube.com\/@proyectum2283\/videos\"]},{\"@type\":\"Person\",\"@id\":\"https:\/\/proyectum.com\/cl\/#\/schema\/person\/7d5caa4386a11be650af177d3f2e5aee\",\"name\":\"Proyectum 2025\",\"image\":{\"@type\":\"ImageObject\",\"inLanguage\":\"es\",\"@id\":\"https:\/\/proyectum.com\/cl\/#\/schema\/person\/image\/\",\"url\":\"https:\/\/secure.gravatar.com\/avatar\/df82793fddd8f0a5a84fdb27d958bf73?s=96&d=mm&r=g\",\"contentUrl\":\"https:\/\/secure.gravatar.com\/avatar\/df82793fddd8f0a5a84fdb27d958bf73?s=96&d=mm&r=g\",\"caption\":\"Proyectum 2025\"}}]}<\/script>\n<!-- \/ Yoast SEO plugin. -->","yoast_head_json":{"title":"La habilidad que aumentar\u00e1 tu valor este a\u00f1o en un 50 por ciento - Proyectum Chile","robots":{"index":"index","follow":"follow","max-snippet":"max-snippet:-1","max-image-preview":"max-image-preview:large","max-video-preview":"max-video-preview:-1"},"canonical":"https:\/\/proyectum.com\/cl\/la-habilidad-que-aumentara-tu-valor-este-ano-en-un-50-por-ciento\/","og_locale":"es_ES","og_type":"article","og_title":"La habilidad que aumentar\u00e1 tu valor este a\u00f1o en un 50 por ciento - Proyectum Chile","og_description":"Cuando iniciamos el a\u00f1o es un buen momento para plantearnos cu\u00e1les son esas habilidades que debemos mejorar para seguir creciendo, ya sea como persona o en el \u00e1mbito profesional. Decidir en qu\u00e9 habilidad debemos enfocarnos este a\u00f1o puede dejar de ser una tarea complicada si seguimos el consejo de un millonario. Fue en el 2009 [&hellip;]","og_url":"https:\/\/proyectum.com\/cl\/la-habilidad-que-aumentara-tu-valor-este-ano-en-un-50-por-ciento\/","og_site_name":"Proyectum Chile","article_publisher":"https:\/\/www.facebook.com\/proyectumchile\/","article_published_time":"2017-01-11T18:49:54+00:00","og_image":[{"width":1100,"height":466,"url":"https:\/\/proyectum.com\/cl\/wp-content\/uploads\/2017\/01\/Habilidad-Hablar-Publico.jpg","type":"image\/jpeg"}],"author":"Proyectum 2025","twitter_card":"summary_large_image","twitter_misc":{"Escrito por":"Proyectum 2025","Tiempo de lectura":"4 minutos"},"schema":{"@context":"https:\/\/schema.org","@graph":[{"@type":"Article","@id":"https:\/\/proyectum.com\/cl\/la-habilidad-que-aumentara-tu-valor-este-ano-en-un-50-por-ciento\/#article","isPartOf":{"@id":"https:\/\/proyectum.com\/cl\/la-habilidad-que-aumentara-tu-valor-este-ano-en-un-50-por-ciento\/"},"author":{"name":"Proyectum 2025","@id":"https:\/\/proyectum.com\/cl\/#\/schema\/person\/7d5caa4386a11be650af177d3f2e5aee"},"headline":"La habilidad que aumentar\u00e1 tu valor este a\u00f1o en un 50 por ciento","datePublished":"2017-01-11T18:49:54+00:00","mainEntityOfPage":{"@id":"https:\/\/proyectum.com\/cl\/la-habilidad-que-aumentara-tu-valor-este-ano-en-un-50-por-ciento\/"},"wordCount":789,"commentCount":0,"publisher":{"@id":"https:\/\/proyectum.com\/cl\/#organization"},"image":{"@id":"https:\/\/proyectum.com\/cl\/la-habilidad-que-aumentara-tu-valor-este-ano-en-un-50-por-ciento\/#primaryimage"},"thumbnailUrl":"https:\/\/proyectum.com\/cl\/wp-content\/uploads\/2017\/01\/Habilidad-Hablar-Publico.jpg","keywords":["arte de hablar en publico","habilidad de hablar en p\u00fablico","hablar en p\u00fablico","Steve Jobs"],"articleSection":["Comunicaci\u00f3n","Liderazgo"],"inLanguage":"es","potentialAction":[{"@type":"CommentAction","name":"Comment","target":["https:\/\/proyectum.com\/cl\/la-habilidad-que-aumentara-tu-valor-este-ano-en-un-50-por-ciento\/#respond"]}]},{"@type":"WebPage","@id":"https:\/\/proyectum.com\/cl\/la-habilidad-que-aumentara-tu-valor-este-ano-en-un-50-por-ciento\/","url":"https:\/\/proyectum.com\/cl\/la-habilidad-que-aumentara-tu-valor-este-ano-en-un-50-por-ciento\/","name":"La habilidad que aumentar\u00e1 tu valor este a\u00f1o en un 50 por ciento - Proyectum Chile","isPartOf":{"@id":"https:\/\/proyectum.com\/cl\/#website"},"primaryImageOfPage":{"@id":"https:\/\/proyectum.com\/cl\/la-habilidad-que-aumentara-tu-valor-este-ano-en-un-50-por-ciento\/#primaryimage"},"image":{"@id":"https:\/\/proyectum.com\/cl\/la-habilidad-que-aumentara-tu-valor-este-ano-en-un-50-por-ciento\/#primaryimage"},"thumbnailUrl":"https:\/\/proyectum.com\/cl\/wp-content\/uploads\/2017\/01\/Habilidad-Hablar-Publico.jpg","datePublished":"2017-01-11T18:49:54+00:00","breadcrumb":{"@id":"https:\/\/proyectum.com\/cl\/la-habilidad-que-aumentara-tu-valor-este-ano-en-un-50-por-ciento\/#breadcrumb"},"inLanguage":"es","potentialAction":[{"@type":"ReadAction","target":["https:\/\/proyectum.com\/cl\/la-habilidad-que-aumentara-tu-valor-este-ano-en-un-50-por-ciento\/"]}]},{"@type":"ImageObject","inLanguage":"es","@id":"https:\/\/proyectum.com\/cl\/la-habilidad-que-aumentara-tu-valor-este-ano-en-un-50-por-ciento\/#primaryimage","url":"https:\/\/proyectum.com\/cl\/wp-content\/uploads\/2017\/01\/Habilidad-Hablar-Publico.jpg","contentUrl":"https:\/\/proyectum.com\/cl\/wp-content\/uploads\/2017\/01\/Habilidad-Hablar-Publico.jpg","width":1100,"height":466,"caption":"Habilidad Hablar Publico"},{"@type":"BreadcrumbList","@id":"https:\/\/proyectum.com\/cl\/la-habilidad-que-aumentara-tu-valor-este-ano-en-un-50-por-ciento\/#breadcrumb","itemListElement":[{"@type":"ListItem","position":1,"name":"Home","item":"https:\/\/proyectum.com\/cl\/"},{"@type":"ListItem","position":2,"name":"La habilidad que aumentar\u00e1 tu valor este a\u00f1o en un 50 por ciento"}]},{"@type":"WebSite","@id":"https:\/\/proyectum.com\/cl\/#website","url":"https:\/\/proyectum.com\/cl\/","name":"Proyectum Chile","description":"Direcci\u00f3n de Proyectos y Metodolog\u00edas \u00c1giles","publisher":{"@id":"https:\/\/proyectum.com\/cl\/#organization"},"potentialAction":[{"@type":"SearchAction","target":{"@type":"EntryPoint","urlTemplate":"https:\/\/proyectum.com\/cl\/?s={search_term_string}"},"query-input":{"@type":"PropertyValueSpecification","valueRequired":true,"valueName":"search_term_string"}}],"inLanguage":"es"},{"@type":"Organization","@id":"https:\/\/proyectum.com\/cl\/#organization","name":"Proyectum Chile","url":"https:\/\/proyectum.com\/cl\/","logo":{"@type":"ImageObject","inLanguage":"es","@id":"https:\/\/proyectum.com\/cl\/#\/schema\/logo\/image\/","url":"https:\/\/proyectum.com\/cl\/wp-content\/uploads\/2020\/04\/proyectum-logo-snippet.png","contentUrl":"https:\/\/proyectum.com\/cl\/wp-content\/uploads\/2020\/04\/proyectum-logo-snippet.png","width":600,"height":315,"caption":"Proyectum Chile"},"image":{"@id":"https:\/\/proyectum.com\/cl\/#\/schema\/logo\/image\/"},"sameAs":["https:\/\/www.facebook.com\/proyectumchile\/","https:\/\/www.linkedin.com\/company\/proyectum-cl\/","https:\/\/www.instagram.com\/proyectumchile\/","https:\/\/www.youtube.com\/@proyectum2283\/videos"]},{"@type":"Person","@id":"https:\/\/proyectum.com\/cl\/#\/schema\/person\/7d5caa4386a11be650af177d3f2e5aee","name":"Proyectum 2025","image":{"@type":"ImageObject","inLanguage":"es","@id":"https:\/\/proyectum.com\/cl\/#\/schema\/person\/image\/","url":"https:\/\/secure.gravatar.com\/avatar\/df82793fddd8f0a5a84fdb27d958bf73?s=96&d=mm&r=g","contentUrl":"https:\/\/secure.gravatar.com\/avatar\/df82793fddd8f0a5a84fdb27d958bf73?s=96&d=mm&r=g","caption":"Proyectum 2025"}}]}},"_links":{"self":[{"href":"https:\/\/proyectum.com\/cl\/wp-json\/wp\/v2\/posts\/10802","targetHints":{"allow":["GET"]}}],"collection":[{"href":"https:\/\/proyectum.com\/cl\/wp-json\/wp\/v2\/posts"}],"about":[{"href":"https:\/\/proyectum.com\/cl\/wp-json\/wp\/v2\/types\/post"}],"author":[{"embeddable":true,"href":"https:\/\/proyectum.com\/cl\/wp-json\/wp\/v2\/users\/26"}],"replies":[{"embeddable":true,"href":"https:\/\/proyectum.com\/cl\/wp-json\/wp\/v2\/comments?post=10802"}],"version-history":[{"count":0,"href":"https:\/\/proyectum.com\/cl\/wp-json\/wp\/v2\/posts\/10802\/revisions"}],"wp:featuredmedia":[{"embeddable":true,"href":"https:\/\/proyectum.com\/cl\/wp-json\/wp\/v2\/media\/10907"}],"wp:attachment":[{"href":"https:\/\/proyectum.com\/cl\/wp-json\/wp\/v2\/media?parent=10802"}],"wp:term":[{"taxonomy":"category","embeddable":true,"href":"https:\/\/proyectum.com\/cl\/wp-json\/wp\/v2\/categories?post=10802"},{"taxonomy":"post_tag","embeddable":true,"href":"https:\/\/proyectum.com\/cl\/wp-json\/wp\/v2\/tags?post=10802"}],"curies":[{"name":"wp","href":"https:\/\/api.w.org\/{rel}","templated":true}]}}