{"id":10822,"date":"2020-03-02T20:33:50","date_gmt":"2020-03-02T23:33:50","guid":{"rendered":"https:\/\/www.proyectum.com\/sistema\/?p=8578"},"modified":"2020-03-02T20:33:50","modified_gmt":"2020-03-02T23:33:50","slug":"coronavirus-en-nuestro-entorno-de-trabajo","status":"publish","type":"post","link":"https:\/\/proyectum.com\/cl\/coronavirus-en-nuestro-entorno-de-trabajo\/","title":{"rendered":"Coronavirus en nuestro entorno de trabajo"},"content":{"rendered":"<p>Por: <strong>Jorge Vald\u00e9s Garciatorres<\/strong>.<\/p>\n<p>Vale la pena hacer una pausa para reflexionar. Estamos ante una pandemia de un virus que aun no podemos controlar. <strong>El coronavirus se expande r\u00e1pidamente a nivel mundial<\/strong>. \u00bfC\u00f3mo podemos prepararnos?<\/p>\n<p>Como todos sabemos el coronavirus est\u00e1 haciendo estragos en el mundo, desde noticias que se replican a lo largo y ancho del planeta, hasta los impactos sociales y econ\u00f3micos que empiezan a gestarse, entre otras cosas, la ca\u00edda de las bolsas de valores en diversas partes del orbe. Los gobiernos est\u00e1n advirtiendo a las empresas para que se preparen.<\/p>\n<p>As\u00ed, al mismo tiempo que esperamos que esta situaci\u00f3n se contenga y esperemos que la p\u00e9rdida de vidas se controle r\u00e1pidamente, vale la pena retomar la frase \u201c<em>Siempre listos<\/em>\u201d usada en los grupos de ni\u00f1os exploradores como grito de batalla.<\/p>\n<p><strong>Aqu\u00ed algunos consejos que te pueden ayudar:<\/strong><\/p>\n<p>En primer lugar, te aconsejamos encarecidamente que <strong>revises o dise\u00f1es las pol\u00edticas y sistemas de trabajo a distancia<\/strong>. En algunas latitudes ya est\u00e1n cerrando escuelas y pidiendo a los trabajadores que se queden en casa.<\/p>\n<p><strong>Comunicarte con tu equipo<\/strong>. Ya sea a trav\u00e9s de una reuni\u00f3n con todo el equipo, correos electr\u00f3nicos a toda la empresa o una combinaci\u00f3n de lo anterior y m\u00e1s, hazle saber a tu equipo que est\u00e1s trabajando en un plan, mejor aun, invol\u00facralos. Est\u00e1 bien si no tienes todas las respuestas (francamente, nadie las tiene en este momento), pero en la medida de tus posibilidades, <strong>haz saber a la gente lo que no sabes<\/strong>. Recuerda, en ausencia de informaci\u00f3n, la gente la inventar\u00e1.<\/p>\n<p>Tambi\u00e9n te sugerimos que los equipos de liderazgo (tanto a nivel ejecutivo como a nivel de programa\/proyecto) realicen un ejercicio de planificaci\u00f3n de escenarios en torno a los impactos del virus en cualquier plan y proceso existente.<\/p>\n<p><strong>Re\u00fanete con tu equipo y contesta las siguientes preguntas:<\/strong><\/p>\n<ul>\n<li>Si las peores predicciones se hacen realidad, en seis meses, \u00bfc\u00f3mo ser\u00eda nuestro negocio?<\/li>\n<li>\u00bfQu\u00e9 podemos hacer ahora, si es que podemos hacer algo, y qui\u00e9n ser\u00e1 el responsable?<\/li>\n<li>\u00bfCu\u00e1les son los disparadores para tomar medidas dr\u00e1sticas?<\/li>\n<\/ul>\n<p>Recuerda que la planificaci\u00f3n de escenarios no consiste en ser capaz de predecir todos los resultados, sino en discutir c\u00f3mo actuar juntos como un equipo cuando se producen choques negativos e incertidumbre.<\/p>\n<p>Puedes encontrar informaci\u00f3n valiosa dando clic <a href=\"https:\/\/www.cdc.gov\/coronavirus\/2019-ncov\/specific-groups\/guidance-business-response.html\">aqu\u00ed<\/a><\/p>\n<p>Por \u00faltimo, desde el directorio Proyectum, queremos ser de utilidad. Creemos que es importante estar alertas y reaccionar r\u00e1pido. Despu\u00e9s de todo, el <strong>manejo de riesgos es una de nuestras especialidades<\/strong>. As\u00ed que, pongamos manos a la obra y hagamos lo necesarios para minimizar los estragos y sobre todo, prevenir la p\u00e9rdida de vidas.<\/p>\n<p>Por favor, cu\u00eddense y sepan que les \u00a0deseamos a cada uno de nuestros suscriptores, clientes y amigos que est\u00e9n sanos, seguros, que los impactos sean menores y que salgamos todos librados de est\u00e1 triste situaci\u00f3n.<\/p>\n","protected":false},"excerpt":{"rendered":"<p>Por: Jorge Vald\u00e9s Garciatorres. Vale la pena hacer una pausa para reflexionar. Estamos ante una pandemia de un virus que aun no podemos controlar. El coronavirus se expande r\u00e1pidamente a nivel mundial. \u00bfC\u00f3mo podemos prepararnos? Como todos sabemos el coronavirus est\u00e1 haciendo estragos en el mundo, desde noticias que se replican a lo largo y [&hellip;]<\/p>\n","protected":false},"author":26,"featured_media":10962,"comment_status":"closed","ping_status":"closed","sticky":false,"template":"","format":"standard","meta":{"_acf_changed":false,"footnotes":""},"categories":[231,232],"tags":[2318,2319,580,321],"class_list":["post-10822","post","type-post","status-publish","format-standard","has-post-thumbnail","hentry","category-recursos-humanos","category-reflexiones","tag-coronavirus","tag-manejo-de-riesgos-es-una-de-nuestras-especialidades","tag-trabajar-desde-casa","tag-trabajo-a-distancia"],"acf":[],"yoast_head":"<!-- This site is optimized with the Yoast SEO plugin v24.4 - https:\/\/yoast.com\/wordpress\/plugins\/seo\/ -->\n<title>Coronavirus en nuestro entorno de trabajo - Proyectum Chile<\/title>\n<meta name=\"robots\" content=\"index, follow, max-snippet:-1, max-image-preview:large, max-video-preview:-1\" \/>\n<link rel=\"canonical\" href=\"https:\/\/proyectum.com\/cl\/coronavirus-en-nuestro-entorno-de-trabajo\/\" \/>\n<meta property=\"og:locale\" content=\"es_ES\" \/>\n<meta property=\"og:type\" content=\"article\" \/>\n<meta property=\"og:title\" content=\"Coronavirus en nuestro entorno de trabajo - Proyectum Chile\" \/>\n<meta property=\"og:description\" content=\"Por: Jorge Vald\u00e9s Garciatorres. Vale la pena hacer una pausa para reflexionar. Estamos ante una pandemia de un virus que aun no podemos controlar. El coronavirus se expande r\u00e1pidamente a nivel mundial. \u00bfC\u00f3mo podemos prepararnos? Como todos sabemos el coronavirus est\u00e1 haciendo estragos en el mundo, desde noticias que se replican a lo largo y [&hellip;]\" \/>\n<meta property=\"og:url\" content=\"https:\/\/proyectum.com\/cl\/coronavirus-en-nuestro-entorno-de-trabajo\/\" \/>\n<meta property=\"og:site_name\" content=\"Proyectum Chile\" \/>\n<meta property=\"article:publisher\" content=\"https:\/\/www.facebook.com\/proyectumchile\/\" \/>\n<meta property=\"article:published_time\" content=\"2020-03-02T23:33:50+00:00\" \/>\n<meta property=\"og:image\" content=\"https:\/\/proyectum.com\/cl\/wp-content\/uploads\/2020\/03\/Coronavirus-en-nuestro-entorno-de-trabajo.jpg\" \/>\n\t<meta property=\"og:image:width\" content=\"1970\" \/>\n\t<meta property=\"og:image:height\" content=\"1312\" \/>\n\t<meta property=\"og:image:type\" content=\"image\/jpeg\" \/>\n<meta name=\"author\" content=\"Proyectum 2025\" \/>\n<meta name=\"twitter:card\" content=\"summary_large_image\" \/>\n<meta name=\"twitter:label1\" content=\"Escrito por\" \/>\n\t<meta name=\"twitter:data1\" content=\"Proyectum 2025\" \/>\n\t<meta name=\"twitter:label2\" content=\"Tiempo de lectura\" \/>\n\t<meta name=\"twitter:data2\" content=\"3 minutos\" \/>\n<script type=\"application\/ld+json\" class=\"yoast-schema-graph\">{\"@context\":\"https:\/\/schema.org\",\"@graph\":[{\"@type\":\"Article\",\"@id\":\"https:\/\/proyectum.com\/cl\/coronavirus-en-nuestro-entorno-de-trabajo\/#article\",\"isPartOf\":{\"@id\":\"https:\/\/proyectum.com\/cl\/coronavirus-en-nuestro-entorno-de-trabajo\/\"},\"author\":{\"name\":\"Proyectum 2025\",\"@id\":\"https:\/\/proyectum.com\/cl\/#\/schema\/person\/7d5caa4386a11be650af177d3f2e5aee\"},\"headline\":\"Coronavirus en nuestro entorno de trabajo\",\"datePublished\":\"2020-03-02T23:33:50+00:00\",\"mainEntityOfPage\":{\"@id\":\"https:\/\/proyectum.com\/cl\/coronavirus-en-nuestro-entorno-de-trabajo\/\"},\"wordCount\":515,\"publisher\":{\"@id\":\"https:\/\/proyectum.com\/cl\/#organization\"},\"image\":{\"@id\":\"https:\/\/proyectum.com\/cl\/coronavirus-en-nuestro-entorno-de-trabajo\/#primaryimage\"},\"thumbnailUrl\":\"https:\/\/proyectum.com\/cl\/wp-content\/uploads\/2020\/03\/Coronavirus-en-nuestro-entorno-de-trabajo.jpg\",\"keywords\":[\"coronavirus\",\"manejo de riesgos es una de nuestras especialidades\",\"trabajar desde casa\",\"trabajo a distancia\"],\"articleSection\":[\"Recursos Humanos\",\"Reflexiones\"],\"inLanguage\":\"es\"},{\"@type\":\"WebPage\",\"@id\":\"https:\/\/proyectum.com\/cl\/coronavirus-en-nuestro-entorno-de-trabajo\/\",\"url\":\"https:\/\/proyectum.com\/cl\/coronavirus-en-nuestro-entorno-de-trabajo\/\",\"name\":\"Coronavirus en nuestro entorno de trabajo - Proyectum Chile\",\"isPartOf\":{\"@id\":\"https:\/\/proyectum.com\/cl\/#website\"},\"primaryImageOfPage\":{\"@id\":\"https:\/\/proyectum.com\/cl\/coronavirus-en-nuestro-entorno-de-trabajo\/#primaryimage\"},\"image\":{\"@id\":\"https:\/\/proyectum.com\/cl\/coronavirus-en-nuestro-entorno-de-trabajo\/#primaryimage\"},\"thumbnailUrl\":\"https:\/\/proyectum.com\/cl\/wp-content\/uploads\/2020\/03\/Coronavirus-en-nuestro-entorno-de-trabajo.jpg\",\"datePublished\":\"2020-03-02T23:33:50+00:00\",\"breadcrumb\":{\"@id\":\"https:\/\/proyectum.com\/cl\/coronavirus-en-nuestro-entorno-de-trabajo\/#breadcrumb\"},\"inLanguage\":\"es\",\"potentialAction\":[{\"@type\":\"ReadAction\",\"target\":[\"https:\/\/proyectum.com\/cl\/coronavirus-en-nuestro-entorno-de-trabajo\/\"]}]},{\"@type\":\"ImageObject\",\"inLanguage\":\"es\",\"@id\":\"https:\/\/proyectum.com\/cl\/coronavirus-en-nuestro-entorno-de-trabajo\/#primaryimage\",\"url\":\"https:\/\/proyectum.com\/cl\/wp-content\/uploads\/2020\/03\/Coronavirus-en-nuestro-entorno-de-trabajo.jpg\",\"contentUrl\":\"https:\/\/proyectum.com\/cl\/wp-content\/uploads\/2020\/03\/Coronavirus-en-nuestro-entorno-de-trabajo.jpg\",\"width\":1970,\"height\":1312,\"caption\":\"Coronavirus en nuestro entorno de trabajo\"},{\"@type\":\"BreadcrumbList\",\"@id\":\"https:\/\/proyectum.com\/cl\/coronavirus-en-nuestro-entorno-de-trabajo\/#breadcrumb\",\"itemListElement\":[{\"@type\":\"ListItem\",\"position\":1,\"name\":\"Home\",\"item\":\"https:\/\/proyectum.com\/cl\/\"},{\"@type\":\"ListItem\",\"position\":2,\"name\":\"Coronavirus en nuestro entorno de trabajo\"}]},{\"@type\":\"WebSite\",\"@id\":\"https:\/\/proyectum.com\/cl\/#website\",\"url\":\"https:\/\/proyectum.com\/cl\/\",\"name\":\"Proyectum Chile\",\"description\":\"Direcci\u00f3n de Proyectos y Metodolog\u00edas \u00c1giles\",\"publisher\":{\"@id\":\"https:\/\/proyectum.com\/cl\/#organization\"},\"potentialAction\":[{\"@type\":\"SearchAction\",\"target\":{\"@type\":\"EntryPoint\",\"urlTemplate\":\"https:\/\/proyectum.com\/cl\/?s={search_term_string}\"},\"query-input\":{\"@type\":\"PropertyValueSpecification\",\"valueRequired\":true,\"valueName\":\"search_term_string\"}}],\"inLanguage\":\"es\"},{\"@type\":\"Organization\",\"@id\":\"https:\/\/proyectum.com\/cl\/#organization\",\"name\":\"Proyectum Chile\",\"url\":\"https:\/\/proyectum.com\/cl\/\",\"logo\":{\"@type\":\"ImageObject\",\"inLanguage\":\"es\",\"@id\":\"https:\/\/proyectum.com\/cl\/#\/schema\/logo\/image\/\",\"url\":\"https:\/\/proyectum.com\/cl\/wp-content\/uploads\/2020\/04\/proyectum-logo-snippet.png\",\"contentUrl\":\"https:\/\/proyectum.com\/cl\/wp-content\/uploads\/2020\/04\/proyectum-logo-snippet.png\",\"width\":600,\"height\":315,\"caption\":\"Proyectum Chile\"},\"image\":{\"@id\":\"https:\/\/proyectum.com\/cl\/#\/schema\/logo\/image\/\"},\"sameAs\":[\"https:\/\/www.facebook.com\/proyectumchile\/\",\"https:\/\/www.linkedin.com\/company\/proyectum-cl\/\",\"https:\/\/www.instagram.com\/proyectumchile\/\",\"https:\/\/www.youtube.com\/@proyectum2283\/videos\"]},{\"@type\":\"Person\",\"@id\":\"https:\/\/proyectum.com\/cl\/#\/schema\/person\/7d5caa4386a11be650af177d3f2e5aee\",\"name\":\"Proyectum 2025\",\"image\":{\"@type\":\"ImageObject\",\"inLanguage\":\"es\",\"@id\":\"https:\/\/proyectum.com\/cl\/#\/schema\/person\/image\/\",\"url\":\"https:\/\/secure.gravatar.com\/avatar\/df82793fddd8f0a5a84fdb27d958bf73?s=96&d=mm&r=g\",\"contentUrl\":\"https:\/\/secure.gravatar.com\/avatar\/df82793fddd8f0a5a84fdb27d958bf73?s=96&d=mm&r=g\",\"caption\":\"Proyectum 2025\"}}]}<\/script>\n<!-- \/ Yoast SEO plugin. -->","yoast_head_json":{"title":"Coronavirus en nuestro entorno de trabajo - Proyectum Chile","robots":{"index":"index","follow":"follow","max-snippet":"max-snippet:-1","max-image-preview":"max-image-preview:large","max-video-preview":"max-video-preview:-1"},"canonical":"https:\/\/proyectum.com\/cl\/coronavirus-en-nuestro-entorno-de-trabajo\/","og_locale":"es_ES","og_type":"article","og_title":"Coronavirus en nuestro entorno de trabajo - Proyectum Chile","og_description":"Por: Jorge Vald\u00e9s Garciatorres. Vale la pena hacer una pausa para reflexionar. Estamos ante una pandemia de un virus que aun no podemos controlar. El coronavirus se expande r\u00e1pidamente a nivel mundial. \u00bfC\u00f3mo podemos prepararnos? Como todos sabemos el coronavirus est\u00e1 haciendo estragos en el mundo, desde noticias que se replican a lo largo y [&hellip;]","og_url":"https:\/\/proyectum.com\/cl\/coronavirus-en-nuestro-entorno-de-trabajo\/","og_site_name":"Proyectum Chile","article_publisher":"https:\/\/www.facebook.com\/proyectumchile\/","article_published_time":"2020-03-02T23:33:50+00:00","og_image":[{"width":1970,"height":1312,"url":"https:\/\/proyectum.com\/cl\/wp-content\/uploads\/2020\/03\/Coronavirus-en-nuestro-entorno-de-trabajo.jpg","type":"image\/jpeg"}],"author":"Proyectum 2025","twitter_card":"summary_large_image","twitter_misc":{"Escrito por":"Proyectum 2025","Tiempo de lectura":"3 minutos"},"schema":{"@context":"https:\/\/schema.org","@graph":[{"@type":"Article","@id":"https:\/\/proyectum.com\/cl\/coronavirus-en-nuestro-entorno-de-trabajo\/#article","isPartOf":{"@id":"https:\/\/proyectum.com\/cl\/coronavirus-en-nuestro-entorno-de-trabajo\/"},"author":{"name":"Proyectum 2025","@id":"https:\/\/proyectum.com\/cl\/#\/schema\/person\/7d5caa4386a11be650af177d3f2e5aee"},"headline":"Coronavirus en nuestro entorno de trabajo","datePublished":"2020-03-02T23:33:50+00:00","mainEntityOfPage":{"@id":"https:\/\/proyectum.com\/cl\/coronavirus-en-nuestro-entorno-de-trabajo\/"},"wordCount":515,"publisher":{"@id":"https:\/\/proyectum.com\/cl\/#organization"},"image":{"@id":"https:\/\/proyectum.com\/cl\/coronavirus-en-nuestro-entorno-de-trabajo\/#primaryimage"},"thumbnailUrl":"https:\/\/proyectum.com\/cl\/wp-content\/uploads\/2020\/03\/Coronavirus-en-nuestro-entorno-de-trabajo.jpg","keywords":["coronavirus","manejo de riesgos es una de nuestras especialidades","trabajar desde casa","trabajo a distancia"],"articleSection":["Recursos Humanos","Reflexiones"],"inLanguage":"es"},{"@type":"WebPage","@id":"https:\/\/proyectum.com\/cl\/coronavirus-en-nuestro-entorno-de-trabajo\/","url":"https:\/\/proyectum.com\/cl\/coronavirus-en-nuestro-entorno-de-trabajo\/","name":"Coronavirus en nuestro entorno de trabajo - Proyectum Chile","isPartOf":{"@id":"https:\/\/proyectum.com\/cl\/#website"},"primaryImageOfPage":{"@id":"https:\/\/proyectum.com\/cl\/coronavirus-en-nuestro-entorno-de-trabajo\/#primaryimage"},"image":{"@id":"https:\/\/proyectum.com\/cl\/coronavirus-en-nuestro-entorno-de-trabajo\/#primaryimage"},"thumbnailUrl":"https:\/\/proyectum.com\/cl\/wp-content\/uploads\/2020\/03\/Coronavirus-en-nuestro-entorno-de-trabajo.jpg","datePublished":"2020-03-02T23:33:50+00:00","breadcrumb":{"@id":"https:\/\/proyectum.com\/cl\/coronavirus-en-nuestro-entorno-de-trabajo\/#breadcrumb"},"inLanguage":"es","potentialAction":[{"@type":"ReadAction","target":["https:\/\/proyectum.com\/cl\/coronavirus-en-nuestro-entorno-de-trabajo\/"]}]},{"@type":"ImageObject","inLanguage":"es","@id":"https:\/\/proyectum.com\/cl\/coronavirus-en-nuestro-entorno-de-trabajo\/#primaryimage","url":"https:\/\/proyectum.com\/cl\/wp-content\/uploads\/2020\/03\/Coronavirus-en-nuestro-entorno-de-trabajo.jpg","contentUrl":"https:\/\/proyectum.com\/cl\/wp-content\/uploads\/2020\/03\/Coronavirus-en-nuestro-entorno-de-trabajo.jpg","width":1970,"height":1312,"caption":"Coronavirus en nuestro entorno de trabajo"},{"@type":"BreadcrumbList","@id":"https:\/\/proyectum.com\/cl\/coronavirus-en-nuestro-entorno-de-trabajo\/#breadcrumb","itemListElement":[{"@type":"ListItem","position":1,"name":"Home","item":"https:\/\/proyectum.com\/cl\/"},{"@type":"ListItem","position":2,"name":"Coronavirus en nuestro entorno de trabajo"}]},{"@type":"WebSite","@id":"https:\/\/proyectum.com\/cl\/#website","url":"https:\/\/proyectum.com\/cl\/","name":"Proyectum Chile","description":"Direcci\u00f3n de Proyectos y Metodolog\u00edas \u00c1giles","publisher":{"@id":"https:\/\/proyectum.com\/cl\/#organization"},"potentialAction":[{"@type":"SearchAction","target":{"@type":"EntryPoint","urlTemplate":"https:\/\/proyectum.com\/cl\/?s={search_term_string}"},"query-input":{"@type":"PropertyValueSpecification","valueRequired":true,"valueName":"search_term_string"}}],"inLanguage":"es"},{"@type":"Organization","@id":"https:\/\/proyectum.com\/cl\/#organization","name":"Proyectum Chile","url":"https:\/\/proyectum.com\/cl\/","logo":{"@type":"ImageObject","inLanguage":"es","@id":"https:\/\/proyectum.com\/cl\/#\/schema\/logo\/image\/","url":"https:\/\/proyectum.com\/cl\/wp-content\/uploads\/2020\/04\/proyectum-logo-snippet.png","contentUrl":"https:\/\/proyectum.com\/cl\/wp-content\/uploads\/2020\/04\/proyectum-logo-snippet.png","width":600,"height":315,"caption":"Proyectum Chile"},"image":{"@id":"https:\/\/proyectum.com\/cl\/#\/schema\/logo\/image\/"},"sameAs":["https:\/\/www.facebook.com\/proyectumchile\/","https:\/\/www.linkedin.com\/company\/proyectum-cl\/","https:\/\/www.instagram.com\/proyectumchile\/","https:\/\/www.youtube.com\/@proyectum2283\/videos"]},{"@type":"Person","@id":"https:\/\/proyectum.com\/cl\/#\/schema\/person\/7d5caa4386a11be650af177d3f2e5aee","name":"Proyectum 2025","image":{"@type":"ImageObject","inLanguage":"es","@id":"https:\/\/proyectum.com\/cl\/#\/schema\/person\/image\/","url":"https:\/\/secure.gravatar.com\/avatar\/df82793fddd8f0a5a84fdb27d958bf73?s=96&d=mm&r=g","contentUrl":"https:\/\/secure.gravatar.com\/avatar\/df82793fddd8f0a5a84fdb27d958bf73?s=96&d=mm&r=g","caption":"Proyectum 2025"}}]}},"_links":{"self":[{"href":"https:\/\/proyectum.com\/cl\/wp-json\/wp\/v2\/posts\/10822","targetHints":{"allow":["GET"]}}],"collection":[{"href":"https:\/\/proyectum.com\/cl\/wp-json\/wp\/v2\/posts"}],"about":[{"href":"https:\/\/proyectum.com\/cl\/wp-json\/wp\/v2\/types\/post"}],"author":[{"embeddable":true,"href":"https:\/\/proyectum.com\/cl\/wp-json\/wp\/v2\/users\/26"}],"replies":[{"embeddable":true,"href":"https:\/\/proyectum.com\/cl\/wp-json\/wp\/v2\/comments?post=10822"}],"version-history":[{"count":0,"href":"https:\/\/proyectum.com\/cl\/wp-json\/wp\/v2\/posts\/10822\/revisions"}],"wp:featuredmedia":[{"embeddable":true,"href":"https:\/\/proyectum.com\/cl\/wp-json\/wp\/v2\/media\/10962"}],"wp:attachment":[{"href":"https:\/\/proyectum.com\/cl\/wp-json\/wp\/v2\/media?parent=10822"}],"wp:term":[{"taxonomy":"category","embeddable":true,"href":"https:\/\/proyectum.com\/cl\/wp-json\/wp\/v2\/categories?post=10822"},{"taxonomy":"post_tag","embeddable":true,"href":"https:\/\/proyectum.com\/cl\/wp-json\/wp\/v2\/tags?post=10822"}],"curies":[{"name":"wp","href":"https:\/\/api.w.org\/{rel}","templated":true}]}}