{"id":1539,"date":"2015-01-13T16:23:45","date_gmt":"2015-01-13T22:23:45","guid":{"rendered":"https:\/\/proyectum.wordpress.com\/?p=1539"},"modified":"2015-01-13T16:23:45","modified_gmt":"2015-01-13T22:23:45","slug":"carta-editorial-2015","status":"publish","type":"post","link":"https:\/\/proyectum.com\/cl\/carta-editorial-2015\/","title":{"rendered":"Carta Editorial &#8211; 2015"},"content":{"rendered":"<p><a href=\"https:\/\/proyectum.files.wordpress.com\/2015\/01\/jorge-valdc3a9s.jpg\"><img decoding=\"async\" class=\"alignright size-thumbnail wp-image-1544\" src=\"https:\/\/proyectum.files.wordpress.com\/2015\/01\/jorge-valdc3a9s.jpg?w=119\" alt=\"Jorge Vald\u00e9s\" width=\"119\" height=\"150\" \/><\/a>Dicen que Lao Tz\u00e9 dijo hace m\u00e1s de 4,000 a\u00f1os que <strong>el camino de 10,000 kil\u00f3metros inicia con un simple paso<\/strong>. En <strong>Proyectum<\/strong> hace ya 10 a\u00f1os que decidimos dar el primer paso, el primer paso de una aventura por compartir que nos ha tra\u00eddo much\u00edsimas satisfacciones.<\/p>\n<p>Este a\u00f1o 2015, nuestro programa editorial <strong>Proyectum<\/strong> cumple sus primeras 26,800 horas de existencia. Jornada que nos ha dado muchos aprendizajes, muchas lecciones profesionales y de vida, y donde hemos podido instrumentar un mecanismo de publicaci\u00f3n de valiosos contenidos, que solo hemos interrumpido, tradicionalmente, durante el mes de diciembre para recargar bater\u00edas.<\/p>\n<p>Decididos a no dejar pasar desapercibido este hito en nuestra vida profesional y en la <strong>vida de Proyectum<\/strong>, queremos honrar estos <strong>10 a\u00f1os de existencia<\/strong> renov\u00e1ndonos en muchos sentidos.<\/p>\n<p>Vamos a desarrollar una nueva imagen y queremos incluir nuevas secciones de contenido. Siempre con la consciencia de que es muy f\u00e1cil plantear ideas, pero realmente dif\u00edcil ponerlas en pr\u00e1ctica y mucho m\u00e1s mantenerlas. As\u00ed, en este mensaje, muy a tono con los nuevos prop\u00f3sitos y decisiones de inicio de a\u00f1o, estamos lanzando nuestro compromiso de ofrecer contenidos interesantes alrededor de <strong>temas de negocios<\/strong>, con <strong>\u00e9nfasis en direcci\u00f3n de proyectos<\/strong>.<\/p>\n<p>Esto implica que muy pronto estaremos presentando colaboradores que complementar\u00e1n de manera importante nuestro equipo editorial y que estamos seguros, contribuir\u00e1n de manera interesante con sus conocimientos y recomendaciones a enriquecernos cada d\u00eda.<\/p>\n<p><a href=\"https:\/\/proyectum.files.wordpress.com\/2014\/05\/proyectum270514.jpg\"><img fetchpriority=\"high\" decoding=\"async\" class=\"aligncenter size-full wp-image-1358\" src=\"https:\/\/proyectum.files.wordpress.com\/2014\/05\/proyectum270514.jpg\" alt=\"Carta editorial Jorge Vald\u00e9s\" width=\"500\" height=\"500\" \/><\/a><\/p>\n<p><strong>El 2015 y el significado del n\u00famero 8. <\/strong><\/p>\n<p>Tradicionalmente hemos hablado de los presagios que nos trae un nuevo a\u00f1o en t\u00e9rminos de numerolog\u00eda. <strong>2015 suma 8<\/strong> y el n\u00famero 8 en t\u00e9rminos de numerolog\u00eda es poderoso.<\/p>\n<p>Por ejemplo, para la cultura China, el <strong>8 es un s\u00edmbolo de buena suerte<\/strong>. En el mundo occidental, simboliza la <strong>autosuficiencia<\/strong>, el <strong>\u00e9xito material<\/strong> y la <strong>firmeza de planteamientos<\/strong>. Es un n\u00famero que puede representar grandes logros en t\u00e9rminos de habilidades ejecutivas y la oportunidad de mejorar nuestras pr\u00e1cticas corporativas, sobre todo las de direcci\u00f3n. En t\u00e9rminos personales, representar\u00e1 la oportunidad de poner en pr\u00e1ctica y desarrollar habilidades de negociaci\u00f3n y de toma de decisiones.<\/p>\n<p>En algunos casos el n\u00famero 8 se representa con 2 serpientes entrelazadas en uno o dos b\u00e1culos (seg\u00fan la leyenda que se use como referencia), lo que se conoce como <strong>Caduceo<\/strong> seg\u00fan la mitolog\u00eda griega y que es un emblema que frecuentemente se usa para representar al comercio. Incluso en algunas instituciones educativas se usa para representar el estudio de las ciencias econ\u00f3micas, como es el caso de la Escuela Superior de Comercio y Administraci\u00f3n del Instituto Polit\u00e9cnico Nacional en M\u00e9xico.<\/p>\n<p><strong>El Caduceo<\/strong>, s\u00edmbolo m\u00edstico otorgado al n\u00famero 8 alude al equilibrio entre fuerzas antag\u00f3nicas. Se ha dicho que el n\u00famero es s\u00edmbolo del eterno movimiento c\u00f3smico que es base de regeneraci\u00f3n y de infinito.<\/p>\n<p>En la cosmogon\u00eda de la edad media, el 8 era el n\u00famero que representa el firmamento y la perfecci\u00f3n de los influjos planetarios.<\/p>\n<p>Aprovecho para agradecer fraternalmente a todo el equipo de colaboradores que hace y ha hecho de <strong>Proyectum<\/strong> una realidad desde hace ya 10 a\u00f1os, agradecer a todos nuestros queridos lectores que son la raz\u00f3n de nuestra existencia e ilusiones y desde esta trinchera deseamos que para todos ustedes el 2015 sea un a\u00f1o de grandes logros personales y profesionales en donde alcancen sus sue\u00f1os.<\/p>\n<p>Con nuestros mejores deseos:<\/p>\n<p><strong>Jorge Vald\u00e9s Garciatorres<br \/>\nDirector Editorial<br \/>\nProyectum<\/strong><\/p>\n","protected":false},"excerpt":{"rendered":"<p>Dicen que Lao Tz\u00e9 dijo hace m\u00e1s de 4,000 a\u00f1os que el camino de 10,000 kil\u00f3metros inicia con un simple paso. En Proyectum hace ya 10 a\u00f1os que decidimos dar el primer paso, el primer paso de una aventura por compartir que nos ha tra\u00eddo much\u00edsimas satisfacciones. Este a\u00f1o 2015, nuestro programa editorial Proyectum cumple [&hellip;]<\/p>\n","protected":false},"author":26,"featured_media":0,"comment_status":"closed","ping_status":"closed","sticky":false,"template":"","format":"standard","meta":{"_acf_changed":false,"footnotes":""},"categories":[345,232],"tags":[346],"class_list":["post-1539","post","type-post","status-publish","format-standard","hentry","category-editorial","category-reflexiones","tag-jorge-valdes"],"acf":[],"yoast_head":"<!-- This site is optimized with the Yoast SEO plugin v24.4 - https:\/\/yoast.com\/wordpress\/plugins\/seo\/ -->\n<title>Carta Editorial - 2015 - Proyectum Chile<\/title>\n<meta name=\"robots\" content=\"index, follow, max-snippet:-1, max-image-preview:large, max-video-preview:-1\" \/>\n<link rel=\"canonical\" href=\"https:\/\/proyectum.com\/cl\/carta-editorial-2015\/\" \/>\n<meta property=\"og:locale\" content=\"es_ES\" \/>\n<meta property=\"og:type\" content=\"article\" \/>\n<meta property=\"og:title\" content=\"Carta Editorial - 2015 - Proyectum Chile\" \/>\n<meta property=\"og:description\" content=\"Dicen que Lao Tz\u00e9 dijo hace m\u00e1s de 4,000 a\u00f1os que el camino de 10,000 kil\u00f3metros inicia con un simple paso. En Proyectum hace ya 10 a\u00f1os que decidimos dar el primer paso, el primer paso de una aventura por compartir que nos ha tra\u00eddo much\u00edsimas satisfacciones. Este a\u00f1o 2015, nuestro programa editorial Proyectum cumple [&hellip;]\" \/>\n<meta property=\"og:url\" content=\"https:\/\/proyectum.com\/cl\/carta-editorial-2015\/\" \/>\n<meta property=\"og:site_name\" content=\"Proyectum Chile\" \/>\n<meta property=\"article:publisher\" content=\"https:\/\/www.facebook.com\/proyectumchile\/\" \/>\n<meta property=\"article:published_time\" content=\"2015-01-13T22:23:45+00:00\" \/>\n<meta property=\"og:image\" content=\"https:\/\/proyectum.files.wordpress.com\/2015\/01\/jorge-valdc3a9s.jpg?w=119\" \/>\n<meta name=\"author\" content=\"Proyectum 2025\" \/>\n<meta name=\"twitter:card\" content=\"summary_large_image\" \/>\n<meta name=\"twitter:label1\" content=\"Escrito por\" \/>\n\t<meta name=\"twitter:data1\" content=\"Proyectum 2025\" \/>\n\t<meta name=\"twitter:label2\" content=\"Tiempo de lectura\" \/>\n\t<meta name=\"twitter:data2\" content=\"3 minutos\" \/>\n<script type=\"application\/ld+json\" class=\"yoast-schema-graph\">{\"@context\":\"https:\/\/schema.org\",\"@graph\":[{\"@type\":\"Article\",\"@id\":\"https:\/\/proyectum.com\/cl\/carta-editorial-2015\/#article\",\"isPartOf\":{\"@id\":\"https:\/\/proyectum.com\/cl\/carta-editorial-2015\/\"},\"author\":{\"name\":\"Proyectum 2025\",\"@id\":\"https:\/\/proyectum.com\/cl\/#\/schema\/person\/7d5caa4386a11be650af177d3f2e5aee\"},\"headline\":\"Carta Editorial &#8211; 2015\",\"datePublished\":\"2015-01-13T22:23:45+00:00\",\"mainEntityOfPage\":{\"@id\":\"https:\/\/proyectum.com\/cl\/carta-editorial-2015\/\"},\"wordCount\":601,\"publisher\":{\"@id\":\"https:\/\/proyectum.com\/cl\/#organization\"},\"image\":{\"@id\":\"https:\/\/proyectum.com\/cl\/carta-editorial-2015\/#primaryimage\"},\"thumbnailUrl\":\"https:\/\/proyectum.files.wordpress.com\/2015\/01\/jorge-valdc3a9s.jpg?w=119\",\"keywords\":[\"Jorge Vald\u00e9s\"],\"articleSection\":[\"Editorial\",\"Reflexiones\"],\"inLanguage\":\"es\"},{\"@type\":\"WebPage\",\"@id\":\"https:\/\/proyectum.com\/cl\/carta-editorial-2015\/\",\"url\":\"https:\/\/proyectum.com\/cl\/carta-editorial-2015\/\",\"name\":\"Carta Editorial - 2015 - Proyectum Chile\",\"isPartOf\":{\"@id\":\"https:\/\/proyectum.com\/cl\/#website\"},\"primaryImageOfPage\":{\"@id\":\"https:\/\/proyectum.com\/cl\/carta-editorial-2015\/#primaryimage\"},\"image\":{\"@id\":\"https:\/\/proyectum.com\/cl\/carta-editorial-2015\/#primaryimage\"},\"thumbnailUrl\":\"https:\/\/proyectum.files.wordpress.com\/2015\/01\/jorge-valdc3a9s.jpg?w=119\",\"datePublished\":\"2015-01-13T22:23:45+00:00\",\"breadcrumb\":{\"@id\":\"https:\/\/proyectum.com\/cl\/carta-editorial-2015\/#breadcrumb\"},\"inLanguage\":\"es\",\"potentialAction\":[{\"@type\":\"ReadAction\",\"target\":[\"https:\/\/proyectum.com\/cl\/carta-editorial-2015\/\"]}]},{\"@type\":\"ImageObject\",\"inLanguage\":\"es\",\"@id\":\"https:\/\/proyectum.com\/cl\/carta-editorial-2015\/#primaryimage\",\"url\":\"https:\/\/proyectum.files.wordpress.com\/2015\/01\/jorge-valdc3a9s.jpg?w=119\",\"contentUrl\":\"https:\/\/proyectum.files.wordpress.com\/2015\/01\/jorge-valdc3a9s.jpg?w=119\"},{\"@type\":\"BreadcrumbList\",\"@id\":\"https:\/\/proyectum.com\/cl\/carta-editorial-2015\/#breadcrumb\",\"itemListElement\":[{\"@type\":\"ListItem\",\"position\":1,\"name\":\"Home\",\"item\":\"https:\/\/proyectum.com\/cl\/\"},{\"@type\":\"ListItem\",\"position\":2,\"name\":\"Carta Editorial &#8211; 2015\"}]},{\"@type\":\"WebSite\",\"@id\":\"https:\/\/proyectum.com\/cl\/#website\",\"url\":\"https:\/\/proyectum.com\/cl\/\",\"name\":\"Proyectum Chile\",\"description\":\"Direcci\u00f3n de Proyectos y Metodolog\u00edas \u00c1giles\",\"publisher\":{\"@id\":\"https:\/\/proyectum.com\/cl\/#organization\"},\"potentialAction\":[{\"@type\":\"SearchAction\",\"target\":{\"@type\":\"EntryPoint\",\"urlTemplate\":\"https:\/\/proyectum.com\/cl\/?s={search_term_string}\"},\"query-input\":{\"@type\":\"PropertyValueSpecification\",\"valueRequired\":true,\"valueName\":\"search_term_string\"}}],\"inLanguage\":\"es\"},{\"@type\":\"Organization\",\"@id\":\"https:\/\/proyectum.com\/cl\/#organization\",\"name\":\"Proyectum Chile\",\"url\":\"https:\/\/proyectum.com\/cl\/\",\"logo\":{\"@type\":\"ImageObject\",\"inLanguage\":\"es\",\"@id\":\"https:\/\/proyectum.com\/cl\/#\/schema\/logo\/image\/\",\"url\":\"https:\/\/proyectum.com\/cl\/wp-content\/uploads\/2020\/04\/proyectum-logo-snippet.png\",\"contentUrl\":\"https:\/\/proyectum.com\/cl\/wp-content\/uploads\/2020\/04\/proyectum-logo-snippet.png\",\"width\":600,\"height\":315,\"caption\":\"Proyectum Chile\"},\"image\":{\"@id\":\"https:\/\/proyectum.com\/cl\/#\/schema\/logo\/image\/\"},\"sameAs\":[\"https:\/\/www.facebook.com\/proyectumchile\/\",\"https:\/\/www.linkedin.com\/company\/proyectum-cl\/\",\"https:\/\/www.instagram.com\/proyectumchile\/\",\"https:\/\/www.youtube.com\/@proyectum2283\/videos\"]},{\"@type\":\"Person\",\"@id\":\"https:\/\/proyectum.com\/cl\/#\/schema\/person\/7d5caa4386a11be650af177d3f2e5aee\",\"name\":\"Proyectum 2025\",\"image\":{\"@type\":\"ImageObject\",\"inLanguage\":\"es\",\"@id\":\"https:\/\/proyectum.com\/cl\/#\/schema\/person\/image\/\",\"url\":\"https:\/\/secure.gravatar.com\/avatar\/df82793fddd8f0a5a84fdb27d958bf73?s=96&d=mm&r=g\",\"contentUrl\":\"https:\/\/secure.gravatar.com\/avatar\/df82793fddd8f0a5a84fdb27d958bf73?s=96&d=mm&r=g\",\"caption\":\"Proyectum 2025\"}}]}<\/script>\n<!-- \/ Yoast SEO plugin. -->","yoast_head_json":{"title":"Carta Editorial - 2015 - Proyectum Chile","robots":{"index":"index","follow":"follow","max-snippet":"max-snippet:-1","max-image-preview":"max-image-preview:large","max-video-preview":"max-video-preview:-1"},"canonical":"https:\/\/proyectum.com\/cl\/carta-editorial-2015\/","og_locale":"es_ES","og_type":"article","og_title":"Carta Editorial - 2015 - Proyectum Chile","og_description":"Dicen que Lao Tz\u00e9 dijo hace m\u00e1s de 4,000 a\u00f1os que el camino de 10,000 kil\u00f3metros inicia con un simple paso. En Proyectum hace ya 10 a\u00f1os que decidimos dar el primer paso, el primer paso de una aventura por compartir que nos ha tra\u00eddo much\u00edsimas satisfacciones. Este a\u00f1o 2015, nuestro programa editorial Proyectum cumple [&hellip;]","og_url":"https:\/\/proyectum.com\/cl\/carta-editorial-2015\/","og_site_name":"Proyectum Chile","article_publisher":"https:\/\/www.facebook.com\/proyectumchile\/","article_published_time":"2015-01-13T22:23:45+00:00","og_image":[{"url":"https:\/\/proyectum.files.wordpress.com\/2015\/01\/jorge-valdc3a9s.jpg?w=119","type":"","width":"","height":""}],"author":"Proyectum 2025","twitter_card":"summary_large_image","twitter_misc":{"Escrito por":"Proyectum 2025","Tiempo de lectura":"3 minutos"},"schema":{"@context":"https:\/\/schema.org","@graph":[{"@type":"Article","@id":"https:\/\/proyectum.com\/cl\/carta-editorial-2015\/#article","isPartOf":{"@id":"https:\/\/proyectum.com\/cl\/carta-editorial-2015\/"},"author":{"name":"Proyectum 2025","@id":"https:\/\/proyectum.com\/cl\/#\/schema\/person\/7d5caa4386a11be650af177d3f2e5aee"},"headline":"Carta Editorial &#8211; 2015","datePublished":"2015-01-13T22:23:45+00:00","mainEntityOfPage":{"@id":"https:\/\/proyectum.com\/cl\/carta-editorial-2015\/"},"wordCount":601,"publisher":{"@id":"https:\/\/proyectum.com\/cl\/#organization"},"image":{"@id":"https:\/\/proyectum.com\/cl\/carta-editorial-2015\/#primaryimage"},"thumbnailUrl":"https:\/\/proyectum.files.wordpress.com\/2015\/01\/jorge-valdc3a9s.jpg?w=119","keywords":["Jorge Vald\u00e9s"],"articleSection":["Editorial","Reflexiones"],"inLanguage":"es"},{"@type":"WebPage","@id":"https:\/\/proyectum.com\/cl\/carta-editorial-2015\/","url":"https:\/\/proyectum.com\/cl\/carta-editorial-2015\/","name":"Carta Editorial - 2015 - Proyectum Chile","isPartOf":{"@id":"https:\/\/proyectum.com\/cl\/#website"},"primaryImageOfPage":{"@id":"https:\/\/proyectum.com\/cl\/carta-editorial-2015\/#primaryimage"},"image":{"@id":"https:\/\/proyectum.com\/cl\/carta-editorial-2015\/#primaryimage"},"thumbnailUrl":"https:\/\/proyectum.files.wordpress.com\/2015\/01\/jorge-valdc3a9s.jpg?w=119","datePublished":"2015-01-13T22:23:45+00:00","breadcrumb":{"@id":"https:\/\/proyectum.com\/cl\/carta-editorial-2015\/#breadcrumb"},"inLanguage":"es","potentialAction":[{"@type":"ReadAction","target":["https:\/\/proyectum.com\/cl\/carta-editorial-2015\/"]}]},{"@type":"ImageObject","inLanguage":"es","@id":"https:\/\/proyectum.com\/cl\/carta-editorial-2015\/#primaryimage","url":"https:\/\/proyectum.files.wordpress.com\/2015\/01\/jorge-valdc3a9s.jpg?w=119","contentUrl":"https:\/\/proyectum.files.wordpress.com\/2015\/01\/jorge-valdc3a9s.jpg?w=119"},{"@type":"BreadcrumbList","@id":"https:\/\/proyectum.com\/cl\/carta-editorial-2015\/#breadcrumb","itemListElement":[{"@type":"ListItem","position":1,"name":"Home","item":"https:\/\/proyectum.com\/cl\/"},{"@type":"ListItem","position":2,"name":"Carta Editorial &#8211; 2015"}]},{"@type":"WebSite","@id":"https:\/\/proyectum.com\/cl\/#website","url":"https:\/\/proyectum.com\/cl\/","name":"Proyectum Chile","description":"Direcci\u00f3n de Proyectos y Metodolog\u00edas \u00c1giles","publisher":{"@id":"https:\/\/proyectum.com\/cl\/#organization"},"potentialAction":[{"@type":"SearchAction","target":{"@type":"EntryPoint","urlTemplate":"https:\/\/proyectum.com\/cl\/?s={search_term_string}"},"query-input":{"@type":"PropertyValueSpecification","valueRequired":true,"valueName":"search_term_string"}}],"inLanguage":"es"},{"@type":"Organization","@id":"https:\/\/proyectum.com\/cl\/#organization","name":"Proyectum Chile","url":"https:\/\/proyectum.com\/cl\/","logo":{"@type":"ImageObject","inLanguage":"es","@id":"https:\/\/proyectum.com\/cl\/#\/schema\/logo\/image\/","url":"https:\/\/proyectum.com\/cl\/wp-content\/uploads\/2020\/04\/proyectum-logo-snippet.png","contentUrl":"https:\/\/proyectum.com\/cl\/wp-content\/uploads\/2020\/04\/proyectum-logo-snippet.png","width":600,"height":315,"caption":"Proyectum Chile"},"image":{"@id":"https:\/\/proyectum.com\/cl\/#\/schema\/logo\/image\/"},"sameAs":["https:\/\/www.facebook.com\/proyectumchile\/","https:\/\/www.linkedin.com\/company\/proyectum-cl\/","https:\/\/www.instagram.com\/proyectumchile\/","https:\/\/www.youtube.com\/@proyectum2283\/videos"]},{"@type":"Person","@id":"https:\/\/proyectum.com\/cl\/#\/schema\/person\/7d5caa4386a11be650af177d3f2e5aee","name":"Proyectum 2025","image":{"@type":"ImageObject","inLanguage":"es","@id":"https:\/\/proyectum.com\/cl\/#\/schema\/person\/image\/","url":"https:\/\/secure.gravatar.com\/avatar\/df82793fddd8f0a5a84fdb27d958bf73?s=96&d=mm&r=g","contentUrl":"https:\/\/secure.gravatar.com\/avatar\/df82793fddd8f0a5a84fdb27d958bf73?s=96&d=mm&r=g","caption":"Proyectum 2025"}}]}},"_links":{"self":[{"href":"https:\/\/proyectum.com\/cl\/wp-json\/wp\/v2\/posts\/1539","targetHints":{"allow":["GET"]}}],"collection":[{"href":"https:\/\/proyectum.com\/cl\/wp-json\/wp\/v2\/posts"}],"about":[{"href":"https:\/\/proyectum.com\/cl\/wp-json\/wp\/v2\/types\/post"}],"author":[{"embeddable":true,"href":"https:\/\/proyectum.com\/cl\/wp-json\/wp\/v2\/users\/26"}],"replies":[{"embeddable":true,"href":"https:\/\/proyectum.com\/cl\/wp-json\/wp\/v2\/comments?post=1539"}],"version-history":[{"count":0,"href":"https:\/\/proyectum.com\/cl\/wp-json\/wp\/v2\/posts\/1539\/revisions"}],"wp:attachment":[{"href":"https:\/\/proyectum.com\/cl\/wp-json\/wp\/v2\/media?parent=1539"}],"wp:term":[{"taxonomy":"category","embeddable":true,"href":"https:\/\/proyectum.com\/cl\/wp-json\/wp\/v2\/categories?post=1539"},{"taxonomy":"post_tag","embeddable":true,"href":"https:\/\/proyectum.com\/cl\/wp-json\/wp\/v2\/tags?post=1539"}],"curies":[{"name":"wp","href":"https:\/\/api.w.org\/{rel}","templated":true}]}}