{"id":1643,"date":"2015-03-09T09:30:04","date_gmt":"2015-03-09T15:30:04","guid":{"rendered":"https:\/\/proyectum.wordpress.com\/?p=1643"},"modified":"2015-03-09T09:30:04","modified_gmt":"2015-03-09T15:30:04","slug":"editorial-las-mujeres-estan-mejor-equipadas-para-dirigir-proyectos","status":"publish","type":"post","link":"https:\/\/proyectum.com\/cl\/editorial-las-mujeres-estan-mejor-equipadas-para-dirigir-proyectos\/","title":{"rendered":"Editorial: Las mujeres est\u00e1n mejor equipadas para dirigir proyectos"},"content":{"rendered":"<p><strong>Por Jorge Vald\u00e9s, PMP.<\/strong><\/p>\n<p>\u201c<em>La mujer es compa\u00f1era y complemento del hombre, dotada con la misma o superior capacidad mental. Si por fuerza entendemos altos valores morales, entonces la mujer es infinitamente superior al hombre, si la NO violencia es la ley de nuestro ser, entonces el futuro est\u00e1 con las mujeres\u2026<\/em>\u201c<\/p>\n<p><strong>Mahatma Gandhi<\/strong><\/p>\n<p>Mientras escribo estas l\u00edneas transcurre lentamente el tiempo y en pocos minutos dar\u00e1 inicio del <strong>d\u00eda internacional de la mujer<\/strong>. Esto de establecer d\u00edas para que no se nos olvide lo que debemos hacer siempre, en este caso, <strong>honrar a las mujeres y la feminidad<\/strong>, me genera sentimientos encontrados. Por una parte, me enoja que algunos advenedizos lo <a href=\"https:\/\/proyectum.files.wordpress.com\/2015\/01\/jorge-valdc3a9s.jpg\"><img decoding=\"async\" src=\"https:\/\/proyectum.files.wordpress.com\/2015\/01\/jorge-valdc3a9s.jpg?w=119\" alt=\"Jorge Vald\u00e9s\" width=\"119\" height=\"150\" class=\"alignright size-thumbnail wp-image-1544\" \/><\/a>usen como un artilugio mercadol\u00f3gico, por otra parte celebro que algunos otros al menos por un d\u00eda, <strong>celebren y honren a la mujer<\/strong>. Este a\u00f1o las <strong>Naciones Unidas han establecido como lema para este importante acontecimiento la frase \u201cfacultemos a las mujeres\u201d<\/strong>.  Yo creo que esta frase est\u00e1 mal de origen. Para mi, las mujeres est\u00e1n facultadas naturalmente para muchas, much\u00edsimas situaciones en el mundo de negocios y en el plano familiar.<\/p>\n<p>Esta merecida celebraci\u00f3n que encuentra sus vestigios all\u00e1 en 1909 cuando por primera vez fue celebrado el d\u00eda de la mujer en Estados Unidos. Sin lugar a dudas, las mujeres han venido ganando un merecido terreno en todos lo \u00e1mbitos del quehacer humano. Ya desde 2009 de acuerdo con estad\u00edsticas publicadas por el foro consultivo, las mujeres representan una mayor\u00eda indiscutible en la matricula de estudios de posgrado.<\/p>\n<p>En el \u00e1mbito de negocios, cada vez encontramos <strong>un mayor n\u00famero de mujeres en posiciones de liderazgo<\/strong> y en mi humilde opini\u00f3n, esto se nota en el ambiente organizacional, haci\u00e9ndolo m\u00e1s humano y m\u00e1s colaborativo, pero nunca menos exigente, al contrario.<\/p>\n<p>El \u00e1mbito de proyectos, no es la excepci\u00f3n, <strong>cada vez m\u00e1s mujeres est\u00e1n a cargo de los destinos de proyectos<\/strong> que sin duda contribuyen a lograr objetivos sustantivos en las organizaciones y como consecuencia en nuestra sociedad. Desde mi punto de vista, las mujeres <strong>est\u00e1n amplia y naturalmente mejor equipadas que los hombres para conducir proyectos<\/strong> por varias sencillas razones. Son mejores comunicadoras, parecen dominar <strong>de manera nata el dulce arte de preguntar<\/strong>. Por otra parte,  de manera intuitiva ponen en pr\u00e1ctica el sabio consejo de Epicteto cuando reflexion\u00f3 que <strong>el ser humano tiene dos o\u00eddos y una boca para escuchar el doble de lo que habla<\/strong>. No es un secreto para nadie que evolutivamente han desarrollado una enorme capacidad de simultaneidad cerebral que les permite mantener una gran visi\u00f3n de todas las variables del proyecto y a la vez estar en el detalle cotidiano del proyecto. Finalmente, tienen una natural proclividad hacia las <strong>habilidades interpersonales<\/strong>, son emp\u00e1ticas, tolerantes, maestras, c\u00f3mplices y muy divertidas.<\/p>\n<p>En el \u00e1mbito laboral, saludo y agradezco la oportunidad de <strong>interactuar todos los d\u00edas con mujeres<\/strong> de gran capacidad y trayectoria, de mucho empuje y siempre, siempre, dispuestas a dar ese extra que hist\u00f3ricamente han tenido que dar pues, como dice la canci\u00f3n, es un mundo de hombres, pero no ser\u00eda nada, nada sin una chica o una mujer. <strong>En el plano personal, convivo cotidianamente con 3 lindas  chicas y todos los d\u00edas aprendo algo de ellas<\/strong>.<\/p>\n<p>Por todo eso \u00a1<strong>Celebremos a la mujer SIEMPRE<\/strong>!<\/p>\n<p><a href=\"http:\/\/tenstep.mx\/registro-proyectum.html\" target=\"_blank\" rel=\"noopener noreferrer\"><img decoding=\"async\" src=\"https:\/\/proyectum.files.wordpress.com\/2015\/01\/suscribete.jpg?w=300\" alt=\"Suscribete Proyectum\" width=\"300\" height=\"75\" class=\"aligncenter size-medium wp-image-1548\" \/><\/a><\/p>\n","protected":false},"excerpt":{"rendered":"<p>Por Jorge Vald\u00e9s, PMP. \u201cLa mujer es compa\u00f1era y complemento del hombre, dotada con la misma o superior capacidad mental. Si por fuerza entendemos altos valores morales, entonces la mujer es infinitamente superior al hombre, si la NO violencia es la ley de nuestro ser, entonces el futuro est\u00e1 con las mujeres\u2026\u201c Mahatma Gandhi Mientras [&hellip;]<\/p>\n","protected":false},"author":26,"featured_media":0,"comment_status":"open","ping_status":"open","sticky":false,"template":"","format":"standard","meta":{"_acf_changed":false,"footnotes":""},"categories":[345],"tags":[339,346],"class_list":["post-1643","post","type-post","status-publish","format-standard","hentry","category-editorial","tag-habilidades-interpersonales","tag-jorge-valdes"],"acf":[],"yoast_head":"<!-- This site is optimized with the Yoast SEO plugin v24.4 - https:\/\/yoast.com\/wordpress\/plugins\/seo\/ -->\n<title>Editorial: Las mujeres est\u00e1n mejor equipadas para dirigir proyectos - Proyectum Chile<\/title>\n<meta name=\"robots\" content=\"index, follow, max-snippet:-1, max-image-preview:large, max-video-preview:-1\" \/>\n<link rel=\"canonical\" href=\"https:\/\/proyectum.com\/cl\/editorial-las-mujeres-estan-mejor-equipadas-para-dirigir-proyectos\/\" \/>\n<meta property=\"og:locale\" content=\"es_ES\" \/>\n<meta property=\"og:type\" content=\"article\" \/>\n<meta property=\"og:title\" content=\"Editorial: Las mujeres est\u00e1n mejor equipadas para dirigir proyectos - Proyectum Chile\" \/>\n<meta property=\"og:description\" content=\"Por Jorge Vald\u00e9s, PMP. \u201cLa mujer es compa\u00f1era y complemento del hombre, dotada con la misma o superior capacidad mental. Si por fuerza entendemos altos valores morales, entonces la mujer es infinitamente superior al hombre, si la NO violencia es la ley de nuestro ser, entonces el futuro est\u00e1 con las mujeres\u2026\u201c Mahatma Gandhi Mientras [&hellip;]\" \/>\n<meta property=\"og:url\" content=\"https:\/\/proyectum.com\/cl\/editorial-las-mujeres-estan-mejor-equipadas-para-dirigir-proyectos\/\" \/>\n<meta property=\"og:site_name\" content=\"Proyectum Chile\" \/>\n<meta property=\"article:publisher\" content=\"https:\/\/www.facebook.com\/proyectumchile\/\" \/>\n<meta property=\"article:published_time\" content=\"2015-03-09T15:30:04+00:00\" \/>\n<meta property=\"og:image\" content=\"https:\/\/proyectum.files.wordpress.com\/2015\/01\/jorge-valdc3a9s.jpg?w=119\" \/>\n<meta name=\"author\" content=\"Proyectum 2025\" \/>\n<meta name=\"twitter:card\" content=\"summary_large_image\" \/>\n<meta name=\"twitter:label1\" content=\"Escrito por\" \/>\n\t<meta name=\"twitter:data1\" content=\"Proyectum 2025\" \/>\n\t<meta name=\"twitter:label2\" content=\"Tiempo de lectura\" \/>\n\t<meta name=\"twitter:data2\" content=\"3 minutos\" \/>\n<script type=\"application\/ld+json\" class=\"yoast-schema-graph\">{\"@context\":\"https:\/\/schema.org\",\"@graph\":[{\"@type\":\"Article\",\"@id\":\"https:\/\/proyectum.com\/cl\/editorial-las-mujeres-estan-mejor-equipadas-para-dirigir-proyectos\/#article\",\"isPartOf\":{\"@id\":\"https:\/\/proyectum.com\/cl\/editorial-las-mujeres-estan-mejor-equipadas-para-dirigir-proyectos\/\"},\"author\":{\"name\":\"Proyectum 2025\",\"@id\":\"https:\/\/proyectum.com\/cl\/#\/schema\/person\/7d5caa4386a11be650af177d3f2e5aee\"},\"headline\":\"Editorial: Las mujeres est\u00e1n mejor equipadas para dirigir proyectos\",\"datePublished\":\"2015-03-09T15:30:04+00:00\",\"mainEntityOfPage\":{\"@id\":\"https:\/\/proyectum.com\/cl\/editorial-las-mujeres-estan-mejor-equipadas-para-dirigir-proyectos\/\"},\"wordCount\":582,\"commentCount\":0,\"publisher\":{\"@id\":\"https:\/\/proyectum.com\/cl\/#organization\"},\"image\":{\"@id\":\"https:\/\/proyectum.com\/cl\/editorial-las-mujeres-estan-mejor-equipadas-para-dirigir-proyectos\/#primaryimage\"},\"thumbnailUrl\":\"https:\/\/proyectum.files.wordpress.com\/2015\/01\/jorge-valdc3a9s.jpg?w=119\",\"keywords\":[\"habilidades interpersonales\",\"Jorge Vald\u00e9s\"],\"articleSection\":[\"Editorial\"],\"inLanguage\":\"es\",\"potentialAction\":[{\"@type\":\"CommentAction\",\"name\":\"Comment\",\"target\":[\"https:\/\/proyectum.com\/cl\/editorial-las-mujeres-estan-mejor-equipadas-para-dirigir-proyectos\/#respond\"]}]},{\"@type\":\"WebPage\",\"@id\":\"https:\/\/proyectum.com\/cl\/editorial-las-mujeres-estan-mejor-equipadas-para-dirigir-proyectos\/\",\"url\":\"https:\/\/proyectum.com\/cl\/editorial-las-mujeres-estan-mejor-equipadas-para-dirigir-proyectos\/\",\"name\":\"Editorial: Las mujeres est\u00e1n mejor equipadas para dirigir proyectos - Proyectum Chile\",\"isPartOf\":{\"@id\":\"https:\/\/proyectum.com\/cl\/#website\"},\"primaryImageOfPage\":{\"@id\":\"https:\/\/proyectum.com\/cl\/editorial-las-mujeres-estan-mejor-equipadas-para-dirigir-proyectos\/#primaryimage\"},\"image\":{\"@id\":\"https:\/\/proyectum.com\/cl\/editorial-las-mujeres-estan-mejor-equipadas-para-dirigir-proyectos\/#primaryimage\"},\"thumbnailUrl\":\"https:\/\/proyectum.files.wordpress.com\/2015\/01\/jorge-valdc3a9s.jpg?w=119\",\"datePublished\":\"2015-03-09T15:30:04+00:00\",\"breadcrumb\":{\"@id\":\"https:\/\/proyectum.com\/cl\/editorial-las-mujeres-estan-mejor-equipadas-para-dirigir-proyectos\/#breadcrumb\"},\"inLanguage\":\"es\",\"potentialAction\":[{\"@type\":\"ReadAction\",\"target\":[\"https:\/\/proyectum.com\/cl\/editorial-las-mujeres-estan-mejor-equipadas-para-dirigir-proyectos\/\"]}]},{\"@type\":\"ImageObject\",\"inLanguage\":\"es\",\"@id\":\"https:\/\/proyectum.com\/cl\/editorial-las-mujeres-estan-mejor-equipadas-para-dirigir-proyectos\/#primaryimage\",\"url\":\"https:\/\/proyectum.files.wordpress.com\/2015\/01\/jorge-valdc3a9s.jpg?w=119\",\"contentUrl\":\"https:\/\/proyectum.files.wordpress.com\/2015\/01\/jorge-valdc3a9s.jpg?w=119\"},{\"@type\":\"BreadcrumbList\",\"@id\":\"https:\/\/proyectum.com\/cl\/editorial-las-mujeres-estan-mejor-equipadas-para-dirigir-proyectos\/#breadcrumb\",\"itemListElement\":[{\"@type\":\"ListItem\",\"position\":1,\"name\":\"Home\",\"item\":\"https:\/\/proyectum.com\/cl\/\"},{\"@type\":\"ListItem\",\"position\":2,\"name\":\"Editorial: Las mujeres est\u00e1n mejor equipadas para dirigir proyectos\"}]},{\"@type\":\"WebSite\",\"@id\":\"https:\/\/proyectum.com\/cl\/#website\",\"url\":\"https:\/\/proyectum.com\/cl\/\",\"name\":\"Proyectum Chile\",\"description\":\"Direcci\u00f3n de Proyectos y Metodolog\u00edas \u00c1giles\",\"publisher\":{\"@id\":\"https:\/\/proyectum.com\/cl\/#organization\"},\"potentialAction\":[{\"@type\":\"SearchAction\",\"target\":{\"@type\":\"EntryPoint\",\"urlTemplate\":\"https:\/\/proyectum.com\/cl\/?s={search_term_string}\"},\"query-input\":{\"@type\":\"PropertyValueSpecification\",\"valueRequired\":true,\"valueName\":\"search_term_string\"}}],\"inLanguage\":\"es\"},{\"@type\":\"Organization\",\"@id\":\"https:\/\/proyectum.com\/cl\/#organization\",\"name\":\"Proyectum Chile\",\"url\":\"https:\/\/proyectum.com\/cl\/\",\"logo\":{\"@type\":\"ImageObject\",\"inLanguage\":\"es\",\"@id\":\"https:\/\/proyectum.com\/cl\/#\/schema\/logo\/image\/\",\"url\":\"https:\/\/proyectum.com\/cl\/wp-content\/uploads\/2020\/04\/proyectum-logo-snippet.png\",\"contentUrl\":\"https:\/\/proyectum.com\/cl\/wp-content\/uploads\/2020\/04\/proyectum-logo-snippet.png\",\"width\":600,\"height\":315,\"caption\":\"Proyectum Chile\"},\"image\":{\"@id\":\"https:\/\/proyectum.com\/cl\/#\/schema\/logo\/image\/\"},\"sameAs\":[\"https:\/\/www.facebook.com\/proyectumchile\/\",\"https:\/\/www.linkedin.com\/company\/proyectum-cl\/\",\"https:\/\/www.instagram.com\/proyectumchile\/\",\"https:\/\/www.youtube.com\/@proyectum2283\/videos\"]},{\"@type\":\"Person\",\"@id\":\"https:\/\/proyectum.com\/cl\/#\/schema\/person\/7d5caa4386a11be650af177d3f2e5aee\",\"name\":\"Proyectum 2025\",\"image\":{\"@type\":\"ImageObject\",\"inLanguage\":\"es\",\"@id\":\"https:\/\/proyectum.com\/cl\/#\/schema\/person\/image\/\",\"url\":\"https:\/\/secure.gravatar.com\/avatar\/df82793fddd8f0a5a84fdb27d958bf73?s=96&d=mm&r=g\",\"contentUrl\":\"https:\/\/secure.gravatar.com\/avatar\/df82793fddd8f0a5a84fdb27d958bf73?s=96&d=mm&r=g\",\"caption\":\"Proyectum 2025\"}}]}<\/script>\n<!-- \/ Yoast SEO plugin. -->","yoast_head_json":{"title":"Editorial: Las mujeres est\u00e1n mejor equipadas para dirigir proyectos - Proyectum Chile","robots":{"index":"index","follow":"follow","max-snippet":"max-snippet:-1","max-image-preview":"max-image-preview:large","max-video-preview":"max-video-preview:-1"},"canonical":"https:\/\/proyectum.com\/cl\/editorial-las-mujeres-estan-mejor-equipadas-para-dirigir-proyectos\/","og_locale":"es_ES","og_type":"article","og_title":"Editorial: Las mujeres est\u00e1n mejor equipadas para dirigir proyectos - Proyectum Chile","og_description":"Por Jorge Vald\u00e9s, PMP. \u201cLa mujer es compa\u00f1era y complemento del hombre, dotada con la misma o superior capacidad mental. Si por fuerza entendemos altos valores morales, entonces la mujer es infinitamente superior al hombre, si la NO violencia es la ley de nuestro ser, entonces el futuro est\u00e1 con las mujeres\u2026\u201c Mahatma Gandhi Mientras [&hellip;]","og_url":"https:\/\/proyectum.com\/cl\/editorial-las-mujeres-estan-mejor-equipadas-para-dirigir-proyectos\/","og_site_name":"Proyectum Chile","article_publisher":"https:\/\/www.facebook.com\/proyectumchile\/","article_published_time":"2015-03-09T15:30:04+00:00","og_image":[{"url":"https:\/\/proyectum.files.wordpress.com\/2015\/01\/jorge-valdc3a9s.jpg?w=119","type":"","width":"","height":""}],"author":"Proyectum 2025","twitter_card":"summary_large_image","twitter_misc":{"Escrito por":"Proyectum 2025","Tiempo de lectura":"3 minutos"},"schema":{"@context":"https:\/\/schema.org","@graph":[{"@type":"Article","@id":"https:\/\/proyectum.com\/cl\/editorial-las-mujeres-estan-mejor-equipadas-para-dirigir-proyectos\/#article","isPartOf":{"@id":"https:\/\/proyectum.com\/cl\/editorial-las-mujeres-estan-mejor-equipadas-para-dirigir-proyectos\/"},"author":{"name":"Proyectum 2025","@id":"https:\/\/proyectum.com\/cl\/#\/schema\/person\/7d5caa4386a11be650af177d3f2e5aee"},"headline":"Editorial: Las mujeres est\u00e1n mejor equipadas para dirigir proyectos","datePublished":"2015-03-09T15:30:04+00:00","mainEntityOfPage":{"@id":"https:\/\/proyectum.com\/cl\/editorial-las-mujeres-estan-mejor-equipadas-para-dirigir-proyectos\/"},"wordCount":582,"commentCount":0,"publisher":{"@id":"https:\/\/proyectum.com\/cl\/#organization"},"image":{"@id":"https:\/\/proyectum.com\/cl\/editorial-las-mujeres-estan-mejor-equipadas-para-dirigir-proyectos\/#primaryimage"},"thumbnailUrl":"https:\/\/proyectum.files.wordpress.com\/2015\/01\/jorge-valdc3a9s.jpg?w=119","keywords":["habilidades interpersonales","Jorge Vald\u00e9s"],"articleSection":["Editorial"],"inLanguage":"es","potentialAction":[{"@type":"CommentAction","name":"Comment","target":["https:\/\/proyectum.com\/cl\/editorial-las-mujeres-estan-mejor-equipadas-para-dirigir-proyectos\/#respond"]}]},{"@type":"WebPage","@id":"https:\/\/proyectum.com\/cl\/editorial-las-mujeres-estan-mejor-equipadas-para-dirigir-proyectos\/","url":"https:\/\/proyectum.com\/cl\/editorial-las-mujeres-estan-mejor-equipadas-para-dirigir-proyectos\/","name":"Editorial: Las mujeres est\u00e1n mejor equipadas para dirigir proyectos - Proyectum Chile","isPartOf":{"@id":"https:\/\/proyectum.com\/cl\/#website"},"primaryImageOfPage":{"@id":"https:\/\/proyectum.com\/cl\/editorial-las-mujeres-estan-mejor-equipadas-para-dirigir-proyectos\/#primaryimage"},"image":{"@id":"https:\/\/proyectum.com\/cl\/editorial-las-mujeres-estan-mejor-equipadas-para-dirigir-proyectos\/#primaryimage"},"thumbnailUrl":"https:\/\/proyectum.files.wordpress.com\/2015\/01\/jorge-valdc3a9s.jpg?w=119","datePublished":"2015-03-09T15:30:04+00:00","breadcrumb":{"@id":"https:\/\/proyectum.com\/cl\/editorial-las-mujeres-estan-mejor-equipadas-para-dirigir-proyectos\/#breadcrumb"},"inLanguage":"es","potentialAction":[{"@type":"ReadAction","target":["https:\/\/proyectum.com\/cl\/editorial-las-mujeres-estan-mejor-equipadas-para-dirigir-proyectos\/"]}]},{"@type":"ImageObject","inLanguage":"es","@id":"https:\/\/proyectum.com\/cl\/editorial-las-mujeres-estan-mejor-equipadas-para-dirigir-proyectos\/#primaryimage","url":"https:\/\/proyectum.files.wordpress.com\/2015\/01\/jorge-valdc3a9s.jpg?w=119","contentUrl":"https:\/\/proyectum.files.wordpress.com\/2015\/01\/jorge-valdc3a9s.jpg?w=119"},{"@type":"BreadcrumbList","@id":"https:\/\/proyectum.com\/cl\/editorial-las-mujeres-estan-mejor-equipadas-para-dirigir-proyectos\/#breadcrumb","itemListElement":[{"@type":"ListItem","position":1,"name":"Home","item":"https:\/\/proyectum.com\/cl\/"},{"@type":"ListItem","position":2,"name":"Editorial: Las mujeres est\u00e1n mejor equipadas para dirigir proyectos"}]},{"@type":"WebSite","@id":"https:\/\/proyectum.com\/cl\/#website","url":"https:\/\/proyectum.com\/cl\/","name":"Proyectum Chile","description":"Direcci\u00f3n de Proyectos y Metodolog\u00edas \u00c1giles","publisher":{"@id":"https:\/\/proyectum.com\/cl\/#organization"},"potentialAction":[{"@type":"SearchAction","target":{"@type":"EntryPoint","urlTemplate":"https:\/\/proyectum.com\/cl\/?s={search_term_string}"},"query-input":{"@type":"PropertyValueSpecification","valueRequired":true,"valueName":"search_term_string"}}],"inLanguage":"es"},{"@type":"Organization","@id":"https:\/\/proyectum.com\/cl\/#organization","name":"Proyectum Chile","url":"https:\/\/proyectum.com\/cl\/","logo":{"@type":"ImageObject","inLanguage":"es","@id":"https:\/\/proyectum.com\/cl\/#\/schema\/logo\/image\/","url":"https:\/\/proyectum.com\/cl\/wp-content\/uploads\/2020\/04\/proyectum-logo-snippet.png","contentUrl":"https:\/\/proyectum.com\/cl\/wp-content\/uploads\/2020\/04\/proyectum-logo-snippet.png","width":600,"height":315,"caption":"Proyectum Chile"},"image":{"@id":"https:\/\/proyectum.com\/cl\/#\/schema\/logo\/image\/"},"sameAs":["https:\/\/www.facebook.com\/proyectumchile\/","https:\/\/www.linkedin.com\/company\/proyectum-cl\/","https:\/\/www.instagram.com\/proyectumchile\/","https:\/\/www.youtube.com\/@proyectum2283\/videos"]},{"@type":"Person","@id":"https:\/\/proyectum.com\/cl\/#\/schema\/person\/7d5caa4386a11be650af177d3f2e5aee","name":"Proyectum 2025","image":{"@type":"ImageObject","inLanguage":"es","@id":"https:\/\/proyectum.com\/cl\/#\/schema\/person\/image\/","url":"https:\/\/secure.gravatar.com\/avatar\/df82793fddd8f0a5a84fdb27d958bf73?s=96&d=mm&r=g","contentUrl":"https:\/\/secure.gravatar.com\/avatar\/df82793fddd8f0a5a84fdb27d958bf73?s=96&d=mm&r=g","caption":"Proyectum 2025"}}]}},"_links":{"self":[{"href":"https:\/\/proyectum.com\/cl\/wp-json\/wp\/v2\/posts\/1643","targetHints":{"allow":["GET"]}}],"collection":[{"href":"https:\/\/proyectum.com\/cl\/wp-json\/wp\/v2\/posts"}],"about":[{"href":"https:\/\/proyectum.com\/cl\/wp-json\/wp\/v2\/types\/post"}],"author":[{"embeddable":true,"href":"https:\/\/proyectum.com\/cl\/wp-json\/wp\/v2\/users\/26"}],"replies":[{"embeddable":true,"href":"https:\/\/proyectum.com\/cl\/wp-json\/wp\/v2\/comments?post=1643"}],"version-history":[{"count":0,"href":"https:\/\/proyectum.com\/cl\/wp-json\/wp\/v2\/posts\/1643\/revisions"}],"wp:attachment":[{"href":"https:\/\/proyectum.com\/cl\/wp-json\/wp\/v2\/media?parent=1643"}],"wp:term":[{"taxonomy":"category","embeddable":true,"href":"https:\/\/proyectum.com\/cl\/wp-json\/wp\/v2\/categories?post=1643"},{"taxonomy":"post_tag","embeddable":true,"href":"https:\/\/proyectum.com\/cl\/wp-json\/wp\/v2\/tags?post=1643"}],"curies":[{"name":"wp","href":"https:\/\/api.w.org\/{rel}","templated":true}]}}