{"id":1964,"date":"2015-09-23T00:06:14","date_gmt":"2015-09-23T05:06:14","guid":{"rendered":"http:\/\/www.proyectum.lat\/?p=1964"},"modified":"2015-09-23T00:06:14","modified_gmt":"2015-09-23T05:06:14","slug":"parece-que-fue-ayer","status":"publish","type":"post","link":"https:\/\/proyectum.com\/cl\/parece-que-fue-ayer\/","title":{"rendered":"Parece que fue ayer"},"content":{"rendered":"<p>\u201c<em>Ayer me atrev\u00ed a luchar,<br \/>\n\u00a1Hoy me atrevo a Ganar!<\/em>\u201d<br \/>\n<strong>Bernadette Devlin<\/strong><\/p>\n<p>Hace m\u00e1s de 10 a\u00f1os, por ah\u00ed de <strong>finales de 2004<\/strong>, me encontr\u00e9 casualmente con un antiguo jefe muy querido por m\u00ed. En aqu\u00e9l entonces \u00e9l hab\u00eda decidido dejar de trabajar para dedicarse de tiempo completo a concluir sus estudios de doctorado. Despu\u00e9s de saludarnos afectuosamente, nos preguntamos mutuamente que est\u00e1bamos haciendo y en mi turno le expliqu\u00e9 que estaba arrancando el proyecto <a href=\"http:\/\/www.tenstep.mx\/\" target=\"_blank\" rel=\"noopener noreferrer\">TenStep en Espa\u00f1ol<\/a>.<\/p>\n<p><a href=\"http:\/\/www.proyectum.lat\/wp-content\/uploads\/2015\/09\/Editorial-Proyectum.jpg\"><img fetchpriority=\"high\" decoding=\"async\" class=\"aligncenter size-large wp-image-1997\" src=\"http:\/\/www.proyectum.lat\/wp-content\/uploads\/2015\/09\/Editorial-Proyectum-1024x351.jpg\" alt=\"Editorial-Proyectum\" width=\"1024\" height=\"351\" \/><\/a><\/p>\n<p>Cuando me pregunt\u00f3 de qu\u00e9 se trataba eso de <strong>TenStep<\/strong>, le explique que llevaba 4 a\u00f1os trabajando en el arranque de <strong>una empresa de servicios profesionales de consultor\u00eda y formaci\u00f3n en materia de Direcci\u00f3n de Proyectos y Negocios<\/strong> a tiempo parcial, pues en ese entonces aun trabajaba para una importante empresa en el sector financiero.<\/p>\n<p>Jos\u00e9 Luis Flores, se mostr\u00f3 muy interesado y me dijo que c\u00f3mo me pod\u00eda ayudar. Le dije, &#8212; \u201cNo tengo para pagarte\u201d.<\/p>\n<p>A lo que me respondi\u00f3 con su acostumbrada generosidad<\/p>\n<p>&#8212;- \u201c<strong>Eso no es problema, d\u00e9jame ayudarte<\/strong>\u201d.<\/p>\n<p>En ese momento, le platiqu\u00e9 la idea que ten\u00eda de <strong>generar un bolet\u00edn<\/strong> de publicaci\u00f3n peri\u00f3dica y recurrente que difundiera <strong>buenas pr\u00e1cticas en direcci\u00f3n de proyectos y negocios<\/strong>, a partir de las metodolog\u00edas TenStep y de mi (Nuestra) experiencia acumulada. La idea le encant\u00f3, creamos la funci\u00f3n de Direcci\u00f3n Editorial y empezamos a desarrollar la idea, liderada por Jos\u00e9 Luis.<\/p>\n<p>Ni \u00e9l ni yo lo sab\u00edamos, pero en ese momento estaba naciendo <strong>Proyectum<\/strong>, que en su primera etapa decidimos llamar <strong>NextStep<\/strong>.<\/p>\n<p><strong>NextStep existi\u00f3 por 3 o 4 a\u00f1os<\/strong> aproximadamente y despu\u00e9s lo transformamos a <strong>Proyectum<\/strong>, y aunque cambi\u00f3 de imagen y de nombre, buscamos mantener el concepto, breve, substancioso y adem\u00e1s c\u00e1lido. Tambi\u00e9n mantuvimos la secuencia de modo que no se perdiera la continuidad de su publicaci\u00f3n.<\/p>\n<p>Recuerdo que en un inicio, la publicaci\u00f3n era bimestral y despu\u00e9s de \u201cescuchar\u201d la opini\u00f3n de algunos de nuestros lectores, decidimos hacerlo mensual y finalmente en su periodicidad actual, lo hemos mantenido quincenal.<\/p>\n<p>Hoy, con gran orgullo comparto con ustedes, queridos lectores. que me siento muy feliz de alcanzar este n\u00famero. <strong>El n\u00famero 200<\/strong> que hoy ve la luz gracias al empuje y energ\u00eda que dedic\u00f3 Jos\u00e9 Luis para arrancarlo, mantenerlo y mejorarlo cada vez. <a href=\"http:\/\/www.proyectum.lat\/wp-content\/uploads\/2015\/09\/Proyectum-2008.png\"><img decoding=\"async\" class=\"alignright size-full wp-image-1999\" src=\"http:\/\/www.proyectum.lat\/wp-content\/uploads\/2015\/09\/Proyectum-2008.png\" alt=\"Proyectum 2008\" width=\"554\" height=\"476\" \/><\/a><\/p>\n<p>Aunque nuestro <strong>querido Frehey<\/strong> (as\u00ed le gustaba ser llamado), ya no est\u00e1 con nosotros, su obra prevalece y los n\u00fameros de visitantes y subscriptores van creciendo de manera importante. <strong>Frehey<\/strong>, muchas gracias por todo hasta donde est\u00e9s, estoy seguro de que nos lees y criticas constructivamente, como en esas largas charlas de caf\u00e9 en los <strong>inicios de Proyectum<\/strong>.<\/p>\n<p>Hoy, con motivo de los <strong>200 n\u00fameros publicados<\/strong> a lo largo de estos 10 a\u00f1os, me complace anunciar que estamos haciendo un relanzamiento, estamos renovando nuestro look and feel, nuestro logo es ahora m\u00e1s sobrio y ahora, hemos regalado a nuestro querido Proyectum su dominio propio. Desde ahora nos podr\u00e1s leer en <a href=\"http:\/\/www.proyectum.lat\/\" target=\"_blank\" rel=\"noopener noreferrer\">www.proyectum.lat<\/a>.<\/p>\n<p>En esta nueva etapa, mantendremos el legado de Jos\u00e9 Luis y lo reforzaremos, como lo hemos venido haciendo desde sus inicios. Agradecemos las colaboraciones y aportaciones a <strong>Montserrat Vald\u00e9s<\/strong> quien fue coordinadora editorial durante los primeros 4 a\u00f1os de existencia de <strong>NextStep<\/strong>, a <strong>Julio Matus<\/strong>, creador de la columna <strong>PM Wisdom<\/strong>, a <strong>Max Wideman<\/strong> qui\u00e9n durante un tiempo nos dio permiso de publicar elementos de su famoso glosario, a <strong>Tom Mochal<\/strong>, presidente de <strong>TenStep Inc<\/strong>, por facilitarnos contenidos valios\u00edsimos que hemos traducido desde hace 10 a\u00f1os para el mercado latinoamericano, a <strong>Jos\u00e9 D\u00edaz Barriga<\/strong>, quien nos impuls\u00f3 a modernizar el bolet\u00edn, tanto en imagen como en plataforma, A <strong>Liliana Cris\u00f3stomo<\/strong> quien relev\u00f3 a Montse, a <strong>Hugo Gonz\u00e1lez<\/strong> quien en conjunto con <strong>Omar Garc\u00eda<\/strong>, han tomado las funciones de <strong>Jos\u00e9 Luis<\/strong>, pero nuestra mayor gratitud, es <strong>hacia ustedes, queridos lectores<\/strong> quienes hacen posible que cada quince d\u00edas renovemos nuestro compromiso de poner nuestro mejor empe\u00f1o en compartir con ustedes.<\/p>\n<p>Hoy con esta nueva cara, mas sobria, moderna y limpia, hacemos el compromiso con ustedes de compartir lo mejor de nosotros y quiz\u00e1s, solo quiz\u00e1s, darnos la oportunidad de sorprenderlos un poquito en los <strong>a\u00f1os por venir<\/strong>.<\/p>\n","protected":false},"excerpt":{"rendered":"<p>\u201cAyer me atrev\u00ed a luchar, \u00a1Hoy me atrevo a Ganar!\u201d Bernadette Devlin Hace m\u00e1s de 10 a\u00f1os, por ah\u00ed de finales de 2004, me encontr\u00e9 casualmente con un antiguo jefe muy querido por m\u00ed. En aqu\u00e9l entonces \u00e9l hab\u00eda decidido dejar de trabajar para dedicarse de tiempo completo a concluir sus estudios de doctorado. Despu\u00e9s [&hellip;]<\/p>\n","protected":false},"author":26,"featured_media":0,"comment_status":"open","ping_status":"open","sticky":false,"template":"","format":"standard","meta":{"_acf_changed":false,"footnotes":""},"categories":[345,232],"tags":[401,402,403,305],"class_list":["post-1964","post","type-post","status-publish","format-standard","hentry","category-editorial","category-reflexiones","tag-blog-de-tenstep","tag-blog-proyectum","tag-buenas-practicas-en-direccion-de-proyectos-y-negocios","tag-tenstep"],"acf":[],"yoast_head":"<!-- This site is optimized with the Yoast SEO plugin v24.4 - https:\/\/yoast.com\/wordpress\/plugins\/seo\/ -->\n<title>Parece que fue ayer - Proyectum Chile<\/title>\n<meta name=\"robots\" content=\"index, follow, max-snippet:-1, max-image-preview:large, max-video-preview:-1\" \/>\n<link rel=\"canonical\" href=\"https:\/\/proyectum.com\/cl\/parece-que-fue-ayer\/\" \/>\n<meta property=\"og:locale\" content=\"es_ES\" \/>\n<meta property=\"og:type\" content=\"article\" \/>\n<meta property=\"og:title\" content=\"Parece que fue ayer - Proyectum Chile\" \/>\n<meta property=\"og:description\" content=\"\u201cAyer me atrev\u00ed a luchar, \u00a1Hoy me atrevo a Ganar!\u201d Bernadette Devlin Hace m\u00e1s de 10 a\u00f1os, por ah\u00ed de finales de 2004, me encontr\u00e9 casualmente con un antiguo jefe muy querido por m\u00ed. En aqu\u00e9l entonces \u00e9l hab\u00eda decidido dejar de trabajar para dedicarse de tiempo completo a concluir sus estudios de doctorado. Despu\u00e9s [&hellip;]\" \/>\n<meta property=\"og:url\" content=\"https:\/\/proyectum.com\/cl\/parece-que-fue-ayer\/\" \/>\n<meta property=\"og:site_name\" content=\"Proyectum Chile\" \/>\n<meta property=\"article:publisher\" content=\"https:\/\/www.facebook.com\/proyectumchile\/\" \/>\n<meta property=\"article:published_time\" content=\"2015-09-23T05:06:14+00:00\" \/>\n<meta property=\"og:image\" content=\"http:\/\/www.proyectum.lat\/wp-content\/uploads\/2015\/09\/Editorial-Proyectum-1024x351.jpg\" \/>\n<meta name=\"author\" content=\"Proyectum 2025\" \/>\n<meta name=\"twitter:card\" content=\"summary_large_image\" \/>\n<meta name=\"twitter:label1\" content=\"Escrito por\" \/>\n\t<meta name=\"twitter:data1\" content=\"Proyectum 2025\" \/>\n\t<meta name=\"twitter:label2\" content=\"Tiempo de lectura\" \/>\n\t<meta name=\"twitter:data2\" content=\"4 minutos\" \/>\n<script type=\"application\/ld+json\" class=\"yoast-schema-graph\">{\"@context\":\"https:\/\/schema.org\",\"@graph\":[{\"@type\":\"Article\",\"@id\":\"https:\/\/proyectum.com\/cl\/parece-que-fue-ayer\/#article\",\"isPartOf\":{\"@id\":\"https:\/\/proyectum.com\/cl\/parece-que-fue-ayer\/\"},\"author\":{\"name\":\"Proyectum 2025\",\"@id\":\"https:\/\/proyectum.com\/cl\/#\/schema\/person\/7d5caa4386a11be650af177d3f2e5aee\"},\"headline\":\"Parece que fue ayer\",\"datePublished\":\"2015-09-23T05:06:14+00:00\",\"mainEntityOfPage\":{\"@id\":\"https:\/\/proyectum.com\/cl\/parece-que-fue-ayer\/\"},\"wordCount\":732,\"commentCount\":3,\"publisher\":{\"@id\":\"https:\/\/proyectum.com\/cl\/#organization\"},\"image\":{\"@id\":\"https:\/\/proyectum.com\/cl\/parece-que-fue-ayer\/#primaryimage\"},\"thumbnailUrl\":\"http:\/\/www.proyectum.lat\/wp-content\/uploads\/2015\/09\/Editorial-Proyectum-1024x351.jpg\",\"keywords\":[\"blog de TenStep\",\"blog Proyectum\",\"buenas pr\u00e1cticas en direcci\u00f3n de proyectos y negocios\",\"tenstep\"],\"articleSection\":[\"Editorial\",\"Reflexiones\"],\"inLanguage\":\"es\",\"potentialAction\":[{\"@type\":\"CommentAction\",\"name\":\"Comment\",\"target\":[\"https:\/\/proyectum.com\/cl\/parece-que-fue-ayer\/#respond\"]}]},{\"@type\":\"WebPage\",\"@id\":\"https:\/\/proyectum.com\/cl\/parece-que-fue-ayer\/\",\"url\":\"https:\/\/proyectum.com\/cl\/parece-que-fue-ayer\/\",\"name\":\"Parece que fue ayer - Proyectum Chile\",\"isPartOf\":{\"@id\":\"https:\/\/proyectum.com\/cl\/#website\"},\"primaryImageOfPage\":{\"@id\":\"https:\/\/proyectum.com\/cl\/parece-que-fue-ayer\/#primaryimage\"},\"image\":{\"@id\":\"https:\/\/proyectum.com\/cl\/parece-que-fue-ayer\/#primaryimage\"},\"thumbnailUrl\":\"http:\/\/www.proyectum.lat\/wp-content\/uploads\/2015\/09\/Editorial-Proyectum-1024x351.jpg\",\"datePublished\":\"2015-09-23T05:06:14+00:00\",\"breadcrumb\":{\"@id\":\"https:\/\/proyectum.com\/cl\/parece-que-fue-ayer\/#breadcrumb\"},\"inLanguage\":\"es\",\"potentialAction\":[{\"@type\":\"ReadAction\",\"target\":[\"https:\/\/proyectum.com\/cl\/parece-que-fue-ayer\/\"]}]},{\"@type\":\"ImageObject\",\"inLanguage\":\"es\",\"@id\":\"https:\/\/proyectum.com\/cl\/parece-que-fue-ayer\/#primaryimage\",\"url\":\"http:\/\/www.proyectum.lat\/wp-content\/uploads\/2015\/09\/Editorial-Proyectum-1024x351.jpg\",\"contentUrl\":\"http:\/\/www.proyectum.lat\/wp-content\/uploads\/2015\/09\/Editorial-Proyectum-1024x351.jpg\"},{\"@type\":\"BreadcrumbList\",\"@id\":\"https:\/\/proyectum.com\/cl\/parece-que-fue-ayer\/#breadcrumb\",\"itemListElement\":[{\"@type\":\"ListItem\",\"position\":1,\"name\":\"Home\",\"item\":\"https:\/\/proyectum.com\/cl\/\"},{\"@type\":\"ListItem\",\"position\":2,\"name\":\"Parece que fue ayer\"}]},{\"@type\":\"WebSite\",\"@id\":\"https:\/\/proyectum.com\/cl\/#website\",\"url\":\"https:\/\/proyectum.com\/cl\/\",\"name\":\"Proyectum Chile\",\"description\":\"Direcci\u00f3n de Proyectos y Metodolog\u00edas \u00c1giles\",\"publisher\":{\"@id\":\"https:\/\/proyectum.com\/cl\/#organization\"},\"potentialAction\":[{\"@type\":\"SearchAction\",\"target\":{\"@type\":\"EntryPoint\",\"urlTemplate\":\"https:\/\/proyectum.com\/cl\/?s={search_term_string}\"},\"query-input\":{\"@type\":\"PropertyValueSpecification\",\"valueRequired\":true,\"valueName\":\"search_term_string\"}}],\"inLanguage\":\"es\"},{\"@type\":\"Organization\",\"@id\":\"https:\/\/proyectum.com\/cl\/#organization\",\"name\":\"Proyectum Chile\",\"url\":\"https:\/\/proyectum.com\/cl\/\",\"logo\":{\"@type\":\"ImageObject\",\"inLanguage\":\"es\",\"@id\":\"https:\/\/proyectum.com\/cl\/#\/schema\/logo\/image\/\",\"url\":\"https:\/\/proyectum.com\/cl\/wp-content\/uploads\/2020\/04\/proyectum-logo-snippet.png\",\"contentUrl\":\"https:\/\/proyectum.com\/cl\/wp-content\/uploads\/2020\/04\/proyectum-logo-snippet.png\",\"width\":600,\"height\":315,\"caption\":\"Proyectum Chile\"},\"image\":{\"@id\":\"https:\/\/proyectum.com\/cl\/#\/schema\/logo\/image\/\"},\"sameAs\":[\"https:\/\/www.facebook.com\/proyectumchile\/\",\"https:\/\/www.linkedin.com\/company\/proyectum-cl\/\",\"https:\/\/www.instagram.com\/proyectumchile\/\",\"https:\/\/www.youtube.com\/@proyectum2283\/videos\"]},{\"@type\":\"Person\",\"@id\":\"https:\/\/proyectum.com\/cl\/#\/schema\/person\/7d5caa4386a11be650af177d3f2e5aee\",\"name\":\"Proyectum 2025\",\"image\":{\"@type\":\"ImageObject\",\"inLanguage\":\"es\",\"@id\":\"https:\/\/proyectum.com\/cl\/#\/schema\/person\/image\/\",\"url\":\"https:\/\/secure.gravatar.com\/avatar\/df82793fddd8f0a5a84fdb27d958bf73?s=96&d=mm&r=g\",\"contentUrl\":\"https:\/\/secure.gravatar.com\/avatar\/df82793fddd8f0a5a84fdb27d958bf73?s=96&d=mm&r=g\",\"caption\":\"Proyectum 2025\"}}]}<\/script>\n<!-- \/ Yoast SEO plugin. -->","yoast_head_json":{"title":"Parece que fue ayer - Proyectum Chile","robots":{"index":"index","follow":"follow","max-snippet":"max-snippet:-1","max-image-preview":"max-image-preview:large","max-video-preview":"max-video-preview:-1"},"canonical":"https:\/\/proyectum.com\/cl\/parece-que-fue-ayer\/","og_locale":"es_ES","og_type":"article","og_title":"Parece que fue ayer - Proyectum Chile","og_description":"\u201cAyer me atrev\u00ed a luchar, \u00a1Hoy me atrevo a Ganar!\u201d Bernadette Devlin Hace m\u00e1s de 10 a\u00f1os, por ah\u00ed de finales de 2004, me encontr\u00e9 casualmente con un antiguo jefe muy querido por m\u00ed. En aqu\u00e9l entonces \u00e9l hab\u00eda decidido dejar de trabajar para dedicarse de tiempo completo a concluir sus estudios de doctorado. Despu\u00e9s [&hellip;]","og_url":"https:\/\/proyectum.com\/cl\/parece-que-fue-ayer\/","og_site_name":"Proyectum Chile","article_publisher":"https:\/\/www.facebook.com\/proyectumchile\/","article_published_time":"2015-09-23T05:06:14+00:00","og_image":[{"url":"http:\/\/www.proyectum.lat\/wp-content\/uploads\/2015\/09\/Editorial-Proyectum-1024x351.jpg","type":"","width":"","height":""}],"author":"Proyectum 2025","twitter_card":"summary_large_image","twitter_misc":{"Escrito por":"Proyectum 2025","Tiempo de lectura":"4 minutos"},"schema":{"@context":"https:\/\/schema.org","@graph":[{"@type":"Article","@id":"https:\/\/proyectum.com\/cl\/parece-que-fue-ayer\/#article","isPartOf":{"@id":"https:\/\/proyectum.com\/cl\/parece-que-fue-ayer\/"},"author":{"name":"Proyectum 2025","@id":"https:\/\/proyectum.com\/cl\/#\/schema\/person\/7d5caa4386a11be650af177d3f2e5aee"},"headline":"Parece que fue ayer","datePublished":"2015-09-23T05:06:14+00:00","mainEntityOfPage":{"@id":"https:\/\/proyectum.com\/cl\/parece-que-fue-ayer\/"},"wordCount":732,"commentCount":3,"publisher":{"@id":"https:\/\/proyectum.com\/cl\/#organization"},"image":{"@id":"https:\/\/proyectum.com\/cl\/parece-que-fue-ayer\/#primaryimage"},"thumbnailUrl":"http:\/\/www.proyectum.lat\/wp-content\/uploads\/2015\/09\/Editorial-Proyectum-1024x351.jpg","keywords":["blog de TenStep","blog Proyectum","buenas pr\u00e1cticas en direcci\u00f3n de proyectos y negocios","tenstep"],"articleSection":["Editorial","Reflexiones"],"inLanguage":"es","potentialAction":[{"@type":"CommentAction","name":"Comment","target":["https:\/\/proyectum.com\/cl\/parece-que-fue-ayer\/#respond"]}]},{"@type":"WebPage","@id":"https:\/\/proyectum.com\/cl\/parece-que-fue-ayer\/","url":"https:\/\/proyectum.com\/cl\/parece-que-fue-ayer\/","name":"Parece que fue ayer - Proyectum Chile","isPartOf":{"@id":"https:\/\/proyectum.com\/cl\/#website"},"primaryImageOfPage":{"@id":"https:\/\/proyectum.com\/cl\/parece-que-fue-ayer\/#primaryimage"},"image":{"@id":"https:\/\/proyectum.com\/cl\/parece-que-fue-ayer\/#primaryimage"},"thumbnailUrl":"http:\/\/www.proyectum.lat\/wp-content\/uploads\/2015\/09\/Editorial-Proyectum-1024x351.jpg","datePublished":"2015-09-23T05:06:14+00:00","breadcrumb":{"@id":"https:\/\/proyectum.com\/cl\/parece-que-fue-ayer\/#breadcrumb"},"inLanguage":"es","potentialAction":[{"@type":"ReadAction","target":["https:\/\/proyectum.com\/cl\/parece-que-fue-ayer\/"]}]},{"@type":"ImageObject","inLanguage":"es","@id":"https:\/\/proyectum.com\/cl\/parece-que-fue-ayer\/#primaryimage","url":"http:\/\/www.proyectum.lat\/wp-content\/uploads\/2015\/09\/Editorial-Proyectum-1024x351.jpg","contentUrl":"http:\/\/www.proyectum.lat\/wp-content\/uploads\/2015\/09\/Editorial-Proyectum-1024x351.jpg"},{"@type":"BreadcrumbList","@id":"https:\/\/proyectum.com\/cl\/parece-que-fue-ayer\/#breadcrumb","itemListElement":[{"@type":"ListItem","position":1,"name":"Home","item":"https:\/\/proyectum.com\/cl\/"},{"@type":"ListItem","position":2,"name":"Parece que fue ayer"}]},{"@type":"WebSite","@id":"https:\/\/proyectum.com\/cl\/#website","url":"https:\/\/proyectum.com\/cl\/","name":"Proyectum Chile","description":"Direcci\u00f3n de Proyectos y Metodolog\u00edas \u00c1giles","publisher":{"@id":"https:\/\/proyectum.com\/cl\/#organization"},"potentialAction":[{"@type":"SearchAction","target":{"@type":"EntryPoint","urlTemplate":"https:\/\/proyectum.com\/cl\/?s={search_term_string}"},"query-input":{"@type":"PropertyValueSpecification","valueRequired":true,"valueName":"search_term_string"}}],"inLanguage":"es"},{"@type":"Organization","@id":"https:\/\/proyectum.com\/cl\/#organization","name":"Proyectum Chile","url":"https:\/\/proyectum.com\/cl\/","logo":{"@type":"ImageObject","inLanguage":"es","@id":"https:\/\/proyectum.com\/cl\/#\/schema\/logo\/image\/","url":"https:\/\/proyectum.com\/cl\/wp-content\/uploads\/2020\/04\/proyectum-logo-snippet.png","contentUrl":"https:\/\/proyectum.com\/cl\/wp-content\/uploads\/2020\/04\/proyectum-logo-snippet.png","width":600,"height":315,"caption":"Proyectum Chile"},"image":{"@id":"https:\/\/proyectum.com\/cl\/#\/schema\/logo\/image\/"},"sameAs":["https:\/\/www.facebook.com\/proyectumchile\/","https:\/\/www.linkedin.com\/company\/proyectum-cl\/","https:\/\/www.instagram.com\/proyectumchile\/","https:\/\/www.youtube.com\/@proyectum2283\/videos"]},{"@type":"Person","@id":"https:\/\/proyectum.com\/cl\/#\/schema\/person\/7d5caa4386a11be650af177d3f2e5aee","name":"Proyectum 2025","image":{"@type":"ImageObject","inLanguage":"es","@id":"https:\/\/proyectum.com\/cl\/#\/schema\/person\/image\/","url":"https:\/\/secure.gravatar.com\/avatar\/df82793fddd8f0a5a84fdb27d958bf73?s=96&d=mm&r=g","contentUrl":"https:\/\/secure.gravatar.com\/avatar\/df82793fddd8f0a5a84fdb27d958bf73?s=96&d=mm&r=g","caption":"Proyectum 2025"}}]}},"_links":{"self":[{"href":"https:\/\/proyectum.com\/cl\/wp-json\/wp\/v2\/posts\/1964","targetHints":{"allow":["GET"]}}],"collection":[{"href":"https:\/\/proyectum.com\/cl\/wp-json\/wp\/v2\/posts"}],"about":[{"href":"https:\/\/proyectum.com\/cl\/wp-json\/wp\/v2\/types\/post"}],"author":[{"embeddable":true,"href":"https:\/\/proyectum.com\/cl\/wp-json\/wp\/v2\/users\/26"}],"replies":[{"embeddable":true,"href":"https:\/\/proyectum.com\/cl\/wp-json\/wp\/v2\/comments?post=1964"}],"version-history":[{"count":0,"href":"https:\/\/proyectum.com\/cl\/wp-json\/wp\/v2\/posts\/1964\/revisions"}],"wp:attachment":[{"href":"https:\/\/proyectum.com\/cl\/wp-json\/wp\/v2\/media?parent=1964"}],"wp:term":[{"taxonomy":"category","embeddable":true,"href":"https:\/\/proyectum.com\/cl\/wp-json\/wp\/v2\/categories?post=1964"},{"taxonomy":"post_tag","embeddable":true,"href":"https:\/\/proyectum.com\/cl\/wp-json\/wp\/v2\/tags?post=1964"}],"curies":[{"name":"wp","href":"https:\/\/api.w.org\/{rel}","templated":true}]}}