{"id":2060,"date":"2015-11-04T02:54:14","date_gmt":"2015-11-04T08:54:14","guid":{"rendered":"http:\/\/www.proyectum.lat\/?p=2060"},"modified":"2015-11-04T02:54:14","modified_gmt":"2015-11-04T08:54:14","slug":"5-predicciones-del-marketing-para-el-2016","status":"publish","type":"post","link":"https:\/\/proyectum.com\/cl\/5-predicciones-del-marketing-para-el-2016\/","title":{"rendered":"5 predicciones del marketing para el 2016"},"content":{"rendered":"<p>[et_pb_section admin_label=\u00bbSection\u00bb global_module=\u00bb1947&#8243; fullwidth=\u00bbon\u00bb specialty=\u00bboff\u00bb background_image=\u00bbhttp:\/\/www.proyectum.lat\/wp-content\/uploads\/2010\/01\/FondoAboutProyectum.jpg\u00bb transparent_background=\u00bboff\u00bb allow_player_pause=\u00bboff\u00bb inner_shadow=\u00bboff\u00bb parallax=\u00bboff\u00bb parallax_method=\u00bboff\u00bb padding_mobile=\u00bboff\u00bb make_fullwidth=\u00bboff\u00bb use_custom_width=\u00bboff\u00bb width_unit=\u00bbon\u00bb make_equal=\u00bboff\u00bb use_custom_gutter=\u00bboff\u00bb custom_padding=\u00bb|0px\u00bb][et_pb_fullwidth_post_title global_parent=\u00bb1947&#8243; admin_label=\u00bbFullwidth Post Title\u00bb title=\u00bbon\u00bb meta=\u00bbon\u00bb author=\u00bbon\u00bb date=\u00bbon\u00bb categories=\u00bboff\u00bb comments=\u00bbon\u00bb featured_image=\u00bbon\u00bb featured_placement=\u00bbbelow\u00bb parallax_effect=\u00bbon\u00bb parallax_method=\u00bbon\u00bb text_orientation=\u00bbleft\u00bb text_color=\u00bbdark\u00bb text_background=\u00bboff\u00bb text_bg_color=\u00bbrgba(255,255,255,0.9)\u00bb module_bg_color=\u00bbrgba(23,65,147,0.67)\u00bb title_all_caps=\u00bboff\u00bb use_border_color=\u00bboff\u00bb border_color=\u00bb#ffffff\u00bb border_style=\u00bbsolid\u00bb title_font_size=\u00bb30px\u00bb title_text_color=\u00bb#ffffff\u00bb meta_text_color=\u00bb#ffffff\u00bb]<\/p>\n<p>[\/et_pb_fullwidth_post_title][\/et_pb_section][et_pb_section admin_label=\u00bbsection\u00bb][et_pb_row admin_label=\u00bbrow\u00bb][et_pb_column type=\u00bb4_4&#8243;][et_pb_text admin_label=\u00bbText\u00bb background_layout=\u00bblight\u00bb text_orientation=\u00bbleft\u00bb use_border_color=\u00bboff\u00bb border_color=\u00bb#ffffff\u00bb border_style=\u00bbsolid\u00bb]<\/p>\n<p>La tecnolog\u00eda evoluciona a una velocidad impresionante, generando notables cambios a su paso, como si de una bola de nieve bajando a toda velocidad se tratar\u00e1. Dentro de esos cambios provocados por el <strong>paso de la tecnolog\u00eda<\/strong> se encuentra la forma en que tratamos de hacerles saber a nuestros posibles consumidores a lo que nos dedicamos.<\/p>\n<p><a href=\"http:\/\/www.proyectum.lat\/wp-content\/uploads\/2015\/11\/Predicciones-Marketing-20161.jpg\"><img fetchpriority=\"high\" decoding=\"async\" src=\"http:\/\/www.proyectum.lat\/wp-content\/uploads\/2015\/11\/Predicciones-Marketing-20161-1024x573.jpg\" alt=\"Predicciones Marketing 2016\" width=\"1024\" height=\"573\" class=\"aligncenter size-large wp-image-2069\"><\/a><\/p>\n<p>Internet ha creado una variedad de canales donde el p\u00fablico al que deseamos llegar se encuentra presente de forma activa, haciendo cuestionamientos, recomendaciones, compartiendo informaci\u00f3n y hasta generando contenido relevante sobre temas relacionados a nuestro producto o servicio. Los tiempos donde exist\u00edan consumidores a los que bombarde\u00e1bamos con anuncios han quedado varios a\u00f1os atr\u00e1s. Los tiempos han cambiado y seguir\u00e1n cambiando, eso no hay duda. Por tal motivo es un buen ejercicio prever los cambios que enfrentaremos en los pr\u00f3ximos meses.<\/p>\n<p><strong>Predicciones en temas de marketing para el 2016<\/strong>:<\/p>\n<p><strong>1.- Contenidos Multipantalla<\/strong><\/p>\n<p>El <strong>usuario de Internet actual<\/strong>, tiene la capacidad, o necesidad, de mantenerse conectado. Dispositivos como el Smartphone se ha vuelto para muchos, una <strong>extensi\u00f3n de su propio cuerpo<\/strong>, por lo que, mientras consumen alg\u00fan contenido en la televisi\u00f3n o trabajan desde su computadora, a la vez pueden estar revisando sus redes sociales en su tel\u00e9fono.<\/p>\n<p>Las marcas deben mantener una <strong>comunicaci\u00f3n bien orquestada<\/strong> para que su mensaje se logre transmitir de manera adaptada al dispositivo que se va a mostrar.<\/p>\n<p><strong>2.- Video en vivo<\/strong><\/p>\n<p>\u201c<strong>Explorar el mundo en tiempo real a trav\u00e9s de otras personas<\/strong>\u201d, es el lema de Periscope, una aplicaci\u00f3n que ha tomado fuerza en los \u00faltimos meses ya que permite a cualquier persona tomar su celular, comenzar a grabar video y al mismo tiempo estarlo transmitiendo en vivo para todos sus seguidores.<\/p>\n<p><strong>Guy Kawasaki<\/strong> es un usuario constante de esta aplicaci\u00f3n, al igual que algunas marcas reconocidas que poco a poco se han ido integrando. Lo m\u00e1s importante es que al ser una transmisi\u00f3n desde un celular con c\u00e1mara de video y acceso a Internet, se vuelve accesible para cualquiera armar una transmisi\u00f3n en vivo. <strong>Lo importante es saber qu\u00e9 mensaje vamos a transmitir.<\/strong><\/p>\n<p><strong>3.- M\u00e1s video<\/strong><\/p>\n<p>Adem\u00e1s de las transmisiones de video en vivo, podemos visualizar que el siguiente a\u00f1o seguir\u00e1 el crecimiento exponencial de <strong>canales de video en Youtube<\/strong>, donde las empresas transmitan informaci\u00f3n de inter\u00e9s. Lo que antes hac\u00edamos en blogs escritos, ahora evoluciona a los Vlogs, blogs de video.<\/p>\n<p>As\u00ed como Facebook y Twitter se convirtieron para muchas empresas en las 2 redes sociales obligatorias para mantener comunicaci\u00f3n con su p\u00fablico objetivo, el pr\u00f3ximo a\u00f1o veremos como muchas de ellas agregan una tercera que permita seguir con esa comunicaci\u00f3n, ahora, a trav\u00e9s de video. Vine y Youtube son las opciones principales.<\/p>\n<p><strong>4.- Explotar los datos<\/strong><\/p>\n<p>Una de las principales ventajas del marketing digital es que podemos medir pr\u00e1cticamente todo, lo cual es bastante llamativo pero poco \u00fatil si no sabemos explotar la informaci\u00f3n de estas mediciones. La cantidad de datos que recabamos nos debe permitir dar el paso necesario para llegar a la \u201cPersonalizaci\u00f3n\u201d.<\/p>\n<p>La meta es dar uso a estos datos para ofrecer una experiencia donde quede plasmada las preferencias de nuestros consumidores y anticipar lo que van a querer o necesitar despu\u00e9s.<\/p>\n<p><strong>5.- Mobile First<\/strong><\/p>\n<p>Entre 2014 y 2015, en varias regiones de Latinoam\u00e9rica, el Smartphone se convirti\u00f3 por primera vez en el medio n\u00famero uno, a trav\u00e9s del cual las personas se conectan a Internet. En abril de este a\u00f1o, Google anunci\u00f3 que la optimizaci\u00f3n de los sitios web para dispositivos m\u00f3viles, se convertir\u00eda en un factor de peso para aparecer en una mejor posici\u00f3n en los resultados de b\u00fasqueda.<\/p>\n<p>Lo anterior nos pone a pensar que m\u00e1s que nunca el tel\u00e9fono debe ser el centro de nuestras estrategias de marketing.<\/p>\n<p>Aunque nos gustar\u00eda tener una bola de cristal con la cual poder ver el futuro, aun no la encontramos. Pero de acuerdo a lo que hemos visto en los \u00faltimos meses podemos prever lo que ocurrir\u00e1 en el 2016.<\/p>\n<p>Esperemos que lo expuesto en este art\u00edculo te ayude a definir tu estrategia de marketing para el siguiente a\u00f1o y si tienes tus propias predicciones nos gustar\u00eda conocerlas, as\u00ed nos ayudar\u00edas a conocer otros puntos de vista.<\/p>\n<p>Sobre el autor: <a href=\"http:\/\/about.me\/omargarcia\" target=\"_blank\" rel=\"noopener noreferrer\">Omar Garc\u00eda<\/a><\/p>\n<p>[\/et_pb_text][\/et_pb_column][\/et_pb_row][\/et_pb_section]<\/p>\n","protected":false},"excerpt":{"rendered":"<p>[et_pb_section admin_label=\u00bbSection\u00bb global_module=\u00bb1947&#8243; fullwidth=\u00bbon\u00bb specialty=\u00bboff\u00bb background_image=\u00bbhttp:\/\/www.proyectum.lat\/wp-content\/uploads\/2010\/01\/FondoAboutProyectum.jpg\u00bb transparent_background=\u00bboff\u00bb allow_player_pause=\u00bboff\u00bb inner_shadow=\u00bboff\u00bb parallax=\u00bboff\u00bb parallax_method=\u00bboff\u00bb padding_mobile=\u00bboff\u00bb make_fullwidth=\u00bboff\u00bb use_custom_width=\u00bboff\u00bb width_unit=\u00bbon\u00bb make_equal=\u00bboff\u00bb use_custom_gutter=\u00bboff\u00bb custom_padding=\u00bb|0px\u00bb][et_pb_fullwidth_post_title global_parent=\u00bb1947&#8243; admin_label=\u00bbFullwidth Post Title\u00bb title=\u00bbon\u00bb meta=\u00bbon\u00bb author=\u00bbon\u00bb date=\u00bbon\u00bb categories=\u00bboff\u00bb comments=\u00bbon\u00bb featured_image=\u00bbon\u00bb featured_placement=\u00bbbelow\u00bb parallax_effect=\u00bbon\u00bb parallax_method=\u00bbon\u00bb text_orientation=\u00bbleft\u00bb text_color=\u00bbdark\u00bb text_background=\u00bboff\u00bb text_bg_color=\u00bbrgba(255,255,255,0.9)\u00bb module_bg_color=\u00bbrgba(23,65,147,0.67)\u00bb title_all_caps=\u00bboff\u00bb use_border_color=\u00bboff\u00bb border_color=\u00bb#ffffff\u00bb border_style=\u00bbsolid\u00bb title_font_size=\u00bb30px\u00bb title_text_color=\u00bb#ffffff\u00bb meta_text_color=\u00bb#ffffff\u00bb] [\/et_pb_fullwidth_post_title][\/et_pb_section][et_pb_section admin_label=\u00bbsection\u00bb][et_pb_row admin_label=\u00bbrow\u00bb][et_pb_column type=\u00bb4_4&#8243;][et_pb_text admin_label=\u00bbText\u00bb background_layout=\u00bblight\u00bb text_orientation=\u00bbleft\u00bb use_border_color=\u00bboff\u00bb border_color=\u00bb#ffffff\u00bb border_style=\u00bbsolid\u00bb] La [&hellip;]<\/p>\n","protected":false},"author":26,"featured_media":0,"comment_status":"open","ping_status":"open","sticky":false,"template":"","format":"standard","meta":{"_acf_changed":false,"footnotes":""},"categories":[217],"tags":[408],"class_list":["post-2060","post","type-post","status-publish","format-standard","hentry","category-innovacion","tag-marketing-digital"],"acf":[],"yoast_head":"<!-- This site is optimized with the Yoast SEO plugin v24.4 - https:\/\/yoast.com\/wordpress\/plugins\/seo\/ -->\n<title>5 predicciones del marketing para el 2016 - Proyectum Chile<\/title>\n<meta name=\"robots\" content=\"index, follow, max-snippet:-1, max-image-preview:large, max-video-preview:-1\" \/>\n<link rel=\"canonical\" href=\"https:\/\/proyectum.com\/cl\/5-predicciones-del-marketing-para-el-2016\/\" \/>\n<meta property=\"og:locale\" content=\"es_ES\" \/>\n<meta property=\"og:type\" content=\"article\" \/>\n<meta property=\"og:title\" content=\"5 predicciones del marketing para el 2016 - Proyectum Chile\" \/>\n<meta property=\"og:description\" content=\"[et_pb_section admin_label=\u00bbSection\u00bb global_module=\u00bb1947&#8243; fullwidth=\u00bbon\u00bb specialty=\u00bboff\u00bb background_image=\u00bbhttp:\/\/www.proyectum.lat\/wp-content\/uploads\/2010\/01\/FondoAboutProyectum.jpg\u00bb transparent_background=\u00bboff\u00bb allow_player_pause=\u00bboff\u00bb inner_shadow=\u00bboff\u00bb parallax=\u00bboff\u00bb parallax_method=\u00bboff\u00bb padding_mobile=\u00bboff\u00bb make_fullwidth=\u00bboff\u00bb use_custom_width=\u00bboff\u00bb width_unit=\u00bbon\u00bb make_equal=\u00bboff\u00bb use_custom_gutter=\u00bboff\u00bb custom_padding=\u00bb|0px\u00bb][et_pb_fullwidth_post_title global_parent=\u00bb1947&#8243; admin_label=\u00bbFullwidth Post Title\u00bb title=\u00bbon\u00bb meta=\u00bbon\u00bb author=\u00bbon\u00bb date=\u00bbon\u00bb categories=\u00bboff\u00bb comments=\u00bbon\u00bb featured_image=\u00bbon\u00bb featured_placement=\u00bbbelow\u00bb parallax_effect=\u00bbon\u00bb parallax_method=\u00bbon\u00bb text_orientation=\u00bbleft\u00bb text_color=\u00bbdark\u00bb text_background=\u00bboff\u00bb text_bg_color=\u00bbrgba(255,255,255,0.9)\u00bb module_bg_color=\u00bbrgba(23,65,147,0.67)\u00bb title_all_caps=\u00bboff\u00bb use_border_color=\u00bboff\u00bb border_color=\u00bb#ffffff\u00bb border_style=\u00bbsolid\u00bb title_font_size=\u00bb30px\u00bb title_text_color=\u00bb#ffffff\u00bb meta_text_color=\u00bb#ffffff\u00bb] [\/et_pb_fullwidth_post_title][\/et_pb_section][et_pb_section admin_label=\u00bbsection\u00bb][et_pb_row admin_label=\u00bbrow\u00bb][et_pb_column type=\u00bb4_4&#8243;][et_pb_text admin_label=\u00bbText\u00bb background_layout=\u00bblight\u00bb text_orientation=\u00bbleft\u00bb use_border_color=\u00bboff\u00bb border_color=\u00bb#ffffff\u00bb border_style=\u00bbsolid\u00bb] La [&hellip;]\" \/>\n<meta property=\"og:url\" content=\"https:\/\/proyectum.com\/cl\/5-predicciones-del-marketing-para-el-2016\/\" \/>\n<meta property=\"og:site_name\" content=\"Proyectum Chile\" \/>\n<meta property=\"article:publisher\" content=\"https:\/\/www.facebook.com\/proyectumchile\/\" \/>\n<meta property=\"article:published_time\" content=\"2015-11-04T08:54:14+00:00\" \/>\n<meta property=\"og:image\" content=\"http:\/\/www.proyectum.lat\/wp-content\/uploads\/2015\/11\/Predicciones-Marketing-20161-1024x573.jpg\" \/>\n<meta name=\"author\" content=\"Proyectum 2025\" \/>\n<meta name=\"twitter:card\" content=\"summary_large_image\" \/>\n<meta name=\"twitter:label1\" content=\"Escrito por\" \/>\n\t<meta name=\"twitter:data1\" content=\"Proyectum 2025\" \/>\n\t<meta name=\"twitter:label2\" content=\"Tiempo de lectura\" \/>\n\t<meta name=\"twitter:data2\" content=\"5 minutos\" \/>\n<script type=\"application\/ld+json\" class=\"yoast-schema-graph\">{\"@context\":\"https:\/\/schema.org\",\"@graph\":[{\"@type\":\"Article\",\"@id\":\"https:\/\/proyectum.com\/cl\/5-predicciones-del-marketing-para-el-2016\/#article\",\"isPartOf\":{\"@id\":\"https:\/\/proyectum.com\/cl\/5-predicciones-del-marketing-para-el-2016\/\"},\"author\":{\"name\":\"Proyectum 2025\",\"@id\":\"https:\/\/proyectum.com\/cl\/#\/schema\/person\/7d5caa4386a11be650af177d3f2e5aee\"},\"headline\":\"5 predicciones del marketing para el 2016\",\"datePublished\":\"2015-11-04T08:54:14+00:00\",\"mainEntityOfPage\":{\"@id\":\"https:\/\/proyectum.com\/cl\/5-predicciones-del-marketing-para-el-2016\/\"},\"wordCount\":952,\"commentCount\":0,\"publisher\":{\"@id\":\"https:\/\/proyectum.com\/cl\/#organization\"},\"image\":{\"@id\":\"https:\/\/proyectum.com\/cl\/5-predicciones-del-marketing-para-el-2016\/#primaryimage\"},\"thumbnailUrl\":\"http:\/\/www.proyectum.lat\/wp-content\/uploads\/2015\/11\/Predicciones-Marketing-20161-1024x573.jpg\",\"keywords\":[\"marketing digital\"],\"articleSection\":[\"Innovaci\u00f3n\"],\"inLanguage\":\"es\",\"potentialAction\":[{\"@type\":\"CommentAction\",\"name\":\"Comment\",\"target\":[\"https:\/\/proyectum.com\/cl\/5-predicciones-del-marketing-para-el-2016\/#respond\"]}]},{\"@type\":\"WebPage\",\"@id\":\"https:\/\/proyectum.com\/cl\/5-predicciones-del-marketing-para-el-2016\/\",\"url\":\"https:\/\/proyectum.com\/cl\/5-predicciones-del-marketing-para-el-2016\/\",\"name\":\"5 predicciones del marketing para el 2016 - Proyectum Chile\",\"isPartOf\":{\"@id\":\"https:\/\/proyectum.com\/cl\/#website\"},\"primaryImageOfPage\":{\"@id\":\"https:\/\/proyectum.com\/cl\/5-predicciones-del-marketing-para-el-2016\/#primaryimage\"},\"image\":{\"@id\":\"https:\/\/proyectum.com\/cl\/5-predicciones-del-marketing-para-el-2016\/#primaryimage\"},\"thumbnailUrl\":\"http:\/\/www.proyectum.lat\/wp-content\/uploads\/2015\/11\/Predicciones-Marketing-20161-1024x573.jpg\",\"datePublished\":\"2015-11-04T08:54:14+00:00\",\"breadcrumb\":{\"@id\":\"https:\/\/proyectum.com\/cl\/5-predicciones-del-marketing-para-el-2016\/#breadcrumb\"},\"inLanguage\":\"es\",\"potentialAction\":[{\"@type\":\"ReadAction\",\"target\":[\"https:\/\/proyectum.com\/cl\/5-predicciones-del-marketing-para-el-2016\/\"]}]},{\"@type\":\"ImageObject\",\"inLanguage\":\"es\",\"@id\":\"https:\/\/proyectum.com\/cl\/5-predicciones-del-marketing-para-el-2016\/#primaryimage\",\"url\":\"http:\/\/www.proyectum.lat\/wp-content\/uploads\/2015\/11\/Predicciones-Marketing-20161-1024x573.jpg\",\"contentUrl\":\"http:\/\/www.proyectum.lat\/wp-content\/uploads\/2015\/11\/Predicciones-Marketing-20161-1024x573.jpg\"},{\"@type\":\"BreadcrumbList\",\"@id\":\"https:\/\/proyectum.com\/cl\/5-predicciones-del-marketing-para-el-2016\/#breadcrumb\",\"itemListElement\":[{\"@type\":\"ListItem\",\"position\":1,\"name\":\"Home\",\"item\":\"https:\/\/proyectum.com\/cl\/\"},{\"@type\":\"ListItem\",\"position\":2,\"name\":\"5 predicciones del marketing para el 2016\"}]},{\"@type\":\"WebSite\",\"@id\":\"https:\/\/proyectum.com\/cl\/#website\",\"url\":\"https:\/\/proyectum.com\/cl\/\",\"name\":\"Proyectum Chile\",\"description\":\"Direcci\u00f3n de Proyectos y Metodolog\u00edas \u00c1giles\",\"publisher\":{\"@id\":\"https:\/\/proyectum.com\/cl\/#organization\"},\"potentialAction\":[{\"@type\":\"SearchAction\",\"target\":{\"@type\":\"EntryPoint\",\"urlTemplate\":\"https:\/\/proyectum.com\/cl\/?s={search_term_string}\"},\"query-input\":{\"@type\":\"PropertyValueSpecification\",\"valueRequired\":true,\"valueName\":\"search_term_string\"}}],\"inLanguage\":\"es\"},{\"@type\":\"Organization\",\"@id\":\"https:\/\/proyectum.com\/cl\/#organization\",\"name\":\"Proyectum Chile\",\"url\":\"https:\/\/proyectum.com\/cl\/\",\"logo\":{\"@type\":\"ImageObject\",\"inLanguage\":\"es\",\"@id\":\"https:\/\/proyectum.com\/cl\/#\/schema\/logo\/image\/\",\"url\":\"https:\/\/proyectum.com\/cl\/wp-content\/uploads\/2020\/04\/proyectum-logo-snippet.png\",\"contentUrl\":\"https:\/\/proyectum.com\/cl\/wp-content\/uploads\/2020\/04\/proyectum-logo-snippet.png\",\"width\":600,\"height\":315,\"caption\":\"Proyectum Chile\"},\"image\":{\"@id\":\"https:\/\/proyectum.com\/cl\/#\/schema\/logo\/image\/\"},\"sameAs\":[\"https:\/\/www.facebook.com\/proyectumchile\/\",\"https:\/\/www.linkedin.com\/company\/proyectum-cl\/\",\"https:\/\/www.instagram.com\/proyectumchile\/\",\"https:\/\/www.youtube.com\/@proyectum2283\/videos\"]},{\"@type\":\"Person\",\"@id\":\"https:\/\/proyectum.com\/cl\/#\/schema\/person\/7d5caa4386a11be650af177d3f2e5aee\",\"name\":\"Proyectum 2025\",\"image\":{\"@type\":\"ImageObject\",\"inLanguage\":\"es\",\"@id\":\"https:\/\/proyectum.com\/cl\/#\/schema\/person\/image\/\",\"url\":\"https:\/\/secure.gravatar.com\/avatar\/df82793fddd8f0a5a84fdb27d958bf73?s=96&d=mm&r=g\",\"contentUrl\":\"https:\/\/secure.gravatar.com\/avatar\/df82793fddd8f0a5a84fdb27d958bf73?s=96&d=mm&r=g\",\"caption\":\"Proyectum 2025\"}}]}<\/script>\n<!-- \/ Yoast SEO plugin. -->","yoast_head_json":{"title":"5 predicciones del marketing para el 2016 - Proyectum Chile","robots":{"index":"index","follow":"follow","max-snippet":"max-snippet:-1","max-image-preview":"max-image-preview:large","max-video-preview":"max-video-preview:-1"},"canonical":"https:\/\/proyectum.com\/cl\/5-predicciones-del-marketing-para-el-2016\/","og_locale":"es_ES","og_type":"article","og_title":"5 predicciones del marketing para el 2016 - Proyectum Chile","og_description":"[et_pb_section admin_label=\u00bbSection\u00bb global_module=\u00bb1947&#8243; fullwidth=\u00bbon\u00bb specialty=\u00bboff\u00bb background_image=\u00bbhttp:\/\/www.proyectum.lat\/wp-content\/uploads\/2010\/01\/FondoAboutProyectum.jpg\u00bb transparent_background=\u00bboff\u00bb allow_player_pause=\u00bboff\u00bb inner_shadow=\u00bboff\u00bb parallax=\u00bboff\u00bb parallax_method=\u00bboff\u00bb padding_mobile=\u00bboff\u00bb make_fullwidth=\u00bboff\u00bb use_custom_width=\u00bboff\u00bb width_unit=\u00bbon\u00bb make_equal=\u00bboff\u00bb use_custom_gutter=\u00bboff\u00bb custom_padding=\u00bb|0px\u00bb][et_pb_fullwidth_post_title global_parent=\u00bb1947&#8243; admin_label=\u00bbFullwidth Post Title\u00bb title=\u00bbon\u00bb meta=\u00bbon\u00bb author=\u00bbon\u00bb date=\u00bbon\u00bb categories=\u00bboff\u00bb comments=\u00bbon\u00bb featured_image=\u00bbon\u00bb featured_placement=\u00bbbelow\u00bb parallax_effect=\u00bbon\u00bb parallax_method=\u00bbon\u00bb text_orientation=\u00bbleft\u00bb text_color=\u00bbdark\u00bb text_background=\u00bboff\u00bb text_bg_color=\u00bbrgba(255,255,255,0.9)\u00bb module_bg_color=\u00bbrgba(23,65,147,0.67)\u00bb title_all_caps=\u00bboff\u00bb use_border_color=\u00bboff\u00bb border_color=\u00bb#ffffff\u00bb border_style=\u00bbsolid\u00bb title_font_size=\u00bb30px\u00bb title_text_color=\u00bb#ffffff\u00bb meta_text_color=\u00bb#ffffff\u00bb] [\/et_pb_fullwidth_post_title][\/et_pb_section][et_pb_section admin_label=\u00bbsection\u00bb][et_pb_row admin_label=\u00bbrow\u00bb][et_pb_column type=\u00bb4_4&#8243;][et_pb_text admin_label=\u00bbText\u00bb background_layout=\u00bblight\u00bb text_orientation=\u00bbleft\u00bb use_border_color=\u00bboff\u00bb border_color=\u00bb#ffffff\u00bb border_style=\u00bbsolid\u00bb] La [&hellip;]","og_url":"https:\/\/proyectum.com\/cl\/5-predicciones-del-marketing-para-el-2016\/","og_site_name":"Proyectum Chile","article_publisher":"https:\/\/www.facebook.com\/proyectumchile\/","article_published_time":"2015-11-04T08:54:14+00:00","og_image":[{"url":"http:\/\/www.proyectum.lat\/wp-content\/uploads\/2015\/11\/Predicciones-Marketing-20161-1024x573.jpg","type":"","width":"","height":""}],"author":"Proyectum 2025","twitter_card":"summary_large_image","twitter_misc":{"Escrito por":"Proyectum 2025","Tiempo de lectura":"5 minutos"},"schema":{"@context":"https:\/\/schema.org","@graph":[{"@type":"Article","@id":"https:\/\/proyectum.com\/cl\/5-predicciones-del-marketing-para-el-2016\/#article","isPartOf":{"@id":"https:\/\/proyectum.com\/cl\/5-predicciones-del-marketing-para-el-2016\/"},"author":{"name":"Proyectum 2025","@id":"https:\/\/proyectum.com\/cl\/#\/schema\/person\/7d5caa4386a11be650af177d3f2e5aee"},"headline":"5 predicciones del marketing para el 2016","datePublished":"2015-11-04T08:54:14+00:00","mainEntityOfPage":{"@id":"https:\/\/proyectum.com\/cl\/5-predicciones-del-marketing-para-el-2016\/"},"wordCount":952,"commentCount":0,"publisher":{"@id":"https:\/\/proyectum.com\/cl\/#organization"},"image":{"@id":"https:\/\/proyectum.com\/cl\/5-predicciones-del-marketing-para-el-2016\/#primaryimage"},"thumbnailUrl":"http:\/\/www.proyectum.lat\/wp-content\/uploads\/2015\/11\/Predicciones-Marketing-20161-1024x573.jpg","keywords":["marketing digital"],"articleSection":["Innovaci\u00f3n"],"inLanguage":"es","potentialAction":[{"@type":"CommentAction","name":"Comment","target":["https:\/\/proyectum.com\/cl\/5-predicciones-del-marketing-para-el-2016\/#respond"]}]},{"@type":"WebPage","@id":"https:\/\/proyectum.com\/cl\/5-predicciones-del-marketing-para-el-2016\/","url":"https:\/\/proyectum.com\/cl\/5-predicciones-del-marketing-para-el-2016\/","name":"5 predicciones del marketing para el 2016 - Proyectum Chile","isPartOf":{"@id":"https:\/\/proyectum.com\/cl\/#website"},"primaryImageOfPage":{"@id":"https:\/\/proyectum.com\/cl\/5-predicciones-del-marketing-para-el-2016\/#primaryimage"},"image":{"@id":"https:\/\/proyectum.com\/cl\/5-predicciones-del-marketing-para-el-2016\/#primaryimage"},"thumbnailUrl":"http:\/\/www.proyectum.lat\/wp-content\/uploads\/2015\/11\/Predicciones-Marketing-20161-1024x573.jpg","datePublished":"2015-11-04T08:54:14+00:00","breadcrumb":{"@id":"https:\/\/proyectum.com\/cl\/5-predicciones-del-marketing-para-el-2016\/#breadcrumb"},"inLanguage":"es","potentialAction":[{"@type":"ReadAction","target":["https:\/\/proyectum.com\/cl\/5-predicciones-del-marketing-para-el-2016\/"]}]},{"@type":"ImageObject","inLanguage":"es","@id":"https:\/\/proyectum.com\/cl\/5-predicciones-del-marketing-para-el-2016\/#primaryimage","url":"http:\/\/www.proyectum.lat\/wp-content\/uploads\/2015\/11\/Predicciones-Marketing-20161-1024x573.jpg","contentUrl":"http:\/\/www.proyectum.lat\/wp-content\/uploads\/2015\/11\/Predicciones-Marketing-20161-1024x573.jpg"},{"@type":"BreadcrumbList","@id":"https:\/\/proyectum.com\/cl\/5-predicciones-del-marketing-para-el-2016\/#breadcrumb","itemListElement":[{"@type":"ListItem","position":1,"name":"Home","item":"https:\/\/proyectum.com\/cl\/"},{"@type":"ListItem","position":2,"name":"5 predicciones del marketing para el 2016"}]},{"@type":"WebSite","@id":"https:\/\/proyectum.com\/cl\/#website","url":"https:\/\/proyectum.com\/cl\/","name":"Proyectum Chile","description":"Direcci\u00f3n de Proyectos y Metodolog\u00edas \u00c1giles","publisher":{"@id":"https:\/\/proyectum.com\/cl\/#organization"},"potentialAction":[{"@type":"SearchAction","target":{"@type":"EntryPoint","urlTemplate":"https:\/\/proyectum.com\/cl\/?s={search_term_string}"},"query-input":{"@type":"PropertyValueSpecification","valueRequired":true,"valueName":"search_term_string"}}],"inLanguage":"es"},{"@type":"Organization","@id":"https:\/\/proyectum.com\/cl\/#organization","name":"Proyectum Chile","url":"https:\/\/proyectum.com\/cl\/","logo":{"@type":"ImageObject","inLanguage":"es","@id":"https:\/\/proyectum.com\/cl\/#\/schema\/logo\/image\/","url":"https:\/\/proyectum.com\/cl\/wp-content\/uploads\/2020\/04\/proyectum-logo-snippet.png","contentUrl":"https:\/\/proyectum.com\/cl\/wp-content\/uploads\/2020\/04\/proyectum-logo-snippet.png","width":600,"height":315,"caption":"Proyectum Chile"},"image":{"@id":"https:\/\/proyectum.com\/cl\/#\/schema\/logo\/image\/"},"sameAs":["https:\/\/www.facebook.com\/proyectumchile\/","https:\/\/www.linkedin.com\/company\/proyectum-cl\/","https:\/\/www.instagram.com\/proyectumchile\/","https:\/\/www.youtube.com\/@proyectum2283\/videos"]},{"@type":"Person","@id":"https:\/\/proyectum.com\/cl\/#\/schema\/person\/7d5caa4386a11be650af177d3f2e5aee","name":"Proyectum 2025","image":{"@type":"ImageObject","inLanguage":"es","@id":"https:\/\/proyectum.com\/cl\/#\/schema\/person\/image\/","url":"https:\/\/secure.gravatar.com\/avatar\/df82793fddd8f0a5a84fdb27d958bf73?s=96&d=mm&r=g","contentUrl":"https:\/\/secure.gravatar.com\/avatar\/df82793fddd8f0a5a84fdb27d958bf73?s=96&d=mm&r=g","caption":"Proyectum 2025"}}]}},"_links":{"self":[{"href":"https:\/\/proyectum.com\/cl\/wp-json\/wp\/v2\/posts\/2060","targetHints":{"allow":["GET"]}}],"collection":[{"href":"https:\/\/proyectum.com\/cl\/wp-json\/wp\/v2\/posts"}],"about":[{"href":"https:\/\/proyectum.com\/cl\/wp-json\/wp\/v2\/types\/post"}],"author":[{"embeddable":true,"href":"https:\/\/proyectum.com\/cl\/wp-json\/wp\/v2\/users\/26"}],"replies":[{"embeddable":true,"href":"https:\/\/proyectum.com\/cl\/wp-json\/wp\/v2\/comments?post=2060"}],"version-history":[{"count":0,"href":"https:\/\/proyectum.com\/cl\/wp-json\/wp\/v2\/posts\/2060\/revisions"}],"wp:attachment":[{"href":"https:\/\/proyectum.com\/cl\/wp-json\/wp\/v2\/media?parent=2060"}],"wp:term":[{"taxonomy":"category","embeddable":true,"href":"https:\/\/proyectum.com\/cl\/wp-json\/wp\/v2\/categories?post=2060"},{"taxonomy":"post_tag","embeddable":true,"href":"https:\/\/proyectum.com\/cl\/wp-json\/wp\/v2\/tags?post=2060"}],"curies":[{"name":"wp","href":"https:\/\/api.w.org\/{rel}","templated":true}]}}