{"id":2249,"date":"2016-01-06T01:00:20","date_gmt":"2016-01-06T07:00:20","guid":{"rendered":"http:\/\/www.proyectum.lat\/?p=2249"},"modified":"2016-01-06T01:00:20","modified_gmt":"2016-01-06T07:00:20","slug":"los-retos-y-oportunidades-del-2016","status":"publish","type":"post","link":"https:\/\/proyectum.com\/cl\/los-retos-y-oportunidades-del-2016\/","title":{"rendered":"Los retos y oportunidades del 2016"},"content":{"rendered":"<p style=\"text-align: right;\">Por Jorge Vald\u00e9s Garciatorres, PMP.<\/p>\n<p>Para nosotros, dejar atr\u00e1s el 2015 ser\u00e1 doloroso pues para \u00a0<strong>TenStep Latinoam\u00e9rica<\/strong> represent\u00f3 uno de nuestros mejores a\u00f1os. Un a\u00f1o lleno de contrastes, con <strong>\u00e9xitos en varios proyectos<\/strong> que emprendimos, pero con algunas situaciones que nos obligan a hacer un alto en el camino para reflexionar. Hubo salidas importantes de nuestro equipo, pero incorporaciones que nos reforzaron y nos llenaron de energ\u00eda, dando otra perspectiva a nuestra forma de trabajar. Esto represent\u00f3 que <strong>el a\u00f1o lo concluy\u00e9ramos enriquecidos y con muchas ideas para el 2016<\/strong>.<\/p>\n<p>Cada inicio de a\u00f1o es especial, empezamos llenos de sue\u00f1os y de <a href=\"http:\/\/www.proyectum.lat\/2013\/01\/02\/ano-nuevo-proyectos-y-propositos-nuevos\/\" target=\"_blank\" rel=\"noopener noreferrer\">buenos prop\u00f3sitos<\/a>. Llenos de <strong>actitud y de energ\u00eda<\/strong>. El inicio del 2016 pensamos que no ser\u00e1 distinto en ese sentido, sin embargo, es un a\u00f1o lleno de desaf\u00edos para las miles de empresas medianas y peque\u00f1as que luchan por subsistir en un ambiente adverso.<\/p>\n<p>Por una parte, la econom\u00eda mundial no parece repuntar, esto quiere decir que los crecimientos esperados, si los hay, est\u00e1n pronosticados como muy magros, no solo para la regi\u00f3n Latinoam\u00e9rica sino para otras regiones del mundo.<\/p>\n<p>El <strong>precio del petr\u00f3leo<\/strong> est\u00e1 m\u00e1s bajo que nunca y los niveles de producci\u00f3n parecen estar declinando de manera importante.\u00a0 Las econom\u00edas petroleras como la de M\u00e9xico y otros pa\u00edses sufrir\u00e1n en este sentido.<\/p>\n<p>Por otra parte, el endurecimiento de corrientes de pensamiento radicales ha puesto al mundo en alerta. Esto ha puesto en el mapa\u00a0 a nuevos grupos \u201cterroristas\u201d que obligaran a varios pa\u00edses a <strong>endurecer sus medidas \u00a0de seguridad<\/strong>, lo que seguramente tendr\u00e1 tambi\u00e9n \u00a0efectos adversos en la <strong>econom\u00eda mundial<\/strong>.<\/p>\n<p>En Latinoam\u00e9rica ha habido movimientos pol\u00edticos interesantes, espec\u00edficamente \u00a0en <strong>Venezuela y Argentina<\/strong>, lo que suena promisorio pues esto puede activar la econom\u00eda en aquellas latitudes, aunque seguramente tardar\u00e1 en despertar derivado de los consecuentes cambios de poderes. En otras latitudes el cierre de a\u00f1o ha sido devastador al registrar en varios pa\u00edses de la regi\u00f3n devaluaciones de hasta 40% en algunas paridades cambiarias.<\/p>\n<p>Todo esto solo confirma la corriente de pensamiento que describe el <strong>entorno econ\u00f3mico-socio-pol\u00edtico y de negocios<\/strong> actual con el acr\u00f3nimo <strong>VICA<\/strong> (<strong>Vol\u00e1til, Incierto, Complejo y Ambiguo<\/strong>), por lo que muchas empresas deber\u00e1n voltear hacia reinventarse y definir mecanismos que contribuyan a que puedan actuar con mayor agilidad pues, de no hacerlo, correr\u00e1n el riesgo de quedarse en el camino.<\/p>\n<p>As\u00ed las cosas, el 2016 promete ser un a\u00f1o lleno de retos y oportunidades para nuevos modelos de negocios basados en tecnolog\u00edas disruptivas, capaces de cuestionar la forma en que se est\u00e1n haciendo las cosas hoy en d\u00eda y surgir con nuevos planteamientos que ofrezcan soluciones frescas a todo lo anteriormente dicho.<\/p>\n<p><strong>El 2016 en n\u00fameros<\/strong><\/p>\n<p>Ya es tradici\u00f3n, el a\u00f1o 2016 es representado en la numerolog\u00eda como el n\u00famero 9. Desde este punto de vista \u00bf<strong>qu\u00e9 podemos esperar este a\u00f1o que comienza<\/strong>?<\/p>\n<p><a href=\"http:\/\/www.proyectum.lat\/wp-content\/uploads\/2016\/01\/2016-numerologia.jpg\" rel=\"attachment wp-att-2263\"><img fetchpriority=\"high\" decoding=\"async\" src=\"http:\/\/www.proyectum.lat\/wp-content\/uploads\/2016\/01\/2016-numerologia-1024x513.jpg\" alt=\"2016 numerologia\" width=\"1024\" height=\"513\" class=\"aligncenter size-large wp-image-2263\" \/><\/a><\/p>\n<p>Seg\u00fan las pr\u00e1cticas numerol\u00f3gicas, debemos convertir el numero 2016 a un solo d\u00edgito a partir de sumar sus componentes. Esto tiene como resultado el numero 9.<\/p>\n<p>El n\u00famero <strong>nueve<\/strong> es uno de los m\u00e1s m\u00edsticos y poderosos en diversas culturas, corrientes de pensamiento \u00a0y filosof\u00edas. <strong>9<\/strong> eran las musas de la mitolog\u00eda griega, <strong>9<\/strong> son los meses de gestaci\u00f3n del ser humano.<\/p>\n<p>Desde el punto de vista cat\u00f3lico, tenemos que <strong>nueve<\/strong> es el cuadrado de tres, y tres es el n\u00famero de la perfecci\u00f3n divina, as\u00ed como el n\u00famero peculiar del Esp\u00edritu Santo. No es sorpresa, por lo tanto, descubrir que este n\u00famero indica: \u00abfinalidad\u00bb en \u00a0los \u00a0\u00a0asuntos \u00a0\u00a0divinos. \u00a0\u00a0Existen <strong>nueve<\/strong> \u00a0elementos \u00a0en \u00a0el \u00a0\u00abfruto del Esp\u00edritu\u00bb: \u00a0(1) amor, (2) gozo, (3) paz, (4) paciencia, (5) benignidad, (6) bondad, (7) fe, (8) mansedumbre, (9) templanza.<\/p>\n<p>Muchos de los primeros escritos cristianos o cartas terminaban con el n\u00famero <strong>99<\/strong>, porque la gematr\u00eda de la palabra \u00abam\u00e9n\u00bb o el \u00abverdaderamente\u00bb de nuestro Se\u00f1or es el 99. Esto nos recuerda nuevamente que el n\u00famero <strong>9<\/strong>, siendo 3 x 3, es un s\u00edmbolo reforzado de la perfecci\u00f3n divina.<\/p>\n<p>En la corriente mas\u00f3nica, el <strong>nueve<\/strong> es el emblema de la materia que cambiando y en constante flujo , a\u00fan retiene su identidad y se resiste a la completa destrucci\u00f3n. \u00a0El <strong>nueve<\/strong> tiene un especial significado para la humanidad, pues es el n\u00famero que gobierna principalmente su evoluci\u00f3n. El ciclo del progreso del hombre gira en torno al poder del <strong>9<\/strong>.<\/p>\n<p>En matem\u00e1ticas, presenta propiedades \u00fanicas pues todos los n\u00fameros del 1 al <strong>9<\/strong> se reducen a <strong>9<\/strong> &#8230; 1+8=9, 2+7=9, 3+6=9, 4+5=9&#8230; El nueve multiplicado por cualquier n\u00famero siempre se reproduce: 9 x 2=18 &#8230;9, 9 x 3=27 &#8230; 9. O sea que el n\u00famero siempre regresa a s\u00ed mismo bien sea por sustracci\u00f3n, adici\u00f3n \u00f3 multiplicaci\u00f3n. De ah\u00ed la atribuci\u00f3n mas\u00f3nica explicada anteriormente.<\/p>\n<p>Desde el punto de vista geom\u00e9trico, nueve es un n\u00famero perfecto pues representa la perfecci\u00f3n del c\u00edrculo, ya que cada c\u00edrculo tiene 360\u00ba y este n\u00famero, convertido a un solo d\u00edgito da <strong>9<\/strong>.<\/p>\n<p>En t\u00e9rminos m\u00e1s \u201cmundanos\u201d el n\u00famero <strong>nueve<\/strong> representa aspectos emocionales, se caracteriza tambi\u00e9n por la persistencia y capacidad de empuje en un entorno de generosidad.<\/p>\n<p>Desde el punto de vista del progreso y, en combinaci\u00f3n con el numero 1, es ideal para <strong>arrancar proyectos que queremos que lleguen a buen fin<\/strong>.<\/p>\n<p>Hay que ser cuidadosos porque tambi\u00e9n puede representar aspectos negativos como la Auto-adulaci\u00f3n, el tener intereses dispersos, el ser demasiado posesivo, el ser \u00a0descuidado con las finanzas, o la necesidad de acaparar la atenci\u00f3n.<\/p>\n<p>En fin, seguramente muchas historias se cerrar\u00e1n y se cerraron en este 2015 que se fue como agua entre las manos, algunos seres queridos se nos habr\u00e1n adelantado en el camino, dej\u00e1ndonos con esa caracter\u00edstica tristeza que duele hasta el tu\u00e9tano y que nos deja con un vac\u00edo profundo y perenne, pero tambi\u00e9n, de alguna m\u00e1gica forma, \u00a0nos ayuda a encontrar la fuerza para levantarnos y construir en su nombre una mejor sociedad para las generaciones que vienen atr\u00e1s y que conf\u00edan en que sabremos mostrarles el camino.<\/p>\n<p>Desde la <strong>redacci\u00f3n de Proyectum<\/strong>, deseamos que todos ustedes, amables lectores, alcancen sus sue\u00f1os a lo largo de este 2016 que va a requerir de nosotros mucha concentraci\u00f3n, atenci\u00f3n a los detalles y esfuerzo adicional para sembrar los frutos que ma\u00f1ana nos ayudar\u00e1n a crecer y a construir nuestro mejor\u00a0futuro posible.<\/p>\n<p>Con informaci\u00f3n adaptada de los art\u00edculos de <a href=\"https:\/\/es.wikipedia.org\/wiki\/Gematr%C3%ADa\" target=\"_blank\" rel=\"noopener noreferrer\">Gematr\u00eda<\/a>, <a href=\"http:\/\/numerologia.euroresidentes.es\/\" target=\"_blank\" rel=\"noopener noreferrer\">Numerolog\u00eda<\/a> y <a href=\"http:\/\/misteriosconxana.blogspot.mx\/2013\/02\/misterios-de-los-numeros-9-y-11.html\" target=\"_blank\" rel=\"noopener noreferrer\">Misterios de los n\u00fameros 9 y 11<\/a>.<\/p>\n","protected":false},"excerpt":{"rendered":"<p>Por Jorge Vald\u00e9s Garciatorres, PMP. Para nosotros, dejar atr\u00e1s el 2015 ser\u00e1 doloroso pues para \u00a0TenStep Latinoam\u00e9rica represent\u00f3 uno de nuestros mejores a\u00f1os. Un a\u00f1o lleno de contrastes, con \u00e9xitos en varios proyectos que emprendimos, pero con algunas situaciones que nos obligan a hacer un alto en el camino para reflexionar. Hubo salidas importantes de [&hellip;]<\/p>\n","protected":false},"author":26,"featured_media":2260,"comment_status":"open","ping_status":"open","sticky":false,"template":"","format":"standard","meta":{"_acf_changed":false,"footnotes":""},"categories":[345,232],"tags":[420,370,382,421],"class_list":["post-2249","post","type-post","status-publish","format-standard","has-post-thumbnail","hentry","category-editorial","category-reflexiones","tag-incierto","tag-proyectum","tag-tenstep-latinoamerica","tag-volatil"],"acf":[],"yoast_head":"<!-- This site is optimized with the Yoast SEO plugin v24.4 - https:\/\/yoast.com\/wordpress\/plugins\/seo\/ -->\n<title>Los retos y oportunidades del 2016 - Proyectum Chile<\/title>\n<meta name=\"robots\" content=\"index, follow, max-snippet:-1, max-image-preview:large, max-video-preview:-1\" \/>\n<link rel=\"canonical\" href=\"https:\/\/proyectum.com\/cl\/los-retos-y-oportunidades-del-2016\/\" \/>\n<meta property=\"og:locale\" content=\"es_ES\" \/>\n<meta property=\"og:type\" content=\"article\" \/>\n<meta property=\"og:title\" content=\"Los retos y oportunidades del 2016 - Proyectum Chile\" \/>\n<meta property=\"og:description\" content=\"Por Jorge Vald\u00e9s Garciatorres, PMP. Para nosotros, dejar atr\u00e1s el 2015 ser\u00e1 doloroso pues para \u00a0TenStep Latinoam\u00e9rica represent\u00f3 uno de nuestros mejores a\u00f1os. Un a\u00f1o lleno de contrastes, con \u00e9xitos en varios proyectos que emprendimos, pero con algunas situaciones que nos obligan a hacer un alto en el camino para reflexionar. Hubo salidas importantes de [&hellip;]\" \/>\n<meta property=\"og:url\" content=\"https:\/\/proyectum.com\/cl\/los-retos-y-oportunidades-del-2016\/\" \/>\n<meta property=\"og:site_name\" content=\"Proyectum Chile\" \/>\n<meta property=\"article:publisher\" content=\"https:\/\/www.facebook.com\/proyectumchile\/\" \/>\n<meta property=\"article:published_time\" content=\"2016-01-06T07:00:20+00:00\" \/>\n<meta property=\"og:image\" content=\"https:\/\/proyectum.com\/cl\/wp-content\/uploads\/2016\/01\/2016.jpg\" \/>\n\t<meta property=\"og:image:width\" content=\"1024\" \/>\n\t<meta property=\"og:image:height\" content=\"433\" \/>\n\t<meta property=\"og:image:type\" content=\"image\/jpeg\" \/>\n<meta name=\"author\" content=\"Proyectum 2025\" \/>\n<meta name=\"twitter:card\" content=\"summary_large_image\" \/>\n<meta name=\"twitter:label1\" content=\"Escrito por\" \/>\n\t<meta name=\"twitter:data1\" content=\"Proyectum 2025\" \/>\n\t<meta name=\"twitter:label2\" content=\"Tiempo de lectura\" \/>\n\t<meta name=\"twitter:data2\" content=\"6 minutos\" \/>\n<script type=\"application\/ld+json\" class=\"yoast-schema-graph\">{\"@context\":\"https:\/\/schema.org\",\"@graph\":[{\"@type\":\"Article\",\"@id\":\"https:\/\/proyectum.com\/cl\/los-retos-y-oportunidades-del-2016\/#article\",\"isPartOf\":{\"@id\":\"https:\/\/proyectum.com\/cl\/los-retos-y-oportunidades-del-2016\/\"},\"author\":{\"name\":\"Proyectum 2025\",\"@id\":\"https:\/\/proyectum.com\/cl\/#\/schema\/person\/7d5caa4386a11be650af177d3f2e5aee\"},\"headline\":\"Los retos y oportunidades del 2016\",\"datePublished\":\"2016-01-06T07:00:20+00:00\",\"mainEntityOfPage\":{\"@id\":\"https:\/\/proyectum.com\/cl\/los-retos-y-oportunidades-del-2016\/\"},\"wordCount\":1133,\"commentCount\":0,\"publisher\":{\"@id\":\"https:\/\/proyectum.com\/cl\/#organization\"},\"image\":{\"@id\":\"https:\/\/proyectum.com\/cl\/los-retos-y-oportunidades-del-2016\/#primaryimage\"},\"thumbnailUrl\":\"https:\/\/proyectum.com\/cl\/wp-content\/uploads\/2016\/01\/2016.jpg\",\"keywords\":[\"Incierto\",\"Proyectum\",\"TenStep Latinoam\u00e9rica\",\"Vol\u00e1til\"],\"articleSection\":[\"Editorial\",\"Reflexiones\"],\"inLanguage\":\"es\",\"potentialAction\":[{\"@type\":\"CommentAction\",\"name\":\"Comment\",\"target\":[\"https:\/\/proyectum.com\/cl\/los-retos-y-oportunidades-del-2016\/#respond\"]}]},{\"@type\":\"WebPage\",\"@id\":\"https:\/\/proyectum.com\/cl\/los-retos-y-oportunidades-del-2016\/\",\"url\":\"https:\/\/proyectum.com\/cl\/los-retos-y-oportunidades-del-2016\/\",\"name\":\"Los retos y oportunidades del 2016 - Proyectum Chile\",\"isPartOf\":{\"@id\":\"https:\/\/proyectum.com\/cl\/#website\"},\"primaryImageOfPage\":{\"@id\":\"https:\/\/proyectum.com\/cl\/los-retos-y-oportunidades-del-2016\/#primaryimage\"},\"image\":{\"@id\":\"https:\/\/proyectum.com\/cl\/los-retos-y-oportunidades-del-2016\/#primaryimage\"},\"thumbnailUrl\":\"https:\/\/proyectum.com\/cl\/wp-content\/uploads\/2016\/01\/2016.jpg\",\"datePublished\":\"2016-01-06T07:00:20+00:00\",\"breadcrumb\":{\"@id\":\"https:\/\/proyectum.com\/cl\/los-retos-y-oportunidades-del-2016\/#breadcrumb\"},\"inLanguage\":\"es\",\"potentialAction\":[{\"@type\":\"ReadAction\",\"target\":[\"https:\/\/proyectum.com\/cl\/los-retos-y-oportunidades-del-2016\/\"]}]},{\"@type\":\"ImageObject\",\"inLanguage\":\"es\",\"@id\":\"https:\/\/proyectum.com\/cl\/los-retos-y-oportunidades-del-2016\/#primaryimage\",\"url\":\"https:\/\/proyectum.com\/cl\/wp-content\/uploads\/2016\/01\/2016.jpg\",\"contentUrl\":\"https:\/\/proyectum.com\/cl\/wp-content\/uploads\/2016\/01\/2016.jpg\",\"width\":1024,\"height\":433,\"caption\":\"2016 a\u00f1o nuevo\"},{\"@type\":\"BreadcrumbList\",\"@id\":\"https:\/\/proyectum.com\/cl\/los-retos-y-oportunidades-del-2016\/#breadcrumb\",\"itemListElement\":[{\"@type\":\"ListItem\",\"position\":1,\"name\":\"Home\",\"item\":\"https:\/\/proyectum.com\/cl\/\"},{\"@type\":\"ListItem\",\"position\":2,\"name\":\"Los retos y oportunidades del 2016\"}]},{\"@type\":\"WebSite\",\"@id\":\"https:\/\/proyectum.com\/cl\/#website\",\"url\":\"https:\/\/proyectum.com\/cl\/\",\"name\":\"Proyectum Chile\",\"description\":\"Direcci\u00f3n de Proyectos y Metodolog\u00edas \u00c1giles\",\"publisher\":{\"@id\":\"https:\/\/proyectum.com\/cl\/#organization\"},\"potentialAction\":[{\"@type\":\"SearchAction\",\"target\":{\"@type\":\"EntryPoint\",\"urlTemplate\":\"https:\/\/proyectum.com\/cl\/?s={search_term_string}\"},\"query-input\":{\"@type\":\"PropertyValueSpecification\",\"valueRequired\":true,\"valueName\":\"search_term_string\"}}],\"inLanguage\":\"es\"},{\"@type\":\"Organization\",\"@id\":\"https:\/\/proyectum.com\/cl\/#organization\",\"name\":\"Proyectum Chile\",\"url\":\"https:\/\/proyectum.com\/cl\/\",\"logo\":{\"@type\":\"ImageObject\",\"inLanguage\":\"es\",\"@id\":\"https:\/\/proyectum.com\/cl\/#\/schema\/logo\/image\/\",\"url\":\"https:\/\/proyectum.com\/cl\/wp-content\/uploads\/2020\/04\/proyectum-logo-snippet.png\",\"contentUrl\":\"https:\/\/proyectum.com\/cl\/wp-content\/uploads\/2020\/04\/proyectum-logo-snippet.png\",\"width\":600,\"height\":315,\"caption\":\"Proyectum Chile\"},\"image\":{\"@id\":\"https:\/\/proyectum.com\/cl\/#\/schema\/logo\/image\/\"},\"sameAs\":[\"https:\/\/www.facebook.com\/proyectumchile\/\",\"https:\/\/www.linkedin.com\/company\/proyectum-cl\/\",\"https:\/\/www.instagram.com\/proyectumchile\/\",\"https:\/\/www.youtube.com\/@proyectum2283\/videos\"]},{\"@type\":\"Person\",\"@id\":\"https:\/\/proyectum.com\/cl\/#\/schema\/person\/7d5caa4386a11be650af177d3f2e5aee\",\"name\":\"Proyectum 2025\",\"image\":{\"@type\":\"ImageObject\",\"inLanguage\":\"es\",\"@id\":\"https:\/\/proyectum.com\/cl\/#\/schema\/person\/image\/\",\"url\":\"https:\/\/secure.gravatar.com\/avatar\/df82793fddd8f0a5a84fdb27d958bf73?s=96&d=mm&r=g\",\"contentUrl\":\"https:\/\/secure.gravatar.com\/avatar\/df82793fddd8f0a5a84fdb27d958bf73?s=96&d=mm&r=g\",\"caption\":\"Proyectum 2025\"}}]}<\/script>\n<!-- \/ Yoast SEO plugin. -->","yoast_head_json":{"title":"Los retos y oportunidades del 2016 - Proyectum Chile","robots":{"index":"index","follow":"follow","max-snippet":"max-snippet:-1","max-image-preview":"max-image-preview:large","max-video-preview":"max-video-preview:-1"},"canonical":"https:\/\/proyectum.com\/cl\/los-retos-y-oportunidades-del-2016\/","og_locale":"es_ES","og_type":"article","og_title":"Los retos y oportunidades del 2016 - Proyectum Chile","og_description":"Por Jorge Vald\u00e9s Garciatorres, PMP. Para nosotros, dejar atr\u00e1s el 2015 ser\u00e1 doloroso pues para \u00a0TenStep Latinoam\u00e9rica represent\u00f3 uno de nuestros mejores a\u00f1os. Un a\u00f1o lleno de contrastes, con \u00e9xitos en varios proyectos que emprendimos, pero con algunas situaciones que nos obligan a hacer un alto en el camino para reflexionar. Hubo salidas importantes de [&hellip;]","og_url":"https:\/\/proyectum.com\/cl\/los-retos-y-oportunidades-del-2016\/","og_site_name":"Proyectum Chile","article_publisher":"https:\/\/www.facebook.com\/proyectumchile\/","article_published_time":"2016-01-06T07:00:20+00:00","og_image":[{"width":1024,"height":433,"url":"https:\/\/proyectum.com\/cl\/wp-content\/uploads\/2016\/01\/2016.jpg","type":"image\/jpeg"}],"author":"Proyectum 2025","twitter_card":"summary_large_image","twitter_misc":{"Escrito por":"Proyectum 2025","Tiempo de lectura":"6 minutos"},"schema":{"@context":"https:\/\/schema.org","@graph":[{"@type":"Article","@id":"https:\/\/proyectum.com\/cl\/los-retos-y-oportunidades-del-2016\/#article","isPartOf":{"@id":"https:\/\/proyectum.com\/cl\/los-retos-y-oportunidades-del-2016\/"},"author":{"name":"Proyectum 2025","@id":"https:\/\/proyectum.com\/cl\/#\/schema\/person\/7d5caa4386a11be650af177d3f2e5aee"},"headline":"Los retos y oportunidades del 2016","datePublished":"2016-01-06T07:00:20+00:00","mainEntityOfPage":{"@id":"https:\/\/proyectum.com\/cl\/los-retos-y-oportunidades-del-2016\/"},"wordCount":1133,"commentCount":0,"publisher":{"@id":"https:\/\/proyectum.com\/cl\/#organization"},"image":{"@id":"https:\/\/proyectum.com\/cl\/los-retos-y-oportunidades-del-2016\/#primaryimage"},"thumbnailUrl":"https:\/\/proyectum.com\/cl\/wp-content\/uploads\/2016\/01\/2016.jpg","keywords":["Incierto","Proyectum","TenStep Latinoam\u00e9rica","Vol\u00e1til"],"articleSection":["Editorial","Reflexiones"],"inLanguage":"es","potentialAction":[{"@type":"CommentAction","name":"Comment","target":["https:\/\/proyectum.com\/cl\/los-retos-y-oportunidades-del-2016\/#respond"]}]},{"@type":"WebPage","@id":"https:\/\/proyectum.com\/cl\/los-retos-y-oportunidades-del-2016\/","url":"https:\/\/proyectum.com\/cl\/los-retos-y-oportunidades-del-2016\/","name":"Los retos y oportunidades del 2016 - Proyectum Chile","isPartOf":{"@id":"https:\/\/proyectum.com\/cl\/#website"},"primaryImageOfPage":{"@id":"https:\/\/proyectum.com\/cl\/los-retos-y-oportunidades-del-2016\/#primaryimage"},"image":{"@id":"https:\/\/proyectum.com\/cl\/los-retos-y-oportunidades-del-2016\/#primaryimage"},"thumbnailUrl":"https:\/\/proyectum.com\/cl\/wp-content\/uploads\/2016\/01\/2016.jpg","datePublished":"2016-01-06T07:00:20+00:00","breadcrumb":{"@id":"https:\/\/proyectum.com\/cl\/los-retos-y-oportunidades-del-2016\/#breadcrumb"},"inLanguage":"es","potentialAction":[{"@type":"ReadAction","target":["https:\/\/proyectum.com\/cl\/los-retos-y-oportunidades-del-2016\/"]}]},{"@type":"ImageObject","inLanguage":"es","@id":"https:\/\/proyectum.com\/cl\/los-retos-y-oportunidades-del-2016\/#primaryimage","url":"https:\/\/proyectum.com\/cl\/wp-content\/uploads\/2016\/01\/2016.jpg","contentUrl":"https:\/\/proyectum.com\/cl\/wp-content\/uploads\/2016\/01\/2016.jpg","width":1024,"height":433,"caption":"2016 a\u00f1o nuevo"},{"@type":"BreadcrumbList","@id":"https:\/\/proyectum.com\/cl\/los-retos-y-oportunidades-del-2016\/#breadcrumb","itemListElement":[{"@type":"ListItem","position":1,"name":"Home","item":"https:\/\/proyectum.com\/cl\/"},{"@type":"ListItem","position":2,"name":"Los retos y oportunidades del 2016"}]},{"@type":"WebSite","@id":"https:\/\/proyectum.com\/cl\/#website","url":"https:\/\/proyectum.com\/cl\/","name":"Proyectum Chile","description":"Direcci\u00f3n de Proyectos y Metodolog\u00edas \u00c1giles","publisher":{"@id":"https:\/\/proyectum.com\/cl\/#organization"},"potentialAction":[{"@type":"SearchAction","target":{"@type":"EntryPoint","urlTemplate":"https:\/\/proyectum.com\/cl\/?s={search_term_string}"},"query-input":{"@type":"PropertyValueSpecification","valueRequired":true,"valueName":"search_term_string"}}],"inLanguage":"es"},{"@type":"Organization","@id":"https:\/\/proyectum.com\/cl\/#organization","name":"Proyectum Chile","url":"https:\/\/proyectum.com\/cl\/","logo":{"@type":"ImageObject","inLanguage":"es","@id":"https:\/\/proyectum.com\/cl\/#\/schema\/logo\/image\/","url":"https:\/\/proyectum.com\/cl\/wp-content\/uploads\/2020\/04\/proyectum-logo-snippet.png","contentUrl":"https:\/\/proyectum.com\/cl\/wp-content\/uploads\/2020\/04\/proyectum-logo-snippet.png","width":600,"height":315,"caption":"Proyectum Chile"},"image":{"@id":"https:\/\/proyectum.com\/cl\/#\/schema\/logo\/image\/"},"sameAs":["https:\/\/www.facebook.com\/proyectumchile\/","https:\/\/www.linkedin.com\/company\/proyectum-cl\/","https:\/\/www.instagram.com\/proyectumchile\/","https:\/\/www.youtube.com\/@proyectum2283\/videos"]},{"@type":"Person","@id":"https:\/\/proyectum.com\/cl\/#\/schema\/person\/7d5caa4386a11be650af177d3f2e5aee","name":"Proyectum 2025","image":{"@type":"ImageObject","inLanguage":"es","@id":"https:\/\/proyectum.com\/cl\/#\/schema\/person\/image\/","url":"https:\/\/secure.gravatar.com\/avatar\/df82793fddd8f0a5a84fdb27d958bf73?s=96&d=mm&r=g","contentUrl":"https:\/\/secure.gravatar.com\/avatar\/df82793fddd8f0a5a84fdb27d958bf73?s=96&d=mm&r=g","caption":"Proyectum 2025"}}]}},"_links":{"self":[{"href":"https:\/\/proyectum.com\/cl\/wp-json\/wp\/v2\/posts\/2249","targetHints":{"allow":["GET"]}}],"collection":[{"href":"https:\/\/proyectum.com\/cl\/wp-json\/wp\/v2\/posts"}],"about":[{"href":"https:\/\/proyectum.com\/cl\/wp-json\/wp\/v2\/types\/post"}],"author":[{"embeddable":true,"href":"https:\/\/proyectum.com\/cl\/wp-json\/wp\/v2\/users\/26"}],"replies":[{"embeddable":true,"href":"https:\/\/proyectum.com\/cl\/wp-json\/wp\/v2\/comments?post=2249"}],"version-history":[{"count":0,"href":"https:\/\/proyectum.com\/cl\/wp-json\/wp\/v2\/posts\/2249\/revisions"}],"wp:featuredmedia":[{"embeddable":true,"href":"https:\/\/proyectum.com\/cl\/wp-json\/wp\/v2\/media\/2260"}],"wp:attachment":[{"href":"https:\/\/proyectum.com\/cl\/wp-json\/wp\/v2\/media?parent=2249"}],"wp:term":[{"taxonomy":"category","embeddable":true,"href":"https:\/\/proyectum.com\/cl\/wp-json\/wp\/v2\/categories?post=2249"},{"taxonomy":"post_tag","embeddable":true,"href":"https:\/\/proyectum.com\/cl\/wp-json\/wp\/v2\/tags?post=2249"}],"curies":[{"name":"wp","href":"https:\/\/api.w.org\/{rel}","templated":true}]}}