{"id":2417,"date":"2016-03-02T02:59:01","date_gmt":"2016-03-02T08:59:01","guid":{"rendered":"http:\/\/www.proyectum.lat\/?p=2417"},"modified":"2016-03-02T02:59:01","modified_gmt":"2016-03-02T08:59:01","slug":"que-valen-mas-las-buenas-ideas-o-la-gente-brillante","status":"publish","type":"post","link":"https:\/\/proyectum.com\/cl\/que-valen-mas-las-buenas-ideas-o-la-gente-brillante\/","title":{"rendered":"\u00bfQu\u00e9 valen m\u00e1s, las buenas ideas o la gente brillante?"},"content":{"rendered":"<p>En ocasiones, la idea de un proyecto que promete ser exitoso puede convertirse en un desastre si cae en las manos de un equipo mal preparado. Por el contrario, <strong>si una idea mediocre<\/strong> cae en las manos de un <strong>equipo brillante<\/strong>, esta puede evolucionar y el equipo ser\u00e1 capaz de entregar un <strong>proyecto con buenos resultados<\/strong>.<\/p>\n<p>Por lo tanto podr\u00edamos llegar a la conclusi\u00f3n de que <strong>todos deseamos un equipo brillante<\/strong> que sea capaz de generar buenos resultados con ideas malas o buenas. Como menciona <strong>Ed Catmull<\/strong>, cofundador de <strong>Pixar<\/strong>, en su libro <strong>Creativity, Inc.<\/strong>: \u201c<strong><em>Encontrar a la gente adecuada y la qu\u00edmica que hace falta es m\u00e1s importante que tener la buena idea<\/em><\/strong>\u201d. Lo anterior parece f\u00e1cil de comprender, pero ante la siguiente pregunta <strong>\u00bfqu\u00e9 valen m\u00e1s, las buenas ideas o la gente brillante?<\/strong> La mitad responder\u00eda que las buenas ideas y la otra mitad que la gente brillante.<\/p>\n<p>Esta misma pregunta la realiz\u00f3 <strong>Ed Catmull<\/strong> durante 2 a\u00f1os en todas las conferencias a las que se presentaba, y afirma que independientemente si el p\u00fablico eran directivos jubilados, estudiantes, decanos de facultades o artistas, cuando les ped\u00eda que alzasen la mano para responder, la audiencia sol\u00eda dividirse por la mitad.<\/p>\n<p>Dicha pregunta le surgi\u00f3 a partir de platicar con el presidente de otro estudio cinematogr\u00e1fico, quien le coment\u00f3 lo siguiente: \u201c<strong>Mi mayor problema no es encontrar gente brillante, sino buenas ideas<\/strong>\u201d. Para <strong>Catmull<\/strong>, dicha afirmaci\u00f3n no solo le parec\u00eda absolutamente falsa sino que le parec\u00eda obvio que el problema radicaba en formar un buen equipo.<\/p>\n<p>\u00bfRealmente es tan obvio saber que un proyecto exitoso <strong>depende de un equipo brillante y no de una buena idea<\/strong>? Parece ser que no, pues despu\u00e9s de 2 a\u00f1os de realizar la misma pregunta solo una persona fue capaz de dar con la aparente respuesta obvia: <strong>Las ideas surgen de las personas. Por lo tanto, las personas son m\u00e1s importantes que las ideas. <\/strong><\/p>\n<p>\u00bfPor qu\u00e9 al 50% de las personas responde que valen m\u00e1s las buenas ideas? De acuerdo a <strong>Catmull<\/strong>: \u201c<em>porque muchos de nosotros pensamos que las ideas son singulares como si flotasen en el \u00e9ter, perfectamente formadas e independientes de la gente que se pelea con ellas. Pero las ideas no son singulares. Se forman mediante decenas de miles de decisiones, muchas veces tomadas por decenas de personas. Por lo que es absolutamente fundamental en cualquier aventura creativa centrarse en las personas, en sus h\u00e1bitos de trabajo, su talento y sus valores<\/em>\u201d.<\/p>\n<p>Con esta explicaci\u00f3n queda claro que para tener buenas ideas se debe reunir a las personas adecuadas, pero no solo eso, tambi\u00e9n se debe trabajar en la \u201c<strong>qu\u00edmica<\/strong>\u201d que har\u00e1 que la interacci\u00f3n entre estas personas derive en un <strong>equipo de trabajo brillante<\/strong>. Como <strong>l\u00edderes de proyecto<\/strong> o <strong>responsables de un equipo de trabajo<\/strong>, parte de nuestras tareas de trabajo consiste en buscar, desarrollar y apoyar gente brillante que a su vez encontrar\u00e1, desarrollar\u00e1 y tendr\u00e1 buenas ideas.<\/p>\n<p>\u00bfCompartes la idea de que las personas valen m\u00e1s por ser las responsables de generar las ideas? <strong>Comparte tu opini\u00f3n<\/strong> y <strong>d\u00e9janos tus comentarios<\/strong>.<\/p>\n<p>Sobre el autor: <a href=\"http:\/\/about.me\/omargarcia\" target=\"_blank\" rel=\"noopener noreferrer\">Omar Garc\u00eda<\/a><\/p>\n","protected":false},"excerpt":{"rendered":"<p>En ocasiones, la idea de un proyecto que promete ser exitoso puede convertirse en un desastre si cae en las manos de un equipo mal preparado. Por el contrario, si una idea mediocre cae en las manos de un equipo brillante, esta puede evolucionar y el equipo ser\u00e1 capaz de entregar un proyecto con buenos [&hellip;]<\/p>\n","protected":false},"author":26,"featured_media":10880,"comment_status":"open","ping_status":"open","sticky":false,"template":"","format":"standard","meta":{"_acf_changed":false,"footnotes":""},"categories":[215,231],"tags":[435,436],"class_list":["post-2417","post","type-post","status-publish","format-standard","has-post-thumbnail","hentry","category-liderazgo","category-recursos-humanos","tag-ed-catmull","tag-lideres-de-proyecto"],"acf":[],"yoast_head":"<!-- This site is optimized with the Yoast SEO plugin v24.4 - https:\/\/yoast.com\/wordpress\/plugins\/seo\/ -->\n<title>\u00bfQu\u00e9 valen m\u00e1s, las buenas ideas o la gente brillante? - Proyectum Chile<\/title>\n<meta name=\"robots\" content=\"index, follow, max-snippet:-1, max-image-preview:large, max-video-preview:-1\" \/>\n<link rel=\"canonical\" href=\"https:\/\/proyectum.com\/cl\/que-valen-mas-las-buenas-ideas-o-la-gente-brillante\/\" \/>\n<meta property=\"og:locale\" content=\"es_ES\" \/>\n<meta property=\"og:type\" content=\"article\" \/>\n<meta property=\"og:title\" content=\"\u00bfQu\u00e9 valen m\u00e1s, las buenas ideas o la gente brillante? - Proyectum Chile\" \/>\n<meta property=\"og:description\" content=\"En ocasiones, la idea de un proyecto que promete ser exitoso puede convertirse en un desastre si cae en las manos de un equipo mal preparado. Por el contrario, si una idea mediocre cae en las manos de un equipo brillante, esta puede evolucionar y el equipo ser\u00e1 capaz de entregar un proyecto con buenos [&hellip;]\" \/>\n<meta property=\"og:url\" content=\"https:\/\/proyectum.com\/cl\/que-valen-mas-las-buenas-ideas-o-la-gente-brillante\/\" \/>\n<meta property=\"og:site_name\" content=\"Proyectum Chile\" \/>\n<meta property=\"article:publisher\" content=\"https:\/\/www.facebook.com\/proyectumchile\/\" \/>\n<meta property=\"article:published_time\" content=\"2016-03-02T08:59:01+00:00\" \/>\n<meta property=\"og:image\" content=\"https:\/\/proyectum.com\/cl\/wp-content\/uploads\/2016\/03\/Idea-1.jpg\" \/>\n\t<meta property=\"og:image:width\" content=\"1100\" \/>\n\t<meta property=\"og:image:height\" content=\"508\" \/>\n\t<meta property=\"og:image:type\" content=\"image\/jpeg\" \/>\n<meta name=\"author\" content=\"Proyectum 2025\" \/>\n<meta name=\"twitter:card\" content=\"summary_large_image\" \/>\n<meta name=\"twitter:label1\" content=\"Escrito por\" \/>\n\t<meta name=\"twitter:data1\" content=\"Proyectum 2025\" \/>\n\t<meta name=\"twitter:label2\" content=\"Tiempo de lectura\" \/>\n\t<meta name=\"twitter:data2\" content=\"3 minutos\" \/>\n<script type=\"application\/ld+json\" class=\"yoast-schema-graph\">{\"@context\":\"https:\/\/schema.org\",\"@graph\":[{\"@type\":\"Article\",\"@id\":\"https:\/\/proyectum.com\/cl\/que-valen-mas-las-buenas-ideas-o-la-gente-brillante\/#article\",\"isPartOf\":{\"@id\":\"https:\/\/proyectum.com\/cl\/que-valen-mas-las-buenas-ideas-o-la-gente-brillante\/\"},\"author\":{\"name\":\"Proyectum 2025\",\"@id\":\"https:\/\/proyectum.com\/cl\/#\/schema\/person\/7d5caa4386a11be650af177d3f2e5aee\"},\"headline\":\"\u00bfQu\u00e9 valen m\u00e1s, las buenas ideas o la gente brillante?\",\"datePublished\":\"2016-03-02T08:59:01+00:00\",\"mainEntityOfPage\":{\"@id\":\"https:\/\/proyectum.com\/cl\/que-valen-mas-las-buenas-ideas-o-la-gente-brillante\/\"},\"wordCount\":554,\"commentCount\":0,\"publisher\":{\"@id\":\"https:\/\/proyectum.com\/cl\/#organization\"},\"image\":{\"@id\":\"https:\/\/proyectum.com\/cl\/que-valen-mas-las-buenas-ideas-o-la-gente-brillante\/#primaryimage\"},\"thumbnailUrl\":\"https:\/\/proyectum.com\/cl\/wp-content\/uploads\/2016\/03\/Idea-1.jpg\",\"keywords\":[\"Ed Catmull\",\"l\u00edderes de proyecto\"],\"articleSection\":[\"Liderazgo\",\"Recursos Humanos\"],\"inLanguage\":\"es\",\"potentialAction\":[{\"@type\":\"CommentAction\",\"name\":\"Comment\",\"target\":[\"https:\/\/proyectum.com\/cl\/que-valen-mas-las-buenas-ideas-o-la-gente-brillante\/#respond\"]}]},{\"@type\":\"WebPage\",\"@id\":\"https:\/\/proyectum.com\/cl\/que-valen-mas-las-buenas-ideas-o-la-gente-brillante\/\",\"url\":\"https:\/\/proyectum.com\/cl\/que-valen-mas-las-buenas-ideas-o-la-gente-brillante\/\",\"name\":\"\u00bfQu\u00e9 valen m\u00e1s, las buenas ideas o la gente brillante? - Proyectum Chile\",\"isPartOf\":{\"@id\":\"https:\/\/proyectum.com\/cl\/#website\"},\"primaryImageOfPage\":{\"@id\":\"https:\/\/proyectum.com\/cl\/que-valen-mas-las-buenas-ideas-o-la-gente-brillante\/#primaryimage\"},\"image\":{\"@id\":\"https:\/\/proyectum.com\/cl\/que-valen-mas-las-buenas-ideas-o-la-gente-brillante\/#primaryimage\"},\"thumbnailUrl\":\"https:\/\/proyectum.com\/cl\/wp-content\/uploads\/2016\/03\/Idea-1.jpg\",\"datePublished\":\"2016-03-02T08:59:01+00:00\",\"breadcrumb\":{\"@id\":\"https:\/\/proyectum.com\/cl\/que-valen-mas-las-buenas-ideas-o-la-gente-brillante\/#breadcrumb\"},\"inLanguage\":\"es\",\"potentialAction\":[{\"@type\":\"ReadAction\",\"target\":[\"https:\/\/proyectum.com\/cl\/que-valen-mas-las-buenas-ideas-o-la-gente-brillante\/\"]}]},{\"@type\":\"ImageObject\",\"inLanguage\":\"es\",\"@id\":\"https:\/\/proyectum.com\/cl\/que-valen-mas-las-buenas-ideas-o-la-gente-brillante\/#primaryimage\",\"url\":\"https:\/\/proyectum.com\/cl\/wp-content\/uploads\/2016\/03\/Idea-1.jpg\",\"contentUrl\":\"https:\/\/proyectum.com\/cl\/wp-content\/uploads\/2016\/03\/Idea-1.jpg\",\"width\":1100,\"height\":508,\"caption\":\"\u00bfQu\u00e9 valen m\u00e1s, las buenas ideas o la gente brillante?\"},{\"@type\":\"BreadcrumbList\",\"@id\":\"https:\/\/proyectum.com\/cl\/que-valen-mas-las-buenas-ideas-o-la-gente-brillante\/#breadcrumb\",\"itemListElement\":[{\"@type\":\"ListItem\",\"position\":1,\"name\":\"Home\",\"item\":\"https:\/\/proyectum.com\/cl\/\"},{\"@type\":\"ListItem\",\"position\":2,\"name\":\"\u00bfQu\u00e9 valen m\u00e1s, las buenas ideas o la gente brillante?\"}]},{\"@type\":\"WebSite\",\"@id\":\"https:\/\/proyectum.com\/cl\/#website\",\"url\":\"https:\/\/proyectum.com\/cl\/\",\"name\":\"Proyectum Chile\",\"description\":\"Direcci\u00f3n de Proyectos y Metodolog\u00edas \u00c1giles\",\"publisher\":{\"@id\":\"https:\/\/proyectum.com\/cl\/#organization\"},\"potentialAction\":[{\"@type\":\"SearchAction\",\"target\":{\"@type\":\"EntryPoint\",\"urlTemplate\":\"https:\/\/proyectum.com\/cl\/?s={search_term_string}\"},\"query-input\":{\"@type\":\"PropertyValueSpecification\",\"valueRequired\":true,\"valueName\":\"search_term_string\"}}],\"inLanguage\":\"es\"},{\"@type\":\"Organization\",\"@id\":\"https:\/\/proyectum.com\/cl\/#organization\",\"name\":\"Proyectum Chile\",\"url\":\"https:\/\/proyectum.com\/cl\/\",\"logo\":{\"@type\":\"ImageObject\",\"inLanguage\":\"es\",\"@id\":\"https:\/\/proyectum.com\/cl\/#\/schema\/logo\/image\/\",\"url\":\"https:\/\/proyectum.com\/cl\/wp-content\/uploads\/2020\/04\/proyectum-logo-snippet.png\",\"contentUrl\":\"https:\/\/proyectum.com\/cl\/wp-content\/uploads\/2020\/04\/proyectum-logo-snippet.png\",\"width\":600,\"height\":315,\"caption\":\"Proyectum Chile\"},\"image\":{\"@id\":\"https:\/\/proyectum.com\/cl\/#\/schema\/logo\/image\/\"},\"sameAs\":[\"https:\/\/www.facebook.com\/proyectumchile\/\",\"https:\/\/www.linkedin.com\/company\/proyectum-cl\/\",\"https:\/\/www.instagram.com\/proyectumchile\/\",\"https:\/\/www.youtube.com\/@proyectum2283\/videos\"]},{\"@type\":\"Person\",\"@id\":\"https:\/\/proyectum.com\/cl\/#\/schema\/person\/7d5caa4386a11be650af177d3f2e5aee\",\"name\":\"Proyectum 2025\",\"image\":{\"@type\":\"ImageObject\",\"inLanguage\":\"es\",\"@id\":\"https:\/\/proyectum.com\/cl\/#\/schema\/person\/image\/\",\"url\":\"https:\/\/secure.gravatar.com\/avatar\/df82793fddd8f0a5a84fdb27d958bf73?s=96&d=mm&r=g\",\"contentUrl\":\"https:\/\/secure.gravatar.com\/avatar\/df82793fddd8f0a5a84fdb27d958bf73?s=96&d=mm&r=g\",\"caption\":\"Proyectum 2025\"}}]}<\/script>\n<!-- \/ Yoast SEO plugin. -->","yoast_head_json":{"title":"\u00bfQu\u00e9 valen m\u00e1s, las buenas ideas o la gente brillante? - Proyectum Chile","robots":{"index":"index","follow":"follow","max-snippet":"max-snippet:-1","max-image-preview":"max-image-preview:large","max-video-preview":"max-video-preview:-1"},"canonical":"https:\/\/proyectum.com\/cl\/que-valen-mas-las-buenas-ideas-o-la-gente-brillante\/","og_locale":"es_ES","og_type":"article","og_title":"\u00bfQu\u00e9 valen m\u00e1s, las buenas ideas o la gente brillante? - Proyectum Chile","og_description":"En ocasiones, la idea de un proyecto que promete ser exitoso puede convertirse en un desastre si cae en las manos de un equipo mal preparado. Por el contrario, si una idea mediocre cae en las manos de un equipo brillante, esta puede evolucionar y el equipo ser\u00e1 capaz de entregar un proyecto con buenos [&hellip;]","og_url":"https:\/\/proyectum.com\/cl\/que-valen-mas-las-buenas-ideas-o-la-gente-brillante\/","og_site_name":"Proyectum Chile","article_publisher":"https:\/\/www.facebook.com\/proyectumchile\/","article_published_time":"2016-03-02T08:59:01+00:00","og_image":[{"width":1100,"height":508,"url":"https:\/\/proyectum.com\/cl\/wp-content\/uploads\/2016\/03\/Idea-1.jpg","type":"image\/jpeg"}],"author":"Proyectum 2025","twitter_card":"summary_large_image","twitter_misc":{"Escrito por":"Proyectum 2025","Tiempo de lectura":"3 minutos"},"schema":{"@context":"https:\/\/schema.org","@graph":[{"@type":"Article","@id":"https:\/\/proyectum.com\/cl\/que-valen-mas-las-buenas-ideas-o-la-gente-brillante\/#article","isPartOf":{"@id":"https:\/\/proyectum.com\/cl\/que-valen-mas-las-buenas-ideas-o-la-gente-brillante\/"},"author":{"name":"Proyectum 2025","@id":"https:\/\/proyectum.com\/cl\/#\/schema\/person\/7d5caa4386a11be650af177d3f2e5aee"},"headline":"\u00bfQu\u00e9 valen m\u00e1s, las buenas ideas o la gente brillante?","datePublished":"2016-03-02T08:59:01+00:00","mainEntityOfPage":{"@id":"https:\/\/proyectum.com\/cl\/que-valen-mas-las-buenas-ideas-o-la-gente-brillante\/"},"wordCount":554,"commentCount":0,"publisher":{"@id":"https:\/\/proyectum.com\/cl\/#organization"},"image":{"@id":"https:\/\/proyectum.com\/cl\/que-valen-mas-las-buenas-ideas-o-la-gente-brillante\/#primaryimage"},"thumbnailUrl":"https:\/\/proyectum.com\/cl\/wp-content\/uploads\/2016\/03\/Idea-1.jpg","keywords":["Ed Catmull","l\u00edderes de proyecto"],"articleSection":["Liderazgo","Recursos Humanos"],"inLanguage":"es","potentialAction":[{"@type":"CommentAction","name":"Comment","target":["https:\/\/proyectum.com\/cl\/que-valen-mas-las-buenas-ideas-o-la-gente-brillante\/#respond"]}]},{"@type":"WebPage","@id":"https:\/\/proyectum.com\/cl\/que-valen-mas-las-buenas-ideas-o-la-gente-brillante\/","url":"https:\/\/proyectum.com\/cl\/que-valen-mas-las-buenas-ideas-o-la-gente-brillante\/","name":"\u00bfQu\u00e9 valen m\u00e1s, las buenas ideas o la gente brillante? - Proyectum Chile","isPartOf":{"@id":"https:\/\/proyectum.com\/cl\/#website"},"primaryImageOfPage":{"@id":"https:\/\/proyectum.com\/cl\/que-valen-mas-las-buenas-ideas-o-la-gente-brillante\/#primaryimage"},"image":{"@id":"https:\/\/proyectum.com\/cl\/que-valen-mas-las-buenas-ideas-o-la-gente-brillante\/#primaryimage"},"thumbnailUrl":"https:\/\/proyectum.com\/cl\/wp-content\/uploads\/2016\/03\/Idea-1.jpg","datePublished":"2016-03-02T08:59:01+00:00","breadcrumb":{"@id":"https:\/\/proyectum.com\/cl\/que-valen-mas-las-buenas-ideas-o-la-gente-brillante\/#breadcrumb"},"inLanguage":"es","potentialAction":[{"@type":"ReadAction","target":["https:\/\/proyectum.com\/cl\/que-valen-mas-las-buenas-ideas-o-la-gente-brillante\/"]}]},{"@type":"ImageObject","inLanguage":"es","@id":"https:\/\/proyectum.com\/cl\/que-valen-mas-las-buenas-ideas-o-la-gente-brillante\/#primaryimage","url":"https:\/\/proyectum.com\/cl\/wp-content\/uploads\/2016\/03\/Idea-1.jpg","contentUrl":"https:\/\/proyectum.com\/cl\/wp-content\/uploads\/2016\/03\/Idea-1.jpg","width":1100,"height":508,"caption":"\u00bfQu\u00e9 valen m\u00e1s, las buenas ideas o la gente brillante?"},{"@type":"BreadcrumbList","@id":"https:\/\/proyectum.com\/cl\/que-valen-mas-las-buenas-ideas-o-la-gente-brillante\/#breadcrumb","itemListElement":[{"@type":"ListItem","position":1,"name":"Home","item":"https:\/\/proyectum.com\/cl\/"},{"@type":"ListItem","position":2,"name":"\u00bfQu\u00e9 valen m\u00e1s, las buenas ideas o la gente brillante?"}]},{"@type":"WebSite","@id":"https:\/\/proyectum.com\/cl\/#website","url":"https:\/\/proyectum.com\/cl\/","name":"Proyectum Chile","description":"Direcci\u00f3n de Proyectos y Metodolog\u00edas \u00c1giles","publisher":{"@id":"https:\/\/proyectum.com\/cl\/#organization"},"potentialAction":[{"@type":"SearchAction","target":{"@type":"EntryPoint","urlTemplate":"https:\/\/proyectum.com\/cl\/?s={search_term_string}"},"query-input":{"@type":"PropertyValueSpecification","valueRequired":true,"valueName":"search_term_string"}}],"inLanguage":"es"},{"@type":"Organization","@id":"https:\/\/proyectum.com\/cl\/#organization","name":"Proyectum Chile","url":"https:\/\/proyectum.com\/cl\/","logo":{"@type":"ImageObject","inLanguage":"es","@id":"https:\/\/proyectum.com\/cl\/#\/schema\/logo\/image\/","url":"https:\/\/proyectum.com\/cl\/wp-content\/uploads\/2020\/04\/proyectum-logo-snippet.png","contentUrl":"https:\/\/proyectum.com\/cl\/wp-content\/uploads\/2020\/04\/proyectum-logo-snippet.png","width":600,"height":315,"caption":"Proyectum Chile"},"image":{"@id":"https:\/\/proyectum.com\/cl\/#\/schema\/logo\/image\/"},"sameAs":["https:\/\/www.facebook.com\/proyectumchile\/","https:\/\/www.linkedin.com\/company\/proyectum-cl\/","https:\/\/www.instagram.com\/proyectumchile\/","https:\/\/www.youtube.com\/@proyectum2283\/videos"]},{"@type":"Person","@id":"https:\/\/proyectum.com\/cl\/#\/schema\/person\/7d5caa4386a11be650af177d3f2e5aee","name":"Proyectum 2025","image":{"@type":"ImageObject","inLanguage":"es","@id":"https:\/\/proyectum.com\/cl\/#\/schema\/person\/image\/","url":"https:\/\/secure.gravatar.com\/avatar\/df82793fddd8f0a5a84fdb27d958bf73?s=96&d=mm&r=g","contentUrl":"https:\/\/secure.gravatar.com\/avatar\/df82793fddd8f0a5a84fdb27d958bf73?s=96&d=mm&r=g","caption":"Proyectum 2025"}}]}},"_links":{"self":[{"href":"https:\/\/proyectum.com\/cl\/wp-json\/wp\/v2\/posts\/2417","targetHints":{"allow":["GET"]}}],"collection":[{"href":"https:\/\/proyectum.com\/cl\/wp-json\/wp\/v2\/posts"}],"about":[{"href":"https:\/\/proyectum.com\/cl\/wp-json\/wp\/v2\/types\/post"}],"author":[{"embeddable":true,"href":"https:\/\/proyectum.com\/cl\/wp-json\/wp\/v2\/users\/26"}],"replies":[{"embeddable":true,"href":"https:\/\/proyectum.com\/cl\/wp-json\/wp\/v2\/comments?post=2417"}],"version-history":[{"count":0,"href":"https:\/\/proyectum.com\/cl\/wp-json\/wp\/v2\/posts\/2417\/revisions"}],"wp:featuredmedia":[{"embeddable":true,"href":"https:\/\/proyectum.com\/cl\/wp-json\/wp\/v2\/media\/10880"}],"wp:attachment":[{"href":"https:\/\/proyectum.com\/cl\/wp-json\/wp\/v2\/media?parent=2417"}],"wp:term":[{"taxonomy":"category","embeddable":true,"href":"https:\/\/proyectum.com\/cl\/wp-json\/wp\/v2\/categories?post=2417"},{"taxonomy":"post_tag","embeddable":true,"href":"https:\/\/proyectum.com\/cl\/wp-json\/wp\/v2\/tags?post=2417"}],"curies":[{"name":"wp","href":"https:\/\/api.w.org\/{rel}","templated":true}]}}