{"id":2473,"date":"2016-03-16T01:00:42","date_gmt":"2016-03-16T07:00:42","guid":{"rendered":"http:\/\/www.proyectum.lat\/?p=2473"},"modified":"2016-03-16T01:00:42","modified_gmt":"2016-03-16T07:00:42","slug":"5-senales-para-saber-si-en-verdad-necesitas-vacaciones","status":"publish","type":"post","link":"https:\/\/proyectum.com\/cl\/5-senales-para-saber-si-en-verdad-necesitas-vacaciones\/","title":{"rendered":"5 se\u00f1ales para saber si en verdad necesitas vacaciones"},"content":{"rendered":"<p>A la gran mayor\u00eda nos resulta tentador romper con la rutina laboral por unos d\u00edas, olvidarnos del trabajo y salir de vacaciones.<\/p>\n<p>Aunque cada organizaci\u00f3n tiene sus propias pol\u00edticas de vacaciones, en algunas ocasiones, a ciertas personas les resulta complicado establecer el momento adecuado en el que deben tomarse unos d\u00edas de descanso. Por esta raz\u00f3n, aqu\u00ed te compartimos 5 se\u00f1ales que te ayudar\u00e1n a saber si te urge tomar vacaciones.<\/p>\n<p><strong>1-\tLo \u00fanico que piensas es en trabajo.<\/strong> Si has notado que en las \u00faltimas semanas lo primero que piensas al despertar es en los pendientes de la oficina, y al llegar la noche te duermes  revisando tus correos, es s\u00edntoma de que tu vida est\u00e1 siendo absorbida por las ocupaciones del trabajo.<\/p>\n<p>Quienes disfrutamos de nuestro trabajo, gozamos de hacerlo m\u00e1s all\u00e1 de un horario establecido. Sin embargo la vida se compone de muchas cosas m\u00e1s.<\/p>\n<p><strong>2-\tTu imagen lo dice todo.<\/strong> Quiz\u00e1 t\u00fa no lo notes porque has estado muy ocupado con los pendientes del trabajo, pero escucha a tus amigos, compa\u00f1eros de oficina y a tu propia pareja. Pon atenci\u00f3n y si de estas personas escuchas \u00faltimamente cosas como: \u201c\u00bfno has dormido bien?\u201d, \u201c\u00a1Descansa!\u201d, \u201cTe veo como enojado\u2026 \u00bfo est\u00e1s preocupado por algo?\u201d, \u201c\u00bfest\u00e1s bien?\u201d, entre otras parecidas, entonces es claro que tu aspecto est\u00e1 hablando por ti.<\/p>\n<p>El exceso de estr\u00e9s nos puede derivar en una variedad de problemas de salud, los cuales podemos evitar baj\u00e1ndole al ritmo que llevamos.<\/p>\n<p><strong>3-\tIrritable a la menor provocaci\u00f3n.<\/strong> \u00bfLa tolerancia no est\u00e1 siendo precisamente una de tus principales cualidades en los \u00faltimos d\u00edas? En caso de notar que \u00faltimamente has gritado m\u00e1s de la cuenta, que eres poco tolerante a los m\u00ednimos errores y has entrado en discusiones por temas que en otro momento hubieras evitado, no cabe duda que necesitas despejar unos d\u00edas tu mente.<\/p>\n<p>Mantener la cabeza fr\u00eda en las negociaciones nos va a permitir pensar con mayor claridad y tomar decisiones m\u00e1s asertivas.<\/p>\n<p><strong>4-\tErrores m\u00e1s de los normales.<\/strong> Todos cometemos errores, es un hecho. Pero cuando tus niveles de concentraci\u00f3n son bajos, empiezas a cometer errores tan b\u00e1sicos como absurdos, los cuales de alguna u otra forma llegan a afectar, no solo a ti, si no a tu equipo de trabajo.<\/p>\n<p>Salir de vacaciones unos d\u00edas te har\u00e1 olvidar de los pendientes del trabajo. A tu regreso, traer\u00e1s contigo nuevamente, esa concentraci\u00f3n que te ayudar\u00e1 a cometer la menor cantidad posible de errores.<\/p>\n<p><strong>5-\tFrustraci\u00f3n \u2013 depresi\u00f3n.<\/strong> A pesar de que tienes mucho trabajo y pasas horas frente a tu computadora, en el fondo sientes una frustraci\u00f3n cuando ves que el d\u00eda otra vez se acabo y no has terminado con los pendientes. Esta frustraci\u00f3n casi de inmediato comienza a transformarse en depresi\u00f3n y te comienzas a cuestionar si vale la pena tanto esfuerzo, si necesitas un cambio, si es momento de tirar la toalla, en fin.<\/p>\n<p>Quiz\u00e1s lo \u00fanico que necesitas es darte cuenta que el trabajo es un proceso que nunca termina y que a veces olvidarse de todo, no es irresponsabilidad si no es algo sano.<\/p>\n<p>Para muchos, un periodo vacacional se aproxima por la \u00e9poca de pascua, para otros no queda m\u00e1s remedio que trabajar. Pero si tienes la opci\u00f3n de elegir unos d\u00edas de descanso y tienes dudas sobre si en verdad los necesitas, te recomendamos que consideres que si te sentiste identificado con tres o m\u00e1s de los cinco puntos anteriores, no lo pienses m\u00e1s, \u00a1tomate unas vacaciones!.<\/p>\n<p>Toma en cuenta que un buen l\u00edder predica con el ejemplo y toma las vacaciones necesarias. Tal vez no sea necesario que te tomes semanas de descanso en un lugar alejado, quiz\u00e1 con un par de d\u00edas desconectado de los pendientes sea suficiente para ti.<\/p>\n","protected":false},"excerpt":{"rendered":"<p>A la gran mayor\u00eda nos resulta tentador romper con la rutina laboral por unos d\u00edas, olvidarnos del trabajo y salir de vacaciones. Aunque cada organizaci\u00f3n tiene sus propias pol\u00edticas de vacaciones, en algunas ocasiones, a ciertas personas les resulta complicado establecer el momento adecuado en el que deben tomarse unos d\u00edas de descanso. Por esta [&hellip;]<\/p>\n","protected":false},"author":26,"featured_media":10882,"comment_status":"open","ping_status":"open","sticky":false,"template":"","format":"standard","meta":{"_acf_changed":false,"footnotes":""},"categories":[231],"tags":[],"class_list":["post-2473","post","type-post","status-publish","format-standard","has-post-thumbnail","hentry","category-recursos-humanos"],"acf":[],"yoast_head":"<!-- This site is optimized with the Yoast SEO plugin v24.4 - https:\/\/yoast.com\/wordpress\/plugins\/seo\/ -->\n<title>5 se\u00f1ales para saber si en verdad necesitas vacaciones - Proyectum Chile<\/title>\n<meta name=\"robots\" content=\"index, follow, max-snippet:-1, max-image-preview:large, max-video-preview:-1\" \/>\n<link rel=\"canonical\" href=\"https:\/\/proyectum.com\/cl\/5-senales-para-saber-si-en-verdad-necesitas-vacaciones\/\" \/>\n<meta property=\"og:locale\" content=\"es_ES\" \/>\n<meta property=\"og:type\" content=\"article\" \/>\n<meta property=\"og:title\" content=\"5 se\u00f1ales para saber si en verdad necesitas vacaciones - Proyectum Chile\" \/>\n<meta property=\"og:description\" content=\"A la gran mayor\u00eda nos resulta tentador romper con la rutina laboral por unos d\u00edas, olvidarnos del trabajo y salir de vacaciones. Aunque cada organizaci\u00f3n tiene sus propias pol\u00edticas de vacaciones, en algunas ocasiones, a ciertas personas les resulta complicado establecer el momento adecuado en el que deben tomarse unos d\u00edas de descanso. Por esta [&hellip;]\" \/>\n<meta property=\"og:url\" content=\"https:\/\/proyectum.com\/cl\/5-senales-para-saber-si-en-verdad-necesitas-vacaciones\/\" \/>\n<meta property=\"og:site_name\" content=\"Proyectum Chile\" \/>\n<meta property=\"article:publisher\" content=\"https:\/\/www.facebook.com\/proyectumchile\/\" \/>\n<meta property=\"article:published_time\" content=\"2016-03-16T07:00:42+00:00\" \/>\n<meta property=\"og:image\" content=\"https:\/\/proyectum.com\/cl\/wp-content\/uploads\/2016\/03\/Necesitas-Vacaciones-1-1.jpg\" \/>\n\t<meta property=\"og:image:width\" content=\"1090\" \/>\n\t<meta property=\"og:image:height\" content=\"521\" \/>\n\t<meta property=\"og:image:type\" content=\"image\/jpeg\" \/>\n<meta name=\"author\" content=\"Proyectum 2025\" \/>\n<meta name=\"twitter:card\" content=\"summary_large_image\" \/>\n<meta name=\"twitter:label1\" content=\"Escrito por\" \/>\n\t<meta name=\"twitter:data1\" content=\"Proyectum 2025\" \/>\n\t<meta name=\"twitter:label2\" content=\"Tiempo de lectura\" \/>\n\t<meta name=\"twitter:data2\" content=\"3 minutos\" \/>\n<script type=\"application\/ld+json\" class=\"yoast-schema-graph\">{\"@context\":\"https:\/\/schema.org\",\"@graph\":[{\"@type\":\"Article\",\"@id\":\"https:\/\/proyectum.com\/cl\/5-senales-para-saber-si-en-verdad-necesitas-vacaciones\/#article\",\"isPartOf\":{\"@id\":\"https:\/\/proyectum.com\/cl\/5-senales-para-saber-si-en-verdad-necesitas-vacaciones\/\"},\"author\":{\"name\":\"Proyectum 2025\",\"@id\":\"https:\/\/proyectum.com\/cl\/#\/schema\/person\/7d5caa4386a11be650af177d3f2e5aee\"},\"headline\":\"5 se\u00f1ales para saber si en verdad necesitas vacaciones\",\"datePublished\":\"2016-03-16T07:00:42+00:00\",\"mainEntityOfPage\":{\"@id\":\"https:\/\/proyectum.com\/cl\/5-senales-para-saber-si-en-verdad-necesitas-vacaciones\/\"},\"wordCount\":677,\"commentCount\":0,\"publisher\":{\"@id\":\"https:\/\/proyectum.com\/cl\/#organization\"},\"image\":{\"@id\":\"https:\/\/proyectum.com\/cl\/5-senales-para-saber-si-en-verdad-necesitas-vacaciones\/#primaryimage\"},\"thumbnailUrl\":\"https:\/\/proyectum.com\/cl\/wp-content\/uploads\/2016\/03\/Necesitas-Vacaciones-1-1.jpg\",\"articleSection\":[\"Recursos Humanos\"],\"inLanguage\":\"es\",\"potentialAction\":[{\"@type\":\"CommentAction\",\"name\":\"Comment\",\"target\":[\"https:\/\/proyectum.com\/cl\/5-senales-para-saber-si-en-verdad-necesitas-vacaciones\/#respond\"]}]},{\"@type\":\"WebPage\",\"@id\":\"https:\/\/proyectum.com\/cl\/5-senales-para-saber-si-en-verdad-necesitas-vacaciones\/\",\"url\":\"https:\/\/proyectum.com\/cl\/5-senales-para-saber-si-en-verdad-necesitas-vacaciones\/\",\"name\":\"5 se\u00f1ales para saber si en verdad necesitas vacaciones - Proyectum Chile\",\"isPartOf\":{\"@id\":\"https:\/\/proyectum.com\/cl\/#website\"},\"primaryImageOfPage\":{\"@id\":\"https:\/\/proyectum.com\/cl\/5-senales-para-saber-si-en-verdad-necesitas-vacaciones\/#primaryimage\"},\"image\":{\"@id\":\"https:\/\/proyectum.com\/cl\/5-senales-para-saber-si-en-verdad-necesitas-vacaciones\/#primaryimage\"},\"thumbnailUrl\":\"https:\/\/proyectum.com\/cl\/wp-content\/uploads\/2016\/03\/Necesitas-Vacaciones-1-1.jpg\",\"datePublished\":\"2016-03-16T07:00:42+00:00\",\"breadcrumb\":{\"@id\":\"https:\/\/proyectum.com\/cl\/5-senales-para-saber-si-en-verdad-necesitas-vacaciones\/#breadcrumb\"},\"inLanguage\":\"es\",\"potentialAction\":[{\"@type\":\"ReadAction\",\"target\":[\"https:\/\/proyectum.com\/cl\/5-senales-para-saber-si-en-verdad-necesitas-vacaciones\/\"]}]},{\"@type\":\"ImageObject\",\"inLanguage\":\"es\",\"@id\":\"https:\/\/proyectum.com\/cl\/5-senales-para-saber-si-en-verdad-necesitas-vacaciones\/#primaryimage\",\"url\":\"https:\/\/proyectum.com\/cl\/wp-content\/uploads\/2016\/03\/Necesitas-Vacaciones-1-1.jpg\",\"contentUrl\":\"https:\/\/proyectum.com\/cl\/wp-content\/uploads\/2016\/03\/Necesitas-Vacaciones-1-1.jpg\",\"width\":1090,\"height\":521,\"caption\":\"Se\u00f1ales Necesitas Vacaciones\"},{\"@type\":\"BreadcrumbList\",\"@id\":\"https:\/\/proyectum.com\/cl\/5-senales-para-saber-si-en-verdad-necesitas-vacaciones\/#breadcrumb\",\"itemListElement\":[{\"@type\":\"ListItem\",\"position\":1,\"name\":\"Home\",\"item\":\"https:\/\/proyectum.com\/cl\/\"},{\"@type\":\"ListItem\",\"position\":2,\"name\":\"5 se\u00f1ales para saber si en verdad necesitas vacaciones\"}]},{\"@type\":\"WebSite\",\"@id\":\"https:\/\/proyectum.com\/cl\/#website\",\"url\":\"https:\/\/proyectum.com\/cl\/\",\"name\":\"Proyectum Chile\",\"description\":\"Direcci\u00f3n de Proyectos y Metodolog\u00edas \u00c1giles\",\"publisher\":{\"@id\":\"https:\/\/proyectum.com\/cl\/#organization\"},\"potentialAction\":[{\"@type\":\"SearchAction\",\"target\":{\"@type\":\"EntryPoint\",\"urlTemplate\":\"https:\/\/proyectum.com\/cl\/?s={search_term_string}\"},\"query-input\":{\"@type\":\"PropertyValueSpecification\",\"valueRequired\":true,\"valueName\":\"search_term_string\"}}],\"inLanguage\":\"es\"},{\"@type\":\"Organization\",\"@id\":\"https:\/\/proyectum.com\/cl\/#organization\",\"name\":\"Proyectum Chile\",\"url\":\"https:\/\/proyectum.com\/cl\/\",\"logo\":{\"@type\":\"ImageObject\",\"inLanguage\":\"es\",\"@id\":\"https:\/\/proyectum.com\/cl\/#\/schema\/logo\/image\/\",\"url\":\"https:\/\/proyectum.com\/cl\/wp-content\/uploads\/2020\/04\/proyectum-logo-snippet.png\",\"contentUrl\":\"https:\/\/proyectum.com\/cl\/wp-content\/uploads\/2020\/04\/proyectum-logo-snippet.png\",\"width\":600,\"height\":315,\"caption\":\"Proyectum Chile\"},\"image\":{\"@id\":\"https:\/\/proyectum.com\/cl\/#\/schema\/logo\/image\/\"},\"sameAs\":[\"https:\/\/www.facebook.com\/proyectumchile\/\",\"https:\/\/www.linkedin.com\/company\/proyectum-cl\/\",\"https:\/\/www.instagram.com\/proyectumchile\/\",\"https:\/\/www.youtube.com\/@proyectum2283\/videos\"]},{\"@type\":\"Person\",\"@id\":\"https:\/\/proyectum.com\/cl\/#\/schema\/person\/7d5caa4386a11be650af177d3f2e5aee\",\"name\":\"Proyectum 2025\",\"image\":{\"@type\":\"ImageObject\",\"inLanguage\":\"es\",\"@id\":\"https:\/\/proyectum.com\/cl\/#\/schema\/person\/image\/\",\"url\":\"https:\/\/secure.gravatar.com\/avatar\/df82793fddd8f0a5a84fdb27d958bf73?s=96&d=mm&r=g\",\"contentUrl\":\"https:\/\/secure.gravatar.com\/avatar\/df82793fddd8f0a5a84fdb27d958bf73?s=96&d=mm&r=g\",\"caption\":\"Proyectum 2025\"}}]}<\/script>\n<!-- \/ Yoast SEO plugin. -->","yoast_head_json":{"title":"5 se\u00f1ales para saber si en verdad necesitas vacaciones - Proyectum Chile","robots":{"index":"index","follow":"follow","max-snippet":"max-snippet:-1","max-image-preview":"max-image-preview:large","max-video-preview":"max-video-preview:-1"},"canonical":"https:\/\/proyectum.com\/cl\/5-senales-para-saber-si-en-verdad-necesitas-vacaciones\/","og_locale":"es_ES","og_type":"article","og_title":"5 se\u00f1ales para saber si en verdad necesitas vacaciones - Proyectum Chile","og_description":"A la gran mayor\u00eda nos resulta tentador romper con la rutina laboral por unos d\u00edas, olvidarnos del trabajo y salir de vacaciones. Aunque cada organizaci\u00f3n tiene sus propias pol\u00edticas de vacaciones, en algunas ocasiones, a ciertas personas les resulta complicado establecer el momento adecuado en el que deben tomarse unos d\u00edas de descanso. Por esta [&hellip;]","og_url":"https:\/\/proyectum.com\/cl\/5-senales-para-saber-si-en-verdad-necesitas-vacaciones\/","og_site_name":"Proyectum Chile","article_publisher":"https:\/\/www.facebook.com\/proyectumchile\/","article_published_time":"2016-03-16T07:00:42+00:00","og_image":[{"width":1090,"height":521,"url":"https:\/\/proyectum.com\/cl\/wp-content\/uploads\/2016\/03\/Necesitas-Vacaciones-1-1.jpg","type":"image\/jpeg"}],"author":"Proyectum 2025","twitter_card":"summary_large_image","twitter_misc":{"Escrito por":"Proyectum 2025","Tiempo de lectura":"3 minutos"},"schema":{"@context":"https:\/\/schema.org","@graph":[{"@type":"Article","@id":"https:\/\/proyectum.com\/cl\/5-senales-para-saber-si-en-verdad-necesitas-vacaciones\/#article","isPartOf":{"@id":"https:\/\/proyectum.com\/cl\/5-senales-para-saber-si-en-verdad-necesitas-vacaciones\/"},"author":{"name":"Proyectum 2025","@id":"https:\/\/proyectum.com\/cl\/#\/schema\/person\/7d5caa4386a11be650af177d3f2e5aee"},"headline":"5 se\u00f1ales para saber si en verdad necesitas vacaciones","datePublished":"2016-03-16T07:00:42+00:00","mainEntityOfPage":{"@id":"https:\/\/proyectum.com\/cl\/5-senales-para-saber-si-en-verdad-necesitas-vacaciones\/"},"wordCount":677,"commentCount":0,"publisher":{"@id":"https:\/\/proyectum.com\/cl\/#organization"},"image":{"@id":"https:\/\/proyectum.com\/cl\/5-senales-para-saber-si-en-verdad-necesitas-vacaciones\/#primaryimage"},"thumbnailUrl":"https:\/\/proyectum.com\/cl\/wp-content\/uploads\/2016\/03\/Necesitas-Vacaciones-1-1.jpg","articleSection":["Recursos Humanos"],"inLanguage":"es","potentialAction":[{"@type":"CommentAction","name":"Comment","target":["https:\/\/proyectum.com\/cl\/5-senales-para-saber-si-en-verdad-necesitas-vacaciones\/#respond"]}]},{"@type":"WebPage","@id":"https:\/\/proyectum.com\/cl\/5-senales-para-saber-si-en-verdad-necesitas-vacaciones\/","url":"https:\/\/proyectum.com\/cl\/5-senales-para-saber-si-en-verdad-necesitas-vacaciones\/","name":"5 se\u00f1ales para saber si en verdad necesitas vacaciones - Proyectum Chile","isPartOf":{"@id":"https:\/\/proyectum.com\/cl\/#website"},"primaryImageOfPage":{"@id":"https:\/\/proyectum.com\/cl\/5-senales-para-saber-si-en-verdad-necesitas-vacaciones\/#primaryimage"},"image":{"@id":"https:\/\/proyectum.com\/cl\/5-senales-para-saber-si-en-verdad-necesitas-vacaciones\/#primaryimage"},"thumbnailUrl":"https:\/\/proyectum.com\/cl\/wp-content\/uploads\/2016\/03\/Necesitas-Vacaciones-1-1.jpg","datePublished":"2016-03-16T07:00:42+00:00","breadcrumb":{"@id":"https:\/\/proyectum.com\/cl\/5-senales-para-saber-si-en-verdad-necesitas-vacaciones\/#breadcrumb"},"inLanguage":"es","potentialAction":[{"@type":"ReadAction","target":["https:\/\/proyectum.com\/cl\/5-senales-para-saber-si-en-verdad-necesitas-vacaciones\/"]}]},{"@type":"ImageObject","inLanguage":"es","@id":"https:\/\/proyectum.com\/cl\/5-senales-para-saber-si-en-verdad-necesitas-vacaciones\/#primaryimage","url":"https:\/\/proyectum.com\/cl\/wp-content\/uploads\/2016\/03\/Necesitas-Vacaciones-1-1.jpg","contentUrl":"https:\/\/proyectum.com\/cl\/wp-content\/uploads\/2016\/03\/Necesitas-Vacaciones-1-1.jpg","width":1090,"height":521,"caption":"Se\u00f1ales Necesitas Vacaciones"},{"@type":"BreadcrumbList","@id":"https:\/\/proyectum.com\/cl\/5-senales-para-saber-si-en-verdad-necesitas-vacaciones\/#breadcrumb","itemListElement":[{"@type":"ListItem","position":1,"name":"Home","item":"https:\/\/proyectum.com\/cl\/"},{"@type":"ListItem","position":2,"name":"5 se\u00f1ales para saber si en verdad necesitas vacaciones"}]},{"@type":"WebSite","@id":"https:\/\/proyectum.com\/cl\/#website","url":"https:\/\/proyectum.com\/cl\/","name":"Proyectum Chile","description":"Direcci\u00f3n de Proyectos y Metodolog\u00edas \u00c1giles","publisher":{"@id":"https:\/\/proyectum.com\/cl\/#organization"},"potentialAction":[{"@type":"SearchAction","target":{"@type":"EntryPoint","urlTemplate":"https:\/\/proyectum.com\/cl\/?s={search_term_string}"},"query-input":{"@type":"PropertyValueSpecification","valueRequired":true,"valueName":"search_term_string"}}],"inLanguage":"es"},{"@type":"Organization","@id":"https:\/\/proyectum.com\/cl\/#organization","name":"Proyectum Chile","url":"https:\/\/proyectum.com\/cl\/","logo":{"@type":"ImageObject","inLanguage":"es","@id":"https:\/\/proyectum.com\/cl\/#\/schema\/logo\/image\/","url":"https:\/\/proyectum.com\/cl\/wp-content\/uploads\/2020\/04\/proyectum-logo-snippet.png","contentUrl":"https:\/\/proyectum.com\/cl\/wp-content\/uploads\/2020\/04\/proyectum-logo-snippet.png","width":600,"height":315,"caption":"Proyectum Chile"},"image":{"@id":"https:\/\/proyectum.com\/cl\/#\/schema\/logo\/image\/"},"sameAs":["https:\/\/www.facebook.com\/proyectumchile\/","https:\/\/www.linkedin.com\/company\/proyectum-cl\/","https:\/\/www.instagram.com\/proyectumchile\/","https:\/\/www.youtube.com\/@proyectum2283\/videos"]},{"@type":"Person","@id":"https:\/\/proyectum.com\/cl\/#\/schema\/person\/7d5caa4386a11be650af177d3f2e5aee","name":"Proyectum 2025","image":{"@type":"ImageObject","inLanguage":"es","@id":"https:\/\/proyectum.com\/cl\/#\/schema\/person\/image\/","url":"https:\/\/secure.gravatar.com\/avatar\/df82793fddd8f0a5a84fdb27d958bf73?s=96&d=mm&r=g","contentUrl":"https:\/\/secure.gravatar.com\/avatar\/df82793fddd8f0a5a84fdb27d958bf73?s=96&d=mm&r=g","caption":"Proyectum 2025"}}]}},"_links":{"self":[{"href":"https:\/\/proyectum.com\/cl\/wp-json\/wp\/v2\/posts\/2473","targetHints":{"allow":["GET"]}}],"collection":[{"href":"https:\/\/proyectum.com\/cl\/wp-json\/wp\/v2\/posts"}],"about":[{"href":"https:\/\/proyectum.com\/cl\/wp-json\/wp\/v2\/types\/post"}],"author":[{"embeddable":true,"href":"https:\/\/proyectum.com\/cl\/wp-json\/wp\/v2\/users\/26"}],"replies":[{"embeddable":true,"href":"https:\/\/proyectum.com\/cl\/wp-json\/wp\/v2\/comments?post=2473"}],"version-history":[{"count":0,"href":"https:\/\/proyectum.com\/cl\/wp-json\/wp\/v2\/posts\/2473\/revisions"}],"wp:featuredmedia":[{"embeddable":true,"href":"https:\/\/proyectum.com\/cl\/wp-json\/wp\/v2\/media\/10882"}],"wp:attachment":[{"href":"https:\/\/proyectum.com\/cl\/wp-json\/wp\/v2\/media?parent=2473"}],"wp:term":[{"taxonomy":"category","embeddable":true,"href":"https:\/\/proyectum.com\/cl\/wp-json\/wp\/v2\/categories?post=2473"},{"taxonomy":"post_tag","embeddable":true,"href":"https:\/\/proyectum.com\/cl\/wp-json\/wp\/v2\/tags?post=2473"}],"curies":[{"name":"wp","href":"https:\/\/api.w.org\/{rel}","templated":true}]}}