{"id":2552,"date":"2016-03-31T12:49:00","date_gmt":"2016-03-31T18:49:00","guid":{"rendered":"http:\/\/www.proyectum.lat\/?p=2552"},"modified":"2016-03-31T12:49:00","modified_gmt":"2016-03-31T18:49:00","slug":"fundacion-learny-diversion-educativa-para-todos","status":"publish","type":"post","link":"https:\/\/proyectum.com\/cl\/fundacion-learny-diversion-educativa-para-todos\/","title":{"rendered":"Fundaci\u00f3n Learny: diversi\u00f3n educativa para todos"},"content":{"rendered":"<p>[et_pb_section admin_label=\u00bbsection\u00bb][et_pb_row admin_label=\u00bbrow\u00bb][et_pb_column type=\u00bb4_4&#8243;][et_pb_text admin_label=\u00bbText\u00bb background_layout=\u00bblight\u00bb text_orientation=\u00bbleft\u00bb text_font_size=\u00bb17&#8243; text_line_height=\u00bb2.5em\u00bb use_border_color=\u00bboff\u00bb border_color=\u00bb#ffffff\u00bb border_style=\u00bbsolid\u00bb]<\/p>\n<p>Los sistemas educativos <strong>no han sabido incorporar las nuevas tecnolog\u00edas<\/strong> de esta \u00e9poca tan cambiante en la que vivimos. Mientras a diario la tecnolog\u00eda irrumpe radicalmente en pr\u00e1cticamente todos los aspectos de nuestras vidas, la educaci\u00f3n no muestra innovaciones y se sigue llevando pr\u00e1cticamente igual que a principios del siglo pasado. <a href=\"http:\/\/fundacionlearny.org\/\" target=\"_blank\" rel=\"noopener noreferrer\">Fundaci\u00f3n Learny<\/a> est\u00e1 trabajando para cambiar esta realidad.<\/p>\n<p>Despu\u00e9s de haber recorrido un camino que comenz\u00f3 en el a\u00f1o 2011, fue en el 2014 cuando se constituy\u00f3 formalmente <strong>Fundaci\u00f3n Learny A. C.<\/strong>, con la misi\u00f3n de crear e implementar videojuegos que permitan innovar los m\u00e9todos de ense\u00f1anza para los ni\u00f1os.<\/p>\n<p>Actualmente <strong>Fundaci\u00f3n Learny<\/strong> cuenta con la <strong>plataforma Learny<\/strong>, la cual se instala de forma gratuita en las computadoras de cualquier escuela y cuenta con videojuegos con los que los ni\u00f1os pueden reforzar temas de materias como: historia, geograf\u00eda, matem\u00e1ticas, ciencias naturas y artes. Pero esto no es todo, pues cuentan tambi\u00e9n con otra plataforma llamada PCI para ni\u00f1os con par\u00e1lisis cerebral, adem\u00e1s est\u00e1n desarrollando la plataforma para ense\u00f1ar ingl\u00e9s y tienen planes con temas de educaci\u00f3n financiera.<\/p>\n<p><strong>Fundaci\u00f3n Learny<\/strong> nace en el estado de Puebla, pero debido a su crecimiento han mudado sus operaciones a la Ciudad de M\u00e9xico. Esto nos permiti\u00f3 tener una reuni\u00f3n con el <strong>Director General Roberto Rogel<\/strong> y este fue lo que platicamos:<\/p>\n<p><img fetchpriority=\"high\" decoding=\"async\" src=\"http:\/\/www.proyectum.lat\/wp-content\/uploads\/2016\/03\/F-Proyectum02.jpg\" alt=\"Qu\u00e9 es Fundacion Learny\" width=\"995\" height=\"395\" class=\"aligncenter size-full wp-image-2558\"><\/p>\n<p><strong>\u00bfQu\u00e9 es Fundaci\u00f3n Learny?<\/strong><\/p>\n<p><strong>Fundaci\u00f3n Learny<\/strong> nace como una necesidad, como una problem\u00e1tica que detectamos. En donde el actual sistema educativo, no solamente de M\u00e9xico, ni de Latinoam\u00e9rica, sino a nivel mundial, no est\u00e1n sabiendo incorporar estas nuevas tecnolog\u00edas. Vivimos en una nueva era en donde la manera de interactuar de los maestros y las escuelas, sigue siendo de la misma manera c\u00f3mo se hizo con nuestros abuelos, con nuestros pap\u00e1s, o hace d\u00e9cadas.<\/p>\n<p>En base a eso, David Garc\u00eda, mi socio, y yo, en el 2011 iniciamos un proyecto, con el cual el CONACYT nos dio un reconocimiento a nivel nacional [\u2026] y a lo largo de tres a\u00f1os, tanto David como yo, hicimos este tipo de m\u00f3dulos, de diferentes temas educativos, con diferentes juegos, hasta llegar al 2014 donde constituimos formalmente <strong>Fundaci\u00f3n Learny<\/strong> a lado de otros 3 socios.<\/p>\n<p><strong>Tienen una plataforma educativa que es el coraz\u00f3n de Fundaci\u00f3n Learny, una plataforma donde los ni\u00f1os a trav\u00e9s del juego est\u00e1n aprendiendo \u00bfes correcto esto?<\/strong><\/p>\n<p>Es correcto en parte, tenemos ahorita lo que es la plataforma como tal, de hecho lleva el mismo nombre de la fundaci\u00f3n, la \u201c<strong>plataforma Learny<\/strong>\u201d, sin embargo no es el \u00fanico contenido que estamos desarrollando. En un inicio [\u2026] lo que quer\u00edamos era transformar todos los temas de las asignaturas de sexto a\u00f1o de primaria en videojuegos, posterior a eso nos dimos cuenta de que los padres de familia tambi\u00e9n quer\u00edan nuevos contenidos y en base a eso empezamos a experimentar nuevos desarrollos como es el caso de PCI que son juegos para ni\u00f1os con par\u00e1lisis cerebral, ahorita estamos desarrollando el de ingl\u00e9s y posteriormente vamos a hacer el de educaci\u00f3n financiera.<\/p>\n<p><strong>\u00bfCu\u00e1l es el proceso que debe seguir una escuela para pedir su plataforma?<\/strong><\/p>\n<p>Son dos, la primera y m\u00e1s sencilla de todas, te metes a nuestra p\u00e1gina <a href=\"http:\/\/fundacionlearny.org\/obten-la-plataforma.html\" target=\"_blank\" rel=\"noopener noreferrer\">fundacionlearny.org \/obten-la-plataforma.html<\/a> [\u2026] te vienen tres pasos que debes seguir es: descargar los documentos, firmarlos, escanearlos, enviarlos al mail que aparece ah\u00ed, posteriormente a eso, nosotros les estamos enviando una liga para que lo puedan descargar, con una fecha de caducidad de tres a cinco d\u00edas dependiendo, esa es a trav\u00e9s de digital, no tenemos ninguna interacci\u00f3n con la instituci\u00f3n de manera personal.<\/p>\n<p>Y la otra que s\u00ed es m\u00e1s personal, y que tambi\u00e9n no tiene ning\u00fan costo, esa s\u00ed est\u00e1 limitada a la zona en la que estamos, en este caso ahorita estamos en el Distrito Federal, incluso en Puebla tambi\u00e9n lo podemos hacer, tenemos gente trabajando en Puebla, y esa es por medio de nuestro departamento de vinculaci\u00f3n, se pueden poner en contacto con <strong>Francisco Macip<\/strong> y solicitar la plataforma, que la instalen directamente. [\u2026] Vamos les instalamos la plataforma, les explicamos los beneficios, les hacemos un peque\u00f1o demo y posterior a eso damos seguimiento para que ellos nos vayan comentando sus inquietudes o incluso propuestas a nuevos temas.<\/p>\n<p><img decoding=\"async\" src=\"http:\/\/www.proyectum.lat\/wp-content\/uploads\/2016\/03\/F-Proyectum03.jpg\" alt=\"Entrevista Fundacion Learny\" width=\"1024\" height=\"538\" class=\"aligncenter size-full wp-image-2561\"><\/p>\n<p><strong>\u00bfCu\u00e1l es el fracaso que m\u00e1s ense\u00f1anzas te ha dejado?<\/strong><\/p>\n<p>Yo digo que todos, todos me han dejado buenas ense\u00f1anzas [\u2026] al inicio no les dec\u00edamos fracasos, de hecho ahorita est\u00e1 esto de que dices fracaso y ya no hay problema, pero aun recuerdo las entrevistas cuando nos preguntaban, 2012 2013, que cu\u00e1les eran nuestros fracasos y nosotros: \u201c<em>no fracasos no, fueron equivocaciones<\/em>\u201d. No, s\u00ed son fracasos, pero eso es importante porque mucha gente piensa que los fracasos es algo malo, pero por el entorno en el que estamos M\u00e9xico y Latinoam\u00e9rica m\u00e1s espec\u00edficamente, en otras econom\u00edas m\u00e1s desarrolladas el fracaso es parte del d\u00eda con d\u00eda, y de hecho muchos inversionistas ven al emprendedor, y se valen m\u00e1s de sus fracasos porque saben que ya pasaron por ese camino y la ense\u00f1anza que les dejo.<\/p>\n<p>A lo largo de la charla pudimos percibir las ganas que tiene de innovar los m\u00e9todos actuales de ense\u00f1anza a trav\u00e9s de la implementaci\u00f3n de los videojuegos que realizan y creo que van avanzando por buen camino.<\/p>\n<p>Adem\u00e1s de platicar con <strong>Roberto Rogel<\/strong>, Director General de <strong>Fundaci\u00f3n Learny<\/strong>, pudimos platicar con <strong>David Garc\u00eda<\/strong>, Director de Innovaci\u00f3n, <strong>Erick Garc\u00eda<\/strong>, Director de Marketing, <strong>Bruno Bautista<\/strong>, Director de Recursos Humanos y <strong>Francisco Macip<\/strong>, Director de Relaciones Publicas. En este espacio podr\u00e1s encontrar los videos de la entrevista completa:<\/p>\n<p><iframe title=\"Fundaci\u00f3n Learny: diversi\u00f3n educativa para todos\" width=\"800\" height=\"450\" src=\"https:\/\/www.youtube.com\/embed\/X7-lu7q12Ws?feature=oembed\" frameborder=\"0\" allow=\"accelerometer; autoplay; clipboard-write; encrypted-media; gyroscope; picture-in-picture; web-share\" referrerpolicy=\"strict-origin-when-cross-origin\" allowfullscreen><\/iframe><\/p>\n<p>En breve publicaremos la segunda parte de este video para que conozcan m\u00e1s de <strong>Fundaci\u00f3n Learny<\/strong>.<\/p>\n<p>Sobre el autor: <a href=\"http:\/\/about.me\/omargarcia\" target=\"_blank\" rel=\"noopener noreferrer\">Omar Garc\u00eda<\/a><\/p>\n<p>[\/et_pb_text][\/et_pb_column][\/et_pb_row][\/et_pb_section]<\/p>\n","protected":false},"excerpt":{"rendered":"<p>[et_pb_section admin_label=\u00bbsection\u00bb][et_pb_row admin_label=\u00bbrow\u00bb][et_pb_column type=\u00bb4_4&#8243;][et_pb_text admin_label=\u00bbText\u00bb background_layout=\u00bblight\u00bb text_orientation=\u00bbleft\u00bb text_font_size=\u00bb17&#8243; text_line_height=\u00bb2.5em\u00bb use_border_color=\u00bboff\u00bb border_color=\u00bb#ffffff\u00bb border_style=\u00bbsolid\u00bb] Los sistemas educativos no han sabido incorporar las nuevas tecnolog\u00edas de esta \u00e9poca tan cambiante en la que vivimos. Mientras a diario la tecnolog\u00eda irrumpe radicalmente en pr\u00e1cticamente todos los aspectos de nuestras vidas, la educaci\u00f3n no muestra innovaciones y se sigue llevando [&hellip;]<\/p>\n","protected":false},"author":26,"featured_media":10884,"comment_status":"open","ping_status":"open","sticky":false,"template":"","format":"standard","meta":{"_acf_changed":false,"footnotes":""},"categories":[430,215],"tags":[431,437],"class_list":["post-2552","post","type-post","status-publish","format-standard","has-post-thumbnail","hentry","category-demente","category-liderazgo","tag-entrevista-demente-startup","tag-fundacion-learny"],"acf":[],"yoast_head":"<!-- This site is optimized with the Yoast SEO plugin v24.4 - https:\/\/yoast.com\/wordpress\/plugins\/seo\/ -->\n<title>Fundaci\u00f3n Learny: diversi\u00f3n educativa para todos - Proyectum Chile<\/title>\n<meta name=\"robots\" content=\"index, follow, max-snippet:-1, max-image-preview:large, max-video-preview:-1\" \/>\n<link rel=\"canonical\" href=\"https:\/\/proyectum.com\/cl\/fundacion-learny-diversion-educativa-para-todos\/\" \/>\n<meta property=\"og:locale\" content=\"es_ES\" \/>\n<meta property=\"og:type\" content=\"article\" \/>\n<meta property=\"og:title\" content=\"Fundaci\u00f3n Learny: diversi\u00f3n educativa para todos - Proyectum Chile\" \/>\n<meta property=\"og:description\" content=\"[et_pb_section admin_label=\u00bbsection\u00bb][et_pb_row admin_label=\u00bbrow\u00bb][et_pb_column type=\u00bb4_4&#8243;][et_pb_text admin_label=\u00bbText\u00bb background_layout=\u00bblight\u00bb text_orientation=\u00bbleft\u00bb text_font_size=\u00bb17&#8243; text_line_height=\u00bb2.5em\u00bb use_border_color=\u00bboff\u00bb border_color=\u00bb#ffffff\u00bb border_style=\u00bbsolid\u00bb] Los sistemas educativos no han sabido incorporar las nuevas tecnolog\u00edas de esta \u00e9poca tan cambiante en la que vivimos. Mientras a diario la tecnolog\u00eda irrumpe radicalmente en pr\u00e1cticamente todos los aspectos de nuestras vidas, la educaci\u00f3n no muestra innovaciones y se sigue llevando [&hellip;]\" \/>\n<meta property=\"og:url\" content=\"https:\/\/proyectum.com\/cl\/fundacion-learny-diversion-educativa-para-todos\/\" \/>\n<meta property=\"og:site_name\" content=\"Proyectum Chile\" \/>\n<meta property=\"article:publisher\" content=\"https:\/\/www.facebook.com\/proyectumchile\/\" \/>\n<meta property=\"article:published_time\" content=\"2016-03-31T18:49:00+00:00\" \/>\n<meta property=\"og:image\" content=\"https:\/\/proyectum.com\/cl\/wp-content\/uploads\/2016\/03\/F-Proyectum-1-1.jpg\" \/>\n\t<meta property=\"og:image:width\" content=\"1090\" \/>\n\t<meta property=\"og:image:height\" content=\"611\" \/>\n\t<meta property=\"og:image:type\" content=\"image\/jpeg\" \/>\n<meta name=\"author\" content=\"Proyectum 2025\" \/>\n<meta name=\"twitter:card\" content=\"summary_large_image\" \/>\n<meta name=\"twitter:label1\" content=\"Escrito por\" \/>\n\t<meta name=\"twitter:data1\" content=\"Proyectum 2025\" \/>\n\t<meta name=\"twitter:label2\" content=\"Tiempo de lectura\" \/>\n\t<meta name=\"twitter:data2\" content=\"5 minutos\" \/>\n<script type=\"application\/ld+json\" class=\"yoast-schema-graph\">{\"@context\":\"https:\/\/schema.org\",\"@graph\":[{\"@type\":\"Article\",\"@id\":\"https:\/\/proyectum.com\/cl\/fundacion-learny-diversion-educativa-para-todos\/#article\",\"isPartOf\":{\"@id\":\"https:\/\/proyectum.com\/cl\/fundacion-learny-diversion-educativa-para-todos\/\"},\"author\":{\"name\":\"Proyectum 2025\",\"@id\":\"https:\/\/proyectum.com\/cl\/#\/schema\/person\/7d5caa4386a11be650af177d3f2e5aee\"},\"headline\":\"Fundaci\u00f3n Learny: diversi\u00f3n educativa para todos\",\"datePublished\":\"2016-03-31T18:49:00+00:00\",\"mainEntityOfPage\":{\"@id\":\"https:\/\/proyectum.com\/cl\/fundacion-learny-diversion-educativa-para-todos\/\"},\"wordCount\":1096,\"commentCount\":0,\"publisher\":{\"@id\":\"https:\/\/proyectum.com\/cl\/#organization\"},\"image\":{\"@id\":\"https:\/\/proyectum.com\/cl\/fundacion-learny-diversion-educativa-para-todos\/#primaryimage\"},\"thumbnailUrl\":\"https:\/\/proyectum.com\/cl\/wp-content\/uploads\/2016\/03\/F-Proyectum-1-1.jpg\",\"keywords\":[\"Entrevista demente startup\",\"Fundaci\u00f3n Learny\"],\"articleSection\":[\"DeMente Startup\",\"Liderazgo\"],\"inLanguage\":\"es\",\"potentialAction\":[{\"@type\":\"CommentAction\",\"name\":\"Comment\",\"target\":[\"https:\/\/proyectum.com\/cl\/fundacion-learny-diversion-educativa-para-todos\/#respond\"]}]},{\"@type\":\"WebPage\",\"@id\":\"https:\/\/proyectum.com\/cl\/fundacion-learny-diversion-educativa-para-todos\/\",\"url\":\"https:\/\/proyectum.com\/cl\/fundacion-learny-diversion-educativa-para-todos\/\",\"name\":\"Fundaci\u00f3n Learny: diversi\u00f3n educativa para todos - Proyectum Chile\",\"isPartOf\":{\"@id\":\"https:\/\/proyectum.com\/cl\/#website\"},\"primaryImageOfPage\":{\"@id\":\"https:\/\/proyectum.com\/cl\/fundacion-learny-diversion-educativa-para-todos\/#primaryimage\"},\"image\":{\"@id\":\"https:\/\/proyectum.com\/cl\/fundacion-learny-diversion-educativa-para-todos\/#primaryimage\"},\"thumbnailUrl\":\"https:\/\/proyectum.com\/cl\/wp-content\/uploads\/2016\/03\/F-Proyectum-1-1.jpg\",\"datePublished\":\"2016-03-31T18:49:00+00:00\",\"breadcrumb\":{\"@id\":\"https:\/\/proyectum.com\/cl\/fundacion-learny-diversion-educativa-para-todos\/#breadcrumb\"},\"inLanguage\":\"es\",\"potentialAction\":[{\"@type\":\"ReadAction\",\"target\":[\"https:\/\/proyectum.com\/cl\/fundacion-learny-diversion-educativa-para-todos\/\"]}]},{\"@type\":\"ImageObject\",\"inLanguage\":\"es\",\"@id\":\"https:\/\/proyectum.com\/cl\/fundacion-learny-diversion-educativa-para-todos\/#primaryimage\",\"url\":\"https:\/\/proyectum.com\/cl\/wp-content\/uploads\/2016\/03\/F-Proyectum-1-1.jpg\",\"contentUrl\":\"https:\/\/proyectum.com\/cl\/wp-content\/uploads\/2016\/03\/F-Proyectum-1-1.jpg\",\"width\":1090,\"height\":611,\"caption\":\"Fundacion Learny Proyectum\"},{\"@type\":\"BreadcrumbList\",\"@id\":\"https:\/\/proyectum.com\/cl\/fundacion-learny-diversion-educativa-para-todos\/#breadcrumb\",\"itemListElement\":[{\"@type\":\"ListItem\",\"position\":1,\"name\":\"Home\",\"item\":\"https:\/\/proyectum.com\/cl\/\"},{\"@type\":\"ListItem\",\"position\":2,\"name\":\"Fundaci\u00f3n Learny: diversi\u00f3n educativa para todos\"}]},{\"@type\":\"WebSite\",\"@id\":\"https:\/\/proyectum.com\/cl\/#website\",\"url\":\"https:\/\/proyectum.com\/cl\/\",\"name\":\"Proyectum Chile\",\"description\":\"Direcci\u00f3n de Proyectos y Metodolog\u00edas \u00c1giles\",\"publisher\":{\"@id\":\"https:\/\/proyectum.com\/cl\/#organization\"},\"potentialAction\":[{\"@type\":\"SearchAction\",\"target\":{\"@type\":\"EntryPoint\",\"urlTemplate\":\"https:\/\/proyectum.com\/cl\/?s={search_term_string}\"},\"query-input\":{\"@type\":\"PropertyValueSpecification\",\"valueRequired\":true,\"valueName\":\"search_term_string\"}}],\"inLanguage\":\"es\"},{\"@type\":\"Organization\",\"@id\":\"https:\/\/proyectum.com\/cl\/#organization\",\"name\":\"Proyectum Chile\",\"url\":\"https:\/\/proyectum.com\/cl\/\",\"logo\":{\"@type\":\"ImageObject\",\"inLanguage\":\"es\",\"@id\":\"https:\/\/proyectum.com\/cl\/#\/schema\/logo\/image\/\",\"url\":\"https:\/\/proyectum.com\/cl\/wp-content\/uploads\/2020\/04\/proyectum-logo-snippet.png\",\"contentUrl\":\"https:\/\/proyectum.com\/cl\/wp-content\/uploads\/2020\/04\/proyectum-logo-snippet.png\",\"width\":600,\"height\":315,\"caption\":\"Proyectum Chile\"},\"image\":{\"@id\":\"https:\/\/proyectum.com\/cl\/#\/schema\/logo\/image\/\"},\"sameAs\":[\"https:\/\/www.facebook.com\/proyectumchile\/\",\"https:\/\/www.linkedin.com\/company\/proyectum-cl\/\",\"https:\/\/www.instagram.com\/proyectumchile\/\",\"https:\/\/www.youtube.com\/@proyectum2283\/videos\"]},{\"@type\":\"Person\",\"@id\":\"https:\/\/proyectum.com\/cl\/#\/schema\/person\/7d5caa4386a11be650af177d3f2e5aee\",\"name\":\"Proyectum 2025\",\"image\":{\"@type\":\"ImageObject\",\"inLanguage\":\"es\",\"@id\":\"https:\/\/proyectum.com\/cl\/#\/schema\/person\/image\/\",\"url\":\"https:\/\/secure.gravatar.com\/avatar\/df82793fddd8f0a5a84fdb27d958bf73?s=96&d=mm&r=g\",\"contentUrl\":\"https:\/\/secure.gravatar.com\/avatar\/df82793fddd8f0a5a84fdb27d958bf73?s=96&d=mm&r=g\",\"caption\":\"Proyectum 2025\"}}]}<\/script>\n<!-- \/ Yoast SEO plugin. -->","yoast_head_json":{"title":"Fundaci\u00f3n Learny: diversi\u00f3n educativa para todos - Proyectum Chile","robots":{"index":"index","follow":"follow","max-snippet":"max-snippet:-1","max-image-preview":"max-image-preview:large","max-video-preview":"max-video-preview:-1"},"canonical":"https:\/\/proyectum.com\/cl\/fundacion-learny-diversion-educativa-para-todos\/","og_locale":"es_ES","og_type":"article","og_title":"Fundaci\u00f3n Learny: diversi\u00f3n educativa para todos - Proyectum Chile","og_description":"[et_pb_section admin_label=\u00bbsection\u00bb][et_pb_row admin_label=\u00bbrow\u00bb][et_pb_column type=\u00bb4_4&#8243;][et_pb_text admin_label=\u00bbText\u00bb background_layout=\u00bblight\u00bb text_orientation=\u00bbleft\u00bb text_font_size=\u00bb17&#8243; text_line_height=\u00bb2.5em\u00bb use_border_color=\u00bboff\u00bb border_color=\u00bb#ffffff\u00bb border_style=\u00bbsolid\u00bb] Los sistemas educativos no han sabido incorporar las nuevas tecnolog\u00edas de esta \u00e9poca tan cambiante en la que vivimos. Mientras a diario la tecnolog\u00eda irrumpe radicalmente en pr\u00e1cticamente todos los aspectos de nuestras vidas, la educaci\u00f3n no muestra innovaciones y se sigue llevando [&hellip;]","og_url":"https:\/\/proyectum.com\/cl\/fundacion-learny-diversion-educativa-para-todos\/","og_site_name":"Proyectum Chile","article_publisher":"https:\/\/www.facebook.com\/proyectumchile\/","article_published_time":"2016-03-31T18:49:00+00:00","og_image":[{"width":1090,"height":611,"url":"https:\/\/proyectum.com\/cl\/wp-content\/uploads\/2016\/03\/F-Proyectum-1-1.jpg","type":"image\/jpeg"}],"author":"Proyectum 2025","twitter_card":"summary_large_image","twitter_misc":{"Escrito por":"Proyectum 2025","Tiempo de lectura":"5 minutos"},"schema":{"@context":"https:\/\/schema.org","@graph":[{"@type":"Article","@id":"https:\/\/proyectum.com\/cl\/fundacion-learny-diversion-educativa-para-todos\/#article","isPartOf":{"@id":"https:\/\/proyectum.com\/cl\/fundacion-learny-diversion-educativa-para-todos\/"},"author":{"name":"Proyectum 2025","@id":"https:\/\/proyectum.com\/cl\/#\/schema\/person\/7d5caa4386a11be650af177d3f2e5aee"},"headline":"Fundaci\u00f3n Learny: diversi\u00f3n educativa para todos","datePublished":"2016-03-31T18:49:00+00:00","mainEntityOfPage":{"@id":"https:\/\/proyectum.com\/cl\/fundacion-learny-diversion-educativa-para-todos\/"},"wordCount":1096,"commentCount":0,"publisher":{"@id":"https:\/\/proyectum.com\/cl\/#organization"},"image":{"@id":"https:\/\/proyectum.com\/cl\/fundacion-learny-diversion-educativa-para-todos\/#primaryimage"},"thumbnailUrl":"https:\/\/proyectum.com\/cl\/wp-content\/uploads\/2016\/03\/F-Proyectum-1-1.jpg","keywords":["Entrevista demente startup","Fundaci\u00f3n Learny"],"articleSection":["DeMente Startup","Liderazgo"],"inLanguage":"es","potentialAction":[{"@type":"CommentAction","name":"Comment","target":["https:\/\/proyectum.com\/cl\/fundacion-learny-diversion-educativa-para-todos\/#respond"]}]},{"@type":"WebPage","@id":"https:\/\/proyectum.com\/cl\/fundacion-learny-diversion-educativa-para-todos\/","url":"https:\/\/proyectum.com\/cl\/fundacion-learny-diversion-educativa-para-todos\/","name":"Fundaci\u00f3n Learny: diversi\u00f3n educativa para todos - Proyectum Chile","isPartOf":{"@id":"https:\/\/proyectum.com\/cl\/#website"},"primaryImageOfPage":{"@id":"https:\/\/proyectum.com\/cl\/fundacion-learny-diversion-educativa-para-todos\/#primaryimage"},"image":{"@id":"https:\/\/proyectum.com\/cl\/fundacion-learny-diversion-educativa-para-todos\/#primaryimage"},"thumbnailUrl":"https:\/\/proyectum.com\/cl\/wp-content\/uploads\/2016\/03\/F-Proyectum-1-1.jpg","datePublished":"2016-03-31T18:49:00+00:00","breadcrumb":{"@id":"https:\/\/proyectum.com\/cl\/fundacion-learny-diversion-educativa-para-todos\/#breadcrumb"},"inLanguage":"es","potentialAction":[{"@type":"ReadAction","target":["https:\/\/proyectum.com\/cl\/fundacion-learny-diversion-educativa-para-todos\/"]}]},{"@type":"ImageObject","inLanguage":"es","@id":"https:\/\/proyectum.com\/cl\/fundacion-learny-diversion-educativa-para-todos\/#primaryimage","url":"https:\/\/proyectum.com\/cl\/wp-content\/uploads\/2016\/03\/F-Proyectum-1-1.jpg","contentUrl":"https:\/\/proyectum.com\/cl\/wp-content\/uploads\/2016\/03\/F-Proyectum-1-1.jpg","width":1090,"height":611,"caption":"Fundacion Learny Proyectum"},{"@type":"BreadcrumbList","@id":"https:\/\/proyectum.com\/cl\/fundacion-learny-diversion-educativa-para-todos\/#breadcrumb","itemListElement":[{"@type":"ListItem","position":1,"name":"Home","item":"https:\/\/proyectum.com\/cl\/"},{"@type":"ListItem","position":2,"name":"Fundaci\u00f3n Learny: diversi\u00f3n educativa para todos"}]},{"@type":"WebSite","@id":"https:\/\/proyectum.com\/cl\/#website","url":"https:\/\/proyectum.com\/cl\/","name":"Proyectum Chile","description":"Direcci\u00f3n de Proyectos y Metodolog\u00edas \u00c1giles","publisher":{"@id":"https:\/\/proyectum.com\/cl\/#organization"},"potentialAction":[{"@type":"SearchAction","target":{"@type":"EntryPoint","urlTemplate":"https:\/\/proyectum.com\/cl\/?s={search_term_string}"},"query-input":{"@type":"PropertyValueSpecification","valueRequired":true,"valueName":"search_term_string"}}],"inLanguage":"es"},{"@type":"Organization","@id":"https:\/\/proyectum.com\/cl\/#organization","name":"Proyectum Chile","url":"https:\/\/proyectum.com\/cl\/","logo":{"@type":"ImageObject","inLanguage":"es","@id":"https:\/\/proyectum.com\/cl\/#\/schema\/logo\/image\/","url":"https:\/\/proyectum.com\/cl\/wp-content\/uploads\/2020\/04\/proyectum-logo-snippet.png","contentUrl":"https:\/\/proyectum.com\/cl\/wp-content\/uploads\/2020\/04\/proyectum-logo-snippet.png","width":600,"height":315,"caption":"Proyectum Chile"},"image":{"@id":"https:\/\/proyectum.com\/cl\/#\/schema\/logo\/image\/"},"sameAs":["https:\/\/www.facebook.com\/proyectumchile\/","https:\/\/www.linkedin.com\/company\/proyectum-cl\/","https:\/\/www.instagram.com\/proyectumchile\/","https:\/\/www.youtube.com\/@proyectum2283\/videos"]},{"@type":"Person","@id":"https:\/\/proyectum.com\/cl\/#\/schema\/person\/7d5caa4386a11be650af177d3f2e5aee","name":"Proyectum 2025","image":{"@type":"ImageObject","inLanguage":"es","@id":"https:\/\/proyectum.com\/cl\/#\/schema\/person\/image\/","url":"https:\/\/secure.gravatar.com\/avatar\/df82793fddd8f0a5a84fdb27d958bf73?s=96&d=mm&r=g","contentUrl":"https:\/\/secure.gravatar.com\/avatar\/df82793fddd8f0a5a84fdb27d958bf73?s=96&d=mm&r=g","caption":"Proyectum 2025"}}]}},"_links":{"self":[{"href":"https:\/\/proyectum.com\/cl\/wp-json\/wp\/v2\/posts\/2552","targetHints":{"allow":["GET"]}}],"collection":[{"href":"https:\/\/proyectum.com\/cl\/wp-json\/wp\/v2\/posts"}],"about":[{"href":"https:\/\/proyectum.com\/cl\/wp-json\/wp\/v2\/types\/post"}],"author":[{"embeddable":true,"href":"https:\/\/proyectum.com\/cl\/wp-json\/wp\/v2\/users\/26"}],"replies":[{"embeddable":true,"href":"https:\/\/proyectum.com\/cl\/wp-json\/wp\/v2\/comments?post=2552"}],"version-history":[{"count":0,"href":"https:\/\/proyectum.com\/cl\/wp-json\/wp\/v2\/posts\/2552\/revisions"}],"wp:featuredmedia":[{"embeddable":true,"href":"https:\/\/proyectum.com\/cl\/wp-json\/wp\/v2\/media\/10884"}],"wp:attachment":[{"href":"https:\/\/proyectum.com\/cl\/wp-json\/wp\/v2\/media?parent=2552"}],"wp:term":[{"taxonomy":"category","embeddable":true,"href":"https:\/\/proyectum.com\/cl\/wp-json\/wp\/v2\/categories?post=2552"},{"taxonomy":"post_tag","embeddable":true,"href":"https:\/\/proyectum.com\/cl\/wp-json\/wp\/v2\/tags?post=2552"}],"curies":[{"name":"wp","href":"https:\/\/api.w.org\/{rel}","templated":true}]}}