{"id":2608,"date":"2016-04-12T14:45:20","date_gmt":"2016-04-12T19:45:20","guid":{"rendered":"http:\/\/www.proyectum.lat\/?p=2608"},"modified":"2016-04-12T14:45:20","modified_gmt":"2016-04-12T19:45:20","slug":"bases-conceptuales-de-comunicacion-g-bateson","status":"publish","type":"post","link":"https:\/\/proyectum.com\/cl\/bases-conceptuales-de-comunicacion-g-bateson\/","title":{"rendered":"Bases conceptuales de comunicaci\u00f3n (G. Bateson)"},"content":{"rendered":"<p>[et_pb_section admin_label=\u00bbsection\u00bb][et_pb_row admin_label=\u00bbrow\u00bb][et_pb_column type=\u00bb4_4&#8243;][et_pb_text admin_label=\u00bbText\u00bb background_layout=\u00bblight\u00bb text_orientation=\u00bbleft\u00bb text_font_size=\u00bb17&#8243; text_line_height=\u00bb2.5em\u00bb use_border_color=\u00bboff\u00bb border_color=\u00bb#ffffff\u00bb border_style=\u00bbsolid\u00bb]<\/p>\n<p>Hay muchas reflexiones acerca de la comunicaci\u00f3n en el libro de <strong>Y. Winkin<\/strong>  \u201c<strong>La Nueva Comunicaci\u00f3n<\/strong>\u201d, Ed. Kair\u00f3s. \u00c9l, con mucha humildad, les da el cr\u00e9dito a los diferentes autores de quienes incluye una publicaci\u00f3n en su libro. As\u00ed pues tendr\u00e9 que agradecer a <strong>Gregory Bateson<\/strong>, a Paul Watzlawick, a Don Jackson, a Ray Birdwistell, a Edward T. Hall, a Albert Scheflen y a Erving Goffman, adem\u00e1s de muchos otros que son citados por estos, (Benjamin Whorf,  Edward Sapir, \u00c9mile Durkheim, y un largo etc.) Recomiendo plenamente su lectura pues no creo poder hacer todo el honor que merecen al citarlos desarticuladamente, y con un prop\u00f3sito espec\u00edfico.<\/p>\n<p>Muchas ideas interesantes acerca de la comunicaci\u00f3n provienen del <strong>antrop\u00f3logo brit\u00e1nico Gregory Bateson<\/strong>. \u00c9l le da un impulso fuerte a la cuesti\u00f3n de la retroalimentaci\u00f3n, la cibern\u00e9tica y el enfoque sist\u00e9mico.<\/p>\n<p>Una de las ideas fuerza de este autor, que \u00e9l mismo dice rescatar del psicoan\u00e1lisis, es el hecho de que un alto porcentaje del <strong>proceso de comunicaci\u00f3n<\/strong> no es consciente. Ni en mi rol de emisor ni en mi rol de receptor alcanzo a ser consciente de la totalidad de la informaci\u00f3n que trasmito ni la que recibo. Mi comunicaci\u00f3n est\u00e1 contaminada, tanto en mi rol emisor como en mi rol receptor. Tambi\u00e9n el otro, con quien me comunico, est\u00e1 contaminado en ambos roles.<\/p>\n<p>El <strong>intercambio informativo<\/strong>, en cada <strong>acto comunicacional<\/strong>, <strong>empezar\u00e1 mucho antes de que intercambiemos palabras<\/strong>. Pudi\u00e9ramos pensar que el intercambio se da en el aqu\u00ed y ahora, pero hay mucho de este intercambio en el all\u00e1 y entonces. Es una especie de escaramuza de esgrima en donde se puede ganar, perder o quedar igual. Esto nos da o nos quita puntos que se van por un lado a nuestro registro personal: el yo. Y por otro lado al registro de mi relaci\u00f3n con este interlocutor en particular, lo que mantiene o re tempera la relaci\u00f3n para un posible encuentro futuro. Una de las conclusiones de este concepto es el hecho de que mejorar nuestras <strong>habilidades comunicacionales<\/strong> tiene un efecto directo en mis probabilidades de \u00e9xito; cualquiera que sea mi definici\u00f3n de \u00e9xito. Cualquiera que sea mi prop\u00f3sito.<\/p>\n<p>La consciencia parece estar focalizada en el intercambio llamado \u201cdigital\u201d, que est\u00e1 formado por las palabras, lo que dices y lo que digo. Diferente al lenguaje \u201canal\u00f3gico\u201d compuesto por el tono de la voz, el volumen de la misma, los gestos, los apoyadores, las pausas, etc. Que si bien comunican, pasan por el lado inconsciente de la percepci\u00f3n.<\/p>\n<p>La necesidad de los humanos de tener varios niveles de consciencia es una cuesti\u00f3n de econom\u00eda de recursos, por lo que hay jerarqu\u00edas que implican un nivel mayor de atenci\u00f3n y consciencia, mientras que hay procesos de aprendizaje que se dan en el sue\u00f1o profundo (movimiento r\u00e1pido de los ojos) que operan en absolutos niveles de inconsciencia. Estos aprendizajes afectan necesariamente nuestros intercambios comunicacionales, pero no somos conscientes de ello. Sigue diciendo Bateson, \u201ctodo lo que sucede tiene una significaci\u00f3n\u201d y, otra vez, es claro que no somos conscientes de ello. En comunicaci\u00f3n, \u201cnunca ocurre que no ocurre nada.  <strong>Ning\u00fan silencio est\u00e1 desprovisto de significaci\u00f3n.<\/strong>\u201d<\/p>\n<p>Otra fuente de problemas en la comunicaci\u00f3n detectada por Bateson es la \u201cnoci\u00f3n de una transferencia generalizada mediante la cual toda persona que emite un mensaje lo hace <strong>suponiendo que el interlocutor lo comprender\u00e1<\/strong> correctamente\u201d Tambi\u00e9n el fen\u00f3meno de proyecci\u00f3n (el otro siente y piensa como yo) y el de identificaci\u00f3n (Yo soy y siento como el otro). Y los tres, dice Bateson, son inconscientes.<\/p>\n<p>De la Gestalt, dice Bateson, hay que rescatar el hecho de que la percepci\u00f3n de la comunicaci\u00f3n no se da en un proceso continuo, sino que se da en secuencias. En el proceso de percepci\u00f3n, como en el de la consciencia, aparecen nuevamente niveles. En la Gestalt, \u00e9stos tienen que ver con la figura y el fondo. En im\u00e1genes es muy claro que existe un objeto que llama m\u00e1s nuestra atenci\u00f3n, haciendo el rol de figura, y mandando al fondo todo lo que no es esta parte principal. En la comunicaci\u00f3n hablada tambi\u00e9n aparecen elementos que hacen el rol de figura, palabras o expresiones m\u00e1s cargados de significaci\u00f3n para uno, y entonces lo dem\u00e1s queda como contexto o fondo, pero no recibe la misma atenci\u00f3n y detalle. Volviendo al contexto organizacional. Yo puedo haber recibido un importante elogio a mi trabajo y, en opini\u00f3n de mi interlocutor, alg\u00fan detalle que puede mejorarse. Si yo hago de este detalle mejorable mi \u201cfigura\u201d escuchar\u00e9 el elogio como fondo. A veces al rev\u00e9s, por hacer tanta pompa y circunstancia en las formas, se puede esconder el verdadero mensaje de un comunicado o de una reuni\u00f3n, convirti\u00e9ndolo en parte del fondo.<\/p>\n<p>\u201cTambi\u00e9n tenemos el problema de la Codificaci\u00f3n M\u00faltiple: Un mensaje particular <strong>puede ser interpretado simult\u00e1neamente de diversas maneras<\/strong>\u201d. \u201cLa `significaci\u00f3n\u2019, en el sentido en que se utiliza en el lenguaje cotidiano, emerge en un nivel muy elevado de an\u00e1lisis\u201d y con poca precisi\u00f3n. En la generaci\u00f3n de significaci\u00f3n a un mensaje son relevantes el contexto, el tipo de interacci\u00f3n y el rol que jugamos en esa interacci\u00f3n. \u201cEl t\u00e9rmino `rol\u2019 no designa m\u00e1s que una cierta fase de cambio de car\u00e1cter, ya sea breve o duradera\u201d dice Bateson. A la pregunta \u00bfCu\u00e1nto gana usted? se responde diferente si el que la hace es mi suegro a quien estoy pidiendo a su hija en matrimonio o si es mi jefe a quien quiero solicitar un aumento salarial.<\/p>\n<p>Del conductismo Bateson extrae el concepto de que la comunicaci\u00f3n humana proporciona los programas de reforzadores positivos y negativos que conformar\u00e1n a los individuos a trav\u00e9s del aprendizaje. El condicionamiento operante m\u00e1s fuerte en los seres humanos es administrado durante el <strong>proceso de comunicaci\u00f3n<\/strong>. De ah\u00ed que aseveremos que la comunicaci\u00f3n es ontol\u00f3gica, nos va conformando en el ser humano que somos.<\/p>\n<p>[\/et_pb_text][\/et_pb_column][\/et_pb_row][\/et_pb_section]<\/p>\n","protected":false},"excerpt":{"rendered":"<p>[et_pb_section admin_label=\u00bbsection\u00bb][et_pb_row admin_label=\u00bbrow\u00bb][et_pb_column type=\u00bb4_4&#8243;][et_pb_text admin_label=\u00bbText\u00bb background_layout=\u00bblight\u00bb text_orientation=\u00bbleft\u00bb text_font_size=\u00bb17&#8243; text_line_height=\u00bb2.5em\u00bb use_border_color=\u00bboff\u00bb border_color=\u00bb#ffffff\u00bb border_style=\u00bbsolid\u00bb] Hay muchas reflexiones acerca de la comunicaci\u00f3n en el libro de Y. Winkin \u201cLa Nueva Comunicaci\u00f3n\u201d, Ed. Kair\u00f3s. \u00c9l, con mucha humildad, les da el cr\u00e9dito a los diferentes autores de quienes incluye una publicaci\u00f3n en su libro. As\u00ed pues tendr\u00e9 que agradecer [&hellip;]<\/p>\n","protected":false},"author":26,"featured_media":2617,"comment_status":"open","ping_status":"open","sticky":false,"template":"","format":"standard","meta":{"_acf_changed":false,"footnotes":""},"categories":[236],"tags":[],"class_list":["post-2608","post","type-post","status-publish","format-standard","has-post-thumbnail","hentry","category-comunicacion"],"acf":[],"yoast_head":"<!-- This site is optimized with the Yoast SEO plugin v24.4 - https:\/\/yoast.com\/wordpress\/plugins\/seo\/ -->\n<title>Bases conceptuales de comunicaci\u00f3n (G. Bateson) - Proyectum Chile<\/title>\n<meta name=\"robots\" content=\"index, follow, max-snippet:-1, max-image-preview:large, max-video-preview:-1\" \/>\n<link rel=\"canonical\" href=\"https:\/\/proyectum.com\/cl\/bases-conceptuales-de-comunicacion-g-bateson\/\" \/>\n<meta property=\"og:locale\" content=\"es_ES\" \/>\n<meta property=\"og:type\" content=\"article\" \/>\n<meta property=\"og:title\" content=\"Bases conceptuales de comunicaci\u00f3n (G. Bateson) - Proyectum Chile\" \/>\n<meta property=\"og:description\" content=\"[et_pb_section admin_label=\u00bbsection\u00bb][et_pb_row admin_label=\u00bbrow\u00bb][et_pb_column type=\u00bb4_4&#8243;][et_pb_text admin_label=\u00bbText\u00bb background_layout=\u00bblight\u00bb text_orientation=\u00bbleft\u00bb text_font_size=\u00bb17&#8243; text_line_height=\u00bb2.5em\u00bb use_border_color=\u00bboff\u00bb border_color=\u00bb#ffffff\u00bb border_style=\u00bbsolid\u00bb] Hay muchas reflexiones acerca de la comunicaci\u00f3n en el libro de Y. Winkin \u201cLa Nueva Comunicaci\u00f3n\u201d, Ed. Kair\u00f3s. \u00c9l, con mucha humildad, les da el cr\u00e9dito a los diferentes autores de quienes incluye una publicaci\u00f3n en su libro. As\u00ed pues tendr\u00e9 que agradecer [&hellip;]\" \/>\n<meta property=\"og:url\" content=\"https:\/\/proyectum.com\/cl\/bases-conceptuales-de-comunicacion-g-bateson\/\" \/>\n<meta property=\"og:site_name\" content=\"Proyectum Chile\" \/>\n<meta property=\"article:publisher\" content=\"https:\/\/www.facebook.com\/proyectumchile\/\" \/>\n<meta property=\"article:published_time\" content=\"2016-04-12T19:45:20+00:00\" \/>\n<meta property=\"og:image\" content=\"https:\/\/proyectum.com\/cl\/wp-content\/uploads\/2016\/04\/Comunicacion01.jpg\" \/>\n\t<meta property=\"og:image:width\" content=\"1024\" \/>\n\t<meta property=\"og:image:height\" content=\"458\" \/>\n\t<meta property=\"og:image:type\" content=\"image\/jpeg\" \/>\n<meta name=\"author\" content=\"Proyectum 2025\" \/>\n<meta name=\"twitter:card\" content=\"summary_large_image\" \/>\n<meta name=\"twitter:label1\" content=\"Escrito por\" \/>\n\t<meta name=\"twitter:data1\" content=\"Proyectum 2025\" \/>\n\t<meta name=\"twitter:label2\" content=\"Tiempo de lectura\" \/>\n\t<meta name=\"twitter:data2\" content=\"6 minutos\" \/>\n<script type=\"application\/ld+json\" class=\"yoast-schema-graph\">{\"@context\":\"https:\/\/schema.org\",\"@graph\":[{\"@type\":\"Article\",\"@id\":\"https:\/\/proyectum.com\/cl\/bases-conceptuales-de-comunicacion-g-bateson\/#article\",\"isPartOf\":{\"@id\":\"https:\/\/proyectum.com\/cl\/bases-conceptuales-de-comunicacion-g-bateson\/\"},\"author\":{\"name\":\"Proyectum 2025\",\"@id\":\"https:\/\/proyectum.com\/cl\/#\/schema\/person\/7d5caa4386a11be650af177d3f2e5aee\"},\"headline\":\"Bases conceptuales de comunicaci\u00f3n (G. Bateson)\",\"datePublished\":\"2016-04-12T19:45:20+00:00\",\"mainEntityOfPage\":{\"@id\":\"https:\/\/proyectum.com\/cl\/bases-conceptuales-de-comunicacion-g-bateson\/\"},\"wordCount\":1117,\"commentCount\":0,\"publisher\":{\"@id\":\"https:\/\/proyectum.com\/cl\/#organization\"},\"image\":{\"@id\":\"https:\/\/proyectum.com\/cl\/bases-conceptuales-de-comunicacion-g-bateson\/#primaryimage\"},\"thumbnailUrl\":\"https:\/\/proyectum.com\/cl\/wp-content\/uploads\/2016\/04\/Comunicacion01.jpg\",\"articleSection\":[\"Comunicaci\u00f3n\"],\"inLanguage\":\"es\",\"potentialAction\":[{\"@type\":\"CommentAction\",\"name\":\"Comment\",\"target\":[\"https:\/\/proyectum.com\/cl\/bases-conceptuales-de-comunicacion-g-bateson\/#respond\"]}]},{\"@type\":\"WebPage\",\"@id\":\"https:\/\/proyectum.com\/cl\/bases-conceptuales-de-comunicacion-g-bateson\/\",\"url\":\"https:\/\/proyectum.com\/cl\/bases-conceptuales-de-comunicacion-g-bateson\/\",\"name\":\"Bases conceptuales de comunicaci\u00f3n (G. Bateson) - Proyectum Chile\",\"isPartOf\":{\"@id\":\"https:\/\/proyectum.com\/cl\/#website\"},\"primaryImageOfPage\":{\"@id\":\"https:\/\/proyectum.com\/cl\/bases-conceptuales-de-comunicacion-g-bateson\/#primaryimage\"},\"image\":{\"@id\":\"https:\/\/proyectum.com\/cl\/bases-conceptuales-de-comunicacion-g-bateson\/#primaryimage\"},\"thumbnailUrl\":\"https:\/\/proyectum.com\/cl\/wp-content\/uploads\/2016\/04\/Comunicacion01.jpg\",\"datePublished\":\"2016-04-12T19:45:20+00:00\",\"breadcrumb\":{\"@id\":\"https:\/\/proyectum.com\/cl\/bases-conceptuales-de-comunicacion-g-bateson\/#breadcrumb\"},\"inLanguage\":\"es\",\"potentialAction\":[{\"@type\":\"ReadAction\",\"target\":[\"https:\/\/proyectum.com\/cl\/bases-conceptuales-de-comunicacion-g-bateson\/\"]}]},{\"@type\":\"ImageObject\",\"inLanguage\":\"es\",\"@id\":\"https:\/\/proyectum.com\/cl\/bases-conceptuales-de-comunicacion-g-bateson\/#primaryimage\",\"url\":\"https:\/\/proyectum.com\/cl\/wp-content\/uploads\/2016\/04\/Comunicacion01.jpg\",\"contentUrl\":\"https:\/\/proyectum.com\/cl\/wp-content\/uploads\/2016\/04\/Comunicacion01.jpg\",\"width\":1024,\"height\":458,\"caption\":\"Comunicacion G. Bateson\"},{\"@type\":\"BreadcrumbList\",\"@id\":\"https:\/\/proyectum.com\/cl\/bases-conceptuales-de-comunicacion-g-bateson\/#breadcrumb\",\"itemListElement\":[{\"@type\":\"ListItem\",\"position\":1,\"name\":\"Home\",\"item\":\"https:\/\/proyectum.com\/cl\/\"},{\"@type\":\"ListItem\",\"position\":2,\"name\":\"Bases conceptuales de comunicaci\u00f3n (G. Bateson)\"}]},{\"@type\":\"WebSite\",\"@id\":\"https:\/\/proyectum.com\/cl\/#website\",\"url\":\"https:\/\/proyectum.com\/cl\/\",\"name\":\"Proyectum Chile\",\"description\":\"Direcci\u00f3n de Proyectos y Metodolog\u00edas \u00c1giles\",\"publisher\":{\"@id\":\"https:\/\/proyectum.com\/cl\/#organization\"},\"potentialAction\":[{\"@type\":\"SearchAction\",\"target\":{\"@type\":\"EntryPoint\",\"urlTemplate\":\"https:\/\/proyectum.com\/cl\/?s={search_term_string}\"},\"query-input\":{\"@type\":\"PropertyValueSpecification\",\"valueRequired\":true,\"valueName\":\"search_term_string\"}}],\"inLanguage\":\"es\"},{\"@type\":\"Organization\",\"@id\":\"https:\/\/proyectum.com\/cl\/#organization\",\"name\":\"Proyectum Chile\",\"url\":\"https:\/\/proyectum.com\/cl\/\",\"logo\":{\"@type\":\"ImageObject\",\"inLanguage\":\"es\",\"@id\":\"https:\/\/proyectum.com\/cl\/#\/schema\/logo\/image\/\",\"url\":\"https:\/\/proyectum.com\/cl\/wp-content\/uploads\/2020\/04\/proyectum-logo-snippet.png\",\"contentUrl\":\"https:\/\/proyectum.com\/cl\/wp-content\/uploads\/2020\/04\/proyectum-logo-snippet.png\",\"width\":600,\"height\":315,\"caption\":\"Proyectum Chile\"},\"image\":{\"@id\":\"https:\/\/proyectum.com\/cl\/#\/schema\/logo\/image\/\"},\"sameAs\":[\"https:\/\/www.facebook.com\/proyectumchile\/\",\"https:\/\/www.linkedin.com\/company\/proyectum-cl\/\",\"https:\/\/www.instagram.com\/proyectumchile\/\",\"https:\/\/www.youtube.com\/@proyectum2283\/videos\"]},{\"@type\":\"Person\",\"@id\":\"https:\/\/proyectum.com\/cl\/#\/schema\/person\/7d5caa4386a11be650af177d3f2e5aee\",\"name\":\"Proyectum 2025\",\"image\":{\"@type\":\"ImageObject\",\"inLanguage\":\"es\",\"@id\":\"https:\/\/proyectum.com\/cl\/#\/schema\/person\/image\/\",\"url\":\"https:\/\/secure.gravatar.com\/avatar\/df82793fddd8f0a5a84fdb27d958bf73?s=96&d=mm&r=g\",\"contentUrl\":\"https:\/\/secure.gravatar.com\/avatar\/df82793fddd8f0a5a84fdb27d958bf73?s=96&d=mm&r=g\",\"caption\":\"Proyectum 2025\"}}]}<\/script>\n<!-- \/ Yoast SEO plugin. -->","yoast_head_json":{"title":"Bases conceptuales de comunicaci\u00f3n (G. Bateson) - Proyectum Chile","robots":{"index":"index","follow":"follow","max-snippet":"max-snippet:-1","max-image-preview":"max-image-preview:large","max-video-preview":"max-video-preview:-1"},"canonical":"https:\/\/proyectum.com\/cl\/bases-conceptuales-de-comunicacion-g-bateson\/","og_locale":"es_ES","og_type":"article","og_title":"Bases conceptuales de comunicaci\u00f3n (G. Bateson) - Proyectum Chile","og_description":"[et_pb_section admin_label=\u00bbsection\u00bb][et_pb_row admin_label=\u00bbrow\u00bb][et_pb_column type=\u00bb4_4&#8243;][et_pb_text admin_label=\u00bbText\u00bb background_layout=\u00bblight\u00bb text_orientation=\u00bbleft\u00bb text_font_size=\u00bb17&#8243; text_line_height=\u00bb2.5em\u00bb use_border_color=\u00bboff\u00bb border_color=\u00bb#ffffff\u00bb border_style=\u00bbsolid\u00bb] Hay muchas reflexiones acerca de la comunicaci\u00f3n en el libro de Y. Winkin \u201cLa Nueva Comunicaci\u00f3n\u201d, Ed. Kair\u00f3s. \u00c9l, con mucha humildad, les da el cr\u00e9dito a los diferentes autores de quienes incluye una publicaci\u00f3n en su libro. As\u00ed pues tendr\u00e9 que agradecer [&hellip;]","og_url":"https:\/\/proyectum.com\/cl\/bases-conceptuales-de-comunicacion-g-bateson\/","og_site_name":"Proyectum Chile","article_publisher":"https:\/\/www.facebook.com\/proyectumchile\/","article_published_time":"2016-04-12T19:45:20+00:00","og_image":[{"width":1024,"height":458,"url":"https:\/\/proyectum.com\/cl\/wp-content\/uploads\/2016\/04\/Comunicacion01.jpg","type":"image\/jpeg"}],"author":"Proyectum 2025","twitter_card":"summary_large_image","twitter_misc":{"Escrito por":"Proyectum 2025","Tiempo de lectura":"6 minutos"},"schema":{"@context":"https:\/\/schema.org","@graph":[{"@type":"Article","@id":"https:\/\/proyectum.com\/cl\/bases-conceptuales-de-comunicacion-g-bateson\/#article","isPartOf":{"@id":"https:\/\/proyectum.com\/cl\/bases-conceptuales-de-comunicacion-g-bateson\/"},"author":{"name":"Proyectum 2025","@id":"https:\/\/proyectum.com\/cl\/#\/schema\/person\/7d5caa4386a11be650af177d3f2e5aee"},"headline":"Bases conceptuales de comunicaci\u00f3n (G. Bateson)","datePublished":"2016-04-12T19:45:20+00:00","mainEntityOfPage":{"@id":"https:\/\/proyectum.com\/cl\/bases-conceptuales-de-comunicacion-g-bateson\/"},"wordCount":1117,"commentCount":0,"publisher":{"@id":"https:\/\/proyectum.com\/cl\/#organization"},"image":{"@id":"https:\/\/proyectum.com\/cl\/bases-conceptuales-de-comunicacion-g-bateson\/#primaryimage"},"thumbnailUrl":"https:\/\/proyectum.com\/cl\/wp-content\/uploads\/2016\/04\/Comunicacion01.jpg","articleSection":["Comunicaci\u00f3n"],"inLanguage":"es","potentialAction":[{"@type":"CommentAction","name":"Comment","target":["https:\/\/proyectum.com\/cl\/bases-conceptuales-de-comunicacion-g-bateson\/#respond"]}]},{"@type":"WebPage","@id":"https:\/\/proyectum.com\/cl\/bases-conceptuales-de-comunicacion-g-bateson\/","url":"https:\/\/proyectum.com\/cl\/bases-conceptuales-de-comunicacion-g-bateson\/","name":"Bases conceptuales de comunicaci\u00f3n (G. Bateson) - Proyectum Chile","isPartOf":{"@id":"https:\/\/proyectum.com\/cl\/#website"},"primaryImageOfPage":{"@id":"https:\/\/proyectum.com\/cl\/bases-conceptuales-de-comunicacion-g-bateson\/#primaryimage"},"image":{"@id":"https:\/\/proyectum.com\/cl\/bases-conceptuales-de-comunicacion-g-bateson\/#primaryimage"},"thumbnailUrl":"https:\/\/proyectum.com\/cl\/wp-content\/uploads\/2016\/04\/Comunicacion01.jpg","datePublished":"2016-04-12T19:45:20+00:00","breadcrumb":{"@id":"https:\/\/proyectum.com\/cl\/bases-conceptuales-de-comunicacion-g-bateson\/#breadcrumb"},"inLanguage":"es","potentialAction":[{"@type":"ReadAction","target":["https:\/\/proyectum.com\/cl\/bases-conceptuales-de-comunicacion-g-bateson\/"]}]},{"@type":"ImageObject","inLanguage":"es","@id":"https:\/\/proyectum.com\/cl\/bases-conceptuales-de-comunicacion-g-bateson\/#primaryimage","url":"https:\/\/proyectum.com\/cl\/wp-content\/uploads\/2016\/04\/Comunicacion01.jpg","contentUrl":"https:\/\/proyectum.com\/cl\/wp-content\/uploads\/2016\/04\/Comunicacion01.jpg","width":1024,"height":458,"caption":"Comunicacion G. Bateson"},{"@type":"BreadcrumbList","@id":"https:\/\/proyectum.com\/cl\/bases-conceptuales-de-comunicacion-g-bateson\/#breadcrumb","itemListElement":[{"@type":"ListItem","position":1,"name":"Home","item":"https:\/\/proyectum.com\/cl\/"},{"@type":"ListItem","position":2,"name":"Bases conceptuales de comunicaci\u00f3n (G. Bateson)"}]},{"@type":"WebSite","@id":"https:\/\/proyectum.com\/cl\/#website","url":"https:\/\/proyectum.com\/cl\/","name":"Proyectum Chile","description":"Direcci\u00f3n de Proyectos y Metodolog\u00edas \u00c1giles","publisher":{"@id":"https:\/\/proyectum.com\/cl\/#organization"},"potentialAction":[{"@type":"SearchAction","target":{"@type":"EntryPoint","urlTemplate":"https:\/\/proyectum.com\/cl\/?s={search_term_string}"},"query-input":{"@type":"PropertyValueSpecification","valueRequired":true,"valueName":"search_term_string"}}],"inLanguage":"es"},{"@type":"Organization","@id":"https:\/\/proyectum.com\/cl\/#organization","name":"Proyectum Chile","url":"https:\/\/proyectum.com\/cl\/","logo":{"@type":"ImageObject","inLanguage":"es","@id":"https:\/\/proyectum.com\/cl\/#\/schema\/logo\/image\/","url":"https:\/\/proyectum.com\/cl\/wp-content\/uploads\/2020\/04\/proyectum-logo-snippet.png","contentUrl":"https:\/\/proyectum.com\/cl\/wp-content\/uploads\/2020\/04\/proyectum-logo-snippet.png","width":600,"height":315,"caption":"Proyectum Chile"},"image":{"@id":"https:\/\/proyectum.com\/cl\/#\/schema\/logo\/image\/"},"sameAs":["https:\/\/www.facebook.com\/proyectumchile\/","https:\/\/www.linkedin.com\/company\/proyectum-cl\/","https:\/\/www.instagram.com\/proyectumchile\/","https:\/\/www.youtube.com\/@proyectum2283\/videos"]},{"@type":"Person","@id":"https:\/\/proyectum.com\/cl\/#\/schema\/person\/7d5caa4386a11be650af177d3f2e5aee","name":"Proyectum 2025","image":{"@type":"ImageObject","inLanguage":"es","@id":"https:\/\/proyectum.com\/cl\/#\/schema\/person\/image\/","url":"https:\/\/secure.gravatar.com\/avatar\/df82793fddd8f0a5a84fdb27d958bf73?s=96&d=mm&r=g","contentUrl":"https:\/\/secure.gravatar.com\/avatar\/df82793fddd8f0a5a84fdb27d958bf73?s=96&d=mm&r=g","caption":"Proyectum 2025"}}]}},"_links":{"self":[{"href":"https:\/\/proyectum.com\/cl\/wp-json\/wp\/v2\/posts\/2608","targetHints":{"allow":["GET"]}}],"collection":[{"href":"https:\/\/proyectum.com\/cl\/wp-json\/wp\/v2\/posts"}],"about":[{"href":"https:\/\/proyectum.com\/cl\/wp-json\/wp\/v2\/types\/post"}],"author":[{"embeddable":true,"href":"https:\/\/proyectum.com\/cl\/wp-json\/wp\/v2\/users\/26"}],"replies":[{"embeddable":true,"href":"https:\/\/proyectum.com\/cl\/wp-json\/wp\/v2\/comments?post=2608"}],"version-history":[{"count":0,"href":"https:\/\/proyectum.com\/cl\/wp-json\/wp\/v2\/posts\/2608\/revisions"}],"wp:featuredmedia":[{"embeddable":true,"href":"https:\/\/proyectum.com\/cl\/wp-json\/wp\/v2\/media\/2617"}],"wp:attachment":[{"href":"https:\/\/proyectum.com\/cl\/wp-json\/wp\/v2\/media?parent=2608"}],"wp:term":[{"taxonomy":"category","embeddable":true,"href":"https:\/\/proyectum.com\/cl\/wp-json\/wp\/v2\/categories?post=2608"},{"taxonomy":"post_tag","embeddable":true,"href":"https:\/\/proyectum.com\/cl\/wp-json\/wp\/v2\/tags?post=2608"}],"curies":[{"name":"wp","href":"https:\/\/api.w.org\/{rel}","templated":true}]}}