{"id":2766,"date":"2016-07-13T13:39:10","date_gmt":"2016-07-13T18:39:10","guid":{"rendered":"http:\/\/www.proyectum.lat\/?p=2766"},"modified":"2016-07-13T13:39:10","modified_gmt":"2016-07-13T18:39:10","slug":"disruptivo-tv-el-medio-para-los-que-decidieron-salir-del-camino-amarillo","status":"publish","type":"post","link":"https:\/\/proyectum.com\/cl\/disruptivo-tv-el-medio-para-los-que-decidieron-salir-del-camino-amarillo\/","title":{"rendered":"Disruptivo Tv: el medio para los que decidieron salir del camino amarillo"},"content":{"rendered":"<p>Los emprendimientos sociales combinan lo mejor de la filantrop\u00eda y las empresas, para generar un modelo de negocio relativamente nuevo que est\u00e1 revolucionando la forma en que se resuelven las problem\u00e1ticas sociales y del que cada vez conocemos m\u00e1s gracias a <strong>Disruptivo Tv<\/strong>.<\/p>\n<p>Cuando buscamos informaci\u00f3n en Google sobre los principales actores del <strong>emprendimiento social<\/strong> e innovaci\u00f3n, hay una alta probabilidad de que caigamos en <a href=\"http:\/\/disruptivo.tv\/\" target=\"_blank\" rel=\"noopener noreferrer\">disruptivo.tv<\/a>. Y es que, con dos a\u00f1os reci\u00e9n cumplidos, a trav\u00e9s de la publicaci\u00f3n de convocatorias, art\u00edculos, videos e infograf\u00edas, el equipo de <strong>Disruptivo Tv<\/strong> comandado por <strong>Juan Del Cerro<\/strong>, ha logrado que muchas personas conozcamos de qu\u00e9 trata el <strong>emprendimiento social<\/strong>, pero no solo eso, tambi\u00e9n nos ha permitido conocer semana con semana, a trav\u00e9s de los podcast, a los principales emprendedores que est\u00e1n generando un impacto positivo en M\u00e9xico y Latinoam\u00e9rica.<\/p>\n<p>Sin lugar a dudas un sitio de referencia obligado para aquellas personas que han tomado la decisi\u00f3n de emprender su propio negocio, o como le llama <strong>Juan Del Cerro<\/strong>\u2026 \u201c<strong>Han decidido salir del camino amarillo<\/strong>\u201d.<\/p>\n<p>El mismo <strong>Juan Del Cerro<\/strong>, quien hoy cuenta con 30 a\u00f1os de edad, nos comparti\u00f3 c\u00f3mo es que descubri\u00f3 que el <strong>camino amarillo<\/strong> no era suficiente para \u00e9l: \u201c<em>Cuando cumpl\u00ed 27 a\u00f1os me enfrente a un momento de crisis importante, ya no quer\u00eda seguir trabajando en temas de filantrop\u00eda. Entonces, me quede sin trabajo, sin novia, estaba en Nueva York y decid\u00ed regresarme a M\u00e9xico. Me puse a pensar \u00bfQu\u00e9 viene? Y de alguna manera me sent\u00ed muy identificado con el concepto del <strong>camino amarillo del Mago de Oz<\/strong>. Cuando Dorothy llega a la tierra de Oz, justamente lo que le dicen es, t\u00fa no te tienes que preocupar por nada, t\u00fa sigue el camino amarillo, un camino que alguien m\u00e1s hizo por ti y vas a llegar. Y as\u00ed yo siento que nos pasa mucho a nosotros, nos dicen, saca buenas calificaciones, estudia una carrera que s\u00ed te deje, entra a trabajar a una buena empresa, c\u00f3mprate un coche, bla bla bla. A los 27, me di cuenta que a m\u00ed ya se me hab\u00eda acabado el camino amarillo, porque no quer\u00eda seguir el camino que alguien m\u00e1s hab\u00eda preestablecido. Lo que decid\u00ed fue dar un paso fuera y meterme hacia lo desconocido, hacia emprender, hacia hacer algo diferente\u2026<\/em>\u201d.<\/p>\n<p>Juan nos dice que aunque al inicio es angustiante el no tener un rumbo ni un camino al cual seguir, la realidad es que las posibilidades para construir tus propios caminos son infinitas, siempre y cuando se tomen en cuenta las tres principales cualidades que un emprendedor debe tener: \u201c<em>En la pel\u00edcula del Mago de Oz, justamente hay tres personajes que les faltan, o pareciera que les faltan, 3 cualidades importantes: el coraz\u00f3n, el cerebro y el coraje, que hoy lo podr\u00edamos traducir a: <strong>la pasi\u00f3n<\/strong>, <strong>el talento<\/strong> y <strong>el valor<\/strong><\/em>\u201d.<\/p>\n<p><strong>Disruptivo Tv<\/strong> nace a partir de que <strong>Juan Del Cerro<\/strong> decide reunir el <strong>valor<\/strong> para salirse de su <strong>camino amarillo<\/strong>, la <strong>pasi\u00f3n<\/strong> por lo que hace se percibe inmediatamente en su forma de hablar y el <strong>talento<\/strong> es algo que ha desarrollado a lo largo de diversos proyectos emprendidos como por ejemplo, <a href=\"http:\/\/comunidad.socialab.com\/\" target=\"_blank\" rel=\"noopener noreferrer\">Socialab<\/a>, una plataforma para emprendedores sociales y un food truck de crepas gourmet llamado <a href=\"https:\/\/www.facebook.com\/BonKrep\" target=\"_blank\" rel=\"noopener noreferrer\">BonKrep<\/a>, adem\u00e1s de escribir sobre emprendimiento en distintos medios.<\/p>\n<p>Les compartimos este video de la pl\u00e1tica que tuvimos con <strong>Juan Del Cerro<\/strong>, fundador de <strong>Disruptivo Tv<\/strong>, en el que ustedes podr\u00e1n notar la pasi\u00f3n con la que nos cuenta los inicios y el futuro de su emprendimiento.<\/p>\n<p><iframe src=\"https:\/\/player.vimeo.com\/video\/173676518?dnt=1&amp;app_id=122963\" width=\"720\" height=\"480\" frameborder=\"0\" allow=\"autoplay; fullscreen; picture-in-picture; clipboard-write\"><\/iframe><\/p>\n<p>Incrementar diez veces el n\u00famero de visitas y suscriptores al podcast para el cierre del a\u00f1o y monetizar este crecimiento de usuarios para convertirse en un negocio autosustentable, es uno de los principales retos para <strong>Disruptivo Tv<\/strong>, quien hoy, se est\u00e1 convirtiendo en el principal medio para aquellas personas a las que el <strong>camino amarillo<\/strong>, les ha quedado chico.<\/p>\n<p><strong>Medios de contacto de Disruptivo Tv:<\/strong><br \/>\n<a href=\"http:\/\/disruptivo.tv\" target=\"_blank\" rel=\"noopener noreferrer\">Sitio web<\/a><br \/>\n<a href=\"https:\/\/twitter.com\/DisruptivoTV\" target=\"_blank\" rel=\"noopener noreferrer\">Twitter<\/a><br \/>\n<a href=\"https:\/\/www.facebook.com\/DisruptivoMx\" target=\"_blank\" rel=\"noopener noreferrer\">Facebook<\/a><br \/>\n<a href=\"https:\/\/itunes.apple.com\/mx\/podcast\/disruptivo-by-podcasteria\/id882145119?l=en&#038;mt=2\" target=\"_blank\" rel=\"noopener noreferrer\">Podcast<\/a><\/p>\n<p>Sobre el autor: <a href=\"http:\/\/about.me\/omargarcia\" target=\"_blank\" rel=\"noopener noreferrer\">Omar Garc\u00eda<\/a><\/p>\n","protected":false},"excerpt":{"rendered":"<p>Los emprendimientos sociales combinan lo mejor de la filantrop\u00eda y las empresas, para generar un modelo de negocio relativamente nuevo que est\u00e1 revolucionando la forma en que se resuelven las problem\u00e1ticas sociales y del que cada vez conocemos m\u00e1s gracias a Disruptivo Tv. Cuando buscamos informaci\u00f3n en Google sobre los principales actores del emprendimiento social [&hellip;]<\/p>\n","protected":false},"author":26,"featured_media":2772,"comment_status":"open","ping_status":"open","sticky":false,"template":"","format":"standard","meta":{"_acf_changed":false,"footnotes":""},"categories":[430,215],"tags":[448,449],"class_list":["post-2766","post","type-post","status-publish","format-standard","has-post-thumbnail","hentry","category-demente","category-liderazgo","tag-emprendimiento-social","tag-juan-del-cerro"],"acf":[],"yoast_head":"<!-- This site is optimized with the Yoast SEO plugin v24.4 - https:\/\/yoast.com\/wordpress\/plugins\/seo\/ -->\n<title>Disruptivo Tv: el medio para los que decidieron salir del camino amarillo - Proyectum Chile<\/title>\n<meta name=\"robots\" content=\"index, follow, max-snippet:-1, max-image-preview:large, max-video-preview:-1\" \/>\n<link rel=\"canonical\" href=\"https:\/\/proyectum.com\/cl\/disruptivo-tv-el-medio-para-los-que-decidieron-salir-del-camino-amarillo\/\" \/>\n<meta property=\"og:locale\" content=\"es_ES\" \/>\n<meta property=\"og:type\" content=\"article\" \/>\n<meta property=\"og:title\" content=\"Disruptivo Tv: el medio para los que decidieron salir del camino amarillo - Proyectum Chile\" \/>\n<meta property=\"og:description\" content=\"Los emprendimientos sociales combinan lo mejor de la filantrop\u00eda y las empresas, para generar un modelo de negocio relativamente nuevo que est\u00e1 revolucionando la forma en que se resuelven las problem\u00e1ticas sociales y del que cada vez conocemos m\u00e1s gracias a Disruptivo Tv. Cuando buscamos informaci\u00f3n en Google sobre los principales actores del emprendimiento social [&hellip;]\" \/>\n<meta property=\"og:url\" content=\"https:\/\/proyectum.com\/cl\/disruptivo-tv-el-medio-para-los-que-decidieron-salir-del-camino-amarillo\/\" \/>\n<meta property=\"og:site_name\" content=\"Proyectum Chile\" \/>\n<meta property=\"article:publisher\" content=\"https:\/\/www.facebook.com\/proyectumchile\/\" \/>\n<meta property=\"article:published_time\" content=\"2016-07-13T18:39:10+00:00\" \/>\n<meta property=\"og:image\" content=\"https:\/\/proyectum.com\/cl\/wp-content\/uploads\/2016\/07\/DeMenteStartup-Disruptivo-TV-1.png\" \/>\n\t<meta property=\"og:image:width\" content=\"1024\" \/>\n\t<meta property=\"og:image:height\" content=\"592\" \/>\n\t<meta property=\"og:image:type\" content=\"image\/png\" \/>\n<meta name=\"author\" content=\"Proyectum 2025\" \/>\n<meta name=\"twitter:card\" content=\"summary_large_image\" \/>\n<meta name=\"twitter:label1\" content=\"Escrito por\" \/>\n\t<meta name=\"twitter:data1\" content=\"Proyectum 2025\" \/>\n\t<meta name=\"twitter:label2\" content=\"Tiempo de lectura\" \/>\n\t<meta name=\"twitter:data2\" content=\"4 minutos\" \/>\n<script type=\"application\/ld+json\" class=\"yoast-schema-graph\">{\"@context\":\"https:\/\/schema.org\",\"@graph\":[{\"@type\":\"Article\",\"@id\":\"https:\/\/proyectum.com\/cl\/disruptivo-tv-el-medio-para-los-que-decidieron-salir-del-camino-amarillo\/#article\",\"isPartOf\":{\"@id\":\"https:\/\/proyectum.com\/cl\/disruptivo-tv-el-medio-para-los-que-decidieron-salir-del-camino-amarillo\/\"},\"author\":{\"name\":\"Proyectum 2025\",\"@id\":\"https:\/\/proyectum.com\/cl\/#\/schema\/person\/7d5caa4386a11be650af177d3f2e5aee\"},\"headline\":\"Disruptivo Tv: el medio para los que decidieron salir del camino amarillo\",\"datePublished\":\"2016-07-13T18:39:10+00:00\",\"mainEntityOfPage\":{\"@id\":\"https:\/\/proyectum.com\/cl\/disruptivo-tv-el-medio-para-los-que-decidieron-salir-del-camino-amarillo\/\"},\"wordCount\":715,\"commentCount\":0,\"publisher\":{\"@id\":\"https:\/\/proyectum.com\/cl\/#organization\"},\"image\":{\"@id\":\"https:\/\/proyectum.com\/cl\/disruptivo-tv-el-medio-para-los-que-decidieron-salir-del-camino-amarillo\/#primaryimage\"},\"thumbnailUrl\":\"https:\/\/proyectum.com\/cl\/wp-content\/uploads\/2016\/07\/DeMenteStartup-Disruptivo-TV-1.png\",\"keywords\":[\"emprendimiento social\",\"Juan Del Cerro\"],\"articleSection\":[\"DeMente Startup\",\"Liderazgo\"],\"inLanguage\":\"es\",\"potentialAction\":[{\"@type\":\"CommentAction\",\"name\":\"Comment\",\"target\":[\"https:\/\/proyectum.com\/cl\/disruptivo-tv-el-medio-para-los-que-decidieron-salir-del-camino-amarillo\/#respond\"]}]},{\"@type\":\"WebPage\",\"@id\":\"https:\/\/proyectum.com\/cl\/disruptivo-tv-el-medio-para-los-que-decidieron-salir-del-camino-amarillo\/\",\"url\":\"https:\/\/proyectum.com\/cl\/disruptivo-tv-el-medio-para-los-que-decidieron-salir-del-camino-amarillo\/\",\"name\":\"Disruptivo Tv: el medio para los que decidieron salir del camino amarillo - Proyectum Chile\",\"isPartOf\":{\"@id\":\"https:\/\/proyectum.com\/cl\/#website\"},\"primaryImageOfPage\":{\"@id\":\"https:\/\/proyectum.com\/cl\/disruptivo-tv-el-medio-para-los-que-decidieron-salir-del-camino-amarillo\/#primaryimage\"},\"image\":{\"@id\":\"https:\/\/proyectum.com\/cl\/disruptivo-tv-el-medio-para-los-que-decidieron-salir-del-camino-amarillo\/#primaryimage\"},\"thumbnailUrl\":\"https:\/\/proyectum.com\/cl\/wp-content\/uploads\/2016\/07\/DeMenteStartup-Disruptivo-TV-1.png\",\"datePublished\":\"2016-07-13T18:39:10+00:00\",\"breadcrumb\":{\"@id\":\"https:\/\/proyectum.com\/cl\/disruptivo-tv-el-medio-para-los-que-decidieron-salir-del-camino-amarillo\/#breadcrumb\"},\"inLanguage\":\"es\",\"potentialAction\":[{\"@type\":\"ReadAction\",\"target\":[\"https:\/\/proyectum.com\/cl\/disruptivo-tv-el-medio-para-los-que-decidieron-salir-del-camino-amarillo\/\"]}]},{\"@type\":\"ImageObject\",\"inLanguage\":\"es\",\"@id\":\"https:\/\/proyectum.com\/cl\/disruptivo-tv-el-medio-para-los-que-decidieron-salir-del-camino-amarillo\/#primaryimage\",\"url\":\"https:\/\/proyectum.com\/cl\/wp-content\/uploads\/2016\/07\/DeMenteStartup-Disruptivo-TV-1.png\",\"contentUrl\":\"https:\/\/proyectum.com\/cl\/wp-content\/uploads\/2016\/07\/DeMenteStartup-Disruptivo-TV-1.png\",\"width\":1024,\"height\":592,\"caption\":\"DeMenteStartup Disruptivo TV\"},{\"@type\":\"BreadcrumbList\",\"@id\":\"https:\/\/proyectum.com\/cl\/disruptivo-tv-el-medio-para-los-que-decidieron-salir-del-camino-amarillo\/#breadcrumb\",\"itemListElement\":[{\"@type\":\"ListItem\",\"position\":1,\"name\":\"Home\",\"item\":\"https:\/\/proyectum.com\/cl\/\"},{\"@type\":\"ListItem\",\"position\":2,\"name\":\"Disruptivo Tv: el medio para los que decidieron salir del camino amarillo\"}]},{\"@type\":\"WebSite\",\"@id\":\"https:\/\/proyectum.com\/cl\/#website\",\"url\":\"https:\/\/proyectum.com\/cl\/\",\"name\":\"Proyectum Chile\",\"description\":\"Direcci\u00f3n de Proyectos y Metodolog\u00edas \u00c1giles\",\"publisher\":{\"@id\":\"https:\/\/proyectum.com\/cl\/#organization\"},\"potentialAction\":[{\"@type\":\"SearchAction\",\"target\":{\"@type\":\"EntryPoint\",\"urlTemplate\":\"https:\/\/proyectum.com\/cl\/?s={search_term_string}\"},\"query-input\":{\"@type\":\"PropertyValueSpecification\",\"valueRequired\":true,\"valueName\":\"search_term_string\"}}],\"inLanguage\":\"es\"},{\"@type\":\"Organization\",\"@id\":\"https:\/\/proyectum.com\/cl\/#organization\",\"name\":\"Proyectum Chile\",\"url\":\"https:\/\/proyectum.com\/cl\/\",\"logo\":{\"@type\":\"ImageObject\",\"inLanguage\":\"es\",\"@id\":\"https:\/\/proyectum.com\/cl\/#\/schema\/logo\/image\/\",\"url\":\"https:\/\/proyectum.com\/cl\/wp-content\/uploads\/2020\/04\/proyectum-logo-snippet.png\",\"contentUrl\":\"https:\/\/proyectum.com\/cl\/wp-content\/uploads\/2020\/04\/proyectum-logo-snippet.png\",\"width\":600,\"height\":315,\"caption\":\"Proyectum Chile\"},\"image\":{\"@id\":\"https:\/\/proyectum.com\/cl\/#\/schema\/logo\/image\/\"},\"sameAs\":[\"https:\/\/www.facebook.com\/proyectumchile\/\",\"https:\/\/www.linkedin.com\/company\/proyectum-cl\/\",\"https:\/\/www.instagram.com\/proyectumchile\/\",\"https:\/\/www.youtube.com\/@proyectum2283\/videos\"]},{\"@type\":\"Person\",\"@id\":\"https:\/\/proyectum.com\/cl\/#\/schema\/person\/7d5caa4386a11be650af177d3f2e5aee\",\"name\":\"Proyectum 2025\",\"image\":{\"@type\":\"ImageObject\",\"inLanguage\":\"es\",\"@id\":\"https:\/\/proyectum.com\/cl\/#\/schema\/person\/image\/\",\"url\":\"https:\/\/secure.gravatar.com\/avatar\/df82793fddd8f0a5a84fdb27d958bf73?s=96&d=mm&r=g\",\"contentUrl\":\"https:\/\/secure.gravatar.com\/avatar\/df82793fddd8f0a5a84fdb27d958bf73?s=96&d=mm&r=g\",\"caption\":\"Proyectum 2025\"}}]}<\/script>\n<!-- \/ Yoast SEO plugin. -->","yoast_head_json":{"title":"Disruptivo Tv: el medio para los que decidieron salir del camino amarillo - Proyectum Chile","robots":{"index":"index","follow":"follow","max-snippet":"max-snippet:-1","max-image-preview":"max-image-preview:large","max-video-preview":"max-video-preview:-1"},"canonical":"https:\/\/proyectum.com\/cl\/disruptivo-tv-el-medio-para-los-que-decidieron-salir-del-camino-amarillo\/","og_locale":"es_ES","og_type":"article","og_title":"Disruptivo Tv: el medio para los que decidieron salir del camino amarillo - Proyectum Chile","og_description":"Los emprendimientos sociales combinan lo mejor de la filantrop\u00eda y las empresas, para generar un modelo de negocio relativamente nuevo que est\u00e1 revolucionando la forma en que se resuelven las problem\u00e1ticas sociales y del que cada vez conocemos m\u00e1s gracias a Disruptivo Tv. Cuando buscamos informaci\u00f3n en Google sobre los principales actores del emprendimiento social [&hellip;]","og_url":"https:\/\/proyectum.com\/cl\/disruptivo-tv-el-medio-para-los-que-decidieron-salir-del-camino-amarillo\/","og_site_name":"Proyectum Chile","article_publisher":"https:\/\/www.facebook.com\/proyectumchile\/","article_published_time":"2016-07-13T18:39:10+00:00","og_image":[{"width":1024,"height":592,"url":"https:\/\/proyectum.com\/cl\/wp-content\/uploads\/2016\/07\/DeMenteStartup-Disruptivo-TV-1.png","type":"image\/png"}],"author":"Proyectum 2025","twitter_card":"summary_large_image","twitter_misc":{"Escrito por":"Proyectum 2025","Tiempo de lectura":"4 minutos"},"schema":{"@context":"https:\/\/schema.org","@graph":[{"@type":"Article","@id":"https:\/\/proyectum.com\/cl\/disruptivo-tv-el-medio-para-los-que-decidieron-salir-del-camino-amarillo\/#article","isPartOf":{"@id":"https:\/\/proyectum.com\/cl\/disruptivo-tv-el-medio-para-los-que-decidieron-salir-del-camino-amarillo\/"},"author":{"name":"Proyectum 2025","@id":"https:\/\/proyectum.com\/cl\/#\/schema\/person\/7d5caa4386a11be650af177d3f2e5aee"},"headline":"Disruptivo Tv: el medio para los que decidieron salir del camino amarillo","datePublished":"2016-07-13T18:39:10+00:00","mainEntityOfPage":{"@id":"https:\/\/proyectum.com\/cl\/disruptivo-tv-el-medio-para-los-que-decidieron-salir-del-camino-amarillo\/"},"wordCount":715,"commentCount":0,"publisher":{"@id":"https:\/\/proyectum.com\/cl\/#organization"},"image":{"@id":"https:\/\/proyectum.com\/cl\/disruptivo-tv-el-medio-para-los-que-decidieron-salir-del-camino-amarillo\/#primaryimage"},"thumbnailUrl":"https:\/\/proyectum.com\/cl\/wp-content\/uploads\/2016\/07\/DeMenteStartup-Disruptivo-TV-1.png","keywords":["emprendimiento social","Juan Del Cerro"],"articleSection":["DeMente Startup","Liderazgo"],"inLanguage":"es","potentialAction":[{"@type":"CommentAction","name":"Comment","target":["https:\/\/proyectum.com\/cl\/disruptivo-tv-el-medio-para-los-que-decidieron-salir-del-camino-amarillo\/#respond"]}]},{"@type":"WebPage","@id":"https:\/\/proyectum.com\/cl\/disruptivo-tv-el-medio-para-los-que-decidieron-salir-del-camino-amarillo\/","url":"https:\/\/proyectum.com\/cl\/disruptivo-tv-el-medio-para-los-que-decidieron-salir-del-camino-amarillo\/","name":"Disruptivo Tv: el medio para los que decidieron salir del camino amarillo - Proyectum Chile","isPartOf":{"@id":"https:\/\/proyectum.com\/cl\/#website"},"primaryImageOfPage":{"@id":"https:\/\/proyectum.com\/cl\/disruptivo-tv-el-medio-para-los-que-decidieron-salir-del-camino-amarillo\/#primaryimage"},"image":{"@id":"https:\/\/proyectum.com\/cl\/disruptivo-tv-el-medio-para-los-que-decidieron-salir-del-camino-amarillo\/#primaryimage"},"thumbnailUrl":"https:\/\/proyectum.com\/cl\/wp-content\/uploads\/2016\/07\/DeMenteStartup-Disruptivo-TV-1.png","datePublished":"2016-07-13T18:39:10+00:00","breadcrumb":{"@id":"https:\/\/proyectum.com\/cl\/disruptivo-tv-el-medio-para-los-que-decidieron-salir-del-camino-amarillo\/#breadcrumb"},"inLanguage":"es","potentialAction":[{"@type":"ReadAction","target":["https:\/\/proyectum.com\/cl\/disruptivo-tv-el-medio-para-los-que-decidieron-salir-del-camino-amarillo\/"]}]},{"@type":"ImageObject","inLanguage":"es","@id":"https:\/\/proyectum.com\/cl\/disruptivo-tv-el-medio-para-los-que-decidieron-salir-del-camino-amarillo\/#primaryimage","url":"https:\/\/proyectum.com\/cl\/wp-content\/uploads\/2016\/07\/DeMenteStartup-Disruptivo-TV-1.png","contentUrl":"https:\/\/proyectum.com\/cl\/wp-content\/uploads\/2016\/07\/DeMenteStartup-Disruptivo-TV-1.png","width":1024,"height":592,"caption":"DeMenteStartup Disruptivo TV"},{"@type":"BreadcrumbList","@id":"https:\/\/proyectum.com\/cl\/disruptivo-tv-el-medio-para-los-que-decidieron-salir-del-camino-amarillo\/#breadcrumb","itemListElement":[{"@type":"ListItem","position":1,"name":"Home","item":"https:\/\/proyectum.com\/cl\/"},{"@type":"ListItem","position":2,"name":"Disruptivo Tv: el medio para los que decidieron salir del camino amarillo"}]},{"@type":"WebSite","@id":"https:\/\/proyectum.com\/cl\/#website","url":"https:\/\/proyectum.com\/cl\/","name":"Proyectum Chile","description":"Direcci\u00f3n de Proyectos y Metodolog\u00edas \u00c1giles","publisher":{"@id":"https:\/\/proyectum.com\/cl\/#organization"},"potentialAction":[{"@type":"SearchAction","target":{"@type":"EntryPoint","urlTemplate":"https:\/\/proyectum.com\/cl\/?s={search_term_string}"},"query-input":{"@type":"PropertyValueSpecification","valueRequired":true,"valueName":"search_term_string"}}],"inLanguage":"es"},{"@type":"Organization","@id":"https:\/\/proyectum.com\/cl\/#organization","name":"Proyectum Chile","url":"https:\/\/proyectum.com\/cl\/","logo":{"@type":"ImageObject","inLanguage":"es","@id":"https:\/\/proyectum.com\/cl\/#\/schema\/logo\/image\/","url":"https:\/\/proyectum.com\/cl\/wp-content\/uploads\/2020\/04\/proyectum-logo-snippet.png","contentUrl":"https:\/\/proyectum.com\/cl\/wp-content\/uploads\/2020\/04\/proyectum-logo-snippet.png","width":600,"height":315,"caption":"Proyectum Chile"},"image":{"@id":"https:\/\/proyectum.com\/cl\/#\/schema\/logo\/image\/"},"sameAs":["https:\/\/www.facebook.com\/proyectumchile\/","https:\/\/www.linkedin.com\/company\/proyectum-cl\/","https:\/\/www.instagram.com\/proyectumchile\/","https:\/\/www.youtube.com\/@proyectum2283\/videos"]},{"@type":"Person","@id":"https:\/\/proyectum.com\/cl\/#\/schema\/person\/7d5caa4386a11be650af177d3f2e5aee","name":"Proyectum 2025","image":{"@type":"ImageObject","inLanguage":"es","@id":"https:\/\/proyectum.com\/cl\/#\/schema\/person\/image\/","url":"https:\/\/secure.gravatar.com\/avatar\/df82793fddd8f0a5a84fdb27d958bf73?s=96&d=mm&r=g","contentUrl":"https:\/\/secure.gravatar.com\/avatar\/df82793fddd8f0a5a84fdb27d958bf73?s=96&d=mm&r=g","caption":"Proyectum 2025"}}]}},"_links":{"self":[{"href":"https:\/\/proyectum.com\/cl\/wp-json\/wp\/v2\/posts\/2766","targetHints":{"allow":["GET"]}}],"collection":[{"href":"https:\/\/proyectum.com\/cl\/wp-json\/wp\/v2\/posts"}],"about":[{"href":"https:\/\/proyectum.com\/cl\/wp-json\/wp\/v2\/types\/post"}],"author":[{"embeddable":true,"href":"https:\/\/proyectum.com\/cl\/wp-json\/wp\/v2\/users\/26"}],"replies":[{"embeddable":true,"href":"https:\/\/proyectum.com\/cl\/wp-json\/wp\/v2\/comments?post=2766"}],"version-history":[{"count":0,"href":"https:\/\/proyectum.com\/cl\/wp-json\/wp\/v2\/posts\/2766\/revisions"}],"wp:featuredmedia":[{"embeddable":true,"href":"https:\/\/proyectum.com\/cl\/wp-json\/wp\/v2\/media\/2772"}],"wp:attachment":[{"href":"https:\/\/proyectum.com\/cl\/wp-json\/wp\/v2\/media?parent=2766"}],"wp:term":[{"taxonomy":"category","embeddable":true,"href":"https:\/\/proyectum.com\/cl\/wp-json\/wp\/v2\/categories?post=2766"},{"taxonomy":"post_tag","embeddable":true,"href":"https:\/\/proyectum.com\/cl\/wp-json\/wp\/v2\/tags?post=2766"}],"curies":[{"name":"wp","href":"https:\/\/api.w.org\/{rel}","templated":true}]}}