{"id":2974,"date":"2016-11-24T05:10:11","date_gmt":"2016-11-24T11:10:11","guid":{"rendered":"http:\/\/www.proyectum.lat\/?p=2974"},"modified":"2016-11-24T05:10:11","modified_gmt":"2016-11-24T11:10:11","slug":"a-pesar-de-trump-estamos-en-la-mejor-epoca-para-vivir","status":"publish","type":"post","link":"https:\/\/proyectum.com\/cl\/a-pesar-de-trump-estamos-en-la-mejor-epoca-para-vivir\/","title":{"rendered":"A pesar de Trump, estamos en la mejor \u00e9poca para vivir"},"content":{"rendered":"<p>Contra todos los pron\u00f3sticos y ante el descontento de gran parte de la poblaci\u00f3n, no solo en Estados Unidos sino a nivel mundial, <strong>Donald Trump ha sido elegido como el pr\u00f3ximo presidente de los Estados Unidos de Am\u00e9rica<\/strong>.<\/p>\n<p>El tema del ganador de las elecciones en Estados Unidos fue abordado invariablemente el 9 de noviembre en pr\u00e1cticamente todas las charlas de caf\u00e9, en los pasillos de las oficinas, a la hora de la comida y en cualquier otro punto a lo largo del d\u00eda. De acuerdo a mi percepci\u00f3n muy personal, el desanimo se pod\u00eda sentir a pesar de no vivir en el pa\u00eds donde el reci\u00e9n electo <strong>Donald Trump<\/strong> gobernar\u00e1 durante los pr\u00f3ximos cuatro a\u00f1os. Este desanimo generalizado se puede calificar de normal al encontrarnos viviendo en un mundo globalizado, al tratarse de un pa\u00eds que en varios frentes es considerado una <strong>potencia mundial<\/strong> y que en el caso de M\u00e9xico, contamos con un gran n\u00famero de enlaces que nos vinculan desde lo cultural hasta lo comercial.<\/p>\n<p>Ante tal ambiente de desanimo, se me ocurr\u00edan dos v\u00edas de escape. El primero de ellos era simplemente ignorarlo, darle la vuelta a la hoja y poner la menor cantidad de atenci\u00f3n al tema. La segunda, encontrar una esperanza en una visi\u00f3n que estuviera viendo las cosas desde un enfoque diferente al que nos hab\u00edamos enfrascado la mayor\u00eda. La segunda opci\u00f3n fue mi elegida y, parad\u00f3jicamente, esta visi\u00f3n llega del actual presidente de Estados Unidos, <strong>Barack Obama<\/strong>.<\/p>\n<p>Justo en la edici\u00f3n de noviembre de la revista <a href=\"https:\/\/www.wired.com\/magazine\/president-obama-guest-edits-wired\/#\" target=\"_blank\" rel=\"noopener noreferrer\">Wired<\/a>, <strong>Barack Obama<\/strong> se convirti\u00f3 en el primer presidente de los Estados Unidos que aun estando en funciones colabor\u00f3 como editor invitado. Su colaboraci\u00f3n dio como resultado: \u201c<strong>Fronteras<\/strong>\u201d, el tema principal de la edici\u00f3n. En esta publicaci\u00f3n se abordan los pr\u00f3ximos obst\u00e1culos que la humanidad tendr\u00e1 que superar para avanzar, las nuevas tecnolog\u00edas, desaf\u00edos y metas que seguir\u00e1n dando forma al siglo XXI y m\u00e1s all\u00e1. Dicha publicaci\u00f3n se divide en 5 fronteras: personales, locales, nacionales, globales e interplanetarias.<\/p>\n<p>En el <a href=\"https:\/\/www.wired.com\/2016\/10\/president-obama-guest-edits-wired-essay\/\" target=\"_blank\" rel=\"noopener noreferrer\">art\u00edculo<\/a>: \u201c<strong>Barack Obama: Now is the greatest time to be alive<\/strong>\u201d, el aun presidente de los Estados Unidos exterioriza sus ideas sobre por qu\u00e9 considera que es la mejor \u00e9poca en la historia de la humanidad:<\/p>\n<blockquote><p>\u201c<em>\u2026estamos mucho mejor capacitados que en cualquier otra \u00e9poca para asumir los desaf\u00edos que enfrentamos. S\u00e9 que eso podr\u00eda sonar contradictorio con lo que estos d\u00edas vemos y escuchamos en la cacofon\u00eda de los noticieros de televisi\u00f3n y las redes sociales. Pero la pr\u00f3xima vez que nos bombardeen con <strong>afirmaciones exageradas<\/strong> sobre c\u00f3mo nuestro pa\u00eds est\u00e1 perdido o que el mundo se cae a pedazos, saqu\u00e9monos de encima a los c\u00ednicos y los que quieren medrar con el miedo. Porque, la verdad, si tuviera que elegir cualquier momento del transcurso de la historia humana para estar vivo, elegir\u00eda este. Aqu\u00ed en los Estados Unidos y ahora mismo.<\/em>\u201d<\/p><\/blockquote>\n<p>Aunque estas palabras fueron escritas unas semanas antes de conocer los resultados de las elecciones, la visi\u00f3n de Obama queda perfecta para estos momentos donde la incertidumbre impera. De acuerdo a <strong>Barack Obama<\/strong>, los obst\u00e1culos que aun no han sido vencidos podr\u00e1n ser superados <strong>gracias a la ciencia y tecnolog\u00eda<\/strong>.<\/p>\n<blockquote><p>\u201c<em>La ciencia es como hemos podido combatir la lluvia \u00e1cida y la epidemia del SIDA. La tecnolog\u00eda es lo que nos permiti\u00f3 comunicarnos a trav\u00e9s de los oc\u00e9anos y sentir empat\u00eda mutua cuando un muro cay\u00f3 en Berl\u00edn. [\u2026]Sin el trigo de Norman Borlaug no podr\u00edamos alimentar a los hambrientos del mundo. Sin el c\u00f3digo de Grace Hopper, todav\u00eda estar\u00edamos analizando los datos con papel y l\u00e1piz. Esa es una de las razones por las que soy tan optimista sobre el futuro: el movimiento constante del progreso cient\u00edfico.<\/em>\u201d.<\/p><\/blockquote>\n<p>El presidente actual de los Estados Unidos acepta que aun hay grandes retos que resolver y fronteras que deben ser traspasadas, incluso m\u00e1s all\u00e1 de los <strong>l\u00edmites de lo que hoy conocemos como posible<\/strong>. Pero se considera un optimista y conf\u00eda en que se puede trabajar de manera conjunta para construir un mejor ma\u00f1ana, para mejorar el futuro de las personas, no solo de su pa\u00eds sino de todo el mundo.<\/p>\n<p>La historia de la humanidad ha sido construida junto con un gran n\u00famero de retos, el <strong>pr\u00f3ximo presidente de Estados Unidos<\/strong> puede representar uno m\u00e1s y aquellos quienes sentimos descontento en los pasados d\u00edas, somos los mismos que debemos recuperar a gran velocidad el optimismo para seguir derribando las fronteras que resguardan los retos de la humanidad, ya que sin duda, estamos en <strong>la mejor \u00e9poca para vivir<\/strong>.<\/p>\n<p>Sobre el autor: <a href=\"http:\/\/about.me\/omargarcia\" target=\"_blank\" rel=\"noopener noreferrer\">Omar Garc\u00eda<\/a>.<\/p>\n","protected":false},"excerpt":{"rendered":"<p>Contra todos los pron\u00f3sticos y ante el descontento de gran parte de la poblaci\u00f3n, no solo en Estados Unidos sino a nivel mundial, Donald Trump ha sido elegido como el pr\u00f3ximo presidente de los Estados Unidos de Am\u00e9rica. El tema del ganador de las elecciones en Estados Unidos fue abordado invariablemente el 9 de noviembre [&hellip;]<\/p>\n","protected":false},"author":26,"featured_media":10901,"comment_status":"open","ping_status":"open","sticky":false,"template":"","format":"standard","meta":{"_acf_changed":false,"footnotes":""},"categories":[215,232],"tags":[460],"class_list":["post-2974","post","type-post","status-publish","format-standard","has-post-thumbnail","hentry","category-liderazgo","category-reflexiones","tag-donald-trump"],"acf":[],"yoast_head":"<!-- This site is optimized with the Yoast SEO plugin v24.4 - https:\/\/yoast.com\/wordpress\/plugins\/seo\/ -->\n<title>A pesar de Trump, estamos en la mejor \u00e9poca para vivir - Proyectum Chile<\/title>\n<meta name=\"robots\" content=\"index, follow, max-snippet:-1, max-image-preview:large, max-video-preview:-1\" \/>\n<link rel=\"canonical\" href=\"https:\/\/proyectum.com\/cl\/a-pesar-de-trump-estamos-en-la-mejor-epoca-para-vivir\/\" \/>\n<meta property=\"og:locale\" content=\"es_ES\" \/>\n<meta property=\"og:type\" content=\"article\" \/>\n<meta property=\"og:title\" content=\"A pesar de Trump, estamos en la mejor \u00e9poca para vivir - Proyectum Chile\" \/>\n<meta property=\"og:description\" content=\"Contra todos los pron\u00f3sticos y ante el descontento de gran parte de la poblaci\u00f3n, no solo en Estados Unidos sino a nivel mundial, Donald Trump ha sido elegido como el pr\u00f3ximo presidente de los Estados Unidos de Am\u00e9rica. El tema del ganador de las elecciones en Estados Unidos fue abordado invariablemente el 9 de noviembre [&hellip;]\" \/>\n<meta property=\"og:url\" content=\"https:\/\/proyectum.com\/cl\/a-pesar-de-trump-estamos-en-la-mejor-epoca-para-vivir\/\" \/>\n<meta property=\"og:site_name\" content=\"Proyectum Chile\" \/>\n<meta property=\"article:publisher\" content=\"https:\/\/www.facebook.com\/proyectumchile\/\" \/>\n<meta property=\"article:published_time\" content=\"2016-11-24T11:10:11+00:00\" \/>\n<meta property=\"og:image\" content=\"https:\/\/proyectum.com\/cl\/wp-content\/uploads\/2016\/11\/Barack-Obama-1-1.png\" \/>\n\t<meta property=\"og:image:width\" content=\"1241\" \/>\n\t<meta property=\"og:image:height\" content=\"387\" \/>\n\t<meta property=\"og:image:type\" content=\"image\/png\" \/>\n<meta name=\"author\" content=\"Proyectum 2025\" \/>\n<meta name=\"twitter:card\" content=\"summary_large_image\" \/>\n<meta name=\"twitter:label1\" content=\"Escrito por\" \/>\n\t<meta name=\"twitter:data1\" content=\"Proyectum 2025\" \/>\n\t<meta name=\"twitter:label2\" content=\"Tiempo de lectura\" \/>\n\t<meta name=\"twitter:data2\" content=\"4 minutos\" \/>\n<script type=\"application\/ld+json\" class=\"yoast-schema-graph\">{\"@context\":\"https:\/\/schema.org\",\"@graph\":[{\"@type\":\"Article\",\"@id\":\"https:\/\/proyectum.com\/cl\/a-pesar-de-trump-estamos-en-la-mejor-epoca-para-vivir\/#article\",\"isPartOf\":{\"@id\":\"https:\/\/proyectum.com\/cl\/a-pesar-de-trump-estamos-en-la-mejor-epoca-para-vivir\/\"},\"author\":{\"name\":\"Proyectum 2025\",\"@id\":\"https:\/\/proyectum.com\/cl\/#\/schema\/person\/7d5caa4386a11be650af177d3f2e5aee\"},\"headline\":\"A pesar de Trump, estamos en la mejor \u00e9poca para vivir\",\"datePublished\":\"2016-11-24T11:10:11+00:00\",\"mainEntityOfPage\":{\"@id\":\"https:\/\/proyectum.com\/cl\/a-pesar-de-trump-estamos-en-la-mejor-epoca-para-vivir\/\"},\"wordCount\":841,\"commentCount\":0,\"publisher\":{\"@id\":\"https:\/\/proyectum.com\/cl\/#organization\"},\"image\":{\"@id\":\"https:\/\/proyectum.com\/cl\/a-pesar-de-trump-estamos-en-la-mejor-epoca-para-vivir\/#primaryimage\"},\"thumbnailUrl\":\"https:\/\/proyectum.com\/cl\/wp-content\/uploads\/2016\/11\/Barack-Obama-1-1.png\",\"keywords\":[\"Donald Trump\"],\"articleSection\":[\"Liderazgo\",\"Reflexiones\"],\"inLanguage\":\"es\",\"potentialAction\":[{\"@type\":\"CommentAction\",\"name\":\"Comment\",\"target\":[\"https:\/\/proyectum.com\/cl\/a-pesar-de-trump-estamos-en-la-mejor-epoca-para-vivir\/#respond\"]}]},{\"@type\":\"WebPage\",\"@id\":\"https:\/\/proyectum.com\/cl\/a-pesar-de-trump-estamos-en-la-mejor-epoca-para-vivir\/\",\"url\":\"https:\/\/proyectum.com\/cl\/a-pesar-de-trump-estamos-en-la-mejor-epoca-para-vivir\/\",\"name\":\"A pesar de Trump, estamos en la mejor \u00e9poca para vivir - Proyectum Chile\",\"isPartOf\":{\"@id\":\"https:\/\/proyectum.com\/cl\/#website\"},\"primaryImageOfPage\":{\"@id\":\"https:\/\/proyectum.com\/cl\/a-pesar-de-trump-estamos-en-la-mejor-epoca-para-vivir\/#primaryimage\"},\"image\":{\"@id\":\"https:\/\/proyectum.com\/cl\/a-pesar-de-trump-estamos-en-la-mejor-epoca-para-vivir\/#primaryimage\"},\"thumbnailUrl\":\"https:\/\/proyectum.com\/cl\/wp-content\/uploads\/2016\/11\/Barack-Obama-1-1.png\",\"datePublished\":\"2016-11-24T11:10:11+00:00\",\"breadcrumb\":{\"@id\":\"https:\/\/proyectum.com\/cl\/a-pesar-de-trump-estamos-en-la-mejor-epoca-para-vivir\/#breadcrumb\"},\"inLanguage\":\"es\",\"potentialAction\":[{\"@type\":\"ReadAction\",\"target\":[\"https:\/\/proyectum.com\/cl\/a-pesar-de-trump-estamos-en-la-mejor-epoca-para-vivir\/\"]}]},{\"@type\":\"ImageObject\",\"inLanguage\":\"es\",\"@id\":\"https:\/\/proyectum.com\/cl\/a-pesar-de-trump-estamos-en-la-mejor-epoca-para-vivir\/#primaryimage\",\"url\":\"https:\/\/proyectum.com\/cl\/wp-content\/uploads\/2016\/11\/Barack-Obama-1-1.png\",\"contentUrl\":\"https:\/\/proyectum.com\/cl\/wp-content\/uploads\/2016\/11\/Barack-Obama-1-1.png\",\"width\":1241,\"height\":387,\"caption\":\"barack-obama editor wired\"},{\"@type\":\"BreadcrumbList\",\"@id\":\"https:\/\/proyectum.com\/cl\/a-pesar-de-trump-estamos-en-la-mejor-epoca-para-vivir\/#breadcrumb\",\"itemListElement\":[{\"@type\":\"ListItem\",\"position\":1,\"name\":\"Home\",\"item\":\"https:\/\/proyectum.com\/cl\/\"},{\"@type\":\"ListItem\",\"position\":2,\"name\":\"A pesar de Trump, estamos en la mejor \u00e9poca para vivir\"}]},{\"@type\":\"WebSite\",\"@id\":\"https:\/\/proyectum.com\/cl\/#website\",\"url\":\"https:\/\/proyectum.com\/cl\/\",\"name\":\"Proyectum Chile\",\"description\":\"Direcci\u00f3n de Proyectos y Metodolog\u00edas \u00c1giles\",\"publisher\":{\"@id\":\"https:\/\/proyectum.com\/cl\/#organization\"},\"potentialAction\":[{\"@type\":\"SearchAction\",\"target\":{\"@type\":\"EntryPoint\",\"urlTemplate\":\"https:\/\/proyectum.com\/cl\/?s={search_term_string}\"},\"query-input\":{\"@type\":\"PropertyValueSpecification\",\"valueRequired\":true,\"valueName\":\"search_term_string\"}}],\"inLanguage\":\"es\"},{\"@type\":\"Organization\",\"@id\":\"https:\/\/proyectum.com\/cl\/#organization\",\"name\":\"Proyectum Chile\",\"url\":\"https:\/\/proyectum.com\/cl\/\",\"logo\":{\"@type\":\"ImageObject\",\"inLanguage\":\"es\",\"@id\":\"https:\/\/proyectum.com\/cl\/#\/schema\/logo\/image\/\",\"url\":\"https:\/\/proyectum.com\/cl\/wp-content\/uploads\/2020\/04\/proyectum-logo-snippet.png\",\"contentUrl\":\"https:\/\/proyectum.com\/cl\/wp-content\/uploads\/2020\/04\/proyectum-logo-snippet.png\",\"width\":600,\"height\":315,\"caption\":\"Proyectum Chile\"},\"image\":{\"@id\":\"https:\/\/proyectum.com\/cl\/#\/schema\/logo\/image\/\"},\"sameAs\":[\"https:\/\/www.facebook.com\/proyectumchile\/\",\"https:\/\/www.linkedin.com\/company\/proyectum-cl\/\",\"https:\/\/www.instagram.com\/proyectumchile\/\",\"https:\/\/www.youtube.com\/@proyectum2283\/videos\"]},{\"@type\":\"Person\",\"@id\":\"https:\/\/proyectum.com\/cl\/#\/schema\/person\/7d5caa4386a11be650af177d3f2e5aee\",\"name\":\"Proyectum 2025\",\"image\":{\"@type\":\"ImageObject\",\"inLanguage\":\"es\",\"@id\":\"https:\/\/proyectum.com\/cl\/#\/schema\/person\/image\/\",\"url\":\"https:\/\/secure.gravatar.com\/avatar\/df82793fddd8f0a5a84fdb27d958bf73?s=96&d=mm&r=g\",\"contentUrl\":\"https:\/\/secure.gravatar.com\/avatar\/df82793fddd8f0a5a84fdb27d958bf73?s=96&d=mm&r=g\",\"caption\":\"Proyectum 2025\"}}]}<\/script>\n<!-- \/ Yoast SEO plugin. -->","yoast_head_json":{"title":"A pesar de Trump, estamos en la mejor \u00e9poca para vivir - Proyectum Chile","robots":{"index":"index","follow":"follow","max-snippet":"max-snippet:-1","max-image-preview":"max-image-preview:large","max-video-preview":"max-video-preview:-1"},"canonical":"https:\/\/proyectum.com\/cl\/a-pesar-de-trump-estamos-en-la-mejor-epoca-para-vivir\/","og_locale":"es_ES","og_type":"article","og_title":"A pesar de Trump, estamos en la mejor \u00e9poca para vivir - Proyectum Chile","og_description":"Contra todos los pron\u00f3sticos y ante el descontento de gran parte de la poblaci\u00f3n, no solo en Estados Unidos sino a nivel mundial, Donald Trump ha sido elegido como el pr\u00f3ximo presidente de los Estados Unidos de Am\u00e9rica. El tema del ganador de las elecciones en Estados Unidos fue abordado invariablemente el 9 de noviembre [&hellip;]","og_url":"https:\/\/proyectum.com\/cl\/a-pesar-de-trump-estamos-en-la-mejor-epoca-para-vivir\/","og_site_name":"Proyectum Chile","article_publisher":"https:\/\/www.facebook.com\/proyectumchile\/","article_published_time":"2016-11-24T11:10:11+00:00","og_image":[{"width":1241,"height":387,"url":"https:\/\/proyectum.com\/cl\/wp-content\/uploads\/2016\/11\/Barack-Obama-1-1.png","type":"image\/png"}],"author":"Proyectum 2025","twitter_card":"summary_large_image","twitter_misc":{"Escrito por":"Proyectum 2025","Tiempo de lectura":"4 minutos"},"schema":{"@context":"https:\/\/schema.org","@graph":[{"@type":"Article","@id":"https:\/\/proyectum.com\/cl\/a-pesar-de-trump-estamos-en-la-mejor-epoca-para-vivir\/#article","isPartOf":{"@id":"https:\/\/proyectum.com\/cl\/a-pesar-de-trump-estamos-en-la-mejor-epoca-para-vivir\/"},"author":{"name":"Proyectum 2025","@id":"https:\/\/proyectum.com\/cl\/#\/schema\/person\/7d5caa4386a11be650af177d3f2e5aee"},"headline":"A pesar de Trump, estamos en la mejor \u00e9poca para vivir","datePublished":"2016-11-24T11:10:11+00:00","mainEntityOfPage":{"@id":"https:\/\/proyectum.com\/cl\/a-pesar-de-trump-estamos-en-la-mejor-epoca-para-vivir\/"},"wordCount":841,"commentCount":0,"publisher":{"@id":"https:\/\/proyectum.com\/cl\/#organization"},"image":{"@id":"https:\/\/proyectum.com\/cl\/a-pesar-de-trump-estamos-en-la-mejor-epoca-para-vivir\/#primaryimage"},"thumbnailUrl":"https:\/\/proyectum.com\/cl\/wp-content\/uploads\/2016\/11\/Barack-Obama-1-1.png","keywords":["Donald Trump"],"articleSection":["Liderazgo","Reflexiones"],"inLanguage":"es","potentialAction":[{"@type":"CommentAction","name":"Comment","target":["https:\/\/proyectum.com\/cl\/a-pesar-de-trump-estamos-en-la-mejor-epoca-para-vivir\/#respond"]}]},{"@type":"WebPage","@id":"https:\/\/proyectum.com\/cl\/a-pesar-de-trump-estamos-en-la-mejor-epoca-para-vivir\/","url":"https:\/\/proyectum.com\/cl\/a-pesar-de-trump-estamos-en-la-mejor-epoca-para-vivir\/","name":"A pesar de Trump, estamos en la mejor \u00e9poca para vivir - Proyectum Chile","isPartOf":{"@id":"https:\/\/proyectum.com\/cl\/#website"},"primaryImageOfPage":{"@id":"https:\/\/proyectum.com\/cl\/a-pesar-de-trump-estamos-en-la-mejor-epoca-para-vivir\/#primaryimage"},"image":{"@id":"https:\/\/proyectum.com\/cl\/a-pesar-de-trump-estamos-en-la-mejor-epoca-para-vivir\/#primaryimage"},"thumbnailUrl":"https:\/\/proyectum.com\/cl\/wp-content\/uploads\/2016\/11\/Barack-Obama-1-1.png","datePublished":"2016-11-24T11:10:11+00:00","breadcrumb":{"@id":"https:\/\/proyectum.com\/cl\/a-pesar-de-trump-estamos-en-la-mejor-epoca-para-vivir\/#breadcrumb"},"inLanguage":"es","potentialAction":[{"@type":"ReadAction","target":["https:\/\/proyectum.com\/cl\/a-pesar-de-trump-estamos-en-la-mejor-epoca-para-vivir\/"]}]},{"@type":"ImageObject","inLanguage":"es","@id":"https:\/\/proyectum.com\/cl\/a-pesar-de-trump-estamos-en-la-mejor-epoca-para-vivir\/#primaryimage","url":"https:\/\/proyectum.com\/cl\/wp-content\/uploads\/2016\/11\/Barack-Obama-1-1.png","contentUrl":"https:\/\/proyectum.com\/cl\/wp-content\/uploads\/2016\/11\/Barack-Obama-1-1.png","width":1241,"height":387,"caption":"barack-obama editor wired"},{"@type":"BreadcrumbList","@id":"https:\/\/proyectum.com\/cl\/a-pesar-de-trump-estamos-en-la-mejor-epoca-para-vivir\/#breadcrumb","itemListElement":[{"@type":"ListItem","position":1,"name":"Home","item":"https:\/\/proyectum.com\/cl\/"},{"@type":"ListItem","position":2,"name":"A pesar de Trump, estamos en la mejor \u00e9poca para vivir"}]},{"@type":"WebSite","@id":"https:\/\/proyectum.com\/cl\/#website","url":"https:\/\/proyectum.com\/cl\/","name":"Proyectum Chile","description":"Direcci\u00f3n de Proyectos y Metodolog\u00edas \u00c1giles","publisher":{"@id":"https:\/\/proyectum.com\/cl\/#organization"},"potentialAction":[{"@type":"SearchAction","target":{"@type":"EntryPoint","urlTemplate":"https:\/\/proyectum.com\/cl\/?s={search_term_string}"},"query-input":{"@type":"PropertyValueSpecification","valueRequired":true,"valueName":"search_term_string"}}],"inLanguage":"es"},{"@type":"Organization","@id":"https:\/\/proyectum.com\/cl\/#organization","name":"Proyectum Chile","url":"https:\/\/proyectum.com\/cl\/","logo":{"@type":"ImageObject","inLanguage":"es","@id":"https:\/\/proyectum.com\/cl\/#\/schema\/logo\/image\/","url":"https:\/\/proyectum.com\/cl\/wp-content\/uploads\/2020\/04\/proyectum-logo-snippet.png","contentUrl":"https:\/\/proyectum.com\/cl\/wp-content\/uploads\/2020\/04\/proyectum-logo-snippet.png","width":600,"height":315,"caption":"Proyectum Chile"},"image":{"@id":"https:\/\/proyectum.com\/cl\/#\/schema\/logo\/image\/"},"sameAs":["https:\/\/www.facebook.com\/proyectumchile\/","https:\/\/www.linkedin.com\/company\/proyectum-cl\/","https:\/\/www.instagram.com\/proyectumchile\/","https:\/\/www.youtube.com\/@proyectum2283\/videos"]},{"@type":"Person","@id":"https:\/\/proyectum.com\/cl\/#\/schema\/person\/7d5caa4386a11be650af177d3f2e5aee","name":"Proyectum 2025","image":{"@type":"ImageObject","inLanguage":"es","@id":"https:\/\/proyectum.com\/cl\/#\/schema\/person\/image\/","url":"https:\/\/secure.gravatar.com\/avatar\/df82793fddd8f0a5a84fdb27d958bf73?s=96&d=mm&r=g","contentUrl":"https:\/\/secure.gravatar.com\/avatar\/df82793fddd8f0a5a84fdb27d958bf73?s=96&d=mm&r=g","caption":"Proyectum 2025"}}]}},"_links":{"self":[{"href":"https:\/\/proyectum.com\/cl\/wp-json\/wp\/v2\/posts\/2974","targetHints":{"allow":["GET"]}}],"collection":[{"href":"https:\/\/proyectum.com\/cl\/wp-json\/wp\/v2\/posts"}],"about":[{"href":"https:\/\/proyectum.com\/cl\/wp-json\/wp\/v2\/types\/post"}],"author":[{"embeddable":true,"href":"https:\/\/proyectum.com\/cl\/wp-json\/wp\/v2\/users\/26"}],"replies":[{"embeddable":true,"href":"https:\/\/proyectum.com\/cl\/wp-json\/wp\/v2\/comments?post=2974"}],"version-history":[{"count":0,"href":"https:\/\/proyectum.com\/cl\/wp-json\/wp\/v2\/posts\/2974\/revisions"}],"wp:featuredmedia":[{"embeddable":true,"href":"https:\/\/proyectum.com\/cl\/wp-json\/wp\/v2\/media\/10901"}],"wp:attachment":[{"href":"https:\/\/proyectum.com\/cl\/wp-json\/wp\/v2\/media?parent=2974"}],"wp:term":[{"taxonomy":"category","embeddable":true,"href":"https:\/\/proyectum.com\/cl\/wp-json\/wp\/v2\/categories?post=2974"},{"taxonomy":"post_tag","embeddable":true,"href":"https:\/\/proyectum.com\/cl\/wp-json\/wp\/v2\/tags?post=2974"}],"curies":[{"name":"wp","href":"https:\/\/api.w.org\/{rel}","templated":true}]}}