{"id":3080,"date":"2017-02-21T06:45:40","date_gmt":"2017-02-21T12:45:40","guid":{"rendered":"http:\/\/www.proyectum.lat\/?p=3080"},"modified":"2017-02-21T06:45:40","modified_gmt":"2017-02-21T12:45:40","slug":"7-recomendaciones-para-tener-una-mente-abierta-y-abrirse-a-nuevas-historias","status":"publish","type":"post","link":"https:\/\/proyectum.com\/cl\/7-recomendaciones-para-tener-una-mente-abierta-y-abrirse-a-nuevas-historias\/","title":{"rendered":"7 recomendaciones para tener una mente abierta y abrirse a nuevas historias"},"content":{"rendered":"<blockquote><p><em>La mente que se abre a una nueva idea jamas volver\u00e1 a su tama\u00f1o original.<\/em><br \/>\n<strong>Albert Einstein<\/strong><\/p><\/blockquote>\n<p>Abran su mente a nuevas ideas, a nuevas creaciones, a nuevas perspectivas. Durante nuestro trayecto por la vida nos hemos dado cuenta que hemos absorbido diferentes aprendizajes, adquirido conocimiento y desarrollado habilidades. Hemos llegado a formar ideas, a definir criterios con base a lo ya aprendido, a lo que se nos ha dicho una y otra vez, hasta que forma ya, parte esencial de nuestra vida, de nuestras costumbres. Pero todo lo anterior, no ha sido completamente cierto, han visto tan solo una parte de la historia, una parte de lo que consideran \u201cverdad\u201d, tan solo una perspectiva m\u00e1s.<\/p>\n<p>Por eso les digo, aqu\u00ed y ahora, \u00a1<strong>Abran su mente<\/strong>, expandan sus horizontes, permanezcan abiertos a nuevas ideas, aprendizajes y creaciones!<\/p>\n<p>Hay muchas teor\u00edas acerca de c\u00f3mo se cre\u00f3 el Universo, algunas hablan desde un enfoque religioso, mencionando a Ad\u00e1n y Eva,  otras desde un punto de vista cient\u00edfico como el Big Bang, pero \u00bfqui\u00e9n nos lo comprueba? <strong>\u00bfqui\u00e9n sabe realmente la verdad?<\/strong><\/p>\n<p>Y hablando de lo cient\u00edfico, no todo puede ser comprobado de esa manera. Hay personas que necesitan aprobar todo a trav\u00e9s de un <strong>m\u00e9todo cient\u00edfico<\/strong>, sustentando una hip\u00f3tesis y miren que me ha tocado verlo, es m\u00e1s, yo deber\u00eda tender a hacerlo de esa manera, ya que durante mucho tiempo trabaj\u00e9 para la Industria Farmac\u00e9utica, rodeada de doctores, qu\u00edmicos y bi\u00f3logos para quienes el no tener una verdad bajo este m\u00e9todo implica una falsedad.<\/p>\n<p>\u00bfPero que sucede cuando de repente una persona que ha sido desahuciada y sin m\u00e1s recupera su invaluable salud? \u00bfQu\u00e9 sucede cuando de un m\u00e9todo tradicional prueban un m\u00e9todo alternativo y funciona? \u00bfQu\u00e9 sucede cuando se manifiesta un milagro y nadie puede realmente explicar qu\u00e9 pas\u00f3?<\/p>\n<p>Hay tanta variedad en este Universo, tanto por probar, tanto por hacer \u00bfpor qu\u00e9 no ver otra y tal vez mucho mejor versi\u00f3n de una misma historia?<\/p>\n<p>Una escritora nigeriana llamada <strong>Chimamanda Adichie<\/strong> se dispon\u00eda a hablar en una presentaci\u00f3n sobre el peligro que implica la existencia de una sola historia, en un tema que es de ida y vuelta. El que la cuenta la impone, el que la recibe puede creerse que es la \u00fanica. <strong>Chimamanda<\/strong> habl\u00f3 y ley\u00f3 desde una temprana edad literatura inglesa y estadounidense. Lo anterior le sirvi\u00f3 para comenzar muy r\u00e1pido a escribir historias en las que sus protagonistas eran rubios, de ojos azules, que se desenvolv\u00edan en paisajes nevados y tomaban cerveza de jengibre, aunque la cerveza ni siquiera existiera en su natal Nigeria, ni la nieve cayera en la ciudad donde pas\u00f3 su infancia.<\/p>\n<p>Por fortuna, para la futura escritora, tambi\u00e9n llegaron a sus manos autores coterr\u00e1neos, que la salvaron de los personajes que describ\u00eda en sus primeras letras y la centraron en su Nigeria, desde la cual Chimamanda cuenta y se cuenta, descubre y se descubre, porque es innegable que el escritor, en este caso la escritora, es \u00e9l o ella de muchas maneras en lo que escribe.<\/p>\n<p>Ella no est\u00e1 dispuesta a que la historia de su mundo la cuenten desde la otra orilla, mal contada, distorsionada o llena de prejuicios, como los que ella misma vivi\u00f3 cuando al llegar a los Estados Unidos su compa\u00f1era de cuarto en la universidad no pod\u00eda creer que hablara un buen ingl\u00e9s, idioma oficial nigeriano, conociera a Mariah Carey o supiera usar una estufa. \u201c<em>Su visi\u00f3n de m\u00ed, como africana, se reduc\u00eda a una l\u00e1stima condescendiente<\/em>\u201d, algo similar a la experiencia vivida con un profesor, quien le dijo de una de sus novelas que: \u201c<em>no era aut\u00e9nticamente africana porque sus personajes eran de clase media.<\/em>\u00bb<\/p>\n<p>Ella est\u00e1 convencida que \u201c<em>una sola historia roba la dignidad a los pueblos<\/em>\u201d.<\/p>\n<p>Se preguntar\u00e1n \u00bfC\u00f3mo pueden ser una Persona de <strong>Mente Abierta<\/strong> y abrirse a otras historias?<\/p>\n<p><strong>1.<\/strong>\tPrimero, aceptando el hecho de que la propia opini\u00f3n no es la \u00fanica ni la correcta. Ninguna idea es infalible, hay muchas maneras de pensar y de vivir.<br \/>\n<strong>2.<\/strong>\tAceptando opiniones diferentes y  evidencias que puedan contrariar  puntos de vista respecto a un tema en espec\u00edfico.<br \/>\n<strong>3.<\/strong>\tVerificando los diferentes puntos de vista, maneras de pensar y de vivir. Viajar es una manera efectiva de entrar en contacto con diferentes culturas y razas. La diversidad enriquece a los seres humanos.<br \/>\n<strong>4.<\/strong>\tFrente a una idea que se haya mantenido a lo largo del tiempo con rigidez, realizar un listado con argumentos que lo apoyen y contradigan, revisando los que sean m\u00e1s relevantes.<br \/>\n<strong>5.<\/strong>\tNo considerar que cambiar de opini\u00f3n sea una se\u00f1al de debilidad, sino que por el contrario se considere una fortaleza del car\u00e1cter.<br \/>\n<strong>6.<\/strong>\tNo temer cuestionarse y poner a prueba las propias ideas, buscando evidencias contrarias. Otras visiones.<br \/>\n<strong>7.<\/strong>\tEstudiar y aprender. Mantenerse informado. Una mente curiosa tiene la tendencia a ser m\u00e1s abierta que otra que se conforma con una sola fuente de informaci\u00f3n.<\/p>\n<p>Pero no me malentiendan por favor, no estoy diciendo que se compren la creencia de lo primero que vean, lean o escuchen. M\u00e1s bien la invitaci\u00f3n es para que filtren, <strong>pasen el velo de la \u201cverdad\u201d<\/strong>, analicen y vayan m\u00e1s all\u00e1 de lo que pueden ver o tocar\u2026 expandan sus horizontes. <strong>Pierdan el miedo a experimentar<\/strong> si eso no conlleva hacerse da\u00f1o, a sentir, a probar, a dejar de enjuiciar\u2026 a VIVIR!!!<\/p>\n<p>A expandirse entonces, abran los ojos, enriquezcan su Universo.<\/p>\n<blockquote><p><em>La mente es como un paraca\u00eddas, solo funciona si se abre.<\/em><br \/>\n<strong>Albert Einstein.<\/strong><\/p><\/blockquote>\n","protected":false},"excerpt":{"rendered":"<p>La mente que se abre a una nueva idea jamas volver\u00e1 a su tama\u00f1o original. Albert Einstein Abran su mente a nuevas ideas, a nuevas creaciones, a nuevas perspectivas. Durante nuestro trayecto por la vida nos hemos dado cuenta que hemos absorbido diferentes aprendizajes, adquirido conocimiento y desarrollado habilidades. Hemos llegado a formar ideas, a [&hellip;]<\/p>\n","protected":false},"author":26,"featured_media":3084,"comment_status":"open","ping_status":"open","sticky":false,"template":"","format":"standard","meta":{"_acf_changed":false,"footnotes":""},"categories":[231,232],"tags":[450,463],"class_list":["post-3080","post","type-post","status-publish","format-standard","has-post-thumbnail","hentry","category-recursos-humanos","category-reflexiones","tag-mentalidad-abierta-al-cambio","tag-mente-abierta"],"acf":[],"yoast_head":"<!-- This site is optimized with the Yoast SEO plugin v24.4 - https:\/\/yoast.com\/wordpress\/plugins\/seo\/ -->\n<title>7 recomendaciones para tener una mente abierta y abrirse a nuevas historias - Proyectum Chile<\/title>\n<meta name=\"robots\" content=\"index, follow, max-snippet:-1, max-image-preview:large, max-video-preview:-1\" \/>\n<link rel=\"canonical\" href=\"https:\/\/proyectum.com\/cl\/7-recomendaciones-para-tener-una-mente-abierta-y-abrirse-a-nuevas-historias\/\" \/>\n<meta property=\"og:locale\" content=\"es_ES\" \/>\n<meta property=\"og:type\" content=\"article\" \/>\n<meta property=\"og:title\" content=\"7 recomendaciones para tener una mente abierta y abrirse a nuevas historias - Proyectum Chile\" \/>\n<meta property=\"og:description\" content=\"La mente que se abre a una nueva idea jamas volver\u00e1 a su tama\u00f1o original. Albert Einstein Abran su mente a nuevas ideas, a nuevas creaciones, a nuevas perspectivas. Durante nuestro trayecto por la vida nos hemos dado cuenta que hemos absorbido diferentes aprendizajes, adquirido conocimiento y desarrollado habilidades. Hemos llegado a formar ideas, a [&hellip;]\" \/>\n<meta property=\"og:url\" content=\"https:\/\/proyectum.com\/cl\/7-recomendaciones-para-tener-una-mente-abierta-y-abrirse-a-nuevas-historias\/\" \/>\n<meta property=\"og:site_name\" content=\"Proyectum Chile\" \/>\n<meta property=\"article:publisher\" content=\"https:\/\/www.facebook.com\/proyectumchile\/\" \/>\n<meta property=\"article:published_time\" content=\"2017-02-21T12:45:40+00:00\" \/>\n<meta property=\"og:image\" content=\"https:\/\/proyectum.com\/cl\/wp-content\/uploads\/2017\/02\/Mente-abierta.jpg\" \/>\n\t<meta property=\"og:image:width\" content=\"1024\" \/>\n\t<meta property=\"og:image:height\" content=\"508\" \/>\n\t<meta property=\"og:image:type\" content=\"image\/jpeg\" \/>\n<meta name=\"author\" content=\"Proyectum 2025\" \/>\n<meta name=\"twitter:card\" content=\"summary_large_image\" \/>\n<meta name=\"twitter:label1\" content=\"Escrito por\" \/>\n\t<meta name=\"twitter:data1\" content=\"Proyectum 2025\" \/>\n\t<meta name=\"twitter:label2\" content=\"Tiempo de lectura\" \/>\n\t<meta name=\"twitter:data2\" content=\"5 minutos\" \/>\n<script type=\"application\/ld+json\" class=\"yoast-schema-graph\">{\"@context\":\"https:\/\/schema.org\",\"@graph\":[{\"@type\":\"Article\",\"@id\":\"https:\/\/proyectum.com\/cl\/7-recomendaciones-para-tener-una-mente-abierta-y-abrirse-a-nuevas-historias\/#article\",\"isPartOf\":{\"@id\":\"https:\/\/proyectum.com\/cl\/7-recomendaciones-para-tener-una-mente-abierta-y-abrirse-a-nuevas-historias\/\"},\"author\":{\"name\":\"Proyectum 2025\",\"@id\":\"https:\/\/proyectum.com\/cl\/#\/schema\/person\/7d5caa4386a11be650af177d3f2e5aee\"},\"headline\":\"7 recomendaciones para tener una mente abierta y abrirse a nuevas historias\",\"datePublished\":\"2017-02-21T12:45:40+00:00\",\"mainEntityOfPage\":{\"@id\":\"https:\/\/proyectum.com\/cl\/7-recomendaciones-para-tener-una-mente-abierta-y-abrirse-a-nuevas-historias\/\"},\"wordCount\":967,\"commentCount\":0,\"publisher\":{\"@id\":\"https:\/\/proyectum.com\/cl\/#organization\"},\"image\":{\"@id\":\"https:\/\/proyectum.com\/cl\/7-recomendaciones-para-tener-una-mente-abierta-y-abrirse-a-nuevas-historias\/#primaryimage\"},\"thumbnailUrl\":\"https:\/\/proyectum.com\/cl\/wp-content\/uploads\/2017\/02\/Mente-abierta.jpg\",\"keywords\":[\"mentalidad abierta al cambio\",\"Mente Abierta\"],\"articleSection\":[\"Recursos Humanos\",\"Reflexiones\"],\"inLanguage\":\"es\",\"potentialAction\":[{\"@type\":\"CommentAction\",\"name\":\"Comment\",\"target\":[\"https:\/\/proyectum.com\/cl\/7-recomendaciones-para-tener-una-mente-abierta-y-abrirse-a-nuevas-historias\/#respond\"]}]},{\"@type\":\"WebPage\",\"@id\":\"https:\/\/proyectum.com\/cl\/7-recomendaciones-para-tener-una-mente-abierta-y-abrirse-a-nuevas-historias\/\",\"url\":\"https:\/\/proyectum.com\/cl\/7-recomendaciones-para-tener-una-mente-abierta-y-abrirse-a-nuevas-historias\/\",\"name\":\"7 recomendaciones para tener una mente abierta y abrirse a nuevas historias - Proyectum Chile\",\"isPartOf\":{\"@id\":\"https:\/\/proyectum.com\/cl\/#website\"},\"primaryImageOfPage\":{\"@id\":\"https:\/\/proyectum.com\/cl\/7-recomendaciones-para-tener-una-mente-abierta-y-abrirse-a-nuevas-historias\/#primaryimage\"},\"image\":{\"@id\":\"https:\/\/proyectum.com\/cl\/7-recomendaciones-para-tener-una-mente-abierta-y-abrirse-a-nuevas-historias\/#primaryimage\"},\"thumbnailUrl\":\"https:\/\/proyectum.com\/cl\/wp-content\/uploads\/2017\/02\/Mente-abierta.jpg\",\"datePublished\":\"2017-02-21T12:45:40+00:00\",\"breadcrumb\":{\"@id\":\"https:\/\/proyectum.com\/cl\/7-recomendaciones-para-tener-una-mente-abierta-y-abrirse-a-nuevas-historias\/#breadcrumb\"},\"inLanguage\":\"es\",\"potentialAction\":[{\"@type\":\"ReadAction\",\"target\":[\"https:\/\/proyectum.com\/cl\/7-recomendaciones-para-tener-una-mente-abierta-y-abrirse-a-nuevas-historias\/\"]}]},{\"@type\":\"ImageObject\",\"inLanguage\":\"es\",\"@id\":\"https:\/\/proyectum.com\/cl\/7-recomendaciones-para-tener-una-mente-abierta-y-abrirse-a-nuevas-historias\/#primaryimage\",\"url\":\"https:\/\/proyectum.com\/cl\/wp-content\/uploads\/2017\/02\/Mente-abierta.jpg\",\"contentUrl\":\"https:\/\/proyectum.com\/cl\/wp-content\/uploads\/2017\/02\/Mente-abierta.jpg\",\"width\":1024,\"height\":508,\"caption\":\"Mente abierta\"},{\"@type\":\"BreadcrumbList\",\"@id\":\"https:\/\/proyectum.com\/cl\/7-recomendaciones-para-tener-una-mente-abierta-y-abrirse-a-nuevas-historias\/#breadcrumb\",\"itemListElement\":[{\"@type\":\"ListItem\",\"position\":1,\"name\":\"Home\",\"item\":\"https:\/\/proyectum.com\/cl\/\"},{\"@type\":\"ListItem\",\"position\":2,\"name\":\"7 recomendaciones para tener una mente abierta y abrirse a nuevas historias\"}]},{\"@type\":\"WebSite\",\"@id\":\"https:\/\/proyectum.com\/cl\/#website\",\"url\":\"https:\/\/proyectum.com\/cl\/\",\"name\":\"Proyectum Chile\",\"description\":\"Direcci\u00f3n de Proyectos y Metodolog\u00edas \u00c1giles\",\"publisher\":{\"@id\":\"https:\/\/proyectum.com\/cl\/#organization\"},\"potentialAction\":[{\"@type\":\"SearchAction\",\"target\":{\"@type\":\"EntryPoint\",\"urlTemplate\":\"https:\/\/proyectum.com\/cl\/?s={search_term_string}\"},\"query-input\":{\"@type\":\"PropertyValueSpecification\",\"valueRequired\":true,\"valueName\":\"search_term_string\"}}],\"inLanguage\":\"es\"},{\"@type\":\"Organization\",\"@id\":\"https:\/\/proyectum.com\/cl\/#organization\",\"name\":\"Proyectum Chile\",\"url\":\"https:\/\/proyectum.com\/cl\/\",\"logo\":{\"@type\":\"ImageObject\",\"inLanguage\":\"es\",\"@id\":\"https:\/\/proyectum.com\/cl\/#\/schema\/logo\/image\/\",\"url\":\"https:\/\/proyectum.com\/cl\/wp-content\/uploads\/2020\/04\/proyectum-logo-snippet.png\",\"contentUrl\":\"https:\/\/proyectum.com\/cl\/wp-content\/uploads\/2020\/04\/proyectum-logo-snippet.png\",\"width\":600,\"height\":315,\"caption\":\"Proyectum Chile\"},\"image\":{\"@id\":\"https:\/\/proyectum.com\/cl\/#\/schema\/logo\/image\/\"},\"sameAs\":[\"https:\/\/www.facebook.com\/proyectumchile\/\",\"https:\/\/www.linkedin.com\/company\/proyectum-cl\/\",\"https:\/\/www.instagram.com\/proyectumchile\/\",\"https:\/\/www.youtube.com\/@proyectum2283\/videos\"]},{\"@type\":\"Person\",\"@id\":\"https:\/\/proyectum.com\/cl\/#\/schema\/person\/7d5caa4386a11be650af177d3f2e5aee\",\"name\":\"Proyectum 2025\",\"image\":{\"@type\":\"ImageObject\",\"inLanguage\":\"es\",\"@id\":\"https:\/\/proyectum.com\/cl\/#\/schema\/person\/image\/\",\"url\":\"https:\/\/secure.gravatar.com\/avatar\/df82793fddd8f0a5a84fdb27d958bf73?s=96&d=mm&r=g\",\"contentUrl\":\"https:\/\/secure.gravatar.com\/avatar\/df82793fddd8f0a5a84fdb27d958bf73?s=96&d=mm&r=g\",\"caption\":\"Proyectum 2025\"}}]}<\/script>\n<!-- \/ Yoast SEO plugin. -->","yoast_head_json":{"title":"7 recomendaciones para tener una mente abierta y abrirse a nuevas historias - Proyectum Chile","robots":{"index":"index","follow":"follow","max-snippet":"max-snippet:-1","max-image-preview":"max-image-preview:large","max-video-preview":"max-video-preview:-1"},"canonical":"https:\/\/proyectum.com\/cl\/7-recomendaciones-para-tener-una-mente-abierta-y-abrirse-a-nuevas-historias\/","og_locale":"es_ES","og_type":"article","og_title":"7 recomendaciones para tener una mente abierta y abrirse a nuevas historias - Proyectum Chile","og_description":"La mente que se abre a una nueva idea jamas volver\u00e1 a su tama\u00f1o original. Albert Einstein Abran su mente a nuevas ideas, a nuevas creaciones, a nuevas perspectivas. Durante nuestro trayecto por la vida nos hemos dado cuenta que hemos absorbido diferentes aprendizajes, adquirido conocimiento y desarrollado habilidades. Hemos llegado a formar ideas, a [&hellip;]","og_url":"https:\/\/proyectum.com\/cl\/7-recomendaciones-para-tener-una-mente-abierta-y-abrirse-a-nuevas-historias\/","og_site_name":"Proyectum Chile","article_publisher":"https:\/\/www.facebook.com\/proyectumchile\/","article_published_time":"2017-02-21T12:45:40+00:00","og_image":[{"width":1024,"height":508,"url":"https:\/\/proyectum.com\/cl\/wp-content\/uploads\/2017\/02\/Mente-abierta.jpg","type":"image\/jpeg"}],"author":"Proyectum 2025","twitter_card":"summary_large_image","twitter_misc":{"Escrito por":"Proyectum 2025","Tiempo de lectura":"5 minutos"},"schema":{"@context":"https:\/\/schema.org","@graph":[{"@type":"Article","@id":"https:\/\/proyectum.com\/cl\/7-recomendaciones-para-tener-una-mente-abierta-y-abrirse-a-nuevas-historias\/#article","isPartOf":{"@id":"https:\/\/proyectum.com\/cl\/7-recomendaciones-para-tener-una-mente-abierta-y-abrirse-a-nuevas-historias\/"},"author":{"name":"Proyectum 2025","@id":"https:\/\/proyectum.com\/cl\/#\/schema\/person\/7d5caa4386a11be650af177d3f2e5aee"},"headline":"7 recomendaciones para tener una mente abierta y abrirse a nuevas historias","datePublished":"2017-02-21T12:45:40+00:00","mainEntityOfPage":{"@id":"https:\/\/proyectum.com\/cl\/7-recomendaciones-para-tener-una-mente-abierta-y-abrirse-a-nuevas-historias\/"},"wordCount":967,"commentCount":0,"publisher":{"@id":"https:\/\/proyectum.com\/cl\/#organization"},"image":{"@id":"https:\/\/proyectum.com\/cl\/7-recomendaciones-para-tener-una-mente-abierta-y-abrirse-a-nuevas-historias\/#primaryimage"},"thumbnailUrl":"https:\/\/proyectum.com\/cl\/wp-content\/uploads\/2017\/02\/Mente-abierta.jpg","keywords":["mentalidad abierta al cambio","Mente Abierta"],"articleSection":["Recursos Humanos","Reflexiones"],"inLanguage":"es","potentialAction":[{"@type":"CommentAction","name":"Comment","target":["https:\/\/proyectum.com\/cl\/7-recomendaciones-para-tener-una-mente-abierta-y-abrirse-a-nuevas-historias\/#respond"]}]},{"@type":"WebPage","@id":"https:\/\/proyectum.com\/cl\/7-recomendaciones-para-tener-una-mente-abierta-y-abrirse-a-nuevas-historias\/","url":"https:\/\/proyectum.com\/cl\/7-recomendaciones-para-tener-una-mente-abierta-y-abrirse-a-nuevas-historias\/","name":"7 recomendaciones para tener una mente abierta y abrirse a nuevas historias - Proyectum Chile","isPartOf":{"@id":"https:\/\/proyectum.com\/cl\/#website"},"primaryImageOfPage":{"@id":"https:\/\/proyectum.com\/cl\/7-recomendaciones-para-tener-una-mente-abierta-y-abrirse-a-nuevas-historias\/#primaryimage"},"image":{"@id":"https:\/\/proyectum.com\/cl\/7-recomendaciones-para-tener-una-mente-abierta-y-abrirse-a-nuevas-historias\/#primaryimage"},"thumbnailUrl":"https:\/\/proyectum.com\/cl\/wp-content\/uploads\/2017\/02\/Mente-abierta.jpg","datePublished":"2017-02-21T12:45:40+00:00","breadcrumb":{"@id":"https:\/\/proyectum.com\/cl\/7-recomendaciones-para-tener-una-mente-abierta-y-abrirse-a-nuevas-historias\/#breadcrumb"},"inLanguage":"es","potentialAction":[{"@type":"ReadAction","target":["https:\/\/proyectum.com\/cl\/7-recomendaciones-para-tener-una-mente-abierta-y-abrirse-a-nuevas-historias\/"]}]},{"@type":"ImageObject","inLanguage":"es","@id":"https:\/\/proyectum.com\/cl\/7-recomendaciones-para-tener-una-mente-abierta-y-abrirse-a-nuevas-historias\/#primaryimage","url":"https:\/\/proyectum.com\/cl\/wp-content\/uploads\/2017\/02\/Mente-abierta.jpg","contentUrl":"https:\/\/proyectum.com\/cl\/wp-content\/uploads\/2017\/02\/Mente-abierta.jpg","width":1024,"height":508,"caption":"Mente abierta"},{"@type":"BreadcrumbList","@id":"https:\/\/proyectum.com\/cl\/7-recomendaciones-para-tener-una-mente-abierta-y-abrirse-a-nuevas-historias\/#breadcrumb","itemListElement":[{"@type":"ListItem","position":1,"name":"Home","item":"https:\/\/proyectum.com\/cl\/"},{"@type":"ListItem","position":2,"name":"7 recomendaciones para tener una mente abierta y abrirse a nuevas historias"}]},{"@type":"WebSite","@id":"https:\/\/proyectum.com\/cl\/#website","url":"https:\/\/proyectum.com\/cl\/","name":"Proyectum Chile","description":"Direcci\u00f3n de Proyectos y Metodolog\u00edas \u00c1giles","publisher":{"@id":"https:\/\/proyectum.com\/cl\/#organization"},"potentialAction":[{"@type":"SearchAction","target":{"@type":"EntryPoint","urlTemplate":"https:\/\/proyectum.com\/cl\/?s={search_term_string}"},"query-input":{"@type":"PropertyValueSpecification","valueRequired":true,"valueName":"search_term_string"}}],"inLanguage":"es"},{"@type":"Organization","@id":"https:\/\/proyectum.com\/cl\/#organization","name":"Proyectum Chile","url":"https:\/\/proyectum.com\/cl\/","logo":{"@type":"ImageObject","inLanguage":"es","@id":"https:\/\/proyectum.com\/cl\/#\/schema\/logo\/image\/","url":"https:\/\/proyectum.com\/cl\/wp-content\/uploads\/2020\/04\/proyectum-logo-snippet.png","contentUrl":"https:\/\/proyectum.com\/cl\/wp-content\/uploads\/2020\/04\/proyectum-logo-snippet.png","width":600,"height":315,"caption":"Proyectum Chile"},"image":{"@id":"https:\/\/proyectum.com\/cl\/#\/schema\/logo\/image\/"},"sameAs":["https:\/\/www.facebook.com\/proyectumchile\/","https:\/\/www.linkedin.com\/company\/proyectum-cl\/","https:\/\/www.instagram.com\/proyectumchile\/","https:\/\/www.youtube.com\/@proyectum2283\/videos"]},{"@type":"Person","@id":"https:\/\/proyectum.com\/cl\/#\/schema\/person\/7d5caa4386a11be650af177d3f2e5aee","name":"Proyectum 2025","image":{"@type":"ImageObject","inLanguage":"es","@id":"https:\/\/proyectum.com\/cl\/#\/schema\/person\/image\/","url":"https:\/\/secure.gravatar.com\/avatar\/df82793fddd8f0a5a84fdb27d958bf73?s=96&d=mm&r=g","contentUrl":"https:\/\/secure.gravatar.com\/avatar\/df82793fddd8f0a5a84fdb27d958bf73?s=96&d=mm&r=g","caption":"Proyectum 2025"}}]}},"_links":{"self":[{"href":"https:\/\/proyectum.com\/cl\/wp-json\/wp\/v2\/posts\/3080","targetHints":{"allow":["GET"]}}],"collection":[{"href":"https:\/\/proyectum.com\/cl\/wp-json\/wp\/v2\/posts"}],"about":[{"href":"https:\/\/proyectum.com\/cl\/wp-json\/wp\/v2\/types\/post"}],"author":[{"embeddable":true,"href":"https:\/\/proyectum.com\/cl\/wp-json\/wp\/v2\/users\/26"}],"replies":[{"embeddable":true,"href":"https:\/\/proyectum.com\/cl\/wp-json\/wp\/v2\/comments?post=3080"}],"version-history":[{"count":0,"href":"https:\/\/proyectum.com\/cl\/wp-json\/wp\/v2\/posts\/3080\/revisions"}],"wp:featuredmedia":[{"embeddable":true,"href":"https:\/\/proyectum.com\/cl\/wp-json\/wp\/v2\/media\/3084"}],"wp:attachment":[{"href":"https:\/\/proyectum.com\/cl\/wp-json\/wp\/v2\/media?parent=3080"}],"wp:term":[{"taxonomy":"category","embeddable":true,"href":"https:\/\/proyectum.com\/cl\/wp-json\/wp\/v2\/categories?post=3080"},{"taxonomy":"post_tag","embeddable":true,"href":"https:\/\/proyectum.com\/cl\/wp-json\/wp\/v2\/tags?post=3080"}],"curies":[{"name":"wp","href":"https:\/\/api.w.org\/{rel}","templated":true}]}}