{"id":3093,"date":"2017-02-22T10:42:58","date_gmt":"2017-02-22T16:42:58","guid":{"rendered":"http:\/\/www.proyectum.lat\/?p=3093"},"modified":"2017-02-22T10:42:58","modified_gmt":"2017-02-22T16:42:58","slug":"las-habilidades-no-cognitivas-necesarias-para-formar-un-equipo-de-ensueno","status":"publish","type":"post","link":"https:\/\/proyectum.com\/cl\/las-habilidades-no-cognitivas-necesarias-para-formar-un-equipo-de-ensueno\/","title":{"rendered":"Las habilidades no cognitivas necesarias para formar un equipo de ensue\u00f1o"},"content":{"rendered":"<p>Las <strong>habilidades no cognitivas<\/strong>, tambi\u00e9n conocidas como, habilidades sociales, blandas, emocionales o soft skills, vienen tomando fuerza desde hace varios a\u00f1os y cada vez son m\u00e1s relevantes.<\/p>\n<p>Tener al equipo ideal es el sue\u00f1o de todo <strong>l\u00edder de proyecto<\/strong>. Si alguien se ha puesto a hacer el ejercicio de c\u00f3mo ser\u00eda cada uno de los colaboradores de su equipo de ensue\u00f1o, quien no lo haya hecho es buen momento para hacerlo, puedo asegurar que nadie se pone a pensar en cosas como: \u201cque tenga buena capacidad de procesar, aprender, pensar y razonar\u201d. Es decir, no nos ponemos a pensar en las <strong>habilidades cognitivas<\/strong>. \u00bfVerdad que no?<\/p>\n<p>M\u00e1s bien so\u00f1amos con un equipo de colaboradores que sean capaces de trabajar en equipo, dispuestos a tomar la iniciativa para resolver problemas, que sean buenos comunicadores, emp\u00e1ticos, curiosos y proactivos, entre algunas otras cosas m\u00e1s.<\/p>\n<p>Aunque las <strong>habilidades cognitivas<\/strong> no las podemos dejar de lado ya que son, y seguir\u00e1n siendo, relevantes, la realidad actual nos obliga como profesionales a desarrollar esas <strong>habilidades no cognitivas<\/strong> que todos los l\u00edderes esperan en un colaborador ideal. En un <a href=\"http:\/\/www.proyectum.lat\/2016\/11\/03\/las-5-habilidades-mas-importantes-para-el-futuro\/\" target=\"_blank\" rel=\"noopener noreferrer\">art\u00edculo anterior<\/a> les compart\u00edamos las <strong>5 habilidades m\u00e1s importantes para el futuro<\/strong> y mencionamos la importancia de desarrollar habilidades que las computadoras nunca llegar\u00e1n a dominar, que ni siquiera la Inteligencia Artificial podr\u00e1n reemplazar.<\/p>\n<p>Por otro lado, como l\u00edderes, debemos asegurarnos de estar utilizando los procesos adecuados para hacernos de esos colaboradores que formar\u00e1n el equipo de ensue\u00f1o. \u00bfA qu\u00e9 me refiero? Si seguimos reclutando gente como se ha venido haciendo tradicionalmente, es decir, con pruebas estandarizadas, la probabilidad de que elijamos a las personas con buenas habilidades cognitivas sobre las personas con habilidades no cognitivas es muy alta. Y lo vuelvo a repetir, no es que las personas con buenas habilidades cognitivas sean malas para nuestros equipos, de hecho cada persona puede aportar algo valioso en el desarrollo de nuestro proyecto, sin embargo, quien tenga la experiencia que deja el haber vivido en varios proyectos, sabe de la importancia de las habilidades blandas en un equipo de colaboradores.<\/p>\n<p>Como lo mencionamos en otro <a href=\"http:\/\/www.proyectum.lat\/2017\/02\/21\/7-recomendaciones-para-una-mente-abierta\/\" target=\"_blank\" rel=\"noopener noreferrer\">art\u00edculo reciente<\/a>, hay que tener una mentalidad abierta a nuevas ideas, aprendizajes y creaciones. Si eres un colaborador que desea desarrollar sus habilidades blandas, el primer paso es identificar aquellas en las que consideres que tienes \u00e1reas de oportunidad. Seguro hay m\u00e1s de una.<\/p>\n<p>Si eres un l\u00edder en busca de su equipo de ensue\u00f1o, debes comenzar a identificar si tu proceso de selecci\u00f3n es acorde a lo que est\u00e1s esperando. Si quieres <strong>colaboradores innovadores y disruptivos<\/strong> pero tus procesos de selecci\u00f3n son a trav\u00e9s de las pruebas estandarizadas de toda la vida, seguro que no habr\u00e1 buenos resultados.<\/p>\n<p>Para seguir creciendo en el mundo profesional hay que seguir desarrollando y fortaleciendo nuestras habilidades.<\/p>\n<p>Comparte con nosotros en qu\u00e9 habilidad estas trabajando actualmente.<\/p>\n<p>Sobre el autor: <a href=\"http:\/\/about.me\/omargarcia\" target=\"_blank\" rel=\"noopener noreferrer\">Omar Garc\u00eda<\/a>.<\/p>\n","protected":false},"excerpt":{"rendered":"<p>Las habilidades no cognitivas, tambi\u00e9n conocidas como, habilidades sociales, blandas, emocionales o soft skills, vienen tomando fuerza desde hace varios a\u00f1os y cada vez son m\u00e1s relevantes. Tener al equipo ideal es el sue\u00f1o de todo l\u00edder de proyecto. Si alguien se ha puesto a hacer el ejercicio de c\u00f3mo ser\u00eda cada uno de los [&hellip;]<\/p>\n","protected":false},"author":26,"featured_media":3095,"comment_status":"open","ping_status":"open","sticky":false,"template":"","format":"standard","meta":{"_acf_changed":false,"footnotes":""},"categories":[215,231],"tags":[464,265],"class_list":["post-3093","post","type-post","status-publish","format-standard","has-post-thumbnail","hentry","category-liderazgo","category-recursos-humanos","tag-inteligencia-artificial","tag-lider-de-proyecto"],"acf":[],"yoast_head":"<!-- This site is optimized with the Yoast SEO plugin v24.4 - https:\/\/yoast.com\/wordpress\/plugins\/seo\/ -->\n<title>Las habilidades no cognitivas necesarias para formar un equipo de ensue\u00f1o - Proyectum Chile<\/title>\n<meta name=\"robots\" content=\"index, follow, max-snippet:-1, max-image-preview:large, max-video-preview:-1\" \/>\n<link rel=\"canonical\" href=\"https:\/\/proyectum.com\/cl\/las-habilidades-no-cognitivas-necesarias-para-formar-un-equipo-de-ensueno\/\" \/>\n<meta property=\"og:locale\" content=\"es_ES\" \/>\n<meta property=\"og:type\" content=\"article\" \/>\n<meta property=\"og:title\" content=\"Las habilidades no cognitivas necesarias para formar un equipo de ensue\u00f1o - Proyectum Chile\" \/>\n<meta property=\"og:description\" content=\"Las habilidades no cognitivas, tambi\u00e9n conocidas como, habilidades sociales, blandas, emocionales o soft skills, vienen tomando fuerza desde hace varios a\u00f1os y cada vez son m\u00e1s relevantes. Tener al equipo ideal es el sue\u00f1o de todo l\u00edder de proyecto. Si alguien se ha puesto a hacer el ejercicio de c\u00f3mo ser\u00eda cada uno de los [&hellip;]\" \/>\n<meta property=\"og:url\" content=\"https:\/\/proyectum.com\/cl\/las-habilidades-no-cognitivas-necesarias-para-formar-un-equipo-de-ensueno\/\" \/>\n<meta property=\"og:site_name\" content=\"Proyectum Chile\" \/>\n<meta property=\"article:publisher\" content=\"https:\/\/www.facebook.com\/proyectumchile\/\" \/>\n<meta property=\"article:published_time\" content=\"2017-02-22T16:42:58+00:00\" \/>\n<meta property=\"og:image\" content=\"https:\/\/proyectum.com\/cl\/wp-content\/uploads\/2017\/02\/Habilidades-no-cognitivas-1.jpg\" \/>\n\t<meta property=\"og:image:width\" content=\"1001\" \/>\n\t<meta property=\"og:image:height\" content=\"500\" \/>\n\t<meta property=\"og:image:type\" content=\"image\/jpeg\" \/>\n<meta name=\"author\" content=\"Proyectum 2025\" \/>\n<meta name=\"twitter:card\" content=\"summary_large_image\" \/>\n<meta name=\"twitter:label1\" content=\"Escrito por\" \/>\n\t<meta name=\"twitter:data1\" content=\"Proyectum 2025\" \/>\n\t<meta name=\"twitter:label2\" content=\"Tiempo de lectura\" \/>\n\t<meta name=\"twitter:data2\" content=\"3 minutos\" \/>\n<script type=\"application\/ld+json\" class=\"yoast-schema-graph\">{\"@context\":\"https:\/\/schema.org\",\"@graph\":[{\"@type\":\"Article\",\"@id\":\"https:\/\/proyectum.com\/cl\/las-habilidades-no-cognitivas-necesarias-para-formar-un-equipo-de-ensueno\/#article\",\"isPartOf\":{\"@id\":\"https:\/\/proyectum.com\/cl\/las-habilidades-no-cognitivas-necesarias-para-formar-un-equipo-de-ensueno\/\"},\"author\":{\"name\":\"Proyectum 2025\",\"@id\":\"https:\/\/proyectum.com\/cl\/#\/schema\/person\/7d5caa4386a11be650af177d3f2e5aee\"},\"headline\":\"Las habilidades no cognitivas necesarias para formar un equipo de ensue\u00f1o\",\"datePublished\":\"2017-02-22T16:42:58+00:00\",\"mainEntityOfPage\":{\"@id\":\"https:\/\/proyectum.com\/cl\/las-habilidades-no-cognitivas-necesarias-para-formar-un-equipo-de-ensueno\/\"},\"wordCount\":517,\"commentCount\":0,\"publisher\":{\"@id\":\"https:\/\/proyectum.com\/cl\/#organization\"},\"image\":{\"@id\":\"https:\/\/proyectum.com\/cl\/las-habilidades-no-cognitivas-necesarias-para-formar-un-equipo-de-ensueno\/#primaryimage\"},\"thumbnailUrl\":\"https:\/\/proyectum.com\/cl\/wp-content\/uploads\/2017\/02\/Habilidades-no-cognitivas-1.jpg\",\"keywords\":[\"Inteligencia artificial\",\"l\u00edder de proyecto\"],\"articleSection\":[\"Liderazgo\",\"Recursos Humanos\"],\"inLanguage\":\"es\",\"potentialAction\":[{\"@type\":\"CommentAction\",\"name\":\"Comment\",\"target\":[\"https:\/\/proyectum.com\/cl\/las-habilidades-no-cognitivas-necesarias-para-formar-un-equipo-de-ensueno\/#respond\"]}]},{\"@type\":\"WebPage\",\"@id\":\"https:\/\/proyectum.com\/cl\/las-habilidades-no-cognitivas-necesarias-para-formar-un-equipo-de-ensueno\/\",\"url\":\"https:\/\/proyectum.com\/cl\/las-habilidades-no-cognitivas-necesarias-para-formar-un-equipo-de-ensueno\/\",\"name\":\"Las habilidades no cognitivas necesarias para formar un equipo de ensue\u00f1o - Proyectum Chile\",\"isPartOf\":{\"@id\":\"https:\/\/proyectum.com\/cl\/#website\"},\"primaryImageOfPage\":{\"@id\":\"https:\/\/proyectum.com\/cl\/las-habilidades-no-cognitivas-necesarias-para-formar-un-equipo-de-ensueno\/#primaryimage\"},\"image\":{\"@id\":\"https:\/\/proyectum.com\/cl\/las-habilidades-no-cognitivas-necesarias-para-formar-un-equipo-de-ensueno\/#primaryimage\"},\"thumbnailUrl\":\"https:\/\/proyectum.com\/cl\/wp-content\/uploads\/2017\/02\/Habilidades-no-cognitivas-1.jpg\",\"datePublished\":\"2017-02-22T16:42:58+00:00\",\"breadcrumb\":{\"@id\":\"https:\/\/proyectum.com\/cl\/las-habilidades-no-cognitivas-necesarias-para-formar-un-equipo-de-ensueno\/#breadcrumb\"},\"inLanguage\":\"es\",\"potentialAction\":[{\"@type\":\"ReadAction\",\"target\":[\"https:\/\/proyectum.com\/cl\/las-habilidades-no-cognitivas-necesarias-para-formar-un-equipo-de-ensueno\/\"]}]},{\"@type\":\"ImageObject\",\"inLanguage\":\"es\",\"@id\":\"https:\/\/proyectum.com\/cl\/las-habilidades-no-cognitivas-necesarias-para-formar-un-equipo-de-ensueno\/#primaryimage\",\"url\":\"https:\/\/proyectum.com\/cl\/wp-content\/uploads\/2017\/02\/Habilidades-no-cognitivas-1.jpg\",\"contentUrl\":\"https:\/\/proyectum.com\/cl\/wp-content\/uploads\/2017\/02\/Habilidades-no-cognitivas-1.jpg\",\"width\":1001,\"height\":500,\"caption\":\"Habilidades no cognitivas\"},{\"@type\":\"BreadcrumbList\",\"@id\":\"https:\/\/proyectum.com\/cl\/las-habilidades-no-cognitivas-necesarias-para-formar-un-equipo-de-ensueno\/#breadcrumb\",\"itemListElement\":[{\"@type\":\"ListItem\",\"position\":1,\"name\":\"Home\",\"item\":\"https:\/\/proyectum.com\/cl\/\"},{\"@type\":\"ListItem\",\"position\":2,\"name\":\"Las habilidades no cognitivas necesarias para formar un equipo de ensue\u00f1o\"}]},{\"@type\":\"WebSite\",\"@id\":\"https:\/\/proyectum.com\/cl\/#website\",\"url\":\"https:\/\/proyectum.com\/cl\/\",\"name\":\"Proyectum Chile\",\"description\":\"Direcci\u00f3n de Proyectos y Metodolog\u00edas \u00c1giles\",\"publisher\":{\"@id\":\"https:\/\/proyectum.com\/cl\/#organization\"},\"potentialAction\":[{\"@type\":\"SearchAction\",\"target\":{\"@type\":\"EntryPoint\",\"urlTemplate\":\"https:\/\/proyectum.com\/cl\/?s={search_term_string}\"},\"query-input\":{\"@type\":\"PropertyValueSpecification\",\"valueRequired\":true,\"valueName\":\"search_term_string\"}}],\"inLanguage\":\"es\"},{\"@type\":\"Organization\",\"@id\":\"https:\/\/proyectum.com\/cl\/#organization\",\"name\":\"Proyectum Chile\",\"url\":\"https:\/\/proyectum.com\/cl\/\",\"logo\":{\"@type\":\"ImageObject\",\"inLanguage\":\"es\",\"@id\":\"https:\/\/proyectum.com\/cl\/#\/schema\/logo\/image\/\",\"url\":\"https:\/\/proyectum.com\/cl\/wp-content\/uploads\/2020\/04\/proyectum-logo-snippet.png\",\"contentUrl\":\"https:\/\/proyectum.com\/cl\/wp-content\/uploads\/2020\/04\/proyectum-logo-snippet.png\",\"width\":600,\"height\":315,\"caption\":\"Proyectum Chile\"},\"image\":{\"@id\":\"https:\/\/proyectum.com\/cl\/#\/schema\/logo\/image\/\"},\"sameAs\":[\"https:\/\/www.facebook.com\/proyectumchile\/\",\"https:\/\/www.linkedin.com\/company\/proyectum-cl\/\",\"https:\/\/www.instagram.com\/proyectumchile\/\",\"https:\/\/www.youtube.com\/@proyectum2283\/videos\"]},{\"@type\":\"Person\",\"@id\":\"https:\/\/proyectum.com\/cl\/#\/schema\/person\/7d5caa4386a11be650af177d3f2e5aee\",\"name\":\"Proyectum 2025\",\"image\":{\"@type\":\"ImageObject\",\"inLanguage\":\"es\",\"@id\":\"https:\/\/proyectum.com\/cl\/#\/schema\/person\/image\/\",\"url\":\"https:\/\/secure.gravatar.com\/avatar\/df82793fddd8f0a5a84fdb27d958bf73?s=96&d=mm&r=g\",\"contentUrl\":\"https:\/\/secure.gravatar.com\/avatar\/df82793fddd8f0a5a84fdb27d958bf73?s=96&d=mm&r=g\",\"caption\":\"Proyectum 2025\"}}]}<\/script>\n<!-- \/ Yoast SEO plugin. -->","yoast_head_json":{"title":"Las habilidades no cognitivas necesarias para formar un equipo de ensue\u00f1o - Proyectum Chile","robots":{"index":"index","follow":"follow","max-snippet":"max-snippet:-1","max-image-preview":"max-image-preview:large","max-video-preview":"max-video-preview:-1"},"canonical":"https:\/\/proyectum.com\/cl\/las-habilidades-no-cognitivas-necesarias-para-formar-un-equipo-de-ensueno\/","og_locale":"es_ES","og_type":"article","og_title":"Las habilidades no cognitivas necesarias para formar un equipo de ensue\u00f1o - Proyectum Chile","og_description":"Las habilidades no cognitivas, tambi\u00e9n conocidas como, habilidades sociales, blandas, emocionales o soft skills, vienen tomando fuerza desde hace varios a\u00f1os y cada vez son m\u00e1s relevantes. Tener al equipo ideal es el sue\u00f1o de todo l\u00edder de proyecto. Si alguien se ha puesto a hacer el ejercicio de c\u00f3mo ser\u00eda cada uno de los [&hellip;]","og_url":"https:\/\/proyectum.com\/cl\/las-habilidades-no-cognitivas-necesarias-para-formar-un-equipo-de-ensueno\/","og_site_name":"Proyectum Chile","article_publisher":"https:\/\/www.facebook.com\/proyectumchile\/","article_published_time":"2017-02-22T16:42:58+00:00","og_image":[{"width":1001,"height":500,"url":"https:\/\/proyectum.com\/cl\/wp-content\/uploads\/2017\/02\/Habilidades-no-cognitivas-1.jpg","type":"image\/jpeg"}],"author":"Proyectum 2025","twitter_card":"summary_large_image","twitter_misc":{"Escrito por":"Proyectum 2025","Tiempo de lectura":"3 minutos"},"schema":{"@context":"https:\/\/schema.org","@graph":[{"@type":"Article","@id":"https:\/\/proyectum.com\/cl\/las-habilidades-no-cognitivas-necesarias-para-formar-un-equipo-de-ensueno\/#article","isPartOf":{"@id":"https:\/\/proyectum.com\/cl\/las-habilidades-no-cognitivas-necesarias-para-formar-un-equipo-de-ensueno\/"},"author":{"name":"Proyectum 2025","@id":"https:\/\/proyectum.com\/cl\/#\/schema\/person\/7d5caa4386a11be650af177d3f2e5aee"},"headline":"Las habilidades no cognitivas necesarias para formar un equipo de ensue\u00f1o","datePublished":"2017-02-22T16:42:58+00:00","mainEntityOfPage":{"@id":"https:\/\/proyectum.com\/cl\/las-habilidades-no-cognitivas-necesarias-para-formar-un-equipo-de-ensueno\/"},"wordCount":517,"commentCount":0,"publisher":{"@id":"https:\/\/proyectum.com\/cl\/#organization"},"image":{"@id":"https:\/\/proyectum.com\/cl\/las-habilidades-no-cognitivas-necesarias-para-formar-un-equipo-de-ensueno\/#primaryimage"},"thumbnailUrl":"https:\/\/proyectum.com\/cl\/wp-content\/uploads\/2017\/02\/Habilidades-no-cognitivas-1.jpg","keywords":["Inteligencia artificial","l\u00edder de proyecto"],"articleSection":["Liderazgo","Recursos Humanos"],"inLanguage":"es","potentialAction":[{"@type":"CommentAction","name":"Comment","target":["https:\/\/proyectum.com\/cl\/las-habilidades-no-cognitivas-necesarias-para-formar-un-equipo-de-ensueno\/#respond"]}]},{"@type":"WebPage","@id":"https:\/\/proyectum.com\/cl\/las-habilidades-no-cognitivas-necesarias-para-formar-un-equipo-de-ensueno\/","url":"https:\/\/proyectum.com\/cl\/las-habilidades-no-cognitivas-necesarias-para-formar-un-equipo-de-ensueno\/","name":"Las habilidades no cognitivas necesarias para formar un equipo de ensue\u00f1o - Proyectum Chile","isPartOf":{"@id":"https:\/\/proyectum.com\/cl\/#website"},"primaryImageOfPage":{"@id":"https:\/\/proyectum.com\/cl\/las-habilidades-no-cognitivas-necesarias-para-formar-un-equipo-de-ensueno\/#primaryimage"},"image":{"@id":"https:\/\/proyectum.com\/cl\/las-habilidades-no-cognitivas-necesarias-para-formar-un-equipo-de-ensueno\/#primaryimage"},"thumbnailUrl":"https:\/\/proyectum.com\/cl\/wp-content\/uploads\/2017\/02\/Habilidades-no-cognitivas-1.jpg","datePublished":"2017-02-22T16:42:58+00:00","breadcrumb":{"@id":"https:\/\/proyectum.com\/cl\/las-habilidades-no-cognitivas-necesarias-para-formar-un-equipo-de-ensueno\/#breadcrumb"},"inLanguage":"es","potentialAction":[{"@type":"ReadAction","target":["https:\/\/proyectum.com\/cl\/las-habilidades-no-cognitivas-necesarias-para-formar-un-equipo-de-ensueno\/"]}]},{"@type":"ImageObject","inLanguage":"es","@id":"https:\/\/proyectum.com\/cl\/las-habilidades-no-cognitivas-necesarias-para-formar-un-equipo-de-ensueno\/#primaryimage","url":"https:\/\/proyectum.com\/cl\/wp-content\/uploads\/2017\/02\/Habilidades-no-cognitivas-1.jpg","contentUrl":"https:\/\/proyectum.com\/cl\/wp-content\/uploads\/2017\/02\/Habilidades-no-cognitivas-1.jpg","width":1001,"height":500,"caption":"Habilidades no cognitivas"},{"@type":"BreadcrumbList","@id":"https:\/\/proyectum.com\/cl\/las-habilidades-no-cognitivas-necesarias-para-formar-un-equipo-de-ensueno\/#breadcrumb","itemListElement":[{"@type":"ListItem","position":1,"name":"Home","item":"https:\/\/proyectum.com\/cl\/"},{"@type":"ListItem","position":2,"name":"Las habilidades no cognitivas necesarias para formar un equipo de ensue\u00f1o"}]},{"@type":"WebSite","@id":"https:\/\/proyectum.com\/cl\/#website","url":"https:\/\/proyectum.com\/cl\/","name":"Proyectum Chile","description":"Direcci\u00f3n de Proyectos y Metodolog\u00edas \u00c1giles","publisher":{"@id":"https:\/\/proyectum.com\/cl\/#organization"},"potentialAction":[{"@type":"SearchAction","target":{"@type":"EntryPoint","urlTemplate":"https:\/\/proyectum.com\/cl\/?s={search_term_string}"},"query-input":{"@type":"PropertyValueSpecification","valueRequired":true,"valueName":"search_term_string"}}],"inLanguage":"es"},{"@type":"Organization","@id":"https:\/\/proyectum.com\/cl\/#organization","name":"Proyectum Chile","url":"https:\/\/proyectum.com\/cl\/","logo":{"@type":"ImageObject","inLanguage":"es","@id":"https:\/\/proyectum.com\/cl\/#\/schema\/logo\/image\/","url":"https:\/\/proyectum.com\/cl\/wp-content\/uploads\/2020\/04\/proyectum-logo-snippet.png","contentUrl":"https:\/\/proyectum.com\/cl\/wp-content\/uploads\/2020\/04\/proyectum-logo-snippet.png","width":600,"height":315,"caption":"Proyectum Chile"},"image":{"@id":"https:\/\/proyectum.com\/cl\/#\/schema\/logo\/image\/"},"sameAs":["https:\/\/www.facebook.com\/proyectumchile\/","https:\/\/www.linkedin.com\/company\/proyectum-cl\/","https:\/\/www.instagram.com\/proyectumchile\/","https:\/\/www.youtube.com\/@proyectum2283\/videos"]},{"@type":"Person","@id":"https:\/\/proyectum.com\/cl\/#\/schema\/person\/7d5caa4386a11be650af177d3f2e5aee","name":"Proyectum 2025","image":{"@type":"ImageObject","inLanguage":"es","@id":"https:\/\/proyectum.com\/cl\/#\/schema\/person\/image\/","url":"https:\/\/secure.gravatar.com\/avatar\/df82793fddd8f0a5a84fdb27d958bf73?s=96&d=mm&r=g","contentUrl":"https:\/\/secure.gravatar.com\/avatar\/df82793fddd8f0a5a84fdb27d958bf73?s=96&d=mm&r=g","caption":"Proyectum 2025"}}]}},"_links":{"self":[{"href":"https:\/\/proyectum.com\/cl\/wp-json\/wp\/v2\/posts\/3093","targetHints":{"allow":["GET"]}}],"collection":[{"href":"https:\/\/proyectum.com\/cl\/wp-json\/wp\/v2\/posts"}],"about":[{"href":"https:\/\/proyectum.com\/cl\/wp-json\/wp\/v2\/types\/post"}],"author":[{"embeddable":true,"href":"https:\/\/proyectum.com\/cl\/wp-json\/wp\/v2\/users\/26"}],"replies":[{"embeddable":true,"href":"https:\/\/proyectum.com\/cl\/wp-json\/wp\/v2\/comments?post=3093"}],"version-history":[{"count":0,"href":"https:\/\/proyectum.com\/cl\/wp-json\/wp\/v2\/posts\/3093\/revisions"}],"wp:featuredmedia":[{"embeddable":true,"href":"https:\/\/proyectum.com\/cl\/wp-json\/wp\/v2\/media\/3095"}],"wp:attachment":[{"href":"https:\/\/proyectum.com\/cl\/wp-json\/wp\/v2\/media?parent=3093"}],"wp:term":[{"taxonomy":"category","embeddable":true,"href":"https:\/\/proyectum.com\/cl\/wp-json\/wp\/v2\/categories?post=3093"},{"taxonomy":"post_tag","embeddable":true,"href":"https:\/\/proyectum.com\/cl\/wp-json\/wp\/v2\/tags?post=3093"}],"curies":[{"name":"wp","href":"https:\/\/api.w.org\/{rel}","templated":true}]}}