{"id":3281,"date":"2017-07-17T10:30:14","date_gmt":"2017-07-17T15:30:14","guid":{"rendered":"http:\/\/www.proyectum.lat\/?p=3281"},"modified":"2017-07-17T10:30:14","modified_gmt":"2017-07-17T15:30:14","slug":"7-recomendaciones-para-hablar-en-publico","status":"publish","type":"post","link":"https:\/\/proyectum.com\/cl\/7-recomendaciones-para-hablar-en-publico\/","title":{"rendered":"7 recomendaciones para Hablar en P\u00fablico"},"content":{"rendered":"<blockquote><p>A veces hablamos mucho y decimos poco, Para expresar m\u00e1s, conviene pensar m\u00e1s.<br \/>\nHonor\u00e9 de Balzac<\/p><\/blockquote>\n<p>Hace algunos meses publicamos <a href=\"http:\/\/www.proyectum.lat\/2017\/01\/11\/la-habilidad-que-aumentara-tu-valor-este-ano-en-un-50-por-ciento\/\" target=\"_blank\" rel=\"noopener noreferrer\">aqu\u00ed en Proyectum<\/a>, informaci\u00f3n que indicaba lo altamente valorado que es la <strong>habilidad de hablar en p\u00fablico<\/strong> en el mundo profesional y por supuesto tambi\u00e9n, en el \u00e1mbito personal.<\/p>\n<p>Hablar en p\u00fablico es una actividad de la cual muchas personas disfrutan y a otras tantas les parece bastante desagradable, inc\u00f3modo e incluso penoso. Sin embargo, la mayor\u00eda hemos vivido situaciones en nuestra vida en la que por alguna causa se nos ha presentado la oportunidad, e incluso el deber, de <strong>hablar en p\u00fablico<\/strong>. En ocasiones como alguna graduaci\u00f3n, aniversario, agradecimiento y hasta en un funeral o al momento de contar un chiste. Muchas veces hay algo importante que decir o compartir en dichos sucesos y en m\u00e1s de alguna ocasi\u00f3n habremos tenido las ganas de comunicarlo, pero simplemente el miedo o la pena nos paraliz\u00f3.<\/p>\n<p>Ya es momento de tomar la oportunidad, de compartir aquello valioso que tenemos para comunicar y hacerlo de tal manera que en lugar de sentir miedo o incomodidad, lo que se experimente sea el disfrute de poder hacerlo. Por supuesto, para ello es necesario contar con una serie de herramientas y t\u00e9cnicas que son de gran utilidad para llevarlo a cabo.<\/p>\n<p>As\u00ed que siendo conscientes de la importancia de hacerlo, he aqu\u00ed una serie de recomendaciones para que hablar en p\u00fablico sea una gratificante experiencia.:<\/p>\n<p><strong>1.- Preparaci\u00f3n previa. <\/strong><\/p>\n<p>Prepara el tema del cual hablar\u00e1s, aseg\u00farate de que tenga una apertura interesante, puede ser una frase de alguien reconocido o una que sea creaci\u00f3n de tu inspiraci\u00f3n. Aseg\u00farate de que haya un orden l\u00f3gico y arm\u00f3nico en el contenido y no olvides tener un buen cierre, otra frase de impacto ser\u00e1 de gran utilidad.<\/p>\n<p><strong>2.- Dedica un tiempo a practicar.<\/strong><\/p>\n<p>Pr\u00e1ctica de preferencia frente al espejo y en voz alta, con ello podr\u00e1s corregir, modular o remarcar parte de tu lenguaje no verbal y podr\u00e1s revisar el tono y ritmo de tu voz.<\/p>\n<p><strong>3.- Cuida las muletillas.<\/strong><\/p>\n<p>Evita en la medida de lo posible usar <strong>muletillas<\/strong>, estas son palabras o sonidos repetitivos como: \u201cmmm\u201d, \u201ceste\u201d, \u201cbueno\u201d o ciertos chasquidos con la boca, as\u00ed como ciertos vicios en el movimiento corporal como moverte de un lado a otro, mover constantemente el pi\u00e9 o alguna otra parte del cuerpo.<\/p>\n<p><strong>4.- Administra tu tiempo.<\/strong><\/p>\n<p>Si usas menos del tiempo asignado estar\u00e1s desperdiciando la oportunidad de poder presentar el contenido adecuadamente. Por el contrario, si es m\u00e1s del tiempo acordado, red\u00facelo, ya que es de mal gusto pasarse del tiempo y refleja que no hubo preparaci\u00f3n previa o respeto por la audiencia.<\/p>\n<p><strong>5.- Comparte algo personal.<\/strong><\/p>\n<p>Procura que siempre est\u00e9 presente tu toque personal, ya sea con an\u00e9cdotas, ejemplos, aprendizajes, entre otros. Claro, sin caer en egocentrismo.<\/p>\n<p><strong>6. Solicita apoyo. <\/strong><\/p>\n<p>Pide a alguien que escuche o por lo menos lea la  presentaci\u00f3n o el discurso que dar\u00e1s, ya que esta persona podr\u00eda ver alg\u00fan error o te ayudar\u00e1 a darte cuenta de algo de lo cual no te hab\u00edas percatado.<\/p>\n<p><strong>7.- Puentes mentales para improvisar.<\/strong><\/p>\n<p>Ahora bien, si el discurso que dar\u00e1s es totalmente improvisado, imagina o crea en tu mente puentes mentales, es decir, de acuerdo al tema del cual hablar\u00e1s, piensa r\u00e1pidamente en ideas que tengan que ver con el tema, estructura, crea enlaces y\u2026 \u00a1ya est\u00e1! Comienza a hablar y disfruta mientras lo haces. Recuerda que de cualquier manera eso es lo que hacemos en nuestro d\u00eda a d\u00eda, no planeamos nuestras conversaciones, vamos estructurando, improvisando y creando los contenidos de acuerdo al tema de conversaci\u00f3n.<\/p>\n<p>Pues no hay m\u00e1s que practicar y practicar, atreverse y hacerlo. Hagamos uso de este regalo que es la comunicaci\u00f3n y las oportunidades que se presentan para poder llevar nuestros mensajes a trav\u00e9s de m\u00e1s canales, para que el hablar en p\u00fablico sea una experiencia totalmente disfrutable.<\/p>\n<p><em>\u00abTodo lo que calles queda contigo, pero todo cuanto dices queda en manos de quienes te han escuchado.\u00bb<\/em><br \/>\n<strong>Santiago Posteguillo<\/strong><\/p>\n","protected":false},"excerpt":{"rendered":"<p>A veces hablamos mucho y decimos poco, Para expresar m\u00e1s, conviene pensar m\u00e1s. Honor\u00e9 de Balzac Hace algunos meses publicamos aqu\u00ed en Proyectum, informaci\u00f3n que indicaba lo altamente valorado que es la habilidad de hablar en p\u00fablico en el mundo profesional y por supuesto tambi\u00e9n, en el \u00e1mbito personal. Hablar en p\u00fablico es una actividad [&hellip;]<\/p>\n","protected":false},"author":26,"featured_media":10912,"comment_status":"open","ping_status":"open","sticky":false,"template":"","format":"standard","meta":{"_acf_changed":false,"footnotes":""},"categories":[236,231],"tags":[582,494,583,584,495,216,585,586,587],"class_list":["post-3281","post","type-post","status-publish","format-standard","has-post-thumbnail","hentry","category-comunicacion","category-recursos-humanos","tag-administra-tu-tiempo","tag-arte-de-hablar-en-publico","tag-cuida-las-muletillas","tag-dedica-un-tiempo-a-practicar","tag-habilidad-de-hablar-en-publico","tag-hablar-en-publico","tag-improvisa-hablar-en-publico","tag-muletillas","tag-preparacion-previa"],"acf":[],"yoast_head":"<!-- This site is optimized with the Yoast SEO plugin v24.4 - https:\/\/yoast.com\/wordpress\/plugins\/seo\/ -->\n<title>7 recomendaciones para Hablar en P\u00fablico - Proyectum Chile<\/title>\n<meta name=\"robots\" content=\"index, follow, max-snippet:-1, max-image-preview:large, max-video-preview:-1\" \/>\n<link rel=\"canonical\" href=\"https:\/\/proyectum.com\/cl\/7-recomendaciones-para-hablar-en-publico\/\" \/>\n<meta property=\"og:locale\" content=\"es_ES\" \/>\n<meta property=\"og:type\" content=\"article\" \/>\n<meta property=\"og:title\" content=\"7 recomendaciones para Hablar en P\u00fablico - Proyectum Chile\" \/>\n<meta property=\"og:description\" content=\"A veces hablamos mucho y decimos poco, Para expresar m\u00e1s, conviene pensar m\u00e1s. Honor\u00e9 de Balzac Hace algunos meses publicamos aqu\u00ed en Proyectum, informaci\u00f3n que indicaba lo altamente valorado que es la habilidad de hablar en p\u00fablico en el mundo profesional y por supuesto tambi\u00e9n, en el \u00e1mbito personal. Hablar en p\u00fablico es una actividad [&hellip;]\" \/>\n<meta property=\"og:url\" content=\"https:\/\/proyectum.com\/cl\/7-recomendaciones-para-hablar-en-publico\/\" \/>\n<meta property=\"og:site_name\" content=\"Proyectum Chile\" \/>\n<meta property=\"article:publisher\" content=\"https:\/\/www.facebook.com\/proyectumchile\/\" \/>\n<meta property=\"article:published_time\" content=\"2017-07-17T15:30:14+00:00\" \/>\n<meta property=\"og:image\" content=\"https:\/\/proyectum.com\/cl\/wp-content\/uploads\/2017\/07\/Recomendaciones-Hablar-en-Publico-1.jpg\" \/>\n\t<meta property=\"og:image:width\" content=\"1140\" \/>\n\t<meta property=\"og:image:height\" content=\"472\" \/>\n\t<meta property=\"og:image:type\" content=\"image\/jpeg\" \/>\n<meta name=\"author\" content=\"Proyectum 2025\" \/>\n<meta name=\"twitter:card\" content=\"summary_large_image\" \/>\n<meta name=\"twitter:label1\" content=\"Escrito por\" \/>\n\t<meta name=\"twitter:data1\" content=\"Proyectum 2025\" \/>\n\t<meta name=\"twitter:label2\" content=\"Tiempo de lectura\" \/>\n\t<meta name=\"twitter:data2\" content=\"4 minutos\" \/>\n<script type=\"application\/ld+json\" class=\"yoast-schema-graph\">{\"@context\":\"https:\/\/schema.org\",\"@graph\":[{\"@type\":\"Article\",\"@id\":\"https:\/\/proyectum.com\/cl\/7-recomendaciones-para-hablar-en-publico\/#article\",\"isPartOf\":{\"@id\":\"https:\/\/proyectum.com\/cl\/7-recomendaciones-para-hablar-en-publico\/\"},\"author\":{\"name\":\"Proyectum 2025\",\"@id\":\"https:\/\/proyectum.com\/cl\/#\/schema\/person\/7d5caa4386a11be650af177d3f2e5aee\"},\"headline\":\"7 recomendaciones para Hablar en P\u00fablico\",\"datePublished\":\"2017-07-17T15:30:14+00:00\",\"mainEntityOfPage\":{\"@id\":\"https:\/\/proyectum.com\/cl\/7-recomendaciones-para-hablar-en-publico\/\"},\"wordCount\":717,\"commentCount\":0,\"publisher\":{\"@id\":\"https:\/\/proyectum.com\/cl\/#organization\"},\"image\":{\"@id\":\"https:\/\/proyectum.com\/cl\/7-recomendaciones-para-hablar-en-publico\/#primaryimage\"},\"thumbnailUrl\":\"https:\/\/proyectum.com\/cl\/wp-content\/uploads\/2017\/07\/Recomendaciones-Hablar-en-Publico-1.jpg\",\"keywords\":[\"Administra tu tiempo\",\"arte de hablar en publico\",\"Cuida las muletillas\",\"Dedica un tiempo a practicar\",\"habilidad de hablar en p\u00fablico\",\"hablar en p\u00fablico\",\"improvisa hablar en publico\",\"muletillas\",\"Preparaci\u00f3n previa\"],\"articleSection\":[\"Comunicaci\u00f3n\",\"Recursos Humanos\"],\"inLanguage\":\"es\",\"potentialAction\":[{\"@type\":\"CommentAction\",\"name\":\"Comment\",\"target\":[\"https:\/\/proyectum.com\/cl\/7-recomendaciones-para-hablar-en-publico\/#respond\"]}]},{\"@type\":\"WebPage\",\"@id\":\"https:\/\/proyectum.com\/cl\/7-recomendaciones-para-hablar-en-publico\/\",\"url\":\"https:\/\/proyectum.com\/cl\/7-recomendaciones-para-hablar-en-publico\/\",\"name\":\"7 recomendaciones para Hablar en P\u00fablico - Proyectum Chile\",\"isPartOf\":{\"@id\":\"https:\/\/proyectum.com\/cl\/#website\"},\"primaryImageOfPage\":{\"@id\":\"https:\/\/proyectum.com\/cl\/7-recomendaciones-para-hablar-en-publico\/#primaryimage\"},\"image\":{\"@id\":\"https:\/\/proyectum.com\/cl\/7-recomendaciones-para-hablar-en-publico\/#primaryimage\"},\"thumbnailUrl\":\"https:\/\/proyectum.com\/cl\/wp-content\/uploads\/2017\/07\/Recomendaciones-Hablar-en-Publico-1.jpg\",\"datePublished\":\"2017-07-17T15:30:14+00:00\",\"breadcrumb\":{\"@id\":\"https:\/\/proyectum.com\/cl\/7-recomendaciones-para-hablar-en-publico\/#breadcrumb\"},\"inLanguage\":\"es\",\"potentialAction\":[{\"@type\":\"ReadAction\",\"target\":[\"https:\/\/proyectum.com\/cl\/7-recomendaciones-para-hablar-en-publico\/\"]}]},{\"@type\":\"ImageObject\",\"inLanguage\":\"es\",\"@id\":\"https:\/\/proyectum.com\/cl\/7-recomendaciones-para-hablar-en-publico\/#primaryimage\",\"url\":\"https:\/\/proyectum.com\/cl\/wp-content\/uploads\/2017\/07\/Recomendaciones-Hablar-en-Publico-1.jpg\",\"contentUrl\":\"https:\/\/proyectum.com\/cl\/wp-content\/uploads\/2017\/07\/Recomendaciones-Hablar-en-Publico-1.jpg\",\"width\":1140,\"height\":472,\"caption\":\"Recomendaciones Hablar en P\u00fablico\"},{\"@type\":\"BreadcrumbList\",\"@id\":\"https:\/\/proyectum.com\/cl\/7-recomendaciones-para-hablar-en-publico\/#breadcrumb\",\"itemListElement\":[{\"@type\":\"ListItem\",\"position\":1,\"name\":\"Home\",\"item\":\"https:\/\/proyectum.com\/cl\/\"},{\"@type\":\"ListItem\",\"position\":2,\"name\":\"7 recomendaciones para Hablar en P\u00fablico\"}]},{\"@type\":\"WebSite\",\"@id\":\"https:\/\/proyectum.com\/cl\/#website\",\"url\":\"https:\/\/proyectum.com\/cl\/\",\"name\":\"Proyectum Chile\",\"description\":\"Direcci\u00f3n de Proyectos y Metodolog\u00edas \u00c1giles\",\"publisher\":{\"@id\":\"https:\/\/proyectum.com\/cl\/#organization\"},\"potentialAction\":[{\"@type\":\"SearchAction\",\"target\":{\"@type\":\"EntryPoint\",\"urlTemplate\":\"https:\/\/proyectum.com\/cl\/?s={search_term_string}\"},\"query-input\":{\"@type\":\"PropertyValueSpecification\",\"valueRequired\":true,\"valueName\":\"search_term_string\"}}],\"inLanguage\":\"es\"},{\"@type\":\"Organization\",\"@id\":\"https:\/\/proyectum.com\/cl\/#organization\",\"name\":\"Proyectum Chile\",\"url\":\"https:\/\/proyectum.com\/cl\/\",\"logo\":{\"@type\":\"ImageObject\",\"inLanguage\":\"es\",\"@id\":\"https:\/\/proyectum.com\/cl\/#\/schema\/logo\/image\/\",\"url\":\"https:\/\/proyectum.com\/cl\/wp-content\/uploads\/2020\/04\/proyectum-logo-snippet.png\",\"contentUrl\":\"https:\/\/proyectum.com\/cl\/wp-content\/uploads\/2020\/04\/proyectum-logo-snippet.png\",\"width\":600,\"height\":315,\"caption\":\"Proyectum Chile\"},\"image\":{\"@id\":\"https:\/\/proyectum.com\/cl\/#\/schema\/logo\/image\/\"},\"sameAs\":[\"https:\/\/www.facebook.com\/proyectumchile\/\",\"https:\/\/www.linkedin.com\/company\/proyectum-cl\/\",\"https:\/\/www.instagram.com\/proyectumchile\/\",\"https:\/\/www.youtube.com\/@proyectum2283\/videos\"]},{\"@type\":\"Person\",\"@id\":\"https:\/\/proyectum.com\/cl\/#\/schema\/person\/7d5caa4386a11be650af177d3f2e5aee\",\"name\":\"Proyectum 2025\",\"image\":{\"@type\":\"ImageObject\",\"inLanguage\":\"es\",\"@id\":\"https:\/\/proyectum.com\/cl\/#\/schema\/person\/image\/\",\"url\":\"https:\/\/secure.gravatar.com\/avatar\/df82793fddd8f0a5a84fdb27d958bf73?s=96&d=mm&r=g\",\"contentUrl\":\"https:\/\/secure.gravatar.com\/avatar\/df82793fddd8f0a5a84fdb27d958bf73?s=96&d=mm&r=g\",\"caption\":\"Proyectum 2025\"}}]}<\/script>\n<!-- \/ Yoast SEO plugin. -->","yoast_head_json":{"title":"7 recomendaciones para Hablar en P\u00fablico - Proyectum Chile","robots":{"index":"index","follow":"follow","max-snippet":"max-snippet:-1","max-image-preview":"max-image-preview:large","max-video-preview":"max-video-preview:-1"},"canonical":"https:\/\/proyectum.com\/cl\/7-recomendaciones-para-hablar-en-publico\/","og_locale":"es_ES","og_type":"article","og_title":"7 recomendaciones para Hablar en P\u00fablico - Proyectum Chile","og_description":"A veces hablamos mucho y decimos poco, Para expresar m\u00e1s, conviene pensar m\u00e1s. Honor\u00e9 de Balzac Hace algunos meses publicamos aqu\u00ed en Proyectum, informaci\u00f3n que indicaba lo altamente valorado que es la habilidad de hablar en p\u00fablico en el mundo profesional y por supuesto tambi\u00e9n, en el \u00e1mbito personal. Hablar en p\u00fablico es una actividad [&hellip;]","og_url":"https:\/\/proyectum.com\/cl\/7-recomendaciones-para-hablar-en-publico\/","og_site_name":"Proyectum Chile","article_publisher":"https:\/\/www.facebook.com\/proyectumchile\/","article_published_time":"2017-07-17T15:30:14+00:00","og_image":[{"width":1140,"height":472,"url":"https:\/\/proyectum.com\/cl\/wp-content\/uploads\/2017\/07\/Recomendaciones-Hablar-en-Publico-1.jpg","type":"image\/jpeg"}],"author":"Proyectum 2025","twitter_card":"summary_large_image","twitter_misc":{"Escrito por":"Proyectum 2025","Tiempo de lectura":"4 minutos"},"schema":{"@context":"https:\/\/schema.org","@graph":[{"@type":"Article","@id":"https:\/\/proyectum.com\/cl\/7-recomendaciones-para-hablar-en-publico\/#article","isPartOf":{"@id":"https:\/\/proyectum.com\/cl\/7-recomendaciones-para-hablar-en-publico\/"},"author":{"name":"Proyectum 2025","@id":"https:\/\/proyectum.com\/cl\/#\/schema\/person\/7d5caa4386a11be650af177d3f2e5aee"},"headline":"7 recomendaciones para Hablar en P\u00fablico","datePublished":"2017-07-17T15:30:14+00:00","mainEntityOfPage":{"@id":"https:\/\/proyectum.com\/cl\/7-recomendaciones-para-hablar-en-publico\/"},"wordCount":717,"commentCount":0,"publisher":{"@id":"https:\/\/proyectum.com\/cl\/#organization"},"image":{"@id":"https:\/\/proyectum.com\/cl\/7-recomendaciones-para-hablar-en-publico\/#primaryimage"},"thumbnailUrl":"https:\/\/proyectum.com\/cl\/wp-content\/uploads\/2017\/07\/Recomendaciones-Hablar-en-Publico-1.jpg","keywords":["Administra tu tiempo","arte de hablar en publico","Cuida las muletillas","Dedica un tiempo a practicar","habilidad de hablar en p\u00fablico","hablar en p\u00fablico","improvisa hablar en publico","muletillas","Preparaci\u00f3n previa"],"articleSection":["Comunicaci\u00f3n","Recursos Humanos"],"inLanguage":"es","potentialAction":[{"@type":"CommentAction","name":"Comment","target":["https:\/\/proyectum.com\/cl\/7-recomendaciones-para-hablar-en-publico\/#respond"]}]},{"@type":"WebPage","@id":"https:\/\/proyectum.com\/cl\/7-recomendaciones-para-hablar-en-publico\/","url":"https:\/\/proyectum.com\/cl\/7-recomendaciones-para-hablar-en-publico\/","name":"7 recomendaciones para Hablar en P\u00fablico - Proyectum Chile","isPartOf":{"@id":"https:\/\/proyectum.com\/cl\/#website"},"primaryImageOfPage":{"@id":"https:\/\/proyectum.com\/cl\/7-recomendaciones-para-hablar-en-publico\/#primaryimage"},"image":{"@id":"https:\/\/proyectum.com\/cl\/7-recomendaciones-para-hablar-en-publico\/#primaryimage"},"thumbnailUrl":"https:\/\/proyectum.com\/cl\/wp-content\/uploads\/2017\/07\/Recomendaciones-Hablar-en-Publico-1.jpg","datePublished":"2017-07-17T15:30:14+00:00","breadcrumb":{"@id":"https:\/\/proyectum.com\/cl\/7-recomendaciones-para-hablar-en-publico\/#breadcrumb"},"inLanguage":"es","potentialAction":[{"@type":"ReadAction","target":["https:\/\/proyectum.com\/cl\/7-recomendaciones-para-hablar-en-publico\/"]}]},{"@type":"ImageObject","inLanguage":"es","@id":"https:\/\/proyectum.com\/cl\/7-recomendaciones-para-hablar-en-publico\/#primaryimage","url":"https:\/\/proyectum.com\/cl\/wp-content\/uploads\/2017\/07\/Recomendaciones-Hablar-en-Publico-1.jpg","contentUrl":"https:\/\/proyectum.com\/cl\/wp-content\/uploads\/2017\/07\/Recomendaciones-Hablar-en-Publico-1.jpg","width":1140,"height":472,"caption":"Recomendaciones Hablar en P\u00fablico"},{"@type":"BreadcrumbList","@id":"https:\/\/proyectum.com\/cl\/7-recomendaciones-para-hablar-en-publico\/#breadcrumb","itemListElement":[{"@type":"ListItem","position":1,"name":"Home","item":"https:\/\/proyectum.com\/cl\/"},{"@type":"ListItem","position":2,"name":"7 recomendaciones para Hablar en P\u00fablico"}]},{"@type":"WebSite","@id":"https:\/\/proyectum.com\/cl\/#website","url":"https:\/\/proyectum.com\/cl\/","name":"Proyectum Chile","description":"Direcci\u00f3n de Proyectos y Metodolog\u00edas \u00c1giles","publisher":{"@id":"https:\/\/proyectum.com\/cl\/#organization"},"potentialAction":[{"@type":"SearchAction","target":{"@type":"EntryPoint","urlTemplate":"https:\/\/proyectum.com\/cl\/?s={search_term_string}"},"query-input":{"@type":"PropertyValueSpecification","valueRequired":true,"valueName":"search_term_string"}}],"inLanguage":"es"},{"@type":"Organization","@id":"https:\/\/proyectum.com\/cl\/#organization","name":"Proyectum Chile","url":"https:\/\/proyectum.com\/cl\/","logo":{"@type":"ImageObject","inLanguage":"es","@id":"https:\/\/proyectum.com\/cl\/#\/schema\/logo\/image\/","url":"https:\/\/proyectum.com\/cl\/wp-content\/uploads\/2020\/04\/proyectum-logo-snippet.png","contentUrl":"https:\/\/proyectum.com\/cl\/wp-content\/uploads\/2020\/04\/proyectum-logo-snippet.png","width":600,"height":315,"caption":"Proyectum Chile"},"image":{"@id":"https:\/\/proyectum.com\/cl\/#\/schema\/logo\/image\/"},"sameAs":["https:\/\/www.facebook.com\/proyectumchile\/","https:\/\/www.linkedin.com\/company\/proyectum-cl\/","https:\/\/www.instagram.com\/proyectumchile\/","https:\/\/www.youtube.com\/@proyectum2283\/videos"]},{"@type":"Person","@id":"https:\/\/proyectum.com\/cl\/#\/schema\/person\/7d5caa4386a11be650af177d3f2e5aee","name":"Proyectum 2025","image":{"@type":"ImageObject","inLanguage":"es","@id":"https:\/\/proyectum.com\/cl\/#\/schema\/person\/image\/","url":"https:\/\/secure.gravatar.com\/avatar\/df82793fddd8f0a5a84fdb27d958bf73?s=96&d=mm&r=g","contentUrl":"https:\/\/secure.gravatar.com\/avatar\/df82793fddd8f0a5a84fdb27d958bf73?s=96&d=mm&r=g","caption":"Proyectum 2025"}}]}},"_links":{"self":[{"href":"https:\/\/proyectum.com\/cl\/wp-json\/wp\/v2\/posts\/3281","targetHints":{"allow":["GET"]}}],"collection":[{"href":"https:\/\/proyectum.com\/cl\/wp-json\/wp\/v2\/posts"}],"about":[{"href":"https:\/\/proyectum.com\/cl\/wp-json\/wp\/v2\/types\/post"}],"author":[{"embeddable":true,"href":"https:\/\/proyectum.com\/cl\/wp-json\/wp\/v2\/users\/26"}],"replies":[{"embeddable":true,"href":"https:\/\/proyectum.com\/cl\/wp-json\/wp\/v2\/comments?post=3281"}],"version-history":[{"count":0,"href":"https:\/\/proyectum.com\/cl\/wp-json\/wp\/v2\/posts\/3281\/revisions"}],"wp:featuredmedia":[{"embeddable":true,"href":"https:\/\/proyectum.com\/cl\/wp-json\/wp\/v2\/media\/10912"}],"wp:attachment":[{"href":"https:\/\/proyectum.com\/cl\/wp-json\/wp\/v2\/media?parent=3281"}],"wp:term":[{"taxonomy":"category","embeddable":true,"href":"https:\/\/proyectum.com\/cl\/wp-json\/wp\/v2\/categories?post=3281"},{"taxonomy":"post_tag","embeddable":true,"href":"https:\/\/proyectum.com\/cl\/wp-json\/wp\/v2\/tags?post=3281"}],"curies":[{"name":"wp","href":"https:\/\/api.w.org\/{rel}","templated":true}]}}