{"id":3410,"date":"2017-09-18T12:02:46","date_gmt":"2017-09-18T17:02:46","guid":{"rendered":"http:\/\/www.proyectum.lat\/?p=3410"},"modified":"2017-09-18T12:02:46","modified_gmt":"2017-09-18T17:02:46","slug":"te-consideras-un-mensch","status":"publish","type":"post","link":"https:\/\/proyectum.com\/cl\/te-consideras-un-mensch\/","title":{"rendered":"\u00bfTe consideras un Mensch?"},"content":{"rendered":"<blockquote><p>\u201c<em>La verdadera medida de un hombre est\u00e1 en la forma en que trata a alguien que no puede hacer absolutamente nada por \u00e9l<\/em>\u201d.- <strong>Samuel Johnson<\/strong>. Poeta, ensayista y bi\u00f3grafo ingl\u00e9s.<\/p><\/blockquote>\n<p>En estas \u00e9pocas en las que casi todo mundo est\u00e1 encerrado en s\u00ed mismo y no es necesariamente sensible a las necesidades de los dem\u00e1s, es importante hacer un alto en el camino y hacer un examen de conciencia. En el mundo hay gente que ha construido una reputaci\u00f3n por la ayuda que siempre est\u00e1 dispuesto a dar a sus semejantes. Seguramente pocas cosas en la vida son m\u00e1s reconfortantes que obtener el <strong>reconocimiento de la sociedad por haber logrado trascender<\/strong>, m\u00e1s por lo la contribuci\u00f3n para ayudar a dejar un mundo mejor, que por las posesiones que se van acumulando.<\/p>\n<p>Aunque esto puede sonar muy simple, en realidad implica un gran car\u00e1cter, una f\u00e9rrea disciplina, tener altos valores y mucho temple para saber manejar los distintos desaf\u00edos que nos pone la vida todos los d\u00edas y ah\u00ed, en esos momentos, probar nuestra calidad humana.<\/p>\n<p>No hay que pasar por alto que cada persona, empresa u organizaci\u00f3n existe en el contexto de una colectividad, por lo que obtener un beneficio a costa de da\u00f1ar a la sociedad en la que nos desenvolvemos, no solo es una tonter\u00eda, sino que es absurdo.<\/p>\n<p>Por otra parte, todo el mundo habla de que la sociedad mundial necesita un cambio. Esto es verdad en diversos aspectos. Particularmente en la sociedad mexicana necesitamos cambiar, entre otras cosas: nuestros h\u00e1bitos alimenticios, nuestro sistema de seguridad, nuestro sistema de salud, nuestro profundo ego\u00edsmo, nuestra mentalidad corto-placista, nuestra involucraci\u00f3n en los aspectos c\u00edvicos y de gobierno, la forma en c\u00f3mo nos relacionamos con la naturaleza, nuestro sistema educativo, nuestra mentalidad quejosa y atenida al gobierno y a una clase pol\u00edtica en su mayor\u00eda incapaz y por dem\u00e1s ego\u00edsta y corrupta. Cambiar hacia una visi\u00f3n individual de influir en nuestro entorno inmediato. Lo que llama <strong>Stephen Covey<\/strong> en su famoso libro: Los 7 H\u00e1bitos de la Gente Altamente Efectiva, nuestro \u201c<strong>c\u00edrculo de influencia<\/strong>.\u201d<\/p>\n<p>En el \u00e1mbito de negocios, para crear una organizaci\u00f3n realmente grandiosa, con buenos resultados perdurables, es necesario establecer los m\u00e1s altos est\u00e1ndares morales y \u00e9ticos para los empleados y desde mi punto de vista, el establecernos como un <strong>rol modelo<\/strong>, ayuda profundamente para <strong>influir en las personas que nos rodean<\/strong>. En M\u00e9xico tenemos excelentes ejemplos de empresas que han logrado lo anterior, uno de ellos y quiz\u00e1s el m\u00e1s inspirador es el de <strong>Grupo Bimbo<\/strong>, tal como lo describe Silvia Scherem en su magn\u00edfico libro: Al Grano. Scherem tard\u00f3 alrededor de 10 a\u00f1os en escribir el libro en donde recoge la historia del grupo en la voz de sus fundadores. Particularmente la de Don <strong>Lorenzo Servitje<\/strong> que en paz descanse, quiz\u00e1s uno de los hombres m\u00e1s admirables de los que pueda dar cuenta el M\u00e9xico de nuestros d\u00edas.<\/p>\n<p>Pero esta reflexi\u00f3n no me ha llegado por inspiraci\u00f3n divina, he tenido la fortuna y el agrado de encontrar y de leer el libro \u201cThe Art of the Start\u201d de <strong>Guy Kawasaky<\/strong>. Adem\u00e1s de haber hecho un excelente libro, en \u00e9l, Guy nos comparte su visi\u00f3n para lograr ser lo que \u00e9l llama <strong>el arte de ser un Mensch<\/strong> (seg\u00fan explica, es el t\u00e9rmino que en Yiddish se refiere a una persona que es <strong>\u00c9tica<\/strong>, <strong>Decente<\/strong> y <strong>Admirable<\/strong>). Kawasaky dice que <strong>para ser un Mensch es necesario<\/strong>:<\/p>\n<p>\u2022 <strong>Ayudar a mucha gente<\/strong>.<br \/>\n\u2022 <strong>Hacer lo correcto<\/strong>.<br \/>\n\u2022 <strong>Devolver algo a la sociedad<\/strong>.<\/p>\n<p><strong>Ayudar a mucha gente<\/strong><\/p>\n<p><strong>Anthony Robbins<\/strong> comenta en su libro Despertando al Gigante Interior, como tuvo la idea de crear una fundaci\u00f3n que busca ayudar a mucha gente. En su libro narra, si la memoria no me falla, como en su infancia, al estar su familia en gran necesidad, no ten\u00edan para cenar decentemente el d\u00eda de acci\u00f3n de gracias. Cuenta como ese d\u00eda lleg\u00f3 una persona a ofrecer a su familia un pavo para que pudieran cenar y compartir en esa fecha tan importante para nuestros vecinos del norte. Al preguntarle a esta persona por qu\u00e9 lo hac\u00eda, la respuesta que oyeron y que los sorprendi\u00f3 fue: \u201cSolo por ayudar\u201d. Dado que este pasaje de su vida lo marc\u00f3 profundamente, el Sr. Robbins decidi\u00f3 crear una fundaci\u00f3n que ayudara a alimentar a tantas familias como fuera posible en el d\u00eda de gracias. Seguramente muchas familias de escasos recursos se benefician a\u00f1o con a\u00f1o gracias al programa de Anthony Robbins.<\/p>\n<p>Yo creo que la gente es buena por naturaleza, estoy seguro de que en M\u00e9xico hay mucha gente que est\u00e1 dispuesta a ayudar, de hecho, en alguna conferencia escuche que en M\u00e9xico el 70% de la gente realiza trabajo voluntario. Sin embargo, solo el 20% lo hace de manera organizada. Esta situaci\u00f3n, aunque suma, no multiplica. Necesitamos organizarnos como sociedad para generar un efecto multiplicador que permita producir este cambio.<\/p>\n<p><strong>Hacer lo correcto<\/strong><\/p>\n<p>Esto se refiere a tomar las decisiones apropiadas en situaciones l\u00edmite. Cuando se nos presentan situaciones que podr\u00edan ser tentadoras o en las que tenemos alternativas buenas y no tan buenas. Veamos tres ejemplos de hacer lo correcto:<br \/>\n\u2022 Vas a la tienda a comprar cualquier cosa. Al pagar te das cuenta de que el cajero te devolvi\u00f3 mal el cambio. En lugar de darte cambio de un billete de 100 pesos (con el que le pagaste), te dio cambio de un billete de 500 pesos. Ciertamente a nadie le cae mal un dinerito extra y m\u00e1s si este fue recibido sin esfuerzo. Hacer lo correcto implica hacer notar el error y solicitar el cambio correcto, devolviendo el dinero que nos fue entregado err\u00f3neamente.<\/p>\n<p>\u2022 En el \u00e1mbito de negocios, digamos que haces un acuerdo con una empresa para mercadear un producto por un cierto periodo de tiempo a cambio de un porcentaje de las ventas incrementales. Las ventas incrementales llegan despu\u00e9s de que el convenio citado ha expirado. T\u00fa haces lo correcto y le pagas el porcentaje acordado a tu proveedor de marketing. Aun estando fuera del periodo convenido.<\/p>\n<p>\u2022 Digamos que te encanta participar en un club, pero tu pasi\u00f3n por participar y hacer avanzar al club est\u00e1 lastimando a otras personas que tambi\u00e9n tienen muchas ganas y entusiasmo. Te das cuenta de que tu forma de participar en ese club est\u00e1 da\u00f1ando y comprometiendo su futuro. Aunque te duele, decides hacerte a un lado y contribuir de otra forma. Lo importante es el \u00e9xito de ese club a largo plazo y lo est\u00e1s poniendo en riesgo, lo correcto, entonces, es hacerte a un lado.<\/p>\n<p><strong>Retribuir a la sociedad<\/strong><\/p>\n<p>De acuerdo con <strong>Kawasaky<\/strong>, un hombre o mujer quieren retribuir a la sociedad para agradecer por:<\/p>\n<p>\u2022 Amigos y familia.<br \/>\n\u2022 Satisfacci\u00f3n espiritual.<br \/>\n\u2022 Buena salud.<br \/>\n\u2022 \u00c9xito econ\u00f3mico.<br \/>\n\u2022 Estar vivos.<\/p>\n<p>A manera de agradecimiento, existen muchas formas de retribuir a la sociedad, la m\u00e1s f\u00e1cil, com\u00fan y parad\u00f3jicamente la menos valiosa es dar dinero. Pero tambi\u00e9n podemos ofrecer tiempo, instalaciones, conocimiento, inteligencia y creatividad.<\/p>\n<p>Recientemente tuve la fortuna de ver un video que es realmente inspirador. En el video <strong>Bill Strickland<\/strong> comparte el sue\u00f1o en el que ha invertido pr\u00e1cticamente toda su vida y energ\u00eda. Es un sue\u00f1o poderoso, en el que demuestra que, con una visi\u00f3n clara y el deseo de hacer y retribuir, se pueden lograr grandes cosas. Pero ser\u00eda muy ego\u00edsta de mi parte no compartirlo, as\u00ed que a continuaci\u00f3n lo comparto. El video de Bill data de 2002, pero me parece que es de esas historias que permanecer\u00e1 vigente, pues destacan la verdadera esencia del ser humano. Espero que sea tan inspirador y lo disfrutes tanto como yo lo puedes ver a continuaci\u00f3n:<\/p>\n<p><iframe src=\"https:\/\/embed.ted.com\/talks\/lang\/es\/bill_strickland_makes_change_with_a_slide_show\" width=\"854px\" height=\"480px\" frameborder=\"0\" scrolling=\"no\" allowfullscreen=\"allowfullscreen\"><\/iframe><\/p>\n<p>Finalmente, desde hace ya un tiempo, he tratado, a t\u00edtulo personal de actuar siempre como un <strong>Mensh<\/strong>, hacerlo no es dif\u00edcil si tienes en mente los tres puntos que recomienda Kawasaky. Por ello, te invito a que <strong>formemos una comunidad de Menshs<\/strong> o para apropiarnos del t\u00e9rmino, una comunidad de <strong>Menshicanos<\/strong>. \u00bfQu\u00e9 te parece la idea, te sumas?<\/p>\n<p>Por: <strong>Jorge Vald\u00e9s Garciatorres<\/strong>, PMP.<\/p>\n","protected":false},"excerpt":{"rendered":"<p>\u201cLa verdadera medida de un hombre est\u00e1 en la forma en que trata a alguien que no puede hacer absolutamente nada por \u00e9l\u201d.- Samuel Johnson. Poeta, ensayista y bi\u00f3grafo ingl\u00e9s. En estas \u00e9pocas en las que casi todo mundo est\u00e1 encerrado en s\u00ed mismo y no es necesariamente sensible a las necesidades de los dem\u00e1s, [&hellip;]<\/p>\n","protected":false},"author":26,"featured_media":10921,"comment_status":"open","ping_status":"open","sticky":false,"template":"","format":"standard","meta":{"_acf_changed":false,"footnotes":""},"categories":[232],"tags":[725,726,727,728,729,730,731,732,733,734,735,736,737,738,739,740,741,742,743,744,745,746,747,748,749],"class_list":["post-3410","post","type-post","status-publish","format-standard","has-post-thumbnail","hentry","category-reflexiones","tag-admirable","tag-anthony-robbins","tag-ayudar-a-mucha-gente","tag-circulo-de-influencia","tag-decente","tag-devolver-algo-a-la-sociedad","tag-don-lorenzo-sertvije","tag-el-arte-de-ser-un-mensch","tag-etica","tag-formemos-una-comunidad-de-menshs","tag-grupo-bimbo","tag-guy-kawasaky","tag-hacer-lo-correcto","tag-influir-en-las-personas-que-nos-rodean","tag-libro-al-grano","tag-lorenzo-servitje","tag-mensch","tag-mensh","tag-meshicanos","tag-para-ser-un-mensch-es-necesario","tag-reconocimiento-de-la-sociedad-por-haber-logrado-trascender","tag-rol-modelo","tag-samuel-johnson","tag-stephen-covey","tag-the-art-of-the-start"],"acf":[],"yoast_head":"<!-- This site is optimized with the Yoast SEO plugin v24.4 - https:\/\/yoast.com\/wordpress\/plugins\/seo\/ -->\n<title>\u00bfTe consideras un Mensch? - Proyectum Chile<\/title>\n<meta name=\"robots\" content=\"index, follow, max-snippet:-1, max-image-preview:large, max-video-preview:-1\" \/>\n<link rel=\"canonical\" href=\"https:\/\/proyectum.com\/cl\/te-consideras-un-mensch\/\" \/>\n<meta property=\"og:locale\" content=\"es_ES\" \/>\n<meta property=\"og:type\" content=\"article\" \/>\n<meta property=\"og:title\" content=\"\u00bfTe consideras un Mensch? - Proyectum Chile\" \/>\n<meta property=\"og:description\" content=\"\u201cLa verdadera medida de un hombre est\u00e1 en la forma en que trata a alguien que no puede hacer absolutamente nada por \u00e9l\u201d.- Samuel Johnson. Poeta, ensayista y bi\u00f3grafo ingl\u00e9s. En estas \u00e9pocas en las que casi todo mundo est\u00e1 encerrado en s\u00ed mismo y no es necesariamente sensible a las necesidades de los dem\u00e1s, [&hellip;]\" \/>\n<meta property=\"og:url\" content=\"https:\/\/proyectum.com\/cl\/te-consideras-un-mensch\/\" \/>\n<meta property=\"og:site_name\" content=\"Proyectum Chile\" \/>\n<meta property=\"article:publisher\" content=\"https:\/\/www.facebook.com\/proyectumchile\/\" \/>\n<meta property=\"article:published_time\" content=\"2017-09-18T17:02:46+00:00\" \/>\n<meta property=\"og:image\" content=\"https:\/\/proyectum.com\/cl\/wp-content\/uploads\/2017\/09\/Mensch-1.jpg\" \/>\n\t<meta property=\"og:image:width\" content=\"1245\" \/>\n\t<meta property=\"og:image:height\" content=\"703\" \/>\n\t<meta property=\"og:image:type\" content=\"image\/jpeg\" \/>\n<meta name=\"author\" content=\"Proyectum 2025\" \/>\n<meta name=\"twitter:card\" content=\"summary_large_image\" \/>\n<meta name=\"twitter:label1\" content=\"Escrito por\" \/>\n\t<meta name=\"twitter:data1\" content=\"Proyectum 2025\" \/>\n\t<meta name=\"twitter:label2\" content=\"Tiempo de lectura\" \/>\n\t<meta name=\"twitter:data2\" content=\"7 minutos\" \/>\n<script type=\"application\/ld+json\" class=\"yoast-schema-graph\">{\"@context\":\"https:\/\/schema.org\",\"@graph\":[{\"@type\":\"Article\",\"@id\":\"https:\/\/proyectum.com\/cl\/te-consideras-un-mensch\/#article\",\"isPartOf\":{\"@id\":\"https:\/\/proyectum.com\/cl\/te-consideras-un-mensch\/\"},\"author\":{\"name\":\"Proyectum 2025\",\"@id\":\"https:\/\/proyectum.com\/cl\/#\/schema\/person\/7d5caa4386a11be650af177d3f2e5aee\"},\"headline\":\"\u00bfTe consideras un Mensch?\",\"datePublished\":\"2017-09-18T17:02:46+00:00\",\"mainEntityOfPage\":{\"@id\":\"https:\/\/proyectum.com\/cl\/te-consideras-un-mensch\/\"},\"wordCount\":1413,\"commentCount\":2,\"publisher\":{\"@id\":\"https:\/\/proyectum.com\/cl\/#organization\"},\"image\":{\"@id\":\"https:\/\/proyectum.com\/cl\/te-consideras-un-mensch\/#primaryimage\"},\"thumbnailUrl\":\"https:\/\/proyectum.com\/cl\/wp-content\/uploads\/2017\/09\/Mensch-1.jpg\",\"keywords\":[\"Admirable\",\"Anthony Robbins\",\"Ayudar a mucha gente\",\"c\u00edrculo de influencia\",\"Decente\",\"Devolver algo a la sociedad\",\"Don Lorenzo Sertvije\",\"el arte de ser un Mensch\",\"\u00c9tica\",\"formemos una comunidad de Menshs\",\"Grupo Bimbo\",\"Guy Kawasaky\",\"Hacer lo correcto\",\"influir en las personas que nos rodean\",\"libro: Al Grano\",\"Lorenzo Servitje\",\"Mensch\",\"Mensh\",\"Meshicanos\",\"para ser un Mensch es necesario\",\"reconocimiento de la sociedad por haber logrado trascender\",\"rol modelo\",\"Samuel Johnson\",\"Stephen Covey\",\"The Art of the Start\"],\"articleSection\":[\"Reflexiones\"],\"inLanguage\":\"es\",\"potentialAction\":[{\"@type\":\"CommentAction\",\"name\":\"Comment\",\"target\":[\"https:\/\/proyectum.com\/cl\/te-consideras-un-mensch\/#respond\"]}]},{\"@type\":\"WebPage\",\"@id\":\"https:\/\/proyectum.com\/cl\/te-consideras-un-mensch\/\",\"url\":\"https:\/\/proyectum.com\/cl\/te-consideras-un-mensch\/\",\"name\":\"\u00bfTe consideras un Mensch? - Proyectum Chile\",\"isPartOf\":{\"@id\":\"https:\/\/proyectum.com\/cl\/#website\"},\"primaryImageOfPage\":{\"@id\":\"https:\/\/proyectum.com\/cl\/te-consideras-un-mensch\/#primaryimage\"},\"image\":{\"@id\":\"https:\/\/proyectum.com\/cl\/te-consideras-un-mensch\/#primaryimage\"},\"thumbnailUrl\":\"https:\/\/proyectum.com\/cl\/wp-content\/uploads\/2017\/09\/Mensch-1.jpg\",\"datePublished\":\"2017-09-18T17:02:46+00:00\",\"breadcrumb\":{\"@id\":\"https:\/\/proyectum.com\/cl\/te-consideras-un-mensch\/#breadcrumb\"},\"inLanguage\":\"es\",\"potentialAction\":[{\"@type\":\"ReadAction\",\"target\":[\"https:\/\/proyectum.com\/cl\/te-consideras-un-mensch\/\"]}]},{\"@type\":\"ImageObject\",\"inLanguage\":\"es\",\"@id\":\"https:\/\/proyectum.com\/cl\/te-consideras-un-mensch\/#primaryimage\",\"url\":\"https:\/\/proyectum.com\/cl\/wp-content\/uploads\/2017\/09\/Mensch-1.jpg\",\"contentUrl\":\"https:\/\/proyectum.com\/cl\/wp-content\/uploads\/2017\/09\/Mensch-1.jpg\",\"width\":1245,\"height\":703,\"caption\":\"Mensch\"},{\"@type\":\"BreadcrumbList\",\"@id\":\"https:\/\/proyectum.com\/cl\/te-consideras-un-mensch\/#breadcrumb\",\"itemListElement\":[{\"@type\":\"ListItem\",\"position\":1,\"name\":\"Home\",\"item\":\"https:\/\/proyectum.com\/cl\/\"},{\"@type\":\"ListItem\",\"position\":2,\"name\":\"\u00bfTe consideras un Mensch?\"}]},{\"@type\":\"WebSite\",\"@id\":\"https:\/\/proyectum.com\/cl\/#website\",\"url\":\"https:\/\/proyectum.com\/cl\/\",\"name\":\"Proyectum Chile\",\"description\":\"Direcci\u00f3n de Proyectos y Metodolog\u00edas \u00c1giles\",\"publisher\":{\"@id\":\"https:\/\/proyectum.com\/cl\/#organization\"},\"potentialAction\":[{\"@type\":\"SearchAction\",\"target\":{\"@type\":\"EntryPoint\",\"urlTemplate\":\"https:\/\/proyectum.com\/cl\/?s={search_term_string}\"},\"query-input\":{\"@type\":\"PropertyValueSpecification\",\"valueRequired\":true,\"valueName\":\"search_term_string\"}}],\"inLanguage\":\"es\"},{\"@type\":\"Organization\",\"@id\":\"https:\/\/proyectum.com\/cl\/#organization\",\"name\":\"Proyectum Chile\",\"url\":\"https:\/\/proyectum.com\/cl\/\",\"logo\":{\"@type\":\"ImageObject\",\"inLanguage\":\"es\",\"@id\":\"https:\/\/proyectum.com\/cl\/#\/schema\/logo\/image\/\",\"url\":\"https:\/\/proyectum.com\/cl\/wp-content\/uploads\/2020\/04\/proyectum-logo-snippet.png\",\"contentUrl\":\"https:\/\/proyectum.com\/cl\/wp-content\/uploads\/2020\/04\/proyectum-logo-snippet.png\",\"width\":600,\"height\":315,\"caption\":\"Proyectum Chile\"},\"image\":{\"@id\":\"https:\/\/proyectum.com\/cl\/#\/schema\/logo\/image\/\"},\"sameAs\":[\"https:\/\/www.facebook.com\/proyectumchile\/\",\"https:\/\/www.linkedin.com\/company\/proyectum-cl\/\",\"https:\/\/www.instagram.com\/proyectumchile\/\",\"https:\/\/www.youtube.com\/@proyectum2283\/videos\"]},{\"@type\":\"Person\",\"@id\":\"https:\/\/proyectum.com\/cl\/#\/schema\/person\/7d5caa4386a11be650af177d3f2e5aee\",\"name\":\"Proyectum 2025\",\"image\":{\"@type\":\"ImageObject\",\"inLanguage\":\"es\",\"@id\":\"https:\/\/proyectum.com\/cl\/#\/schema\/person\/image\/\",\"url\":\"https:\/\/secure.gravatar.com\/avatar\/df82793fddd8f0a5a84fdb27d958bf73?s=96&d=mm&r=g\",\"contentUrl\":\"https:\/\/secure.gravatar.com\/avatar\/df82793fddd8f0a5a84fdb27d958bf73?s=96&d=mm&r=g\",\"caption\":\"Proyectum 2025\"}}]}<\/script>\n<!-- \/ Yoast SEO plugin. -->","yoast_head_json":{"title":"\u00bfTe consideras un Mensch? - Proyectum Chile","robots":{"index":"index","follow":"follow","max-snippet":"max-snippet:-1","max-image-preview":"max-image-preview:large","max-video-preview":"max-video-preview:-1"},"canonical":"https:\/\/proyectum.com\/cl\/te-consideras-un-mensch\/","og_locale":"es_ES","og_type":"article","og_title":"\u00bfTe consideras un Mensch? - Proyectum Chile","og_description":"\u201cLa verdadera medida de un hombre est\u00e1 en la forma en que trata a alguien que no puede hacer absolutamente nada por \u00e9l\u201d.- Samuel Johnson. Poeta, ensayista y bi\u00f3grafo ingl\u00e9s. En estas \u00e9pocas en las que casi todo mundo est\u00e1 encerrado en s\u00ed mismo y no es necesariamente sensible a las necesidades de los dem\u00e1s, [&hellip;]","og_url":"https:\/\/proyectum.com\/cl\/te-consideras-un-mensch\/","og_site_name":"Proyectum Chile","article_publisher":"https:\/\/www.facebook.com\/proyectumchile\/","article_published_time":"2017-09-18T17:02:46+00:00","og_image":[{"width":1245,"height":703,"url":"https:\/\/proyectum.com\/cl\/wp-content\/uploads\/2017\/09\/Mensch-1.jpg","type":"image\/jpeg"}],"author":"Proyectum 2025","twitter_card":"summary_large_image","twitter_misc":{"Escrito por":"Proyectum 2025","Tiempo de lectura":"7 minutos"},"schema":{"@context":"https:\/\/schema.org","@graph":[{"@type":"Article","@id":"https:\/\/proyectum.com\/cl\/te-consideras-un-mensch\/#article","isPartOf":{"@id":"https:\/\/proyectum.com\/cl\/te-consideras-un-mensch\/"},"author":{"name":"Proyectum 2025","@id":"https:\/\/proyectum.com\/cl\/#\/schema\/person\/7d5caa4386a11be650af177d3f2e5aee"},"headline":"\u00bfTe consideras un Mensch?","datePublished":"2017-09-18T17:02:46+00:00","mainEntityOfPage":{"@id":"https:\/\/proyectum.com\/cl\/te-consideras-un-mensch\/"},"wordCount":1413,"commentCount":2,"publisher":{"@id":"https:\/\/proyectum.com\/cl\/#organization"},"image":{"@id":"https:\/\/proyectum.com\/cl\/te-consideras-un-mensch\/#primaryimage"},"thumbnailUrl":"https:\/\/proyectum.com\/cl\/wp-content\/uploads\/2017\/09\/Mensch-1.jpg","keywords":["Admirable","Anthony Robbins","Ayudar a mucha gente","c\u00edrculo de influencia","Decente","Devolver algo a la sociedad","Don Lorenzo Sertvije","el arte de ser un Mensch","\u00c9tica","formemos una comunidad de Menshs","Grupo Bimbo","Guy Kawasaky","Hacer lo correcto","influir en las personas que nos rodean","libro: Al Grano","Lorenzo Servitje","Mensch","Mensh","Meshicanos","para ser un Mensch es necesario","reconocimiento de la sociedad por haber logrado trascender","rol modelo","Samuel Johnson","Stephen Covey","The Art of the Start"],"articleSection":["Reflexiones"],"inLanguage":"es","potentialAction":[{"@type":"CommentAction","name":"Comment","target":["https:\/\/proyectum.com\/cl\/te-consideras-un-mensch\/#respond"]}]},{"@type":"WebPage","@id":"https:\/\/proyectum.com\/cl\/te-consideras-un-mensch\/","url":"https:\/\/proyectum.com\/cl\/te-consideras-un-mensch\/","name":"\u00bfTe consideras un Mensch? - Proyectum Chile","isPartOf":{"@id":"https:\/\/proyectum.com\/cl\/#website"},"primaryImageOfPage":{"@id":"https:\/\/proyectum.com\/cl\/te-consideras-un-mensch\/#primaryimage"},"image":{"@id":"https:\/\/proyectum.com\/cl\/te-consideras-un-mensch\/#primaryimage"},"thumbnailUrl":"https:\/\/proyectum.com\/cl\/wp-content\/uploads\/2017\/09\/Mensch-1.jpg","datePublished":"2017-09-18T17:02:46+00:00","breadcrumb":{"@id":"https:\/\/proyectum.com\/cl\/te-consideras-un-mensch\/#breadcrumb"},"inLanguage":"es","potentialAction":[{"@type":"ReadAction","target":["https:\/\/proyectum.com\/cl\/te-consideras-un-mensch\/"]}]},{"@type":"ImageObject","inLanguage":"es","@id":"https:\/\/proyectum.com\/cl\/te-consideras-un-mensch\/#primaryimage","url":"https:\/\/proyectum.com\/cl\/wp-content\/uploads\/2017\/09\/Mensch-1.jpg","contentUrl":"https:\/\/proyectum.com\/cl\/wp-content\/uploads\/2017\/09\/Mensch-1.jpg","width":1245,"height":703,"caption":"Mensch"},{"@type":"BreadcrumbList","@id":"https:\/\/proyectum.com\/cl\/te-consideras-un-mensch\/#breadcrumb","itemListElement":[{"@type":"ListItem","position":1,"name":"Home","item":"https:\/\/proyectum.com\/cl\/"},{"@type":"ListItem","position":2,"name":"\u00bfTe consideras un Mensch?"}]},{"@type":"WebSite","@id":"https:\/\/proyectum.com\/cl\/#website","url":"https:\/\/proyectum.com\/cl\/","name":"Proyectum Chile","description":"Direcci\u00f3n de Proyectos y Metodolog\u00edas \u00c1giles","publisher":{"@id":"https:\/\/proyectum.com\/cl\/#organization"},"potentialAction":[{"@type":"SearchAction","target":{"@type":"EntryPoint","urlTemplate":"https:\/\/proyectum.com\/cl\/?s={search_term_string}"},"query-input":{"@type":"PropertyValueSpecification","valueRequired":true,"valueName":"search_term_string"}}],"inLanguage":"es"},{"@type":"Organization","@id":"https:\/\/proyectum.com\/cl\/#organization","name":"Proyectum Chile","url":"https:\/\/proyectum.com\/cl\/","logo":{"@type":"ImageObject","inLanguage":"es","@id":"https:\/\/proyectum.com\/cl\/#\/schema\/logo\/image\/","url":"https:\/\/proyectum.com\/cl\/wp-content\/uploads\/2020\/04\/proyectum-logo-snippet.png","contentUrl":"https:\/\/proyectum.com\/cl\/wp-content\/uploads\/2020\/04\/proyectum-logo-snippet.png","width":600,"height":315,"caption":"Proyectum Chile"},"image":{"@id":"https:\/\/proyectum.com\/cl\/#\/schema\/logo\/image\/"},"sameAs":["https:\/\/www.facebook.com\/proyectumchile\/","https:\/\/www.linkedin.com\/company\/proyectum-cl\/","https:\/\/www.instagram.com\/proyectumchile\/","https:\/\/www.youtube.com\/@proyectum2283\/videos"]},{"@type":"Person","@id":"https:\/\/proyectum.com\/cl\/#\/schema\/person\/7d5caa4386a11be650af177d3f2e5aee","name":"Proyectum 2025","image":{"@type":"ImageObject","inLanguage":"es","@id":"https:\/\/proyectum.com\/cl\/#\/schema\/person\/image\/","url":"https:\/\/secure.gravatar.com\/avatar\/df82793fddd8f0a5a84fdb27d958bf73?s=96&d=mm&r=g","contentUrl":"https:\/\/secure.gravatar.com\/avatar\/df82793fddd8f0a5a84fdb27d958bf73?s=96&d=mm&r=g","caption":"Proyectum 2025"}}]}},"_links":{"self":[{"href":"https:\/\/proyectum.com\/cl\/wp-json\/wp\/v2\/posts\/3410","targetHints":{"allow":["GET"]}}],"collection":[{"href":"https:\/\/proyectum.com\/cl\/wp-json\/wp\/v2\/posts"}],"about":[{"href":"https:\/\/proyectum.com\/cl\/wp-json\/wp\/v2\/types\/post"}],"author":[{"embeddable":true,"href":"https:\/\/proyectum.com\/cl\/wp-json\/wp\/v2\/users\/26"}],"replies":[{"embeddable":true,"href":"https:\/\/proyectum.com\/cl\/wp-json\/wp\/v2\/comments?post=3410"}],"version-history":[{"count":0,"href":"https:\/\/proyectum.com\/cl\/wp-json\/wp\/v2\/posts\/3410\/revisions"}],"wp:featuredmedia":[{"embeddable":true,"href":"https:\/\/proyectum.com\/cl\/wp-json\/wp\/v2\/media\/10921"}],"wp:attachment":[{"href":"https:\/\/proyectum.com\/cl\/wp-json\/wp\/v2\/media?parent=3410"}],"wp:term":[{"taxonomy":"category","embeddable":true,"href":"https:\/\/proyectum.com\/cl\/wp-json\/wp\/v2\/categories?post=3410"},{"taxonomy":"post_tag","embeddable":true,"href":"https:\/\/proyectum.com\/cl\/wp-json\/wp\/v2\/tags?post=3410"}],"curies":[{"name":"wp","href":"https:\/\/api.w.org\/{rel}","templated":true}]}}