{"id":3426,"date":"2017-09-26T00:31:33","date_gmt":"2017-09-26T05:31:33","guid":{"rendered":"http:\/\/www.proyectum.lat\/?p=3426"},"modified":"2017-09-26T00:31:33","modified_gmt":"2017-09-26T05:31:33","slug":"las-cosas-estan-mal-ahora-pero-estaran-bien-con-el-tiempo","status":"publish","type":"post","link":"https:\/\/proyectum.com\/cl\/las-cosas-estan-mal-ahora-pero-estaran-bien-con-el-tiempo\/","title":{"rendered":"Las cosas est\u00e1n mal ahora, pero estar\u00e1n bien con el tiempo"},"content":{"rendered":"<p>M\u00e9xico est\u00e1 atravesando por uno de los momentos m\u00e1s dif\u00edciles de su historia. Aunque en su gran mayor\u00eda, la poblaci\u00f3n mexicana no  ha bajado los brazos, el \u00e1nimo de la gente ha recibido un duro golpe.<\/p>\n<p>Considero que una de las principales caracter\u00edsticas que ven las personas de otros pa\u00edses en la <strong>poblaci\u00f3n mexicana<\/strong>, es la alegr\u00eda. Hoy, esta alegr\u00eda la hemos dejado de lado, estos \u00e1nimos de celebraci\u00f3n los hemos tenido que poner en pausa para estar en sinton\u00eda con la situaci\u00f3n que est\u00e1n viviendo cientos o miles de personas, las cuales, perdieron sus hogares y lamentablemente muchos, tambi\u00e9n perdieron a sus seres queridos.<\/p>\n<p>Para estas personas, me es imposible escribir las palabras correctas. Me gustar\u00eda decir que la perseverancia en circunstancias dif\u00edciles es el \u00fanico camino para seguir adelante, pero\u2026 \u00bfqu\u00e9 s\u00e9 yo? La vida nunca me ha puesto en una situaci\u00f3n as\u00ed. Solo pido, como seguramente lo har\u00e1n muchas personas dentro y fuera de M\u00e9xico, que este mal momento lo puedan superar de la mejor manera.<\/p>\n<p>Por otro lado, estamos aquellos que, adem\u00e1s de sentirnos afortunados porque no nos alcanz\u00f3 la desgracia, tenemos el compromiso y las ganas de <strong>ayudar a aquellos que nos necesitan<\/strong>. Las muestras de solidaridad se han hecho presentes desde los primeros momentos y seguramente a muchas personas, como a m\u00ed me ha sucedido en m\u00e1s de una ocasi\u00f3n, se les ha enchinado la piel y se siente un nudo en la garganta al ver las im\u00e1genes de las personas apoyando, ya sea en los rescates, en los albergues o llevando v\u00edveres. Si algo bueno se puede destacar de tan tr\u00e1gica situaci\u00f3n es la uni\u00f3n entre gran parte de los mexicanos.<\/p>\n<p>El apoyo no solo est\u00e1 llegando de los propios mexicanos, otras naciones tambi\u00e9n han extendido su mano para ayudarnos y eso tambi\u00e9n llena el coraz\u00f3n y solo podemos decir gracias.<\/p>\n<p>Quienes sean lectores frecuentes de este blog, se dar\u00e1n cuenta que este art\u00edculo es completamente diferente a los que normalmente publicamos. Pero en este momento donde cualquier apoyo aporta un granito de arena, queremos aprovechar este medio, que sabemos tiene lectores en diferentes pa\u00edses, para pedir su apoyo.<\/p>\n<p>Si bien es cierto que en estos primeros d\u00edas hemos recibido ayuda internacional y muchos nos hemos volcado  a apoyar con lo que podemos, la realidad es que lo sucedido con el <strong>sismo del pasado 19 de septiembre<\/strong> ha causado graves da\u00f1os que van a requerir de un largo tiempo de reconstrucci\u00f3n.<\/p>\n<p>Por tal motivo, en esta ocasi\u00f3n te pedimos que apoyes a la causa, hay distintas asociaciones y medios a trav\u00e9s del cual puedes hacer llegar tu ayuda. Aqu\u00ed te dejamos algunas opciones, pero insisto, hay una gran variedad de opciones para poder apoyar.<\/p>\n<p><a href=\"https:\/\/cruzrojadonaciones.org\/index.php\" rel=\"noopener noreferrer\" target=\"_blank\">Cruz Roja Mexicana<\/a><\/p>\n<p><a href=\"https:\/\/goo.gl\/Wz2zy7\" rel=\"noopener noreferrer\" target=\"_blank\">Google<\/a><\/p>\n<p><a href=\"https:\/\/goo.gl\/9uSUiE\" rel=\"noopener noreferrer\" target=\"_blank\">Amazon<\/a><\/p>\n<p>Campa\u00f1a <a href=\"https:\/\/www.gofundme.com\/lovearmymexico\" rel=\"noopener noreferrer\" target=\"_blank\">#LoveArmyM\u00e9xico<\/a><\/p>\n<p>En estos momentos <strong>M\u00e9xico no la est\u00e1 pasando del todo bien<\/strong>, pero seguro con el tiempo y con la ayuda de todos se mejorar\u00e1n las cosas. Muchas gracias.<\/p>\n<p>Sobre el autor: <a href=\"http:\/\/about.me\/omargarcia\" target=\"_blank\" rel=\"noopener noreferrer\">Omar Garc\u00eda<\/a>.<\/p>\n","protected":false},"excerpt":{"rendered":"<p>M\u00e9xico est\u00e1 atravesando por uno de los momentos m\u00e1s dif\u00edciles de su historia. Aunque en su gran mayor\u00eda, la poblaci\u00f3n mexicana no ha bajado los brazos, el \u00e1nimo de la gente ha recibido un duro golpe. Considero que una de las principales caracter\u00edsticas que ven las personas de otros pa\u00edses en la poblaci\u00f3n mexicana, es [&hellip;]<\/p>\n","protected":false},"author":26,"featured_media":10922,"comment_status":"open","ping_status":"open","sticky":false,"template":"","format":"standard","meta":{"_acf_changed":false,"footnotes":""},"categories":[345,232],"tags":[764,330,765,766,767],"class_list":["post-3426","post","type-post","status-publish","format-standard","has-post-thumbnail","hentry","category-editorial","category-reflexiones","tag-ayudar-a-aquellos-que-nos-necesitan","tag-mexico","tag-mexico-no-la-esta-pasando-del-todo-bien","tag-poblacion-mexicana","tag-sismo-del-pasado-19-de-septiembre"],"acf":[],"yoast_head":"<!-- This site is optimized with the Yoast SEO plugin v24.4 - https:\/\/yoast.com\/wordpress\/plugins\/seo\/ -->\n<title>Las cosas est\u00e1n mal ahora, pero estar\u00e1n bien con el tiempo - Proyectum Chile<\/title>\n<meta name=\"robots\" content=\"index, follow, max-snippet:-1, max-image-preview:large, max-video-preview:-1\" \/>\n<link rel=\"canonical\" href=\"https:\/\/proyectum.com\/cl\/las-cosas-estan-mal-ahora-pero-estaran-bien-con-el-tiempo\/\" \/>\n<meta property=\"og:locale\" content=\"es_ES\" \/>\n<meta property=\"og:type\" content=\"article\" \/>\n<meta property=\"og:title\" content=\"Las cosas est\u00e1n mal ahora, pero estar\u00e1n bien con el tiempo - Proyectum Chile\" \/>\n<meta property=\"og:description\" content=\"M\u00e9xico est\u00e1 atravesando por uno de los momentos m\u00e1s dif\u00edciles de su historia. Aunque en su gran mayor\u00eda, la poblaci\u00f3n mexicana no ha bajado los brazos, el \u00e1nimo de la gente ha recibido un duro golpe. Considero que una de las principales caracter\u00edsticas que ven las personas de otros pa\u00edses en la poblaci\u00f3n mexicana, es [&hellip;]\" \/>\n<meta property=\"og:url\" content=\"https:\/\/proyectum.com\/cl\/las-cosas-estan-mal-ahora-pero-estaran-bien-con-el-tiempo\/\" \/>\n<meta property=\"og:site_name\" content=\"Proyectum Chile\" \/>\n<meta property=\"article:publisher\" content=\"https:\/\/www.facebook.com\/proyectumchile\/\" \/>\n<meta property=\"article:published_time\" content=\"2017-09-26T05:31:33+00:00\" \/>\n<meta property=\"og:image\" content=\"https:\/\/proyectum.com\/cl\/wp-content\/uploads\/2017\/09\/Mexico-Sismo-1.jpg\" \/>\n\t<meta property=\"og:image:width\" content=\"1494\" \/>\n\t<meta property=\"og:image:height\" content=\"807\" \/>\n\t<meta property=\"og:image:type\" content=\"image\/jpeg\" \/>\n<meta name=\"author\" content=\"Proyectum 2025\" \/>\n<meta name=\"twitter:card\" content=\"summary_large_image\" \/>\n<meta name=\"twitter:label1\" content=\"Escrito por\" \/>\n\t<meta name=\"twitter:data1\" content=\"Proyectum 2025\" \/>\n\t<meta name=\"twitter:label2\" content=\"Tiempo de lectura\" \/>\n\t<meta name=\"twitter:data2\" content=\"3 minutos\" \/>\n<script type=\"application\/ld+json\" class=\"yoast-schema-graph\">{\"@context\":\"https:\/\/schema.org\",\"@graph\":[{\"@type\":\"Article\",\"@id\":\"https:\/\/proyectum.com\/cl\/las-cosas-estan-mal-ahora-pero-estaran-bien-con-el-tiempo\/#article\",\"isPartOf\":{\"@id\":\"https:\/\/proyectum.com\/cl\/las-cosas-estan-mal-ahora-pero-estaran-bien-con-el-tiempo\/\"},\"author\":{\"name\":\"Proyectum 2025\",\"@id\":\"https:\/\/proyectum.com\/cl\/#\/schema\/person\/7d5caa4386a11be650af177d3f2e5aee\"},\"headline\":\"Las cosas est\u00e1n mal ahora, pero estar\u00e1n bien con el tiempo\",\"datePublished\":\"2017-09-26T05:31:33+00:00\",\"mainEntityOfPage\":{\"@id\":\"https:\/\/proyectum.com\/cl\/las-cosas-estan-mal-ahora-pero-estaran-bien-con-el-tiempo\/\"},\"wordCount\":547,\"commentCount\":0,\"publisher\":{\"@id\":\"https:\/\/proyectum.com\/cl\/#organization\"},\"image\":{\"@id\":\"https:\/\/proyectum.com\/cl\/las-cosas-estan-mal-ahora-pero-estaran-bien-con-el-tiempo\/#primaryimage\"},\"thumbnailUrl\":\"https:\/\/proyectum.com\/cl\/wp-content\/uploads\/2017\/09\/Mexico-Sismo-1.jpg\",\"keywords\":[\"ayudar a aquellos que nos necesitan\",\"M\u00e9xico\",\"M\u00e9xico no la est\u00e1 pasando del todo bien\",\"poblaci\u00f3n mexicana\",\"sismo del pasado 19 de septiembre\"],\"articleSection\":[\"Editorial\",\"Reflexiones\"],\"inLanguage\":\"es\",\"potentialAction\":[{\"@type\":\"CommentAction\",\"name\":\"Comment\",\"target\":[\"https:\/\/proyectum.com\/cl\/las-cosas-estan-mal-ahora-pero-estaran-bien-con-el-tiempo\/#respond\"]}]},{\"@type\":\"WebPage\",\"@id\":\"https:\/\/proyectum.com\/cl\/las-cosas-estan-mal-ahora-pero-estaran-bien-con-el-tiempo\/\",\"url\":\"https:\/\/proyectum.com\/cl\/las-cosas-estan-mal-ahora-pero-estaran-bien-con-el-tiempo\/\",\"name\":\"Las cosas est\u00e1n mal ahora, pero estar\u00e1n bien con el tiempo - Proyectum Chile\",\"isPartOf\":{\"@id\":\"https:\/\/proyectum.com\/cl\/#website\"},\"primaryImageOfPage\":{\"@id\":\"https:\/\/proyectum.com\/cl\/las-cosas-estan-mal-ahora-pero-estaran-bien-con-el-tiempo\/#primaryimage\"},\"image\":{\"@id\":\"https:\/\/proyectum.com\/cl\/las-cosas-estan-mal-ahora-pero-estaran-bien-con-el-tiempo\/#primaryimage\"},\"thumbnailUrl\":\"https:\/\/proyectum.com\/cl\/wp-content\/uploads\/2017\/09\/Mexico-Sismo-1.jpg\",\"datePublished\":\"2017-09-26T05:31:33+00:00\",\"breadcrumb\":{\"@id\":\"https:\/\/proyectum.com\/cl\/las-cosas-estan-mal-ahora-pero-estaran-bien-con-el-tiempo\/#breadcrumb\"},\"inLanguage\":\"es\",\"potentialAction\":[{\"@type\":\"ReadAction\",\"target\":[\"https:\/\/proyectum.com\/cl\/las-cosas-estan-mal-ahora-pero-estaran-bien-con-el-tiempo\/\"]}]},{\"@type\":\"ImageObject\",\"inLanguage\":\"es\",\"@id\":\"https:\/\/proyectum.com\/cl\/las-cosas-estan-mal-ahora-pero-estaran-bien-con-el-tiempo\/#primaryimage\",\"url\":\"https:\/\/proyectum.com\/cl\/wp-content\/uploads\/2017\/09\/Mexico-Sismo-1.jpg\",\"contentUrl\":\"https:\/\/proyectum.com\/cl\/wp-content\/uploads\/2017\/09\/Mexico-Sismo-1.jpg\",\"width\":1494,\"height\":807,\"caption\":\"Mexico Sismo\"},{\"@type\":\"BreadcrumbList\",\"@id\":\"https:\/\/proyectum.com\/cl\/las-cosas-estan-mal-ahora-pero-estaran-bien-con-el-tiempo\/#breadcrumb\",\"itemListElement\":[{\"@type\":\"ListItem\",\"position\":1,\"name\":\"Home\",\"item\":\"https:\/\/proyectum.com\/cl\/\"},{\"@type\":\"ListItem\",\"position\":2,\"name\":\"Las cosas est\u00e1n mal ahora, pero estar\u00e1n bien con el tiempo\"}]},{\"@type\":\"WebSite\",\"@id\":\"https:\/\/proyectum.com\/cl\/#website\",\"url\":\"https:\/\/proyectum.com\/cl\/\",\"name\":\"Proyectum Chile\",\"description\":\"Direcci\u00f3n de Proyectos y Metodolog\u00edas \u00c1giles\",\"publisher\":{\"@id\":\"https:\/\/proyectum.com\/cl\/#organization\"},\"potentialAction\":[{\"@type\":\"SearchAction\",\"target\":{\"@type\":\"EntryPoint\",\"urlTemplate\":\"https:\/\/proyectum.com\/cl\/?s={search_term_string}\"},\"query-input\":{\"@type\":\"PropertyValueSpecification\",\"valueRequired\":true,\"valueName\":\"search_term_string\"}}],\"inLanguage\":\"es\"},{\"@type\":\"Organization\",\"@id\":\"https:\/\/proyectum.com\/cl\/#organization\",\"name\":\"Proyectum Chile\",\"url\":\"https:\/\/proyectum.com\/cl\/\",\"logo\":{\"@type\":\"ImageObject\",\"inLanguage\":\"es\",\"@id\":\"https:\/\/proyectum.com\/cl\/#\/schema\/logo\/image\/\",\"url\":\"https:\/\/proyectum.com\/cl\/wp-content\/uploads\/2020\/04\/proyectum-logo-snippet.png\",\"contentUrl\":\"https:\/\/proyectum.com\/cl\/wp-content\/uploads\/2020\/04\/proyectum-logo-snippet.png\",\"width\":600,\"height\":315,\"caption\":\"Proyectum Chile\"},\"image\":{\"@id\":\"https:\/\/proyectum.com\/cl\/#\/schema\/logo\/image\/\"},\"sameAs\":[\"https:\/\/www.facebook.com\/proyectumchile\/\",\"https:\/\/www.linkedin.com\/company\/proyectum-cl\/\",\"https:\/\/www.instagram.com\/proyectumchile\/\",\"https:\/\/www.youtube.com\/@proyectum2283\/videos\"]},{\"@type\":\"Person\",\"@id\":\"https:\/\/proyectum.com\/cl\/#\/schema\/person\/7d5caa4386a11be650af177d3f2e5aee\",\"name\":\"Proyectum 2025\",\"image\":{\"@type\":\"ImageObject\",\"inLanguage\":\"es\",\"@id\":\"https:\/\/proyectum.com\/cl\/#\/schema\/person\/image\/\",\"url\":\"https:\/\/secure.gravatar.com\/avatar\/df82793fddd8f0a5a84fdb27d958bf73?s=96&d=mm&r=g\",\"contentUrl\":\"https:\/\/secure.gravatar.com\/avatar\/df82793fddd8f0a5a84fdb27d958bf73?s=96&d=mm&r=g\",\"caption\":\"Proyectum 2025\"}}]}<\/script>\n<!-- \/ Yoast SEO plugin. -->","yoast_head_json":{"title":"Las cosas est\u00e1n mal ahora, pero estar\u00e1n bien con el tiempo - Proyectum Chile","robots":{"index":"index","follow":"follow","max-snippet":"max-snippet:-1","max-image-preview":"max-image-preview:large","max-video-preview":"max-video-preview:-1"},"canonical":"https:\/\/proyectum.com\/cl\/las-cosas-estan-mal-ahora-pero-estaran-bien-con-el-tiempo\/","og_locale":"es_ES","og_type":"article","og_title":"Las cosas est\u00e1n mal ahora, pero estar\u00e1n bien con el tiempo - Proyectum Chile","og_description":"M\u00e9xico est\u00e1 atravesando por uno de los momentos m\u00e1s dif\u00edciles de su historia. Aunque en su gran mayor\u00eda, la poblaci\u00f3n mexicana no ha bajado los brazos, el \u00e1nimo de la gente ha recibido un duro golpe. Considero que una de las principales caracter\u00edsticas que ven las personas de otros pa\u00edses en la poblaci\u00f3n mexicana, es [&hellip;]","og_url":"https:\/\/proyectum.com\/cl\/las-cosas-estan-mal-ahora-pero-estaran-bien-con-el-tiempo\/","og_site_name":"Proyectum Chile","article_publisher":"https:\/\/www.facebook.com\/proyectumchile\/","article_published_time":"2017-09-26T05:31:33+00:00","og_image":[{"width":1494,"height":807,"url":"https:\/\/proyectum.com\/cl\/wp-content\/uploads\/2017\/09\/Mexico-Sismo-1.jpg","type":"image\/jpeg"}],"author":"Proyectum 2025","twitter_card":"summary_large_image","twitter_misc":{"Escrito por":"Proyectum 2025","Tiempo de lectura":"3 minutos"},"schema":{"@context":"https:\/\/schema.org","@graph":[{"@type":"Article","@id":"https:\/\/proyectum.com\/cl\/las-cosas-estan-mal-ahora-pero-estaran-bien-con-el-tiempo\/#article","isPartOf":{"@id":"https:\/\/proyectum.com\/cl\/las-cosas-estan-mal-ahora-pero-estaran-bien-con-el-tiempo\/"},"author":{"name":"Proyectum 2025","@id":"https:\/\/proyectum.com\/cl\/#\/schema\/person\/7d5caa4386a11be650af177d3f2e5aee"},"headline":"Las cosas est\u00e1n mal ahora, pero estar\u00e1n bien con el tiempo","datePublished":"2017-09-26T05:31:33+00:00","mainEntityOfPage":{"@id":"https:\/\/proyectum.com\/cl\/las-cosas-estan-mal-ahora-pero-estaran-bien-con-el-tiempo\/"},"wordCount":547,"commentCount":0,"publisher":{"@id":"https:\/\/proyectum.com\/cl\/#organization"},"image":{"@id":"https:\/\/proyectum.com\/cl\/las-cosas-estan-mal-ahora-pero-estaran-bien-con-el-tiempo\/#primaryimage"},"thumbnailUrl":"https:\/\/proyectum.com\/cl\/wp-content\/uploads\/2017\/09\/Mexico-Sismo-1.jpg","keywords":["ayudar a aquellos que nos necesitan","M\u00e9xico","M\u00e9xico no la est\u00e1 pasando del todo bien","poblaci\u00f3n mexicana","sismo del pasado 19 de septiembre"],"articleSection":["Editorial","Reflexiones"],"inLanguage":"es","potentialAction":[{"@type":"CommentAction","name":"Comment","target":["https:\/\/proyectum.com\/cl\/las-cosas-estan-mal-ahora-pero-estaran-bien-con-el-tiempo\/#respond"]}]},{"@type":"WebPage","@id":"https:\/\/proyectum.com\/cl\/las-cosas-estan-mal-ahora-pero-estaran-bien-con-el-tiempo\/","url":"https:\/\/proyectum.com\/cl\/las-cosas-estan-mal-ahora-pero-estaran-bien-con-el-tiempo\/","name":"Las cosas est\u00e1n mal ahora, pero estar\u00e1n bien con el tiempo - Proyectum Chile","isPartOf":{"@id":"https:\/\/proyectum.com\/cl\/#website"},"primaryImageOfPage":{"@id":"https:\/\/proyectum.com\/cl\/las-cosas-estan-mal-ahora-pero-estaran-bien-con-el-tiempo\/#primaryimage"},"image":{"@id":"https:\/\/proyectum.com\/cl\/las-cosas-estan-mal-ahora-pero-estaran-bien-con-el-tiempo\/#primaryimage"},"thumbnailUrl":"https:\/\/proyectum.com\/cl\/wp-content\/uploads\/2017\/09\/Mexico-Sismo-1.jpg","datePublished":"2017-09-26T05:31:33+00:00","breadcrumb":{"@id":"https:\/\/proyectum.com\/cl\/las-cosas-estan-mal-ahora-pero-estaran-bien-con-el-tiempo\/#breadcrumb"},"inLanguage":"es","potentialAction":[{"@type":"ReadAction","target":["https:\/\/proyectum.com\/cl\/las-cosas-estan-mal-ahora-pero-estaran-bien-con-el-tiempo\/"]}]},{"@type":"ImageObject","inLanguage":"es","@id":"https:\/\/proyectum.com\/cl\/las-cosas-estan-mal-ahora-pero-estaran-bien-con-el-tiempo\/#primaryimage","url":"https:\/\/proyectum.com\/cl\/wp-content\/uploads\/2017\/09\/Mexico-Sismo-1.jpg","contentUrl":"https:\/\/proyectum.com\/cl\/wp-content\/uploads\/2017\/09\/Mexico-Sismo-1.jpg","width":1494,"height":807,"caption":"Mexico Sismo"},{"@type":"BreadcrumbList","@id":"https:\/\/proyectum.com\/cl\/las-cosas-estan-mal-ahora-pero-estaran-bien-con-el-tiempo\/#breadcrumb","itemListElement":[{"@type":"ListItem","position":1,"name":"Home","item":"https:\/\/proyectum.com\/cl\/"},{"@type":"ListItem","position":2,"name":"Las cosas est\u00e1n mal ahora, pero estar\u00e1n bien con el tiempo"}]},{"@type":"WebSite","@id":"https:\/\/proyectum.com\/cl\/#website","url":"https:\/\/proyectum.com\/cl\/","name":"Proyectum Chile","description":"Direcci\u00f3n de Proyectos y Metodolog\u00edas \u00c1giles","publisher":{"@id":"https:\/\/proyectum.com\/cl\/#organization"},"potentialAction":[{"@type":"SearchAction","target":{"@type":"EntryPoint","urlTemplate":"https:\/\/proyectum.com\/cl\/?s={search_term_string}"},"query-input":{"@type":"PropertyValueSpecification","valueRequired":true,"valueName":"search_term_string"}}],"inLanguage":"es"},{"@type":"Organization","@id":"https:\/\/proyectum.com\/cl\/#organization","name":"Proyectum Chile","url":"https:\/\/proyectum.com\/cl\/","logo":{"@type":"ImageObject","inLanguage":"es","@id":"https:\/\/proyectum.com\/cl\/#\/schema\/logo\/image\/","url":"https:\/\/proyectum.com\/cl\/wp-content\/uploads\/2020\/04\/proyectum-logo-snippet.png","contentUrl":"https:\/\/proyectum.com\/cl\/wp-content\/uploads\/2020\/04\/proyectum-logo-snippet.png","width":600,"height":315,"caption":"Proyectum Chile"},"image":{"@id":"https:\/\/proyectum.com\/cl\/#\/schema\/logo\/image\/"},"sameAs":["https:\/\/www.facebook.com\/proyectumchile\/","https:\/\/www.linkedin.com\/company\/proyectum-cl\/","https:\/\/www.instagram.com\/proyectumchile\/","https:\/\/www.youtube.com\/@proyectum2283\/videos"]},{"@type":"Person","@id":"https:\/\/proyectum.com\/cl\/#\/schema\/person\/7d5caa4386a11be650af177d3f2e5aee","name":"Proyectum 2025","image":{"@type":"ImageObject","inLanguage":"es","@id":"https:\/\/proyectum.com\/cl\/#\/schema\/person\/image\/","url":"https:\/\/secure.gravatar.com\/avatar\/df82793fddd8f0a5a84fdb27d958bf73?s=96&d=mm&r=g","contentUrl":"https:\/\/secure.gravatar.com\/avatar\/df82793fddd8f0a5a84fdb27d958bf73?s=96&d=mm&r=g","caption":"Proyectum 2025"}}]}},"_links":{"self":[{"href":"https:\/\/proyectum.com\/cl\/wp-json\/wp\/v2\/posts\/3426","targetHints":{"allow":["GET"]}}],"collection":[{"href":"https:\/\/proyectum.com\/cl\/wp-json\/wp\/v2\/posts"}],"about":[{"href":"https:\/\/proyectum.com\/cl\/wp-json\/wp\/v2\/types\/post"}],"author":[{"embeddable":true,"href":"https:\/\/proyectum.com\/cl\/wp-json\/wp\/v2\/users\/26"}],"replies":[{"embeddable":true,"href":"https:\/\/proyectum.com\/cl\/wp-json\/wp\/v2\/comments?post=3426"}],"version-history":[{"count":0,"href":"https:\/\/proyectum.com\/cl\/wp-json\/wp\/v2\/posts\/3426\/revisions"}],"wp:featuredmedia":[{"embeddable":true,"href":"https:\/\/proyectum.com\/cl\/wp-json\/wp\/v2\/media\/10922"}],"wp:attachment":[{"href":"https:\/\/proyectum.com\/cl\/wp-json\/wp\/v2\/media?parent=3426"}],"wp:term":[{"taxonomy":"category","embeddable":true,"href":"https:\/\/proyectum.com\/cl\/wp-json\/wp\/v2\/categories?post=3426"},{"taxonomy":"post_tag","embeddable":true,"href":"https:\/\/proyectum.com\/cl\/wp-json\/wp\/v2\/tags?post=3426"}],"curies":[{"name":"wp","href":"https:\/\/api.w.org\/{rel}","templated":true}]}}