{"id":3457,"date":"2017-10-05T10:11:43","date_gmt":"2017-10-05T15:11:43","guid":{"rendered":"http:\/\/www.proyectum.lat\/?p=3457"},"modified":"2017-10-05T10:11:43","modified_gmt":"2017-10-05T15:11:43","slug":"aprendiendo-de-los-grandes-steve-jobs","status":"publish","type":"post","link":"https:\/\/proyectum.com\/cl\/aprendiendo-de-los-grandes-steve-jobs\/","title":{"rendered":"Aprendiendo de los Grandes: Steve Jobs"},"content":{"rendered":"<p>Con tan solo 25 a\u00f1os, un joven que hab\u00eda crecido bajo el cuidado de una familia adoptiva de clase media, se convierte en millonario cuando la compa\u00f1\u00eda de tecnolog\u00eda que hab\u00eda cofundado comienza a cotizar en la Bolsa de Valores. Estas pocas l\u00edneas bastar\u00edan como punto de partida para un argumento s\u00f3lido que se pudiera llevar al cine. Lo que resulta sorprendente es que hay muchos m\u00e1s pasajes igual de interesantes que nutrir\u00edan a dicho argumento, como por ejemplo, que este joven, el cual nunca concluy\u00f3 sus estudios universitarios, logr\u00f3 redefinir al menos cuatro industrias. Y lo que resulta aun m\u00e1s sorprendente, es el hecho de saber que esta historia no solo es ficci\u00f3n sino que pertenece a una de los hombres m\u00e1s brillantes de los \u00faltimos a\u00f1os.<\/p>\n<p><strong>Steven Paul Jobs<\/strong>, naci\u00f3 el 24 de febrero de 1955 en California, Estados Unidos. Aunque asisti\u00f3 un periodo muy corto a la universidad, cofund\u00f3 una empresa que, hoy por hoy, es de las m\u00e1s valiosas a nivel mundial. Su visi\u00f3n le permiti\u00f3 crear productos que terminaron transformando industrias por completo.<\/p>\n<p>La industria de la computaci\u00f3n la revolucion\u00f3 en dos ocasiones, la primera de ellas dio inicio a la compa\u00f1\u00eda que hoy conocemos en todo el mundo como Apple. <strong>Steve Jobs<\/strong> cre\u00eda que las computadoras deber\u00edan ser accesibles a cualquier persona y no solo a las grandes instituciones. De este modo la computadora Apple II se comercializ\u00f3 en masa, lo que impuls\u00f3 la industria de las computadoras personales como ninguna otra. En el 2010, <strong>Steve Jobs<\/strong> volvi\u00f3 a sacudir esta industria al presentar el iPad y con esto, un nuevo mercado se dio paso, el mercado de las tabletas.<\/p>\n<p>Otra industria que vio notables cambios gracias a <strong>Jobs<\/strong> fue la de la m\u00fasica, una industria que se encontraba en una terrible crisis a causa de las descargas ilegales por Internet. Con la aparici\u00f3n del iPod y la tienda en l\u00ednea iTunes, se dio inicio a un periodo de transformaci\u00f3n en la manera en que consumimos m\u00fasica, e incluso otros formatos como el video, que nos lleva al d\u00eda de hoy a los servicios de streaming.<\/p>\n<p>El cine animado fue sin duda otra de las industrias que se vio revolucionada gracias a la visi\u00f3n de Jobs. A trav\u00e9s de los dibujos animados que se realizaban en Pixar, una empresa que hab\u00eda comprado despu\u00e9s de que lo echar\u00e1n de Apple en 1985 y con la cual se sent\u00eda profundamente atra\u00eddo pues de acuerdo a su propia definici\u00f3n era una combinaci\u00f3n de arte y tecnolog\u00eda, dos de sus grandes pasiones.<\/p>\n<p>El 9 de enero de 2007, <strong>Steve Jobs<\/strong> dar\u00eda uno de sus mejores discursos al momento de presentar el primer iPhone, un dispositivo que vino a cambiar por completo la telefon\u00eda m\u00f3vil y que dio paso al nacimiento de una nueva industria, la de las Aplicaciones.<\/p>\n<p>Hoy se cumplen seis a\u00f1os desde que <strong>Steve Jobs<\/strong> falleciera, dejando un legado que se har\u00e1 presente durante muchos a\u00f1os m\u00e1s, su historia seguir\u00e1 siendo contada en decenas de libros, art\u00edculos y en el mundo del cine, y su personalidad seguir\u00e1 siendo objeto de estudio, entre quienes lo ve\u00edan como un l\u00edder imponente y quienes lo tachan de tirano. El hecho es que su nombre ya qued\u00f3 grabado en la historia como una de las mentes m\u00e1s brillantes de todos los tiempos.<\/p>\n<p><em>\u201cMantente hambriento, mantente alocado\u201d<\/em>.- <strong>Steve Jobs<\/strong>, en su discurso de 2005 en la Universidad de Stanford.<\/p>\n<p>Sobre el autor: <a href=\"http:\/\/about.me\/omargarcia\" target=\"_blank\" rel=\"noopener noreferrer\">Omar Garc\u00eda<\/a>.<\/p>\n<pre>Este art\u00edculo fue publicado el 2 de octubre de 2013. Si quieres conocer estas historias en el\nmomento en que las publicamos y antes que nadie, suscr\u00edbete a nuestro bolet\u00edn quincenal Proyectum.<\/pre>\n","protected":false},"excerpt":{"rendered":"<p>Con tan solo 25 a\u00f1os, un joven que hab\u00eda crecido bajo el cuidado de una familia adoptiva de clase media, se convierte en millonario cuando la compa\u00f1\u00eda de tecnolog\u00eda que hab\u00eda cofundado comienza a cotizar en la Bolsa de Valores. Estas pocas l\u00edneas bastar\u00edan como punto de partida para un argumento s\u00f3lido que se pudiera [&hellip;]<\/p>\n","protected":false},"author":26,"featured_media":10923,"comment_status":"open","ping_status":"open","sticky":false,"template":"","format":"standard","meta":{"_acf_changed":false,"footnotes":""},"categories":[461],"tags":[795,796,797,496,292,798,799],"class_list":["post-3457","post","type-post","status-publish","format-standard","has-post-thumbnail","hentry","category-aprendiendo-grandes","tag-biografia-de-steve-jobs","tag-discurso-de-steve-jobs","tag-historia-de-steve-jobs","tag-presentacion-del-primer-iphone","tag-steve-jobs","tag-steve-jobs-presentacion-iphone","tag-steve-jobs-stanford"],"acf":[],"yoast_head":"<!-- This site is optimized with the Yoast SEO plugin v24.4 - https:\/\/yoast.com\/wordpress\/plugins\/seo\/ -->\n<title>Aprendiendo de los Grandes: Steve Jobs - Proyectum Chile<\/title>\n<meta name=\"robots\" content=\"index, follow, max-snippet:-1, max-image-preview:large, max-video-preview:-1\" \/>\n<link rel=\"canonical\" href=\"https:\/\/proyectum.com\/cl\/aprendiendo-de-los-grandes-steve-jobs\/\" \/>\n<meta property=\"og:locale\" content=\"es_ES\" \/>\n<meta property=\"og:type\" content=\"article\" \/>\n<meta property=\"og:title\" content=\"Aprendiendo de los Grandes: Steve Jobs - Proyectum Chile\" \/>\n<meta property=\"og:description\" content=\"Con tan solo 25 a\u00f1os, un joven que hab\u00eda crecido bajo el cuidado de una familia adoptiva de clase media, se convierte en millonario cuando la compa\u00f1\u00eda de tecnolog\u00eda que hab\u00eda cofundado comienza a cotizar en la Bolsa de Valores. Estas pocas l\u00edneas bastar\u00edan como punto de partida para un argumento s\u00f3lido que se pudiera [&hellip;]\" \/>\n<meta property=\"og:url\" content=\"https:\/\/proyectum.com\/cl\/aprendiendo-de-los-grandes-steve-jobs\/\" \/>\n<meta property=\"og:site_name\" content=\"Proyectum Chile\" \/>\n<meta property=\"article:publisher\" content=\"https:\/\/www.facebook.com\/proyectumchile\/\" \/>\n<meta property=\"article:published_time\" content=\"2017-10-05T15:11:43+00:00\" \/>\n<meta property=\"og:image\" content=\"https:\/\/proyectum.com\/cl\/wp-content\/uploads\/2017\/10\/Portada-Steve-Jobs-1-1.png\" \/>\n\t<meta property=\"og:image:width\" content=\"1100\" \/>\n\t<meta property=\"og:image:height\" content=\"455\" \/>\n\t<meta property=\"og:image:type\" content=\"image\/png\" \/>\n<meta name=\"author\" content=\"Proyectum 2025\" \/>\n<meta name=\"twitter:card\" content=\"summary_large_image\" \/>\n<meta name=\"twitter:label1\" content=\"Escrito por\" \/>\n\t<meta name=\"twitter:data1\" content=\"Proyectum 2025\" \/>\n\t<meta name=\"twitter:label2\" content=\"Tiempo de lectura\" \/>\n\t<meta name=\"twitter:data2\" content=\"3 minutos\" \/>\n<script type=\"application\/ld+json\" class=\"yoast-schema-graph\">{\"@context\":\"https:\/\/schema.org\",\"@graph\":[{\"@type\":\"Article\",\"@id\":\"https:\/\/proyectum.com\/cl\/aprendiendo-de-los-grandes-steve-jobs\/#article\",\"isPartOf\":{\"@id\":\"https:\/\/proyectum.com\/cl\/aprendiendo-de-los-grandes-steve-jobs\/\"},\"author\":{\"name\":\"Proyectum 2025\",\"@id\":\"https:\/\/proyectum.com\/cl\/#\/schema\/person\/7d5caa4386a11be650af177d3f2e5aee\"},\"headline\":\"Aprendiendo de los Grandes: Steve Jobs\",\"datePublished\":\"2017-10-05T15:11:43+00:00\",\"mainEntityOfPage\":{\"@id\":\"https:\/\/proyectum.com\/cl\/aprendiendo-de-los-grandes-steve-jobs\/\"},\"wordCount\":619,\"commentCount\":0,\"publisher\":{\"@id\":\"https:\/\/proyectum.com\/cl\/#organization\"},\"image\":{\"@id\":\"https:\/\/proyectum.com\/cl\/aprendiendo-de-los-grandes-steve-jobs\/#primaryimage\"},\"thumbnailUrl\":\"https:\/\/proyectum.com\/cl\/wp-content\/uploads\/2017\/10\/Portada-Steve-Jobs-1-1.png\",\"keywords\":[\"biografia de steve jobs\",\"discurso de steve jobs\",\"historia de steve jobs\",\"presentaci\u00f3n del primer iphone\",\"Steve Jobs\",\"Steve Jobs presentaci\u00f3n iPhone\",\"Steve Jobs Stanford\"],\"articleSection\":[\"Aprendiendo de los Grandes\"],\"inLanguage\":\"es\",\"potentialAction\":[{\"@type\":\"CommentAction\",\"name\":\"Comment\",\"target\":[\"https:\/\/proyectum.com\/cl\/aprendiendo-de-los-grandes-steve-jobs\/#respond\"]}]},{\"@type\":\"WebPage\",\"@id\":\"https:\/\/proyectum.com\/cl\/aprendiendo-de-los-grandes-steve-jobs\/\",\"url\":\"https:\/\/proyectum.com\/cl\/aprendiendo-de-los-grandes-steve-jobs\/\",\"name\":\"Aprendiendo de los Grandes: Steve Jobs - Proyectum Chile\",\"isPartOf\":{\"@id\":\"https:\/\/proyectum.com\/cl\/#website\"},\"primaryImageOfPage\":{\"@id\":\"https:\/\/proyectum.com\/cl\/aprendiendo-de-los-grandes-steve-jobs\/#primaryimage\"},\"image\":{\"@id\":\"https:\/\/proyectum.com\/cl\/aprendiendo-de-los-grandes-steve-jobs\/#primaryimage\"},\"thumbnailUrl\":\"https:\/\/proyectum.com\/cl\/wp-content\/uploads\/2017\/10\/Portada-Steve-Jobs-1-1.png\",\"datePublished\":\"2017-10-05T15:11:43+00:00\",\"breadcrumb\":{\"@id\":\"https:\/\/proyectum.com\/cl\/aprendiendo-de-los-grandes-steve-jobs\/#breadcrumb\"},\"inLanguage\":\"es\",\"potentialAction\":[{\"@type\":\"ReadAction\",\"target\":[\"https:\/\/proyectum.com\/cl\/aprendiendo-de-los-grandes-steve-jobs\/\"]}]},{\"@type\":\"ImageObject\",\"inLanguage\":\"es\",\"@id\":\"https:\/\/proyectum.com\/cl\/aprendiendo-de-los-grandes-steve-jobs\/#primaryimage\",\"url\":\"https:\/\/proyectum.com\/cl\/wp-content\/uploads\/2017\/10\/Portada-Steve-Jobs-1-1.png\",\"contentUrl\":\"https:\/\/proyectum.com\/cl\/wp-content\/uploads\/2017\/10\/Portada-Steve-Jobs-1-1.png\",\"width\":1100,\"height\":455,\"caption\":\"Portada Steve Jobs\"},{\"@type\":\"BreadcrumbList\",\"@id\":\"https:\/\/proyectum.com\/cl\/aprendiendo-de-los-grandes-steve-jobs\/#breadcrumb\",\"itemListElement\":[{\"@type\":\"ListItem\",\"position\":1,\"name\":\"Home\",\"item\":\"https:\/\/proyectum.com\/cl\/\"},{\"@type\":\"ListItem\",\"position\":2,\"name\":\"Aprendiendo de los Grandes: Steve Jobs\"}]},{\"@type\":\"WebSite\",\"@id\":\"https:\/\/proyectum.com\/cl\/#website\",\"url\":\"https:\/\/proyectum.com\/cl\/\",\"name\":\"Proyectum Chile\",\"description\":\"Direcci\u00f3n de Proyectos y Metodolog\u00edas \u00c1giles\",\"publisher\":{\"@id\":\"https:\/\/proyectum.com\/cl\/#organization\"},\"potentialAction\":[{\"@type\":\"SearchAction\",\"target\":{\"@type\":\"EntryPoint\",\"urlTemplate\":\"https:\/\/proyectum.com\/cl\/?s={search_term_string}\"},\"query-input\":{\"@type\":\"PropertyValueSpecification\",\"valueRequired\":true,\"valueName\":\"search_term_string\"}}],\"inLanguage\":\"es\"},{\"@type\":\"Organization\",\"@id\":\"https:\/\/proyectum.com\/cl\/#organization\",\"name\":\"Proyectum Chile\",\"url\":\"https:\/\/proyectum.com\/cl\/\",\"logo\":{\"@type\":\"ImageObject\",\"inLanguage\":\"es\",\"@id\":\"https:\/\/proyectum.com\/cl\/#\/schema\/logo\/image\/\",\"url\":\"https:\/\/proyectum.com\/cl\/wp-content\/uploads\/2020\/04\/proyectum-logo-snippet.png\",\"contentUrl\":\"https:\/\/proyectum.com\/cl\/wp-content\/uploads\/2020\/04\/proyectum-logo-snippet.png\",\"width\":600,\"height\":315,\"caption\":\"Proyectum Chile\"},\"image\":{\"@id\":\"https:\/\/proyectum.com\/cl\/#\/schema\/logo\/image\/\"},\"sameAs\":[\"https:\/\/www.facebook.com\/proyectumchile\/\",\"https:\/\/www.linkedin.com\/company\/proyectum-cl\/\",\"https:\/\/www.instagram.com\/proyectumchile\/\",\"https:\/\/www.youtube.com\/@proyectum2283\/videos\"]},{\"@type\":\"Person\",\"@id\":\"https:\/\/proyectum.com\/cl\/#\/schema\/person\/7d5caa4386a11be650af177d3f2e5aee\",\"name\":\"Proyectum 2025\",\"image\":{\"@type\":\"ImageObject\",\"inLanguage\":\"es\",\"@id\":\"https:\/\/proyectum.com\/cl\/#\/schema\/person\/image\/\",\"url\":\"https:\/\/secure.gravatar.com\/avatar\/df82793fddd8f0a5a84fdb27d958bf73?s=96&d=mm&r=g\",\"contentUrl\":\"https:\/\/secure.gravatar.com\/avatar\/df82793fddd8f0a5a84fdb27d958bf73?s=96&d=mm&r=g\",\"caption\":\"Proyectum 2025\"}}]}<\/script>\n<!-- \/ Yoast SEO plugin. -->","yoast_head_json":{"title":"Aprendiendo de los Grandes: Steve Jobs - Proyectum Chile","robots":{"index":"index","follow":"follow","max-snippet":"max-snippet:-1","max-image-preview":"max-image-preview:large","max-video-preview":"max-video-preview:-1"},"canonical":"https:\/\/proyectum.com\/cl\/aprendiendo-de-los-grandes-steve-jobs\/","og_locale":"es_ES","og_type":"article","og_title":"Aprendiendo de los Grandes: Steve Jobs - Proyectum Chile","og_description":"Con tan solo 25 a\u00f1os, un joven que hab\u00eda crecido bajo el cuidado de una familia adoptiva de clase media, se convierte en millonario cuando la compa\u00f1\u00eda de tecnolog\u00eda que hab\u00eda cofundado comienza a cotizar en la Bolsa de Valores. Estas pocas l\u00edneas bastar\u00edan como punto de partida para un argumento s\u00f3lido que se pudiera [&hellip;]","og_url":"https:\/\/proyectum.com\/cl\/aprendiendo-de-los-grandes-steve-jobs\/","og_site_name":"Proyectum Chile","article_publisher":"https:\/\/www.facebook.com\/proyectumchile\/","article_published_time":"2017-10-05T15:11:43+00:00","og_image":[{"width":1100,"height":455,"url":"https:\/\/proyectum.com\/cl\/wp-content\/uploads\/2017\/10\/Portada-Steve-Jobs-1-1.png","type":"image\/png"}],"author":"Proyectum 2025","twitter_card":"summary_large_image","twitter_misc":{"Escrito por":"Proyectum 2025","Tiempo de lectura":"3 minutos"},"schema":{"@context":"https:\/\/schema.org","@graph":[{"@type":"Article","@id":"https:\/\/proyectum.com\/cl\/aprendiendo-de-los-grandes-steve-jobs\/#article","isPartOf":{"@id":"https:\/\/proyectum.com\/cl\/aprendiendo-de-los-grandes-steve-jobs\/"},"author":{"name":"Proyectum 2025","@id":"https:\/\/proyectum.com\/cl\/#\/schema\/person\/7d5caa4386a11be650af177d3f2e5aee"},"headline":"Aprendiendo de los Grandes: Steve Jobs","datePublished":"2017-10-05T15:11:43+00:00","mainEntityOfPage":{"@id":"https:\/\/proyectum.com\/cl\/aprendiendo-de-los-grandes-steve-jobs\/"},"wordCount":619,"commentCount":0,"publisher":{"@id":"https:\/\/proyectum.com\/cl\/#organization"},"image":{"@id":"https:\/\/proyectum.com\/cl\/aprendiendo-de-los-grandes-steve-jobs\/#primaryimage"},"thumbnailUrl":"https:\/\/proyectum.com\/cl\/wp-content\/uploads\/2017\/10\/Portada-Steve-Jobs-1-1.png","keywords":["biografia de steve jobs","discurso de steve jobs","historia de steve jobs","presentaci\u00f3n del primer iphone","Steve Jobs","Steve Jobs presentaci\u00f3n iPhone","Steve Jobs Stanford"],"articleSection":["Aprendiendo de los Grandes"],"inLanguage":"es","potentialAction":[{"@type":"CommentAction","name":"Comment","target":["https:\/\/proyectum.com\/cl\/aprendiendo-de-los-grandes-steve-jobs\/#respond"]}]},{"@type":"WebPage","@id":"https:\/\/proyectum.com\/cl\/aprendiendo-de-los-grandes-steve-jobs\/","url":"https:\/\/proyectum.com\/cl\/aprendiendo-de-los-grandes-steve-jobs\/","name":"Aprendiendo de los Grandes: Steve Jobs - Proyectum Chile","isPartOf":{"@id":"https:\/\/proyectum.com\/cl\/#website"},"primaryImageOfPage":{"@id":"https:\/\/proyectum.com\/cl\/aprendiendo-de-los-grandes-steve-jobs\/#primaryimage"},"image":{"@id":"https:\/\/proyectum.com\/cl\/aprendiendo-de-los-grandes-steve-jobs\/#primaryimage"},"thumbnailUrl":"https:\/\/proyectum.com\/cl\/wp-content\/uploads\/2017\/10\/Portada-Steve-Jobs-1-1.png","datePublished":"2017-10-05T15:11:43+00:00","breadcrumb":{"@id":"https:\/\/proyectum.com\/cl\/aprendiendo-de-los-grandes-steve-jobs\/#breadcrumb"},"inLanguage":"es","potentialAction":[{"@type":"ReadAction","target":["https:\/\/proyectum.com\/cl\/aprendiendo-de-los-grandes-steve-jobs\/"]}]},{"@type":"ImageObject","inLanguage":"es","@id":"https:\/\/proyectum.com\/cl\/aprendiendo-de-los-grandes-steve-jobs\/#primaryimage","url":"https:\/\/proyectum.com\/cl\/wp-content\/uploads\/2017\/10\/Portada-Steve-Jobs-1-1.png","contentUrl":"https:\/\/proyectum.com\/cl\/wp-content\/uploads\/2017\/10\/Portada-Steve-Jobs-1-1.png","width":1100,"height":455,"caption":"Portada Steve Jobs"},{"@type":"BreadcrumbList","@id":"https:\/\/proyectum.com\/cl\/aprendiendo-de-los-grandes-steve-jobs\/#breadcrumb","itemListElement":[{"@type":"ListItem","position":1,"name":"Home","item":"https:\/\/proyectum.com\/cl\/"},{"@type":"ListItem","position":2,"name":"Aprendiendo de los Grandes: Steve Jobs"}]},{"@type":"WebSite","@id":"https:\/\/proyectum.com\/cl\/#website","url":"https:\/\/proyectum.com\/cl\/","name":"Proyectum Chile","description":"Direcci\u00f3n de Proyectos y Metodolog\u00edas \u00c1giles","publisher":{"@id":"https:\/\/proyectum.com\/cl\/#organization"},"potentialAction":[{"@type":"SearchAction","target":{"@type":"EntryPoint","urlTemplate":"https:\/\/proyectum.com\/cl\/?s={search_term_string}"},"query-input":{"@type":"PropertyValueSpecification","valueRequired":true,"valueName":"search_term_string"}}],"inLanguage":"es"},{"@type":"Organization","@id":"https:\/\/proyectum.com\/cl\/#organization","name":"Proyectum Chile","url":"https:\/\/proyectum.com\/cl\/","logo":{"@type":"ImageObject","inLanguage":"es","@id":"https:\/\/proyectum.com\/cl\/#\/schema\/logo\/image\/","url":"https:\/\/proyectum.com\/cl\/wp-content\/uploads\/2020\/04\/proyectum-logo-snippet.png","contentUrl":"https:\/\/proyectum.com\/cl\/wp-content\/uploads\/2020\/04\/proyectum-logo-snippet.png","width":600,"height":315,"caption":"Proyectum Chile"},"image":{"@id":"https:\/\/proyectum.com\/cl\/#\/schema\/logo\/image\/"},"sameAs":["https:\/\/www.facebook.com\/proyectumchile\/","https:\/\/www.linkedin.com\/company\/proyectum-cl\/","https:\/\/www.instagram.com\/proyectumchile\/","https:\/\/www.youtube.com\/@proyectum2283\/videos"]},{"@type":"Person","@id":"https:\/\/proyectum.com\/cl\/#\/schema\/person\/7d5caa4386a11be650af177d3f2e5aee","name":"Proyectum 2025","image":{"@type":"ImageObject","inLanguage":"es","@id":"https:\/\/proyectum.com\/cl\/#\/schema\/person\/image\/","url":"https:\/\/secure.gravatar.com\/avatar\/df82793fddd8f0a5a84fdb27d958bf73?s=96&d=mm&r=g","contentUrl":"https:\/\/secure.gravatar.com\/avatar\/df82793fddd8f0a5a84fdb27d958bf73?s=96&d=mm&r=g","caption":"Proyectum 2025"}}]}},"_links":{"self":[{"href":"https:\/\/proyectum.com\/cl\/wp-json\/wp\/v2\/posts\/3457","targetHints":{"allow":["GET"]}}],"collection":[{"href":"https:\/\/proyectum.com\/cl\/wp-json\/wp\/v2\/posts"}],"about":[{"href":"https:\/\/proyectum.com\/cl\/wp-json\/wp\/v2\/types\/post"}],"author":[{"embeddable":true,"href":"https:\/\/proyectum.com\/cl\/wp-json\/wp\/v2\/users\/26"}],"replies":[{"embeddable":true,"href":"https:\/\/proyectum.com\/cl\/wp-json\/wp\/v2\/comments?post=3457"}],"version-history":[{"count":0,"href":"https:\/\/proyectum.com\/cl\/wp-json\/wp\/v2\/posts\/3457\/revisions"}],"wp:featuredmedia":[{"embeddable":true,"href":"https:\/\/proyectum.com\/cl\/wp-json\/wp\/v2\/media\/10923"}],"wp:attachment":[{"href":"https:\/\/proyectum.com\/cl\/wp-json\/wp\/v2\/media?parent=3457"}],"wp:term":[{"taxonomy":"category","embeddable":true,"href":"https:\/\/proyectum.com\/cl\/wp-json\/wp\/v2\/categories?post=3457"},{"taxonomy":"post_tag","embeddable":true,"href":"https:\/\/proyectum.com\/cl\/wp-json\/wp\/v2\/tags?post=3457"}],"curies":[{"name":"wp","href":"https:\/\/api.w.org\/{rel}","templated":true}]}}