{"id":3560,"date":"2017-11-08T05:00:09","date_gmt":"2017-11-08T11:00:09","guid":{"rendered":"http:\/\/www.proyectum.lat\/?p=3560"},"modified":"2017-11-08T05:00:09","modified_gmt":"2017-11-08T11:00:09","slug":"dos-de-las-mentes-mas-brillantes-de-nuestros-tiempos-nos-ayudan-a-predecir-el-futuro","status":"publish","type":"post","link":"https:\/\/proyectum.com\/cl\/dos-de-las-mentes-mas-brillantes-de-nuestros-tiempos-nos-ayudan-a-predecir-el-futuro\/","title":{"rendered":"Dos de las mentes m\u00e1s brillantes de nuestros tiempos nos ayudan a predecir el futuro"},"content":{"rendered":"<p>Nos encontramos en las \u00faltimas semanas del a\u00f1o y es un momento que muchos aprovechan para planificar los retos del 2018.<\/p>\n<p>Considero que al momento de estar <strong>planeando el siguiente a\u00f1o<\/strong> es inevitable que nuestra mente divague un poco y se de rienda suelta contemplando posibles escenarios de lo que podr\u00eda ocurrir, no s\u00f3lo en los pr\u00f3ximos 12 meses, sino tambi\u00e9n en los pr\u00f3ximos a\u00f1os.<\/p>\n<p>Como una persona que estoy involucrada laboralmente y por gusto propio en el <strong>mundo de la tecnolog\u00eda<\/strong>, es inevitable que todos estos pensamientos terminen contemplando escenarios en donde las <strong>disrupciones tecnol\u00f3gicas<\/strong> son las protagonistas. La gran pregunta con la que concluyen estos pensamientos es \u00bfla tecnolog\u00eda nos ayudar\u00e1 a estar en un mundo mejor o peor?<\/p>\n<p> Al no tener una bola de cristal donde podamos ver el futuro con certeza y no contar con las habilidades futuristas de pensadores como <strong>Alvin Toffler<\/strong>, resulta interesante el poner atenci\u00f3n, precisamente en aquellos personajes, que est\u00e1n provocando cambios importantes en la humanidad a trav\u00e9s de la tecnolog\u00eda y que tienen su propia visi\u00f3n del futuro.<\/p>\n<p><strong>Elon Musk<\/strong><\/p>\n<p>Comencemos con <strong>Elon Musk<\/strong>, uno de los innovadores m\u00e1s importantes de nuestros tiempos, con proyectos tan ambiciosos como querer <strong>colonizar Marte<\/strong> para el a\u00f1o 2022.<\/p>\n<p>A lo largo de este a\u00f1o, Elon Musk ha entrado en pol\u00e9mica con otras figuras de la tecnolog\u00eda como <strong>Mark Zuckerberg<\/strong> y <strong>Sophia<\/strong>, el robot que hace apenas unos d\u00edas le fue otorgada la ciudadan\u00eda de Arabia Saudita. Dicha pol\u00e9mica gira en torno a la <strong>Inteligencia Artificial<\/strong> y sus alcances. El creador de Tesla Motors y SpaceX, no est\u00e1 en contra de la Inteligencia Artificial pero s\u00ed ha alzado la voz para que haya una regulaci\u00f3n de la misma ya que de lo contrario est\u00e1 tecnolog\u00eda podr\u00eda afectar a la especie humana y ser\u00eda el principal motivo de una <strong>Tercera Guerra Mundial<\/strong>.<\/p>\n<p>Aunque por momentos las declaraciones de Elon Musk pudieran parecer extremistas, las <a href=\"https:\/\/futureoflife.org\/ai-principles\/\" rel=\"noopener noreferrer\" target=\"_blank\">regulaciones<\/a> que propone no parecen mal, por ejemplo, que las inversiones en Inteligencia Artificial incluyan un fondo para la investigaci\u00f3n que garantice su uso en beneficio de la humanidad.<\/p>\n<p><strong>Peter Diamandis<\/strong><\/p>\n<p>Otra mente brillante de nuestros tiempos es <strong>Peter Diamandis<\/strong> quien ha asegurado en diversas ocasiones que el futuro es mejor de lo que podemos pensar y a pesar del bombardeo de noticias negativas que recibimos a diario.<\/p>\n<p>A mediados del mes de octubre, Diamandis realiz\u00f3 una transmisi\u00f3n en vivo junto a <strong>Raymond Kurzweil<\/strong>, director de ingenier\u00eda en Google y cofundador de <strong>Singularity University<\/strong>, una comunidad global de innovaci\u00f3n que pretende resolver los mayores retos del planeta y de la cual, Peter Diamandis tambi\u00e9n es cofundador.<\/p>\n<p>A continuaci\u00f3n te comparto dos ideas que a m\u00ed me parecieron por dem\u00e1s interesantes de esta conversaci\u00f3n:<\/p>\n<p><strong>1.\tUna comunidad global.<\/strong> Las nuevas generaciones se sentir\u00e1n como ciudadanos del mundo, ya que pueden conversar con personas de pr\u00e1cticamente cualquier pa\u00eds. Diamandis menciona: \u201cAnteriormente compart\u00ed mi creencia de que las fronteras nacionales se han vuelto extremadamente porosas, con ideas, personas, capital y tecnolog\u00eda fluyendo r\u00e1pidamente entre las naciones.\u201d<\/p>\n<p><strong>2.\tExtender la vida humana saludable.<\/strong> Ambos personajes comparten la idea de que la tecnolog\u00eda ayudar\u00e1 a la medicina para que las personas podamos extender nuestra vida: \u201cRay predice que los <strong>nanorobots<\/strong>: \u2018b\u00e1sicamente terminar\u00e1n el trabajo del sistema inmune\u2019, con la capacidad de buscar y <strong>destruir c\u00e9lulas cancerosas<\/strong> y reparar \u00f3rganos da\u00f1ados.\u201d, menciona Peter Diamandis.<\/p>\n<p>No s\u00e9 ustedes, pero el estar viviendo en esta \u00e9poca, donde la tecnolog\u00eda avanza a diario a pasos agigantados y donde hay mentes brillantes como <strong>Elon Musk<\/strong>, <strong>Peter Diamandis<\/strong> y <strong>Raymond Kurzweil<\/strong> me emociona en lo absoluto y me mantiene positivo ante los retos que enfrentamos como humanidad.<\/p>\n<p>Los siguientes avances de la tecnolog\u00eda son claros, la gran duda que me surge es, como seres humanos <strong>\u00bfestamos preparados para asimilar todos estos cambios?<\/strong> Te invito a que compartas tu opini\u00f3n.<\/p>\n<p>Sobre el autor: <a href=\"http:\/\/about.me\/omargarcia\" target=\"_blank\" rel=\"noopener noreferrer\">Omar Garc\u00eda<\/a>.<\/p>\n","protected":false},"excerpt":{"rendered":"<p>Nos encontramos en las \u00faltimas semanas del a\u00f1o y es un momento que muchos aprovechan para planificar los retos del 2018. Considero que al momento de estar planeando el siguiente a\u00f1o es inevitable que nuestra mente divague un poco y se de rienda suelta contemplando posibles escenarios de lo que podr\u00eda ocurrir, no s\u00f3lo en [&hellip;]<\/p>\n","protected":false},"author":26,"featured_media":3561,"comment_status":"open","ping_status":"open","sticky":false,"template":"","format":"standard","meta":{"_acf_changed":false,"footnotes":""},"categories":[345,217,215],"tags":[458,881,882,883,884,885,886,464,887,888,419,889,890,891,892,893,894,895,896,897],"class_list":["post-3560","post","type-post","status-publish","format-standard","has-post-thumbnail","hentry","category-editorial","category-innovacion","category-liderazgo","tag-alvin-toffler","tag-colonizar-marte","tag-comunidad-global","tag-destruir-celulas-cancerosas","tag-disrupciones-tecnologicas","tag-elon-musk","tag-extender-la-vida-humana-saludable","tag-inteligencia-artificial","tag-inteligencia-artificial-alcances","tag-inteligencia-artificial-sophia","tag-mark-zuckerberg","tag-mentes-brillantes","tag-mundo-de-la-tecnologia","tag-nanorobots","tag-peter-diamandis","tag-peter-diamandis-y-elon-musk","tag-planeando-el-siguiente-ano","tag-raymond-kurzweil","tag-singularity-university","tag-tercera-guerra-mundial"],"acf":[],"yoast_head":"<!-- This site is optimized with the Yoast SEO plugin v24.4 - https:\/\/yoast.com\/wordpress\/plugins\/seo\/ -->\n<title>Dos de las mentes m\u00e1s brillantes de nuestros tiempos nos ayudan a predecir el futuro - Proyectum Chile<\/title>\n<meta name=\"robots\" content=\"index, follow, max-snippet:-1, max-image-preview:large, max-video-preview:-1\" \/>\n<link rel=\"canonical\" href=\"https:\/\/proyectum.com\/cl\/dos-de-las-mentes-mas-brillantes-de-nuestros-tiempos-nos-ayudan-a-predecir-el-futuro\/\" \/>\n<meta property=\"og:locale\" content=\"es_ES\" \/>\n<meta property=\"og:type\" content=\"article\" \/>\n<meta property=\"og:title\" content=\"Dos de las mentes m\u00e1s brillantes de nuestros tiempos nos ayudan a predecir el futuro - Proyectum Chile\" \/>\n<meta property=\"og:description\" content=\"Nos encontramos en las \u00faltimas semanas del a\u00f1o y es un momento que muchos aprovechan para planificar los retos del 2018. Considero que al momento de estar planeando el siguiente a\u00f1o es inevitable que nuestra mente divague un poco y se de rienda suelta contemplando posibles escenarios de lo que podr\u00eda ocurrir, no s\u00f3lo en [&hellip;]\" \/>\n<meta property=\"og:url\" content=\"https:\/\/proyectum.com\/cl\/dos-de-las-mentes-mas-brillantes-de-nuestros-tiempos-nos-ayudan-a-predecir-el-futuro\/\" \/>\n<meta property=\"og:site_name\" content=\"Proyectum Chile\" \/>\n<meta property=\"article:publisher\" content=\"https:\/\/www.facebook.com\/proyectumchile\/\" \/>\n<meta property=\"article:published_time\" content=\"2017-11-08T11:00:09+00:00\" \/>\n<meta property=\"og:image\" content=\"https:\/\/proyectum.com\/cl\/wp-content\/uploads\/2017\/11\/Mentes-brillantes-predicen-futuro.jpg\" \/>\n\t<meta property=\"og:image:width\" content=\"1100\" \/>\n\t<meta property=\"og:image:height\" content=\"570\" \/>\n\t<meta property=\"og:image:type\" content=\"image\/jpeg\" \/>\n<meta name=\"author\" content=\"Proyectum 2025\" \/>\n<meta name=\"twitter:card\" content=\"summary_large_image\" \/>\n<meta name=\"twitter:label1\" content=\"Escrito por\" \/>\n\t<meta name=\"twitter:data1\" content=\"Proyectum 2025\" \/>\n\t<meta name=\"twitter:label2\" content=\"Tiempo de lectura\" \/>\n\t<meta name=\"twitter:data2\" content=\"3 minutos\" \/>\n<script type=\"application\/ld+json\" class=\"yoast-schema-graph\">{\"@context\":\"https:\/\/schema.org\",\"@graph\":[{\"@type\":\"Article\",\"@id\":\"https:\/\/proyectum.com\/cl\/dos-de-las-mentes-mas-brillantes-de-nuestros-tiempos-nos-ayudan-a-predecir-el-futuro\/#article\",\"isPartOf\":{\"@id\":\"https:\/\/proyectum.com\/cl\/dos-de-las-mentes-mas-brillantes-de-nuestros-tiempos-nos-ayudan-a-predecir-el-futuro\/\"},\"author\":{\"name\":\"Proyectum 2025\",\"@id\":\"https:\/\/proyectum.com\/cl\/#\/schema\/person\/7d5caa4386a11be650af177d3f2e5aee\"},\"headline\":\"Dos de las mentes m\u00e1s brillantes de nuestros tiempos nos ayudan a predecir el futuro\",\"datePublished\":\"2017-11-08T11:00:09+00:00\",\"mainEntityOfPage\":{\"@id\":\"https:\/\/proyectum.com\/cl\/dos-de-las-mentes-mas-brillantes-de-nuestros-tiempos-nos-ayudan-a-predecir-el-futuro\/\"},\"wordCount\":702,\"commentCount\":0,\"publisher\":{\"@id\":\"https:\/\/proyectum.com\/cl\/#organization\"},\"image\":{\"@id\":\"https:\/\/proyectum.com\/cl\/dos-de-las-mentes-mas-brillantes-de-nuestros-tiempos-nos-ayudan-a-predecir-el-futuro\/#primaryimage\"},\"thumbnailUrl\":\"https:\/\/proyectum.com\/cl\/wp-content\/uploads\/2017\/11\/Mentes-brillantes-predicen-futuro.jpg\",\"keywords\":[\"Alvin Toffler\",\"colonizar Marte\",\"comunidad global\",\"destruir c\u00e9lulas cancerosas\",\"disrupciones tecnol\u00f3gicas\",\"elon musk\",\"Extender la vida humana saludable\",\"Inteligencia artificial\",\"Inteligencia Artificial alcances\",\"Inteligencia Artificial Sophia\",\"Mark Zuckerberg\",\"mentes brillantes\",\"mundo de la tecnolog\u00eda\",\"nanorobots\",\"peter diamandis\",\"Peter Diamandis y Elon Musk\",\"planeando el siguiente a\u00f1o\",\"Raymond Kurzweil\",\"Singularity University\",\"Tercera Guerra Mundial\"],\"articleSection\":[\"Editorial\",\"Innovaci\u00f3n\",\"Liderazgo\"],\"inLanguage\":\"es\",\"potentialAction\":[{\"@type\":\"CommentAction\",\"name\":\"Comment\",\"target\":[\"https:\/\/proyectum.com\/cl\/dos-de-las-mentes-mas-brillantes-de-nuestros-tiempos-nos-ayudan-a-predecir-el-futuro\/#respond\"]}]},{\"@type\":\"WebPage\",\"@id\":\"https:\/\/proyectum.com\/cl\/dos-de-las-mentes-mas-brillantes-de-nuestros-tiempos-nos-ayudan-a-predecir-el-futuro\/\",\"url\":\"https:\/\/proyectum.com\/cl\/dos-de-las-mentes-mas-brillantes-de-nuestros-tiempos-nos-ayudan-a-predecir-el-futuro\/\",\"name\":\"Dos de las mentes m\u00e1s brillantes de nuestros tiempos nos ayudan a predecir el futuro - Proyectum Chile\",\"isPartOf\":{\"@id\":\"https:\/\/proyectum.com\/cl\/#website\"},\"primaryImageOfPage\":{\"@id\":\"https:\/\/proyectum.com\/cl\/dos-de-las-mentes-mas-brillantes-de-nuestros-tiempos-nos-ayudan-a-predecir-el-futuro\/#primaryimage\"},\"image\":{\"@id\":\"https:\/\/proyectum.com\/cl\/dos-de-las-mentes-mas-brillantes-de-nuestros-tiempos-nos-ayudan-a-predecir-el-futuro\/#primaryimage\"},\"thumbnailUrl\":\"https:\/\/proyectum.com\/cl\/wp-content\/uploads\/2017\/11\/Mentes-brillantes-predicen-futuro.jpg\",\"datePublished\":\"2017-11-08T11:00:09+00:00\",\"breadcrumb\":{\"@id\":\"https:\/\/proyectum.com\/cl\/dos-de-las-mentes-mas-brillantes-de-nuestros-tiempos-nos-ayudan-a-predecir-el-futuro\/#breadcrumb\"},\"inLanguage\":\"es\",\"potentialAction\":[{\"@type\":\"ReadAction\",\"target\":[\"https:\/\/proyectum.com\/cl\/dos-de-las-mentes-mas-brillantes-de-nuestros-tiempos-nos-ayudan-a-predecir-el-futuro\/\"]}]},{\"@type\":\"ImageObject\",\"inLanguage\":\"es\",\"@id\":\"https:\/\/proyectum.com\/cl\/dos-de-las-mentes-mas-brillantes-de-nuestros-tiempos-nos-ayudan-a-predecir-el-futuro\/#primaryimage\",\"url\":\"https:\/\/proyectum.com\/cl\/wp-content\/uploads\/2017\/11\/Mentes-brillantes-predicen-futuro.jpg\",\"contentUrl\":\"https:\/\/proyectum.com\/cl\/wp-content\/uploads\/2017\/11\/Mentes-brillantes-predicen-futuro.jpg\",\"width\":1100,\"height\":570,\"caption\":\"Mentes brillantes predicen futuro\"},{\"@type\":\"BreadcrumbList\",\"@id\":\"https:\/\/proyectum.com\/cl\/dos-de-las-mentes-mas-brillantes-de-nuestros-tiempos-nos-ayudan-a-predecir-el-futuro\/#breadcrumb\",\"itemListElement\":[{\"@type\":\"ListItem\",\"position\":1,\"name\":\"Home\",\"item\":\"https:\/\/proyectum.com\/cl\/\"},{\"@type\":\"ListItem\",\"position\":2,\"name\":\"Dos de las mentes m\u00e1s brillantes de nuestros tiempos nos ayudan a predecir el futuro\"}]},{\"@type\":\"WebSite\",\"@id\":\"https:\/\/proyectum.com\/cl\/#website\",\"url\":\"https:\/\/proyectum.com\/cl\/\",\"name\":\"Proyectum Chile\",\"description\":\"Direcci\u00f3n de Proyectos y Metodolog\u00edas \u00c1giles\",\"publisher\":{\"@id\":\"https:\/\/proyectum.com\/cl\/#organization\"},\"potentialAction\":[{\"@type\":\"SearchAction\",\"target\":{\"@type\":\"EntryPoint\",\"urlTemplate\":\"https:\/\/proyectum.com\/cl\/?s={search_term_string}\"},\"query-input\":{\"@type\":\"PropertyValueSpecification\",\"valueRequired\":true,\"valueName\":\"search_term_string\"}}],\"inLanguage\":\"es\"},{\"@type\":\"Organization\",\"@id\":\"https:\/\/proyectum.com\/cl\/#organization\",\"name\":\"Proyectum Chile\",\"url\":\"https:\/\/proyectum.com\/cl\/\",\"logo\":{\"@type\":\"ImageObject\",\"inLanguage\":\"es\",\"@id\":\"https:\/\/proyectum.com\/cl\/#\/schema\/logo\/image\/\",\"url\":\"https:\/\/proyectum.com\/cl\/wp-content\/uploads\/2020\/04\/proyectum-logo-snippet.png\",\"contentUrl\":\"https:\/\/proyectum.com\/cl\/wp-content\/uploads\/2020\/04\/proyectum-logo-snippet.png\",\"width\":600,\"height\":315,\"caption\":\"Proyectum Chile\"},\"image\":{\"@id\":\"https:\/\/proyectum.com\/cl\/#\/schema\/logo\/image\/\"},\"sameAs\":[\"https:\/\/www.facebook.com\/proyectumchile\/\",\"https:\/\/www.linkedin.com\/company\/proyectum-cl\/\",\"https:\/\/www.instagram.com\/proyectumchile\/\",\"https:\/\/www.youtube.com\/@proyectum2283\/videos\"]},{\"@type\":\"Person\",\"@id\":\"https:\/\/proyectum.com\/cl\/#\/schema\/person\/7d5caa4386a11be650af177d3f2e5aee\",\"name\":\"Proyectum 2025\",\"image\":{\"@type\":\"ImageObject\",\"inLanguage\":\"es\",\"@id\":\"https:\/\/proyectum.com\/cl\/#\/schema\/person\/image\/\",\"url\":\"https:\/\/secure.gravatar.com\/avatar\/df82793fddd8f0a5a84fdb27d958bf73?s=96&d=mm&r=g\",\"contentUrl\":\"https:\/\/secure.gravatar.com\/avatar\/df82793fddd8f0a5a84fdb27d958bf73?s=96&d=mm&r=g\",\"caption\":\"Proyectum 2025\"}}]}<\/script>\n<!-- \/ Yoast SEO plugin. -->","yoast_head_json":{"title":"Dos de las mentes m\u00e1s brillantes de nuestros tiempos nos ayudan a predecir el futuro - Proyectum Chile","robots":{"index":"index","follow":"follow","max-snippet":"max-snippet:-1","max-image-preview":"max-image-preview:large","max-video-preview":"max-video-preview:-1"},"canonical":"https:\/\/proyectum.com\/cl\/dos-de-las-mentes-mas-brillantes-de-nuestros-tiempos-nos-ayudan-a-predecir-el-futuro\/","og_locale":"es_ES","og_type":"article","og_title":"Dos de las mentes m\u00e1s brillantes de nuestros tiempos nos ayudan a predecir el futuro - Proyectum Chile","og_description":"Nos encontramos en las \u00faltimas semanas del a\u00f1o y es un momento que muchos aprovechan para planificar los retos del 2018. Considero que al momento de estar planeando el siguiente a\u00f1o es inevitable que nuestra mente divague un poco y se de rienda suelta contemplando posibles escenarios de lo que podr\u00eda ocurrir, no s\u00f3lo en [&hellip;]","og_url":"https:\/\/proyectum.com\/cl\/dos-de-las-mentes-mas-brillantes-de-nuestros-tiempos-nos-ayudan-a-predecir-el-futuro\/","og_site_name":"Proyectum Chile","article_publisher":"https:\/\/www.facebook.com\/proyectumchile\/","article_published_time":"2017-11-08T11:00:09+00:00","og_image":[{"width":1100,"height":570,"url":"https:\/\/proyectum.com\/cl\/wp-content\/uploads\/2017\/11\/Mentes-brillantes-predicen-futuro.jpg","type":"image\/jpeg"}],"author":"Proyectum 2025","twitter_card":"summary_large_image","twitter_misc":{"Escrito por":"Proyectum 2025","Tiempo de lectura":"3 minutos"},"schema":{"@context":"https:\/\/schema.org","@graph":[{"@type":"Article","@id":"https:\/\/proyectum.com\/cl\/dos-de-las-mentes-mas-brillantes-de-nuestros-tiempos-nos-ayudan-a-predecir-el-futuro\/#article","isPartOf":{"@id":"https:\/\/proyectum.com\/cl\/dos-de-las-mentes-mas-brillantes-de-nuestros-tiempos-nos-ayudan-a-predecir-el-futuro\/"},"author":{"name":"Proyectum 2025","@id":"https:\/\/proyectum.com\/cl\/#\/schema\/person\/7d5caa4386a11be650af177d3f2e5aee"},"headline":"Dos de las mentes m\u00e1s brillantes de nuestros tiempos nos ayudan a predecir el futuro","datePublished":"2017-11-08T11:00:09+00:00","mainEntityOfPage":{"@id":"https:\/\/proyectum.com\/cl\/dos-de-las-mentes-mas-brillantes-de-nuestros-tiempos-nos-ayudan-a-predecir-el-futuro\/"},"wordCount":702,"commentCount":0,"publisher":{"@id":"https:\/\/proyectum.com\/cl\/#organization"},"image":{"@id":"https:\/\/proyectum.com\/cl\/dos-de-las-mentes-mas-brillantes-de-nuestros-tiempos-nos-ayudan-a-predecir-el-futuro\/#primaryimage"},"thumbnailUrl":"https:\/\/proyectum.com\/cl\/wp-content\/uploads\/2017\/11\/Mentes-brillantes-predicen-futuro.jpg","keywords":["Alvin Toffler","colonizar Marte","comunidad global","destruir c\u00e9lulas cancerosas","disrupciones tecnol\u00f3gicas","elon musk","Extender la vida humana saludable","Inteligencia artificial","Inteligencia Artificial alcances","Inteligencia Artificial Sophia","Mark Zuckerberg","mentes brillantes","mundo de la tecnolog\u00eda","nanorobots","peter diamandis","Peter Diamandis y Elon Musk","planeando el siguiente a\u00f1o","Raymond Kurzweil","Singularity University","Tercera Guerra Mundial"],"articleSection":["Editorial","Innovaci\u00f3n","Liderazgo"],"inLanguage":"es","potentialAction":[{"@type":"CommentAction","name":"Comment","target":["https:\/\/proyectum.com\/cl\/dos-de-las-mentes-mas-brillantes-de-nuestros-tiempos-nos-ayudan-a-predecir-el-futuro\/#respond"]}]},{"@type":"WebPage","@id":"https:\/\/proyectum.com\/cl\/dos-de-las-mentes-mas-brillantes-de-nuestros-tiempos-nos-ayudan-a-predecir-el-futuro\/","url":"https:\/\/proyectum.com\/cl\/dos-de-las-mentes-mas-brillantes-de-nuestros-tiempos-nos-ayudan-a-predecir-el-futuro\/","name":"Dos de las mentes m\u00e1s brillantes de nuestros tiempos nos ayudan a predecir el futuro - Proyectum Chile","isPartOf":{"@id":"https:\/\/proyectum.com\/cl\/#website"},"primaryImageOfPage":{"@id":"https:\/\/proyectum.com\/cl\/dos-de-las-mentes-mas-brillantes-de-nuestros-tiempos-nos-ayudan-a-predecir-el-futuro\/#primaryimage"},"image":{"@id":"https:\/\/proyectum.com\/cl\/dos-de-las-mentes-mas-brillantes-de-nuestros-tiempos-nos-ayudan-a-predecir-el-futuro\/#primaryimage"},"thumbnailUrl":"https:\/\/proyectum.com\/cl\/wp-content\/uploads\/2017\/11\/Mentes-brillantes-predicen-futuro.jpg","datePublished":"2017-11-08T11:00:09+00:00","breadcrumb":{"@id":"https:\/\/proyectum.com\/cl\/dos-de-las-mentes-mas-brillantes-de-nuestros-tiempos-nos-ayudan-a-predecir-el-futuro\/#breadcrumb"},"inLanguage":"es","potentialAction":[{"@type":"ReadAction","target":["https:\/\/proyectum.com\/cl\/dos-de-las-mentes-mas-brillantes-de-nuestros-tiempos-nos-ayudan-a-predecir-el-futuro\/"]}]},{"@type":"ImageObject","inLanguage":"es","@id":"https:\/\/proyectum.com\/cl\/dos-de-las-mentes-mas-brillantes-de-nuestros-tiempos-nos-ayudan-a-predecir-el-futuro\/#primaryimage","url":"https:\/\/proyectum.com\/cl\/wp-content\/uploads\/2017\/11\/Mentes-brillantes-predicen-futuro.jpg","contentUrl":"https:\/\/proyectum.com\/cl\/wp-content\/uploads\/2017\/11\/Mentes-brillantes-predicen-futuro.jpg","width":1100,"height":570,"caption":"Mentes brillantes predicen futuro"},{"@type":"BreadcrumbList","@id":"https:\/\/proyectum.com\/cl\/dos-de-las-mentes-mas-brillantes-de-nuestros-tiempos-nos-ayudan-a-predecir-el-futuro\/#breadcrumb","itemListElement":[{"@type":"ListItem","position":1,"name":"Home","item":"https:\/\/proyectum.com\/cl\/"},{"@type":"ListItem","position":2,"name":"Dos de las mentes m\u00e1s brillantes de nuestros tiempos nos ayudan a predecir el futuro"}]},{"@type":"WebSite","@id":"https:\/\/proyectum.com\/cl\/#website","url":"https:\/\/proyectum.com\/cl\/","name":"Proyectum Chile","description":"Direcci\u00f3n de Proyectos y Metodolog\u00edas \u00c1giles","publisher":{"@id":"https:\/\/proyectum.com\/cl\/#organization"},"potentialAction":[{"@type":"SearchAction","target":{"@type":"EntryPoint","urlTemplate":"https:\/\/proyectum.com\/cl\/?s={search_term_string}"},"query-input":{"@type":"PropertyValueSpecification","valueRequired":true,"valueName":"search_term_string"}}],"inLanguage":"es"},{"@type":"Organization","@id":"https:\/\/proyectum.com\/cl\/#organization","name":"Proyectum Chile","url":"https:\/\/proyectum.com\/cl\/","logo":{"@type":"ImageObject","inLanguage":"es","@id":"https:\/\/proyectum.com\/cl\/#\/schema\/logo\/image\/","url":"https:\/\/proyectum.com\/cl\/wp-content\/uploads\/2020\/04\/proyectum-logo-snippet.png","contentUrl":"https:\/\/proyectum.com\/cl\/wp-content\/uploads\/2020\/04\/proyectum-logo-snippet.png","width":600,"height":315,"caption":"Proyectum Chile"},"image":{"@id":"https:\/\/proyectum.com\/cl\/#\/schema\/logo\/image\/"},"sameAs":["https:\/\/www.facebook.com\/proyectumchile\/","https:\/\/www.linkedin.com\/company\/proyectum-cl\/","https:\/\/www.instagram.com\/proyectumchile\/","https:\/\/www.youtube.com\/@proyectum2283\/videos"]},{"@type":"Person","@id":"https:\/\/proyectum.com\/cl\/#\/schema\/person\/7d5caa4386a11be650af177d3f2e5aee","name":"Proyectum 2025","image":{"@type":"ImageObject","inLanguage":"es","@id":"https:\/\/proyectum.com\/cl\/#\/schema\/person\/image\/","url":"https:\/\/secure.gravatar.com\/avatar\/df82793fddd8f0a5a84fdb27d958bf73?s=96&d=mm&r=g","contentUrl":"https:\/\/secure.gravatar.com\/avatar\/df82793fddd8f0a5a84fdb27d958bf73?s=96&d=mm&r=g","caption":"Proyectum 2025"}}]}},"_links":{"self":[{"href":"https:\/\/proyectum.com\/cl\/wp-json\/wp\/v2\/posts\/3560","targetHints":{"allow":["GET"]}}],"collection":[{"href":"https:\/\/proyectum.com\/cl\/wp-json\/wp\/v2\/posts"}],"about":[{"href":"https:\/\/proyectum.com\/cl\/wp-json\/wp\/v2\/types\/post"}],"author":[{"embeddable":true,"href":"https:\/\/proyectum.com\/cl\/wp-json\/wp\/v2\/users\/26"}],"replies":[{"embeddable":true,"href":"https:\/\/proyectum.com\/cl\/wp-json\/wp\/v2\/comments?post=3560"}],"version-history":[{"count":0,"href":"https:\/\/proyectum.com\/cl\/wp-json\/wp\/v2\/posts\/3560\/revisions"}],"wp:featuredmedia":[{"embeddable":true,"href":"https:\/\/proyectum.com\/cl\/wp-json\/wp\/v2\/media\/3561"}],"wp:attachment":[{"href":"https:\/\/proyectum.com\/cl\/wp-json\/wp\/v2\/media?parent=3560"}],"wp:term":[{"taxonomy":"category","embeddable":true,"href":"https:\/\/proyectum.com\/cl\/wp-json\/wp\/v2\/categories?post=3560"},{"taxonomy":"post_tag","embeddable":true,"href":"https:\/\/proyectum.com\/cl\/wp-json\/wp\/v2\/tags?post=3560"}],"curies":[{"name":"wp","href":"https:\/\/api.w.org\/{rel}","templated":true}]}}