{"id":3587,"date":"2017-11-22T07:24:39","date_gmt":"2017-11-22T13:24:39","guid":{"rendered":"http:\/\/www.proyectum.lat\/?p=3587"},"modified":"2017-11-22T07:24:39","modified_gmt":"2017-11-22T13:24:39","slug":"5-recomendaciones-para-que-en-el-2018-tu-carrera-profesional-sea-mejor-que-este-ano","status":"publish","type":"post","link":"https:\/\/proyectum.com\/cl\/5-recomendaciones-para-que-en-el-2018-tu-carrera-profesional-sea-mejor-que-este-ano\/","title":{"rendered":"5 recomendaciones para que en el 2018  tu carrera profesional sea mejor que este a\u00f1o"},"content":{"rendered":"<p>Al momento de publicar este art\u00edculo tan solo <strong>5 semanas nos separan del 2018<\/strong>. Para muchos, me incluy\u00f3, este periodo en el que termina e inicia un a\u00f1o nuevo es perfecto para visualizar los <strong>retos profesionales<\/strong> que nos esperan en los pr\u00f3ximos meses.<\/p>\n<p>Si eres del tipo de persona que se niega a ser como una cometa que va hacia donde el viento lo lleve, seguramente <strong>planear tu carrera profesional<\/strong> para el 2018 te hace sentir con un paso adelante e incluso te emociona. Si es tu caso, a continuaci\u00f3n te compartimos 5 recomendaciones para que tu carrera profesional siga en ascenso.<\/p>\n<p><strong>1- Planea.<\/strong> En este <a href=\"http:\/\/www.proyectum.lat\/2017\/10\/17\/el-valor-de-la-planeacion\/\" target=\"_blank\" rel=\"noopener noreferrer\">blog<\/a> ya hemos hablado del <strong>valor de la planeaci\u00f3n<\/strong> en los proyectos, pues bien, los pr\u00f3ximos 12 meses en tu carrera profesional son un proyecto importante que merece ser planeado. <strong>Visualiza la meta y los objetivos que deseas alcanzar<\/strong> al final del siguiente a\u00f1o, identifica a los interesados del proyecto, aquellas personas que te pueden ayudar o interferir para cumplir tus objetivos, planea el presupuesto que vas a requerir, identifica los riesgos que se pueden presentar y arma una ruta con los objetivos que vas a ir consiguiendo hasta llegar a la gran meta.<\/p>\n<p>Si est\u00e1s decidido a planear te aseguro que llegar\u00e1s a un mejor entendimiento de las cosas que quieres lograr y el c\u00f3mo las conseguir\u00e1s. Una herramienta que te ser\u00e1 de gran utilidad es la <strong>WBS<\/strong>, pues es muy visual y al estar arm\u00e1ndolo, entender\u00e1s las dimensiones e implicaciones de tu proyecto. <a href=\"http:\/\/www.proyectum.lat\/2017\/01\/16\/cinco-consejos-para-crear-una-estructura-de-desglose-de-trabajo-wbs\/\">Aqu\u00ed algunos consejos<\/a> para crear tu <strong>WBS<\/strong>.<\/p>\n<p><strong>2- Piensa en el siguiente trabajo.<\/strong> Hay un dicho conocido por muchos: \u201c<em>el mejor momento para buscar un trabajo es cuando no lo necesitas<\/em>\u201d. Como dice un reciente art\u00edculo de <a href=\"https:\/\/www.fastcompany.com\/40497833\/how-to-plan-for-your-next-job-before-youre-ready-to-look-for-it\" rel=\"noopener noreferrer\" target=\"_blank\">Fast Company<\/a>: \u201c<em>El objetivo no es fomentar acciones paranoides, presuntuosas o prematuras<\/em>\u201d, se trata de tener al menos una ligera ventaja cuando las situaciones se compliquen. Imagina que el d\u00eda de hoy te anuncian que es tu \u00faltimo d\u00eda en tu empleo actual, ma\u00f1ana tendr\u00edas que comenzar a buscar un nuevo empleo, lo que significa actualizar tu Curr\u00edculo, registrarte en bolsas de trabajo y retomar tu perfil en <strong>LinkedIn<\/strong>.<\/p>\n<p>La recomendaci\u00f3n es, mant\u00e9n constantemente actualizado tu curr\u00edculo. Por ejemplo cada dos meses rev\u00edsalo y agrega logros y reconocimientos que hayas obtenido. En <strong>LinkedIn<\/strong>, vu\u00e9lvete un usuario frecuente, actualiza tu perfil y constantemente comparte contenido o comenta en publicaciones que te parezcan interesantes.<\/p>\n<p>Recuerda que, incluso si no est\u00e1s buscando trabajo, seguir est\u00e1s recomendaciones te mantendr\u00e1n con una ventaja al momento que quieras dar un siguiente paso en tu carrera profesional.<\/p>\n<p><strong>3- Sigue aprendiendo.<\/strong> Una gran diferencia entre los j\u00f3venes que reci\u00e9n llegan a un empleo y las personas que llevan ah\u00ed a\u00f1os son las ganas de aprender. Procura que esa hambre de conocimiento no se pierda con el pasar de los a\u00f1os.<\/p>\n<p>Tambi\u00e9n en otra ocasi\u00f3n mencionamos en este <a href=\"http:\/\/www.proyectum.lat\/2017\/04\/06\/no-soy-bueno-para-esto-la-excusa-perfecta-para-no-seguir-aprendiendo\/\" rel=\"noopener noreferrer\" target=\"_blank\">espacio<\/a> sobre las personas que ante un nuevo reto mencionan: \u201c<em>Es que no soy bueno para eso<\/em>\u201d, este tipo de personas se dice que tienen una <strong>mentalidad fija<\/strong>, las cuales atribuyen sus logros a sus talentos innatos.<\/p>\n<p>Procura mantener una <strong>mentalidad en crecimiento<\/strong>, aprendiendo cosas nuevas, desarrollando nuevas habilidades y afrontando los retos que se te presenten. Si es algo que en verdad desconoces no te cierres por completo y cambia la frase \u201c<em>no soy bueno para eso<\/em>\u201d por \u201c<strong><strong>todav\u00eda<\/strong> no soy bueno para eso<\/strong>\u201d, esa peque\u00f1a palabra marca una gran diferencia, pues denota que a\u00fan est\u00e1s en un <strong>proceso de aprendizaje<\/strong>.<\/p>\n<p><strong>4- Comparte tus ideas.<\/strong> Considero que la gran mayor\u00eda de las personas aun no le dan el valor que se merece a las redes sociales como un foro para compartir ideas e ir construyendo una marca personal. <strong>Dorie Clark<\/strong>, consultora de estrategias de marketing, escritora y conferencista menciona lo siguiente: \u201c<em>\u2026si no compartes tus ideas, nadie sabr\u00e1 si son buenas. Si deseas tener un impacto m\u00e1s all\u00e1 del pu\u00f1ado de personas con las que trabajas, tendr\u00e1s que empezar a escribir y hablar sobre las ideas que te entusiasman\u2026<\/em>\u201d<\/p>\n<p>Las redes sociales, blogs y otras plataformas como los podcast, son los medios que pueden hacer resonar tus ideas, son gratuitas y solo hace falta que pongas el contenido.<\/p>\n<p><strong>5- Tener m\u00e1s de una fuente de ingresos.<\/strong> Esta recomendaci\u00f3n tambi\u00e9n viene de Dorie Clark, quien menciona en <a href=\"https:\/\/www.weforum.org\/es\/agenda\/2017\/11\/esta-mujer-tiene-siete-fuentes-de-ingresos-y-dice-que-es-necesario-diversificar-el-poder-adquisitivo\" rel=\"noopener noreferrer\" target=\"_blank\">este art\u00edculo<\/a> que es importante <strong>diversificar nuestros ingresos<\/strong> y <strong>nuestra carrera profesional<\/strong> para no quedar de brazos cruzados en caso de perder el trabajo actual. Una de las mejores formas en las que se puede crear una estabilidad profesional real es desarrollar <strong>m\u00faltiples fuentes de ingresos<\/strong>.<\/p>\n<p>Clark menciona que actualmente tiene siete fuentes de ingresos y recomienda seguir su ejemplo.<br \/>\nSi actualmente tienes un trabajo que es tu principal y \u00fanica fuente de ingresos, deber\u00edas pensar en desarrollar una fuente de ingresos secundaria, como por ejemplo impartir conferencias o tener una tienda en l\u00ednea.<\/p>\n<p>Esperamos que estas recomendaciones <strong>aporten valor en tu carrera profesional<\/strong> y en verdad nos entusiasma el poder conocer recomendaciones que t\u00fa tengas en mente\u2026 \u00a1Recuerda compartir tus ideas en los comentarios!<\/p>\n<p>Sobre el autor: <a href=\"http:\/\/about.me\/omargarcia\" target=\"_blank\" rel=\"noopener noreferrer\">Omar Garc\u00eda<\/a>.<\/p>\n<p><a href=\"https:\/\/goo.gl\/g2SWSz\" target=\"_blank\" rel=\"noopener noreferrer\"><img fetchpriority=\"high\" decoding=\"async\" src=\"http:\/\/www.proyectum.lat\/wp-content\/uploads\/2017\/11\/Banner-Programa-de-becarios.png\" alt=\"Banner Programa de becarios\" width=\"1030\" height=\"189\" class=\"alignnone size-full wp-image-3621\" \/><\/a><\/p>\n","protected":false},"excerpt":{"rendered":"<p>Al momento de publicar este art\u00edculo tan solo 5 semanas nos separan del 2018. Para muchos, me incluy\u00f3, este periodo en el que termina e inicia un a\u00f1o nuevo es perfecto para visualizar los retos profesionales que nos esperan en los pr\u00f3ximos meses. Si eres del tipo de persona que se niega a ser como [&hellip;]<\/p>\n","protected":false},"author":26,"featured_media":3592,"comment_status":"open","ping_status":"open","sticky":false,"template":"","format":"standard","meta":{"_acf_changed":false,"footnotes":""},"categories":[231,232],"tags":[903,904,905,906,907,908,255,909,910,467,911,912,913,468,914,915,916,219],"class_list":["post-3587","post","type-post","status-publish","format-standard","has-post-thumbnail","hentry","category-recursos-humanos","category-reflexiones","tag-aporten-valor-en-tu-carrera-profesional","tag-consejos-para-crear-tu-wbs","tag-diversificar-carrera-profesional","tag-diversificar-nuestros-ingresos","tag-dorie-clark","tag-es-que-no-soy-bueno-para-eso","tag-interesados-del-proyecto","tag-linkedin","tag-mentalidad-en-crecimiento","tag-mentalidad-fija","tag-multiples-fuentes-de-ingresos","tag-nuestra-carrera-profesional","tag-planear-tu-carrera-profesional","tag-proceso-de-aprendizaje","tag-retos-profesionales","tag-valor-de-la-planeacion","tag-visualiza-la-meta-y-los-objetivos-que-deseas-alcanzar","tag-wbs"],"acf":[],"yoast_head":"<!-- This site is optimized with the Yoast SEO plugin v24.4 - https:\/\/yoast.com\/wordpress\/plugins\/seo\/ -->\n<title>5 recomendaciones para que en el 2018 tu carrera profesional sea mejor que este a\u00f1o - Proyectum Chile<\/title>\n<meta name=\"robots\" content=\"index, follow, max-snippet:-1, max-image-preview:large, max-video-preview:-1\" \/>\n<link rel=\"canonical\" href=\"https:\/\/proyectum.com\/cl\/5-recomendaciones-para-que-en-el-2018-tu-carrera-profesional-sea-mejor-que-este-ano\/\" \/>\n<meta property=\"og:locale\" content=\"es_ES\" \/>\n<meta property=\"og:type\" content=\"article\" \/>\n<meta property=\"og:title\" content=\"5 recomendaciones para que en el 2018 tu carrera profesional sea mejor que este a\u00f1o - Proyectum Chile\" \/>\n<meta property=\"og:description\" content=\"Al momento de publicar este art\u00edculo tan solo 5 semanas nos separan del 2018. Para muchos, me incluy\u00f3, este periodo en el que termina e inicia un a\u00f1o nuevo es perfecto para visualizar los retos profesionales que nos esperan en los pr\u00f3ximos meses. Si eres del tipo de persona que se niega a ser como [&hellip;]\" \/>\n<meta property=\"og:url\" content=\"https:\/\/proyectum.com\/cl\/5-recomendaciones-para-que-en-el-2018-tu-carrera-profesional-sea-mejor-que-este-ano\/\" \/>\n<meta property=\"og:site_name\" content=\"Proyectum Chile\" \/>\n<meta property=\"article:publisher\" content=\"https:\/\/www.facebook.com\/proyectumchile\/\" \/>\n<meta property=\"article:published_time\" content=\"2017-11-22T13:24:39+00:00\" \/>\n<meta property=\"og:image\" content=\"https:\/\/proyectum.com\/cl\/wp-content\/uploads\/2017\/11\/5-recomendaciones-trabajo.jpg\" \/>\n\t<meta property=\"og:image:width\" content=\"1209\" \/>\n\t<meta property=\"og:image:height\" content=\"606\" \/>\n\t<meta property=\"og:image:type\" content=\"image\/jpeg\" \/>\n<meta name=\"author\" content=\"Proyectum 2025\" \/>\n<meta name=\"twitter:card\" content=\"summary_large_image\" \/>\n<meta name=\"twitter:label1\" content=\"Escrito por\" \/>\n\t<meta name=\"twitter:data1\" content=\"Proyectum 2025\" \/>\n\t<meta name=\"twitter:label2\" content=\"Tiempo de lectura\" \/>\n\t<meta name=\"twitter:data2\" content=\"4 minutos\" \/>\n<script type=\"application\/ld+json\" class=\"yoast-schema-graph\">{\"@context\":\"https:\/\/schema.org\",\"@graph\":[{\"@type\":\"Article\",\"@id\":\"https:\/\/proyectum.com\/cl\/5-recomendaciones-para-que-en-el-2018-tu-carrera-profesional-sea-mejor-que-este-ano\/#article\",\"isPartOf\":{\"@id\":\"https:\/\/proyectum.com\/cl\/5-recomendaciones-para-que-en-el-2018-tu-carrera-profesional-sea-mejor-que-este-ano\/\"},\"author\":{\"name\":\"Proyectum 2025\",\"@id\":\"https:\/\/proyectum.com\/cl\/#\/schema\/person\/7d5caa4386a11be650af177d3f2e5aee\"},\"headline\":\"5 recomendaciones para que en el 2018 tu carrera profesional sea mejor que este a\u00f1o\",\"datePublished\":\"2017-11-22T13:24:39+00:00\",\"mainEntityOfPage\":{\"@id\":\"https:\/\/proyectum.com\/cl\/5-recomendaciones-para-que-en-el-2018-tu-carrera-profesional-sea-mejor-que-este-ano\/\"},\"wordCount\":902,\"commentCount\":0,\"publisher\":{\"@id\":\"https:\/\/proyectum.com\/cl\/#organization\"},\"image\":{\"@id\":\"https:\/\/proyectum.com\/cl\/5-recomendaciones-para-que-en-el-2018-tu-carrera-profesional-sea-mejor-que-este-ano\/#primaryimage\"},\"thumbnailUrl\":\"https:\/\/proyectum.com\/cl\/wp-content\/uploads\/2017\/11\/5-recomendaciones-trabajo.jpg\",\"keywords\":[\"aporten valor en tu carrera profesional\",\"consejos para crear tu WBS\",\"diversificar carrera profesional\",\"diversificar nuestros ingresos\",\"Dorie Clark\",\"Es que no soy bueno para eso\",\"interesados del proyecto\",\"LinkedIn\",\"mentalidad en crecimiento\",\"mentalidad fija\",\"m\u00faltiples fuentes de ingresos\",\"nuestra carrera profesional\",\"planear tu carrera profesional\",\"proceso de aprendizaje\",\"retos profesionales\",\"valor de la planeaci\u00f3n\",\"Visualiza la meta y los objetivos que deseas alcanzar\",\"WBS\"],\"articleSection\":[\"Recursos Humanos\",\"Reflexiones\"],\"inLanguage\":\"es\",\"potentialAction\":[{\"@type\":\"CommentAction\",\"name\":\"Comment\",\"target\":[\"https:\/\/proyectum.com\/cl\/5-recomendaciones-para-que-en-el-2018-tu-carrera-profesional-sea-mejor-que-este-ano\/#respond\"]}]},{\"@type\":\"WebPage\",\"@id\":\"https:\/\/proyectum.com\/cl\/5-recomendaciones-para-que-en-el-2018-tu-carrera-profesional-sea-mejor-que-este-ano\/\",\"url\":\"https:\/\/proyectum.com\/cl\/5-recomendaciones-para-que-en-el-2018-tu-carrera-profesional-sea-mejor-que-este-ano\/\",\"name\":\"5 recomendaciones para que en el 2018 tu carrera profesional sea mejor que este a\u00f1o - Proyectum Chile\",\"isPartOf\":{\"@id\":\"https:\/\/proyectum.com\/cl\/#website\"},\"primaryImageOfPage\":{\"@id\":\"https:\/\/proyectum.com\/cl\/5-recomendaciones-para-que-en-el-2018-tu-carrera-profesional-sea-mejor-que-este-ano\/#primaryimage\"},\"image\":{\"@id\":\"https:\/\/proyectum.com\/cl\/5-recomendaciones-para-que-en-el-2018-tu-carrera-profesional-sea-mejor-que-este-ano\/#primaryimage\"},\"thumbnailUrl\":\"https:\/\/proyectum.com\/cl\/wp-content\/uploads\/2017\/11\/5-recomendaciones-trabajo.jpg\",\"datePublished\":\"2017-11-22T13:24:39+00:00\",\"breadcrumb\":{\"@id\":\"https:\/\/proyectum.com\/cl\/5-recomendaciones-para-que-en-el-2018-tu-carrera-profesional-sea-mejor-que-este-ano\/#breadcrumb\"},\"inLanguage\":\"es\",\"potentialAction\":[{\"@type\":\"ReadAction\",\"target\":[\"https:\/\/proyectum.com\/cl\/5-recomendaciones-para-que-en-el-2018-tu-carrera-profesional-sea-mejor-que-este-ano\/\"]}]},{\"@type\":\"ImageObject\",\"inLanguage\":\"es\",\"@id\":\"https:\/\/proyectum.com\/cl\/5-recomendaciones-para-que-en-el-2018-tu-carrera-profesional-sea-mejor-que-este-ano\/#primaryimage\",\"url\":\"https:\/\/proyectum.com\/cl\/wp-content\/uploads\/2017\/11\/5-recomendaciones-trabajo.jpg\",\"contentUrl\":\"https:\/\/proyectum.com\/cl\/wp-content\/uploads\/2017\/11\/5-recomendaciones-trabajo.jpg\",\"width\":1209,\"height\":606,\"caption\":\"5 recomendaciones trabajo\"},{\"@type\":\"BreadcrumbList\",\"@id\":\"https:\/\/proyectum.com\/cl\/5-recomendaciones-para-que-en-el-2018-tu-carrera-profesional-sea-mejor-que-este-ano\/#breadcrumb\",\"itemListElement\":[{\"@type\":\"ListItem\",\"position\":1,\"name\":\"Home\",\"item\":\"https:\/\/proyectum.com\/cl\/\"},{\"@type\":\"ListItem\",\"position\":2,\"name\":\"5 recomendaciones para que en el 2018 tu carrera profesional sea mejor que este a\u00f1o\"}]},{\"@type\":\"WebSite\",\"@id\":\"https:\/\/proyectum.com\/cl\/#website\",\"url\":\"https:\/\/proyectum.com\/cl\/\",\"name\":\"Proyectum Chile\",\"description\":\"Direcci\u00f3n de Proyectos y Metodolog\u00edas \u00c1giles\",\"publisher\":{\"@id\":\"https:\/\/proyectum.com\/cl\/#organization\"},\"potentialAction\":[{\"@type\":\"SearchAction\",\"target\":{\"@type\":\"EntryPoint\",\"urlTemplate\":\"https:\/\/proyectum.com\/cl\/?s={search_term_string}\"},\"query-input\":{\"@type\":\"PropertyValueSpecification\",\"valueRequired\":true,\"valueName\":\"search_term_string\"}}],\"inLanguage\":\"es\"},{\"@type\":\"Organization\",\"@id\":\"https:\/\/proyectum.com\/cl\/#organization\",\"name\":\"Proyectum Chile\",\"url\":\"https:\/\/proyectum.com\/cl\/\",\"logo\":{\"@type\":\"ImageObject\",\"inLanguage\":\"es\",\"@id\":\"https:\/\/proyectum.com\/cl\/#\/schema\/logo\/image\/\",\"url\":\"https:\/\/proyectum.com\/cl\/wp-content\/uploads\/2020\/04\/proyectum-logo-snippet.png\",\"contentUrl\":\"https:\/\/proyectum.com\/cl\/wp-content\/uploads\/2020\/04\/proyectum-logo-snippet.png\",\"width\":600,\"height\":315,\"caption\":\"Proyectum Chile\"},\"image\":{\"@id\":\"https:\/\/proyectum.com\/cl\/#\/schema\/logo\/image\/\"},\"sameAs\":[\"https:\/\/www.facebook.com\/proyectumchile\/\",\"https:\/\/www.linkedin.com\/company\/proyectum-cl\/\",\"https:\/\/www.instagram.com\/proyectumchile\/\",\"https:\/\/www.youtube.com\/@proyectum2283\/videos\"]},{\"@type\":\"Person\",\"@id\":\"https:\/\/proyectum.com\/cl\/#\/schema\/person\/7d5caa4386a11be650af177d3f2e5aee\",\"name\":\"Proyectum 2025\",\"image\":{\"@type\":\"ImageObject\",\"inLanguage\":\"es\",\"@id\":\"https:\/\/proyectum.com\/cl\/#\/schema\/person\/image\/\",\"url\":\"https:\/\/secure.gravatar.com\/avatar\/df82793fddd8f0a5a84fdb27d958bf73?s=96&d=mm&r=g\",\"contentUrl\":\"https:\/\/secure.gravatar.com\/avatar\/df82793fddd8f0a5a84fdb27d958bf73?s=96&d=mm&r=g\",\"caption\":\"Proyectum 2025\"}}]}<\/script>\n<!-- \/ Yoast SEO plugin. -->","yoast_head_json":{"title":"5 recomendaciones para que en el 2018 tu carrera profesional sea mejor que este a\u00f1o - Proyectum Chile","robots":{"index":"index","follow":"follow","max-snippet":"max-snippet:-1","max-image-preview":"max-image-preview:large","max-video-preview":"max-video-preview:-1"},"canonical":"https:\/\/proyectum.com\/cl\/5-recomendaciones-para-que-en-el-2018-tu-carrera-profesional-sea-mejor-que-este-ano\/","og_locale":"es_ES","og_type":"article","og_title":"5 recomendaciones para que en el 2018 tu carrera profesional sea mejor que este a\u00f1o - Proyectum Chile","og_description":"Al momento de publicar este art\u00edculo tan solo 5 semanas nos separan del 2018. Para muchos, me incluy\u00f3, este periodo en el que termina e inicia un a\u00f1o nuevo es perfecto para visualizar los retos profesionales que nos esperan en los pr\u00f3ximos meses. Si eres del tipo de persona que se niega a ser como [&hellip;]","og_url":"https:\/\/proyectum.com\/cl\/5-recomendaciones-para-que-en-el-2018-tu-carrera-profesional-sea-mejor-que-este-ano\/","og_site_name":"Proyectum Chile","article_publisher":"https:\/\/www.facebook.com\/proyectumchile\/","article_published_time":"2017-11-22T13:24:39+00:00","og_image":[{"width":1209,"height":606,"url":"https:\/\/proyectum.com\/cl\/wp-content\/uploads\/2017\/11\/5-recomendaciones-trabajo.jpg","type":"image\/jpeg"}],"author":"Proyectum 2025","twitter_card":"summary_large_image","twitter_misc":{"Escrito por":"Proyectum 2025","Tiempo de lectura":"4 minutos"},"schema":{"@context":"https:\/\/schema.org","@graph":[{"@type":"Article","@id":"https:\/\/proyectum.com\/cl\/5-recomendaciones-para-que-en-el-2018-tu-carrera-profesional-sea-mejor-que-este-ano\/#article","isPartOf":{"@id":"https:\/\/proyectum.com\/cl\/5-recomendaciones-para-que-en-el-2018-tu-carrera-profesional-sea-mejor-que-este-ano\/"},"author":{"name":"Proyectum 2025","@id":"https:\/\/proyectum.com\/cl\/#\/schema\/person\/7d5caa4386a11be650af177d3f2e5aee"},"headline":"5 recomendaciones para que en el 2018 tu carrera profesional sea mejor que este a\u00f1o","datePublished":"2017-11-22T13:24:39+00:00","mainEntityOfPage":{"@id":"https:\/\/proyectum.com\/cl\/5-recomendaciones-para-que-en-el-2018-tu-carrera-profesional-sea-mejor-que-este-ano\/"},"wordCount":902,"commentCount":0,"publisher":{"@id":"https:\/\/proyectum.com\/cl\/#organization"},"image":{"@id":"https:\/\/proyectum.com\/cl\/5-recomendaciones-para-que-en-el-2018-tu-carrera-profesional-sea-mejor-que-este-ano\/#primaryimage"},"thumbnailUrl":"https:\/\/proyectum.com\/cl\/wp-content\/uploads\/2017\/11\/5-recomendaciones-trabajo.jpg","keywords":["aporten valor en tu carrera profesional","consejos para crear tu WBS","diversificar carrera profesional","diversificar nuestros ingresos","Dorie Clark","Es que no soy bueno para eso","interesados del proyecto","LinkedIn","mentalidad en crecimiento","mentalidad fija","m\u00faltiples fuentes de ingresos","nuestra carrera profesional","planear tu carrera profesional","proceso de aprendizaje","retos profesionales","valor de la planeaci\u00f3n","Visualiza la meta y los objetivos que deseas alcanzar","WBS"],"articleSection":["Recursos Humanos","Reflexiones"],"inLanguage":"es","potentialAction":[{"@type":"CommentAction","name":"Comment","target":["https:\/\/proyectum.com\/cl\/5-recomendaciones-para-que-en-el-2018-tu-carrera-profesional-sea-mejor-que-este-ano\/#respond"]}]},{"@type":"WebPage","@id":"https:\/\/proyectum.com\/cl\/5-recomendaciones-para-que-en-el-2018-tu-carrera-profesional-sea-mejor-que-este-ano\/","url":"https:\/\/proyectum.com\/cl\/5-recomendaciones-para-que-en-el-2018-tu-carrera-profesional-sea-mejor-que-este-ano\/","name":"5 recomendaciones para que en el 2018 tu carrera profesional sea mejor que este a\u00f1o - Proyectum Chile","isPartOf":{"@id":"https:\/\/proyectum.com\/cl\/#website"},"primaryImageOfPage":{"@id":"https:\/\/proyectum.com\/cl\/5-recomendaciones-para-que-en-el-2018-tu-carrera-profesional-sea-mejor-que-este-ano\/#primaryimage"},"image":{"@id":"https:\/\/proyectum.com\/cl\/5-recomendaciones-para-que-en-el-2018-tu-carrera-profesional-sea-mejor-que-este-ano\/#primaryimage"},"thumbnailUrl":"https:\/\/proyectum.com\/cl\/wp-content\/uploads\/2017\/11\/5-recomendaciones-trabajo.jpg","datePublished":"2017-11-22T13:24:39+00:00","breadcrumb":{"@id":"https:\/\/proyectum.com\/cl\/5-recomendaciones-para-que-en-el-2018-tu-carrera-profesional-sea-mejor-que-este-ano\/#breadcrumb"},"inLanguage":"es","potentialAction":[{"@type":"ReadAction","target":["https:\/\/proyectum.com\/cl\/5-recomendaciones-para-que-en-el-2018-tu-carrera-profesional-sea-mejor-que-este-ano\/"]}]},{"@type":"ImageObject","inLanguage":"es","@id":"https:\/\/proyectum.com\/cl\/5-recomendaciones-para-que-en-el-2018-tu-carrera-profesional-sea-mejor-que-este-ano\/#primaryimage","url":"https:\/\/proyectum.com\/cl\/wp-content\/uploads\/2017\/11\/5-recomendaciones-trabajo.jpg","contentUrl":"https:\/\/proyectum.com\/cl\/wp-content\/uploads\/2017\/11\/5-recomendaciones-trabajo.jpg","width":1209,"height":606,"caption":"5 recomendaciones trabajo"},{"@type":"BreadcrumbList","@id":"https:\/\/proyectum.com\/cl\/5-recomendaciones-para-que-en-el-2018-tu-carrera-profesional-sea-mejor-que-este-ano\/#breadcrumb","itemListElement":[{"@type":"ListItem","position":1,"name":"Home","item":"https:\/\/proyectum.com\/cl\/"},{"@type":"ListItem","position":2,"name":"5 recomendaciones para que en el 2018 tu carrera profesional sea mejor que este a\u00f1o"}]},{"@type":"WebSite","@id":"https:\/\/proyectum.com\/cl\/#website","url":"https:\/\/proyectum.com\/cl\/","name":"Proyectum Chile","description":"Direcci\u00f3n de Proyectos y Metodolog\u00edas \u00c1giles","publisher":{"@id":"https:\/\/proyectum.com\/cl\/#organization"},"potentialAction":[{"@type":"SearchAction","target":{"@type":"EntryPoint","urlTemplate":"https:\/\/proyectum.com\/cl\/?s={search_term_string}"},"query-input":{"@type":"PropertyValueSpecification","valueRequired":true,"valueName":"search_term_string"}}],"inLanguage":"es"},{"@type":"Organization","@id":"https:\/\/proyectum.com\/cl\/#organization","name":"Proyectum Chile","url":"https:\/\/proyectum.com\/cl\/","logo":{"@type":"ImageObject","inLanguage":"es","@id":"https:\/\/proyectum.com\/cl\/#\/schema\/logo\/image\/","url":"https:\/\/proyectum.com\/cl\/wp-content\/uploads\/2020\/04\/proyectum-logo-snippet.png","contentUrl":"https:\/\/proyectum.com\/cl\/wp-content\/uploads\/2020\/04\/proyectum-logo-snippet.png","width":600,"height":315,"caption":"Proyectum Chile"},"image":{"@id":"https:\/\/proyectum.com\/cl\/#\/schema\/logo\/image\/"},"sameAs":["https:\/\/www.facebook.com\/proyectumchile\/","https:\/\/www.linkedin.com\/company\/proyectum-cl\/","https:\/\/www.instagram.com\/proyectumchile\/","https:\/\/www.youtube.com\/@proyectum2283\/videos"]},{"@type":"Person","@id":"https:\/\/proyectum.com\/cl\/#\/schema\/person\/7d5caa4386a11be650af177d3f2e5aee","name":"Proyectum 2025","image":{"@type":"ImageObject","inLanguage":"es","@id":"https:\/\/proyectum.com\/cl\/#\/schema\/person\/image\/","url":"https:\/\/secure.gravatar.com\/avatar\/df82793fddd8f0a5a84fdb27d958bf73?s=96&d=mm&r=g","contentUrl":"https:\/\/secure.gravatar.com\/avatar\/df82793fddd8f0a5a84fdb27d958bf73?s=96&d=mm&r=g","caption":"Proyectum 2025"}}]}},"_links":{"self":[{"href":"https:\/\/proyectum.com\/cl\/wp-json\/wp\/v2\/posts\/3587","targetHints":{"allow":["GET"]}}],"collection":[{"href":"https:\/\/proyectum.com\/cl\/wp-json\/wp\/v2\/posts"}],"about":[{"href":"https:\/\/proyectum.com\/cl\/wp-json\/wp\/v2\/types\/post"}],"author":[{"embeddable":true,"href":"https:\/\/proyectum.com\/cl\/wp-json\/wp\/v2\/users\/26"}],"replies":[{"embeddable":true,"href":"https:\/\/proyectum.com\/cl\/wp-json\/wp\/v2\/comments?post=3587"}],"version-history":[{"count":0,"href":"https:\/\/proyectum.com\/cl\/wp-json\/wp\/v2\/posts\/3587\/revisions"}],"wp:featuredmedia":[{"embeddable":true,"href":"https:\/\/proyectum.com\/cl\/wp-json\/wp\/v2\/media\/3592"}],"wp:attachment":[{"href":"https:\/\/proyectum.com\/cl\/wp-json\/wp\/v2\/media?parent=3587"}],"wp:term":[{"taxonomy":"category","embeddable":true,"href":"https:\/\/proyectum.com\/cl\/wp-json\/wp\/v2\/categories?post=3587"},{"taxonomy":"post_tag","embeddable":true,"href":"https:\/\/proyectum.com\/cl\/wp-json\/wp\/v2\/tags?post=3587"}],"curies":[{"name":"wp","href":"https:\/\/api.w.org\/{rel}","templated":true}]}}