{"id":3625,"date":"2017-11-30T05:50:13","date_gmt":"2017-11-30T08:50:13","guid":{"rendered":"http:\/\/www.proyectum.lat\/?p=3625"},"modified":"2017-11-30T05:50:13","modified_gmt":"2017-11-30T08:50:13","slug":"aprendiendo-de-los-grandes-gordon-parks","status":"publish","type":"post","link":"https:\/\/proyectum.com\/cl\/aprendiendo-de-los-grandes-gordon-parks\/","title":{"rendered":"Aprendiendo de los Grandes: Gordon Parks"},"content":{"rendered":"<p>[et_pb_section admin_label=\u00bbsection\u00bb][et_pb_row admin_label=\u00bbrow\u00bb][et_pb_column type=\u00bb4_4&#8243;][et_pb_text admin_label=\u00bbText\u00bb]<\/p>\n<p>A lo largo de la historia han existido personas que sin una formaci\u00f3n profesional pueden llegar a realizar cosas sorprendentes de manera autodidacta y que dejan un precedente en la historia, por ejemplo, retratar la vida de los afroamericanos en Estados Unidos y ser el primer director de raza negra de una gran pel\u00edcula de Hollywood.<\/p>\n<p><strong>Gordon Parks<\/strong> fue un fot\u00f3grafo, escritor, m\u00fasico y director de cine. Naci\u00f3 el 30 de noviembre de 1912, en Kansas, Estados Unidos. Siendo el menor de 15 hermanos, en una familia pobre y al haber quedado hu\u00e9rfano de madre cuando tan solo ten\u00eda 14 a\u00f1os, su futuro no era nada prometedor, sobre todo si a esto le sumamos el hecho de que viv\u00eda en una \u00e9poca donde la segregaci\u00f3n racial era muy marcada en los Estados Unidos, en la cual, incluso los propios profesores los desalentaban a seguir estudiando, pues les dec\u00edan que su futuro era trabajar como portero o empleada dom\u00e9stica. Algo curioso de este hecho es que <strong>Parks<\/strong> apenas fue a la secundaria y sin embargo lleg\u00f3 a acumular m\u00e1s de cincuenta doctorados honorarios.<\/p>\n<p>Su sentimiento constante de que <strong>no deb\u00eda fracasar<\/strong>, lo llevaron a ser un autodidacta que se apasion\u00f3 por capturar y documentar muchos de los aspectos m\u00e1s importantes de la cultura estadounidense desde principio de los a\u00f1os cuarenta.<\/p>\n<p>Su talento con la c\u00e1mara lo llev\u00f3 a convertirse en un <strong>icono de la fotograf\u00eda del siglo XX<\/strong>. Fue el primer fot\u00f3grafo afroamericano de la revista LIFE, desde donde pudo captar im\u00e1genes humanitarias, relacionadas con el racismo y la pobreza, as\u00ed como tambi\u00e9n fotograf\u00edas con personajes p\u00fablicos, celebridades, pol\u00edticos, atletas y m\u00e1s.<\/p>\n<p>Adem\u00e1s de su habilidad con la fotograf\u00eda, <strong>Gordon Parks<\/strong> lleg\u00f3 a destacar tambi\u00e9n en otros campos creativos como la escritura, la m\u00fasica y el cine, donde se convirti\u00f3 en el primer cineasta negro en producir y realizar un largometraje de \u00e9xito en Hollywood, basado en su novela m\u00e1s vendida, The Learning Tree, en 1969.<\/p>\n<p>Gordon Parks continu\u00f3 trabajando hasta su muerte en 2006 y cosechando reconocimientos como la Medalla Nacional de las Artes en 1988.<\/p>\n<p>\u201c<em>Me di cuenta de que la c\u00e1mara pod\u00eda ser un arma contra la pobreza, contra el racismo, contra todo tipo de males sociales. Entonces supe que ten\u00eda que tener una<\/em>\u201d.- <strong>Gordon Parks<\/strong>.<\/p>\n<p>[\/et_pb_text][et_pb_text admin_label=\u00bbText\u00bb background_layout=\u00bblight\u00bb text_orientation=\u00bbleft\u00bb text_font_size=\u00bb13&#8243; use_border_color=\u00bboff\u00bb border_color=\u00bb#ffffff\u00bb border_style=\u00bbsolid\u00bb]<\/p>\n<p>Este art\u00edculo fue publicado originalmente en nuestro bolet\u00edn quincenal el 11 de octubre de 2017. Si quieres conocer estas historias en el momento en que las publicamos y antes que nadie, suscr\u00edbete a nuestro bolet\u00edn Proyectum.<\/p>\n<p>[author] [author_image timthumb=&#8217;off&#8217;]http:\/\/www.proyectum.lat\/wp-content\/uploads\/2017\/11\/Ts-Foto.jpg[\/author_image] [author_info]Sobre el autor: Omar Garc\u00eda es Director Editorial de Proyectum, el blog de <a href=\"http:\/\/tenstep.mx\/\" target=\"_blank\" rel=\"noopener noreferrer\">TenStep Latinoam\u00e9rica<\/a>. Es co-fundaddor de <a href=\"http:\/\/ronineducacion.com\/\" target=\"_blank\" rel=\"noopener noreferrer\">RONIN Educaci\u00f3n<\/a> y ha colaborado en distintos blogs.[\/author_info] [\/author]<\/p>\n<p>[\/et_pb_text][\/et_pb_column][\/et_pb_row][\/et_pb_section]<\/p>\n","protected":false},"excerpt":{"rendered":"<p>[et_pb_section admin_label=\u00bbsection\u00bb][et_pb_row admin_label=\u00bbrow\u00bb][et_pb_column type=\u00bb4_4&#8243;][et_pb_text admin_label=\u00bbText\u00bb] A lo largo de la historia han existido personas que sin una formaci\u00f3n profesional pueden llegar a realizar cosas sorprendentes de manera autodidacta y que dejan un precedente en la historia, por ejemplo, retratar la vida de los afroamericanos en Estados Unidos y ser el primer director de raza negra [&hellip;]<\/p>\n","protected":false},"author":26,"featured_media":3629,"comment_status":"open","ping_status":"open","sticky":false,"template":"","format":"standard","meta":{"_acf_changed":false,"footnotes":""},"categories":[461],"tags":[462,927,928,929,930,931,932],"class_list":["post-3625","post","type-post","status-publish","format-standard","has-post-thumbnail","hentry","category-aprendiendo-grandes","tag-aprendiendo-de-los-grandes","tag-aprendiendo-de-los-grandes-gordon-parks","tag-aprendiendo-de-los-grandes-proyectum","tag-fotografo-gordon-parks","tag-gordon-parks","tag-gordon-parks-fotografo","tag-icono-de-la-fotografia-del-siglo-xx"],"acf":[],"yoast_head":"<!-- This site is optimized with the Yoast SEO plugin v24.4 - https:\/\/yoast.com\/wordpress\/plugins\/seo\/ -->\n<title>Aprendiendo de los Grandes: Gordon Parks - Proyectum Chile<\/title>\n<meta name=\"robots\" content=\"index, follow, max-snippet:-1, max-image-preview:large, max-video-preview:-1\" \/>\n<link rel=\"canonical\" href=\"https:\/\/proyectum.com\/cl\/aprendiendo-de-los-grandes-gordon-parks\/\" \/>\n<meta property=\"og:locale\" content=\"es_ES\" \/>\n<meta property=\"og:type\" content=\"article\" \/>\n<meta property=\"og:title\" content=\"Aprendiendo de los Grandes: Gordon Parks - Proyectum Chile\" \/>\n<meta property=\"og:description\" content=\"[et_pb_section admin_label=\u00bbsection\u00bb][et_pb_row admin_label=\u00bbrow\u00bb][et_pb_column type=\u00bb4_4&#8243;][et_pb_text admin_label=\u00bbText\u00bb] A lo largo de la historia han existido personas que sin una formaci\u00f3n profesional pueden llegar a realizar cosas sorprendentes de manera autodidacta y que dejan un precedente en la historia, por ejemplo, retratar la vida de los afroamericanos en Estados Unidos y ser el primer director de raza negra [&hellip;]\" \/>\n<meta property=\"og:url\" content=\"https:\/\/proyectum.com\/cl\/aprendiendo-de-los-grandes-gordon-parks\/\" \/>\n<meta property=\"og:site_name\" content=\"Proyectum Chile\" \/>\n<meta property=\"article:publisher\" content=\"https:\/\/www.facebook.com\/proyectumchile\/\" \/>\n<meta property=\"article:published_time\" content=\"2017-11-30T08:50:13+00:00\" \/>\n<meta property=\"og:image\" content=\"https:\/\/proyectum.com\/cl\/wp-content\/uploads\/2017\/11\/Gordon-Parks-Articulo-1.png\" \/>\n\t<meta property=\"og:image:width\" content=\"1034\" \/>\n\t<meta property=\"og:image:height\" content=\"323\" \/>\n\t<meta property=\"og:image:type\" content=\"image\/png\" \/>\n<meta name=\"author\" content=\"Proyectum 2025\" \/>\n<meta name=\"twitter:card\" content=\"summary_large_image\" \/>\n<meta name=\"twitter:label1\" content=\"Escrito por\" \/>\n\t<meta name=\"twitter:data1\" content=\"Proyectum 2025\" \/>\n\t<meta name=\"twitter:label2\" content=\"Tiempo de lectura\" \/>\n\t<meta name=\"twitter:data2\" content=\"3 minutos\" \/>\n<script type=\"application\/ld+json\" class=\"yoast-schema-graph\">{\"@context\":\"https:\/\/schema.org\",\"@graph\":[{\"@type\":\"Article\",\"@id\":\"https:\/\/proyectum.com\/cl\/aprendiendo-de-los-grandes-gordon-parks\/#article\",\"isPartOf\":{\"@id\":\"https:\/\/proyectum.com\/cl\/aprendiendo-de-los-grandes-gordon-parks\/\"},\"author\":{\"name\":\"Proyectum 2025\",\"@id\":\"https:\/\/proyectum.com\/cl\/#\/schema\/person\/7d5caa4386a11be650af177d3f2e5aee\"},\"headline\":\"Aprendiendo de los Grandes: Gordon Parks\",\"datePublished\":\"2017-11-30T08:50:13+00:00\",\"mainEntityOfPage\":{\"@id\":\"https:\/\/proyectum.com\/cl\/aprendiendo-de-los-grandes-gordon-parks\/\"},\"wordCount\":559,\"commentCount\":0,\"publisher\":{\"@id\":\"https:\/\/proyectum.com\/cl\/#organization\"},\"image\":{\"@id\":\"https:\/\/proyectum.com\/cl\/aprendiendo-de-los-grandes-gordon-parks\/#primaryimage\"},\"thumbnailUrl\":\"https:\/\/proyectum.com\/cl\/wp-content\/uploads\/2017\/11\/Gordon-Parks-Articulo-1.png\",\"keywords\":[\"Aprendiendo de los Grandes\",\"Aprendiendo de los Grandes Gordon Parks\",\"Aprendiendo de los Grandes Proyectum\",\"fotografo Gordon Parks\",\"Gordon Parks\",\"Gordon Parks fotografo\",\"icono de la fotograf\u00eda del siglo XX\"],\"articleSection\":[\"Aprendiendo de los Grandes\"],\"inLanguage\":\"es\",\"potentialAction\":[{\"@type\":\"CommentAction\",\"name\":\"Comment\",\"target\":[\"https:\/\/proyectum.com\/cl\/aprendiendo-de-los-grandes-gordon-parks\/#respond\"]}]},{\"@type\":\"WebPage\",\"@id\":\"https:\/\/proyectum.com\/cl\/aprendiendo-de-los-grandes-gordon-parks\/\",\"url\":\"https:\/\/proyectum.com\/cl\/aprendiendo-de-los-grandes-gordon-parks\/\",\"name\":\"Aprendiendo de los Grandes: Gordon Parks - Proyectum Chile\",\"isPartOf\":{\"@id\":\"https:\/\/proyectum.com\/cl\/#website\"},\"primaryImageOfPage\":{\"@id\":\"https:\/\/proyectum.com\/cl\/aprendiendo-de-los-grandes-gordon-parks\/#primaryimage\"},\"image\":{\"@id\":\"https:\/\/proyectum.com\/cl\/aprendiendo-de-los-grandes-gordon-parks\/#primaryimage\"},\"thumbnailUrl\":\"https:\/\/proyectum.com\/cl\/wp-content\/uploads\/2017\/11\/Gordon-Parks-Articulo-1.png\",\"datePublished\":\"2017-11-30T08:50:13+00:00\",\"breadcrumb\":{\"@id\":\"https:\/\/proyectum.com\/cl\/aprendiendo-de-los-grandes-gordon-parks\/#breadcrumb\"},\"inLanguage\":\"es\",\"potentialAction\":[{\"@type\":\"ReadAction\",\"target\":[\"https:\/\/proyectum.com\/cl\/aprendiendo-de-los-grandes-gordon-parks\/\"]}]},{\"@type\":\"ImageObject\",\"inLanguage\":\"es\",\"@id\":\"https:\/\/proyectum.com\/cl\/aprendiendo-de-los-grandes-gordon-parks\/#primaryimage\",\"url\":\"https:\/\/proyectum.com\/cl\/wp-content\/uploads\/2017\/11\/Gordon-Parks-Articulo-1.png\",\"contentUrl\":\"https:\/\/proyectum.com\/cl\/wp-content\/uploads\/2017\/11\/Gordon-Parks-Articulo-1.png\",\"width\":1034,\"height\":323,\"caption\":\"Gordon Parks Art\u00edculo\"},{\"@type\":\"BreadcrumbList\",\"@id\":\"https:\/\/proyectum.com\/cl\/aprendiendo-de-los-grandes-gordon-parks\/#breadcrumb\",\"itemListElement\":[{\"@type\":\"ListItem\",\"position\":1,\"name\":\"Home\",\"item\":\"https:\/\/proyectum.com\/cl\/\"},{\"@type\":\"ListItem\",\"position\":2,\"name\":\"Aprendiendo de los Grandes: Gordon Parks\"}]},{\"@type\":\"WebSite\",\"@id\":\"https:\/\/proyectum.com\/cl\/#website\",\"url\":\"https:\/\/proyectum.com\/cl\/\",\"name\":\"Proyectum Chile\",\"description\":\"Direcci\u00f3n de Proyectos y Metodolog\u00edas \u00c1giles\",\"publisher\":{\"@id\":\"https:\/\/proyectum.com\/cl\/#organization\"},\"potentialAction\":[{\"@type\":\"SearchAction\",\"target\":{\"@type\":\"EntryPoint\",\"urlTemplate\":\"https:\/\/proyectum.com\/cl\/?s={search_term_string}\"},\"query-input\":{\"@type\":\"PropertyValueSpecification\",\"valueRequired\":true,\"valueName\":\"search_term_string\"}}],\"inLanguage\":\"es\"},{\"@type\":\"Organization\",\"@id\":\"https:\/\/proyectum.com\/cl\/#organization\",\"name\":\"Proyectum Chile\",\"url\":\"https:\/\/proyectum.com\/cl\/\",\"logo\":{\"@type\":\"ImageObject\",\"inLanguage\":\"es\",\"@id\":\"https:\/\/proyectum.com\/cl\/#\/schema\/logo\/image\/\",\"url\":\"https:\/\/proyectum.com\/cl\/wp-content\/uploads\/2020\/04\/proyectum-logo-snippet.png\",\"contentUrl\":\"https:\/\/proyectum.com\/cl\/wp-content\/uploads\/2020\/04\/proyectum-logo-snippet.png\",\"width\":600,\"height\":315,\"caption\":\"Proyectum Chile\"},\"image\":{\"@id\":\"https:\/\/proyectum.com\/cl\/#\/schema\/logo\/image\/\"},\"sameAs\":[\"https:\/\/www.facebook.com\/proyectumchile\/\",\"https:\/\/www.linkedin.com\/company\/proyectum-cl\/\",\"https:\/\/www.instagram.com\/proyectumchile\/\",\"https:\/\/www.youtube.com\/@proyectum2283\/videos\"]},{\"@type\":\"Person\",\"@id\":\"https:\/\/proyectum.com\/cl\/#\/schema\/person\/7d5caa4386a11be650af177d3f2e5aee\",\"name\":\"Proyectum 2025\",\"image\":{\"@type\":\"ImageObject\",\"inLanguage\":\"es\",\"@id\":\"https:\/\/proyectum.com\/cl\/#\/schema\/person\/image\/\",\"url\":\"https:\/\/secure.gravatar.com\/avatar\/df82793fddd8f0a5a84fdb27d958bf73?s=96&d=mm&r=g\",\"contentUrl\":\"https:\/\/secure.gravatar.com\/avatar\/df82793fddd8f0a5a84fdb27d958bf73?s=96&d=mm&r=g\",\"caption\":\"Proyectum 2025\"}}]}<\/script>\n<!-- \/ Yoast SEO plugin. -->","yoast_head_json":{"title":"Aprendiendo de los Grandes: Gordon Parks - Proyectum Chile","robots":{"index":"index","follow":"follow","max-snippet":"max-snippet:-1","max-image-preview":"max-image-preview:large","max-video-preview":"max-video-preview:-1"},"canonical":"https:\/\/proyectum.com\/cl\/aprendiendo-de-los-grandes-gordon-parks\/","og_locale":"es_ES","og_type":"article","og_title":"Aprendiendo de los Grandes: Gordon Parks - Proyectum Chile","og_description":"[et_pb_section admin_label=\u00bbsection\u00bb][et_pb_row admin_label=\u00bbrow\u00bb][et_pb_column type=\u00bb4_4&#8243;][et_pb_text admin_label=\u00bbText\u00bb] A lo largo de la historia han existido personas que sin una formaci\u00f3n profesional pueden llegar a realizar cosas sorprendentes de manera autodidacta y que dejan un precedente en la historia, por ejemplo, retratar la vida de los afroamericanos en Estados Unidos y ser el primer director de raza negra [&hellip;]","og_url":"https:\/\/proyectum.com\/cl\/aprendiendo-de-los-grandes-gordon-parks\/","og_site_name":"Proyectum Chile","article_publisher":"https:\/\/www.facebook.com\/proyectumchile\/","article_published_time":"2017-11-30T08:50:13+00:00","og_image":[{"width":1034,"height":323,"url":"https:\/\/proyectum.com\/cl\/wp-content\/uploads\/2017\/11\/Gordon-Parks-Articulo-1.png","type":"image\/png"}],"author":"Proyectum 2025","twitter_card":"summary_large_image","twitter_misc":{"Escrito por":"Proyectum 2025","Tiempo de lectura":"3 minutos"},"schema":{"@context":"https:\/\/schema.org","@graph":[{"@type":"Article","@id":"https:\/\/proyectum.com\/cl\/aprendiendo-de-los-grandes-gordon-parks\/#article","isPartOf":{"@id":"https:\/\/proyectum.com\/cl\/aprendiendo-de-los-grandes-gordon-parks\/"},"author":{"name":"Proyectum 2025","@id":"https:\/\/proyectum.com\/cl\/#\/schema\/person\/7d5caa4386a11be650af177d3f2e5aee"},"headline":"Aprendiendo de los Grandes: Gordon Parks","datePublished":"2017-11-30T08:50:13+00:00","mainEntityOfPage":{"@id":"https:\/\/proyectum.com\/cl\/aprendiendo-de-los-grandes-gordon-parks\/"},"wordCount":559,"commentCount":0,"publisher":{"@id":"https:\/\/proyectum.com\/cl\/#organization"},"image":{"@id":"https:\/\/proyectum.com\/cl\/aprendiendo-de-los-grandes-gordon-parks\/#primaryimage"},"thumbnailUrl":"https:\/\/proyectum.com\/cl\/wp-content\/uploads\/2017\/11\/Gordon-Parks-Articulo-1.png","keywords":["Aprendiendo de los Grandes","Aprendiendo de los Grandes Gordon Parks","Aprendiendo de los Grandes Proyectum","fotografo Gordon Parks","Gordon Parks","Gordon Parks fotografo","icono de la fotograf\u00eda del siglo XX"],"articleSection":["Aprendiendo de los Grandes"],"inLanguage":"es","potentialAction":[{"@type":"CommentAction","name":"Comment","target":["https:\/\/proyectum.com\/cl\/aprendiendo-de-los-grandes-gordon-parks\/#respond"]}]},{"@type":"WebPage","@id":"https:\/\/proyectum.com\/cl\/aprendiendo-de-los-grandes-gordon-parks\/","url":"https:\/\/proyectum.com\/cl\/aprendiendo-de-los-grandes-gordon-parks\/","name":"Aprendiendo de los Grandes: Gordon Parks - Proyectum Chile","isPartOf":{"@id":"https:\/\/proyectum.com\/cl\/#website"},"primaryImageOfPage":{"@id":"https:\/\/proyectum.com\/cl\/aprendiendo-de-los-grandes-gordon-parks\/#primaryimage"},"image":{"@id":"https:\/\/proyectum.com\/cl\/aprendiendo-de-los-grandes-gordon-parks\/#primaryimage"},"thumbnailUrl":"https:\/\/proyectum.com\/cl\/wp-content\/uploads\/2017\/11\/Gordon-Parks-Articulo-1.png","datePublished":"2017-11-30T08:50:13+00:00","breadcrumb":{"@id":"https:\/\/proyectum.com\/cl\/aprendiendo-de-los-grandes-gordon-parks\/#breadcrumb"},"inLanguage":"es","potentialAction":[{"@type":"ReadAction","target":["https:\/\/proyectum.com\/cl\/aprendiendo-de-los-grandes-gordon-parks\/"]}]},{"@type":"ImageObject","inLanguage":"es","@id":"https:\/\/proyectum.com\/cl\/aprendiendo-de-los-grandes-gordon-parks\/#primaryimage","url":"https:\/\/proyectum.com\/cl\/wp-content\/uploads\/2017\/11\/Gordon-Parks-Articulo-1.png","contentUrl":"https:\/\/proyectum.com\/cl\/wp-content\/uploads\/2017\/11\/Gordon-Parks-Articulo-1.png","width":1034,"height":323,"caption":"Gordon Parks Art\u00edculo"},{"@type":"BreadcrumbList","@id":"https:\/\/proyectum.com\/cl\/aprendiendo-de-los-grandes-gordon-parks\/#breadcrumb","itemListElement":[{"@type":"ListItem","position":1,"name":"Home","item":"https:\/\/proyectum.com\/cl\/"},{"@type":"ListItem","position":2,"name":"Aprendiendo de los Grandes: Gordon Parks"}]},{"@type":"WebSite","@id":"https:\/\/proyectum.com\/cl\/#website","url":"https:\/\/proyectum.com\/cl\/","name":"Proyectum Chile","description":"Direcci\u00f3n de Proyectos y Metodolog\u00edas \u00c1giles","publisher":{"@id":"https:\/\/proyectum.com\/cl\/#organization"},"potentialAction":[{"@type":"SearchAction","target":{"@type":"EntryPoint","urlTemplate":"https:\/\/proyectum.com\/cl\/?s={search_term_string}"},"query-input":{"@type":"PropertyValueSpecification","valueRequired":true,"valueName":"search_term_string"}}],"inLanguage":"es"},{"@type":"Organization","@id":"https:\/\/proyectum.com\/cl\/#organization","name":"Proyectum Chile","url":"https:\/\/proyectum.com\/cl\/","logo":{"@type":"ImageObject","inLanguage":"es","@id":"https:\/\/proyectum.com\/cl\/#\/schema\/logo\/image\/","url":"https:\/\/proyectum.com\/cl\/wp-content\/uploads\/2020\/04\/proyectum-logo-snippet.png","contentUrl":"https:\/\/proyectum.com\/cl\/wp-content\/uploads\/2020\/04\/proyectum-logo-snippet.png","width":600,"height":315,"caption":"Proyectum Chile"},"image":{"@id":"https:\/\/proyectum.com\/cl\/#\/schema\/logo\/image\/"},"sameAs":["https:\/\/www.facebook.com\/proyectumchile\/","https:\/\/www.linkedin.com\/company\/proyectum-cl\/","https:\/\/www.instagram.com\/proyectumchile\/","https:\/\/www.youtube.com\/@proyectum2283\/videos"]},{"@type":"Person","@id":"https:\/\/proyectum.com\/cl\/#\/schema\/person\/7d5caa4386a11be650af177d3f2e5aee","name":"Proyectum 2025","image":{"@type":"ImageObject","inLanguage":"es","@id":"https:\/\/proyectum.com\/cl\/#\/schema\/person\/image\/","url":"https:\/\/secure.gravatar.com\/avatar\/df82793fddd8f0a5a84fdb27d958bf73?s=96&d=mm&r=g","contentUrl":"https:\/\/secure.gravatar.com\/avatar\/df82793fddd8f0a5a84fdb27d958bf73?s=96&d=mm&r=g","caption":"Proyectum 2025"}}]}},"_links":{"self":[{"href":"https:\/\/proyectum.com\/cl\/wp-json\/wp\/v2\/posts\/3625","targetHints":{"allow":["GET"]}}],"collection":[{"href":"https:\/\/proyectum.com\/cl\/wp-json\/wp\/v2\/posts"}],"about":[{"href":"https:\/\/proyectum.com\/cl\/wp-json\/wp\/v2\/types\/post"}],"author":[{"embeddable":true,"href":"https:\/\/proyectum.com\/cl\/wp-json\/wp\/v2\/users\/26"}],"replies":[{"embeddable":true,"href":"https:\/\/proyectum.com\/cl\/wp-json\/wp\/v2\/comments?post=3625"}],"version-history":[{"count":0,"href":"https:\/\/proyectum.com\/cl\/wp-json\/wp\/v2\/posts\/3625\/revisions"}],"wp:featuredmedia":[{"embeddable":true,"href":"https:\/\/proyectum.com\/cl\/wp-json\/wp\/v2\/media\/3629"}],"wp:attachment":[{"href":"https:\/\/proyectum.com\/cl\/wp-json\/wp\/v2\/media?parent=3625"}],"wp:term":[{"taxonomy":"category","embeddable":true,"href":"https:\/\/proyectum.com\/cl\/wp-json\/wp\/v2\/categories?post=3625"},{"taxonomy":"post_tag","embeddable":true,"href":"https:\/\/proyectum.com\/cl\/wp-json\/wp\/v2\/tags?post=3625"}],"curies":[{"name":"wp","href":"https:\/\/api.w.org\/{rel}","templated":true}]}}