{"id":3713,"date":"2018-03-06T10:55:49","date_gmt":"2018-03-06T16:55:49","guid":{"rendered":"http:\/\/www.proyectum.lat\/?p=3713"},"modified":"2018-03-06T10:55:49","modified_gmt":"2018-03-06T16:55:49","slug":"aprendiendo-de-los-grandes-gabriel-garcia-marquez","status":"publish","type":"post","link":"https:\/\/proyectum.com\/cl\/aprendiendo-de-los-grandes-gabriel-garcia-marquez\/","title":{"rendered":"Aprendiendo de los Grandes: Gabriel Garc\u00eda M\u00e1rquez"},"content":{"rendered":"<p>Un colombiano que encontr\u00f3 en M\u00e9xico el lugar perfecto para vivir infinitas an\u00e9cdotas desde principios de la d\u00e9cada de los sesenta. Aqu\u00ed en M\u00e9xico fue donde escribi\u00f3 su m\u00e1s reconocida obra, considerada por algunos como: \u201c<em>La mayor revelaci\u00f3n en lengua castellana<\/em>\u201d desde el Quijote. Fue aqu\u00ed donde naci\u00f3 su segundo hijo, fue tambi\u00e9n aqu\u00ed donde ocurri\u00f3 el tan famoso incidente del pu\u00f1etazo recibido por otro reconocido escritor, Vargas Llosa, y, por \u00faltimo, entre much\u00edsimas otras an\u00e9cdotas m\u00e1s, fue tambi\u00e9n aqu\u00ed, donde la muerte lo alcanz\u00f3.<\/p>\n<p><strong>Gabriel Garc\u00eda M\u00e1rquez<\/strong> naci\u00f3 en Aracataca, Colombia, un <strong>6 de marzo de 1927<\/strong>. Inici\u00f3 sus estudios en la carrera de Derecho para poco despu\u00e9s darse cuenta de que su verdadera vocaci\u00f3n era <strong>escribir<\/strong>, profesi\u00f3n que le dio reconocimiento a nivel mundial, llegando a obtener en 1982 el <strong>Premio Nobel de Literatura<\/strong>.<\/p>\n<p>Inici\u00f3 en el periodismo para olvidarse por completo de los estudios, hasta llegar a escribir \u201c<strong>La Hojarasca<\/strong>\u201d, publicada en 1955, que ven\u00eda a confirmar su definitiva vocaci\u00f3n literaria, considerada por \u00e9l mismo como su primera obra seria y que fue, donde por primera vez escribir\u00eda sobre <strong>Macondo<\/strong>, el lugar m\u00edtico que se vuelve protagonista en <strong>Cien a\u00f1os de soledad<\/strong> y en varios de sus relatos. En 1961 se publica la que muchos consideran una de sus obras maestras: <strong>El coronel no tiene quien le escriba<\/strong>, y es en ese mismo a\u00f1o, despu\u00e9s de pasar por la Habana y Nueva York, cuando llega a la ciudad de M\u00e9xico, donde entra en un silencio literario que se rompe hasta 1967 cuando el <strong>Realismo M\u00e1gico<\/strong>, un g\u00e9nero literario que no fue inventado por \u00e9l pero que sin embargo nadie lo hab\u00eda expresado con tanto arte hasta entonces, fue enarbolado con su obra maestra <strong>Cien a\u00f1os de soledad<\/strong>.<\/p>\n<p>Tras la partida de <strong>Gabriel Garc\u00eda M\u00e1rquez<\/strong>, quien falleci\u00f3 un 17 de abril de 2014, quedan muchos, much\u00edsimos textos por leer, sin duda, el mejor legado que puede dejar un escritor.<\/p>\n<p>\u201c<em>La vida no es lo que uno vivi\u00f3, es la que uno recuerda, y c\u00f3mo la recuerda para contarla<\/em>\u201d.- <strong>Gabriel Garc\u00eda M\u00e1rquez.<\/strong><\/p>\n<p>Fotograf\u00eda: El Pa\u00eds.<br \/>\nSobre el autor: <a href=\"http:\/\/about.me\/omargarcia\" target=\"_blank\" rel=\"noopener noreferrer\">Omar Garc\u00eda<\/a>.<\/p>\n","protected":false},"excerpt":{"rendered":"<p>Un colombiano que encontr\u00f3 en M\u00e9xico el lugar perfecto para vivir infinitas an\u00e9cdotas desde principios de la d\u00e9cada de los sesenta. Aqu\u00ed en M\u00e9xico fue donde escribi\u00f3 su m\u00e1s reconocida obra, considerada por algunos como: \u201cLa mayor revelaci\u00f3n en lengua castellana\u201d desde el Quijote. Fue aqu\u00ed donde naci\u00f3 su segundo hijo, fue tambi\u00e9n aqu\u00ed donde [&hellip;]<\/p>\n","protected":false},"author":26,"featured_media":10926,"comment_status":"open","ping_status":"open","sticky":false,"template":"","format":"standard","meta":{"_acf_changed":false,"footnotes":""},"categories":[461],"tags":[1004,1005,1006,1007,1008,1009,1010,1011,1012,1013,1014,1015],"class_list":["post-3713","post","type-post","status-publish","format-standard","has-post-thumbnail","hentry","category-aprendiendo-grandes","tag-biografia-de-gabriel-garcia-marquez","tag-cien-anos-de-soledad","tag-el-coronel-no-tiene-quien-le-escriba","tag-gabriel-garcia-marquez","tag-historia-de-garcia-marquez","tag-la-hojarasca","tag-libro-hojarasca","tag-libros-de-garcia-marquez","tag-macondo","tag-premio-nobel-de-literatura","tag-premio-nobel-de-literatura-de-1982","tag-realismo-magico"],"acf":[],"yoast_head":"<!-- This site is optimized with the Yoast SEO plugin v24.4 - https:\/\/yoast.com\/wordpress\/plugins\/seo\/ -->\n<title>Aprendiendo de los Grandes: Gabriel Garc\u00eda M\u00e1rquez - Proyectum Chile<\/title>\n<meta name=\"robots\" content=\"index, follow, max-snippet:-1, max-image-preview:large, max-video-preview:-1\" \/>\n<link rel=\"canonical\" href=\"https:\/\/proyectum.com\/cl\/aprendiendo-de-los-grandes-gabriel-garcia-marquez\/\" \/>\n<meta property=\"og:locale\" content=\"es_ES\" \/>\n<meta property=\"og:type\" content=\"article\" \/>\n<meta property=\"og:title\" content=\"Aprendiendo de los Grandes: Gabriel Garc\u00eda M\u00e1rquez - Proyectum Chile\" \/>\n<meta property=\"og:description\" content=\"Un colombiano que encontr\u00f3 en M\u00e9xico el lugar perfecto para vivir infinitas an\u00e9cdotas desde principios de la d\u00e9cada de los sesenta. Aqu\u00ed en M\u00e9xico fue donde escribi\u00f3 su m\u00e1s reconocida obra, considerada por algunos como: \u201cLa mayor revelaci\u00f3n en lengua castellana\u201d desde el Quijote. Fue aqu\u00ed donde naci\u00f3 su segundo hijo, fue tambi\u00e9n aqu\u00ed donde [&hellip;]\" \/>\n<meta property=\"og:url\" content=\"https:\/\/proyectum.com\/cl\/aprendiendo-de-los-grandes-gabriel-garcia-marquez\/\" \/>\n<meta property=\"og:site_name\" content=\"Proyectum Chile\" \/>\n<meta property=\"article:publisher\" content=\"https:\/\/www.facebook.com\/proyectumchile\/\" \/>\n<meta property=\"article:published_time\" content=\"2018-03-06T16:55:49+00:00\" \/>\n<meta property=\"og:image\" content=\"https:\/\/proyectum.com\/cl\/wp-content\/uploads\/2018\/03\/Gabriel-Garcia-Marquez-1.jpg\" \/>\n\t<meta property=\"og:image:width\" content=\"980\" \/>\n\t<meta property=\"og:image:height\" content=\"510\" \/>\n\t<meta property=\"og:image:type\" content=\"image\/jpeg\" \/>\n<meta name=\"author\" content=\"Proyectum 2025\" \/>\n<meta name=\"twitter:card\" content=\"summary_large_image\" \/>\n<meta name=\"twitter:label1\" content=\"Escrito por\" \/>\n\t<meta name=\"twitter:data1\" content=\"Proyectum 2025\" \/>\n\t<meta name=\"twitter:label2\" content=\"Tiempo de lectura\" \/>\n\t<meta name=\"twitter:data2\" content=\"3 minutos\" \/>\n<script type=\"application\/ld+json\" class=\"yoast-schema-graph\">{\"@context\":\"https:\/\/schema.org\",\"@graph\":[{\"@type\":\"Article\",\"@id\":\"https:\/\/proyectum.com\/cl\/aprendiendo-de-los-grandes-gabriel-garcia-marquez\/#article\",\"isPartOf\":{\"@id\":\"https:\/\/proyectum.com\/cl\/aprendiendo-de-los-grandes-gabriel-garcia-marquez\/\"},\"author\":{\"name\":\"Proyectum 2025\",\"@id\":\"https:\/\/proyectum.com\/cl\/#\/schema\/person\/7d5caa4386a11be650af177d3f2e5aee\"},\"headline\":\"Aprendiendo de los Grandes: Gabriel Garc\u00eda M\u00e1rquez\",\"datePublished\":\"2018-03-06T16:55:49+00:00\",\"mainEntityOfPage\":{\"@id\":\"https:\/\/proyectum.com\/cl\/aprendiendo-de-los-grandes-gabriel-garcia-marquez\/\"},\"wordCount\":391,\"commentCount\":0,\"publisher\":{\"@id\":\"https:\/\/proyectum.com\/cl\/#organization\"},\"image\":{\"@id\":\"https:\/\/proyectum.com\/cl\/aprendiendo-de-los-grandes-gabriel-garcia-marquez\/#primaryimage\"},\"thumbnailUrl\":\"https:\/\/proyectum.com\/cl\/wp-content\/uploads\/2018\/03\/Gabriel-Garcia-Marquez-1.jpg\",\"keywords\":[\"biografia de Gabriel Garcia Marquez\",\"Cien a\u00f1os de soledad\",\"El coronel no tiene quien le escriba\",\"Gabriel Garc\u00eda M\u00e1rquez\",\"historia de Garc\u00eda M\u00e1rquez\",\"la hojarasca\",\"libro hojarasca\",\"libros de Garc\u00eda M\u00e1rquez}\",\"Macondo\",\"Premio Nobel de Literatura\",\"Premio Nobel de Literatura de 1982\",\"Realismo M\u00e1gico\"],\"articleSection\":[\"Aprendiendo de los Grandes\"],\"inLanguage\":\"es\",\"potentialAction\":[{\"@type\":\"CommentAction\",\"name\":\"Comment\",\"target\":[\"https:\/\/proyectum.com\/cl\/aprendiendo-de-los-grandes-gabriel-garcia-marquez\/#respond\"]}]},{\"@type\":\"WebPage\",\"@id\":\"https:\/\/proyectum.com\/cl\/aprendiendo-de-los-grandes-gabriel-garcia-marquez\/\",\"url\":\"https:\/\/proyectum.com\/cl\/aprendiendo-de-los-grandes-gabriel-garcia-marquez\/\",\"name\":\"Aprendiendo de los Grandes: Gabriel Garc\u00eda M\u00e1rquez - Proyectum Chile\",\"isPartOf\":{\"@id\":\"https:\/\/proyectum.com\/cl\/#website\"},\"primaryImageOfPage\":{\"@id\":\"https:\/\/proyectum.com\/cl\/aprendiendo-de-los-grandes-gabriel-garcia-marquez\/#primaryimage\"},\"image\":{\"@id\":\"https:\/\/proyectum.com\/cl\/aprendiendo-de-los-grandes-gabriel-garcia-marquez\/#primaryimage\"},\"thumbnailUrl\":\"https:\/\/proyectum.com\/cl\/wp-content\/uploads\/2018\/03\/Gabriel-Garcia-Marquez-1.jpg\",\"datePublished\":\"2018-03-06T16:55:49+00:00\",\"breadcrumb\":{\"@id\":\"https:\/\/proyectum.com\/cl\/aprendiendo-de-los-grandes-gabriel-garcia-marquez\/#breadcrumb\"},\"inLanguage\":\"es\",\"potentialAction\":[{\"@type\":\"ReadAction\",\"target\":[\"https:\/\/proyectum.com\/cl\/aprendiendo-de-los-grandes-gabriel-garcia-marquez\/\"]}]},{\"@type\":\"ImageObject\",\"inLanguage\":\"es\",\"@id\":\"https:\/\/proyectum.com\/cl\/aprendiendo-de-los-grandes-gabriel-garcia-marquez\/#primaryimage\",\"url\":\"https:\/\/proyectum.com\/cl\/wp-content\/uploads\/2018\/03\/Gabriel-Garcia-Marquez-1.jpg\",\"contentUrl\":\"https:\/\/proyectum.com\/cl\/wp-content\/uploads\/2018\/03\/Gabriel-Garcia-Marquez-1.jpg\",\"width\":980,\"height\":510,\"caption\":\"Gabriel Garc\u00eda Marquez\"},{\"@type\":\"BreadcrumbList\",\"@id\":\"https:\/\/proyectum.com\/cl\/aprendiendo-de-los-grandes-gabriel-garcia-marquez\/#breadcrumb\",\"itemListElement\":[{\"@type\":\"ListItem\",\"position\":1,\"name\":\"Home\",\"item\":\"https:\/\/proyectum.com\/cl\/\"},{\"@type\":\"ListItem\",\"position\":2,\"name\":\"Aprendiendo de los Grandes: Gabriel Garc\u00eda M\u00e1rquez\"}]},{\"@type\":\"WebSite\",\"@id\":\"https:\/\/proyectum.com\/cl\/#website\",\"url\":\"https:\/\/proyectum.com\/cl\/\",\"name\":\"Proyectum Chile\",\"description\":\"Direcci\u00f3n de Proyectos y Metodolog\u00edas \u00c1giles\",\"publisher\":{\"@id\":\"https:\/\/proyectum.com\/cl\/#organization\"},\"potentialAction\":[{\"@type\":\"SearchAction\",\"target\":{\"@type\":\"EntryPoint\",\"urlTemplate\":\"https:\/\/proyectum.com\/cl\/?s={search_term_string}\"},\"query-input\":{\"@type\":\"PropertyValueSpecification\",\"valueRequired\":true,\"valueName\":\"search_term_string\"}}],\"inLanguage\":\"es\"},{\"@type\":\"Organization\",\"@id\":\"https:\/\/proyectum.com\/cl\/#organization\",\"name\":\"Proyectum Chile\",\"url\":\"https:\/\/proyectum.com\/cl\/\",\"logo\":{\"@type\":\"ImageObject\",\"inLanguage\":\"es\",\"@id\":\"https:\/\/proyectum.com\/cl\/#\/schema\/logo\/image\/\",\"url\":\"https:\/\/proyectum.com\/cl\/wp-content\/uploads\/2020\/04\/proyectum-logo-snippet.png\",\"contentUrl\":\"https:\/\/proyectum.com\/cl\/wp-content\/uploads\/2020\/04\/proyectum-logo-snippet.png\",\"width\":600,\"height\":315,\"caption\":\"Proyectum Chile\"},\"image\":{\"@id\":\"https:\/\/proyectum.com\/cl\/#\/schema\/logo\/image\/\"},\"sameAs\":[\"https:\/\/www.facebook.com\/proyectumchile\/\",\"https:\/\/www.linkedin.com\/company\/proyectum-cl\/\",\"https:\/\/www.instagram.com\/proyectumchile\/\",\"https:\/\/www.youtube.com\/@proyectum2283\/videos\"]},{\"@type\":\"Person\",\"@id\":\"https:\/\/proyectum.com\/cl\/#\/schema\/person\/7d5caa4386a11be650af177d3f2e5aee\",\"name\":\"Proyectum 2025\",\"image\":{\"@type\":\"ImageObject\",\"inLanguage\":\"es\",\"@id\":\"https:\/\/proyectum.com\/cl\/#\/schema\/person\/image\/\",\"url\":\"https:\/\/secure.gravatar.com\/avatar\/df82793fddd8f0a5a84fdb27d958bf73?s=96&d=mm&r=g\",\"contentUrl\":\"https:\/\/secure.gravatar.com\/avatar\/df82793fddd8f0a5a84fdb27d958bf73?s=96&d=mm&r=g\",\"caption\":\"Proyectum 2025\"}}]}<\/script>\n<!-- \/ Yoast SEO plugin. -->","yoast_head_json":{"title":"Aprendiendo de los Grandes: Gabriel Garc\u00eda M\u00e1rquez - Proyectum Chile","robots":{"index":"index","follow":"follow","max-snippet":"max-snippet:-1","max-image-preview":"max-image-preview:large","max-video-preview":"max-video-preview:-1"},"canonical":"https:\/\/proyectum.com\/cl\/aprendiendo-de-los-grandes-gabriel-garcia-marquez\/","og_locale":"es_ES","og_type":"article","og_title":"Aprendiendo de los Grandes: Gabriel Garc\u00eda M\u00e1rquez - Proyectum Chile","og_description":"Un colombiano que encontr\u00f3 en M\u00e9xico el lugar perfecto para vivir infinitas an\u00e9cdotas desde principios de la d\u00e9cada de los sesenta. Aqu\u00ed en M\u00e9xico fue donde escribi\u00f3 su m\u00e1s reconocida obra, considerada por algunos como: \u201cLa mayor revelaci\u00f3n en lengua castellana\u201d desde el Quijote. Fue aqu\u00ed donde naci\u00f3 su segundo hijo, fue tambi\u00e9n aqu\u00ed donde [&hellip;]","og_url":"https:\/\/proyectum.com\/cl\/aprendiendo-de-los-grandes-gabriel-garcia-marquez\/","og_site_name":"Proyectum Chile","article_publisher":"https:\/\/www.facebook.com\/proyectumchile\/","article_published_time":"2018-03-06T16:55:49+00:00","og_image":[{"width":980,"height":510,"url":"https:\/\/proyectum.com\/cl\/wp-content\/uploads\/2018\/03\/Gabriel-Garcia-Marquez-1.jpg","type":"image\/jpeg"}],"author":"Proyectum 2025","twitter_card":"summary_large_image","twitter_misc":{"Escrito por":"Proyectum 2025","Tiempo de lectura":"3 minutos"},"schema":{"@context":"https:\/\/schema.org","@graph":[{"@type":"Article","@id":"https:\/\/proyectum.com\/cl\/aprendiendo-de-los-grandes-gabriel-garcia-marquez\/#article","isPartOf":{"@id":"https:\/\/proyectum.com\/cl\/aprendiendo-de-los-grandes-gabriel-garcia-marquez\/"},"author":{"name":"Proyectum 2025","@id":"https:\/\/proyectum.com\/cl\/#\/schema\/person\/7d5caa4386a11be650af177d3f2e5aee"},"headline":"Aprendiendo de los Grandes: Gabriel Garc\u00eda M\u00e1rquez","datePublished":"2018-03-06T16:55:49+00:00","mainEntityOfPage":{"@id":"https:\/\/proyectum.com\/cl\/aprendiendo-de-los-grandes-gabriel-garcia-marquez\/"},"wordCount":391,"commentCount":0,"publisher":{"@id":"https:\/\/proyectum.com\/cl\/#organization"},"image":{"@id":"https:\/\/proyectum.com\/cl\/aprendiendo-de-los-grandes-gabriel-garcia-marquez\/#primaryimage"},"thumbnailUrl":"https:\/\/proyectum.com\/cl\/wp-content\/uploads\/2018\/03\/Gabriel-Garcia-Marquez-1.jpg","keywords":["biografia de Gabriel Garcia Marquez","Cien a\u00f1os de soledad","El coronel no tiene quien le escriba","Gabriel Garc\u00eda M\u00e1rquez","historia de Garc\u00eda M\u00e1rquez","la hojarasca","libro hojarasca","libros de Garc\u00eda M\u00e1rquez}","Macondo","Premio Nobel de Literatura","Premio Nobel de Literatura de 1982","Realismo M\u00e1gico"],"articleSection":["Aprendiendo de los Grandes"],"inLanguage":"es","potentialAction":[{"@type":"CommentAction","name":"Comment","target":["https:\/\/proyectum.com\/cl\/aprendiendo-de-los-grandes-gabriel-garcia-marquez\/#respond"]}]},{"@type":"WebPage","@id":"https:\/\/proyectum.com\/cl\/aprendiendo-de-los-grandes-gabriel-garcia-marquez\/","url":"https:\/\/proyectum.com\/cl\/aprendiendo-de-los-grandes-gabriel-garcia-marquez\/","name":"Aprendiendo de los Grandes: Gabriel Garc\u00eda M\u00e1rquez - Proyectum Chile","isPartOf":{"@id":"https:\/\/proyectum.com\/cl\/#website"},"primaryImageOfPage":{"@id":"https:\/\/proyectum.com\/cl\/aprendiendo-de-los-grandes-gabriel-garcia-marquez\/#primaryimage"},"image":{"@id":"https:\/\/proyectum.com\/cl\/aprendiendo-de-los-grandes-gabriel-garcia-marquez\/#primaryimage"},"thumbnailUrl":"https:\/\/proyectum.com\/cl\/wp-content\/uploads\/2018\/03\/Gabriel-Garcia-Marquez-1.jpg","datePublished":"2018-03-06T16:55:49+00:00","breadcrumb":{"@id":"https:\/\/proyectum.com\/cl\/aprendiendo-de-los-grandes-gabriel-garcia-marquez\/#breadcrumb"},"inLanguage":"es","potentialAction":[{"@type":"ReadAction","target":["https:\/\/proyectum.com\/cl\/aprendiendo-de-los-grandes-gabriel-garcia-marquez\/"]}]},{"@type":"ImageObject","inLanguage":"es","@id":"https:\/\/proyectum.com\/cl\/aprendiendo-de-los-grandes-gabriel-garcia-marquez\/#primaryimage","url":"https:\/\/proyectum.com\/cl\/wp-content\/uploads\/2018\/03\/Gabriel-Garcia-Marquez-1.jpg","contentUrl":"https:\/\/proyectum.com\/cl\/wp-content\/uploads\/2018\/03\/Gabriel-Garcia-Marquez-1.jpg","width":980,"height":510,"caption":"Gabriel Garc\u00eda Marquez"},{"@type":"BreadcrumbList","@id":"https:\/\/proyectum.com\/cl\/aprendiendo-de-los-grandes-gabriel-garcia-marquez\/#breadcrumb","itemListElement":[{"@type":"ListItem","position":1,"name":"Home","item":"https:\/\/proyectum.com\/cl\/"},{"@type":"ListItem","position":2,"name":"Aprendiendo de los Grandes: Gabriel Garc\u00eda M\u00e1rquez"}]},{"@type":"WebSite","@id":"https:\/\/proyectum.com\/cl\/#website","url":"https:\/\/proyectum.com\/cl\/","name":"Proyectum Chile","description":"Direcci\u00f3n de Proyectos y Metodolog\u00edas \u00c1giles","publisher":{"@id":"https:\/\/proyectum.com\/cl\/#organization"},"potentialAction":[{"@type":"SearchAction","target":{"@type":"EntryPoint","urlTemplate":"https:\/\/proyectum.com\/cl\/?s={search_term_string}"},"query-input":{"@type":"PropertyValueSpecification","valueRequired":true,"valueName":"search_term_string"}}],"inLanguage":"es"},{"@type":"Organization","@id":"https:\/\/proyectum.com\/cl\/#organization","name":"Proyectum Chile","url":"https:\/\/proyectum.com\/cl\/","logo":{"@type":"ImageObject","inLanguage":"es","@id":"https:\/\/proyectum.com\/cl\/#\/schema\/logo\/image\/","url":"https:\/\/proyectum.com\/cl\/wp-content\/uploads\/2020\/04\/proyectum-logo-snippet.png","contentUrl":"https:\/\/proyectum.com\/cl\/wp-content\/uploads\/2020\/04\/proyectum-logo-snippet.png","width":600,"height":315,"caption":"Proyectum Chile"},"image":{"@id":"https:\/\/proyectum.com\/cl\/#\/schema\/logo\/image\/"},"sameAs":["https:\/\/www.facebook.com\/proyectumchile\/","https:\/\/www.linkedin.com\/company\/proyectum-cl\/","https:\/\/www.instagram.com\/proyectumchile\/","https:\/\/www.youtube.com\/@proyectum2283\/videos"]},{"@type":"Person","@id":"https:\/\/proyectum.com\/cl\/#\/schema\/person\/7d5caa4386a11be650af177d3f2e5aee","name":"Proyectum 2025","image":{"@type":"ImageObject","inLanguage":"es","@id":"https:\/\/proyectum.com\/cl\/#\/schema\/person\/image\/","url":"https:\/\/secure.gravatar.com\/avatar\/df82793fddd8f0a5a84fdb27d958bf73?s=96&d=mm&r=g","contentUrl":"https:\/\/secure.gravatar.com\/avatar\/df82793fddd8f0a5a84fdb27d958bf73?s=96&d=mm&r=g","caption":"Proyectum 2025"}}]}},"_links":{"self":[{"href":"https:\/\/proyectum.com\/cl\/wp-json\/wp\/v2\/posts\/3713","targetHints":{"allow":["GET"]}}],"collection":[{"href":"https:\/\/proyectum.com\/cl\/wp-json\/wp\/v2\/posts"}],"about":[{"href":"https:\/\/proyectum.com\/cl\/wp-json\/wp\/v2\/types\/post"}],"author":[{"embeddable":true,"href":"https:\/\/proyectum.com\/cl\/wp-json\/wp\/v2\/users\/26"}],"replies":[{"embeddable":true,"href":"https:\/\/proyectum.com\/cl\/wp-json\/wp\/v2\/comments?post=3713"}],"version-history":[{"count":0,"href":"https:\/\/proyectum.com\/cl\/wp-json\/wp\/v2\/posts\/3713\/revisions"}],"wp:featuredmedia":[{"embeddable":true,"href":"https:\/\/proyectum.com\/cl\/wp-json\/wp\/v2\/media\/10926"}],"wp:attachment":[{"href":"https:\/\/proyectum.com\/cl\/wp-json\/wp\/v2\/media?parent=3713"}],"wp:term":[{"taxonomy":"category","embeddable":true,"href":"https:\/\/proyectum.com\/cl\/wp-json\/wp\/v2\/categories?post=3713"},{"taxonomy":"post_tag","embeddable":true,"href":"https:\/\/proyectum.com\/cl\/wp-json\/wp\/v2\/tags?post=3713"}],"curies":[{"name":"wp","href":"https:\/\/api.w.org\/{rel}","templated":true}]}}