{"id":3860,"date":"2018-06-20T07:11:36","date_gmt":"2018-06-20T12:11:36","guid":{"rendered":"http:\/\/www.proyectum.lat\/?p=3860"},"modified":"2018-06-20T07:11:36","modified_gmt":"2018-06-20T12:11:36","slug":"como-comunicarse-de-manera-efectiva","status":"publish","type":"post","link":"https:\/\/proyectum.com\/cl\/como-comunicarse-de-manera-efectiva\/","title":{"rendered":"C\u00f3mo comunicarse de manera efectiva"},"content":{"rendered":"<p>Las <strong>personas se comunican casi todo el tiempo<\/strong> y aun as\u00ed no logran hacerlo de manera efectiva. Esto supone un problema en el mundo laboral y empresarial porque las negociaciones, los acuerdos, los documentos importantes para el futuro de la organizaci\u00f3n o su buen funcionamiento interno, dependen en buena medida de decir las cosas de la mejor manera para obtener resultados favorables.<\/p>\n<p>Uno consejo frecuente para los emprendedores, l\u00edderes de proyectos y empresarios, es tener una buena comunicaci\u00f3n con los miembros de la organizaci\u00f3n o del equipo de trabajo. Lo ideal ser\u00eda que los directivos tomar\u00e1n curso de oratoria o un <a href=\"http:\/\/tenstep.mx\/facilitacion-PM\" rel=\"noopener noreferrer\" target=\"_blank\">curso para facilitar reuniones de trabajo<\/a>, que les ayudar\u00eda no s\u00f3lo para saber qu\u00e9 decir, sino tambi\u00e9n c\u00f3mo decirlo. Pero un comienzo es tener claro en qu\u00e9 consiste la comunicaci\u00f3n y c\u00f3mo llevarla a cabo sin reducir todo a un recetario de cocina.<\/p>\n<p>Comunicar, en palabras del fil\u00f3sofo y antrop\u00f3logo franc\u00e9s <strong>Paul Ricoeur<\/strong>, \u201c<em>es decir algo sobre algo a alguien<\/em>\u201d, es transmitir algo que va a crear un v\u00ednculo entre dos personas o entre un colectivo de individuos con el objetivo de transmitir pensamientos, organizarse, negociar o convivir. Las actividades que de ella deriven ser\u00e1n m\u00e1s exitosas en funci\u00f3n de qu\u00e9 tanto se desarrolle esta capacidad.<\/p>\n<p>El origen de muchos problemas al interior de una comunidad, que puede ser de tipo empresarial, o en una relaci\u00f3n, se deben a la <strong>ausencia del di\u00e1logo<\/strong> o a una <strong>comunicaci\u00f3n deficiente<\/strong>. Generalmente, las personas se comunican de manera intuitiva, pero cuando lo que se va a decir es crucial o complejo se requiere m\u00e1s que la intuici\u00f3n, para <strong>comunicarse de manera efectiva<\/strong> hay que saber de qu\u00e9 se compone.<\/p>\n<p>Los expertos en ling\u00fc\u00edstica, entre ellos la soci\u00f3loga Susana Gonz\u00e1lez Reyna, identifican dos aspectos de la comunicaci\u00f3n: <strong>el contenido<\/strong>, que es el mensaje, y <strong>la expresi\u00f3n<\/strong>, entendida como la forma en que se va a decir ese mensaje.<\/p>\n<p>Cuando se va a comunicar algo, primero hay que identificar el tema central, que se convertir\u00e1 en el contenido b\u00e1sico que se quiere dar a conocer o posicionar. Por ejemplo, si un emprendedor est\u00e1 en busca de un socio para su proyecto su tema central ser\u00e1 explicar la esencia de su negocio, decir en qu\u00e9 consiste, podr\u00e1 hablar de otras cosas pero siempre relacionadas de alguna u otra manera con el foco principal.<\/p>\n<p>Mientras que la forma del discurso  ser\u00eda encaminar el mensaje a vender el proyecto, por lo que una descripci\u00f3n del negocio es lo ideal   y luego una argumentaci\u00f3n sobre los beneficios que le traer\u00e1 al interlocutor en caso de aceptar. Otras formas del discurso son la narraci\u00f3n y la exposici\u00f3n. La narraci\u00f3n o relato es muy efectiva cuando <strong>se busca generar empat\u00eda<\/strong>; en cambio la exposici\u00f3n sirve para <strong>sintetizar informaci\u00f3n<\/strong> y enumerar hechos. Depende del objetivo que se quiera lograr con el mensaje se decidir\u00e1 c\u00f3mo decirlo.<\/p>\n<p>Se suele confundir la expresi\u00f3n o forma del discurso con el estado de \u00e1nimo de la persona que habla, si se escucha aburrido, nervioso, poco preparado o enojado. La expresi\u00f3n es c\u00f3mo vas a presentar algo para cumplir un objetivo, como un retrato para referir a las cualidades de algo (descripci\u00f3n), como un relato para envolver al interlocutor y despertar inter\u00e9s (narraci\u00f3n), como un razonamiento para persuadir (argumentaci\u00f3n) o bien como una declaraci\u00f3n de hechos e ideas para informar (exposici\u00f3n).<\/p>\n<p>Algunas <strong>consideraciones a tener en cuenta al momento de construir un mensaje con fuerza<\/strong> son las siguientes:<\/p>\n<p>\u2022\t<strong>Tener claro lo que se quiere decir<\/strong> y darle estructurar a ese mensaje.<br \/>\n\u2022\t<strong>Construir un mensaje sencillo<\/strong> para que todas las personas puedan entenderlo.<br \/>\n\u2022\tUtilizar <strong>palabras adecuadas<\/strong> al interlocutor, que \u00e9l entienda, es la clave para evitar las malas interpretaciones.<br \/>\n\u2022\tProcura que el <strong>contenido<\/strong>  sea <strong>memorable<\/strong>, es decir f\u00e1cil de recordar.<br \/>\n\u2022\tLas met\u00e1foras o analog\u00edas contienen palabras simb\u00f3licas, tienen mayor impacto en los receptores porque apelan a la emoci\u00f3n y crea conexi\u00f3n con las personas. La frase <em>I have a dream<\/em> (yo tengo un sue\u00f1o) de Martin Luther King es el mejor ejemplo de conexi\u00f3n y simbolismo en un mensaje. Adem\u00e1s, las analog\u00edas son la mejor manera de explicar ideas complejas.<br \/>\n\u2022\tEl tema central debe ser la mejor s\u00edntesis de todo lo que se quiere decir.<\/p>\n<p>Explicado de esta manera, <strong>parece que comunicar ideas de manera exitosa es algo dif\u00edcil<\/strong> y que requiere de mucho tiempo, ciertamente se necesita <strong>preparaci\u00f3n<\/strong>, darse tiempo para construirlo, pero la frecuencia hace \u00e1gil este proceso y la pr\u00e1ctica permite mejorar.<\/p>\n<p>Sobre el autor: <a href=\"https:\/\/twitter.com\/kaybisal\" rel=\"noopener noreferrer\" target=\"_blank\">Kayleigh Bistrain<\/a>.<\/p>\n","protected":false},"excerpt":{"rendered":"<p>Las personas se comunican casi todo el tiempo y aun as\u00ed no logran hacerlo de manera efectiva. Esto supone un problema en el mundo laboral y empresarial porque las negociaciones, los acuerdos, los documentos importantes para el futuro de la organizaci\u00f3n o su buen funcionamiento interno, dependen en buena medida de decir las cosas de [&hellip;]<\/p>\n","protected":false},"author":26,"featured_media":3861,"comment_status":"open","ping_status":"open","sticky":false,"template":"","format":"standard","meta":{"_acf_changed":false,"footnotes":""},"categories":[236],"tags":[1130,1131,1132,1133,1134,1135,1136],"class_list":["post-3860","post","type-post","status-publish","format-standard","has-post-thumbnail","hentry","category-comunicacion","tag-ausencia-del-dialogo","tag-comunicacion-deficiente","tag-comunicarse-de-manera-efectiva","tag-contenido-memorable","tag-curso-para-facilitar-reuniones-de-trabajo","tag-i-have-a-dream","tag-paul-ricoeur"],"acf":[],"yoast_head":"<!-- This site is optimized with the Yoast SEO plugin v24.4 - https:\/\/yoast.com\/wordpress\/plugins\/seo\/ -->\n<title>C\u00f3mo comunicarse de manera efectiva - Proyectum Chile<\/title>\n<meta name=\"robots\" content=\"index, follow, max-snippet:-1, max-image-preview:large, max-video-preview:-1\" \/>\n<link rel=\"canonical\" href=\"https:\/\/proyectum.com\/cl\/como-comunicarse-de-manera-efectiva\/\" \/>\n<meta property=\"og:locale\" content=\"es_ES\" \/>\n<meta property=\"og:type\" content=\"article\" \/>\n<meta property=\"og:title\" content=\"C\u00f3mo comunicarse de manera efectiva - Proyectum Chile\" \/>\n<meta property=\"og:description\" content=\"Las personas se comunican casi todo el tiempo y aun as\u00ed no logran hacerlo de manera efectiva. Esto supone un problema en el mundo laboral y empresarial porque las negociaciones, los acuerdos, los documentos importantes para el futuro de la organizaci\u00f3n o su buen funcionamiento interno, dependen en buena medida de decir las cosas de [&hellip;]\" \/>\n<meta property=\"og:url\" content=\"https:\/\/proyectum.com\/cl\/como-comunicarse-de-manera-efectiva\/\" \/>\n<meta property=\"og:site_name\" content=\"Proyectum Chile\" \/>\n<meta property=\"article:publisher\" content=\"https:\/\/www.facebook.com\/proyectumchile\/\" \/>\n<meta property=\"article:published_time\" content=\"2018-06-20T12:11:36+00:00\" \/>\n<meta property=\"og:image\" content=\"https:\/\/proyectum.com\/cl\/wp-content\/uploads\/2018\/06\/Como-comunicarse-1.jpg\" \/>\n\t<meta property=\"og:image:width\" content=\"1199\" \/>\n\t<meta property=\"og:image:height\" content=\"628\" \/>\n\t<meta property=\"og:image:type\" content=\"image\/jpeg\" \/>\n<meta name=\"author\" content=\"Proyectum 2025\" \/>\n<meta name=\"twitter:card\" content=\"summary_large_image\" \/>\n<meta name=\"twitter:label1\" content=\"Escrito por\" \/>\n\t<meta name=\"twitter:data1\" content=\"Proyectum 2025\" \/>\n\t<meta name=\"twitter:label2\" content=\"Tiempo de lectura\" \/>\n\t<meta name=\"twitter:data2\" content=\"4 minutos\" \/>\n<script type=\"application\/ld+json\" class=\"yoast-schema-graph\">{\"@context\":\"https:\/\/schema.org\",\"@graph\":[{\"@type\":\"Article\",\"@id\":\"https:\/\/proyectum.com\/cl\/como-comunicarse-de-manera-efectiva\/#article\",\"isPartOf\":{\"@id\":\"https:\/\/proyectum.com\/cl\/como-comunicarse-de-manera-efectiva\/\"},\"author\":{\"name\":\"Proyectum 2025\",\"@id\":\"https:\/\/proyectum.com\/cl\/#\/schema\/person\/7d5caa4386a11be650af177d3f2e5aee\"},\"headline\":\"C\u00f3mo comunicarse de manera efectiva\",\"datePublished\":\"2018-06-20T12:11:36+00:00\",\"mainEntityOfPage\":{\"@id\":\"https:\/\/proyectum.com\/cl\/como-comunicarse-de-manera-efectiva\/\"},\"wordCount\":812,\"commentCount\":0,\"publisher\":{\"@id\":\"https:\/\/proyectum.com\/cl\/#organization\"},\"image\":{\"@id\":\"https:\/\/proyectum.com\/cl\/como-comunicarse-de-manera-efectiva\/#primaryimage\"},\"thumbnailUrl\":\"https:\/\/proyectum.com\/cl\/wp-content\/uploads\/2018\/06\/Como-comunicarse-1.jpg\",\"keywords\":[\"ausencia del di\u00e1logo\",\"comunicaci\u00f3n deficiente\",\"comunicarse de manera efectiva\",\"contenido memorable\",\"curso para facilitar reuniones de trabajo\",\"I have a dream\",\"Paul Ricoeur\"],\"articleSection\":[\"Comunicaci\u00f3n\"],\"inLanguage\":\"es\",\"potentialAction\":[{\"@type\":\"CommentAction\",\"name\":\"Comment\",\"target\":[\"https:\/\/proyectum.com\/cl\/como-comunicarse-de-manera-efectiva\/#respond\"]}]},{\"@type\":\"WebPage\",\"@id\":\"https:\/\/proyectum.com\/cl\/como-comunicarse-de-manera-efectiva\/\",\"url\":\"https:\/\/proyectum.com\/cl\/como-comunicarse-de-manera-efectiva\/\",\"name\":\"C\u00f3mo comunicarse de manera efectiva - Proyectum Chile\",\"isPartOf\":{\"@id\":\"https:\/\/proyectum.com\/cl\/#website\"},\"primaryImageOfPage\":{\"@id\":\"https:\/\/proyectum.com\/cl\/como-comunicarse-de-manera-efectiva\/#primaryimage\"},\"image\":{\"@id\":\"https:\/\/proyectum.com\/cl\/como-comunicarse-de-manera-efectiva\/#primaryimage\"},\"thumbnailUrl\":\"https:\/\/proyectum.com\/cl\/wp-content\/uploads\/2018\/06\/Como-comunicarse-1.jpg\",\"datePublished\":\"2018-06-20T12:11:36+00:00\",\"breadcrumb\":{\"@id\":\"https:\/\/proyectum.com\/cl\/como-comunicarse-de-manera-efectiva\/#breadcrumb\"},\"inLanguage\":\"es\",\"potentialAction\":[{\"@type\":\"ReadAction\",\"target\":[\"https:\/\/proyectum.com\/cl\/como-comunicarse-de-manera-efectiva\/\"]}]},{\"@type\":\"ImageObject\",\"inLanguage\":\"es\",\"@id\":\"https:\/\/proyectum.com\/cl\/como-comunicarse-de-manera-efectiva\/#primaryimage\",\"url\":\"https:\/\/proyectum.com\/cl\/wp-content\/uploads\/2018\/06\/Como-comunicarse-1.jpg\",\"contentUrl\":\"https:\/\/proyectum.com\/cl\/wp-content\/uploads\/2018\/06\/Como-comunicarse-1.jpg\",\"width\":1199,\"height\":628,\"caption\":\"C\u00f3mo comunicarse\"},{\"@type\":\"BreadcrumbList\",\"@id\":\"https:\/\/proyectum.com\/cl\/como-comunicarse-de-manera-efectiva\/#breadcrumb\",\"itemListElement\":[{\"@type\":\"ListItem\",\"position\":1,\"name\":\"Home\",\"item\":\"https:\/\/proyectum.com\/cl\/\"},{\"@type\":\"ListItem\",\"position\":2,\"name\":\"C\u00f3mo comunicarse de manera efectiva\"}]},{\"@type\":\"WebSite\",\"@id\":\"https:\/\/proyectum.com\/cl\/#website\",\"url\":\"https:\/\/proyectum.com\/cl\/\",\"name\":\"Proyectum Chile\",\"description\":\"Direcci\u00f3n de Proyectos y Metodolog\u00edas \u00c1giles\",\"publisher\":{\"@id\":\"https:\/\/proyectum.com\/cl\/#organization\"},\"potentialAction\":[{\"@type\":\"SearchAction\",\"target\":{\"@type\":\"EntryPoint\",\"urlTemplate\":\"https:\/\/proyectum.com\/cl\/?s={search_term_string}\"},\"query-input\":{\"@type\":\"PropertyValueSpecification\",\"valueRequired\":true,\"valueName\":\"search_term_string\"}}],\"inLanguage\":\"es\"},{\"@type\":\"Organization\",\"@id\":\"https:\/\/proyectum.com\/cl\/#organization\",\"name\":\"Proyectum Chile\",\"url\":\"https:\/\/proyectum.com\/cl\/\",\"logo\":{\"@type\":\"ImageObject\",\"inLanguage\":\"es\",\"@id\":\"https:\/\/proyectum.com\/cl\/#\/schema\/logo\/image\/\",\"url\":\"https:\/\/proyectum.com\/cl\/wp-content\/uploads\/2020\/04\/proyectum-logo-snippet.png\",\"contentUrl\":\"https:\/\/proyectum.com\/cl\/wp-content\/uploads\/2020\/04\/proyectum-logo-snippet.png\",\"width\":600,\"height\":315,\"caption\":\"Proyectum Chile\"},\"image\":{\"@id\":\"https:\/\/proyectum.com\/cl\/#\/schema\/logo\/image\/\"},\"sameAs\":[\"https:\/\/www.facebook.com\/proyectumchile\/\",\"https:\/\/www.linkedin.com\/company\/proyectum-cl\/\",\"https:\/\/www.instagram.com\/proyectumchile\/\",\"https:\/\/www.youtube.com\/@proyectum2283\/videos\"]},{\"@type\":\"Person\",\"@id\":\"https:\/\/proyectum.com\/cl\/#\/schema\/person\/7d5caa4386a11be650af177d3f2e5aee\",\"name\":\"Proyectum 2025\",\"image\":{\"@type\":\"ImageObject\",\"inLanguage\":\"es\",\"@id\":\"https:\/\/proyectum.com\/cl\/#\/schema\/person\/image\/\",\"url\":\"https:\/\/secure.gravatar.com\/avatar\/df82793fddd8f0a5a84fdb27d958bf73?s=96&d=mm&r=g\",\"contentUrl\":\"https:\/\/secure.gravatar.com\/avatar\/df82793fddd8f0a5a84fdb27d958bf73?s=96&d=mm&r=g\",\"caption\":\"Proyectum 2025\"}}]}<\/script>\n<!-- \/ Yoast SEO plugin. -->","yoast_head_json":{"title":"C\u00f3mo comunicarse de manera efectiva - Proyectum Chile","robots":{"index":"index","follow":"follow","max-snippet":"max-snippet:-1","max-image-preview":"max-image-preview:large","max-video-preview":"max-video-preview:-1"},"canonical":"https:\/\/proyectum.com\/cl\/como-comunicarse-de-manera-efectiva\/","og_locale":"es_ES","og_type":"article","og_title":"C\u00f3mo comunicarse de manera efectiva - Proyectum Chile","og_description":"Las personas se comunican casi todo el tiempo y aun as\u00ed no logran hacerlo de manera efectiva. Esto supone un problema en el mundo laboral y empresarial porque las negociaciones, los acuerdos, los documentos importantes para el futuro de la organizaci\u00f3n o su buen funcionamiento interno, dependen en buena medida de decir las cosas de [&hellip;]","og_url":"https:\/\/proyectum.com\/cl\/como-comunicarse-de-manera-efectiva\/","og_site_name":"Proyectum Chile","article_publisher":"https:\/\/www.facebook.com\/proyectumchile\/","article_published_time":"2018-06-20T12:11:36+00:00","og_image":[{"width":1199,"height":628,"url":"https:\/\/proyectum.com\/cl\/wp-content\/uploads\/2018\/06\/Como-comunicarse-1.jpg","type":"image\/jpeg"}],"author":"Proyectum 2025","twitter_card":"summary_large_image","twitter_misc":{"Escrito por":"Proyectum 2025","Tiempo de lectura":"4 minutos"},"schema":{"@context":"https:\/\/schema.org","@graph":[{"@type":"Article","@id":"https:\/\/proyectum.com\/cl\/como-comunicarse-de-manera-efectiva\/#article","isPartOf":{"@id":"https:\/\/proyectum.com\/cl\/como-comunicarse-de-manera-efectiva\/"},"author":{"name":"Proyectum 2025","@id":"https:\/\/proyectum.com\/cl\/#\/schema\/person\/7d5caa4386a11be650af177d3f2e5aee"},"headline":"C\u00f3mo comunicarse de manera efectiva","datePublished":"2018-06-20T12:11:36+00:00","mainEntityOfPage":{"@id":"https:\/\/proyectum.com\/cl\/como-comunicarse-de-manera-efectiva\/"},"wordCount":812,"commentCount":0,"publisher":{"@id":"https:\/\/proyectum.com\/cl\/#organization"},"image":{"@id":"https:\/\/proyectum.com\/cl\/como-comunicarse-de-manera-efectiva\/#primaryimage"},"thumbnailUrl":"https:\/\/proyectum.com\/cl\/wp-content\/uploads\/2018\/06\/Como-comunicarse-1.jpg","keywords":["ausencia del di\u00e1logo","comunicaci\u00f3n deficiente","comunicarse de manera efectiva","contenido memorable","curso para facilitar reuniones de trabajo","I have a dream","Paul Ricoeur"],"articleSection":["Comunicaci\u00f3n"],"inLanguage":"es","potentialAction":[{"@type":"CommentAction","name":"Comment","target":["https:\/\/proyectum.com\/cl\/como-comunicarse-de-manera-efectiva\/#respond"]}]},{"@type":"WebPage","@id":"https:\/\/proyectum.com\/cl\/como-comunicarse-de-manera-efectiva\/","url":"https:\/\/proyectum.com\/cl\/como-comunicarse-de-manera-efectiva\/","name":"C\u00f3mo comunicarse de manera efectiva - Proyectum Chile","isPartOf":{"@id":"https:\/\/proyectum.com\/cl\/#website"},"primaryImageOfPage":{"@id":"https:\/\/proyectum.com\/cl\/como-comunicarse-de-manera-efectiva\/#primaryimage"},"image":{"@id":"https:\/\/proyectum.com\/cl\/como-comunicarse-de-manera-efectiva\/#primaryimage"},"thumbnailUrl":"https:\/\/proyectum.com\/cl\/wp-content\/uploads\/2018\/06\/Como-comunicarse-1.jpg","datePublished":"2018-06-20T12:11:36+00:00","breadcrumb":{"@id":"https:\/\/proyectum.com\/cl\/como-comunicarse-de-manera-efectiva\/#breadcrumb"},"inLanguage":"es","potentialAction":[{"@type":"ReadAction","target":["https:\/\/proyectum.com\/cl\/como-comunicarse-de-manera-efectiva\/"]}]},{"@type":"ImageObject","inLanguage":"es","@id":"https:\/\/proyectum.com\/cl\/como-comunicarse-de-manera-efectiva\/#primaryimage","url":"https:\/\/proyectum.com\/cl\/wp-content\/uploads\/2018\/06\/Como-comunicarse-1.jpg","contentUrl":"https:\/\/proyectum.com\/cl\/wp-content\/uploads\/2018\/06\/Como-comunicarse-1.jpg","width":1199,"height":628,"caption":"C\u00f3mo comunicarse"},{"@type":"BreadcrumbList","@id":"https:\/\/proyectum.com\/cl\/como-comunicarse-de-manera-efectiva\/#breadcrumb","itemListElement":[{"@type":"ListItem","position":1,"name":"Home","item":"https:\/\/proyectum.com\/cl\/"},{"@type":"ListItem","position":2,"name":"C\u00f3mo comunicarse de manera efectiva"}]},{"@type":"WebSite","@id":"https:\/\/proyectum.com\/cl\/#website","url":"https:\/\/proyectum.com\/cl\/","name":"Proyectum Chile","description":"Direcci\u00f3n de Proyectos y Metodolog\u00edas \u00c1giles","publisher":{"@id":"https:\/\/proyectum.com\/cl\/#organization"},"potentialAction":[{"@type":"SearchAction","target":{"@type":"EntryPoint","urlTemplate":"https:\/\/proyectum.com\/cl\/?s={search_term_string}"},"query-input":{"@type":"PropertyValueSpecification","valueRequired":true,"valueName":"search_term_string"}}],"inLanguage":"es"},{"@type":"Organization","@id":"https:\/\/proyectum.com\/cl\/#organization","name":"Proyectum Chile","url":"https:\/\/proyectum.com\/cl\/","logo":{"@type":"ImageObject","inLanguage":"es","@id":"https:\/\/proyectum.com\/cl\/#\/schema\/logo\/image\/","url":"https:\/\/proyectum.com\/cl\/wp-content\/uploads\/2020\/04\/proyectum-logo-snippet.png","contentUrl":"https:\/\/proyectum.com\/cl\/wp-content\/uploads\/2020\/04\/proyectum-logo-snippet.png","width":600,"height":315,"caption":"Proyectum Chile"},"image":{"@id":"https:\/\/proyectum.com\/cl\/#\/schema\/logo\/image\/"},"sameAs":["https:\/\/www.facebook.com\/proyectumchile\/","https:\/\/www.linkedin.com\/company\/proyectum-cl\/","https:\/\/www.instagram.com\/proyectumchile\/","https:\/\/www.youtube.com\/@proyectum2283\/videos"]},{"@type":"Person","@id":"https:\/\/proyectum.com\/cl\/#\/schema\/person\/7d5caa4386a11be650af177d3f2e5aee","name":"Proyectum 2025","image":{"@type":"ImageObject","inLanguage":"es","@id":"https:\/\/proyectum.com\/cl\/#\/schema\/person\/image\/","url":"https:\/\/secure.gravatar.com\/avatar\/df82793fddd8f0a5a84fdb27d958bf73?s=96&d=mm&r=g","contentUrl":"https:\/\/secure.gravatar.com\/avatar\/df82793fddd8f0a5a84fdb27d958bf73?s=96&d=mm&r=g","caption":"Proyectum 2025"}}]}},"_links":{"self":[{"href":"https:\/\/proyectum.com\/cl\/wp-json\/wp\/v2\/posts\/3860","targetHints":{"allow":["GET"]}}],"collection":[{"href":"https:\/\/proyectum.com\/cl\/wp-json\/wp\/v2\/posts"}],"about":[{"href":"https:\/\/proyectum.com\/cl\/wp-json\/wp\/v2\/types\/post"}],"author":[{"embeddable":true,"href":"https:\/\/proyectum.com\/cl\/wp-json\/wp\/v2\/users\/26"}],"replies":[{"embeddable":true,"href":"https:\/\/proyectum.com\/cl\/wp-json\/wp\/v2\/comments?post=3860"}],"version-history":[{"count":0,"href":"https:\/\/proyectum.com\/cl\/wp-json\/wp\/v2\/posts\/3860\/revisions"}],"wp:featuredmedia":[{"embeddable":true,"href":"https:\/\/proyectum.com\/cl\/wp-json\/wp\/v2\/media\/3861"}],"wp:attachment":[{"href":"https:\/\/proyectum.com\/cl\/wp-json\/wp\/v2\/media?parent=3860"}],"wp:term":[{"taxonomy":"category","embeddable":true,"href":"https:\/\/proyectum.com\/cl\/wp-json\/wp\/v2\/categories?post=3860"},{"taxonomy":"post_tag","embeddable":true,"href":"https:\/\/proyectum.com\/cl\/wp-json\/wp\/v2\/tags?post=3860"}],"curies":[{"name":"wp","href":"https:\/\/api.w.org\/{rel}","templated":true}]}}