{"id":3894,"date":"2018-07-17T10:03:34","date_gmt":"2018-07-17T15:03:34","guid":{"rendered":"http:\/\/www.proyectum.lat\/?p=3894"},"modified":"2018-07-17T10:03:34","modified_gmt":"2018-07-17T15:03:34","slug":"los-entornos-laborales-saludables-fortalecen-la-etica-empresarial","status":"publish","type":"post","link":"https:\/\/proyectum.com\/cl\/los-entornos-laborales-saludables-fortalecen-la-etica-empresarial\/","title":{"rendered":"Los entornos laborales saludables fortalecen la \u00e9tica empresarial"},"content":{"rendered":"<p>Las instalaciones de Google est\u00e1n lejos de parecer oficinas. Cuentan con gimnasio, cuarto de juegos, sala de masaje, \u00e1rea para tomar siestas, cocina, hay clases de activaci\u00f3n f\u00edsica, entre muchos otros espacios acondicionados. La empresa del principal buscador en Internet <strong>se preocupa por el bienestar f\u00edsico y mental<\/strong> de los miembros del corporativo. Y aunque tambi\u00e9n hay (ex)empleados que se quejan por estas u otras pr\u00e1cticas, el objetivo detr\u00e1s de esa <strong>cultura de gesti\u00f3n<\/strong> es uno de los debates actuales en el mundo de negocios.<\/p>\n<p>El sector empresarial y otros involucrados indirectamente se han planteado la necesidad de reformular la <strong>\u00e9tica laboral<\/strong> porque se dieron cuenta que cuando los trabajadores se sienten valorados, a gusto en su lugar de trabajo y hay lazos de confianza e incluso <strong>comunidad entre los compa\u00f1eros<\/strong>, la <strong>productividad aumenta<\/strong>, disminuye el abstencionismo y reduce la rotaci\u00f3n de personal.<\/p>\n<p>Modificar las normas de comportamiento de una empresa es complejo porque implica hacer ajustes en los valores, la organizaci\u00f3n interna y la cultura. Desde finales del siglo pasado surgi\u00f3 el concepto <strong>entornos laborales saludables<\/strong>, utilizado para denominar a aquellos lugares de trabajo en los que se cuida la salud corporal, intelectual y mental de los empleados.<\/p>\n<p>Estos entornos impulsan el cambio social porque compromete a los empleadores con el bienestar de los que laboran para ellos, al mismo tiempo delega responsabilidades a los empleados sobre su estado f\u00edsico y emocional. Esto quiere decir que la compa\u00f1\u00eda va a reacondicionar oficinas, ofrece otros lugares para diversas actividades y promueve ciertos valores para que los empleados se sientan menos estresados, m\u00e1s seguros y sean <strong>capaces de ser creativos<\/strong> o crecer profesionalmente, pero usarlos y aprovecharlos depende totalmente de los trabajadores.<\/p>\n<p>El compromiso adquirido por los directivos se ve reflejado en pol\u00edticas de la organizaci\u00f3n que involucran a jefes, a los clientes, proveedores y empleados, y se refleja en programas para el sano desarrollo de los colaboradores y sus familias. Parece una idea rom\u00e1ntica, pero no hay que olvidar que la dignidad y buenas condiciones de trabajo es algo que a\u00fan no est\u00e1 asegurada para la mayor\u00eda de las personas.<\/p>\n<p>De acuerdo con la Organizaci\u00f3n Mundial de la Salud, una empresa adquiere el estatus de lugar de trabajo saludable cuando la comunidad de la compa\u00f1\u00eda trabaja conjuntamente para garantizar la salud, la seguridad y el bienestar de todos los que son parte de \u00e9l, e <strong>impacta favorablemente en su productividad<\/strong>. Para lograrlo, la OMS propone enfocarse en 4 ejes: el <strong>ambiente f\u00edsico de trabajo<\/strong>, el <strong>ambiente psicosocial<\/strong> de trabajo, la <strong>participaci\u00f3n de la empresa en la comunidad<\/strong>, y la promoci\u00f3n y apoyo de <strong>estilos de vida saludables<\/strong>.<\/p>\n<p>Procurar una salud integral de los trabajadores es generar proyectos competitivos. Va desde lo elemental, como darles un seguro m\u00e9dico y los d\u00edas de vacaciones conforme la ley, hasta tener un espacio de trabajo \u00f3ptimo, por ejemplo usar sillas ergon\u00f3micas ya que los empleados pasan muchas horas seguidas sentados. Y en general las instalaciones deben ser lugares seguros para todos.<\/p>\n<p>Es falso esa idea de que la productividad de la empresa va a disminuir si alguno de los colaboradores se va de vacaciones, esos d\u00edas de descanso contribuyen a mejorar el estado f\u00edsico y mental de las personas, <strong>reduce el estr\u00e9s laboral<\/strong> y aumenta la motivaci\u00f3n para continuar con sus actividades laborales.<\/p>\n<p>El espacio f\u00edsico se ha convertido en un lugar donde se \u201c<strong>construye comunidad<\/strong>\u201d, como dice un art\u00edculo de la revista estadounidense <a href=\"https:\/\/www.fastcompany.com\/90199742\/here-are-a-bunch-of-co-work-startups-saying-the-same-things-about-how-different-they-are\" rel=\"noopener noreferrer\" target=\"_blank\">Fast Company<\/a>, ya que estimula las capacidades profesionales de las personas. El caso emblem\u00e1tico son las instalaciones de Google, pero cada empresa debe estudiar sus propias necesidades y hacer lo mejor que pueda con los recursos que cuente. Esta es la raz\u00f3n por la cual el dise\u00f1o de las oficinas cobr\u00f3 importancia en la \u00faltima d\u00e9cada.<\/p>\n<p>Los <strong>entornos laborales saludables  benefician a las empresas<\/strong> porque hacen que los trabajadores se comprometan m\u00e1s con los objetivos del proyecto y con su propio progreso profesional, adem\u00e1s de generar un ambiente de trabajo agradable.  Cada esfuerzo realizado por la organizaci\u00f3n se encamina a enmendar problem\u00e1ticas laborales que los trabajadores llevan por lo menos dos siglos denunciando, les han hecho ver a los empleadores que las condiciones necesitan mejorar, pero tambi\u00e9n los ejecutivos est\u00e1n abiertos a experimentar por otros caminos.<\/p>\n<p>Sobre el autor: <a href=\"https:\/\/twitter.com\/kaybisal\" rel=\"noopener noreferrer\" target=\"_blank\">Kayleigh Bistrain<\/a>.<\/p>\n","protected":false},"excerpt":{"rendered":"<p>Las instalaciones de Google est\u00e1n lejos de parecer oficinas. Cuentan con gimnasio, cuarto de juegos, sala de masaje, \u00e1rea para tomar siestas, cocina, hay clases de activaci\u00f3n f\u00edsica, entre muchos otros espacios acondicionados. La empresa del principal buscador en Internet se preocupa por el bienestar f\u00edsico y mental de los miembros del corporativo. Y aunque [&hellip;]<\/p>\n","protected":false},"author":26,"featured_media":10932,"comment_status":"open","ping_status":"open","sticky":false,"template":"","format":"standard","meta":{"_acf_changed":false,"footnotes":""},"categories":[231],"tags":[1157,1158,1159,1160,1161,1162,1163,1164,1165,1166,1167,1168,1169,1170,1171,1172,1173],"class_list":["post-3894","post","type-post","status-publish","format-standard","has-post-thumbnail","hentry","category-recursos-humanos","tag-ambiente-fisico-de-trabajo","tag-ambiente-psicosocial","tag-capaces-de-ser-creativos","tag-comunidad-entre-los-companeros","tag-construye-comunidad","tag-cultura-de-gestion","tag-disminuye-el-abstencionismo","tag-entornos-laborales-saludables","tag-entornos-laborales-saludables-benefician-a-las-empresas","tag-estilos-de-vida-saludables","tag-etica-laboral","tag-impacta-favorablemente-en-su-productividad","tag-organizacion-mundial-de-la-salud","tag-participacion-de-la-empresa-en-la-comunidad","tag-productividad-aumenta","tag-reduce-el-estres-laboral","tag-reduce-la-rotacion-de-personal"],"acf":[],"yoast_head":"<!-- This site is optimized with the Yoast SEO plugin v24.4 - https:\/\/yoast.com\/wordpress\/plugins\/seo\/ -->\n<title>Los entornos laborales saludables fortalecen la \u00e9tica empresarial - Proyectum Chile<\/title>\n<meta name=\"robots\" content=\"index, follow, max-snippet:-1, max-image-preview:large, max-video-preview:-1\" \/>\n<link rel=\"canonical\" href=\"https:\/\/proyectum.com\/cl\/los-entornos-laborales-saludables-fortalecen-la-etica-empresarial\/\" \/>\n<meta property=\"og:locale\" content=\"es_ES\" \/>\n<meta property=\"og:type\" content=\"article\" \/>\n<meta property=\"og:title\" content=\"Los entornos laborales saludables fortalecen la \u00e9tica empresarial - Proyectum Chile\" \/>\n<meta property=\"og:description\" content=\"Las instalaciones de Google est\u00e1n lejos de parecer oficinas. Cuentan con gimnasio, cuarto de juegos, sala de masaje, \u00e1rea para tomar siestas, cocina, hay clases de activaci\u00f3n f\u00edsica, entre muchos otros espacios acondicionados. La empresa del principal buscador en Internet se preocupa por el bienestar f\u00edsico y mental de los miembros del corporativo. Y aunque [&hellip;]\" \/>\n<meta property=\"og:url\" content=\"https:\/\/proyectum.com\/cl\/los-entornos-laborales-saludables-fortalecen-la-etica-empresarial\/\" \/>\n<meta property=\"og:site_name\" content=\"Proyectum Chile\" \/>\n<meta property=\"article:publisher\" content=\"https:\/\/www.facebook.com\/proyectumchile\/\" \/>\n<meta property=\"article:published_time\" content=\"2018-07-17T15:03:34+00:00\" \/>\n<meta property=\"og:image\" content=\"https:\/\/proyectum.com\/cl\/wp-content\/uploads\/2018\/07\/Entornos-Laborales-1.jpg\" \/>\n\t<meta property=\"og:image:width\" content=\"1900\" \/>\n\t<meta property=\"og:image:height\" content=\"998\" \/>\n\t<meta property=\"og:image:type\" content=\"image\/jpeg\" \/>\n<meta name=\"author\" content=\"Proyectum 2025\" \/>\n<meta name=\"twitter:card\" content=\"summary_large_image\" \/>\n<meta name=\"twitter:label1\" content=\"Escrito por\" \/>\n\t<meta name=\"twitter:data1\" content=\"Proyectum 2025\" \/>\n\t<meta name=\"twitter:label2\" content=\"Tiempo de lectura\" \/>\n\t<meta name=\"twitter:data2\" content=\"4 minutos\" \/>\n<script type=\"application\/ld+json\" class=\"yoast-schema-graph\">{\"@context\":\"https:\/\/schema.org\",\"@graph\":[{\"@type\":\"Article\",\"@id\":\"https:\/\/proyectum.com\/cl\/los-entornos-laborales-saludables-fortalecen-la-etica-empresarial\/#article\",\"isPartOf\":{\"@id\":\"https:\/\/proyectum.com\/cl\/los-entornos-laborales-saludables-fortalecen-la-etica-empresarial\/\"},\"author\":{\"name\":\"Proyectum 2025\",\"@id\":\"https:\/\/proyectum.com\/cl\/#\/schema\/person\/7d5caa4386a11be650af177d3f2e5aee\"},\"headline\":\"Los entornos laborales saludables fortalecen la \u00e9tica empresarial\",\"datePublished\":\"2018-07-17T15:03:34+00:00\",\"mainEntityOfPage\":{\"@id\":\"https:\/\/proyectum.com\/cl\/los-entornos-laborales-saludables-fortalecen-la-etica-empresarial\/\"},\"wordCount\":762,\"commentCount\":0,\"publisher\":{\"@id\":\"https:\/\/proyectum.com\/cl\/#organization\"},\"image\":{\"@id\":\"https:\/\/proyectum.com\/cl\/los-entornos-laborales-saludables-fortalecen-la-etica-empresarial\/#primaryimage\"},\"thumbnailUrl\":\"https:\/\/proyectum.com\/cl\/wp-content\/uploads\/2018\/07\/Entornos-Laborales-1.jpg\",\"keywords\":[\"ambiente f\u00edsico de trabajo\",\"ambiente psicosocial\",\"capaces de ser creativos\",\"comunidad entre los compa\u00f1eros\",\"construye comunidad\",\"cultura de gesti\u00f3n\",\"disminuye el abstencionismo\",\"entornos laborales saludables\",\"entornos laborales saludables benefician a las empresas\",\"estilos de vida saludables\",\"\u00e9tica laboral\",\"impacta favorablemente en su productividad\",\"Organizaci\u00f3n Mundial de la Salud\",\"participaci\u00f3n de la empresa en la comunidad\",\"productividad aumenta\",\"reduce el estr\u00e9s laboral\",\"reduce la rotaci\u00f3n de personal\"],\"articleSection\":[\"Recursos Humanos\"],\"inLanguage\":\"es\",\"potentialAction\":[{\"@type\":\"CommentAction\",\"name\":\"Comment\",\"target\":[\"https:\/\/proyectum.com\/cl\/los-entornos-laborales-saludables-fortalecen-la-etica-empresarial\/#respond\"]}]},{\"@type\":\"WebPage\",\"@id\":\"https:\/\/proyectum.com\/cl\/los-entornos-laborales-saludables-fortalecen-la-etica-empresarial\/\",\"url\":\"https:\/\/proyectum.com\/cl\/los-entornos-laborales-saludables-fortalecen-la-etica-empresarial\/\",\"name\":\"Los entornos laborales saludables fortalecen la \u00e9tica empresarial - Proyectum Chile\",\"isPartOf\":{\"@id\":\"https:\/\/proyectum.com\/cl\/#website\"},\"primaryImageOfPage\":{\"@id\":\"https:\/\/proyectum.com\/cl\/los-entornos-laborales-saludables-fortalecen-la-etica-empresarial\/#primaryimage\"},\"image\":{\"@id\":\"https:\/\/proyectum.com\/cl\/los-entornos-laborales-saludables-fortalecen-la-etica-empresarial\/#primaryimage\"},\"thumbnailUrl\":\"https:\/\/proyectum.com\/cl\/wp-content\/uploads\/2018\/07\/Entornos-Laborales-1.jpg\",\"datePublished\":\"2018-07-17T15:03:34+00:00\",\"breadcrumb\":{\"@id\":\"https:\/\/proyectum.com\/cl\/los-entornos-laborales-saludables-fortalecen-la-etica-empresarial\/#breadcrumb\"},\"inLanguage\":\"es\",\"potentialAction\":[{\"@type\":\"ReadAction\",\"target\":[\"https:\/\/proyectum.com\/cl\/los-entornos-laborales-saludables-fortalecen-la-etica-empresarial\/\"]}]},{\"@type\":\"ImageObject\",\"inLanguage\":\"es\",\"@id\":\"https:\/\/proyectum.com\/cl\/los-entornos-laborales-saludables-fortalecen-la-etica-empresarial\/#primaryimage\",\"url\":\"https:\/\/proyectum.com\/cl\/wp-content\/uploads\/2018\/07\/Entornos-Laborales-1.jpg\",\"contentUrl\":\"https:\/\/proyectum.com\/cl\/wp-content\/uploads\/2018\/07\/Entornos-Laborales-1.jpg\",\"width\":1900,\"height\":998,\"caption\":\"Entornos Laborales\"},{\"@type\":\"BreadcrumbList\",\"@id\":\"https:\/\/proyectum.com\/cl\/los-entornos-laborales-saludables-fortalecen-la-etica-empresarial\/#breadcrumb\",\"itemListElement\":[{\"@type\":\"ListItem\",\"position\":1,\"name\":\"Home\",\"item\":\"https:\/\/proyectum.com\/cl\/\"},{\"@type\":\"ListItem\",\"position\":2,\"name\":\"Los entornos laborales saludables fortalecen la \u00e9tica empresarial\"}]},{\"@type\":\"WebSite\",\"@id\":\"https:\/\/proyectum.com\/cl\/#website\",\"url\":\"https:\/\/proyectum.com\/cl\/\",\"name\":\"Proyectum Chile\",\"description\":\"Direcci\u00f3n de Proyectos y Metodolog\u00edas \u00c1giles\",\"publisher\":{\"@id\":\"https:\/\/proyectum.com\/cl\/#organization\"},\"potentialAction\":[{\"@type\":\"SearchAction\",\"target\":{\"@type\":\"EntryPoint\",\"urlTemplate\":\"https:\/\/proyectum.com\/cl\/?s={search_term_string}\"},\"query-input\":{\"@type\":\"PropertyValueSpecification\",\"valueRequired\":true,\"valueName\":\"search_term_string\"}}],\"inLanguage\":\"es\"},{\"@type\":\"Organization\",\"@id\":\"https:\/\/proyectum.com\/cl\/#organization\",\"name\":\"Proyectum Chile\",\"url\":\"https:\/\/proyectum.com\/cl\/\",\"logo\":{\"@type\":\"ImageObject\",\"inLanguage\":\"es\",\"@id\":\"https:\/\/proyectum.com\/cl\/#\/schema\/logo\/image\/\",\"url\":\"https:\/\/proyectum.com\/cl\/wp-content\/uploads\/2020\/04\/proyectum-logo-snippet.png\",\"contentUrl\":\"https:\/\/proyectum.com\/cl\/wp-content\/uploads\/2020\/04\/proyectum-logo-snippet.png\",\"width\":600,\"height\":315,\"caption\":\"Proyectum Chile\"},\"image\":{\"@id\":\"https:\/\/proyectum.com\/cl\/#\/schema\/logo\/image\/\"},\"sameAs\":[\"https:\/\/www.facebook.com\/proyectumchile\/\",\"https:\/\/www.linkedin.com\/company\/proyectum-cl\/\",\"https:\/\/www.instagram.com\/proyectumchile\/\",\"https:\/\/www.youtube.com\/@proyectum2283\/videos\"]},{\"@type\":\"Person\",\"@id\":\"https:\/\/proyectum.com\/cl\/#\/schema\/person\/7d5caa4386a11be650af177d3f2e5aee\",\"name\":\"Proyectum 2025\",\"image\":{\"@type\":\"ImageObject\",\"inLanguage\":\"es\",\"@id\":\"https:\/\/proyectum.com\/cl\/#\/schema\/person\/image\/\",\"url\":\"https:\/\/secure.gravatar.com\/avatar\/df82793fddd8f0a5a84fdb27d958bf73?s=96&d=mm&r=g\",\"contentUrl\":\"https:\/\/secure.gravatar.com\/avatar\/df82793fddd8f0a5a84fdb27d958bf73?s=96&d=mm&r=g\",\"caption\":\"Proyectum 2025\"}}]}<\/script>\n<!-- \/ Yoast SEO plugin. -->","yoast_head_json":{"title":"Los entornos laborales saludables fortalecen la \u00e9tica empresarial - Proyectum Chile","robots":{"index":"index","follow":"follow","max-snippet":"max-snippet:-1","max-image-preview":"max-image-preview:large","max-video-preview":"max-video-preview:-1"},"canonical":"https:\/\/proyectum.com\/cl\/los-entornos-laborales-saludables-fortalecen-la-etica-empresarial\/","og_locale":"es_ES","og_type":"article","og_title":"Los entornos laborales saludables fortalecen la \u00e9tica empresarial - Proyectum Chile","og_description":"Las instalaciones de Google est\u00e1n lejos de parecer oficinas. Cuentan con gimnasio, cuarto de juegos, sala de masaje, \u00e1rea para tomar siestas, cocina, hay clases de activaci\u00f3n f\u00edsica, entre muchos otros espacios acondicionados. La empresa del principal buscador en Internet se preocupa por el bienestar f\u00edsico y mental de los miembros del corporativo. Y aunque [&hellip;]","og_url":"https:\/\/proyectum.com\/cl\/los-entornos-laborales-saludables-fortalecen-la-etica-empresarial\/","og_site_name":"Proyectum Chile","article_publisher":"https:\/\/www.facebook.com\/proyectumchile\/","article_published_time":"2018-07-17T15:03:34+00:00","og_image":[{"width":1900,"height":998,"url":"https:\/\/proyectum.com\/cl\/wp-content\/uploads\/2018\/07\/Entornos-Laborales-1.jpg","type":"image\/jpeg"}],"author":"Proyectum 2025","twitter_card":"summary_large_image","twitter_misc":{"Escrito por":"Proyectum 2025","Tiempo de lectura":"4 minutos"},"schema":{"@context":"https:\/\/schema.org","@graph":[{"@type":"Article","@id":"https:\/\/proyectum.com\/cl\/los-entornos-laborales-saludables-fortalecen-la-etica-empresarial\/#article","isPartOf":{"@id":"https:\/\/proyectum.com\/cl\/los-entornos-laborales-saludables-fortalecen-la-etica-empresarial\/"},"author":{"name":"Proyectum 2025","@id":"https:\/\/proyectum.com\/cl\/#\/schema\/person\/7d5caa4386a11be650af177d3f2e5aee"},"headline":"Los entornos laborales saludables fortalecen la \u00e9tica empresarial","datePublished":"2018-07-17T15:03:34+00:00","mainEntityOfPage":{"@id":"https:\/\/proyectum.com\/cl\/los-entornos-laborales-saludables-fortalecen-la-etica-empresarial\/"},"wordCount":762,"commentCount":0,"publisher":{"@id":"https:\/\/proyectum.com\/cl\/#organization"},"image":{"@id":"https:\/\/proyectum.com\/cl\/los-entornos-laborales-saludables-fortalecen-la-etica-empresarial\/#primaryimage"},"thumbnailUrl":"https:\/\/proyectum.com\/cl\/wp-content\/uploads\/2018\/07\/Entornos-Laborales-1.jpg","keywords":["ambiente f\u00edsico de trabajo","ambiente psicosocial","capaces de ser creativos","comunidad entre los compa\u00f1eros","construye comunidad","cultura de gesti\u00f3n","disminuye el abstencionismo","entornos laborales saludables","entornos laborales saludables benefician a las empresas","estilos de vida saludables","\u00e9tica laboral","impacta favorablemente en su productividad","Organizaci\u00f3n Mundial de la Salud","participaci\u00f3n de la empresa en la comunidad","productividad aumenta","reduce el estr\u00e9s laboral","reduce la rotaci\u00f3n de personal"],"articleSection":["Recursos Humanos"],"inLanguage":"es","potentialAction":[{"@type":"CommentAction","name":"Comment","target":["https:\/\/proyectum.com\/cl\/los-entornos-laborales-saludables-fortalecen-la-etica-empresarial\/#respond"]}]},{"@type":"WebPage","@id":"https:\/\/proyectum.com\/cl\/los-entornos-laborales-saludables-fortalecen-la-etica-empresarial\/","url":"https:\/\/proyectum.com\/cl\/los-entornos-laborales-saludables-fortalecen-la-etica-empresarial\/","name":"Los entornos laborales saludables fortalecen la \u00e9tica empresarial - Proyectum Chile","isPartOf":{"@id":"https:\/\/proyectum.com\/cl\/#website"},"primaryImageOfPage":{"@id":"https:\/\/proyectum.com\/cl\/los-entornos-laborales-saludables-fortalecen-la-etica-empresarial\/#primaryimage"},"image":{"@id":"https:\/\/proyectum.com\/cl\/los-entornos-laborales-saludables-fortalecen-la-etica-empresarial\/#primaryimage"},"thumbnailUrl":"https:\/\/proyectum.com\/cl\/wp-content\/uploads\/2018\/07\/Entornos-Laborales-1.jpg","datePublished":"2018-07-17T15:03:34+00:00","breadcrumb":{"@id":"https:\/\/proyectum.com\/cl\/los-entornos-laborales-saludables-fortalecen-la-etica-empresarial\/#breadcrumb"},"inLanguage":"es","potentialAction":[{"@type":"ReadAction","target":["https:\/\/proyectum.com\/cl\/los-entornos-laborales-saludables-fortalecen-la-etica-empresarial\/"]}]},{"@type":"ImageObject","inLanguage":"es","@id":"https:\/\/proyectum.com\/cl\/los-entornos-laborales-saludables-fortalecen-la-etica-empresarial\/#primaryimage","url":"https:\/\/proyectum.com\/cl\/wp-content\/uploads\/2018\/07\/Entornos-Laborales-1.jpg","contentUrl":"https:\/\/proyectum.com\/cl\/wp-content\/uploads\/2018\/07\/Entornos-Laborales-1.jpg","width":1900,"height":998,"caption":"Entornos Laborales"},{"@type":"BreadcrumbList","@id":"https:\/\/proyectum.com\/cl\/los-entornos-laborales-saludables-fortalecen-la-etica-empresarial\/#breadcrumb","itemListElement":[{"@type":"ListItem","position":1,"name":"Home","item":"https:\/\/proyectum.com\/cl\/"},{"@type":"ListItem","position":2,"name":"Los entornos laborales saludables fortalecen la \u00e9tica empresarial"}]},{"@type":"WebSite","@id":"https:\/\/proyectum.com\/cl\/#website","url":"https:\/\/proyectum.com\/cl\/","name":"Proyectum Chile","description":"Direcci\u00f3n de Proyectos y Metodolog\u00edas \u00c1giles","publisher":{"@id":"https:\/\/proyectum.com\/cl\/#organization"},"potentialAction":[{"@type":"SearchAction","target":{"@type":"EntryPoint","urlTemplate":"https:\/\/proyectum.com\/cl\/?s={search_term_string}"},"query-input":{"@type":"PropertyValueSpecification","valueRequired":true,"valueName":"search_term_string"}}],"inLanguage":"es"},{"@type":"Organization","@id":"https:\/\/proyectum.com\/cl\/#organization","name":"Proyectum Chile","url":"https:\/\/proyectum.com\/cl\/","logo":{"@type":"ImageObject","inLanguage":"es","@id":"https:\/\/proyectum.com\/cl\/#\/schema\/logo\/image\/","url":"https:\/\/proyectum.com\/cl\/wp-content\/uploads\/2020\/04\/proyectum-logo-snippet.png","contentUrl":"https:\/\/proyectum.com\/cl\/wp-content\/uploads\/2020\/04\/proyectum-logo-snippet.png","width":600,"height":315,"caption":"Proyectum Chile"},"image":{"@id":"https:\/\/proyectum.com\/cl\/#\/schema\/logo\/image\/"},"sameAs":["https:\/\/www.facebook.com\/proyectumchile\/","https:\/\/www.linkedin.com\/company\/proyectum-cl\/","https:\/\/www.instagram.com\/proyectumchile\/","https:\/\/www.youtube.com\/@proyectum2283\/videos"]},{"@type":"Person","@id":"https:\/\/proyectum.com\/cl\/#\/schema\/person\/7d5caa4386a11be650af177d3f2e5aee","name":"Proyectum 2025","image":{"@type":"ImageObject","inLanguage":"es","@id":"https:\/\/proyectum.com\/cl\/#\/schema\/person\/image\/","url":"https:\/\/secure.gravatar.com\/avatar\/df82793fddd8f0a5a84fdb27d958bf73?s=96&d=mm&r=g","contentUrl":"https:\/\/secure.gravatar.com\/avatar\/df82793fddd8f0a5a84fdb27d958bf73?s=96&d=mm&r=g","caption":"Proyectum 2025"}}]}},"_links":{"self":[{"href":"https:\/\/proyectum.com\/cl\/wp-json\/wp\/v2\/posts\/3894","targetHints":{"allow":["GET"]}}],"collection":[{"href":"https:\/\/proyectum.com\/cl\/wp-json\/wp\/v2\/posts"}],"about":[{"href":"https:\/\/proyectum.com\/cl\/wp-json\/wp\/v2\/types\/post"}],"author":[{"embeddable":true,"href":"https:\/\/proyectum.com\/cl\/wp-json\/wp\/v2\/users\/26"}],"replies":[{"embeddable":true,"href":"https:\/\/proyectum.com\/cl\/wp-json\/wp\/v2\/comments?post=3894"}],"version-history":[{"count":0,"href":"https:\/\/proyectum.com\/cl\/wp-json\/wp\/v2\/posts\/3894\/revisions"}],"wp:featuredmedia":[{"embeddable":true,"href":"https:\/\/proyectum.com\/cl\/wp-json\/wp\/v2\/media\/10932"}],"wp:attachment":[{"href":"https:\/\/proyectum.com\/cl\/wp-json\/wp\/v2\/media?parent=3894"}],"wp:term":[{"taxonomy":"category","embeddable":true,"href":"https:\/\/proyectum.com\/cl\/wp-json\/wp\/v2\/categories?post=3894"},{"taxonomy":"post_tag","embeddable":true,"href":"https:\/\/proyectum.com\/cl\/wp-json\/wp\/v2\/tags?post=3894"}],"curies":[{"name":"wp","href":"https:\/\/api.w.org\/{rel}","templated":true}]}}