{"id":4326,"date":"2018-12-10T10:00:50","date_gmt":"2018-12-10T16:00:50","guid":{"rendered":"http:\/\/www.proyectum.lat\/?p=4326"},"modified":"2018-12-10T10:00:50","modified_gmt":"2018-12-10T16:00:50","slug":"lo-que-la-tecnologia-se-llevo","status":"publish","type":"post","link":"https:\/\/proyectum.com\/cl\/lo-que-la-tecnologia-se-llevo\/","title":{"rendered":"Lo que la tecnolog\u00eda se llev\u00f3\u2026"},"content":{"rendered":"<p><strong>Diciembre<\/strong> est\u00e1 aqu\u00ed, con ello, las luces, los regalos, la nieve artificial, los grandes adornos en las plazas comerciales o las casas en nuestra calle que pareciera m\u00e1s un concurso por ver cu\u00e1l es la m\u00e1s iluminada.<\/p><p>Les invito a hacer una comparativa y una reflexi\u00f3n sobre c\u00f3mo las navidades han cambiado, simplemente, pensemos en cuando \u00e9ramos peque\u00f1os y la forma en que ahora llevamos a cabo estos rituales:<\/p><p>Anteriormente las casas eran enormes, lo que permit\u00eda albergar a todos sin excepci\u00f3n, ahora, en los departamentos solo cabe la familia nuclear, es entonces cuando recurrimos a llamar por <strong>Skype<\/strong> al t\u00edo de Chile o mandar <strong>WhatsApp<\/strong> en el grupo de la familia con im\u00e1genes que representen nuestro esp\u00edritu navide\u00f1o. Todo con el fin de sentirlos cerca y aunque son grandes avances\u2026 realmente hemos perdido ese contacto.<\/p><p>Seguro lo hemos le\u00eddo cientos de veces, \u00abel sentirnos tan cerca, nos aleja\u00bb Ya no le llamas a la abuela porque le has enviado un <strong>GIF<\/strong> o un <strong>EMOJI<\/strong> de coraz\u00f3n y crees que con eso basta, el contacto ha cambiado y seguramente en el trabajo nos funciona, pero estar\u00e1s de acuerdo que hasta en ese entorno, para cerrar un buen trato, acudes a una comida. \u00bfPor qu\u00e9 no hacerlo con familia y amigos?<\/p><p>Estamos rodeados de distracciones, los <strong>celulares<\/strong> pegados de la mano de entes adolescentes tirados en el sill\u00f3n con aud\u00edfonos en sus o\u00eddos porque seg\u00fan los padres \u201cLas <strong>nuevas generaciones<\/strong> se aburren f\u00e1cilmente\u201d. No lo niego, pero tal vez ser\u00eda mejor si les mostr\u00e1ramos la&nbsp;<strong>navidad<\/strong> de nuestras \u00e9pocas, que ayuden a hacer el ponche, escojan en el mercado la mejor pi\u00f1ata y participen en romperla.<\/p><p>La <strong>tecnolog\u00eda <\/strong>no tiene la culpa, bien usada es una gran aliada, podemos enviar regalos desde antes o anticipar las compras, buscar recetas para la cena, poner m\u00fasica especial y hacer que sea m\u00e1s amena, la tecnolog\u00eda lleg\u00f3 para quedarse y es necesario acoplarnos a ella para no ser rebasados por el r\u00e1pido crecimiento. \u00a1Felices fiestas!<\/p><p><\/p><p>Sobre la autora: <a href=\"https:\/\/www.linkedin.com\/in\/carla-le%C3%B3n-547001b2\/\" target=\"_blank\" rel=\"noreferrer noopener\" aria-label=\"Sobre la autora: Carla Le\u00f3n (opens in a new tab)\">Carla Le\u00f3n<\/a><\/p><p><\/p>","protected":false},"excerpt":{"rendered":"<p>Diciembre est\u00e1 aqu\u00ed, con ello, las luces, los regalos, la nieve artificial, los grandes adornos en las plazas comerciales o las casas en nuestra calle que pareciera m\u00e1s un concurso por ver cu\u00e1l es la m\u00e1s iluminada. Les invito a hacer una comparativa y una reflexi\u00f3n sobre c\u00f3mo las navidades han cambiado, simplemente, pensemos en [&hellip;]<\/p>\n","protected":false},"author":26,"featured_media":4412,"comment_status":"open","ping_status":"open","sticky":false,"template":"","format":"standard","meta":{"_acf_changed":false,"footnotes":""},"categories":[232,220],"tags":[304,1408,1409,261],"class_list":["post-4326","post","type-post","status-publish","format-standard","has-post-thumbnail","hentry","category-reflexiones","category-uncategorized","tag-diciembre","tag-emoji","tag-gif","tag-tecnologia"],"acf":[],"yoast_head":"<!-- This site is optimized with the Yoast SEO plugin v24.4 - https:\/\/yoast.com\/wordpress\/plugins\/seo\/ -->\n<title>Lo que la tecnolog\u00eda se llev\u00f3\u2026 - Proyectum Chile<\/title>\n<meta name=\"robots\" content=\"index, follow, max-snippet:-1, max-image-preview:large, max-video-preview:-1\" \/>\n<link rel=\"canonical\" href=\"https:\/\/proyectum.com\/cl\/lo-que-la-tecnologia-se-llevo\/\" \/>\n<meta property=\"og:locale\" content=\"es_ES\" \/>\n<meta property=\"og:type\" content=\"article\" \/>\n<meta property=\"og:title\" content=\"Lo que la tecnolog\u00eda se llev\u00f3\u2026 - Proyectum Chile\" \/>\n<meta property=\"og:description\" content=\"Diciembre est\u00e1 aqu\u00ed, con ello, las luces, los regalos, la nieve artificial, los grandes adornos en las plazas comerciales o las casas en nuestra calle que pareciera m\u00e1s un concurso por ver cu\u00e1l es la m\u00e1s iluminada. Les invito a hacer una comparativa y una reflexi\u00f3n sobre c\u00f3mo las navidades han cambiado, simplemente, pensemos en [&hellip;]\" \/>\n<meta property=\"og:url\" content=\"https:\/\/proyectum.com\/cl\/lo-que-la-tecnologia-se-llevo\/\" \/>\n<meta property=\"og:site_name\" content=\"Proyectum Chile\" \/>\n<meta property=\"article:publisher\" content=\"https:\/\/www.facebook.com\/proyectumchile\/\" \/>\n<meta property=\"article:published_time\" content=\"2018-12-10T16:00:50+00:00\" \/>\n<meta property=\"og:image\" content=\"https:\/\/proyectum.com\/cl\/wp-content\/uploads\/2018\/12\/Navidad.jpg\" \/>\n\t<meta property=\"og:image:width\" content=\"1024\" \/>\n\t<meta property=\"og:image:height\" content=\"682\" \/>\n\t<meta property=\"og:image:type\" content=\"image\/jpeg\" \/>\n<meta name=\"author\" content=\"Proyectum 2025\" \/>\n<meta name=\"twitter:card\" content=\"summary_large_image\" \/>\n<meta name=\"twitter:label1\" content=\"Escrito por\" \/>\n\t<meta name=\"twitter:data1\" content=\"Proyectum 2025\" \/>\n\t<meta name=\"twitter:label2\" content=\"Tiempo de lectura\" \/>\n\t<meta name=\"twitter:data2\" content=\"2 minutos\" \/>\n<script type=\"application\/ld+json\" class=\"yoast-schema-graph\">{\"@context\":\"https:\/\/schema.org\",\"@graph\":[{\"@type\":\"Article\",\"@id\":\"https:\/\/proyectum.com\/cl\/lo-que-la-tecnologia-se-llevo\/#article\",\"isPartOf\":{\"@id\":\"https:\/\/proyectum.com\/cl\/lo-que-la-tecnologia-se-llevo\/\"},\"author\":{\"name\":\"Proyectum 2025\",\"@id\":\"https:\/\/proyectum.com\/cl\/#\/schema\/person\/7d5caa4386a11be650af177d3f2e5aee\"},\"headline\":\"Lo que la tecnolog\u00eda se llev\u00f3\u2026\",\"datePublished\":\"2018-12-10T16:00:50+00:00\",\"mainEntityOfPage\":{\"@id\":\"https:\/\/proyectum.com\/cl\/lo-que-la-tecnologia-se-llevo\/\"},\"wordCount\":373,\"commentCount\":0,\"publisher\":{\"@id\":\"https:\/\/proyectum.com\/cl\/#organization\"},\"image\":{\"@id\":\"https:\/\/proyectum.com\/cl\/lo-que-la-tecnologia-se-llevo\/#primaryimage\"},\"thumbnailUrl\":\"https:\/\/proyectum.com\/cl\/wp-content\/uploads\/2018\/12\/Navidad.jpg\",\"keywords\":[\"Diciembre\",\"EMOJI\",\"GIF\",\"tecnolog\u00eda\"],\"articleSection\":[\"Reflexiones\",\"Uncategorized\"],\"inLanguage\":\"es\",\"potentialAction\":[{\"@type\":\"CommentAction\",\"name\":\"Comment\",\"target\":[\"https:\/\/proyectum.com\/cl\/lo-que-la-tecnologia-se-llevo\/#respond\"]}]},{\"@type\":\"WebPage\",\"@id\":\"https:\/\/proyectum.com\/cl\/lo-que-la-tecnologia-se-llevo\/\",\"url\":\"https:\/\/proyectum.com\/cl\/lo-que-la-tecnologia-se-llevo\/\",\"name\":\"Lo que la tecnolog\u00eda se llev\u00f3\u2026 - Proyectum Chile\",\"isPartOf\":{\"@id\":\"https:\/\/proyectum.com\/cl\/#website\"},\"primaryImageOfPage\":{\"@id\":\"https:\/\/proyectum.com\/cl\/lo-que-la-tecnologia-se-llevo\/#primaryimage\"},\"image\":{\"@id\":\"https:\/\/proyectum.com\/cl\/lo-que-la-tecnologia-se-llevo\/#primaryimage\"},\"thumbnailUrl\":\"https:\/\/proyectum.com\/cl\/wp-content\/uploads\/2018\/12\/Navidad.jpg\",\"datePublished\":\"2018-12-10T16:00:50+00:00\",\"breadcrumb\":{\"@id\":\"https:\/\/proyectum.com\/cl\/lo-que-la-tecnologia-se-llevo\/#breadcrumb\"},\"inLanguage\":\"es\",\"potentialAction\":[{\"@type\":\"ReadAction\",\"target\":[\"https:\/\/proyectum.com\/cl\/lo-que-la-tecnologia-se-llevo\/\"]}]},{\"@type\":\"ImageObject\",\"inLanguage\":\"es\",\"@id\":\"https:\/\/proyectum.com\/cl\/lo-que-la-tecnologia-se-llevo\/#primaryimage\",\"url\":\"https:\/\/proyectum.com\/cl\/wp-content\/uploads\/2018\/12\/Navidad.jpg\",\"contentUrl\":\"https:\/\/proyectum.com\/cl\/wp-content\/uploads\/2018\/12\/Navidad.jpg\",\"width\":1024,\"height\":682,\"caption\":\"Navidad tecnolog\u00eda\"},{\"@type\":\"BreadcrumbList\",\"@id\":\"https:\/\/proyectum.com\/cl\/lo-que-la-tecnologia-se-llevo\/#breadcrumb\",\"itemListElement\":[{\"@type\":\"ListItem\",\"position\":1,\"name\":\"Home\",\"item\":\"https:\/\/proyectum.com\/cl\/\"},{\"@type\":\"ListItem\",\"position\":2,\"name\":\"Lo que la tecnolog\u00eda se llev\u00f3\u2026\"}]},{\"@type\":\"WebSite\",\"@id\":\"https:\/\/proyectum.com\/cl\/#website\",\"url\":\"https:\/\/proyectum.com\/cl\/\",\"name\":\"Proyectum Chile\",\"description\":\"Direcci\u00f3n de Proyectos y Metodolog\u00edas \u00c1giles\",\"publisher\":{\"@id\":\"https:\/\/proyectum.com\/cl\/#organization\"},\"potentialAction\":[{\"@type\":\"SearchAction\",\"target\":{\"@type\":\"EntryPoint\",\"urlTemplate\":\"https:\/\/proyectum.com\/cl\/?s={search_term_string}\"},\"query-input\":{\"@type\":\"PropertyValueSpecification\",\"valueRequired\":true,\"valueName\":\"search_term_string\"}}],\"inLanguage\":\"es\"},{\"@type\":\"Organization\",\"@id\":\"https:\/\/proyectum.com\/cl\/#organization\",\"name\":\"Proyectum Chile\",\"url\":\"https:\/\/proyectum.com\/cl\/\",\"logo\":{\"@type\":\"ImageObject\",\"inLanguage\":\"es\",\"@id\":\"https:\/\/proyectum.com\/cl\/#\/schema\/logo\/image\/\",\"url\":\"https:\/\/proyectum.com\/cl\/wp-content\/uploads\/2020\/04\/proyectum-logo-snippet.png\",\"contentUrl\":\"https:\/\/proyectum.com\/cl\/wp-content\/uploads\/2020\/04\/proyectum-logo-snippet.png\",\"width\":600,\"height\":315,\"caption\":\"Proyectum Chile\"},\"image\":{\"@id\":\"https:\/\/proyectum.com\/cl\/#\/schema\/logo\/image\/\"},\"sameAs\":[\"https:\/\/www.facebook.com\/proyectumchile\/\",\"https:\/\/www.linkedin.com\/company\/proyectum-cl\/\",\"https:\/\/www.instagram.com\/proyectumchile\/\",\"https:\/\/www.youtube.com\/@proyectum2283\/videos\"]},{\"@type\":\"Person\",\"@id\":\"https:\/\/proyectum.com\/cl\/#\/schema\/person\/7d5caa4386a11be650af177d3f2e5aee\",\"name\":\"Proyectum 2025\",\"image\":{\"@type\":\"ImageObject\",\"inLanguage\":\"es\",\"@id\":\"https:\/\/proyectum.com\/cl\/#\/schema\/person\/image\/\",\"url\":\"https:\/\/secure.gravatar.com\/avatar\/df82793fddd8f0a5a84fdb27d958bf73?s=96&d=mm&r=g\",\"contentUrl\":\"https:\/\/secure.gravatar.com\/avatar\/df82793fddd8f0a5a84fdb27d958bf73?s=96&d=mm&r=g\",\"caption\":\"Proyectum 2025\"}}]}<\/script>\n<!-- \/ Yoast SEO plugin. -->","yoast_head_json":{"title":"Lo que la tecnolog\u00eda se llev\u00f3\u2026 - Proyectum Chile","robots":{"index":"index","follow":"follow","max-snippet":"max-snippet:-1","max-image-preview":"max-image-preview:large","max-video-preview":"max-video-preview:-1"},"canonical":"https:\/\/proyectum.com\/cl\/lo-que-la-tecnologia-se-llevo\/","og_locale":"es_ES","og_type":"article","og_title":"Lo que la tecnolog\u00eda se llev\u00f3\u2026 - Proyectum Chile","og_description":"Diciembre est\u00e1 aqu\u00ed, con ello, las luces, los regalos, la nieve artificial, los grandes adornos en las plazas comerciales o las casas en nuestra calle que pareciera m\u00e1s un concurso por ver cu\u00e1l es la m\u00e1s iluminada. Les invito a hacer una comparativa y una reflexi\u00f3n sobre c\u00f3mo las navidades han cambiado, simplemente, pensemos en [&hellip;]","og_url":"https:\/\/proyectum.com\/cl\/lo-que-la-tecnologia-se-llevo\/","og_site_name":"Proyectum Chile","article_publisher":"https:\/\/www.facebook.com\/proyectumchile\/","article_published_time":"2018-12-10T16:00:50+00:00","og_image":[{"width":1024,"height":682,"url":"https:\/\/proyectum.com\/cl\/wp-content\/uploads\/2018\/12\/Navidad.jpg","type":"image\/jpeg"}],"author":"Proyectum 2025","twitter_card":"summary_large_image","twitter_misc":{"Escrito por":"Proyectum 2025","Tiempo de lectura":"2 minutos"},"schema":{"@context":"https:\/\/schema.org","@graph":[{"@type":"Article","@id":"https:\/\/proyectum.com\/cl\/lo-que-la-tecnologia-se-llevo\/#article","isPartOf":{"@id":"https:\/\/proyectum.com\/cl\/lo-que-la-tecnologia-se-llevo\/"},"author":{"name":"Proyectum 2025","@id":"https:\/\/proyectum.com\/cl\/#\/schema\/person\/7d5caa4386a11be650af177d3f2e5aee"},"headline":"Lo que la tecnolog\u00eda se llev\u00f3\u2026","datePublished":"2018-12-10T16:00:50+00:00","mainEntityOfPage":{"@id":"https:\/\/proyectum.com\/cl\/lo-que-la-tecnologia-se-llevo\/"},"wordCount":373,"commentCount":0,"publisher":{"@id":"https:\/\/proyectum.com\/cl\/#organization"},"image":{"@id":"https:\/\/proyectum.com\/cl\/lo-que-la-tecnologia-se-llevo\/#primaryimage"},"thumbnailUrl":"https:\/\/proyectum.com\/cl\/wp-content\/uploads\/2018\/12\/Navidad.jpg","keywords":["Diciembre","EMOJI","GIF","tecnolog\u00eda"],"articleSection":["Reflexiones","Uncategorized"],"inLanguage":"es","potentialAction":[{"@type":"CommentAction","name":"Comment","target":["https:\/\/proyectum.com\/cl\/lo-que-la-tecnologia-se-llevo\/#respond"]}]},{"@type":"WebPage","@id":"https:\/\/proyectum.com\/cl\/lo-que-la-tecnologia-se-llevo\/","url":"https:\/\/proyectum.com\/cl\/lo-que-la-tecnologia-se-llevo\/","name":"Lo que la tecnolog\u00eda se llev\u00f3\u2026 - Proyectum Chile","isPartOf":{"@id":"https:\/\/proyectum.com\/cl\/#website"},"primaryImageOfPage":{"@id":"https:\/\/proyectum.com\/cl\/lo-que-la-tecnologia-se-llevo\/#primaryimage"},"image":{"@id":"https:\/\/proyectum.com\/cl\/lo-que-la-tecnologia-se-llevo\/#primaryimage"},"thumbnailUrl":"https:\/\/proyectum.com\/cl\/wp-content\/uploads\/2018\/12\/Navidad.jpg","datePublished":"2018-12-10T16:00:50+00:00","breadcrumb":{"@id":"https:\/\/proyectum.com\/cl\/lo-que-la-tecnologia-se-llevo\/#breadcrumb"},"inLanguage":"es","potentialAction":[{"@type":"ReadAction","target":["https:\/\/proyectum.com\/cl\/lo-que-la-tecnologia-se-llevo\/"]}]},{"@type":"ImageObject","inLanguage":"es","@id":"https:\/\/proyectum.com\/cl\/lo-que-la-tecnologia-se-llevo\/#primaryimage","url":"https:\/\/proyectum.com\/cl\/wp-content\/uploads\/2018\/12\/Navidad.jpg","contentUrl":"https:\/\/proyectum.com\/cl\/wp-content\/uploads\/2018\/12\/Navidad.jpg","width":1024,"height":682,"caption":"Navidad tecnolog\u00eda"},{"@type":"BreadcrumbList","@id":"https:\/\/proyectum.com\/cl\/lo-que-la-tecnologia-se-llevo\/#breadcrumb","itemListElement":[{"@type":"ListItem","position":1,"name":"Home","item":"https:\/\/proyectum.com\/cl\/"},{"@type":"ListItem","position":2,"name":"Lo que la tecnolog\u00eda se llev\u00f3\u2026"}]},{"@type":"WebSite","@id":"https:\/\/proyectum.com\/cl\/#website","url":"https:\/\/proyectum.com\/cl\/","name":"Proyectum Chile","description":"Direcci\u00f3n de Proyectos y Metodolog\u00edas \u00c1giles","publisher":{"@id":"https:\/\/proyectum.com\/cl\/#organization"},"potentialAction":[{"@type":"SearchAction","target":{"@type":"EntryPoint","urlTemplate":"https:\/\/proyectum.com\/cl\/?s={search_term_string}"},"query-input":{"@type":"PropertyValueSpecification","valueRequired":true,"valueName":"search_term_string"}}],"inLanguage":"es"},{"@type":"Organization","@id":"https:\/\/proyectum.com\/cl\/#organization","name":"Proyectum Chile","url":"https:\/\/proyectum.com\/cl\/","logo":{"@type":"ImageObject","inLanguage":"es","@id":"https:\/\/proyectum.com\/cl\/#\/schema\/logo\/image\/","url":"https:\/\/proyectum.com\/cl\/wp-content\/uploads\/2020\/04\/proyectum-logo-snippet.png","contentUrl":"https:\/\/proyectum.com\/cl\/wp-content\/uploads\/2020\/04\/proyectum-logo-snippet.png","width":600,"height":315,"caption":"Proyectum Chile"},"image":{"@id":"https:\/\/proyectum.com\/cl\/#\/schema\/logo\/image\/"},"sameAs":["https:\/\/www.facebook.com\/proyectumchile\/","https:\/\/www.linkedin.com\/company\/proyectum-cl\/","https:\/\/www.instagram.com\/proyectumchile\/","https:\/\/www.youtube.com\/@proyectum2283\/videos"]},{"@type":"Person","@id":"https:\/\/proyectum.com\/cl\/#\/schema\/person\/7d5caa4386a11be650af177d3f2e5aee","name":"Proyectum 2025","image":{"@type":"ImageObject","inLanguage":"es","@id":"https:\/\/proyectum.com\/cl\/#\/schema\/person\/image\/","url":"https:\/\/secure.gravatar.com\/avatar\/df82793fddd8f0a5a84fdb27d958bf73?s=96&d=mm&r=g","contentUrl":"https:\/\/secure.gravatar.com\/avatar\/df82793fddd8f0a5a84fdb27d958bf73?s=96&d=mm&r=g","caption":"Proyectum 2025"}}]}},"_links":{"self":[{"href":"https:\/\/proyectum.com\/cl\/wp-json\/wp\/v2\/posts\/4326","targetHints":{"allow":["GET"]}}],"collection":[{"href":"https:\/\/proyectum.com\/cl\/wp-json\/wp\/v2\/posts"}],"about":[{"href":"https:\/\/proyectum.com\/cl\/wp-json\/wp\/v2\/types\/post"}],"author":[{"embeddable":true,"href":"https:\/\/proyectum.com\/cl\/wp-json\/wp\/v2\/users\/26"}],"replies":[{"embeddable":true,"href":"https:\/\/proyectum.com\/cl\/wp-json\/wp\/v2\/comments?post=4326"}],"version-history":[{"count":0,"href":"https:\/\/proyectum.com\/cl\/wp-json\/wp\/v2\/posts\/4326\/revisions"}],"wp:featuredmedia":[{"embeddable":true,"href":"https:\/\/proyectum.com\/cl\/wp-json\/wp\/v2\/media\/4412"}],"wp:attachment":[{"href":"https:\/\/proyectum.com\/cl\/wp-json\/wp\/v2\/media?parent=4326"}],"wp:term":[{"taxonomy":"category","embeddable":true,"href":"https:\/\/proyectum.com\/cl\/wp-json\/wp\/v2\/categories?post=4326"},{"taxonomy":"post_tag","embeddable":true,"href":"https:\/\/proyectum.com\/cl\/wp-json\/wp\/v2\/tags?post=4326"}],"curies":[{"name":"wp","href":"https:\/\/api.w.org\/{rel}","templated":true}]}}