{"id":4357,"date":"2018-12-17T10:00:45","date_gmt":"2018-12-17T16:00:45","guid":{"rendered":"http:\/\/www.proyectum.lat\/?p=4357"},"modified":"2018-12-17T10:00:45","modified_gmt":"2018-12-17T16:00:45","slug":"como-influir-positivamente-en-tus-companeros-de-trabajo","status":"publish","type":"post","link":"https:\/\/proyectum.com\/cl\/como-influir-positivamente-en-tus-companeros-de-trabajo\/","title":{"rendered":"C\u00f3mo influir positivamente en tus compa\u00f1eros de trabajo"},"content":{"rendered":"<!-- divi:paragraph -->\n<p>Dicen que el ser humano es <strong>sociable <\/strong>por naturaleza, pero podemos ponernos a pensar que no todos los <strong>humanos <\/strong>que conocemos realmente son sociables, hay de todo, desde los que nunca dejan de hablar hasta aquellos a quienes debes sacarles las <strong>palabras<\/strong>.<\/p>\n<!-- \/divi:paragraph --><!-- divi:paragraph -->\n<p>Pi\u00e9nsalo as\u00ed, en tu lugar de <strong>trabajo<\/strong>, ya sea de campo o en <strong>oficina<\/strong>, seguramente existe alguien a quien todos conocen y es el <strong>amigo <\/strong>de todos \u00bfC\u00f3mo lo hace?<\/p>\n<!-- \/divi:paragraph --><!-- divi:paragraph -->\n<p>Existe un concepto llamado <strong>inteligencia emocional <\/strong>que ha tenido bastante auge en los \u00faltimos a\u00f1os pues se ha demostrado que el 65% del <strong>\u00e9xito laboral <\/strong>se debe a un buen manejo de esta, hablamos de conocerse a s\u00ed mismo, tus fortalezas y debilidades para poder actuar ante las oportunidades que se presentan. Tiene a\u00fan m\u00e1s peso que una vasta <strong>experiencia <\/strong>o <strong>conocimientos<\/strong>, quien sabe moverse en el mundo laboral, llegar\u00e1 lejos.<\/p>\n<!-- \/divi:paragraph --><!-- divi:paragraph -->\n<p>Adem\u00e1s de tener esa inteligencia y los conocimientos especiales del puesto donde te desempe\u00f1as, tenemos otras habilidades necesarias, \u00bfQu\u00e9 tan bien las manejas?<\/p>\n<!-- \/divi:paragraph --><!-- divi:paragraph -->\n<p><strong>Comunicaci\u00f3n:<\/strong>\u00a0Aprender a comunicar, hay una gran diferencia entre lo que piensas, lo que dices, c\u00f3mo lo dices, lo que el otro escucha y c\u00f3mo lo interpreta. Aseg\u00farate de\u00a0<strong>comunicar efectivamente<\/strong>\u00a0para lograr buenas relaciones.<\/p>\n<!-- \/divi:paragraph --><!-- divi:paragraph -->\n<p><strong>Escucha activa:<\/strong>\u00a0Algo que no sabemos hacer es guardar\u00a0<strong>silencio\u00a0<\/strong>y escuchar, solemos\u00a0<strong>interrumpir\u00a0<\/strong>para dar nuestra opini\u00f3n cuando no ha sido solicitada, el consejo se pide.<\/p>\n<!-- \/divi:paragraph --><!-- divi:paragraph -->\n<p><strong>Coherencia:<\/strong>\u00a0Hay una frase en lat\u00edn\u00a0<strong>\u2018Acta non verba\u2019<\/strong>, \u2018Acciones, no palabras\u2019, eso describe el punto, haz lo que dices y que los hechos hablen m\u00e1s por ti.<\/p>\n<!-- \/divi:paragraph --><!-- divi:paragraph -->\n<p><strong>Determinaci\u00f3n:<\/strong>\u00a0Tener una meta a corto, mediano y largo plazo, esforzarte para lograrlo y as\u00ed ser un ejemplo de\u00a0<strong>perseverancia\u00a0<\/strong>para\u00a0 los dem\u00e1s.<\/p>\n<!-- \/divi:paragraph --><!-- divi:paragraph -->\n<p><strong>Empat\u00eda:<\/strong>\u00a0Entender y respetar los pensamientos y sentimientos de los dem\u00e1s, evitar conflictos por diferentes\u00a0 ideas, para que as\u00ed el otro se sienta\u00a0<strong>comprendido<\/strong>.<\/p>\n<!-- \/divi:paragraph --><!-- divi:paragraph -->\n<p><strong>Optimismo:\u00a0<\/strong>Es una parte primordial, alguien con una sonrisa que te invita a ver el lado positivo sin perder la objetividad es necesario en tu d\u00eda a d\u00eda, la duda siempre existe pero tener\u00a0<strong>esperanza\u00a0<\/strong>te hace seguir adelante.<\/p>\n<!-- \/divi:paragraph --><!-- divi:paragraph -->\n<p><strong>Reconocimiento:<\/strong>\u00a0Cuando alguien de tu equipo o todos ellos logran una meta, cel\u00e9bralo as\u00ed ellos se sentir\u00e1n\u00a0<strong>reconfortados\u00a0<\/strong>y\u00a0<strong>motivados\u00a0<\/strong>para lograr cada vez m\u00e1s.<\/p>\n<!-- \/divi:paragraph --><!-- divi:paragraph -->\n<p>Recuerda que no es hacer menos los requerimientos t\u00e9cnicos de cada <strong>profesi\u00f3n<\/strong>, a\u00fan el m\u00e1s optimista sin conocimientos contables terminar\u00eda perdiendo en su intento de hacer el cierre del a\u00f1o, \u00bfDe acuerdo? T\u00f3malo como habilidades adicionales que har\u00e1n tus<strong> relaciones laborales <\/strong>m\u00e1s f\u00e1ciles y llevaderas.<\/p>\n<!-- \/divi:paragraph --><!-- divi:paragraph -->\n<p>Sobre la autora: <a href=\"https:\/\/www.linkedin.com\/in\/carla-le%C3%B3n-547001b2\/\" target=\"_blank\" rel=\"noreferrer noopener\" aria-label=\"Sobre la autora: Carla Le\u00f3n (abre en una nueva pesta\u00f1a)\">Carla Le\u00f3n<\/a><\/p>\n<!-- \/divi:paragraph --><!-- divi:paragraph -->\n<p>&nbsp;<\/p>\n<!-- \/divi:paragraph -->\n<p>[\/et_pb_text][\/et_pb_column][\/et_pb_row][\/et_pb_section]<\/p><p>&nbsp;<\/p>","protected":false},"excerpt":{"rendered":"<p>&nbsp;<\/p>\n","protected":false},"author":26,"featured_media":4364,"comment_status":"open","ping_status":"open","sticky":false,"template":"","format":"standard","meta":{"_acf_changed":false,"footnotes":""},"categories":[236,215,231],"tags":[1410,679,1411,1412],"class_list":["post-4357","post","type-post","status-publish","format-standard","has-post-thumbnail","hentry","category-comunicacion","category-liderazgo","category-recursos-humanos","tag-escucha-activa","tag-inteligencia-emocional","tag-profesion","tag-sociable"],"acf":[],"yoast_head":"<!-- This site is optimized with the Yoast SEO plugin v24.4 - https:\/\/yoast.com\/wordpress\/plugins\/seo\/ -->\n<title>C\u00f3mo influir positivamente en tus compa\u00f1eros de trabajo - Proyectum Chile<\/title>\n<meta name=\"robots\" content=\"index, follow, max-snippet:-1, max-image-preview:large, max-video-preview:-1\" \/>\n<link rel=\"canonical\" href=\"https:\/\/proyectum.com\/cl\/como-influir-positivamente-en-tus-companeros-de-trabajo\/\" \/>\n<meta property=\"og:locale\" content=\"es_ES\" \/>\n<meta property=\"og:type\" content=\"article\" \/>\n<meta property=\"og:title\" content=\"C\u00f3mo influir positivamente en tus compa\u00f1eros de trabajo - Proyectum Chile\" \/>\n<meta property=\"og:description\" content=\"&nbsp;\" \/>\n<meta property=\"og:url\" content=\"https:\/\/proyectum.com\/cl\/como-influir-positivamente-en-tus-companeros-de-trabajo\/\" \/>\n<meta property=\"og:site_name\" content=\"Proyectum Chile\" \/>\n<meta property=\"article:publisher\" content=\"https:\/\/www.facebook.com\/proyectumchile\/\" \/>\n<meta property=\"article:published_time\" content=\"2018-12-17T16:00:45+00:00\" \/>\n<meta property=\"og:image\" content=\"https:\/\/proyectum.com\/cl\/wp-content\/uploads\/2018\/12\/rawpixel-1054578-unsplash.jpg\" \/>\n\t<meta property=\"og:image:width\" content=\"1000\" \/>\n\t<meta property=\"og:image:height\" content=\"666\" \/>\n\t<meta property=\"og:image:type\" content=\"image\/jpeg\" \/>\n<meta name=\"author\" content=\"Proyectum 2025\" \/>\n<meta name=\"twitter:card\" content=\"summary_large_image\" \/>\n<meta name=\"twitter:label1\" content=\"Escrito por\" \/>\n\t<meta name=\"twitter:data1\" content=\"Proyectum 2025\" \/>\n\t<meta name=\"twitter:label2\" content=\"Tiempo de lectura\" \/>\n\t<meta name=\"twitter:data2\" content=\"2 minutos\" \/>\n<script type=\"application\/ld+json\" class=\"yoast-schema-graph\">{\"@context\":\"https:\/\/schema.org\",\"@graph\":[{\"@type\":\"Article\",\"@id\":\"https:\/\/proyectum.com\/cl\/como-influir-positivamente-en-tus-companeros-de-trabajo\/#article\",\"isPartOf\":{\"@id\":\"https:\/\/proyectum.com\/cl\/como-influir-positivamente-en-tus-companeros-de-trabajo\/\"},\"author\":{\"name\":\"Proyectum 2025\",\"@id\":\"https:\/\/proyectum.com\/cl\/#\/schema\/person\/7d5caa4386a11be650af177d3f2e5aee\"},\"headline\":\"C\u00f3mo influir positivamente en tus compa\u00f1eros de trabajo\",\"datePublished\":\"2018-12-17T16:00:45+00:00\",\"mainEntityOfPage\":{\"@id\":\"https:\/\/proyectum.com\/cl\/como-influir-positivamente-en-tus-companeros-de-trabajo\/\"},\"wordCount\":474,\"commentCount\":0,\"publisher\":{\"@id\":\"https:\/\/proyectum.com\/cl\/#organization\"},\"image\":{\"@id\":\"https:\/\/proyectum.com\/cl\/como-influir-positivamente-en-tus-companeros-de-trabajo\/#primaryimage\"},\"thumbnailUrl\":\"https:\/\/proyectum.com\/cl\/wp-content\/uploads\/2018\/12\/rawpixel-1054578-unsplash.jpg\",\"keywords\":[\"escucha activa\",\"Inteligencia Emocional\",\"profesi\u00f3n\",\"sociable\"],\"articleSection\":[\"Comunicaci\u00f3n\",\"Liderazgo\",\"Recursos Humanos\"],\"inLanguage\":\"es\",\"potentialAction\":[{\"@type\":\"CommentAction\",\"name\":\"Comment\",\"target\":[\"https:\/\/proyectum.com\/cl\/como-influir-positivamente-en-tus-companeros-de-trabajo\/#respond\"]}]},{\"@type\":\"WebPage\",\"@id\":\"https:\/\/proyectum.com\/cl\/como-influir-positivamente-en-tus-companeros-de-trabajo\/\",\"url\":\"https:\/\/proyectum.com\/cl\/como-influir-positivamente-en-tus-companeros-de-trabajo\/\",\"name\":\"C\u00f3mo influir positivamente en tus compa\u00f1eros de trabajo - Proyectum Chile\",\"isPartOf\":{\"@id\":\"https:\/\/proyectum.com\/cl\/#website\"},\"primaryImageOfPage\":{\"@id\":\"https:\/\/proyectum.com\/cl\/como-influir-positivamente-en-tus-companeros-de-trabajo\/#primaryimage\"},\"image\":{\"@id\":\"https:\/\/proyectum.com\/cl\/como-influir-positivamente-en-tus-companeros-de-trabajo\/#primaryimage\"},\"thumbnailUrl\":\"https:\/\/proyectum.com\/cl\/wp-content\/uploads\/2018\/12\/rawpixel-1054578-unsplash.jpg\",\"datePublished\":\"2018-12-17T16:00:45+00:00\",\"breadcrumb\":{\"@id\":\"https:\/\/proyectum.com\/cl\/como-influir-positivamente-en-tus-companeros-de-trabajo\/#breadcrumb\"},\"inLanguage\":\"es\",\"potentialAction\":[{\"@type\":\"ReadAction\",\"target\":[\"https:\/\/proyectum.com\/cl\/como-influir-positivamente-en-tus-companeros-de-trabajo\/\"]}]},{\"@type\":\"ImageObject\",\"inLanguage\":\"es\",\"@id\":\"https:\/\/proyectum.com\/cl\/como-influir-positivamente-en-tus-companeros-de-trabajo\/#primaryimage\",\"url\":\"https:\/\/proyectum.com\/cl\/wp-content\/uploads\/2018\/12\/rawpixel-1054578-unsplash.jpg\",\"contentUrl\":\"https:\/\/proyectum.com\/cl\/wp-content\/uploads\/2018\/12\/rawpixel-1054578-unsplash.jpg\",\"width\":1000,\"height\":666},{\"@type\":\"BreadcrumbList\",\"@id\":\"https:\/\/proyectum.com\/cl\/como-influir-positivamente-en-tus-companeros-de-trabajo\/#breadcrumb\",\"itemListElement\":[{\"@type\":\"ListItem\",\"position\":1,\"name\":\"Home\",\"item\":\"https:\/\/proyectum.com\/cl\/\"},{\"@type\":\"ListItem\",\"position\":2,\"name\":\"C\u00f3mo influir positivamente en tus compa\u00f1eros de trabajo\"}]},{\"@type\":\"WebSite\",\"@id\":\"https:\/\/proyectum.com\/cl\/#website\",\"url\":\"https:\/\/proyectum.com\/cl\/\",\"name\":\"Proyectum Chile\",\"description\":\"Direcci\u00f3n de Proyectos y Metodolog\u00edas \u00c1giles\",\"publisher\":{\"@id\":\"https:\/\/proyectum.com\/cl\/#organization\"},\"potentialAction\":[{\"@type\":\"SearchAction\",\"target\":{\"@type\":\"EntryPoint\",\"urlTemplate\":\"https:\/\/proyectum.com\/cl\/?s={search_term_string}\"},\"query-input\":{\"@type\":\"PropertyValueSpecification\",\"valueRequired\":true,\"valueName\":\"search_term_string\"}}],\"inLanguage\":\"es\"},{\"@type\":\"Organization\",\"@id\":\"https:\/\/proyectum.com\/cl\/#organization\",\"name\":\"Proyectum Chile\",\"url\":\"https:\/\/proyectum.com\/cl\/\",\"logo\":{\"@type\":\"ImageObject\",\"inLanguage\":\"es\",\"@id\":\"https:\/\/proyectum.com\/cl\/#\/schema\/logo\/image\/\",\"url\":\"https:\/\/proyectum.com\/cl\/wp-content\/uploads\/2020\/04\/proyectum-logo-snippet.png\",\"contentUrl\":\"https:\/\/proyectum.com\/cl\/wp-content\/uploads\/2020\/04\/proyectum-logo-snippet.png\",\"width\":600,\"height\":315,\"caption\":\"Proyectum Chile\"},\"image\":{\"@id\":\"https:\/\/proyectum.com\/cl\/#\/schema\/logo\/image\/\"},\"sameAs\":[\"https:\/\/www.facebook.com\/proyectumchile\/\",\"https:\/\/www.linkedin.com\/company\/proyectum-cl\/\",\"https:\/\/www.instagram.com\/proyectumchile\/\",\"https:\/\/www.youtube.com\/@proyectum2283\/videos\"]},{\"@type\":\"Person\",\"@id\":\"https:\/\/proyectum.com\/cl\/#\/schema\/person\/7d5caa4386a11be650af177d3f2e5aee\",\"name\":\"Proyectum 2025\",\"image\":{\"@type\":\"ImageObject\",\"inLanguage\":\"es\",\"@id\":\"https:\/\/proyectum.com\/cl\/#\/schema\/person\/image\/\",\"url\":\"https:\/\/secure.gravatar.com\/avatar\/df82793fddd8f0a5a84fdb27d958bf73?s=96&d=mm&r=g\",\"contentUrl\":\"https:\/\/secure.gravatar.com\/avatar\/df82793fddd8f0a5a84fdb27d958bf73?s=96&d=mm&r=g\",\"caption\":\"Proyectum 2025\"}}]}<\/script>\n<!-- \/ Yoast SEO plugin. -->","yoast_head_json":{"title":"C\u00f3mo influir positivamente en tus compa\u00f1eros de trabajo - Proyectum Chile","robots":{"index":"index","follow":"follow","max-snippet":"max-snippet:-1","max-image-preview":"max-image-preview:large","max-video-preview":"max-video-preview:-1"},"canonical":"https:\/\/proyectum.com\/cl\/como-influir-positivamente-en-tus-companeros-de-trabajo\/","og_locale":"es_ES","og_type":"article","og_title":"C\u00f3mo influir positivamente en tus compa\u00f1eros de trabajo - Proyectum Chile","og_description":"&nbsp;","og_url":"https:\/\/proyectum.com\/cl\/como-influir-positivamente-en-tus-companeros-de-trabajo\/","og_site_name":"Proyectum Chile","article_publisher":"https:\/\/www.facebook.com\/proyectumchile\/","article_published_time":"2018-12-17T16:00:45+00:00","og_image":[{"width":1000,"height":666,"url":"https:\/\/proyectum.com\/cl\/wp-content\/uploads\/2018\/12\/rawpixel-1054578-unsplash.jpg","type":"image\/jpeg"}],"author":"Proyectum 2025","twitter_card":"summary_large_image","twitter_misc":{"Escrito por":"Proyectum 2025","Tiempo de lectura":"2 minutos"},"schema":{"@context":"https:\/\/schema.org","@graph":[{"@type":"Article","@id":"https:\/\/proyectum.com\/cl\/como-influir-positivamente-en-tus-companeros-de-trabajo\/#article","isPartOf":{"@id":"https:\/\/proyectum.com\/cl\/como-influir-positivamente-en-tus-companeros-de-trabajo\/"},"author":{"name":"Proyectum 2025","@id":"https:\/\/proyectum.com\/cl\/#\/schema\/person\/7d5caa4386a11be650af177d3f2e5aee"},"headline":"C\u00f3mo influir positivamente en tus compa\u00f1eros de trabajo","datePublished":"2018-12-17T16:00:45+00:00","mainEntityOfPage":{"@id":"https:\/\/proyectum.com\/cl\/como-influir-positivamente-en-tus-companeros-de-trabajo\/"},"wordCount":474,"commentCount":0,"publisher":{"@id":"https:\/\/proyectum.com\/cl\/#organization"},"image":{"@id":"https:\/\/proyectum.com\/cl\/como-influir-positivamente-en-tus-companeros-de-trabajo\/#primaryimage"},"thumbnailUrl":"https:\/\/proyectum.com\/cl\/wp-content\/uploads\/2018\/12\/rawpixel-1054578-unsplash.jpg","keywords":["escucha activa","Inteligencia Emocional","profesi\u00f3n","sociable"],"articleSection":["Comunicaci\u00f3n","Liderazgo","Recursos Humanos"],"inLanguage":"es","potentialAction":[{"@type":"CommentAction","name":"Comment","target":["https:\/\/proyectum.com\/cl\/como-influir-positivamente-en-tus-companeros-de-trabajo\/#respond"]}]},{"@type":"WebPage","@id":"https:\/\/proyectum.com\/cl\/como-influir-positivamente-en-tus-companeros-de-trabajo\/","url":"https:\/\/proyectum.com\/cl\/como-influir-positivamente-en-tus-companeros-de-trabajo\/","name":"C\u00f3mo influir positivamente en tus compa\u00f1eros de trabajo - Proyectum Chile","isPartOf":{"@id":"https:\/\/proyectum.com\/cl\/#website"},"primaryImageOfPage":{"@id":"https:\/\/proyectum.com\/cl\/como-influir-positivamente-en-tus-companeros-de-trabajo\/#primaryimage"},"image":{"@id":"https:\/\/proyectum.com\/cl\/como-influir-positivamente-en-tus-companeros-de-trabajo\/#primaryimage"},"thumbnailUrl":"https:\/\/proyectum.com\/cl\/wp-content\/uploads\/2018\/12\/rawpixel-1054578-unsplash.jpg","datePublished":"2018-12-17T16:00:45+00:00","breadcrumb":{"@id":"https:\/\/proyectum.com\/cl\/como-influir-positivamente-en-tus-companeros-de-trabajo\/#breadcrumb"},"inLanguage":"es","potentialAction":[{"@type":"ReadAction","target":["https:\/\/proyectum.com\/cl\/como-influir-positivamente-en-tus-companeros-de-trabajo\/"]}]},{"@type":"ImageObject","inLanguage":"es","@id":"https:\/\/proyectum.com\/cl\/como-influir-positivamente-en-tus-companeros-de-trabajo\/#primaryimage","url":"https:\/\/proyectum.com\/cl\/wp-content\/uploads\/2018\/12\/rawpixel-1054578-unsplash.jpg","contentUrl":"https:\/\/proyectum.com\/cl\/wp-content\/uploads\/2018\/12\/rawpixel-1054578-unsplash.jpg","width":1000,"height":666},{"@type":"BreadcrumbList","@id":"https:\/\/proyectum.com\/cl\/como-influir-positivamente-en-tus-companeros-de-trabajo\/#breadcrumb","itemListElement":[{"@type":"ListItem","position":1,"name":"Home","item":"https:\/\/proyectum.com\/cl\/"},{"@type":"ListItem","position":2,"name":"C\u00f3mo influir positivamente en tus compa\u00f1eros de trabajo"}]},{"@type":"WebSite","@id":"https:\/\/proyectum.com\/cl\/#website","url":"https:\/\/proyectum.com\/cl\/","name":"Proyectum Chile","description":"Direcci\u00f3n de Proyectos y Metodolog\u00edas \u00c1giles","publisher":{"@id":"https:\/\/proyectum.com\/cl\/#organization"},"potentialAction":[{"@type":"SearchAction","target":{"@type":"EntryPoint","urlTemplate":"https:\/\/proyectum.com\/cl\/?s={search_term_string}"},"query-input":{"@type":"PropertyValueSpecification","valueRequired":true,"valueName":"search_term_string"}}],"inLanguage":"es"},{"@type":"Organization","@id":"https:\/\/proyectum.com\/cl\/#organization","name":"Proyectum Chile","url":"https:\/\/proyectum.com\/cl\/","logo":{"@type":"ImageObject","inLanguage":"es","@id":"https:\/\/proyectum.com\/cl\/#\/schema\/logo\/image\/","url":"https:\/\/proyectum.com\/cl\/wp-content\/uploads\/2020\/04\/proyectum-logo-snippet.png","contentUrl":"https:\/\/proyectum.com\/cl\/wp-content\/uploads\/2020\/04\/proyectum-logo-snippet.png","width":600,"height":315,"caption":"Proyectum Chile"},"image":{"@id":"https:\/\/proyectum.com\/cl\/#\/schema\/logo\/image\/"},"sameAs":["https:\/\/www.facebook.com\/proyectumchile\/","https:\/\/www.linkedin.com\/company\/proyectum-cl\/","https:\/\/www.instagram.com\/proyectumchile\/","https:\/\/www.youtube.com\/@proyectum2283\/videos"]},{"@type":"Person","@id":"https:\/\/proyectum.com\/cl\/#\/schema\/person\/7d5caa4386a11be650af177d3f2e5aee","name":"Proyectum 2025","image":{"@type":"ImageObject","inLanguage":"es","@id":"https:\/\/proyectum.com\/cl\/#\/schema\/person\/image\/","url":"https:\/\/secure.gravatar.com\/avatar\/df82793fddd8f0a5a84fdb27d958bf73?s=96&d=mm&r=g","contentUrl":"https:\/\/secure.gravatar.com\/avatar\/df82793fddd8f0a5a84fdb27d958bf73?s=96&d=mm&r=g","caption":"Proyectum 2025"}}]}},"_links":{"self":[{"href":"https:\/\/proyectum.com\/cl\/wp-json\/wp\/v2\/posts\/4357","targetHints":{"allow":["GET"]}}],"collection":[{"href":"https:\/\/proyectum.com\/cl\/wp-json\/wp\/v2\/posts"}],"about":[{"href":"https:\/\/proyectum.com\/cl\/wp-json\/wp\/v2\/types\/post"}],"author":[{"embeddable":true,"href":"https:\/\/proyectum.com\/cl\/wp-json\/wp\/v2\/users\/26"}],"replies":[{"embeddable":true,"href":"https:\/\/proyectum.com\/cl\/wp-json\/wp\/v2\/comments?post=4357"}],"version-history":[{"count":0,"href":"https:\/\/proyectum.com\/cl\/wp-json\/wp\/v2\/posts\/4357\/revisions"}],"wp:featuredmedia":[{"embeddable":true,"href":"https:\/\/proyectum.com\/cl\/wp-json\/wp\/v2\/media\/4364"}],"wp:attachment":[{"href":"https:\/\/proyectum.com\/cl\/wp-json\/wp\/v2\/media?parent=4357"}],"wp:term":[{"taxonomy":"category","embeddable":true,"href":"https:\/\/proyectum.com\/cl\/wp-json\/wp\/v2\/categories?post=4357"},{"taxonomy":"post_tag","embeddable":true,"href":"https:\/\/proyectum.com\/cl\/wp-json\/wp\/v2\/tags?post=4357"}],"curies":[{"name":"wp","href":"https:\/\/api.w.org\/{rel}","templated":true}]}}