{"id":4508,"date":"2019-01-10T12:00:11","date_gmt":"2019-01-10T18:00:11","guid":{"rendered":"http:\/\/www.proyectum.lat\/?p=4508"},"modified":"2019-01-10T12:00:11","modified_gmt":"2019-01-10T18:00:11","slug":"el-arte-de-la-virtud-o-la-practica-agil-de-reforzamiento-de-habitos-personales","status":"publish","type":"post","link":"https:\/\/proyectum.com\/cl\/el-arte-de-la-virtud-o-la-practica-agil-de-reforzamiento-de-habitos-personales\/","title":{"rendered":"El arte de la virtud o la pr\u00e1ctica \u00e1gil de reforzamiento de h\u00e1bitos personales"},"content":{"rendered":"<p style=\"text-align:right\"><strong><em>\u201cCon\nla intenci\u00f3n de adquirir el h\u00e1bito de todas estas virtudes, juzgu\u00e9 que ser\u00eda\nbueno no distraer mi atenci\u00f3n al intentar todo de una vez, sino fijarla en una\nde ellas a la vez\u201d<\/em><\/strong><\/p><p style=\"text-align:right\"><strong><em>Benjamin\nFranklin<\/em><\/strong><\/p><p style=\"text-align:right\"><strong><em>1706\n&#8211; 1790<\/em><\/strong><\/p><p style=\"text-align:right\"><strong><em>Autobiograf\u00eda<\/em><\/strong><\/p><p><strong>El inicio<\/strong><\/p><p>Por alguna extra\u00f1a raz\u00f3n el domingo 21 de octubre amanec\u00ed muy reflexivo. Baby (as\u00ed le digo a mi esposa) me hab\u00eda estado insistiendo por varias semanas, sino meses, que la acompa\u00f1ara a caminar, <strong>actividad a la que me hab\u00eda negado sistem\u00e1ticamente por estar \u201cocupado\u201d.<\/strong> Esa ma\u00f1ana ca\u00ed en cuenta que el tiempo se nos est\u00e1 pasando como agua entre las manos y que <strong>estoy perdiendo la oportunidad de dedicarle tiempo de calidad a mi pareja<\/strong> por cosas que en realidad no son m\u00e1s prioritarias en la vida. <\/p><p>En esa reflexi\u00f3n, &nbsp;ca\u00ed en cuenta de que mis fechas fat\u00eddicas &nbsp;(digamos que un <a href=\"https:\/\/es.wikipedia.org\/wiki\/Marat\u00f3n_Guadalupe-Reyes\">Guadalupe &#8211; &nbsp;Reyes<\/a> extendido), estaban a la\nvuelta de la esquina y que esto amenazaba con seguir agregando algunos kilos a\nmi figura. <\/p><p>Las fechas fat\u00eddicas son\nun periodo de celebraciones concatenadas que, en mi caso,&nbsp; van del 11 de noviembre al 11 de enero de\ncada a\u00f1o. Esas fechas las hemos celebrado en familia por lo menos los \u00faltimos\n27 a\u00f1os, pr\u00e1cticamente la mitad de mi vida. En ese periodo, siempre he\nsucumbido al canto de las sirenas y sin importar nada, siempre acabo pagando\nuna factura muy alta: Subir de dos a tres kilos. Quienes no me conocen, ya se\nhabr\u00e1n formado una imagen mental de mi silueta. <\/p><p>Derivado de las reflexiones que hice ese d\u00eda, ca\u00ed en cuenta de que, con la coyuntura del cambio de horario \u201ctendr\u00eda una hora m\u00e1s de tiempo\u201d, por lo que decid\u00ed <strong>dedicar al menos 40 minutos diarios para salir a caminar<\/strong>, sin \u00abluca\u00bb nuestro querido perrito, con mi esposa. <\/p><p>El 29 de octubre salimos a caminar por primera vez en la ma\u00f1ana y nos hemos mantenido m\u00e1s o menos constantes desde entonces. Es decir, hay semanas en que las actividades de ambos no nos dan para hacerlo diario, sin embargo, nos las hemos arreglado para caminar al menos 40 minutos, 3 d\u00edas a la semana y hay semanas en que hemos ido 5 d\u00edas. Nunca hemos ido los 7 d\u00edas de la semana. <\/p><p><strong>Algunas se\u00f1ales<\/strong><\/p><p>Por ah\u00ed dicen que cuando decides hacer algo y de verdad te comprometes a ello, <strong>el universo conspira para que logres tener \u00e9xito<\/strong>. Hay mucha gente que no comulga con esto, sin embargo, personalmente puedo compartir 4 o 5 historias que en mi caso, dan cuenta de que sucede algo m\u00e1gico cuando verdaderamente tomas decisiones firmes hacia alcanzar algo. <\/p><p>Me regreso en el tiempo unos a\u00f1os, cuando en 2011 compr\u00e9 el kindle para tratar de iniciar <strong>mi propia transformaci\u00f3n digital<\/strong> en cuanto a mis h\u00e1bitos de lectura (con \u00e9xito muy moderado a la fecha). En aquel entonces recuerdo haber descargado un libro que inici\u00e9 a leer pero no termin\u00e9 ni la d\u00e9cima parte. El libro en cuesti\u00f3n es la <strong>autobiograf\u00eda de Benjamin Franklin<\/strong>. <\/p><p>Volviendo a la \u00e9poca actual y despu\u00e9s de haber decidido hacer caminatas matinales con Baby, al surfear por la red, no estoy seguro de donde, tom\u00e9 nota de un art\u00edculo que refer\u00eda al sistema de <strong>creaci\u00f3n de h\u00e1bitos descrito por Benjamin Franklin<\/strong> en su autobiograf\u00eda. Recuerdo haber pensado\u2026 \u201c<em>si sigo con este ritmo de caminatas, prometo revisar el libro que tengo empolv\u00e1ndose en kindle<\/em>\u201d. <\/p><p>Hace un par de d\u00edas, le\u00ed un tweet de una persona que sigo, en donde, por alguna raz\u00f3n, estaba hablando de su proceso para cambiar h\u00e1bitos y nuevamente cit\u00f3 como fuente de inspiraci\u00f3n a <strong>Benjamin Franklin<\/strong>. <\/p><p>Al leer ese tweet ca\u00ed en\ncuenta que esto era una clara se\u00f1al de que yo mismo deb\u00eda ir a consultar la\nfuente. Y as\u00ed lo hice. <\/p><p><strong>Resultados despu\u00e9s de dos meses<\/strong><\/p><p>Lo \u00fanico que med\u00ed en este periodo de tiempo fue mi peso. \u00bfC\u00f3mo lo mido? El 29 de octubre, despu\u00e9s de mi primera caminata, anot\u00e9 mi peso. Los viernes de cada semana, despu\u00e9s de ba\u00f1arme, me subo a la b\u00e1scula y,&nbsp; simplemente recuerdo si sub\u00ed o baje en relaci\u00f3n con lo que recuerdo haber pesado la semana anterior. No lo escribo en ning\u00fan lado. <\/p><p>Sin embargo, el 1ro de\nenero me llev\u00e9 una grata sorpresa (dir\u00eda grat\u00edsima, pero ya ver\u00e1n). Resulta que\nal comparar mi peso del 29 de octubre con el del inicio de a\u00f1o (tambi\u00e9n\nanotado), me di cuenta de que he bajado 6 kilos. En realidad hab\u00eda bajado 8.5\nkilos. Lo s\u00e9 porque, como ya hab\u00eda dicho, cada semana nos pesamos. Sin embargo,\ndespu\u00e9s de la ceremonia de pesaje m\u00e1s reciente, me di cuenta de que las fechas\nfat\u00eddicas me hicieron recuperar 2.5 kilos que ahora a ver como me saco de\nencima. <\/p><p>Mirando hacia a atr\u00e1s, a dos meses de haber tomado la decisi\u00f3n firme de dedicar 40 minutos diarios a caminar con Baby y de haber alcanzado esos resultados, &nbsp;mi conclusi\u00f3n es que <strong>ha sido reconfortante y transformativo en muchos sentidos<\/strong>. <\/p><p>Un beneficio adicional es que, cuando empec\u00e9 a bajar de peso, cobr\u00e9 conciencia\nde lo que estaba comiendo y como consecuencia, tambi\u00e9n empec\u00e9 a cuidar mi\nalimentaci\u00f3n, por lo que he estado a semi-dieta: Disminu\u00ed el pan, la tortilla y\nlos alimentos azucarados, adem\u00e1s de beber agua sola regularmente y respetar mis\nhorarios de comida. <\/p><p>Adem\u00e1s, record\u00e9 la promesa que me hab\u00eda hecho de ir a checar mi kindle. As\u00ed que decid\u00ed dar el siguiente paso: <strong>Revisar la bio de Ben Franklin<\/strong> para ver qu\u00e9 pod\u00eda aprender. <\/p><p><strong>Lo que aprend\u00ed<\/strong><\/p><p>Despu\u00e9s de engancharme con la lectura de la <strong>autobiograf\u00eda de Franklin<\/strong>, que no deja de fascinarme. He estado meditando al respecto. Estoy convencido de que la t\u00e9cnica de Ben para dar seguimiento a las virtudes y\/o h\u00e1bitos, es una buena <strong>pr\u00e1ctica de crecimiento personal<\/strong>. <\/p><p>Benjam\u00edn plantea lo que en mi mundo (el de la <strong>consultor\u00eda en Desarrollo Organizacional<\/strong>) ser\u00eda algo as\u00ed como un <strong>sistema \u00e1gil de fortalecimiento de virtudes o h\u00e1bitos<\/strong> o, bien, un <strong>mecanismo \u00e1gil para la adopci\u00f3n de virtudes o h\u00e1bitos<\/strong>.&nbsp; A esto Franklin, en su libro, le llama \u201c<strong>el arte de la virtud<\/strong>\u201d, de ah\u00ed el t\u00edtulo de esta entrega.<\/p><p>En mi proceso de revisi\u00f3n \u2013 reflexi\u00f3n \u2013 adopci\u00f3n, me he dado cuenta de que el sistema que propuso Ben entre 1771 y 1790, estaba muy adelantado a su \u00e9poca pues en \u00e9l integra algunos de los principios de <strong>business management<\/strong>, que empezaron a ser m\u00e1s relevantes durante la administraci\u00f3n cient\u00edfica 130 a\u00f1os despu\u00e9s y que incluso 200 a\u00f1os despu\u00e9s algunos est\u00e1n siendo integrados en el mundo de <strong>buenas pr\u00e1cticas de gesti\u00f3n<\/strong>, como en el caso de <a href=\"https:\/\/www.proyectum.lat\/2019\/01\/03\/agilidad-de-negocios-hacia-un-nuevo-paradigma\/\" target=\"_blank\" rel=\"noreferrer noopener\" aria-label=\"agilidad de negocios (opens in a new tab)\">agilidad de negocios<\/a>. <\/p><p>En s\u00edntesis, lo que propone Franklin en su biograf\u00eda, es un sistema en el que habiendo listado las virtudes que quieres alcanzar, te pongas a medir diariamente tu habilidad para mantenerlas. Que<strong> empieces con pocos h\u00e1bitos<\/strong> y que vayas incorporando nuevos conforme los primeros hayan sido arraigados, pero que, sobre todo,&nbsp; no dejes de llevar un registro de lo que haces cada d\u00eda. <\/p><p>De hecho, si lo vemos con ojo de consultor, lo que le da connotaci\u00f3n de sistema a la propuesta de Franklin es ese proceso de identificaci\u00f3n de <strong>elementos interrelacionados<\/strong>, el registro de resultados, la reflexi\u00f3n y los <strong>ajustes al sistema en funci\u00f3n de los aprendizajes<\/strong>. Por otra parte, el sesgo que vi de <strong>agilismo <\/strong>es que Franklin plantea \u201csprints\u201d semanales para incorporar cada virtud. La lista de Franklin se compone de 13 virtudes, por lo que propone 4 \u201creleases\u201d cada a\u00f1o. Es decir cada 4 semanas, incorporaba un nuevo conjunto de h\u00e1bitos. <\/p><p>En la siguiente entrega\u2026 mi proceso personal de <strong>adopci\u00f3n de la pr\u00e1ctica \u00e1gil<\/strong> para fortalecer mis h\u00e1bitos, basado en la <strong>biograf\u00eda de Benjamin Franklin<\/strong>. <\/p>","protected":false},"excerpt":{"rendered":"<p>\u201cCon la intenci\u00f3n de adquirir el h\u00e1bito de todas estas virtudes, juzgu\u00e9 que ser\u00eda bueno no distraer mi atenci\u00f3n al intentar todo de una vez, sino fijarla en una de ellas a la vez\u201d Benjamin Franklin 1706 &#8211; 1790 Autobiograf\u00eda El inicio Por alguna extra\u00f1a raz\u00f3n el domingo 21 de octubre amanec\u00ed muy reflexivo. Baby [&hellip;]<\/p>\n","protected":false},"author":26,"featured_media":4510,"comment_status":"open","ping_status":"open","sticky":false,"template":"","format":"standard","meta":{"_acf_changed":false,"footnotes":""},"categories":[1102,232],"tags":[1451,1413,1452,1453,1454,1455,1456,238,1457,1458,1459,1460,1461,1462,1463],"class_list":["post-4508","post","type-post","status-publish","format-standard","has-post-thumbnail","hentry","category-agil","category-reflexiones","tag-adopcion-de-la-practica-agil","tag-agilidad-de-negocios","tag-agilismo","tag-autobiografia-de-franklin","tag-benjamin-franklin","tag-biografia-de-benjamin-franklin","tag-buenas-practicas-de-gestion","tag-business-management","tag-consultoria-en-desarrollo-organizacional","tag-el-arte-de-la-virtud","tag-el-arte-de-la-virtud-benjamin-franklin","tag-habitos-de-un-lider","tag-mecanismo-agil-para-la-adopcion-de-habitos","tag-practica-de-crecimiento-personal","tag-sistema-agil-de-fortalecimiento-de-virtudes-o-habitos"],"acf":[],"yoast_head":"<!-- This site is optimized with the Yoast SEO plugin v24.4 - https:\/\/yoast.com\/wordpress\/plugins\/seo\/ -->\n<title>El arte de la virtud o la pr\u00e1ctica \u00e1gil de reforzamiento de h\u00e1bitos personales - Proyectum Chile<\/title>\n<meta name=\"robots\" content=\"index, follow, max-snippet:-1, max-image-preview:large, max-video-preview:-1\" \/>\n<link rel=\"canonical\" href=\"https:\/\/proyectum.com\/cl\/el-arte-de-la-virtud-o-la-practica-agil-de-reforzamiento-de-habitos-personales\/\" \/>\n<meta property=\"og:locale\" content=\"es_ES\" \/>\n<meta property=\"og:type\" content=\"article\" \/>\n<meta property=\"og:title\" content=\"El arte de la virtud o la pr\u00e1ctica \u00e1gil de reforzamiento de h\u00e1bitos personales - Proyectum Chile\" \/>\n<meta property=\"og:description\" content=\"\u201cCon la intenci\u00f3n de adquirir el h\u00e1bito de todas estas virtudes, juzgu\u00e9 que ser\u00eda bueno no distraer mi atenci\u00f3n al intentar todo de una vez, sino fijarla en una de ellas a la vez\u201d Benjamin Franklin 1706 &#8211; 1790 Autobiograf\u00eda El inicio Por alguna extra\u00f1a raz\u00f3n el domingo 21 de octubre amanec\u00ed muy reflexivo. Baby [&hellip;]\" \/>\n<meta property=\"og:url\" content=\"https:\/\/proyectum.com\/cl\/el-arte-de-la-virtud-o-la-practica-agil-de-reforzamiento-de-habitos-personales\/\" \/>\n<meta property=\"og:site_name\" content=\"Proyectum Chile\" \/>\n<meta property=\"article:publisher\" content=\"https:\/\/www.facebook.com\/proyectumchile\/\" \/>\n<meta property=\"article:published_time\" content=\"2019-01-10T18:00:11+00:00\" \/>\n<meta property=\"og:image\" content=\"https:\/\/proyectum.com\/cl\/wp-content\/uploads\/2019\/01\/Practica-agil-habitos.jpg\" \/>\n\t<meta property=\"og:image:width\" content=\"1700\" \/>\n\t<meta property=\"og:image:height\" content=\"973\" \/>\n\t<meta property=\"og:image:type\" content=\"image\/jpeg\" \/>\n<meta name=\"author\" content=\"Proyectum 2025\" \/>\n<meta name=\"twitter:card\" content=\"summary_large_image\" \/>\n<meta name=\"twitter:label1\" content=\"Escrito por\" \/>\n\t<meta name=\"twitter:data1\" content=\"Proyectum 2025\" \/>\n\t<meta name=\"twitter:label2\" content=\"Tiempo de lectura\" \/>\n\t<meta name=\"twitter:data2\" content=\"7 minutos\" \/>\n<script type=\"application\/ld+json\" class=\"yoast-schema-graph\">{\"@context\":\"https:\/\/schema.org\",\"@graph\":[{\"@type\":\"Article\",\"@id\":\"https:\/\/proyectum.com\/cl\/el-arte-de-la-virtud-o-la-practica-agil-de-reforzamiento-de-habitos-personales\/#article\",\"isPartOf\":{\"@id\":\"https:\/\/proyectum.com\/cl\/el-arte-de-la-virtud-o-la-practica-agil-de-reforzamiento-de-habitos-personales\/\"},\"author\":{\"name\":\"Proyectum 2025\",\"@id\":\"https:\/\/proyectum.com\/cl\/#\/schema\/person\/7d5caa4386a11be650af177d3f2e5aee\"},\"headline\":\"El arte de la virtud o la pr\u00e1ctica \u00e1gil de reforzamiento de h\u00e1bitos personales\",\"datePublished\":\"2019-01-10T18:00:11+00:00\",\"mainEntityOfPage\":{\"@id\":\"https:\/\/proyectum.com\/cl\/el-arte-de-la-virtud-o-la-practica-agil-de-reforzamiento-de-habitos-personales\/\"},\"wordCount\":1390,\"commentCount\":0,\"publisher\":{\"@id\":\"https:\/\/proyectum.com\/cl\/#organization\"},\"image\":{\"@id\":\"https:\/\/proyectum.com\/cl\/el-arte-de-la-virtud-o-la-practica-agil-de-reforzamiento-de-habitos-personales\/#primaryimage\"},\"thumbnailUrl\":\"https:\/\/proyectum.com\/cl\/wp-content\/uploads\/2019\/01\/Practica-agil-habitos.jpg\",\"keywords\":[\"adopci\u00f3n de la pr\u00e1ctica \u00e1gil\",\"agilidad de negocios\",\"agilismo\",\"autobiograf\u00eda de Franklin\",\"Benjamin Franklin\",\"biograf\u00eda de Benjamin Franklin\",\"buenas pr\u00e1cticas de gesti\u00f3n\",\"Business Management\",\"consultor\u00eda en Desarrollo Organizacional\",\"el arte de la virtud\",\"el arte de la virtud Benjamin Franklin\",\"h\u00e1bitos de un l\u00edder\",\"mecanismo \u00e1gil para la adopci\u00f3n de h\u00e1bitos\",\"pr\u00e1ctica de crecimiento personal\",\"sistema \u00e1gil de fortalecimiento de virtudes o h\u00e1bitos\"],\"articleSection\":[\"\u00c1gil\",\"Reflexiones\"],\"inLanguage\":\"es\",\"potentialAction\":[{\"@type\":\"CommentAction\",\"name\":\"Comment\",\"target\":[\"https:\/\/proyectum.com\/cl\/el-arte-de-la-virtud-o-la-practica-agil-de-reforzamiento-de-habitos-personales\/#respond\"]}]},{\"@type\":\"WebPage\",\"@id\":\"https:\/\/proyectum.com\/cl\/el-arte-de-la-virtud-o-la-practica-agil-de-reforzamiento-de-habitos-personales\/\",\"url\":\"https:\/\/proyectum.com\/cl\/el-arte-de-la-virtud-o-la-practica-agil-de-reforzamiento-de-habitos-personales\/\",\"name\":\"El arte de la virtud o la pr\u00e1ctica \u00e1gil de reforzamiento de h\u00e1bitos personales - Proyectum Chile\",\"isPartOf\":{\"@id\":\"https:\/\/proyectum.com\/cl\/#website\"},\"primaryImageOfPage\":{\"@id\":\"https:\/\/proyectum.com\/cl\/el-arte-de-la-virtud-o-la-practica-agil-de-reforzamiento-de-habitos-personales\/#primaryimage\"},\"image\":{\"@id\":\"https:\/\/proyectum.com\/cl\/el-arte-de-la-virtud-o-la-practica-agil-de-reforzamiento-de-habitos-personales\/#primaryimage\"},\"thumbnailUrl\":\"https:\/\/proyectum.com\/cl\/wp-content\/uploads\/2019\/01\/Practica-agil-habitos.jpg\",\"datePublished\":\"2019-01-10T18:00:11+00:00\",\"breadcrumb\":{\"@id\":\"https:\/\/proyectum.com\/cl\/el-arte-de-la-virtud-o-la-practica-agil-de-reforzamiento-de-habitos-personales\/#breadcrumb\"},\"inLanguage\":\"es\",\"potentialAction\":[{\"@type\":\"ReadAction\",\"target\":[\"https:\/\/proyectum.com\/cl\/el-arte-de-la-virtud-o-la-practica-agil-de-reforzamiento-de-habitos-personales\/\"]}]},{\"@type\":\"ImageObject\",\"inLanguage\":\"es\",\"@id\":\"https:\/\/proyectum.com\/cl\/el-arte-de-la-virtud-o-la-practica-agil-de-reforzamiento-de-habitos-personales\/#primaryimage\",\"url\":\"https:\/\/proyectum.com\/cl\/wp-content\/uploads\/2019\/01\/Practica-agil-habitos.jpg\",\"contentUrl\":\"https:\/\/proyectum.com\/cl\/wp-content\/uploads\/2019\/01\/Practica-agil-habitos.jpg\",\"width\":1700,\"height\":973,\"caption\":\"Pr\u00e1ctica \u00e1gil h\u00e1bitos\"},{\"@type\":\"BreadcrumbList\",\"@id\":\"https:\/\/proyectum.com\/cl\/el-arte-de-la-virtud-o-la-practica-agil-de-reforzamiento-de-habitos-personales\/#breadcrumb\",\"itemListElement\":[{\"@type\":\"ListItem\",\"position\":1,\"name\":\"Home\",\"item\":\"https:\/\/proyectum.com\/cl\/\"},{\"@type\":\"ListItem\",\"position\":2,\"name\":\"El arte de la virtud o la pr\u00e1ctica \u00e1gil de reforzamiento de h\u00e1bitos personales\"}]},{\"@type\":\"WebSite\",\"@id\":\"https:\/\/proyectum.com\/cl\/#website\",\"url\":\"https:\/\/proyectum.com\/cl\/\",\"name\":\"Proyectum Chile\",\"description\":\"Direcci\u00f3n de Proyectos y Metodolog\u00edas \u00c1giles\",\"publisher\":{\"@id\":\"https:\/\/proyectum.com\/cl\/#organization\"},\"potentialAction\":[{\"@type\":\"SearchAction\",\"target\":{\"@type\":\"EntryPoint\",\"urlTemplate\":\"https:\/\/proyectum.com\/cl\/?s={search_term_string}\"},\"query-input\":{\"@type\":\"PropertyValueSpecification\",\"valueRequired\":true,\"valueName\":\"search_term_string\"}}],\"inLanguage\":\"es\"},{\"@type\":\"Organization\",\"@id\":\"https:\/\/proyectum.com\/cl\/#organization\",\"name\":\"Proyectum Chile\",\"url\":\"https:\/\/proyectum.com\/cl\/\",\"logo\":{\"@type\":\"ImageObject\",\"inLanguage\":\"es\",\"@id\":\"https:\/\/proyectum.com\/cl\/#\/schema\/logo\/image\/\",\"url\":\"https:\/\/proyectum.com\/cl\/wp-content\/uploads\/2020\/04\/proyectum-logo-snippet.png\",\"contentUrl\":\"https:\/\/proyectum.com\/cl\/wp-content\/uploads\/2020\/04\/proyectum-logo-snippet.png\",\"width\":600,\"height\":315,\"caption\":\"Proyectum Chile\"},\"image\":{\"@id\":\"https:\/\/proyectum.com\/cl\/#\/schema\/logo\/image\/\"},\"sameAs\":[\"https:\/\/www.facebook.com\/proyectumchile\/\",\"https:\/\/www.linkedin.com\/company\/proyectum-cl\/\",\"https:\/\/www.instagram.com\/proyectumchile\/\",\"https:\/\/www.youtube.com\/@proyectum2283\/videos\"]},{\"@type\":\"Person\",\"@id\":\"https:\/\/proyectum.com\/cl\/#\/schema\/person\/7d5caa4386a11be650af177d3f2e5aee\",\"name\":\"Proyectum 2025\",\"image\":{\"@type\":\"ImageObject\",\"inLanguage\":\"es\",\"@id\":\"https:\/\/proyectum.com\/cl\/#\/schema\/person\/image\/\",\"url\":\"https:\/\/secure.gravatar.com\/avatar\/df82793fddd8f0a5a84fdb27d958bf73?s=96&d=mm&r=g\",\"contentUrl\":\"https:\/\/secure.gravatar.com\/avatar\/df82793fddd8f0a5a84fdb27d958bf73?s=96&d=mm&r=g\",\"caption\":\"Proyectum 2025\"}}]}<\/script>\n<!-- \/ Yoast SEO plugin. -->","yoast_head_json":{"title":"El arte de la virtud o la pr\u00e1ctica \u00e1gil de reforzamiento de h\u00e1bitos personales - Proyectum Chile","robots":{"index":"index","follow":"follow","max-snippet":"max-snippet:-1","max-image-preview":"max-image-preview:large","max-video-preview":"max-video-preview:-1"},"canonical":"https:\/\/proyectum.com\/cl\/el-arte-de-la-virtud-o-la-practica-agil-de-reforzamiento-de-habitos-personales\/","og_locale":"es_ES","og_type":"article","og_title":"El arte de la virtud o la pr\u00e1ctica \u00e1gil de reforzamiento de h\u00e1bitos personales - Proyectum Chile","og_description":"\u201cCon la intenci\u00f3n de adquirir el h\u00e1bito de todas estas virtudes, juzgu\u00e9 que ser\u00eda bueno no distraer mi atenci\u00f3n al intentar todo de una vez, sino fijarla en una de ellas a la vez\u201d Benjamin Franklin 1706 &#8211; 1790 Autobiograf\u00eda El inicio Por alguna extra\u00f1a raz\u00f3n el domingo 21 de octubre amanec\u00ed muy reflexivo. Baby [&hellip;]","og_url":"https:\/\/proyectum.com\/cl\/el-arte-de-la-virtud-o-la-practica-agil-de-reforzamiento-de-habitos-personales\/","og_site_name":"Proyectum Chile","article_publisher":"https:\/\/www.facebook.com\/proyectumchile\/","article_published_time":"2019-01-10T18:00:11+00:00","og_image":[{"width":1700,"height":973,"url":"https:\/\/proyectum.com\/cl\/wp-content\/uploads\/2019\/01\/Practica-agil-habitos.jpg","type":"image\/jpeg"}],"author":"Proyectum 2025","twitter_card":"summary_large_image","twitter_misc":{"Escrito por":"Proyectum 2025","Tiempo de lectura":"7 minutos"},"schema":{"@context":"https:\/\/schema.org","@graph":[{"@type":"Article","@id":"https:\/\/proyectum.com\/cl\/el-arte-de-la-virtud-o-la-practica-agil-de-reforzamiento-de-habitos-personales\/#article","isPartOf":{"@id":"https:\/\/proyectum.com\/cl\/el-arte-de-la-virtud-o-la-practica-agil-de-reforzamiento-de-habitos-personales\/"},"author":{"name":"Proyectum 2025","@id":"https:\/\/proyectum.com\/cl\/#\/schema\/person\/7d5caa4386a11be650af177d3f2e5aee"},"headline":"El arte de la virtud o la pr\u00e1ctica \u00e1gil de reforzamiento de h\u00e1bitos personales","datePublished":"2019-01-10T18:00:11+00:00","mainEntityOfPage":{"@id":"https:\/\/proyectum.com\/cl\/el-arte-de-la-virtud-o-la-practica-agil-de-reforzamiento-de-habitos-personales\/"},"wordCount":1390,"commentCount":0,"publisher":{"@id":"https:\/\/proyectum.com\/cl\/#organization"},"image":{"@id":"https:\/\/proyectum.com\/cl\/el-arte-de-la-virtud-o-la-practica-agil-de-reforzamiento-de-habitos-personales\/#primaryimage"},"thumbnailUrl":"https:\/\/proyectum.com\/cl\/wp-content\/uploads\/2019\/01\/Practica-agil-habitos.jpg","keywords":["adopci\u00f3n de la pr\u00e1ctica \u00e1gil","agilidad de negocios","agilismo","autobiograf\u00eda de Franklin","Benjamin Franklin","biograf\u00eda de Benjamin Franklin","buenas pr\u00e1cticas de gesti\u00f3n","Business Management","consultor\u00eda en Desarrollo Organizacional","el arte de la virtud","el arte de la virtud Benjamin Franklin","h\u00e1bitos de un l\u00edder","mecanismo \u00e1gil para la adopci\u00f3n de h\u00e1bitos","pr\u00e1ctica de crecimiento personal","sistema \u00e1gil de fortalecimiento de virtudes o h\u00e1bitos"],"articleSection":["\u00c1gil","Reflexiones"],"inLanguage":"es","potentialAction":[{"@type":"CommentAction","name":"Comment","target":["https:\/\/proyectum.com\/cl\/el-arte-de-la-virtud-o-la-practica-agil-de-reforzamiento-de-habitos-personales\/#respond"]}]},{"@type":"WebPage","@id":"https:\/\/proyectum.com\/cl\/el-arte-de-la-virtud-o-la-practica-agil-de-reforzamiento-de-habitos-personales\/","url":"https:\/\/proyectum.com\/cl\/el-arte-de-la-virtud-o-la-practica-agil-de-reforzamiento-de-habitos-personales\/","name":"El arte de la virtud o la pr\u00e1ctica \u00e1gil de reforzamiento de h\u00e1bitos personales - Proyectum Chile","isPartOf":{"@id":"https:\/\/proyectum.com\/cl\/#website"},"primaryImageOfPage":{"@id":"https:\/\/proyectum.com\/cl\/el-arte-de-la-virtud-o-la-practica-agil-de-reforzamiento-de-habitos-personales\/#primaryimage"},"image":{"@id":"https:\/\/proyectum.com\/cl\/el-arte-de-la-virtud-o-la-practica-agil-de-reforzamiento-de-habitos-personales\/#primaryimage"},"thumbnailUrl":"https:\/\/proyectum.com\/cl\/wp-content\/uploads\/2019\/01\/Practica-agil-habitos.jpg","datePublished":"2019-01-10T18:00:11+00:00","breadcrumb":{"@id":"https:\/\/proyectum.com\/cl\/el-arte-de-la-virtud-o-la-practica-agil-de-reforzamiento-de-habitos-personales\/#breadcrumb"},"inLanguage":"es","potentialAction":[{"@type":"ReadAction","target":["https:\/\/proyectum.com\/cl\/el-arte-de-la-virtud-o-la-practica-agil-de-reforzamiento-de-habitos-personales\/"]}]},{"@type":"ImageObject","inLanguage":"es","@id":"https:\/\/proyectum.com\/cl\/el-arte-de-la-virtud-o-la-practica-agil-de-reforzamiento-de-habitos-personales\/#primaryimage","url":"https:\/\/proyectum.com\/cl\/wp-content\/uploads\/2019\/01\/Practica-agil-habitos.jpg","contentUrl":"https:\/\/proyectum.com\/cl\/wp-content\/uploads\/2019\/01\/Practica-agil-habitos.jpg","width":1700,"height":973,"caption":"Pr\u00e1ctica \u00e1gil h\u00e1bitos"},{"@type":"BreadcrumbList","@id":"https:\/\/proyectum.com\/cl\/el-arte-de-la-virtud-o-la-practica-agil-de-reforzamiento-de-habitos-personales\/#breadcrumb","itemListElement":[{"@type":"ListItem","position":1,"name":"Home","item":"https:\/\/proyectum.com\/cl\/"},{"@type":"ListItem","position":2,"name":"El arte de la virtud o la pr\u00e1ctica \u00e1gil de reforzamiento de h\u00e1bitos personales"}]},{"@type":"WebSite","@id":"https:\/\/proyectum.com\/cl\/#website","url":"https:\/\/proyectum.com\/cl\/","name":"Proyectum Chile","description":"Direcci\u00f3n de Proyectos y Metodolog\u00edas \u00c1giles","publisher":{"@id":"https:\/\/proyectum.com\/cl\/#organization"},"potentialAction":[{"@type":"SearchAction","target":{"@type":"EntryPoint","urlTemplate":"https:\/\/proyectum.com\/cl\/?s={search_term_string}"},"query-input":{"@type":"PropertyValueSpecification","valueRequired":true,"valueName":"search_term_string"}}],"inLanguage":"es"},{"@type":"Organization","@id":"https:\/\/proyectum.com\/cl\/#organization","name":"Proyectum Chile","url":"https:\/\/proyectum.com\/cl\/","logo":{"@type":"ImageObject","inLanguage":"es","@id":"https:\/\/proyectum.com\/cl\/#\/schema\/logo\/image\/","url":"https:\/\/proyectum.com\/cl\/wp-content\/uploads\/2020\/04\/proyectum-logo-snippet.png","contentUrl":"https:\/\/proyectum.com\/cl\/wp-content\/uploads\/2020\/04\/proyectum-logo-snippet.png","width":600,"height":315,"caption":"Proyectum Chile"},"image":{"@id":"https:\/\/proyectum.com\/cl\/#\/schema\/logo\/image\/"},"sameAs":["https:\/\/www.facebook.com\/proyectumchile\/","https:\/\/www.linkedin.com\/company\/proyectum-cl\/","https:\/\/www.instagram.com\/proyectumchile\/","https:\/\/www.youtube.com\/@proyectum2283\/videos"]},{"@type":"Person","@id":"https:\/\/proyectum.com\/cl\/#\/schema\/person\/7d5caa4386a11be650af177d3f2e5aee","name":"Proyectum 2025","image":{"@type":"ImageObject","inLanguage":"es","@id":"https:\/\/proyectum.com\/cl\/#\/schema\/person\/image\/","url":"https:\/\/secure.gravatar.com\/avatar\/df82793fddd8f0a5a84fdb27d958bf73?s=96&d=mm&r=g","contentUrl":"https:\/\/secure.gravatar.com\/avatar\/df82793fddd8f0a5a84fdb27d958bf73?s=96&d=mm&r=g","caption":"Proyectum 2025"}}]}},"_links":{"self":[{"href":"https:\/\/proyectum.com\/cl\/wp-json\/wp\/v2\/posts\/4508","targetHints":{"allow":["GET"]}}],"collection":[{"href":"https:\/\/proyectum.com\/cl\/wp-json\/wp\/v2\/posts"}],"about":[{"href":"https:\/\/proyectum.com\/cl\/wp-json\/wp\/v2\/types\/post"}],"author":[{"embeddable":true,"href":"https:\/\/proyectum.com\/cl\/wp-json\/wp\/v2\/users\/26"}],"replies":[{"embeddable":true,"href":"https:\/\/proyectum.com\/cl\/wp-json\/wp\/v2\/comments?post=4508"}],"version-history":[{"count":0,"href":"https:\/\/proyectum.com\/cl\/wp-json\/wp\/v2\/posts\/4508\/revisions"}],"wp:featuredmedia":[{"embeddable":true,"href":"https:\/\/proyectum.com\/cl\/wp-json\/wp\/v2\/media\/4510"}],"wp:attachment":[{"href":"https:\/\/proyectum.com\/cl\/wp-json\/wp\/v2\/media?parent=4508"}],"wp:term":[{"taxonomy":"category","embeddable":true,"href":"https:\/\/proyectum.com\/cl\/wp-json\/wp\/v2\/categories?post=4508"},{"taxonomy":"post_tag","embeddable":true,"href":"https:\/\/proyectum.com\/cl\/wp-json\/wp\/v2\/tags?post=4508"}],"curies":[{"name":"wp","href":"https:\/\/api.w.org\/{rel}","templated":true}]}}