{"id":4567,"date":"2019-01-31T13:33:45","date_gmt":"2019-01-31T19:33:45","guid":{"rendered":"http:\/\/www.proyectum.lat\/?p=4567"},"modified":"2019-01-31T13:33:45","modified_gmt":"2019-01-31T19:33:45","slug":"consejos-practicos-para-eliminar-definitivamente-las-muletillas-en-tus-discursos","status":"publish","type":"post","link":"https:\/\/proyectum.com\/cl\/consejos-practicos-para-eliminar-definitivamente-las-muletillas-en-tus-discursos\/","title":{"rendered":"\ufeffConsejos pr\u00e1cticos para eliminar definitivamente las muletillas en tus discursos"},"content":{"rendered":"<p><strong>Por: Alejandro Huerta Zamacona<\/strong><\/p><p>Dec\u00eda Arist\u00f3teles en su libro la po\u00e9tica que \u201c<em>El habla es la representaci\u00f3n de la mente<\/em>\u201d lo que decimos cuando hablamos y como lo decimos representa el fen\u00f3meno de nuestros pensamientos expresados en un contexto social que da sentido a las palabras que utilizamos dada cierta tradici\u00f3n. Ahora bien, <strong>los seres humanos somos seres sociales<\/strong> y, por lo tanto, <strong>comunicadores natos<\/strong>, sin embargo, existen en el proceso de comunicaci\u00f3n factores que generan \u201cruido\u201d o provocan que el mensaje emitido no sea del todo claro para el que lo escucha. <\/p><p>La <strong>habilidad de comunicarnos de manera efectiva<\/strong> es fundamental en el \u00e1mbito laboral y, en general, en cada aspecto de nuestra vida. Un buen comunicador alcanzar\u00e1 m\u00e1s r\u00e1pido sus objetivos en la vida si se expresa de manera correcta, &nbsp;ya que, al hablar de forma adecuada expresamos nuestros pensamientos de manera que los dem\u00e1s puedan comprendernos y as\u00ed evitamos la barrera del malentendido. Por otro lado, hay una relaci\u00f3n intr\u00ednseca entre la comunicaci\u00f3n que generamos y nuestro proceso de pensamiento, es decir, la forma como estructuramos nuestros pensamientos y los expresamos a los otros, por lo tanto, es fundamental lograr una estructura conceptual en nuestros discursos.<\/p><p>Creemos que hablar como lo hacemos cotidianamente es la forma como se debe hablar cuando estamos ante un p\u00fablico, sin embargo, esto no es del todo correcto ya que cuando hablamos ante un p\u00fablico debemos tener cuidado de las voces que salen de nuestro interior, <strong>existe una exigencia mayor<\/strong>.<\/p><p>En este art\u00edculo me gustar\u00eda tocar espec\u00edficamente un fen\u00f3meno ling\u00fc\u00edstico que todos o la gran mayor\u00eda llevamos a cabo al momento de comunicarnos, esto es, <strong>las muletillas<\/strong>. Del mismo modo, la intensi\u00f3n es dar algunos consejos que sirvan al lector para <strong>disminuir el uso de las muletillas en su discurso<\/strong>.<\/p><p><strong><em>\u00bfQu\u00e9 es una muletilla?<\/em><\/strong><\/p><p>La Real Academia Espa\u00f1ola (RAE) la define como: <em>Voz o frase que se repite mucho por h\u00e1bito<\/em>. Dicho en otras palabras la muletilla o estribillo es un vicio del lenguaje porque utiliza palabras, frases o expresiones innecesarias de manera constante. <strong>La muletilla es una palabra o sonido que utilizamos de manera frecuente<\/strong> cuando hablamos, la muletilla por lo general la usamos para ganar tiempo cuando se nos ha olvidado la idea que queremos expresar y en muchos casos ya es una mala costumbre al hablar, creemos, sin raz\u00f3n, que as\u00ed hablamos y que as\u00ed es como la gente habla normalmente, pero las muletillas no son necesarias en el idioma ni para comunicarnos correctamente, de hecho <strong>una persona que utiliza demasiadas muletillas puede quitar importancia a su discurso<\/strong> y hacer que las personas se enfoquen m\u00e1s en la muletilla que en lo que est\u00e1 queriendo expresar.<\/p><p>Otra raz\u00f3n por la que usamos la misma palabra como <strong>muletilla es la falta de vocabulario<\/strong>, al no tener un amplio repertorio de palabras en nuestro lenguaje caemos una y otra vez en el uso de las mismas tres o cuatro palabras de siempre, Ludwig Wittgenstein fil\u00f3sofo alem\u00e1n del siglo pasado dec\u00eda \u201c<em>Los l\u00edmites de mi mundo son los l\u00edmites de mi lenguaje<\/em>\u201d.<\/p><p>Para darnos una idea del uso que hacemos de las muletillas a continuaci\u00f3n te mostrare s\u00f3lo algunas de las m\u00e1s utilizadas. Las muletillas m\u00e1s comunes son:&nbsp; \u201ceste\u2026\u201d, \u201cpero\u2026\u201d, \u201ceh\u2026\u201d, \u201ca ver\u2026\u201d, \u201c\u00bfse entiende?\u201d, \u201c\u00bfhace sentido?\u201d, \u201cmmm\u2026\u201d, \u201casimismo\u2026\u201d, \u201c\u00bfno?\u201d, \u201cs\u00ed?\u201d, \u201cOK\u201d, \u201cPero\u2026\u201d, \u201cPues nada, eso\u2026\u201d, \u201c\u00bfSabes qu\u00e9?\u201d, \u201cVerdaderamente\u201d, \u201cEn verdad\u201d, \u201cAs\u00ed es\u201d, \u00abTal cual\u00bb. (Colombo, 2018). Como podr\u00e1s ver <strong>existen muchas palabras que utilizamos como muletillas<\/strong>, esto aunado a la <strong>falta de costumbre de hablar en p\u00fablico<\/strong> nos hace bajar nuestro rendimiento al momento de enfrentarnos a estas situaciones.<\/p><p><strong><em>Consejos para eliminar las muletillas<\/em><\/strong><\/p><p>A continuaci\u00f3n comparto contigo algunos consejos para\ncomenzar a eliminarlas de forma eficaz:<\/p><p><strong><em>Crea consciencia de su&nbsp;\nuso<\/em><\/strong><strong>: <\/strong>Todos las utilizamos, y al hablar en cada \u00e1mbito de la\nvida, por lo general, no nos damos cuenta de ello. En promedio usamos 5\nmuletillas por minuto.<\/p><p>Al final <strong>el uso de una muletilla es un h\u00e1bito<\/strong> y, como tal, pasa desapercibido &nbsp;la mayor parte del tiempo, por lo tanto, lo primero que debemos hacer es crear conciencia de su uso y detectar <strong>qu\u00e9 muletilla o muletillas estamos utilizando<\/strong>, te aseguro que todos en alg\u00fan punto hemos ca\u00eddo en sus redes.<\/p><p><strong><em>Estructura tu mensaje:<\/em><\/strong> La mejor forma de concentrarte en lo que se dice es\nsaber lo que se quiere decir, esto implica un trabajo previo de estructura de\ntu mensaje. Da una apertura a tu discurso una introducci\u00f3n, un desarrollo y por\n\u00faltimo un cierre.<\/p><p><strong><em>Lee mucho:<\/em><\/strong> <strong>Tener un amplio vocabulario ayuda a evitar muletillas<\/strong>, esto sucede ya que <strong>la funci\u00f3n de una muletilla es de conector de ideas<\/strong> y la utilizamos para hacer tiempo cuando no encontramos la palabra que estamos buscando, si tenemos el h\u00e1bito de la lectura ampliaremos nuestro vocabulario y la cantidad de palabras que manejamos, esto nos ayudar\u00e1 al momento de estar hablando frente a una audiencia a tener m\u00e1s variedad de palabras.<\/p><p><strong><em>Usa una nueva palabra cada d\u00eda:<\/em><\/strong> Derivado del punto anterior, leer te da m\u00e1s vocabulario, ahora ll\u00e9valo a la pr\u00e1ctica y <strong>trata de usar una palabra nueva cada d\u00eda<\/strong>, trata de crear el contexto y la oportunidad para utilizarla. En el lenguaje castellano existen m\u00e1s de 88,000 palabras.<\/p><p><strong><em>El valor de las pausas:<\/em><\/strong> Mucha gente tiene miedo a los silencios, pensando que estos no son buenos en el discurso y tratan de evitarlos a toda costa, sin embargo, <strong>un buen manejo de los silencios da a nuestro discurso m\u00e1s dramatismo y profundidad<\/strong>. Tomate el tiempo para pensar la palabra que est\u00e1s buscando.<\/p><p><strong>Las muletillas son un vicio muy com\u00fan al momento de hablar<\/strong>, todos en alg\u00fan momento las hemos utilizado, algunas personas han hecho un h\u00e1bito de ellas, <strong>un excesivo uso de las muletillas quita contundencia y eficiencia al discurso<\/strong>, denota falta de preparaci\u00f3n y nerviosismo al momento de hablar, lo m\u00e1s recomendable es hacerse consciente de qu\u00e9 muletillas son las que usamos y trabajar constantemente para eliminarlas. <\/p><p>En la vida laboral, como en la mayor\u00eda de los aspectos de la vida debemos estar constantemente prepar\u00e1ndonos y mejor\u00e1ndonos como individuos.<\/p><p>Te invito a que sigas prepar\u00e1ndote constantemente y tomes conciencia de la importancia de la forma como <strong>comunicamos nuestros pensamiento e ideas<\/strong>. Recuerda \u201c<em>La forma altera el contenido<\/em>\u201d. Por lo tanto, es a trav\u00e9s de una buena comunicaci\u00f3n que podemos conectarnos, de manera m\u00e1s efectiva, con los dem\u00e1s y con nuestro entorno.<\/p><p>Referencias:<\/p><p><a rel=\"noreferrer noopener\" aria-label=\"Oratoria 8 trucos para eliminar tus muletillas por Daniel Colombo (opens in a new tab)\" href=\"http:\/\/www.danielcolombo.com\/oratoria-8-trucos-para-eliminar-tus-muletillas-por-daniel-colombo\/\" target=\"_blank\">Oratoria 8 trucos para eliminar tus muletillas por Daniel Colombo<\/a><\/p><p><a href=\"https:\/\/tecnicashablarenpublico.com\/blog\/como-eliminar-las-muletillas-para-hablar-bien-en-publico-con-elocuencia-y-fluidez-oratoria\/\" target=\"_blank\" rel=\"noreferrer noopener\" aria-label=\"T\u00e9cnicas hablar en p\u00fablico (opens in a new tab)\">T\u00e9cnicas hablar en p\u00fablico<\/a><\/p><p><a href=\"https:\/\/www.tmdistrito34.org\/dux-verbi\/articulos-de-interes\/articulos-de-oratoria\/148-que-es-una-muletilla.html\" target=\"_blank\" rel=\"noreferrer noopener\" aria-label=\"Tmdistrito34.org (opens in a new tab)\">Tmdistrito34.org<\/a><\/p><p><a href=\"http:\/\/www.ticbeat.com\/educacion\/el-simple-truco-para-eliminar-las-muletillas-revelado-por-harvard\/\" target=\"_blank\" rel=\"noreferrer noopener\" aria-label=\"Ticbeat.com (opens in a new tab)\">Ticbeat.com<\/a><\/p><p><a href=\"https:\/\/www.entrepreneur.com\/article\/267047\" target=\"_blank\" rel=\"noreferrer noopener\" aria-label=\"Entrepreneur.com (opens in a new tab)\">Entrepreneur.com<\/a><\/p>","protected":false},"excerpt":{"rendered":"<p>Por: Alejandro Huerta Zamacona Dec\u00eda Arist\u00f3teles en su libro la po\u00e9tica que \u201cEl habla es la representaci\u00f3n de la mente\u201d lo que decimos cuando hablamos y como lo decimos representa el fen\u00f3meno de nuestros pensamientos expresados en un contexto social que da sentido a las palabras que utilizamos dada cierta tradici\u00f3n. Ahora bien, los seres [&hellip;]<\/p>\n","protected":false},"author":26,"featured_media":4568,"comment_status":"open","ping_status":"open","sticky":false,"template":"","format":"standard","meta":{"_acf_changed":false,"footnotes":""},"categories":[236],"tags":[1509,1510,1511,1512,1513,1514,1515,1516,1517,1518,1519,1520,1521,1522,1523,1524],"class_list":["post-4567","post","type-post","status-publish","format-standard","has-post-thumbnail","hentry","category-comunicacion","tag-comunicadores-natos","tag-consejos-disminuir-el-uso-de-las-muletillas-en-su-discurso","tag-disminuir-el-uso-de-las-muletillas-en-su-discurso","tag-el-uso-de-una-muletilla-es-un-habito","tag-eliminar-muletillas","tag-existen-muchas-palabras-que-utilizamos-como-muletillas","tag-falta-de-costumbre-de-hablar-en-publico","tag-habilidad-de-comunicarnos-de-manera-efectiva","tag-la-funcion-de-una-muletilla-es-de-conector-de-ideas","tag-la-muletilla-es-una-palabra-o-sonido-que-utilizamos-de-manera-frecuente","tag-las-muletillas","tag-las-muletillas-son-un-vicio-muy-comun-al-momento-de-hablar","tag-los-seres-humanos-somos-seres-sociales","tag-muletilla-es-la-falta-de-vocabulario","tag-tener-un-amplio-vocabulario-ayuda-a-evitar-muletillas","tag-trata-de-usar-una-palabra-nueva-cada-dia"],"acf":[],"yoast_head":"<!-- This site is optimized with the Yoast SEO plugin v24.4 - https:\/\/yoast.com\/wordpress\/plugins\/seo\/ -->\n<title>\ufeffConsejos pr\u00e1cticos para eliminar definitivamente las muletillas en tus discursos - Proyectum Chile<\/title>\n<meta name=\"robots\" content=\"index, follow, max-snippet:-1, max-image-preview:large, max-video-preview:-1\" \/>\n<link rel=\"canonical\" href=\"https:\/\/proyectum.com\/cl\/consejos-practicos-para-eliminar-definitivamente-las-muletillas-en-tus-discursos\/\" \/>\n<meta property=\"og:locale\" content=\"es_ES\" \/>\n<meta property=\"og:type\" content=\"article\" \/>\n<meta property=\"og:title\" content=\"\ufeffConsejos pr\u00e1cticos para eliminar definitivamente las muletillas en tus discursos - Proyectum Chile\" \/>\n<meta property=\"og:description\" content=\"Por: Alejandro Huerta Zamacona Dec\u00eda Arist\u00f3teles en su libro la po\u00e9tica que \u201cEl habla es la representaci\u00f3n de la mente\u201d lo que decimos cuando hablamos y como lo decimos representa el fen\u00f3meno de nuestros pensamientos expresados en un contexto social que da sentido a las palabras que utilizamos dada cierta tradici\u00f3n. Ahora bien, los seres [&hellip;]\" \/>\n<meta property=\"og:url\" content=\"https:\/\/proyectum.com\/cl\/consejos-practicos-para-eliminar-definitivamente-las-muletillas-en-tus-discursos\/\" \/>\n<meta property=\"og:site_name\" content=\"Proyectum Chile\" \/>\n<meta property=\"article:publisher\" content=\"https:\/\/www.facebook.com\/proyectumchile\/\" \/>\n<meta property=\"article:published_time\" content=\"2019-01-31T19:33:45+00:00\" \/>\n<meta property=\"og:image\" content=\"https:\/\/proyectum.com\/cl\/wp-content\/uploads\/2019\/01\/Consejos-para-eliminar-muletillas.jpg\" \/>\n\t<meta property=\"og:image:width\" content=\"1980\" \/>\n\t<meta property=\"og:image:height\" content=\"1199\" \/>\n\t<meta property=\"og:image:type\" content=\"image\/jpeg\" \/>\n<meta name=\"author\" content=\"Proyectum 2025\" \/>\n<meta name=\"twitter:card\" content=\"summary_large_image\" \/>\n<meta name=\"twitter:label1\" content=\"Escrito por\" \/>\n\t<meta name=\"twitter:data1\" content=\"Proyectum 2025\" \/>\n\t<meta name=\"twitter:label2\" content=\"Tiempo de lectura\" \/>\n\t<meta name=\"twitter:data2\" content=\"6 minutos\" \/>\n<script type=\"application\/ld+json\" class=\"yoast-schema-graph\">{\"@context\":\"https:\/\/schema.org\",\"@graph\":[{\"@type\":\"Article\",\"@id\":\"https:\/\/proyectum.com\/cl\/consejos-practicos-para-eliminar-definitivamente-las-muletillas-en-tus-discursos\/#article\",\"isPartOf\":{\"@id\":\"https:\/\/proyectum.com\/cl\/consejos-practicos-para-eliminar-definitivamente-las-muletillas-en-tus-discursos\/\"},\"author\":{\"name\":\"Proyectum 2025\",\"@id\":\"https:\/\/proyectum.com\/cl\/#\/schema\/person\/7d5caa4386a11be650af177d3f2e5aee\"},\"headline\":\"\ufeffConsejos pr\u00e1cticos para eliminar definitivamente las muletillas en tus discursos\",\"datePublished\":\"2019-01-31T19:33:45+00:00\",\"mainEntityOfPage\":{\"@id\":\"https:\/\/proyectum.com\/cl\/consejos-practicos-para-eliminar-definitivamente-las-muletillas-en-tus-discursos\/\"},\"wordCount\":1164,\"commentCount\":0,\"publisher\":{\"@id\":\"https:\/\/proyectum.com\/cl\/#organization\"},\"image\":{\"@id\":\"https:\/\/proyectum.com\/cl\/consejos-practicos-para-eliminar-definitivamente-las-muletillas-en-tus-discursos\/#primaryimage\"},\"thumbnailUrl\":\"https:\/\/proyectum.com\/cl\/wp-content\/uploads\/2019\/01\/Consejos-para-eliminar-muletillas.jpg\",\"keywords\":[\"comunicadores natos\",\"consejos disminuir el uso de las muletillas en su discurso\",\"disminuir el uso de las muletillas en su discurso\",\"el uso de una muletilla es un h\u00e1bito\",\"Eliminar muletillas\",\"existen muchas palabras que utilizamos como muletillas\",\"falta de costumbre de hablar en p\u00fablico\",\"habilidad de comunicarnos de manera efectiva\",\"la funci\u00f3n de una muletilla es de conector de ideas\",\"La muletilla es una palabra o sonido que utilizamos de manera frecuente\",\"las muletillas\",\"Las muletillas son un vicio muy com\u00fan al momento de hablar\",\"los seres humanos somos seres sociales\",\"muletilla es la falta de vocabulario\",\"Tener un amplio vocabulario ayuda a evitar muletillas\",\"trata de usar una palabra nueva cada d\u00eda\"],\"articleSection\":[\"Comunicaci\u00f3n\"],\"inLanguage\":\"es\",\"potentialAction\":[{\"@type\":\"CommentAction\",\"name\":\"Comment\",\"target\":[\"https:\/\/proyectum.com\/cl\/consejos-practicos-para-eliminar-definitivamente-las-muletillas-en-tus-discursos\/#respond\"]}]},{\"@type\":\"WebPage\",\"@id\":\"https:\/\/proyectum.com\/cl\/consejos-practicos-para-eliminar-definitivamente-las-muletillas-en-tus-discursos\/\",\"url\":\"https:\/\/proyectum.com\/cl\/consejos-practicos-para-eliminar-definitivamente-las-muletillas-en-tus-discursos\/\",\"name\":\"\ufeffConsejos pr\u00e1cticos para eliminar definitivamente las muletillas en tus discursos - Proyectum Chile\",\"isPartOf\":{\"@id\":\"https:\/\/proyectum.com\/cl\/#website\"},\"primaryImageOfPage\":{\"@id\":\"https:\/\/proyectum.com\/cl\/consejos-practicos-para-eliminar-definitivamente-las-muletillas-en-tus-discursos\/#primaryimage\"},\"image\":{\"@id\":\"https:\/\/proyectum.com\/cl\/consejos-practicos-para-eliminar-definitivamente-las-muletillas-en-tus-discursos\/#primaryimage\"},\"thumbnailUrl\":\"https:\/\/proyectum.com\/cl\/wp-content\/uploads\/2019\/01\/Consejos-para-eliminar-muletillas.jpg\",\"datePublished\":\"2019-01-31T19:33:45+00:00\",\"breadcrumb\":{\"@id\":\"https:\/\/proyectum.com\/cl\/consejos-practicos-para-eliminar-definitivamente-las-muletillas-en-tus-discursos\/#breadcrumb\"},\"inLanguage\":\"es\",\"potentialAction\":[{\"@type\":\"ReadAction\",\"target\":[\"https:\/\/proyectum.com\/cl\/consejos-practicos-para-eliminar-definitivamente-las-muletillas-en-tus-discursos\/\"]}]},{\"@type\":\"ImageObject\",\"inLanguage\":\"es\",\"@id\":\"https:\/\/proyectum.com\/cl\/consejos-practicos-para-eliminar-definitivamente-las-muletillas-en-tus-discursos\/#primaryimage\",\"url\":\"https:\/\/proyectum.com\/cl\/wp-content\/uploads\/2019\/01\/Consejos-para-eliminar-muletillas.jpg\",\"contentUrl\":\"https:\/\/proyectum.com\/cl\/wp-content\/uploads\/2019\/01\/Consejos-para-eliminar-muletillas.jpg\",\"width\":1980,\"height\":1199,\"caption\":\"Consejos para eliminar muletillas\"},{\"@type\":\"BreadcrumbList\",\"@id\":\"https:\/\/proyectum.com\/cl\/consejos-practicos-para-eliminar-definitivamente-las-muletillas-en-tus-discursos\/#breadcrumb\",\"itemListElement\":[{\"@type\":\"ListItem\",\"position\":1,\"name\":\"Home\",\"item\":\"https:\/\/proyectum.com\/cl\/\"},{\"@type\":\"ListItem\",\"position\":2,\"name\":\"\ufeffConsejos pr\u00e1cticos para eliminar definitivamente las muletillas en tus discursos\"}]},{\"@type\":\"WebSite\",\"@id\":\"https:\/\/proyectum.com\/cl\/#website\",\"url\":\"https:\/\/proyectum.com\/cl\/\",\"name\":\"Proyectum Chile\",\"description\":\"Direcci\u00f3n de Proyectos y Metodolog\u00edas \u00c1giles\",\"publisher\":{\"@id\":\"https:\/\/proyectum.com\/cl\/#organization\"},\"potentialAction\":[{\"@type\":\"SearchAction\",\"target\":{\"@type\":\"EntryPoint\",\"urlTemplate\":\"https:\/\/proyectum.com\/cl\/?s={search_term_string}\"},\"query-input\":{\"@type\":\"PropertyValueSpecification\",\"valueRequired\":true,\"valueName\":\"search_term_string\"}}],\"inLanguage\":\"es\"},{\"@type\":\"Organization\",\"@id\":\"https:\/\/proyectum.com\/cl\/#organization\",\"name\":\"Proyectum Chile\",\"url\":\"https:\/\/proyectum.com\/cl\/\",\"logo\":{\"@type\":\"ImageObject\",\"inLanguage\":\"es\",\"@id\":\"https:\/\/proyectum.com\/cl\/#\/schema\/logo\/image\/\",\"url\":\"https:\/\/proyectum.com\/cl\/wp-content\/uploads\/2020\/04\/proyectum-logo-snippet.png\",\"contentUrl\":\"https:\/\/proyectum.com\/cl\/wp-content\/uploads\/2020\/04\/proyectum-logo-snippet.png\",\"width\":600,\"height\":315,\"caption\":\"Proyectum Chile\"},\"image\":{\"@id\":\"https:\/\/proyectum.com\/cl\/#\/schema\/logo\/image\/\"},\"sameAs\":[\"https:\/\/www.facebook.com\/proyectumchile\/\",\"https:\/\/www.linkedin.com\/company\/proyectum-cl\/\",\"https:\/\/www.instagram.com\/proyectumchile\/\",\"https:\/\/www.youtube.com\/@proyectum2283\/videos\"]},{\"@type\":\"Person\",\"@id\":\"https:\/\/proyectum.com\/cl\/#\/schema\/person\/7d5caa4386a11be650af177d3f2e5aee\",\"name\":\"Proyectum 2025\",\"image\":{\"@type\":\"ImageObject\",\"inLanguage\":\"es\",\"@id\":\"https:\/\/proyectum.com\/cl\/#\/schema\/person\/image\/\",\"url\":\"https:\/\/secure.gravatar.com\/avatar\/df82793fddd8f0a5a84fdb27d958bf73?s=96&d=mm&r=g\",\"contentUrl\":\"https:\/\/secure.gravatar.com\/avatar\/df82793fddd8f0a5a84fdb27d958bf73?s=96&d=mm&r=g\",\"caption\":\"Proyectum 2025\"}}]}<\/script>\n<!-- \/ Yoast SEO plugin. -->","yoast_head_json":{"title":"\ufeffConsejos pr\u00e1cticos para eliminar definitivamente las muletillas en tus discursos - Proyectum Chile","robots":{"index":"index","follow":"follow","max-snippet":"max-snippet:-1","max-image-preview":"max-image-preview:large","max-video-preview":"max-video-preview:-1"},"canonical":"https:\/\/proyectum.com\/cl\/consejos-practicos-para-eliminar-definitivamente-las-muletillas-en-tus-discursos\/","og_locale":"es_ES","og_type":"article","og_title":"\ufeffConsejos pr\u00e1cticos para eliminar definitivamente las muletillas en tus discursos - Proyectum Chile","og_description":"Por: Alejandro Huerta Zamacona Dec\u00eda Arist\u00f3teles en su libro la po\u00e9tica que \u201cEl habla es la representaci\u00f3n de la mente\u201d lo que decimos cuando hablamos y como lo decimos representa el fen\u00f3meno de nuestros pensamientos expresados en un contexto social que da sentido a las palabras que utilizamos dada cierta tradici\u00f3n. Ahora bien, los seres [&hellip;]","og_url":"https:\/\/proyectum.com\/cl\/consejos-practicos-para-eliminar-definitivamente-las-muletillas-en-tus-discursos\/","og_site_name":"Proyectum Chile","article_publisher":"https:\/\/www.facebook.com\/proyectumchile\/","article_published_time":"2019-01-31T19:33:45+00:00","og_image":[{"width":1980,"height":1199,"url":"https:\/\/proyectum.com\/cl\/wp-content\/uploads\/2019\/01\/Consejos-para-eliminar-muletillas.jpg","type":"image\/jpeg"}],"author":"Proyectum 2025","twitter_card":"summary_large_image","twitter_misc":{"Escrito por":"Proyectum 2025","Tiempo de lectura":"6 minutos"},"schema":{"@context":"https:\/\/schema.org","@graph":[{"@type":"Article","@id":"https:\/\/proyectum.com\/cl\/consejos-practicos-para-eliminar-definitivamente-las-muletillas-en-tus-discursos\/#article","isPartOf":{"@id":"https:\/\/proyectum.com\/cl\/consejos-practicos-para-eliminar-definitivamente-las-muletillas-en-tus-discursos\/"},"author":{"name":"Proyectum 2025","@id":"https:\/\/proyectum.com\/cl\/#\/schema\/person\/7d5caa4386a11be650af177d3f2e5aee"},"headline":"\ufeffConsejos pr\u00e1cticos para eliminar definitivamente las muletillas en tus discursos","datePublished":"2019-01-31T19:33:45+00:00","mainEntityOfPage":{"@id":"https:\/\/proyectum.com\/cl\/consejos-practicos-para-eliminar-definitivamente-las-muletillas-en-tus-discursos\/"},"wordCount":1164,"commentCount":0,"publisher":{"@id":"https:\/\/proyectum.com\/cl\/#organization"},"image":{"@id":"https:\/\/proyectum.com\/cl\/consejos-practicos-para-eliminar-definitivamente-las-muletillas-en-tus-discursos\/#primaryimage"},"thumbnailUrl":"https:\/\/proyectum.com\/cl\/wp-content\/uploads\/2019\/01\/Consejos-para-eliminar-muletillas.jpg","keywords":["comunicadores natos","consejos disminuir el uso de las muletillas en su discurso","disminuir el uso de las muletillas en su discurso","el uso de una muletilla es un h\u00e1bito","Eliminar muletillas","existen muchas palabras que utilizamos como muletillas","falta de costumbre de hablar en p\u00fablico","habilidad de comunicarnos de manera efectiva","la funci\u00f3n de una muletilla es de conector de ideas","La muletilla es una palabra o sonido que utilizamos de manera frecuente","las muletillas","Las muletillas son un vicio muy com\u00fan al momento de hablar","los seres humanos somos seres sociales","muletilla es la falta de vocabulario","Tener un amplio vocabulario ayuda a evitar muletillas","trata de usar una palabra nueva cada d\u00eda"],"articleSection":["Comunicaci\u00f3n"],"inLanguage":"es","potentialAction":[{"@type":"CommentAction","name":"Comment","target":["https:\/\/proyectum.com\/cl\/consejos-practicos-para-eliminar-definitivamente-las-muletillas-en-tus-discursos\/#respond"]}]},{"@type":"WebPage","@id":"https:\/\/proyectum.com\/cl\/consejos-practicos-para-eliminar-definitivamente-las-muletillas-en-tus-discursos\/","url":"https:\/\/proyectum.com\/cl\/consejos-practicos-para-eliminar-definitivamente-las-muletillas-en-tus-discursos\/","name":"\ufeffConsejos pr\u00e1cticos para eliminar definitivamente las muletillas en tus discursos - Proyectum Chile","isPartOf":{"@id":"https:\/\/proyectum.com\/cl\/#website"},"primaryImageOfPage":{"@id":"https:\/\/proyectum.com\/cl\/consejos-practicos-para-eliminar-definitivamente-las-muletillas-en-tus-discursos\/#primaryimage"},"image":{"@id":"https:\/\/proyectum.com\/cl\/consejos-practicos-para-eliminar-definitivamente-las-muletillas-en-tus-discursos\/#primaryimage"},"thumbnailUrl":"https:\/\/proyectum.com\/cl\/wp-content\/uploads\/2019\/01\/Consejos-para-eliminar-muletillas.jpg","datePublished":"2019-01-31T19:33:45+00:00","breadcrumb":{"@id":"https:\/\/proyectum.com\/cl\/consejos-practicos-para-eliminar-definitivamente-las-muletillas-en-tus-discursos\/#breadcrumb"},"inLanguage":"es","potentialAction":[{"@type":"ReadAction","target":["https:\/\/proyectum.com\/cl\/consejos-practicos-para-eliminar-definitivamente-las-muletillas-en-tus-discursos\/"]}]},{"@type":"ImageObject","inLanguage":"es","@id":"https:\/\/proyectum.com\/cl\/consejos-practicos-para-eliminar-definitivamente-las-muletillas-en-tus-discursos\/#primaryimage","url":"https:\/\/proyectum.com\/cl\/wp-content\/uploads\/2019\/01\/Consejos-para-eliminar-muletillas.jpg","contentUrl":"https:\/\/proyectum.com\/cl\/wp-content\/uploads\/2019\/01\/Consejos-para-eliminar-muletillas.jpg","width":1980,"height":1199,"caption":"Consejos para eliminar muletillas"},{"@type":"BreadcrumbList","@id":"https:\/\/proyectum.com\/cl\/consejos-practicos-para-eliminar-definitivamente-las-muletillas-en-tus-discursos\/#breadcrumb","itemListElement":[{"@type":"ListItem","position":1,"name":"Home","item":"https:\/\/proyectum.com\/cl\/"},{"@type":"ListItem","position":2,"name":"\ufeffConsejos pr\u00e1cticos para eliminar definitivamente las muletillas en tus discursos"}]},{"@type":"WebSite","@id":"https:\/\/proyectum.com\/cl\/#website","url":"https:\/\/proyectum.com\/cl\/","name":"Proyectum Chile","description":"Direcci\u00f3n de Proyectos y Metodolog\u00edas \u00c1giles","publisher":{"@id":"https:\/\/proyectum.com\/cl\/#organization"},"potentialAction":[{"@type":"SearchAction","target":{"@type":"EntryPoint","urlTemplate":"https:\/\/proyectum.com\/cl\/?s={search_term_string}"},"query-input":{"@type":"PropertyValueSpecification","valueRequired":true,"valueName":"search_term_string"}}],"inLanguage":"es"},{"@type":"Organization","@id":"https:\/\/proyectum.com\/cl\/#organization","name":"Proyectum Chile","url":"https:\/\/proyectum.com\/cl\/","logo":{"@type":"ImageObject","inLanguage":"es","@id":"https:\/\/proyectum.com\/cl\/#\/schema\/logo\/image\/","url":"https:\/\/proyectum.com\/cl\/wp-content\/uploads\/2020\/04\/proyectum-logo-snippet.png","contentUrl":"https:\/\/proyectum.com\/cl\/wp-content\/uploads\/2020\/04\/proyectum-logo-snippet.png","width":600,"height":315,"caption":"Proyectum Chile"},"image":{"@id":"https:\/\/proyectum.com\/cl\/#\/schema\/logo\/image\/"},"sameAs":["https:\/\/www.facebook.com\/proyectumchile\/","https:\/\/www.linkedin.com\/company\/proyectum-cl\/","https:\/\/www.instagram.com\/proyectumchile\/","https:\/\/www.youtube.com\/@proyectum2283\/videos"]},{"@type":"Person","@id":"https:\/\/proyectum.com\/cl\/#\/schema\/person\/7d5caa4386a11be650af177d3f2e5aee","name":"Proyectum 2025","image":{"@type":"ImageObject","inLanguage":"es","@id":"https:\/\/proyectum.com\/cl\/#\/schema\/person\/image\/","url":"https:\/\/secure.gravatar.com\/avatar\/df82793fddd8f0a5a84fdb27d958bf73?s=96&d=mm&r=g","contentUrl":"https:\/\/secure.gravatar.com\/avatar\/df82793fddd8f0a5a84fdb27d958bf73?s=96&d=mm&r=g","caption":"Proyectum 2025"}}]}},"_links":{"self":[{"href":"https:\/\/proyectum.com\/cl\/wp-json\/wp\/v2\/posts\/4567","targetHints":{"allow":["GET"]}}],"collection":[{"href":"https:\/\/proyectum.com\/cl\/wp-json\/wp\/v2\/posts"}],"about":[{"href":"https:\/\/proyectum.com\/cl\/wp-json\/wp\/v2\/types\/post"}],"author":[{"embeddable":true,"href":"https:\/\/proyectum.com\/cl\/wp-json\/wp\/v2\/users\/26"}],"replies":[{"embeddable":true,"href":"https:\/\/proyectum.com\/cl\/wp-json\/wp\/v2\/comments?post=4567"}],"version-history":[{"count":0,"href":"https:\/\/proyectum.com\/cl\/wp-json\/wp\/v2\/posts\/4567\/revisions"}],"wp:featuredmedia":[{"embeddable":true,"href":"https:\/\/proyectum.com\/cl\/wp-json\/wp\/v2\/media\/4568"}],"wp:attachment":[{"href":"https:\/\/proyectum.com\/cl\/wp-json\/wp\/v2\/media?parent=4567"}],"wp:term":[{"taxonomy":"category","embeddable":true,"href":"https:\/\/proyectum.com\/cl\/wp-json\/wp\/v2\/categories?post=4567"},{"taxonomy":"post_tag","embeddable":true,"href":"https:\/\/proyectum.com\/cl\/wp-json\/wp\/v2\/tags?post=4567"}],"curies":[{"name":"wp","href":"https:\/\/api.w.org\/{rel}","templated":true}]}}