{"id":5312,"date":"2019-09-17T09:45:55","date_gmt":"2019-09-17T14:45:55","guid":{"rendered":"http:\/\/www.proyectum.lat\/?p=5312"},"modified":"2019-09-17T09:45:55","modified_gmt":"2019-09-17T14:45:55","slug":"llego-el-momento-de-desarrollar-colaboradores-t","status":"publish","type":"post","link":"https:\/\/proyectum.com\/cl\/llego-el-momento-de-desarrollar-colaboradores-t\/","title":{"rendered":"Lleg\u00f3 el momento de desarrollar Colaboradores T"},"content":{"rendered":"<p>Autor original: Jason Jip.<\/p><p>Traducido y adaptado por: <strong>Jorge Vald\u00e9s Garciatorres<\/strong>, PMP.<\/p><p><strong>Nota<\/strong>:  <em>Este art\u00edculo fue <a rel=\"noreferrer noopener\" aria-label=\"traducido de su original (opens in a new tab)\" href=\"https:\/\/medium.com\/@jchyip\/why-t-shaped-people-e8706198e437\" target=\"_blank\">traducido de su original<\/a>, publicado por Jason Jip. El autor generosamente public\u00f3 bajo licencia CC Atribution 4.0 International License con la leyenda:&nbsp; \u201cExcept where otherwise noted, this work is licensed under a Creative Commons Attribution 4.0 International license by the author\u201d. <\/em><\/p><p><strong>Los colaboradores T son competentes en muchas cosas y\nexpertos en, por lo menos,&nbsp; una<\/strong><\/p><p>A diferencia de un experto en una cosa (Persona I) o de un generalista (Persona Gui\u00f3n) que es \u00abMaestro de todo y Oficial de nada\u00bb, <strong>un \u00abColaborador \u00a0T\u00bb es un experto en al menos una cosa, pero tambi\u00e9n cuenta con capacidades en muchas otras cosas<\/strong>. Una frase alternativa para la \u00abPersona T\u00bb es \u00abun especialista en generalizaci\u00f3n\u00bb.<\/p><div class=\"wp-block-image\"><figure class=\"aligncenter\"><img decoding=\"async\" src=\"https:\/\/www.proyectum.lat\/wp-content\/uploads\/2019\/09\/Colaboradores-T.png\" alt=\"\" class=\"wp-image-5314\"\/><figcaption>Persona I vs Persona Gui\u00f3n  vs Persona T<\/figcaption><\/figure><\/div><p><strong>Una persona T se adapta a las demandas variadas<\/strong><\/p><p>A los equipos de entrega de productos se les pide que hagan distintas cosas, cada una requiere distintos conjuntos de competencias. <\/p><div class=\"wp-block-image\"><figure class=\"aligncenter\"><img decoding=\"async\" src=\"https:\/\/www.proyectum.lat\/wp-content\/uploads\/2019\/09\/Cosas-que-hacer.png\" alt=\"\" class=\"wp-image-5315\"\/><figcaption>Cosas que hacer vs lo que podemos hacer<\/figcaption><\/figure><\/div><p>Tenemos dos formas generales de responder a esto. La primera es ajustar lo que se programa para balancearlo contra nuestra capacidad instalada, conocido como nivelaci\u00f3n de demanda.<\/p><div class=\"wp-block-image\"><figure class=\"aligncenter\"><img decoding=\"async\" src=\"https:\/\/www.proyectum.lat\/wp-content\/uploads\/2019\/09\/Atender-Variabilidad.png\" alt=\"\" class=\"wp-image-5316\"\/><figcaption>Atender la variabilidad mediante dosificaci\u00f3n a la demanda<\/figcaption><\/figure><\/div><p>El segundo enfoque es hacer que nuestra respuesta sea m\u00e1s adaptable a trav\u00e9s de <strong>colaboradores T<\/strong>.<\/p><div class=\"wp-block-image\"><figure class=\"aligncenter\"><img decoding=\"async\" src=\"https:\/\/www.proyectum.lat\/wp-content\/uploads\/2019\/09\/Variabilidad-con-colaboradores-T.png\" alt=\"Variabilidad con colaboradores T\" class=\"wp-image-5317\"\/><figcaption>Atender la variabilidad al estar preparados para adaptarnos<\/figcaption><\/figure><\/div><p><strong>Usar expertos para eliminar cuellos de botella <\/strong> <\/p><p>Imaginemos que tenemos una tarea incompleta que est\u00e1 bloqueando todo el progreso debido a dependencias. En este caso, la mejor persona para trabajar en desbloquearla es la persona que puede completarla lo m\u00e1s r\u00e1pido posible. La palabra que define a esta persona es \u201c<strong>Experto<\/strong>\u201d. Los expertos son los m\u00e1s valiosos en eliminar los cuellos de botella. <\/p><div class=\"wp-block-image\"><figure class=\"aligncenter\"><img decoding=\"async\" src=\"https:\/\/www.proyectum.lat\/wp-content\/uploads\/2019\/09\/Expertos-eliminan-cuellos-de-botella.png\" alt=\"Expertos eliminan cuellos de botella\" class=\"wp-image-5318\"\/><figcaption>Apalancar expertos para eliminar cuellos de botella<\/figcaption><\/figure><\/div><p><strong>Usar no-expertos para liberar tiempo de expertos\nnecesario para eliminar cuellos de botella <\/strong><strong>&nbsp;<\/strong><strong><\/strong><\/p><p>No\ntodas las tareas requieren un experto. Descargando las tareas \u201ccomunes\u201d en\ncolaboradores que no son expertos, libera tiempo de personal experto que est\u00e1\nmejor posicionado para eliminar cuellos de botella. <\/p><p>Los\u00a0 <strong>colaboradores T crean m\u00e1s disponibilidad de personal no experto<\/strong> para el desarrollo de varias tareas.<\/p><div class=\"wp-block-image\"><figure class=\"aligncenter\"><img decoding=\"async\" src=\"https:\/\/www.proyectum.lat\/wp-content\/uploads\/2019\/09\/No-expertos-para-liberar-expertos.png\" alt=\"\" class=\"wp-image-5319\"\/><figcaption>Asignar no expertos para liberar a los expertos y que ellos se enfoque en los cuellos de botella<\/figcaption><\/figure><\/div><p><strong>Si los colaboradores comunes (no-expertos) pueden\nayudar a atender cuellos de botella, deber\u00edan hacerlo<\/strong><\/p><p>Digamos que alguien es un experto en una tarea que no es un cuello de botella, pero que puede ayudar como no \u2013 experto a eliminar un cuello de botella. \u00bfQu\u00e9 deber\u00eda de hacerse? Aun una habilidad parcial en un cuello de botella es muy valiosa. <strong>Ser un experto en una tarea com\u00fan es esencialmente un desperdicio<\/strong>, \u00a0ya que esto no tendr\u00e1 impacto en el resultado general. Ver Teor\u00eda de las restricciones y teor\u00eda de las restricciones de Evan.\u00a0 <\/p><div class=\"wp-block-image\"><figure class=\"aligncenter\"><img decoding=\"async\" src=\"https:\/\/www.proyectum.lat\/wp-content\/uploads\/2019\/09\/No-expertos-pueden-ayudar-a-eliminar-cuellos-botella.png\" alt=\"No expertos pueden ayudar a eliminar cuellos botella\" class=\"wp-image-5320\"\/><figcaption>Aun los no expertos deber\u00edan, si pueden, ayudar a eliminar los cuellos de botella<\/figcaption><\/figure><\/div><p>Al contar con colaboradores T podemos hacer m\u00e1s con el\nmismo equipo (O hacer lo mismo con menos).<\/p><p>Si la gente solo tiene una competencia, entonces, si el desarrollo del producto requiere \u201cn\u201d competencias. Entonces necesitar\u00e1s m\u00e1s colaboradores. Si la gente est\u00e1 c\u00f3moda en m\u00e1s de una competencia, entonces probablemente requieras menos colaboradores, pudiendo destinarlos a otros proyectos o productos.<\/p><div class=\"wp-block-image\"><figure class=\"aligncenter\"><img decoding=\"async\" src=\"https:\/\/www.proyectum.lat\/wp-content\/uploads\/2019\/09\/Colaboradores-T-menos-personas.png\" alt=\"\" class=\"wp-image-5323\"\/><figcaption>Los colaboradores T tienden a reducir el n\u00famero de persona que necesitas para hacer cualquier cosa <\/figcaption><\/figure><\/div><p><strong>Los colaboradores T ayudan a comunicar de forma m\u00e1s\nefectiva<\/strong><\/p><p>Al aprender las competencias que requiere el producto, tambi\u00e9n aprenderemos el lenguaje del dominio espec\u00edfico de otras disciplinas. Esto ayuda a comunicar de forma m\u00e1s efectiva y con un mejor entendimiento pues tendremos mayor comprensi\u00f3n de distintas perspectivas <\/p><div class=\"wp-block-image\"><figure class=\"aligncenter\"><img decoding=\"async\" src=\"https:\/\/www.proyectum.lat\/wp-content\/uploads\/2019\/09\/Lenguajes-especializados-colaboradores-T.png\" alt=\"Lenguajes especializados colaboradores T\" class=\"wp-image-5324\"\/><figcaption>Hacer capacitaci\u00f3n cruzada ayuda tambi\u00e9n a tener una perspectiva de aprendizaje cruzado de lenguajes especializados<\/figcaption><\/figure><\/div><p><strong>Fomentar que haya colaboradores T tiene que ver con la adaptabilidad humana<\/strong><\/p><p>Una competencia que conoces bien y encuentras mundana, puede ser muy interesante y retadora para alguien que aun no la ha desarrollado. Una habilidad que ellos conocen bien y que encuentran mundana, puede ser muy interesante y retadora para ti. El <strong>entrenamiento cruzado para que tu equipo cuente con m\u00e1s colaboradores T<\/strong> habilita esta <a rel=\"noreferrer noopener\" aria-label=\"mentalidad de aprendizaje y crecimiento (opens in a new tab)\" href=\"https:\/\/www.proyectum.lat\/2019\/07\/23\/la-agilidad-de-negocios-requiere-una-mentalidad-de-crecimiento\/\" target=\"_blank\">mentalidad de aprendizaje y crecimiento<\/a>. <\/p><div class=\"wp-block-image\"><figure class=\"aligncenter\"><img decoding=\"async\" src=\"https:\/\/www.proyectum.lat\/wp-content\/uploads\/2019\/09\/Colaboradores-retador-para-ti.png\" alt=\"\" class=\"wp-image-5328\"\/><figcaption>Lo que para mi es aburrido, puede ser retador para ti y viceversa<\/figcaption><\/figure><\/div><p><strong>C\u00f3mo desarrollar Colaboradores T<\/strong><\/p><p>Digamos que aceptamos razonar acerca de por qu\u00e9 los colaboradores T son valiosos. Ahora \u00bf<strong>C\u00f3mo le hacemos para desarrollar Colaboradores T<\/strong>?<\/p><p><strong>Es m\u00e1s \u00fatil iniciar la capacitaci\u00f3n cruzada en procesos adyacentes <\/strong><\/p><p><strong>Habilitar colaboradores T<\/strong> no es algo instant\u00e1neo ni sucede por decreto. El lugar m\u00e1s valioso para iniciar es en actividades adyacentes dentro de tu flujo de trabajo, esto quiere decir, en cualquier punto en donde tenemos un rol, entregando un producto a otro.<\/p><p><strong>La capacitaci\u00f3n cruzada en actividades adyacentes ayuda a suavizar el cambio de responsabilidad<\/strong><\/p><div class=\"wp-block-image\"><figure class=\"aligncenter\"><img decoding=\"async\" src=\"https:\/\/www.proyectum.lat\/wp-content\/uploads\/2019\/09\/Colaboradores-T-actividades-adyacentes.png\" alt=\"Colaboradores T actividades adyacentes\" class=\"wp-image-5332\"\/><\/figure><\/div><p>Actividades de capacitaci\u00f3n cruzada en actividades adyacentes, ayuda a suavizar la transferencia de responsabilidad entre los colaboradores. <\/p><p><strong>Es m\u00e1s\nf\u00e1cil realizar capacitaci\u00f3n cruzada en actividades similares<\/strong><\/p><p>Es m\u00e1s f\u00e1cil aprender y desarrollar competencias y asimilar tecnolog\u00edas que son similares a aquellas que ya se conocen. Esta es una buena forma de iniciar en caso de que el equipo sea esc\u00e9ptico. <\/p><div class=\"wp-block-image\"><figure class=\"aligncenter\"><img decoding=\"async\" src=\"https:\/\/www.proyectum.lat\/wp-content\/uploads\/2019\/09\/Colaboradores-T-capacitaci\u00f3n.png\" alt=\"Colaboradores T capacitaci\u00f3n\" class=\"wp-image-5333\"\/><figcaption>Es m\u00e1s f\u00e1cil hacer capacitaci\u00f3n cruzada en competencias y tecnolog\u00edas similares<\/figcaption><\/figure><\/div><p><strong>Haz visibles las brechas de capacitaci\u00f3n cruzada <\/strong><\/p><p>Atender las dependencias clave de un colaborador, tambi\u00e9n conocido como el \u201cfactor autob\u00fas\u201d, es una buena forma de argumentar a favor de la capacitaci\u00f3n&nbsp; cruzada.<\/p><p>Si ponemos en evidencia d\u00f3nde hay lagunas de habilidades en el equipo, esto anima a la gente a entrenar en los lugares donde hay menos capacidad. Generalmente me gusta usar una matriz de entrenamiento cruzado para esto. <\/p><div class=\"wp-block-image\"><figure class=\"aligncenter\"><img decoding=\"async\" src=\"https:\/\/www.proyectum.lat\/wp-content\/uploads\/2019\/09\/Colaboradores-T-capacitaci\u00f3n-cruzada.png\" alt=\"Colaboradores T capacitaci\u00f3n cruzada\" class=\"wp-image-5334\"\/><figcaption>Una matriz de capacitaci\u00f3n cruzada muestra en donde ayudar\u00eda m\u00e1s a reducir dependencia de personal clave<\/figcaption><\/figure><\/div><p><strong>El trabajo en pares conduce a una capacitaci\u00f3n cruzada muy r\u00e1pida<\/strong><\/p><p>El\ntrabajo en pares, especialmente el llamado \u201ctrabajo promiscuo en pares\u201d\nfacilita el que se de una capacitaci\u00f3n cruzada de manera muy r\u00e1pida. <\/p><p>Si tu equipo no est\u00e1 dispuesto a trabajar en pares todo el tiempo, una alternativa es fomentar que se formen pares en tareas donde solo una o dos personas tienen habilidades relevantes.<\/p><div class=\"wp-block-image\"><figure class=\"aligncenter\"><img decoding=\"async\" src=\"https:\/\/www.proyectum.lat\/wp-content\/uploads\/2019\/09\/Trabajo-en-parejas-capacitaci\u00f3n-cruzada.png\" alt=\"\" class=\"wp-image-5336\"\/><figcaption>El trabajo en parejas facilita una capacitaci\u00f3n cruzada muy r\u00e1pida<\/figcaption><\/figure><\/div><p><strong>Elementos de trabajo cros funcional facilitan la capacitaci\u00f3n cruzada<\/strong><\/p><p>Cuando el trabajo es dividido con base en resultados incrementales, tienden a requerirse m\u00faltiples competencias. Esto tiende a fomentar la capacitaci\u00f3n cruzada. <\/p><p>Cuando el trabajo se divide con base en las competencias requeridas, esto contribuye a que se fomente la especializaci\u00f3n.<\/p><div class=\"wp-block-image\"><figure class=\"aligncenter\"><img decoding=\"async\" src=\"https:\/\/www.proyectum.lat\/wp-content\/uploads\/2019\/09\/Cros-functional.png\" alt=\"cros functional\" class=\"wp-image-5337\"\/><figcaption>El trabajo cros functional fomenta la capacitaci\u00f3n cruzada<\/figcaption><\/figure><\/div><p><strong>Los t\u00edtulos generalizados le quitan \u00e9nfasis a la especializaci\u00f3n<\/strong><\/p><p>Los nombres de puesto especializados, como \u201cdesarrollador front-end\u201d o \u201cDesarrollador back-end\u201d fomentan el que la gente se especialice. En lugar de ello, un titulo m\u00e1s general como \u201cDesarrollador\u201d mantiene las cosas y las mentes abiertas. <\/p><div class=\"wp-block-image\"><figure class=\"aligncenter\"><img decoding=\"async\" src=\"https:\/\/www.proyectum.lat\/wp-content\/uploads\/2019\/09\/Colaboradores-T-titulos-generales.png\" alt=\"Colaboradores T titulos generales\" class=\"wp-image-5339\"\/><figcaption>Los nombres de puestos pueden fomentar la especializaci\u00f3n y ser argumento para la capacitaci\u00f3n cruzada<\/figcaption><\/figure><\/div>","protected":false},"excerpt":{"rendered":"<p>Autor original: Jason Jip. Traducido y adaptado por: Jorge Vald\u00e9s Garciatorres, PMP. Nota: Este art\u00edculo fue traducido de su original, publicado por Jason Jip. El autor generosamente public\u00f3 bajo licencia CC Atribution 4.0 International License con la leyenda:&nbsp; \u201cExcept where otherwise noted, this work is licensed under a Creative Commons Attribution 4.0 International license by [&hellip;]<\/p>\n","protected":false},"author":26,"featured_media":0,"comment_status":"open","ping_status":"open","sticky":false,"template":"","format":"standard","meta":{"_acf_changed":false,"footnotes":""},"categories":[1102,217,215,231],"tags":[1986,1987,1988,1989,1990,1991,1992,1993],"class_list":["post-5312","post","type-post","status-publish","format-standard","hentry","category-agil","category-innovacion","category-liderazgo","category-recursos-humanos","tag-colaboradores-t","tag-como-le-hacemos-para-desarrollar-colaboradores-t","tag-entrenamiento-cruzado-para-que-tu-equipo-cuente-con-mas-colaboradores-t","tag-expertos-valiosos-en-eliminar-cuellos-de-botella","tag-habilitar-colaboradores-t","tag-mentalidad-de-aprendizaje-y-crecimiento","tag-trabajo-en-pares-conduce-a-una-capacitacion-cruzada-muy-rapida","tag-un-experto"],"acf":[],"yoast_head":"<!-- This site is optimized with the Yoast SEO plugin v24.4 - https:\/\/yoast.com\/wordpress\/plugins\/seo\/ -->\n<title>Lleg\u00f3 el momento de desarrollar Colaboradores T - Proyectum Chile<\/title>\n<meta name=\"robots\" content=\"index, follow, max-snippet:-1, max-image-preview:large, max-video-preview:-1\" \/>\n<link rel=\"canonical\" href=\"https:\/\/proyectum.com\/cl\/llego-el-momento-de-desarrollar-colaboradores-t\/\" \/>\n<meta property=\"og:locale\" content=\"es_ES\" \/>\n<meta property=\"og:type\" content=\"article\" \/>\n<meta property=\"og:title\" content=\"Lleg\u00f3 el momento de desarrollar Colaboradores T - Proyectum Chile\" \/>\n<meta property=\"og:description\" content=\"Autor original: Jason Jip. Traducido y adaptado por: Jorge Vald\u00e9s Garciatorres, PMP. Nota: Este art\u00edculo fue traducido de su original, publicado por Jason Jip. El autor generosamente public\u00f3 bajo licencia CC Atribution 4.0 International License con la leyenda:&nbsp; \u201cExcept where otherwise noted, this work is licensed under a Creative Commons Attribution 4.0 International license by [&hellip;]\" \/>\n<meta property=\"og:url\" content=\"https:\/\/proyectum.com\/cl\/llego-el-momento-de-desarrollar-colaboradores-t\/\" \/>\n<meta property=\"og:site_name\" content=\"Proyectum Chile\" \/>\n<meta property=\"article:publisher\" content=\"https:\/\/www.facebook.com\/proyectumchile\/\" \/>\n<meta property=\"article:published_time\" content=\"2019-09-17T14:45:55+00:00\" \/>\n<meta property=\"og:image\" content=\"https:\/\/www.proyectum.lat\/wp-content\/uploads\/2019\/09\/Colaboradores-T.png\" \/>\n<meta name=\"author\" content=\"Proyectum 2025\" \/>\n<meta name=\"twitter:card\" content=\"summary_large_image\" \/>\n<meta name=\"twitter:label1\" content=\"Escrito por\" \/>\n\t<meta name=\"twitter:data1\" content=\"Proyectum 2025\" \/>\n\t<meta name=\"twitter:label2\" content=\"Tiempo de lectura\" \/>\n\t<meta name=\"twitter:data2\" content=\"6 minutos\" \/>\n<script type=\"application\/ld+json\" class=\"yoast-schema-graph\">{\"@context\":\"https:\/\/schema.org\",\"@graph\":[{\"@type\":\"Article\",\"@id\":\"https:\/\/proyectum.com\/cl\/llego-el-momento-de-desarrollar-colaboradores-t\/#article\",\"isPartOf\":{\"@id\":\"https:\/\/proyectum.com\/cl\/llego-el-momento-de-desarrollar-colaboradores-t\/\"},\"author\":{\"name\":\"Proyectum 2025\",\"@id\":\"https:\/\/proyectum.com\/cl\/#\/schema\/person\/7d5caa4386a11be650af177d3f2e5aee\"},\"headline\":\"Lleg\u00f3 el momento de desarrollar Colaboradores T\",\"datePublished\":\"2019-09-17T14:45:55+00:00\",\"mainEntityOfPage\":{\"@id\":\"https:\/\/proyectum.com\/cl\/llego-el-momento-de-desarrollar-colaboradores-t\/\"},\"wordCount\":1237,\"commentCount\":0,\"publisher\":{\"@id\":\"https:\/\/proyectum.com\/cl\/#organization\"},\"image\":{\"@id\":\"https:\/\/proyectum.com\/cl\/llego-el-momento-de-desarrollar-colaboradores-t\/#primaryimage\"},\"thumbnailUrl\":\"https:\/\/www.proyectum.lat\/wp-content\/uploads\/2019\/09\/Colaboradores-T.png\",\"keywords\":[\"colaboradores T\",\"C\u00f3mo le hacemos para desarrollar Colaboradores T\",\"entrenamiento cruzado para que tu equipo cuente con m\u00e1s colaboradores T\",\"expertos valiosos en eliminar cuellos de botella\",\"Habilitar colaboradores T\",\"mentalidad de aprendizaje y crecimiento\",\"trabajo en pares conduce a una capacitaci\u00f3n cruzada muy r\u00e1pida\",\"Un experto\"],\"articleSection\":[\"\u00c1gil\",\"Innovaci\u00f3n\",\"Liderazgo\",\"Recursos Humanos\"],\"inLanguage\":\"es\",\"potentialAction\":[{\"@type\":\"CommentAction\",\"name\":\"Comment\",\"target\":[\"https:\/\/proyectum.com\/cl\/llego-el-momento-de-desarrollar-colaboradores-t\/#respond\"]}]},{\"@type\":\"WebPage\",\"@id\":\"https:\/\/proyectum.com\/cl\/llego-el-momento-de-desarrollar-colaboradores-t\/\",\"url\":\"https:\/\/proyectum.com\/cl\/llego-el-momento-de-desarrollar-colaboradores-t\/\",\"name\":\"Lleg\u00f3 el momento de desarrollar Colaboradores T - Proyectum Chile\",\"isPartOf\":{\"@id\":\"https:\/\/proyectum.com\/cl\/#website\"},\"primaryImageOfPage\":{\"@id\":\"https:\/\/proyectum.com\/cl\/llego-el-momento-de-desarrollar-colaboradores-t\/#primaryimage\"},\"image\":{\"@id\":\"https:\/\/proyectum.com\/cl\/llego-el-momento-de-desarrollar-colaboradores-t\/#primaryimage\"},\"thumbnailUrl\":\"https:\/\/www.proyectum.lat\/wp-content\/uploads\/2019\/09\/Colaboradores-T.png\",\"datePublished\":\"2019-09-17T14:45:55+00:00\",\"breadcrumb\":{\"@id\":\"https:\/\/proyectum.com\/cl\/llego-el-momento-de-desarrollar-colaboradores-t\/#breadcrumb\"},\"inLanguage\":\"es\",\"potentialAction\":[{\"@type\":\"ReadAction\",\"target\":[\"https:\/\/proyectum.com\/cl\/llego-el-momento-de-desarrollar-colaboradores-t\/\"]}]},{\"@type\":\"ImageObject\",\"inLanguage\":\"es\",\"@id\":\"https:\/\/proyectum.com\/cl\/llego-el-momento-de-desarrollar-colaboradores-t\/#primaryimage\",\"url\":\"https:\/\/www.proyectum.lat\/wp-content\/uploads\/2019\/09\/Colaboradores-T.png\",\"contentUrl\":\"https:\/\/www.proyectum.lat\/wp-content\/uploads\/2019\/09\/Colaboradores-T.png\"},{\"@type\":\"BreadcrumbList\",\"@id\":\"https:\/\/proyectum.com\/cl\/llego-el-momento-de-desarrollar-colaboradores-t\/#breadcrumb\",\"itemListElement\":[{\"@type\":\"ListItem\",\"position\":1,\"name\":\"Home\",\"item\":\"https:\/\/proyectum.com\/cl\/\"},{\"@type\":\"ListItem\",\"position\":2,\"name\":\"Lleg\u00f3 el momento de desarrollar Colaboradores T\"}]},{\"@type\":\"WebSite\",\"@id\":\"https:\/\/proyectum.com\/cl\/#website\",\"url\":\"https:\/\/proyectum.com\/cl\/\",\"name\":\"Proyectum Chile\",\"description\":\"Direcci\u00f3n de Proyectos y Metodolog\u00edas \u00c1giles\",\"publisher\":{\"@id\":\"https:\/\/proyectum.com\/cl\/#organization\"},\"potentialAction\":[{\"@type\":\"SearchAction\",\"target\":{\"@type\":\"EntryPoint\",\"urlTemplate\":\"https:\/\/proyectum.com\/cl\/?s={search_term_string}\"},\"query-input\":{\"@type\":\"PropertyValueSpecification\",\"valueRequired\":true,\"valueName\":\"search_term_string\"}}],\"inLanguage\":\"es\"},{\"@type\":\"Organization\",\"@id\":\"https:\/\/proyectum.com\/cl\/#organization\",\"name\":\"Proyectum Chile\",\"url\":\"https:\/\/proyectum.com\/cl\/\",\"logo\":{\"@type\":\"ImageObject\",\"inLanguage\":\"es\",\"@id\":\"https:\/\/proyectum.com\/cl\/#\/schema\/logo\/image\/\",\"url\":\"https:\/\/proyectum.com\/cl\/wp-content\/uploads\/2020\/04\/proyectum-logo-snippet.png\",\"contentUrl\":\"https:\/\/proyectum.com\/cl\/wp-content\/uploads\/2020\/04\/proyectum-logo-snippet.png\",\"width\":600,\"height\":315,\"caption\":\"Proyectum Chile\"},\"image\":{\"@id\":\"https:\/\/proyectum.com\/cl\/#\/schema\/logo\/image\/\"},\"sameAs\":[\"https:\/\/www.facebook.com\/proyectumchile\/\",\"https:\/\/www.linkedin.com\/company\/proyectum-cl\/\",\"https:\/\/www.instagram.com\/proyectumchile\/\",\"https:\/\/www.youtube.com\/@proyectum2283\/videos\"]},{\"@type\":\"Person\",\"@id\":\"https:\/\/proyectum.com\/cl\/#\/schema\/person\/7d5caa4386a11be650af177d3f2e5aee\",\"name\":\"Proyectum 2025\",\"image\":{\"@type\":\"ImageObject\",\"inLanguage\":\"es\",\"@id\":\"https:\/\/proyectum.com\/cl\/#\/schema\/person\/image\/\",\"url\":\"https:\/\/secure.gravatar.com\/avatar\/df82793fddd8f0a5a84fdb27d958bf73?s=96&d=mm&r=g\",\"contentUrl\":\"https:\/\/secure.gravatar.com\/avatar\/df82793fddd8f0a5a84fdb27d958bf73?s=96&d=mm&r=g\",\"caption\":\"Proyectum 2025\"}}]}<\/script>\n<!-- \/ Yoast SEO plugin. -->","yoast_head_json":{"title":"Lleg\u00f3 el momento de desarrollar Colaboradores T - Proyectum Chile","robots":{"index":"index","follow":"follow","max-snippet":"max-snippet:-1","max-image-preview":"max-image-preview:large","max-video-preview":"max-video-preview:-1"},"canonical":"https:\/\/proyectum.com\/cl\/llego-el-momento-de-desarrollar-colaboradores-t\/","og_locale":"es_ES","og_type":"article","og_title":"Lleg\u00f3 el momento de desarrollar Colaboradores T - Proyectum Chile","og_description":"Autor original: Jason Jip. Traducido y adaptado por: Jorge Vald\u00e9s Garciatorres, PMP. Nota: Este art\u00edculo fue traducido de su original, publicado por Jason Jip. El autor generosamente public\u00f3 bajo licencia CC Atribution 4.0 International License con la leyenda:&nbsp; \u201cExcept where otherwise noted, this work is licensed under a Creative Commons Attribution 4.0 International license by [&hellip;]","og_url":"https:\/\/proyectum.com\/cl\/llego-el-momento-de-desarrollar-colaboradores-t\/","og_site_name":"Proyectum Chile","article_publisher":"https:\/\/www.facebook.com\/proyectumchile\/","article_published_time":"2019-09-17T14:45:55+00:00","og_image":[{"url":"https:\/\/www.proyectum.lat\/wp-content\/uploads\/2019\/09\/Colaboradores-T.png","type":"","width":"","height":""}],"author":"Proyectum 2025","twitter_card":"summary_large_image","twitter_misc":{"Escrito por":"Proyectum 2025","Tiempo de lectura":"6 minutos"},"schema":{"@context":"https:\/\/schema.org","@graph":[{"@type":"Article","@id":"https:\/\/proyectum.com\/cl\/llego-el-momento-de-desarrollar-colaboradores-t\/#article","isPartOf":{"@id":"https:\/\/proyectum.com\/cl\/llego-el-momento-de-desarrollar-colaboradores-t\/"},"author":{"name":"Proyectum 2025","@id":"https:\/\/proyectum.com\/cl\/#\/schema\/person\/7d5caa4386a11be650af177d3f2e5aee"},"headline":"Lleg\u00f3 el momento de desarrollar Colaboradores T","datePublished":"2019-09-17T14:45:55+00:00","mainEntityOfPage":{"@id":"https:\/\/proyectum.com\/cl\/llego-el-momento-de-desarrollar-colaboradores-t\/"},"wordCount":1237,"commentCount":0,"publisher":{"@id":"https:\/\/proyectum.com\/cl\/#organization"},"image":{"@id":"https:\/\/proyectum.com\/cl\/llego-el-momento-de-desarrollar-colaboradores-t\/#primaryimage"},"thumbnailUrl":"https:\/\/www.proyectum.lat\/wp-content\/uploads\/2019\/09\/Colaboradores-T.png","keywords":["colaboradores T","C\u00f3mo le hacemos para desarrollar Colaboradores T","entrenamiento cruzado para que tu equipo cuente con m\u00e1s colaboradores T","expertos valiosos en eliminar cuellos de botella","Habilitar colaboradores T","mentalidad de aprendizaje y crecimiento","trabajo en pares conduce a una capacitaci\u00f3n cruzada muy r\u00e1pida","Un experto"],"articleSection":["\u00c1gil","Innovaci\u00f3n","Liderazgo","Recursos Humanos"],"inLanguage":"es","potentialAction":[{"@type":"CommentAction","name":"Comment","target":["https:\/\/proyectum.com\/cl\/llego-el-momento-de-desarrollar-colaboradores-t\/#respond"]}]},{"@type":"WebPage","@id":"https:\/\/proyectum.com\/cl\/llego-el-momento-de-desarrollar-colaboradores-t\/","url":"https:\/\/proyectum.com\/cl\/llego-el-momento-de-desarrollar-colaboradores-t\/","name":"Lleg\u00f3 el momento de desarrollar Colaboradores T - Proyectum Chile","isPartOf":{"@id":"https:\/\/proyectum.com\/cl\/#website"},"primaryImageOfPage":{"@id":"https:\/\/proyectum.com\/cl\/llego-el-momento-de-desarrollar-colaboradores-t\/#primaryimage"},"image":{"@id":"https:\/\/proyectum.com\/cl\/llego-el-momento-de-desarrollar-colaboradores-t\/#primaryimage"},"thumbnailUrl":"https:\/\/www.proyectum.lat\/wp-content\/uploads\/2019\/09\/Colaboradores-T.png","datePublished":"2019-09-17T14:45:55+00:00","breadcrumb":{"@id":"https:\/\/proyectum.com\/cl\/llego-el-momento-de-desarrollar-colaboradores-t\/#breadcrumb"},"inLanguage":"es","potentialAction":[{"@type":"ReadAction","target":["https:\/\/proyectum.com\/cl\/llego-el-momento-de-desarrollar-colaboradores-t\/"]}]},{"@type":"ImageObject","inLanguage":"es","@id":"https:\/\/proyectum.com\/cl\/llego-el-momento-de-desarrollar-colaboradores-t\/#primaryimage","url":"https:\/\/www.proyectum.lat\/wp-content\/uploads\/2019\/09\/Colaboradores-T.png","contentUrl":"https:\/\/www.proyectum.lat\/wp-content\/uploads\/2019\/09\/Colaboradores-T.png"},{"@type":"BreadcrumbList","@id":"https:\/\/proyectum.com\/cl\/llego-el-momento-de-desarrollar-colaboradores-t\/#breadcrumb","itemListElement":[{"@type":"ListItem","position":1,"name":"Home","item":"https:\/\/proyectum.com\/cl\/"},{"@type":"ListItem","position":2,"name":"Lleg\u00f3 el momento de desarrollar Colaboradores T"}]},{"@type":"WebSite","@id":"https:\/\/proyectum.com\/cl\/#website","url":"https:\/\/proyectum.com\/cl\/","name":"Proyectum Chile","description":"Direcci\u00f3n de Proyectos y Metodolog\u00edas \u00c1giles","publisher":{"@id":"https:\/\/proyectum.com\/cl\/#organization"},"potentialAction":[{"@type":"SearchAction","target":{"@type":"EntryPoint","urlTemplate":"https:\/\/proyectum.com\/cl\/?s={search_term_string}"},"query-input":{"@type":"PropertyValueSpecification","valueRequired":true,"valueName":"search_term_string"}}],"inLanguage":"es"},{"@type":"Organization","@id":"https:\/\/proyectum.com\/cl\/#organization","name":"Proyectum Chile","url":"https:\/\/proyectum.com\/cl\/","logo":{"@type":"ImageObject","inLanguage":"es","@id":"https:\/\/proyectum.com\/cl\/#\/schema\/logo\/image\/","url":"https:\/\/proyectum.com\/cl\/wp-content\/uploads\/2020\/04\/proyectum-logo-snippet.png","contentUrl":"https:\/\/proyectum.com\/cl\/wp-content\/uploads\/2020\/04\/proyectum-logo-snippet.png","width":600,"height":315,"caption":"Proyectum Chile"},"image":{"@id":"https:\/\/proyectum.com\/cl\/#\/schema\/logo\/image\/"},"sameAs":["https:\/\/www.facebook.com\/proyectumchile\/","https:\/\/www.linkedin.com\/company\/proyectum-cl\/","https:\/\/www.instagram.com\/proyectumchile\/","https:\/\/www.youtube.com\/@proyectum2283\/videos"]},{"@type":"Person","@id":"https:\/\/proyectum.com\/cl\/#\/schema\/person\/7d5caa4386a11be650af177d3f2e5aee","name":"Proyectum 2025","image":{"@type":"ImageObject","inLanguage":"es","@id":"https:\/\/proyectum.com\/cl\/#\/schema\/person\/image\/","url":"https:\/\/secure.gravatar.com\/avatar\/df82793fddd8f0a5a84fdb27d958bf73?s=96&d=mm&r=g","contentUrl":"https:\/\/secure.gravatar.com\/avatar\/df82793fddd8f0a5a84fdb27d958bf73?s=96&d=mm&r=g","caption":"Proyectum 2025"}}]}},"_links":{"self":[{"href":"https:\/\/proyectum.com\/cl\/wp-json\/wp\/v2\/posts\/5312","targetHints":{"allow":["GET"]}}],"collection":[{"href":"https:\/\/proyectum.com\/cl\/wp-json\/wp\/v2\/posts"}],"about":[{"href":"https:\/\/proyectum.com\/cl\/wp-json\/wp\/v2\/types\/post"}],"author":[{"embeddable":true,"href":"https:\/\/proyectum.com\/cl\/wp-json\/wp\/v2\/users\/26"}],"replies":[{"embeddable":true,"href":"https:\/\/proyectum.com\/cl\/wp-json\/wp\/v2\/comments?post=5312"}],"version-history":[{"count":0,"href":"https:\/\/proyectum.com\/cl\/wp-json\/wp\/v2\/posts\/5312\/revisions"}],"wp:attachment":[{"href":"https:\/\/proyectum.com\/cl\/wp-json\/wp\/v2\/media?parent=5312"}],"wp:term":[{"taxonomy":"category","embeddable":true,"href":"https:\/\/proyectum.com\/cl\/wp-json\/wp\/v2\/categories?post=5312"},{"taxonomy":"post_tag","embeddable":true,"href":"https:\/\/proyectum.com\/cl\/wp-json\/wp\/v2\/tags?post=5312"}],"curies":[{"name":"wp","href":"https:\/\/api.w.org\/{rel}","templated":true}]}}