{"id":8391,"date":"2016-02-11T12:12:45","date_gmt":"2016-02-11T18:12:45","guid":{"rendered":"http:\/\/www.proyectum.lat\/?p=2353"},"modified":"2016-02-11T12:12:45","modified_gmt":"2016-02-11T18:12:45","slug":"el-paso-de-newco-por-mexico","status":"publish","type":"post","link":"https:\/\/proyectum.com\/cl\/el-paso-de-newco-por-mexico\/","title":{"rendered":"El paso de NewCo por M\u00e9xico"},"content":{"rendered":"<p>[et_pb_section admin_label=\u00bbsection\u00bb][et_pb_row admin_label=\u00bbrow\u00bb][et_pb_column type=\u00bb4_4&#8243;][et_pb_text admin_label=\u00bbText\u00bb background_layout=\u00bblight\u00bb text_orientation=\u00bbleft\u00bb text_font_size=\u00bb16&#8243; use_border_color=\u00bboff\u00bb border_color=\u00bb#ffffff\u00bb border_style=\u00bbsolid\u00bb text_line_height=\u00bb2.5em\u00bb]<\/p>\n<p>Estar al interior de <strong>las empresas m\u00e1s innovadoras de la ciudad de M\u00e9xico<\/strong> para conocer a sus fundadores, principales colaboradores, lugares de trabajo, experiencias y procesos creativos, no es algo que se pueda realizar con facilidad. Sin embargo, el pasado 4 de febrero a trav\u00e9s del <strong>festival NewCo<\/strong>, esto fue posible gracias a que 50 de estas empresas abrieron sus puertas.<\/p>\n<p>El <a href=\"http:\/\/mex.newco.co\/\" target=\"_blank\" rel=\"noopener noreferrer\">festival NewCo<\/a> fue fundado en 2012 por <strong>John Battelle<\/strong> y desde entonces se ha realizado en ciudades como: San Francisco, Nueva York, Londres, Austin, Barcelona, Los \u00c1ngeles y \u00c1msterdam, entre otras. Esta fue la primera ocasi\u00f3n que se realiz\u00f3 en M\u00e9xico y tuvo tan buena aceptaci\u00f3n que los organizadores han prometido anunciar una nueva fecha para este mismo a\u00f1o.<\/p>\n<p><strong>\u00bfQu\u00e9 es NewCo?<\/strong> <strong>NewCo es un festival de conferencias<\/strong> que se realiza a lo largo de un d\u00eda. Normalmente estamos acostumbrados a asistir a eventos donde se llevan a cabo una serie de conferencias en uno o varios salones de eventos. La diferencia con <strong>NewCo<\/strong>, es que las conferencias se realizan en las propias oficinas de las empresas, permitiendo as\u00ed, poder tener un recorrido por los lugares de trabajo, hablar con los fundadores y conocer c\u00f3mo es el d\u00eda a d\u00eda de la operaci\u00f3n.<\/p>\n<p>Como podemos ver, <strong>NewCo no es el t\u00edpico evento tradicional de conferencias<\/strong> y el equipo de <strong>Proyectum<\/strong> tuvimos el privilegio de estar presente en esta primera edici\u00f3n en M\u00e9xico, la cual abri\u00f3 con un evento de inauguraci\u00f3n el d\u00eda 3 de febrero con las palabras del fundador <strong>John Battelle<\/strong>, quien cabe se\u00f1alar, es un figura reconocida en el ecosistema de <strong>Silicon Valley<\/strong> y quien entre muchas cosas, fue fundador de la revista <strong>Wired<\/strong>.<\/p>\n<p>La parte importante del festival comenz\u00f3 el jueves 4 de febrero, cuando 50 de las empresas y startups m\u00e1s innovadoras de la ciudad de M\u00e9xico abrieron sus puertas. Google, Twitter, Forbes, <a href=\"http:\/\/www.carrot.mx\/\" target=\"_blank\" rel=\"noopener noreferrer\">Carrot<\/a>, <a href=\"http:\/\/www.startupmexico.com\/\" target=\"_blank\" rel=\"noopener noreferrer\">Startup M\u00e9xico<\/a>, <a href=\"http:\/\/www.marthadebayle.com\/sitio\/md\/masmartha\/video-mmkg-en-newco\/\" target=\"_blank\" rel=\"noopener noreferrer\">MMK Group<\/a>, <a href=\"http:\/\/www.ctinmx.com\/\" target=\"_blank\" rel=\"noopener noreferrer\">Centro de Tecnolog\u00eda e Innovaci\u00f3n<\/a>, <a href=\"https:\/\/fondeadora.mx\/\" target=\"_blank\" rel=\"noopener noreferrer\">Fondeadora<\/a> y <a href=\"http:\/\/wayra.co\/mx\" target=\"_blank\" rel=\"noopener noreferrer\">Wayra<\/a>, fueron algunas de estas compa\u00f1\u00edas que ofrecieron conferencias y recorridos por sus instalaciones.<\/p>\n<p>Tuvimos oportunidad de hacer el recorrido por las famosas <strong>oficinas de Google<\/strong>. De sentarnos en una de las salas de junta de <strong>Twitter<\/strong>. Conocimos el equipo principal de la <strong>revista Forbes<\/strong> quien nos comparti\u00f3 la forma de trabajar de su revista impresa y de su portal de Internet. Platicamos con varios j\u00f3venes que se encuentran desarrollando proyectos en el <strong>Centro de Tecnolog\u00eda e Innovaci\u00f3n<\/strong>. Conocimos  c\u00f3mo fueron los inicios de <strong>MMK Group<\/strong> y c\u00f3mo a trav\u00e9s de 16 a\u00f1os ha logrado sobresalir en el mercado de las revistas impresas. Aprendimos la forma en qu\u00e9 opera la principal plataforma de crowdfunding en M\u00e9xico, <strong>Fondeadora<\/strong>.<\/p>\n<p>En cada una de nuestras visitas logramos percibir un ambiente de innovaci\u00f3n, de j\u00f3venes comprometidos con sus startups y de empresarios apasionados por generar un impacto positivo. Nuestras expectativas fueron superadas, incluso el mismo <strong>John Batelle<\/strong> mencion\u00f3: \u201c<em>La Ciudad de M\u00e9xico es la prueba de que la innovaci\u00f3n no se limita a un radio de 50 millas alrededor de la Bah\u00eda de San Francisco o Manhattan.<\/em>\u201d<\/p>\n<p>Sobre el autor: <a href=\"http:\/\/about.me\/omargarcia\" target=\"_blank\" rel=\"noopener noreferrer\">Omar Garc\u00eda<\/a><\/p>\n<p>[\/et_pb_text][et_pb_gallery admin_label=\u00bbGallery\u00bb gallery_ids=\u00bb2355,2356,2360,2361,2362,2364,2369&#8243; gallery_orderby=\u00bbrand\u00bb fullwidth=\u00bboff\u00bb show_title_and_caption=\u00bbon\u00bb show_pagination=\u00bbon\u00bb background_layout=\u00bblight\u00bb auto=\u00bboff\u00bb hover_overlay_color=\u00bbrgba(255,255,255,0.9)\u00bb caption_all_caps=\u00bboff\u00bb use_border_color=\u00bboff\u00bb border_color=\u00bb#ffffff\u00bb border_style=\u00bbsolid\u00bb posts_number=\u00bb7&#8243;]<\/p>\n<p>[\/et_pb_gallery][\/et_pb_column][\/et_pb_row][\/et_pb_section]<\/p>\n","protected":false},"excerpt":{"rendered":"<p>[et_pb_section admin_label=\u00bbsection\u00bb][et_pb_row admin_label=\u00bbrow\u00bb][et_pb_column type=\u00bb4_4&#8243;][et_pb_text admin_label=\u00bbText\u00bb background_layout=\u00bblight\u00bb text_orientation=\u00bbleft\u00bb text_font_size=\u00bb16&#8243; use_border_color=\u00bboff\u00bb border_color=\u00bb#ffffff\u00bb border_style=\u00bbsolid\u00bb text_line_height=\u00bb2.5em\u00bb] Estar al interior de las empresas m\u00e1s innovadoras de la ciudad de M\u00e9xico para conocer a sus fundadores, principales colaboradores, lugares de trabajo, experiencias y procesos creativos, no es algo que se pueda realizar con facilidad. Sin embargo, el pasado 4 de febrero [&hellip;]<\/p>\n","protected":false},"author":26,"featured_media":2356,"comment_status":"open","ping_status":"open","sticky":false,"template":"","format":"standard","meta":{"_acf_changed":false,"footnotes":""},"categories":[23,217],"tags":[434],"class_list":["post-8391","post","type-post","status-publish","format-standard","has-post-thumbnail","hentry","category-eventos","category-innovacion","tag-silicon-valley"],"acf":[],"yoast_head":"<!-- This site is optimized with the Yoast SEO plugin v24.4 - https:\/\/yoast.com\/wordpress\/plugins\/seo\/ -->\n<title>El paso de NewCo por M\u00e9xico - Proyectum Chile<\/title>\n<meta name=\"robots\" content=\"index, follow, max-snippet:-1, max-image-preview:large, max-video-preview:-1\" \/>\n<link rel=\"canonical\" href=\"https:\/\/proyectum.com\/cl\/el-paso-de-newco-por-mexico\/\" \/>\n<meta property=\"og:locale\" content=\"es_ES\" \/>\n<meta property=\"og:type\" content=\"article\" \/>\n<meta property=\"og:title\" content=\"El paso de NewCo por M\u00e9xico - Proyectum Chile\" \/>\n<meta property=\"og:description\" content=\"[et_pb_section admin_label=\u00bbsection\u00bb][et_pb_row admin_label=\u00bbrow\u00bb][et_pb_column type=\u00bb4_4&#8243;][et_pb_text admin_label=\u00bbText\u00bb background_layout=\u00bblight\u00bb text_orientation=\u00bbleft\u00bb text_font_size=\u00bb16&#8243; use_border_color=\u00bboff\u00bb border_color=\u00bb#ffffff\u00bb border_style=\u00bbsolid\u00bb text_line_height=\u00bb2.5em\u00bb] Estar al interior de las empresas m\u00e1s innovadoras de la ciudad de M\u00e9xico para conocer a sus fundadores, principales colaboradores, lugares de trabajo, experiencias y procesos creativos, no es algo que se pueda realizar con facilidad. Sin embargo, el pasado 4 de febrero [&hellip;]\" \/>\n<meta property=\"og:url\" content=\"https:\/\/proyectum.com\/cl\/el-paso-de-newco-por-mexico\/\" \/>\n<meta property=\"og:site_name\" content=\"Proyectum Chile\" \/>\n<meta property=\"article:publisher\" content=\"https:\/\/www.facebook.com\/proyectumchile\/\" \/>\n<meta property=\"article:published_time\" content=\"2016-02-11T18:12:45+00:00\" \/>\n<meta property=\"og:image\" content=\"https:\/\/proyectum.com\/cl\/wp-content\/uploads\/2016\/02\/NewCo-05.jpg\" \/>\n\t<meta property=\"og:image:width\" content=\"1024\" \/>\n\t<meta property=\"og:image:height\" content=\"613\" \/>\n\t<meta property=\"og:image:type\" content=\"image\/jpeg\" \/>\n<meta name=\"author\" content=\"Proyectum 2025\" \/>\n<meta name=\"twitter:card\" content=\"summary_large_image\" \/>\n<meta name=\"twitter:label1\" content=\"Escrito por\" \/>\n\t<meta name=\"twitter:data1\" content=\"Proyectum 2025\" \/>\n\t<meta name=\"twitter:label2\" content=\"Tiempo de lectura\" \/>\n\t<meta name=\"twitter:data2\" content=\"3 minutos\" \/>\n<script type=\"application\/ld+json\" class=\"yoast-schema-graph\">{\"@context\":\"https:\/\/schema.org\",\"@graph\":[{\"@type\":\"Article\",\"@id\":\"https:\/\/proyectum.com\/cl\/el-paso-de-newco-por-mexico\/#article\",\"isPartOf\":{\"@id\":\"https:\/\/proyectum.com\/cl\/el-paso-de-newco-por-mexico\/\"},\"author\":{\"name\":\"Proyectum 2025\",\"@id\":\"https:\/\/proyectum.com\/cl\/#\/schema\/person\/7d5caa4386a11be650af177d3f2e5aee\"},\"headline\":\"El paso de NewCo por M\u00e9xico\",\"datePublished\":\"2016-02-11T18:12:45+00:00\",\"mainEntityOfPage\":{\"@id\":\"https:\/\/proyectum.com\/cl\/el-paso-de-newco-por-mexico\/\"},\"wordCount\":652,\"commentCount\":0,\"publisher\":{\"@id\":\"https:\/\/proyectum.com\/cl\/#organization\"},\"image\":{\"@id\":\"https:\/\/proyectum.com\/cl\/el-paso-de-newco-por-mexico\/#primaryimage\"},\"thumbnailUrl\":\"https:\/\/proyectum.com\/cl\/wp-content\/uploads\/2016\/02\/NewCo-05.jpg\",\"keywords\":[\"Silicon Valley\"],\"articleSection\":[\"Eventos\",\"Innovaci\u00f3n\"],\"inLanguage\":\"es\",\"potentialAction\":[{\"@type\":\"CommentAction\",\"name\":\"Comment\",\"target\":[\"https:\/\/proyectum.com\/cl\/el-paso-de-newco-por-mexico\/#respond\"]}]},{\"@type\":\"WebPage\",\"@id\":\"https:\/\/proyectum.com\/cl\/el-paso-de-newco-por-mexico\/\",\"url\":\"https:\/\/proyectum.com\/cl\/el-paso-de-newco-por-mexico\/\",\"name\":\"El paso de NewCo por M\u00e9xico - Proyectum Chile\",\"isPartOf\":{\"@id\":\"https:\/\/proyectum.com\/cl\/#website\"},\"primaryImageOfPage\":{\"@id\":\"https:\/\/proyectum.com\/cl\/el-paso-de-newco-por-mexico\/#primaryimage\"},\"image\":{\"@id\":\"https:\/\/proyectum.com\/cl\/el-paso-de-newco-por-mexico\/#primaryimage\"},\"thumbnailUrl\":\"https:\/\/proyectum.com\/cl\/wp-content\/uploads\/2016\/02\/NewCo-05.jpg\",\"datePublished\":\"2016-02-11T18:12:45+00:00\",\"breadcrumb\":{\"@id\":\"https:\/\/proyectum.com\/cl\/el-paso-de-newco-por-mexico\/#breadcrumb\"},\"inLanguage\":\"es\",\"potentialAction\":[{\"@type\":\"ReadAction\",\"target\":[\"https:\/\/proyectum.com\/cl\/el-paso-de-newco-por-mexico\/\"]}]},{\"@type\":\"ImageObject\",\"inLanguage\":\"es\",\"@id\":\"https:\/\/proyectum.com\/cl\/el-paso-de-newco-por-mexico\/#primaryimage\",\"url\":\"https:\/\/proyectum.com\/cl\/wp-content\/uploads\/2016\/02\/NewCo-05.jpg\",\"contentUrl\":\"https:\/\/proyectum.com\/cl\/wp-content\/uploads\/2016\/02\/NewCo-05.jpg\",\"width\":1024,\"height\":613,\"caption\":\"CTIN\"},{\"@type\":\"BreadcrumbList\",\"@id\":\"https:\/\/proyectum.com\/cl\/el-paso-de-newco-por-mexico\/#breadcrumb\",\"itemListElement\":[{\"@type\":\"ListItem\",\"position\":1,\"name\":\"Home\",\"item\":\"https:\/\/proyectum.com\/cl\/\"},{\"@type\":\"ListItem\",\"position\":2,\"name\":\"El paso de NewCo por M\u00e9xico\"}]},{\"@type\":\"WebSite\",\"@id\":\"https:\/\/proyectum.com\/cl\/#website\",\"url\":\"https:\/\/proyectum.com\/cl\/\",\"name\":\"Proyectum Chile\",\"description\":\"Direcci\u00f3n de Proyectos y Metodolog\u00edas \u00c1giles\",\"publisher\":{\"@id\":\"https:\/\/proyectum.com\/cl\/#organization\"},\"potentialAction\":[{\"@type\":\"SearchAction\",\"target\":{\"@type\":\"EntryPoint\",\"urlTemplate\":\"https:\/\/proyectum.com\/cl\/?s={search_term_string}\"},\"query-input\":{\"@type\":\"PropertyValueSpecification\",\"valueRequired\":true,\"valueName\":\"search_term_string\"}}],\"inLanguage\":\"es\"},{\"@type\":\"Organization\",\"@id\":\"https:\/\/proyectum.com\/cl\/#organization\",\"name\":\"Proyectum Chile\",\"url\":\"https:\/\/proyectum.com\/cl\/\",\"logo\":{\"@type\":\"ImageObject\",\"inLanguage\":\"es\",\"@id\":\"https:\/\/proyectum.com\/cl\/#\/schema\/logo\/image\/\",\"url\":\"https:\/\/proyectum.com\/cl\/wp-content\/uploads\/2020\/04\/proyectum-logo-snippet.png\",\"contentUrl\":\"https:\/\/proyectum.com\/cl\/wp-content\/uploads\/2020\/04\/proyectum-logo-snippet.png\",\"width\":600,\"height\":315,\"caption\":\"Proyectum Chile\"},\"image\":{\"@id\":\"https:\/\/proyectum.com\/cl\/#\/schema\/logo\/image\/\"},\"sameAs\":[\"https:\/\/www.facebook.com\/proyectumchile\/\",\"https:\/\/www.linkedin.com\/company\/proyectum-cl\/\",\"https:\/\/www.instagram.com\/proyectumchile\/\",\"https:\/\/www.youtube.com\/@proyectum2283\/videos\"]},{\"@type\":\"Person\",\"@id\":\"https:\/\/proyectum.com\/cl\/#\/schema\/person\/7d5caa4386a11be650af177d3f2e5aee\",\"name\":\"Proyectum 2025\",\"image\":{\"@type\":\"ImageObject\",\"inLanguage\":\"es\",\"@id\":\"https:\/\/proyectum.com\/cl\/#\/schema\/person\/image\/\",\"url\":\"https:\/\/secure.gravatar.com\/avatar\/df82793fddd8f0a5a84fdb27d958bf73?s=96&d=mm&r=g\",\"contentUrl\":\"https:\/\/secure.gravatar.com\/avatar\/df82793fddd8f0a5a84fdb27d958bf73?s=96&d=mm&r=g\",\"caption\":\"Proyectum 2025\"}}]}<\/script>\n<!-- \/ Yoast SEO plugin. -->","yoast_head_json":{"title":"El paso de NewCo por M\u00e9xico - Proyectum Chile","robots":{"index":"index","follow":"follow","max-snippet":"max-snippet:-1","max-image-preview":"max-image-preview:large","max-video-preview":"max-video-preview:-1"},"canonical":"https:\/\/proyectum.com\/cl\/el-paso-de-newco-por-mexico\/","og_locale":"es_ES","og_type":"article","og_title":"El paso de NewCo por M\u00e9xico - Proyectum Chile","og_description":"[et_pb_section admin_label=\u00bbsection\u00bb][et_pb_row admin_label=\u00bbrow\u00bb][et_pb_column type=\u00bb4_4&#8243;][et_pb_text admin_label=\u00bbText\u00bb background_layout=\u00bblight\u00bb text_orientation=\u00bbleft\u00bb text_font_size=\u00bb16&#8243; use_border_color=\u00bboff\u00bb border_color=\u00bb#ffffff\u00bb border_style=\u00bbsolid\u00bb text_line_height=\u00bb2.5em\u00bb] Estar al interior de las empresas m\u00e1s innovadoras de la ciudad de M\u00e9xico para conocer a sus fundadores, principales colaboradores, lugares de trabajo, experiencias y procesos creativos, no es algo que se pueda realizar con facilidad. Sin embargo, el pasado 4 de febrero [&hellip;]","og_url":"https:\/\/proyectum.com\/cl\/el-paso-de-newco-por-mexico\/","og_site_name":"Proyectum Chile","article_publisher":"https:\/\/www.facebook.com\/proyectumchile\/","article_published_time":"2016-02-11T18:12:45+00:00","og_image":[{"width":1024,"height":613,"url":"https:\/\/proyectum.com\/cl\/wp-content\/uploads\/2016\/02\/NewCo-05.jpg","type":"image\/jpeg"}],"author":"Proyectum 2025","twitter_card":"summary_large_image","twitter_misc":{"Escrito por":"Proyectum 2025","Tiempo de lectura":"3 minutos"},"schema":{"@context":"https:\/\/schema.org","@graph":[{"@type":"Article","@id":"https:\/\/proyectum.com\/cl\/el-paso-de-newco-por-mexico\/#article","isPartOf":{"@id":"https:\/\/proyectum.com\/cl\/el-paso-de-newco-por-mexico\/"},"author":{"name":"Proyectum 2025","@id":"https:\/\/proyectum.com\/cl\/#\/schema\/person\/7d5caa4386a11be650af177d3f2e5aee"},"headline":"El paso de NewCo por M\u00e9xico","datePublished":"2016-02-11T18:12:45+00:00","mainEntityOfPage":{"@id":"https:\/\/proyectum.com\/cl\/el-paso-de-newco-por-mexico\/"},"wordCount":652,"commentCount":0,"publisher":{"@id":"https:\/\/proyectum.com\/cl\/#organization"},"image":{"@id":"https:\/\/proyectum.com\/cl\/el-paso-de-newco-por-mexico\/#primaryimage"},"thumbnailUrl":"https:\/\/proyectum.com\/cl\/wp-content\/uploads\/2016\/02\/NewCo-05.jpg","keywords":["Silicon Valley"],"articleSection":["Eventos","Innovaci\u00f3n"],"inLanguage":"es","potentialAction":[{"@type":"CommentAction","name":"Comment","target":["https:\/\/proyectum.com\/cl\/el-paso-de-newco-por-mexico\/#respond"]}]},{"@type":"WebPage","@id":"https:\/\/proyectum.com\/cl\/el-paso-de-newco-por-mexico\/","url":"https:\/\/proyectum.com\/cl\/el-paso-de-newco-por-mexico\/","name":"El paso de NewCo por M\u00e9xico - Proyectum Chile","isPartOf":{"@id":"https:\/\/proyectum.com\/cl\/#website"},"primaryImageOfPage":{"@id":"https:\/\/proyectum.com\/cl\/el-paso-de-newco-por-mexico\/#primaryimage"},"image":{"@id":"https:\/\/proyectum.com\/cl\/el-paso-de-newco-por-mexico\/#primaryimage"},"thumbnailUrl":"https:\/\/proyectum.com\/cl\/wp-content\/uploads\/2016\/02\/NewCo-05.jpg","datePublished":"2016-02-11T18:12:45+00:00","breadcrumb":{"@id":"https:\/\/proyectum.com\/cl\/el-paso-de-newco-por-mexico\/#breadcrumb"},"inLanguage":"es","potentialAction":[{"@type":"ReadAction","target":["https:\/\/proyectum.com\/cl\/el-paso-de-newco-por-mexico\/"]}]},{"@type":"ImageObject","inLanguage":"es","@id":"https:\/\/proyectum.com\/cl\/el-paso-de-newco-por-mexico\/#primaryimage","url":"https:\/\/proyectum.com\/cl\/wp-content\/uploads\/2016\/02\/NewCo-05.jpg","contentUrl":"https:\/\/proyectum.com\/cl\/wp-content\/uploads\/2016\/02\/NewCo-05.jpg","width":1024,"height":613,"caption":"CTIN"},{"@type":"BreadcrumbList","@id":"https:\/\/proyectum.com\/cl\/el-paso-de-newco-por-mexico\/#breadcrumb","itemListElement":[{"@type":"ListItem","position":1,"name":"Home","item":"https:\/\/proyectum.com\/cl\/"},{"@type":"ListItem","position":2,"name":"El paso de NewCo por M\u00e9xico"}]},{"@type":"WebSite","@id":"https:\/\/proyectum.com\/cl\/#website","url":"https:\/\/proyectum.com\/cl\/","name":"Proyectum Chile","description":"Direcci\u00f3n de Proyectos y Metodolog\u00edas \u00c1giles","publisher":{"@id":"https:\/\/proyectum.com\/cl\/#organization"},"potentialAction":[{"@type":"SearchAction","target":{"@type":"EntryPoint","urlTemplate":"https:\/\/proyectum.com\/cl\/?s={search_term_string}"},"query-input":{"@type":"PropertyValueSpecification","valueRequired":true,"valueName":"search_term_string"}}],"inLanguage":"es"},{"@type":"Organization","@id":"https:\/\/proyectum.com\/cl\/#organization","name":"Proyectum Chile","url":"https:\/\/proyectum.com\/cl\/","logo":{"@type":"ImageObject","inLanguage":"es","@id":"https:\/\/proyectum.com\/cl\/#\/schema\/logo\/image\/","url":"https:\/\/proyectum.com\/cl\/wp-content\/uploads\/2020\/04\/proyectum-logo-snippet.png","contentUrl":"https:\/\/proyectum.com\/cl\/wp-content\/uploads\/2020\/04\/proyectum-logo-snippet.png","width":600,"height":315,"caption":"Proyectum Chile"},"image":{"@id":"https:\/\/proyectum.com\/cl\/#\/schema\/logo\/image\/"},"sameAs":["https:\/\/www.facebook.com\/proyectumchile\/","https:\/\/www.linkedin.com\/company\/proyectum-cl\/","https:\/\/www.instagram.com\/proyectumchile\/","https:\/\/www.youtube.com\/@proyectum2283\/videos"]},{"@type":"Person","@id":"https:\/\/proyectum.com\/cl\/#\/schema\/person\/7d5caa4386a11be650af177d3f2e5aee","name":"Proyectum 2025","image":{"@type":"ImageObject","inLanguage":"es","@id":"https:\/\/proyectum.com\/cl\/#\/schema\/person\/image\/","url":"https:\/\/secure.gravatar.com\/avatar\/df82793fddd8f0a5a84fdb27d958bf73?s=96&d=mm&r=g","contentUrl":"https:\/\/secure.gravatar.com\/avatar\/df82793fddd8f0a5a84fdb27d958bf73?s=96&d=mm&r=g","caption":"Proyectum 2025"}}]}},"_links":{"self":[{"href":"https:\/\/proyectum.com\/cl\/wp-json\/wp\/v2\/posts\/8391","targetHints":{"allow":["GET"]}}],"collection":[{"href":"https:\/\/proyectum.com\/cl\/wp-json\/wp\/v2\/posts"}],"about":[{"href":"https:\/\/proyectum.com\/cl\/wp-json\/wp\/v2\/types\/post"}],"author":[{"embeddable":true,"href":"https:\/\/proyectum.com\/cl\/wp-json\/wp\/v2\/users\/26"}],"replies":[{"embeddable":true,"href":"https:\/\/proyectum.com\/cl\/wp-json\/wp\/v2\/comments?post=8391"}],"version-history":[{"count":0,"href":"https:\/\/proyectum.com\/cl\/wp-json\/wp\/v2\/posts\/8391\/revisions"}],"wp:featuredmedia":[{"embeddable":true,"href":"https:\/\/proyectum.com\/cl\/wp-json\/wp\/v2\/media\/2356"}],"wp:attachment":[{"href":"https:\/\/proyectum.com\/cl\/wp-json\/wp\/v2\/media?parent=8391"}],"wp:term":[{"taxonomy":"category","embeddable":true,"href":"https:\/\/proyectum.com\/cl\/wp-json\/wp\/v2\/categories?post=8391"},{"taxonomy":"post_tag","embeddable":true,"href":"https:\/\/proyectum.com\/cl\/wp-json\/wp\/v2\/tags?post=8391"}],"curies":[{"name":"wp","href":"https:\/\/api.w.org\/{rel}","templated":true}]}}