{"id":8598,"date":"2020-03-17T00:04:32","date_gmt":"2020-03-17T03:04:32","guid":{"rendered":"https:\/\/www.proyectum.com\/sistema\/?p=8598"},"modified":"2020-03-17T00:04:32","modified_gmt":"2020-03-17T03:04:32","slug":"300-veces-de-compartir-temas-de-direccion-de-proyectos-agilidad-y-negocios","status":"publish","type":"post","link":"https:\/\/proyectum.com\/cl\/300-veces-de-compartir-temas-de-direccion-de-proyectos-agilidad-y-negocios\/","title":{"rendered":"300 veces de compartir temas de direcci\u00f3n de proyectos, agilidad y negocios"},"content":{"rendered":"<p>Por: <strong>Omar Garc\u00eda<\/strong>.<\/p>\n<p>Una peque\u00f1a alegr\u00eda en medio de tanto caos originado por el <a href=\"https:\/\/www.proyectum.com\/sistema\/coronavirus-en-nuestro-entorno-de-trabajo\/\" target=\"_blank\" rel=\"noopener noreferrer\">coronavirus<\/a>. Estamos llegando al <strong>n\u00famero 300 de nuestro bolet\u00edn Proyectum<\/strong>. Una iniciativa con 14 a\u00f1os de vida que surgi\u00f3 de la idea de <strong>difundir las buenas pr\u00e1cticas en temas de direcci\u00f3n de proyectos y negocios<\/strong>.<\/p>\n<p>Estoy seguro de que, cuando <strong>Jorge Vald\u00e9s<\/strong>, director de <strong>Proyectum M\u00e9xico<\/strong>, le comparti\u00f3 la idea a <strong>Jos\u00e9 Luis Flores<\/strong>, primer director editorial de Proyectum, de un <a href=\"https:\/\/www.proyectum.com\/sistema\/parece-que-fue-ayer\/\" target=\"_blank\" rel=\"noopener noreferrer\">bolet\u00edn donde compartieran sus experiencias<\/a> en la disciplina de direcci\u00f3n de proyectos y otros temas de negocios, no se imaginaban que seguir\u00eda vigente despu\u00e9s de m\u00e1s de una d\u00e9cada.<\/p>\n<p>Afortunadamente en esta iniciativa han colaborado con su experiencia un gran n\u00famero de profesionales que le han dado vida a este proyecto. Cada uno de ellos ha sido pieza clave para que el bolet\u00edn, o newsletter si as\u00ed le prefieren llamar, llegue a nuestros suscriptores de forma quincenal.<\/p>\n<p><strong>\u00bfNo tienes claro qu\u00e9 es el bolet\u00edn Proyectum?<\/strong><\/p>\n<p>Aunque tenemos una ampl\u00eda base de fieles suscriptores que nos siguen desde hace a\u00f1os, sabemos que hay muchas personas que llegan aqu\u00ed por primera vez. Para ti, amable lector, te cuento que el <strong>bolet\u00edn de Proyectum<\/strong> lo enviamos a tu correo de forma quincenal, los jueves, salvo contadas excepciones que por alg\u00fan inconveniente lo hemos tenido que mover de d\u00eda.<\/p>\n<p>En este bolet\u00edn encontrar\u00e1s art\u00edculos de temas como: <strong>Direcci\u00f3n de proyectos, agilidad de negocios<\/strong>, filosof\u00eda \u00e1gil, procesos de negocio, liderazgo, habilidades suaves, innovaci\u00f3n, entre otros temas de negocio.<\/p>\n<p>Nuestros expertos en consultor\u00eda y capacitaci\u00f3n, de nuestras distintas oficinas en Latinoam\u00e9rica, son los que principalmente comparten su experiencia en este bolet\u00edn.<\/p>\n<p><strong>Bolet\u00edn n\u00famero 300<\/strong><\/p>\n<p>Cuando comenc\u00e9 a colaborar en Proyectum me toc\u00f3 <strong>hacerme cargo del bolet\u00edn n\u00famero 134<\/strong>. Aprovechando que este jueves 19 de marzo enviamos el bolet\u00edn n\u00famero 300, me he tomado un momento para reflexionar, para girar la vista hacia el camino recorrido y te puedo decir que me alegra ver lo mucho que hemos evolucionado. Pero me alegra aun m\u00e1s el saber que todav\u00eda hay camino por delante.<\/p>\n<p><strong>Gracias a todas las personas que han colaborado con el bolet\u00edn y gracias por supuesto a nuestros lectores<\/strong> que cada quince d\u00edas se toman el tiempo de leernos. Estoy seguro de que ambos, colaboradores y lectores, podemos seguir escribiendo la historia de Proyectum.<\/p>\n<p>Si todav\u00eda no formas parte de los suscriptores que cada quince d\u00edas reciben nuestros art\u00edculos solamente tienes que dejar tu nombre y correo en el formulario que aparece en esta misma p\u00e1gina.<\/p>\n","protected":false},"excerpt":{"rendered":"<p>Por: Omar Garc\u00eda. Una peque\u00f1a alegr\u00eda en medio de tanto caos originado por el coronavirus. Estamos llegando al n\u00famero 300 de nuestro bolet\u00edn Proyectum. Una iniciativa con 14 a\u00f1os de vida que surgi\u00f3 de la idea de difundir las buenas pr\u00e1cticas en temas de direcci\u00f3n de proyectos y negocios. Estoy seguro de que, cuando Jorge [&hellip;]<\/p>\n","protected":false},"author":26,"featured_media":8599,"comment_status":"closed","ping_status":"closed","sticky":false,"template":"","format":"standard","meta":{"_acf_changed":false,"footnotes":""},"categories":[236,232],"tags":[1413,2332,2333,223,346,2334],"class_list":["post-8598","post","type-post","status-publish","format-standard","has-post-thumbnail","hentry","category-comunicacion","category-reflexiones","tag-agilidad-de-negocios","tag-boletin-de-proyectum","tag-difundir-las-buenas-practicas-en-temas-de-direccion-de-proyectos-y-negocios","tag-direccion-de-proyectos-2","tag-jorge-valdes","tag-numero-300-de-nuestro-boletin-proyectum"],"acf":[],"yoast_head":"<!-- This site is optimized with the Yoast SEO plugin v24.4 - https:\/\/yoast.com\/wordpress\/plugins\/seo\/ -->\n<title>300 veces de compartir temas de direcci\u00f3n de proyectos, agilidad y negocios - Proyectum Chile<\/title>\n<meta name=\"robots\" content=\"index, follow, max-snippet:-1, max-image-preview:large, max-video-preview:-1\" \/>\n<link rel=\"canonical\" href=\"https:\/\/proyectum.com\/cl\/300-veces-de-compartir-temas-de-direccion-de-proyectos-agilidad-y-negocios\/\" \/>\n<meta property=\"og:locale\" content=\"es_ES\" \/>\n<meta property=\"og:type\" content=\"article\" \/>\n<meta property=\"og:title\" content=\"300 veces de compartir temas de direcci\u00f3n de proyectos, agilidad y negocios - Proyectum Chile\" \/>\n<meta property=\"og:description\" content=\"Por: Omar Garc\u00eda. Una peque\u00f1a alegr\u00eda en medio de tanto caos originado por el coronavirus. Estamos llegando al n\u00famero 300 de nuestro bolet\u00edn Proyectum. Una iniciativa con 14 a\u00f1os de vida que surgi\u00f3 de la idea de difundir las buenas pr\u00e1cticas en temas de direcci\u00f3n de proyectos y negocios. Estoy seguro de que, cuando Jorge [&hellip;]\" \/>\n<meta property=\"og:url\" content=\"https:\/\/proyectum.com\/cl\/300-veces-de-compartir-temas-de-direccion-de-proyectos-agilidad-y-negocios\/\" \/>\n<meta property=\"og:site_name\" content=\"Proyectum Chile\" \/>\n<meta property=\"article:publisher\" content=\"https:\/\/www.facebook.com\/proyectumchile\/\" \/>\n<meta property=\"article:published_time\" content=\"2020-03-17T03:04:32+00:00\" \/>\n<meta property=\"og:image\" content=\"https:\/\/proyectum.com\/cl\/wp-content\/uploads\/2020\/03\/Numerp-300-de-Proyectum.jpg\" \/>\n\t<meta property=\"og:image:width\" content=\"1700\" \/>\n\t<meta property=\"og:image:height\" content=\"1133\" \/>\n\t<meta property=\"og:image:type\" content=\"image\/jpeg\" \/>\n<meta name=\"author\" content=\"Proyectum 2025\" \/>\n<meta name=\"twitter:card\" content=\"summary_large_image\" \/>\n<meta name=\"twitter:label1\" content=\"Escrito por\" \/>\n\t<meta name=\"twitter:data1\" content=\"Proyectum 2025\" \/>\n\t<meta name=\"twitter:label2\" content=\"Tiempo de lectura\" \/>\n\t<meta name=\"twitter:data2\" content=\"2 minutos\" \/>\n<script type=\"application\/ld+json\" class=\"yoast-schema-graph\">{\"@context\":\"https:\/\/schema.org\",\"@graph\":[{\"@type\":\"Article\",\"@id\":\"https:\/\/proyectum.com\/cl\/300-veces-de-compartir-temas-de-direccion-de-proyectos-agilidad-y-negocios\/#article\",\"isPartOf\":{\"@id\":\"https:\/\/proyectum.com\/cl\/300-veces-de-compartir-temas-de-direccion-de-proyectos-agilidad-y-negocios\/\"},\"author\":{\"name\":\"Proyectum 2025\",\"@id\":\"https:\/\/proyectum.com\/cl\/#\/schema\/person\/7d5caa4386a11be650af177d3f2e5aee\"},\"headline\":\"300 veces de compartir temas de direcci\u00f3n de proyectos, agilidad y negocios\",\"datePublished\":\"2020-03-17T03:04:32+00:00\",\"mainEntityOfPage\":{\"@id\":\"https:\/\/proyectum.com\/cl\/300-veces-de-compartir-temas-de-direccion-de-proyectos-agilidad-y-negocios\/\"},\"wordCount\":469,\"publisher\":{\"@id\":\"https:\/\/proyectum.com\/cl\/#organization\"},\"image\":{\"@id\":\"https:\/\/proyectum.com\/cl\/300-veces-de-compartir-temas-de-direccion-de-proyectos-agilidad-y-negocios\/#primaryimage\"},\"thumbnailUrl\":\"https:\/\/proyectum.com\/cl\/wp-content\/uploads\/2020\/03\/Numerp-300-de-Proyectum.jpg\",\"keywords\":[\"agilidad de negocios\",\"bolet\u00edn de Proyectum\",\"difundir las buenas pr\u00e1cticas en temas de direcci\u00f3n de proyectos y negocios\",\"direcci\u00f3n de proyectos\",\"Jorge Vald\u00e9s\",\"n\u00famero 300 de nuestro bolet\u00edn Proyectum\"],\"articleSection\":[\"Comunicaci\u00f3n\",\"Reflexiones\"],\"inLanguage\":\"es\"},{\"@type\":\"WebPage\",\"@id\":\"https:\/\/proyectum.com\/cl\/300-veces-de-compartir-temas-de-direccion-de-proyectos-agilidad-y-negocios\/\",\"url\":\"https:\/\/proyectum.com\/cl\/300-veces-de-compartir-temas-de-direccion-de-proyectos-agilidad-y-negocios\/\",\"name\":\"300 veces de compartir temas de direcci\u00f3n de proyectos, agilidad y negocios - Proyectum Chile\",\"isPartOf\":{\"@id\":\"https:\/\/proyectum.com\/cl\/#website\"},\"primaryImageOfPage\":{\"@id\":\"https:\/\/proyectum.com\/cl\/300-veces-de-compartir-temas-de-direccion-de-proyectos-agilidad-y-negocios\/#primaryimage\"},\"image\":{\"@id\":\"https:\/\/proyectum.com\/cl\/300-veces-de-compartir-temas-de-direccion-de-proyectos-agilidad-y-negocios\/#primaryimage\"},\"thumbnailUrl\":\"https:\/\/proyectum.com\/cl\/wp-content\/uploads\/2020\/03\/Numerp-300-de-Proyectum.jpg\",\"datePublished\":\"2020-03-17T03:04:32+00:00\",\"breadcrumb\":{\"@id\":\"https:\/\/proyectum.com\/cl\/300-veces-de-compartir-temas-de-direccion-de-proyectos-agilidad-y-negocios\/#breadcrumb\"},\"inLanguage\":\"es\",\"potentialAction\":[{\"@type\":\"ReadAction\",\"target\":[\"https:\/\/proyectum.com\/cl\/300-veces-de-compartir-temas-de-direccion-de-proyectos-agilidad-y-negocios\/\"]}]},{\"@type\":\"ImageObject\",\"inLanguage\":\"es\",\"@id\":\"https:\/\/proyectum.com\/cl\/300-veces-de-compartir-temas-de-direccion-de-proyectos-agilidad-y-negocios\/#primaryimage\",\"url\":\"https:\/\/proyectum.com\/cl\/wp-content\/uploads\/2020\/03\/Numerp-300-de-Proyectum.jpg\",\"contentUrl\":\"https:\/\/proyectum.com\/cl\/wp-content\/uploads\/2020\/03\/Numerp-300-de-Proyectum.jpg\",\"width\":1700,\"height\":1133,\"caption\":\"N\u00famero 300 de Proyectum\"},{\"@type\":\"BreadcrumbList\",\"@id\":\"https:\/\/proyectum.com\/cl\/300-veces-de-compartir-temas-de-direccion-de-proyectos-agilidad-y-negocios\/#breadcrumb\",\"itemListElement\":[{\"@type\":\"ListItem\",\"position\":1,\"name\":\"Home\",\"item\":\"https:\/\/proyectum.com\/cl\/\"},{\"@type\":\"ListItem\",\"position\":2,\"name\":\"300 veces de compartir temas de direcci\u00f3n de proyectos, agilidad y negocios\"}]},{\"@type\":\"WebSite\",\"@id\":\"https:\/\/proyectum.com\/cl\/#website\",\"url\":\"https:\/\/proyectum.com\/cl\/\",\"name\":\"Proyectum Chile\",\"description\":\"Direcci\u00f3n de Proyectos y Metodolog\u00edas \u00c1giles\",\"publisher\":{\"@id\":\"https:\/\/proyectum.com\/cl\/#organization\"},\"potentialAction\":[{\"@type\":\"SearchAction\",\"target\":{\"@type\":\"EntryPoint\",\"urlTemplate\":\"https:\/\/proyectum.com\/cl\/?s={search_term_string}\"},\"query-input\":{\"@type\":\"PropertyValueSpecification\",\"valueRequired\":true,\"valueName\":\"search_term_string\"}}],\"inLanguage\":\"es\"},{\"@type\":\"Organization\",\"@id\":\"https:\/\/proyectum.com\/cl\/#organization\",\"name\":\"Proyectum Chile\",\"url\":\"https:\/\/proyectum.com\/cl\/\",\"logo\":{\"@type\":\"ImageObject\",\"inLanguage\":\"es\",\"@id\":\"https:\/\/proyectum.com\/cl\/#\/schema\/logo\/image\/\",\"url\":\"https:\/\/proyectum.com\/cl\/wp-content\/uploads\/2020\/04\/proyectum-logo-snippet.png\",\"contentUrl\":\"https:\/\/proyectum.com\/cl\/wp-content\/uploads\/2020\/04\/proyectum-logo-snippet.png\",\"width\":600,\"height\":315,\"caption\":\"Proyectum Chile\"},\"image\":{\"@id\":\"https:\/\/proyectum.com\/cl\/#\/schema\/logo\/image\/\"},\"sameAs\":[\"https:\/\/www.facebook.com\/proyectumchile\/\",\"https:\/\/www.linkedin.com\/company\/proyectum-cl\/\",\"https:\/\/www.instagram.com\/proyectumchile\/\",\"https:\/\/www.youtube.com\/@proyectum2283\/videos\"]},{\"@type\":\"Person\",\"@id\":\"https:\/\/proyectum.com\/cl\/#\/schema\/person\/7d5caa4386a11be650af177d3f2e5aee\",\"name\":\"Proyectum 2025\",\"image\":{\"@type\":\"ImageObject\",\"inLanguage\":\"es\",\"@id\":\"https:\/\/proyectum.com\/cl\/#\/schema\/person\/image\/\",\"url\":\"https:\/\/secure.gravatar.com\/avatar\/df82793fddd8f0a5a84fdb27d958bf73?s=96&d=mm&r=g\",\"contentUrl\":\"https:\/\/secure.gravatar.com\/avatar\/df82793fddd8f0a5a84fdb27d958bf73?s=96&d=mm&r=g\",\"caption\":\"Proyectum 2025\"}}]}<\/script>\n<!-- \/ Yoast SEO plugin. -->","yoast_head_json":{"title":"300 veces de compartir temas de direcci\u00f3n de proyectos, agilidad y negocios - Proyectum Chile","robots":{"index":"index","follow":"follow","max-snippet":"max-snippet:-1","max-image-preview":"max-image-preview:large","max-video-preview":"max-video-preview:-1"},"canonical":"https:\/\/proyectum.com\/cl\/300-veces-de-compartir-temas-de-direccion-de-proyectos-agilidad-y-negocios\/","og_locale":"es_ES","og_type":"article","og_title":"300 veces de compartir temas de direcci\u00f3n de proyectos, agilidad y negocios - Proyectum Chile","og_description":"Por: Omar Garc\u00eda. Una peque\u00f1a alegr\u00eda en medio de tanto caos originado por el coronavirus. Estamos llegando al n\u00famero 300 de nuestro bolet\u00edn Proyectum. Una iniciativa con 14 a\u00f1os de vida que surgi\u00f3 de la idea de difundir las buenas pr\u00e1cticas en temas de direcci\u00f3n de proyectos y negocios. Estoy seguro de que, cuando Jorge [&hellip;]","og_url":"https:\/\/proyectum.com\/cl\/300-veces-de-compartir-temas-de-direccion-de-proyectos-agilidad-y-negocios\/","og_site_name":"Proyectum Chile","article_publisher":"https:\/\/www.facebook.com\/proyectumchile\/","article_published_time":"2020-03-17T03:04:32+00:00","og_image":[{"width":1700,"height":1133,"url":"https:\/\/proyectum.com\/cl\/wp-content\/uploads\/2020\/03\/Numerp-300-de-Proyectum.jpg","type":"image\/jpeg"}],"author":"Proyectum 2025","twitter_card":"summary_large_image","twitter_misc":{"Escrito por":"Proyectum 2025","Tiempo de lectura":"2 minutos"},"schema":{"@context":"https:\/\/schema.org","@graph":[{"@type":"Article","@id":"https:\/\/proyectum.com\/cl\/300-veces-de-compartir-temas-de-direccion-de-proyectos-agilidad-y-negocios\/#article","isPartOf":{"@id":"https:\/\/proyectum.com\/cl\/300-veces-de-compartir-temas-de-direccion-de-proyectos-agilidad-y-negocios\/"},"author":{"name":"Proyectum 2025","@id":"https:\/\/proyectum.com\/cl\/#\/schema\/person\/7d5caa4386a11be650af177d3f2e5aee"},"headline":"300 veces de compartir temas de direcci\u00f3n de proyectos, agilidad y negocios","datePublished":"2020-03-17T03:04:32+00:00","mainEntityOfPage":{"@id":"https:\/\/proyectum.com\/cl\/300-veces-de-compartir-temas-de-direccion-de-proyectos-agilidad-y-negocios\/"},"wordCount":469,"publisher":{"@id":"https:\/\/proyectum.com\/cl\/#organization"},"image":{"@id":"https:\/\/proyectum.com\/cl\/300-veces-de-compartir-temas-de-direccion-de-proyectos-agilidad-y-negocios\/#primaryimage"},"thumbnailUrl":"https:\/\/proyectum.com\/cl\/wp-content\/uploads\/2020\/03\/Numerp-300-de-Proyectum.jpg","keywords":["agilidad de negocios","bolet\u00edn de Proyectum","difundir las buenas pr\u00e1cticas en temas de direcci\u00f3n de proyectos y negocios","direcci\u00f3n de proyectos","Jorge Vald\u00e9s","n\u00famero 300 de nuestro bolet\u00edn Proyectum"],"articleSection":["Comunicaci\u00f3n","Reflexiones"],"inLanguage":"es"},{"@type":"WebPage","@id":"https:\/\/proyectum.com\/cl\/300-veces-de-compartir-temas-de-direccion-de-proyectos-agilidad-y-negocios\/","url":"https:\/\/proyectum.com\/cl\/300-veces-de-compartir-temas-de-direccion-de-proyectos-agilidad-y-negocios\/","name":"300 veces de compartir temas de direcci\u00f3n de proyectos, agilidad y negocios - Proyectum Chile","isPartOf":{"@id":"https:\/\/proyectum.com\/cl\/#website"},"primaryImageOfPage":{"@id":"https:\/\/proyectum.com\/cl\/300-veces-de-compartir-temas-de-direccion-de-proyectos-agilidad-y-negocios\/#primaryimage"},"image":{"@id":"https:\/\/proyectum.com\/cl\/300-veces-de-compartir-temas-de-direccion-de-proyectos-agilidad-y-negocios\/#primaryimage"},"thumbnailUrl":"https:\/\/proyectum.com\/cl\/wp-content\/uploads\/2020\/03\/Numerp-300-de-Proyectum.jpg","datePublished":"2020-03-17T03:04:32+00:00","breadcrumb":{"@id":"https:\/\/proyectum.com\/cl\/300-veces-de-compartir-temas-de-direccion-de-proyectos-agilidad-y-negocios\/#breadcrumb"},"inLanguage":"es","potentialAction":[{"@type":"ReadAction","target":["https:\/\/proyectum.com\/cl\/300-veces-de-compartir-temas-de-direccion-de-proyectos-agilidad-y-negocios\/"]}]},{"@type":"ImageObject","inLanguage":"es","@id":"https:\/\/proyectum.com\/cl\/300-veces-de-compartir-temas-de-direccion-de-proyectos-agilidad-y-negocios\/#primaryimage","url":"https:\/\/proyectum.com\/cl\/wp-content\/uploads\/2020\/03\/Numerp-300-de-Proyectum.jpg","contentUrl":"https:\/\/proyectum.com\/cl\/wp-content\/uploads\/2020\/03\/Numerp-300-de-Proyectum.jpg","width":1700,"height":1133,"caption":"N\u00famero 300 de Proyectum"},{"@type":"BreadcrumbList","@id":"https:\/\/proyectum.com\/cl\/300-veces-de-compartir-temas-de-direccion-de-proyectos-agilidad-y-negocios\/#breadcrumb","itemListElement":[{"@type":"ListItem","position":1,"name":"Home","item":"https:\/\/proyectum.com\/cl\/"},{"@type":"ListItem","position":2,"name":"300 veces de compartir temas de direcci\u00f3n de proyectos, agilidad y negocios"}]},{"@type":"WebSite","@id":"https:\/\/proyectum.com\/cl\/#website","url":"https:\/\/proyectum.com\/cl\/","name":"Proyectum Chile","description":"Direcci\u00f3n de Proyectos y Metodolog\u00edas \u00c1giles","publisher":{"@id":"https:\/\/proyectum.com\/cl\/#organization"},"potentialAction":[{"@type":"SearchAction","target":{"@type":"EntryPoint","urlTemplate":"https:\/\/proyectum.com\/cl\/?s={search_term_string}"},"query-input":{"@type":"PropertyValueSpecification","valueRequired":true,"valueName":"search_term_string"}}],"inLanguage":"es"},{"@type":"Organization","@id":"https:\/\/proyectum.com\/cl\/#organization","name":"Proyectum Chile","url":"https:\/\/proyectum.com\/cl\/","logo":{"@type":"ImageObject","inLanguage":"es","@id":"https:\/\/proyectum.com\/cl\/#\/schema\/logo\/image\/","url":"https:\/\/proyectum.com\/cl\/wp-content\/uploads\/2020\/04\/proyectum-logo-snippet.png","contentUrl":"https:\/\/proyectum.com\/cl\/wp-content\/uploads\/2020\/04\/proyectum-logo-snippet.png","width":600,"height":315,"caption":"Proyectum Chile"},"image":{"@id":"https:\/\/proyectum.com\/cl\/#\/schema\/logo\/image\/"},"sameAs":["https:\/\/www.facebook.com\/proyectumchile\/","https:\/\/www.linkedin.com\/company\/proyectum-cl\/","https:\/\/www.instagram.com\/proyectumchile\/","https:\/\/www.youtube.com\/@proyectum2283\/videos"]},{"@type":"Person","@id":"https:\/\/proyectum.com\/cl\/#\/schema\/person\/7d5caa4386a11be650af177d3f2e5aee","name":"Proyectum 2025","image":{"@type":"ImageObject","inLanguage":"es","@id":"https:\/\/proyectum.com\/cl\/#\/schema\/person\/image\/","url":"https:\/\/secure.gravatar.com\/avatar\/df82793fddd8f0a5a84fdb27d958bf73?s=96&d=mm&r=g","contentUrl":"https:\/\/secure.gravatar.com\/avatar\/df82793fddd8f0a5a84fdb27d958bf73?s=96&d=mm&r=g","caption":"Proyectum 2025"}}]}},"_links":{"self":[{"href":"https:\/\/proyectum.com\/cl\/wp-json\/wp\/v2\/posts\/8598","targetHints":{"allow":["GET"]}}],"collection":[{"href":"https:\/\/proyectum.com\/cl\/wp-json\/wp\/v2\/posts"}],"about":[{"href":"https:\/\/proyectum.com\/cl\/wp-json\/wp\/v2\/types\/post"}],"author":[{"embeddable":true,"href":"https:\/\/proyectum.com\/cl\/wp-json\/wp\/v2\/users\/26"}],"replies":[{"embeddable":true,"href":"https:\/\/proyectum.com\/cl\/wp-json\/wp\/v2\/comments?post=8598"}],"version-history":[{"count":0,"href":"https:\/\/proyectum.com\/cl\/wp-json\/wp\/v2\/posts\/8598\/revisions"}],"wp:featuredmedia":[{"embeddable":true,"href":"https:\/\/proyectum.com\/cl\/wp-json\/wp\/v2\/media\/8599"}],"wp:attachment":[{"href":"https:\/\/proyectum.com\/cl\/wp-json\/wp\/v2\/media?parent=8598"}],"wp:term":[{"taxonomy":"category","embeddable":true,"href":"https:\/\/proyectum.com\/cl\/wp-json\/wp\/v2\/categories?post=8598"},{"taxonomy":"post_tag","embeddable":true,"href":"https:\/\/proyectum.com\/cl\/wp-json\/wp\/v2\/tags?post=8598"}],"curies":[{"name":"wp","href":"https:\/\/api.w.org\/{rel}","templated":true}]}}