{"id":8653,"date":"2020-04-21T17:00:53","date_gmt":"2020-04-21T20:00:53","guid":{"rendered":"https:\/\/www.proyectum.com\/sistema\/?p=8653"},"modified":"2020-04-21T17:00:53","modified_gmt":"2020-04-21T20:00:53","slug":"adaptarse-o-morir-el-desafio-de-hoy","status":"publish","type":"post","link":"https:\/\/proyectum.com\/cl\/adaptarse-o-morir-el-desafio-de-hoy\/","title":{"rendered":"Adaptarse o morir: El desaf\u00edo de hoy"},"content":{"rendered":"<p style=\"text-align: right;\"><em><strong>\u201cSi la oportunidad no llama, construye una puerta\u201d<\/strong><\/em><\/p>\n<p>Por: <strong>Jorge Vald\u00e9s Garciatorres<\/strong><\/p>\n<p><strong>El mundo no volver\u00e1 a ser como lo conoc\u00edamos<\/strong>, lo veo y lo leo frecuentemente en las redes y en diversos sitios que suelo seguir. Bueno, pues acept\u00e9moslo y d\u00e9mosle pa\u2019lante.<\/p>\n<p>Mientras estaba llevando a cabo mi ritual para inspirarme y escribir estas l\u00edneas, estaba buscando una historia personal que ilustrara mis <strong>habilidades de resiliencia<\/strong>. La verdad muchas vinieron a mi mente. Yo creo que esta habilidad, as\u00ed como la creatividad, todos la tenemos, a veces a flor de piel y a veces la sepultamos y nos olvidamos de que existe.<\/p>\n<p>Hoy, despu\u00e9s de 4 o 5 semanas de guardarnos y hacer \u201cjom ofis\u201d (los afortunados que podemos darnos ese lujo), me parece que es quiz\u00e1s la historia m\u00e1s cercana de <strong>resiliencia<\/strong>. En mi caso, ha requerido menor esfuerzo, pero la abrumadora respuesta que hemos tenido a nuestro programa de <a href=\"https:\/\/www.proyectum.com\/sistema\/teletrabajo\/\" target=\"_blank\" rel=\"noopener noreferrer\"><strong>Gesti\u00f3n \u00c1gil de Equipos Remotos<\/strong><\/a> me ha ayudado a darme cuenta de que, aunque existe la tecnolog\u00eda, aun hay un rezago en la habilidad de muchos para poder adaptarse a esta <strong>nueva forma de trabajo<\/strong>.<\/p>\n<p>Otra reflexi\u00f3n que lleg\u00f3 a mi mente fue que quiz\u00e1s como consultor y como <strong>Director de Proyecto<\/strong> la carrera te va formando para tomar la vida como viene e ir sorteando lo que te ponga enfrente. Es decir, esta actividad profesional que eleg\u00ed y que tanto disfruto ayuda a que las personas que la ejercemos <strong>desarrollemos esa capacidad de hiper-adaptaci\u00f3n<\/strong>, por ejemplo, la vida me ha llevado a dar cursos en estacionamientos en el nivel -3 de un edificio, y alguna vez casi nos toca dar un curso en el avi\u00f3n presidencial del gobierno mexicano (el de antes no el de la famosa rifa). \u00a0O tener una espaciosa, c\u00f3moda y linda oficina adaptada totalmente a tu gusto y de pronto tener que trabajar en un escritorio de 90&#215;90 cms. en las instalaciones de un cliente. Por decir lo menos y quiz\u00e1s lo m\u00e1s obvio.<\/p>\n<p>Bueno en esas estaba cuando me lleg\u00f3 <a href=\"https:\/\/youtu.be\/q155Bu-fUWw\" target=\"_blank\" rel=\"noopener noreferrer\">un video<\/a>, de un productor musical en el que habla de la <strong>Generaci\u00f3n X como la generaci\u00f3n h\u00edbrida<\/strong>. Al ver el v\u00eddeo, me parece que se podr\u00eda decir que <strong>la Generaci\u00f3n X es la generaci\u00f3n de la resiliencia<\/strong>. Pens\u00e9 que estaba en los albores de la muerte pues literalmente en este v\u00eddeo vi pasar toda mi vida. Entonces la pregunta que me queda es\u2026 \u00bfLa generaci\u00f3n X es la de la resiliencia? \u00bfLa proclividad a desarrollar esta habilidad es generacional o es inherentemente humana?<\/p>\n<p>Al final, independientemente de que sea una habilidad generacional o que se exacerbe en funci\u00f3n de las actividades que alguien elige, no cabe ninguna duda que es una habilidad importante y vital en estos tiempos.<\/p>\n<p>Durante la investigaci\u00f3n \u201cgoogleogr\u00e1fica\u201d que hice para escribir este art\u00edculo, me encontr\u00e9 <a href=\"https:\/\/www.apa.org\/centrodeapoyo\/resiliencia-camino\" target=\"_blank\" rel=\"noopener noreferrer\">esta p\u00e1gina<\/a> donde la APA (American Psychology Association),\u00a0 adem\u00e1s de definirla, tambi\u00e9n propone algunas actividades para desarrollar esta habilidad.<\/p>\n<p>La literatura disponible en la red alrededor de este tema ha ido en aumento y este art\u00edculo contribuye de alguna forma a seguir tapizando el mundo digital con reflexiones al respecto, pero puedo recomendar dos libros,\u00a0 imperdibles, que pueden ayudarte a entender mejor la forma en que <strong>la resiliencia puede ser la diferencia entre vivir o morir<\/strong> en situaciones l\u00edmite y por supuesto, mucho menos l\u00edmite.<\/p>\n<p>Una historia que a mi en lo particular me marc\u00f3 hace m\u00e1s de 10 a\u00f1os que la descubr\u00ed; magistralmente narrada en el libro <a href=\"https:\/\/amzn.to\/2RCXod2\" target=\"_blank\" rel=\"noopener noreferrer\">\u201cDesde la Adversidad\u201d,<\/a> es la de <strong>Ernest Shackleton<\/strong>, un capit\u00e1n de nav\u00edo de m\u00e1s o menos hace 110 a\u00f1os, que pas\u00f3 a la historia por haber integrado el que quiz\u00e1s es el equipo m\u00e1s resiliente de la historia, con solo hacer dos preguntas para seleccionar a su tripulaci\u00f3n.<\/p>\n<p>Otro libro que recomiendo ampliamente es el de Bonnie St John <a href=\"https:\/\/amzn.to\/2VvnrUB\" target=\"_blank\" rel=\"noopener noreferrer\">\u201cMicro-Resilience\u201d<\/a> tuve la oportunidad de escuchar a Bonnie mientras asist\u00ed a un evento de Certificaci\u00f3n de John Maxwell en Orlando, Florida, hace alrededor de 3 a\u00f1os. Su incre\u00edble historia es asombrosa y el fruto de su experiencia est\u00e1 explicado de manera muy asertiva en su excelente libro.<\/p>\n<p>Finalmente, en Proyectum M\u00e9xico estamos creando una serie de actividades en donde a un costo realmente atractivo, te acompa\u00f1aremos en el camino de fortalecer tus habilidades de resiliencia y otras muy importantes. As\u00ed que si quieres conocer m\u00e1s a fondo la historia de Shackleton y muchas otras, por favor mantente sintonizado, mientras tanto te dejo <a href=\"https:\/\/open.spotify.com\/track\/6dtum1I7qtvCGiGfZEIwjb\" target=\"_blank\" rel=\"noopener noreferrer\">esta canci\u00f3n<\/a> que me parece, va muy acorde a los eventos que todos estamos viviendo.<\/p>\n<p>Si est\u00e1s tratando de ser resiliente en estos d\u00edas donde el trabajo se hace desde casa y los <strong>equipos est\u00e1n distribuidos<\/strong> te invito a conocer la informaci\u00f3n de nuestro curso <a href=\"https:\/\/www.proyectum.com\/sistema\/teletrabajo\/\" target=\"_blank\" rel=\"noopener noreferrer\">Gesti\u00f3n \u00c1gil de Equipos Remotos<\/a>. M\u00e1s informaci\u00f3n <a href=\"https:\/\/www.proyectum.com\/sistema\/teletrabajo\/\" target=\"_blank\" rel=\"noopener noreferrer\">aqu\u00ed<\/a>.<\/p>\n<p>Dos \u00faltimas recomendaciones: Si puedes, qu\u00e9date en casa y por favor <a href=\"https:\/\/jorgevaldex.wordpress.com\/2020\/04\/15\/no-desistas\/\" target=\"_blank\" rel=\"noopener noreferrer\">no desistas<\/a>.<\/p>\n","protected":false},"excerpt":{"rendered":"<p>\u201cSi la oportunidad no llama, construye una puerta\u201d Por: Jorge Vald\u00e9s Garciatorres El mundo no volver\u00e1 a ser como lo conoc\u00edamos, lo veo y lo leo frecuentemente en las redes y en diversos sitios que suelo seguir. Bueno, pues acept\u00e9moslo y d\u00e9mosle pa\u2019lante. Mientras estaba llevando a cabo mi ritual para inspirarme y escribir estas [&hellip;]<\/p>\n","protected":false},"author":26,"featured_media":8654,"comment_status":"closed","ping_status":"closed","sticky":false,"template":"","format":"standard","meta":{"_acf_changed":false,"footnotes":""},"categories":[1102,217,215],"tags":[2395,2396,2397,2399,253,2400,2401,2402,2403,2404,2406,2407],"class_list":["post-8653","post","type-post","status-publish","format-standard","has-post-thumbnail","hentry","category-agil","category-innovacion","category-liderazgo","tag-curso-equipos-estan-distribuidos","tag-curso-gestion-agil-de-equipos-remotos","tag-curso-online-gestion-agil-de-equipos-remotos","tag-desarrollemos-esa-capacidad-de-hiperadaptacion","tag-director-de-proyecto","tag-equipos-estan-distribuidos","tag-gestion-agil-de-equipos-remotos","tag-habilidades-de-resiliencia","tag-habilidades-de-resiliencia-2","tag-la-generacion-x-es-la-generacion-de-la-resiliencia","tag-la-resiliencia-puede-ser-la-diferencia-entre-vivir-o-morir","tag-nueva-forma-de-trabajo"],"acf":[],"yoast_head":"<!-- This site is optimized with the Yoast SEO plugin v24.4 - https:\/\/yoast.com\/wordpress\/plugins\/seo\/ -->\n<title>Adaptarse o morir: El desaf\u00edo de hoy - Proyectum Chile<\/title>\n<meta name=\"robots\" content=\"index, follow, max-snippet:-1, max-image-preview:large, max-video-preview:-1\" \/>\n<link rel=\"canonical\" href=\"https:\/\/proyectum.com\/cl\/adaptarse-o-morir-el-desafio-de-hoy\/\" \/>\n<meta property=\"og:locale\" content=\"es_ES\" \/>\n<meta property=\"og:type\" content=\"article\" \/>\n<meta property=\"og:title\" content=\"Adaptarse o morir: El desaf\u00edo de hoy - Proyectum Chile\" \/>\n<meta property=\"og:description\" content=\"\u201cSi la oportunidad no llama, construye una puerta\u201d Por: Jorge Vald\u00e9s Garciatorres El mundo no volver\u00e1 a ser como lo conoc\u00edamos, lo veo y lo leo frecuentemente en las redes y en diversos sitios que suelo seguir. Bueno, pues acept\u00e9moslo y d\u00e9mosle pa\u2019lante. Mientras estaba llevando a cabo mi ritual para inspirarme y escribir estas [&hellip;]\" \/>\n<meta property=\"og:url\" content=\"https:\/\/proyectum.com\/cl\/adaptarse-o-morir-el-desafio-de-hoy\/\" \/>\n<meta property=\"og:site_name\" content=\"Proyectum Chile\" \/>\n<meta property=\"article:publisher\" content=\"https:\/\/www.facebook.com\/proyectumchile\/\" \/>\n<meta property=\"article:published_time\" content=\"2020-04-21T20:00:53+00:00\" \/>\n<meta property=\"og:image\" content=\"https:\/\/proyectum.com\/cl\/wp-content\/uploads\/2020\/04\/Adaptarse-o-morir.jpg\" \/>\n\t<meta property=\"og:image:width\" content=\"1700\" \/>\n\t<meta property=\"og:image:height\" content=\"1133\" \/>\n\t<meta property=\"og:image:type\" content=\"image\/jpeg\" \/>\n<meta name=\"author\" content=\"Proyectum 2025\" \/>\n<meta name=\"twitter:card\" content=\"summary_large_image\" \/>\n<meta name=\"twitter:label1\" content=\"Escrito por\" \/>\n\t<meta name=\"twitter:data1\" content=\"Proyectum 2025\" \/>\n\t<meta name=\"twitter:label2\" content=\"Tiempo de lectura\" \/>\n\t<meta name=\"twitter:data2\" content=\"4 minutos\" \/>\n<script type=\"application\/ld+json\" class=\"yoast-schema-graph\">{\"@context\":\"https:\/\/schema.org\",\"@graph\":[{\"@type\":\"Article\",\"@id\":\"https:\/\/proyectum.com\/cl\/adaptarse-o-morir-el-desafio-de-hoy\/#article\",\"isPartOf\":{\"@id\":\"https:\/\/proyectum.com\/cl\/adaptarse-o-morir-el-desafio-de-hoy\/\"},\"author\":{\"name\":\"Proyectum 2025\",\"@id\":\"https:\/\/proyectum.com\/cl\/#\/schema\/person\/7d5caa4386a11be650af177d3f2e5aee\"},\"headline\":\"Adaptarse o morir: El desaf\u00edo de hoy\",\"datePublished\":\"2020-04-21T20:00:53+00:00\",\"mainEntityOfPage\":{\"@id\":\"https:\/\/proyectum.com\/cl\/adaptarse-o-morir-el-desafio-de-hoy\/\"},\"wordCount\":868,\"publisher\":{\"@id\":\"https:\/\/proyectum.com\/cl\/#organization\"},\"image\":{\"@id\":\"https:\/\/proyectum.com\/cl\/adaptarse-o-morir-el-desafio-de-hoy\/#primaryimage\"},\"thumbnailUrl\":\"https:\/\/proyectum.com\/cl\/wp-content\/uploads\/2020\/04\/Adaptarse-o-morir.jpg\",\"keywords\":[\"curso equipos est\u00e1n distribuidos\",\"curso Gesti\u00f3n \u00c1gil de Equipos Remotos\",\"curso online Gesti\u00f3n \u00c1gil de Equipos Remotos\",\"desarrollemos esa capacidad de hiperadaptaci\u00f3n\",\"director de proyecto\",\"equipos est\u00e1n distribuidos\",\"Gesti\u00f3n \u00c1gil de Equipos Remotos\",\"habilidades de resiliencia\",\"habilidades de resiliencia\",\"la Generaci\u00f3n X es la generaci\u00f3n de la resiliencia\",\"la resiliencia puede ser la diferencia entre vivir o morir\",\"nueva forma de trabajo\"],\"articleSection\":[\"\u00c1gil\",\"Innovaci\u00f3n\",\"Liderazgo\"],\"inLanguage\":\"es\"},{\"@type\":\"WebPage\",\"@id\":\"https:\/\/proyectum.com\/cl\/adaptarse-o-morir-el-desafio-de-hoy\/\",\"url\":\"https:\/\/proyectum.com\/cl\/adaptarse-o-morir-el-desafio-de-hoy\/\",\"name\":\"Adaptarse o morir: El desaf\u00edo de hoy - Proyectum Chile\",\"isPartOf\":{\"@id\":\"https:\/\/proyectum.com\/cl\/#website\"},\"primaryImageOfPage\":{\"@id\":\"https:\/\/proyectum.com\/cl\/adaptarse-o-morir-el-desafio-de-hoy\/#primaryimage\"},\"image\":{\"@id\":\"https:\/\/proyectum.com\/cl\/adaptarse-o-morir-el-desafio-de-hoy\/#primaryimage\"},\"thumbnailUrl\":\"https:\/\/proyectum.com\/cl\/wp-content\/uploads\/2020\/04\/Adaptarse-o-morir.jpg\",\"datePublished\":\"2020-04-21T20:00:53+00:00\",\"breadcrumb\":{\"@id\":\"https:\/\/proyectum.com\/cl\/adaptarse-o-morir-el-desafio-de-hoy\/#breadcrumb\"},\"inLanguage\":\"es\",\"potentialAction\":[{\"@type\":\"ReadAction\",\"target\":[\"https:\/\/proyectum.com\/cl\/adaptarse-o-morir-el-desafio-de-hoy\/\"]}]},{\"@type\":\"ImageObject\",\"inLanguage\":\"es\",\"@id\":\"https:\/\/proyectum.com\/cl\/adaptarse-o-morir-el-desafio-de-hoy\/#primaryimage\",\"url\":\"https:\/\/proyectum.com\/cl\/wp-content\/uploads\/2020\/04\/Adaptarse-o-morir.jpg\",\"contentUrl\":\"https:\/\/proyectum.com\/cl\/wp-content\/uploads\/2020\/04\/Adaptarse-o-morir.jpg\",\"width\":1700,\"height\":1133,\"caption\":\"Adaptarse o morir\"},{\"@type\":\"BreadcrumbList\",\"@id\":\"https:\/\/proyectum.com\/cl\/adaptarse-o-morir-el-desafio-de-hoy\/#breadcrumb\",\"itemListElement\":[{\"@type\":\"ListItem\",\"position\":1,\"name\":\"Home\",\"item\":\"https:\/\/proyectum.com\/cl\/\"},{\"@type\":\"ListItem\",\"position\":2,\"name\":\"Adaptarse o morir: El desaf\u00edo de hoy\"}]},{\"@type\":\"WebSite\",\"@id\":\"https:\/\/proyectum.com\/cl\/#website\",\"url\":\"https:\/\/proyectum.com\/cl\/\",\"name\":\"Proyectum Chile\",\"description\":\"Direcci\u00f3n de Proyectos y Metodolog\u00edas \u00c1giles\",\"publisher\":{\"@id\":\"https:\/\/proyectum.com\/cl\/#organization\"},\"potentialAction\":[{\"@type\":\"SearchAction\",\"target\":{\"@type\":\"EntryPoint\",\"urlTemplate\":\"https:\/\/proyectum.com\/cl\/?s={search_term_string}\"},\"query-input\":{\"@type\":\"PropertyValueSpecification\",\"valueRequired\":true,\"valueName\":\"search_term_string\"}}],\"inLanguage\":\"es\"},{\"@type\":\"Organization\",\"@id\":\"https:\/\/proyectum.com\/cl\/#organization\",\"name\":\"Proyectum Chile\",\"url\":\"https:\/\/proyectum.com\/cl\/\",\"logo\":{\"@type\":\"ImageObject\",\"inLanguage\":\"es\",\"@id\":\"https:\/\/proyectum.com\/cl\/#\/schema\/logo\/image\/\",\"url\":\"https:\/\/proyectum.com\/cl\/wp-content\/uploads\/2020\/04\/proyectum-logo-snippet.png\",\"contentUrl\":\"https:\/\/proyectum.com\/cl\/wp-content\/uploads\/2020\/04\/proyectum-logo-snippet.png\",\"width\":600,\"height\":315,\"caption\":\"Proyectum Chile\"},\"image\":{\"@id\":\"https:\/\/proyectum.com\/cl\/#\/schema\/logo\/image\/\"},\"sameAs\":[\"https:\/\/www.facebook.com\/proyectumchile\/\",\"https:\/\/www.linkedin.com\/company\/proyectum-cl\/\",\"https:\/\/www.instagram.com\/proyectumchile\/\",\"https:\/\/www.youtube.com\/@proyectum2283\/videos\"]},{\"@type\":\"Person\",\"@id\":\"https:\/\/proyectum.com\/cl\/#\/schema\/person\/7d5caa4386a11be650af177d3f2e5aee\",\"name\":\"Proyectum 2025\",\"image\":{\"@type\":\"ImageObject\",\"inLanguage\":\"es\",\"@id\":\"https:\/\/proyectum.com\/cl\/#\/schema\/person\/image\/\",\"url\":\"https:\/\/secure.gravatar.com\/avatar\/df82793fddd8f0a5a84fdb27d958bf73?s=96&d=mm&r=g\",\"contentUrl\":\"https:\/\/secure.gravatar.com\/avatar\/df82793fddd8f0a5a84fdb27d958bf73?s=96&d=mm&r=g\",\"caption\":\"Proyectum 2025\"}}]}<\/script>\n<!-- \/ Yoast SEO plugin. -->","yoast_head_json":{"title":"Adaptarse o morir: El desaf\u00edo de hoy - Proyectum Chile","robots":{"index":"index","follow":"follow","max-snippet":"max-snippet:-1","max-image-preview":"max-image-preview:large","max-video-preview":"max-video-preview:-1"},"canonical":"https:\/\/proyectum.com\/cl\/adaptarse-o-morir-el-desafio-de-hoy\/","og_locale":"es_ES","og_type":"article","og_title":"Adaptarse o morir: El desaf\u00edo de hoy - Proyectum Chile","og_description":"\u201cSi la oportunidad no llama, construye una puerta\u201d Por: Jorge Vald\u00e9s Garciatorres El mundo no volver\u00e1 a ser como lo conoc\u00edamos, lo veo y lo leo frecuentemente en las redes y en diversos sitios que suelo seguir. Bueno, pues acept\u00e9moslo y d\u00e9mosle pa\u2019lante. Mientras estaba llevando a cabo mi ritual para inspirarme y escribir estas [&hellip;]","og_url":"https:\/\/proyectum.com\/cl\/adaptarse-o-morir-el-desafio-de-hoy\/","og_site_name":"Proyectum Chile","article_publisher":"https:\/\/www.facebook.com\/proyectumchile\/","article_published_time":"2020-04-21T20:00:53+00:00","og_image":[{"width":1700,"height":1133,"url":"https:\/\/proyectum.com\/cl\/wp-content\/uploads\/2020\/04\/Adaptarse-o-morir.jpg","type":"image\/jpeg"}],"author":"Proyectum 2025","twitter_card":"summary_large_image","twitter_misc":{"Escrito por":"Proyectum 2025","Tiempo de lectura":"4 minutos"},"schema":{"@context":"https:\/\/schema.org","@graph":[{"@type":"Article","@id":"https:\/\/proyectum.com\/cl\/adaptarse-o-morir-el-desafio-de-hoy\/#article","isPartOf":{"@id":"https:\/\/proyectum.com\/cl\/adaptarse-o-morir-el-desafio-de-hoy\/"},"author":{"name":"Proyectum 2025","@id":"https:\/\/proyectum.com\/cl\/#\/schema\/person\/7d5caa4386a11be650af177d3f2e5aee"},"headline":"Adaptarse o morir: El desaf\u00edo de hoy","datePublished":"2020-04-21T20:00:53+00:00","mainEntityOfPage":{"@id":"https:\/\/proyectum.com\/cl\/adaptarse-o-morir-el-desafio-de-hoy\/"},"wordCount":868,"publisher":{"@id":"https:\/\/proyectum.com\/cl\/#organization"},"image":{"@id":"https:\/\/proyectum.com\/cl\/adaptarse-o-morir-el-desafio-de-hoy\/#primaryimage"},"thumbnailUrl":"https:\/\/proyectum.com\/cl\/wp-content\/uploads\/2020\/04\/Adaptarse-o-morir.jpg","keywords":["curso equipos est\u00e1n distribuidos","curso Gesti\u00f3n \u00c1gil de Equipos Remotos","curso online Gesti\u00f3n \u00c1gil de Equipos Remotos","desarrollemos esa capacidad de hiperadaptaci\u00f3n","director de proyecto","equipos est\u00e1n distribuidos","Gesti\u00f3n \u00c1gil de Equipos Remotos","habilidades de resiliencia","habilidades de resiliencia","la Generaci\u00f3n X es la generaci\u00f3n de la resiliencia","la resiliencia puede ser la diferencia entre vivir o morir","nueva forma de trabajo"],"articleSection":["\u00c1gil","Innovaci\u00f3n","Liderazgo"],"inLanguage":"es"},{"@type":"WebPage","@id":"https:\/\/proyectum.com\/cl\/adaptarse-o-morir-el-desafio-de-hoy\/","url":"https:\/\/proyectum.com\/cl\/adaptarse-o-morir-el-desafio-de-hoy\/","name":"Adaptarse o morir: El desaf\u00edo de hoy - Proyectum Chile","isPartOf":{"@id":"https:\/\/proyectum.com\/cl\/#website"},"primaryImageOfPage":{"@id":"https:\/\/proyectum.com\/cl\/adaptarse-o-morir-el-desafio-de-hoy\/#primaryimage"},"image":{"@id":"https:\/\/proyectum.com\/cl\/adaptarse-o-morir-el-desafio-de-hoy\/#primaryimage"},"thumbnailUrl":"https:\/\/proyectum.com\/cl\/wp-content\/uploads\/2020\/04\/Adaptarse-o-morir.jpg","datePublished":"2020-04-21T20:00:53+00:00","breadcrumb":{"@id":"https:\/\/proyectum.com\/cl\/adaptarse-o-morir-el-desafio-de-hoy\/#breadcrumb"},"inLanguage":"es","potentialAction":[{"@type":"ReadAction","target":["https:\/\/proyectum.com\/cl\/adaptarse-o-morir-el-desafio-de-hoy\/"]}]},{"@type":"ImageObject","inLanguage":"es","@id":"https:\/\/proyectum.com\/cl\/adaptarse-o-morir-el-desafio-de-hoy\/#primaryimage","url":"https:\/\/proyectum.com\/cl\/wp-content\/uploads\/2020\/04\/Adaptarse-o-morir.jpg","contentUrl":"https:\/\/proyectum.com\/cl\/wp-content\/uploads\/2020\/04\/Adaptarse-o-morir.jpg","width":1700,"height":1133,"caption":"Adaptarse o morir"},{"@type":"BreadcrumbList","@id":"https:\/\/proyectum.com\/cl\/adaptarse-o-morir-el-desafio-de-hoy\/#breadcrumb","itemListElement":[{"@type":"ListItem","position":1,"name":"Home","item":"https:\/\/proyectum.com\/cl\/"},{"@type":"ListItem","position":2,"name":"Adaptarse o morir: El desaf\u00edo de hoy"}]},{"@type":"WebSite","@id":"https:\/\/proyectum.com\/cl\/#website","url":"https:\/\/proyectum.com\/cl\/","name":"Proyectum Chile","description":"Direcci\u00f3n de Proyectos y Metodolog\u00edas \u00c1giles","publisher":{"@id":"https:\/\/proyectum.com\/cl\/#organization"},"potentialAction":[{"@type":"SearchAction","target":{"@type":"EntryPoint","urlTemplate":"https:\/\/proyectum.com\/cl\/?s={search_term_string}"},"query-input":{"@type":"PropertyValueSpecification","valueRequired":true,"valueName":"search_term_string"}}],"inLanguage":"es"},{"@type":"Organization","@id":"https:\/\/proyectum.com\/cl\/#organization","name":"Proyectum Chile","url":"https:\/\/proyectum.com\/cl\/","logo":{"@type":"ImageObject","inLanguage":"es","@id":"https:\/\/proyectum.com\/cl\/#\/schema\/logo\/image\/","url":"https:\/\/proyectum.com\/cl\/wp-content\/uploads\/2020\/04\/proyectum-logo-snippet.png","contentUrl":"https:\/\/proyectum.com\/cl\/wp-content\/uploads\/2020\/04\/proyectum-logo-snippet.png","width":600,"height":315,"caption":"Proyectum Chile"},"image":{"@id":"https:\/\/proyectum.com\/cl\/#\/schema\/logo\/image\/"},"sameAs":["https:\/\/www.facebook.com\/proyectumchile\/","https:\/\/www.linkedin.com\/company\/proyectum-cl\/","https:\/\/www.instagram.com\/proyectumchile\/","https:\/\/www.youtube.com\/@proyectum2283\/videos"]},{"@type":"Person","@id":"https:\/\/proyectum.com\/cl\/#\/schema\/person\/7d5caa4386a11be650af177d3f2e5aee","name":"Proyectum 2025","image":{"@type":"ImageObject","inLanguage":"es","@id":"https:\/\/proyectum.com\/cl\/#\/schema\/person\/image\/","url":"https:\/\/secure.gravatar.com\/avatar\/df82793fddd8f0a5a84fdb27d958bf73?s=96&d=mm&r=g","contentUrl":"https:\/\/secure.gravatar.com\/avatar\/df82793fddd8f0a5a84fdb27d958bf73?s=96&d=mm&r=g","caption":"Proyectum 2025"}}]}},"_links":{"self":[{"href":"https:\/\/proyectum.com\/cl\/wp-json\/wp\/v2\/posts\/8653","targetHints":{"allow":["GET"]}}],"collection":[{"href":"https:\/\/proyectum.com\/cl\/wp-json\/wp\/v2\/posts"}],"about":[{"href":"https:\/\/proyectum.com\/cl\/wp-json\/wp\/v2\/types\/post"}],"author":[{"embeddable":true,"href":"https:\/\/proyectum.com\/cl\/wp-json\/wp\/v2\/users\/26"}],"replies":[{"embeddable":true,"href":"https:\/\/proyectum.com\/cl\/wp-json\/wp\/v2\/comments?post=8653"}],"version-history":[{"count":0,"href":"https:\/\/proyectum.com\/cl\/wp-json\/wp\/v2\/posts\/8653\/revisions"}],"wp:featuredmedia":[{"embeddable":true,"href":"https:\/\/proyectum.com\/cl\/wp-json\/wp\/v2\/media\/8654"}],"wp:attachment":[{"href":"https:\/\/proyectum.com\/cl\/wp-json\/wp\/v2\/media?parent=8653"}],"wp:term":[{"taxonomy":"category","embeddable":true,"href":"https:\/\/proyectum.com\/cl\/wp-json\/wp\/v2\/categories?post=8653"},{"taxonomy":"post_tag","embeddable":true,"href":"https:\/\/proyectum.com\/cl\/wp-json\/wp\/v2\/tags?post=8653"}],"curies":[{"name":"wp","href":"https:\/\/api.w.org\/{rel}","templated":true}]}}