{"id":8851,"date":"2020-08-31T08:16:30","date_gmt":"2020-08-31T11:16:30","guid":{"rendered":"https:\/\/www.proyectum.com\/sistema\/?p=8851"},"modified":"2020-08-31T08:16:30","modified_gmt":"2020-08-31T11:16:30","slug":"la-gestion-de-procesos-y-la-transformacion-digital","status":"publish","type":"post","link":"https:\/\/proyectum.com\/cl\/la-gestion-de-procesos-y-la-transformacion-digital\/","title":{"rendered":"La gesti\u00f3n de procesos y la transformaci\u00f3n digital"},"content":{"rendered":"<p>Todos gestionamos procesos. De forma consciente o inconsciente, todos tenemos procesos a nuestro cargo. Ahora, la pregunta m\u00e1s relevante ser\u00eda, \u00bf<strong>qu\u00e9 tan bien estamos gestionando nuestros procesos<\/strong>? Antes de poder responder esta pregunta, es importante que exploremos la filosof\u00eda detr\u00e1s del tema. <strong>William Edwards Deming<\/strong>, uno de los principales referentes en la disciplina de Calidad Total, dec\u00eda que <em>\u201cSi no puedes describir lo que haces en un <strong>proceso<\/strong>, entonces no sabes lo que est\u00e1s haciendo\u201d<\/em>. Esta cita sugiere que la definici\u00f3n de un proceso es una pieza angular que no deber\u00eda tomarse a la ligera.<\/p>\n<p>Durante mis a\u00f1os de experiencia y conocimiento sobre esta tem\u00e1tica, he encontrado que<strong> existen algunas concepciones err\u00f3neas de lo que es la Gesti\u00f3n de Procesos<\/strong> (BPM, por sus siglas en ingl\u00e9s). Cuando algunas personas escuchan BPM, de inmediato piensan en un sistema, una tecnolog\u00eda que permite habilitar flujos de trabajo para ejecutar tareas repetitivas. Para otros, los procesos se limitan espec\u00edficamente a tener <strong>diagramas de flujo que modelan el paso a paso<\/strong> desde que tomamos un insumo para luego transformarlo y generar un entregable o resultado determinado. Finalmente, hay quienes asocian BPM con las metodolog\u00edas de Lean o Six Sigma, las cuales por a\u00f1os han liderado la conversaci\u00f3n alrededor de Mejora Continua. As\u00ed que mi propuesta es <strong>presentarles a continuaci\u00f3n tres argumentos sobre lo que s\u00ed es Gesti\u00f3n de Procesos<\/strong> para aclarar conceptos e introducirnos en este apasionante tema.<\/p>\n<h3>Definici\u00f3n de Gesti\u00f3n de Procesos<\/h3>\n<p>Seg\u00fan el cuerpo de conocimiento de la organizaci\u00f3n denominada Association of Business Process Management Professionals, ABPMP: \u201c<em>La gesti\u00f3n de procesos de negocios es un enfoque disciplinado para identificar, dise\u00f1ar, ejecutar, documentar, medir, monitorear y controlar procesos comerciales automatizados y no automatizados para lograr resultados consistentes y espec\u00edficos, alineados con los objetivos estrat\u00e9gicos de una organizaci\u00f3n.<\/em>\u201d<sub>[1]<\/sub>\u00a0 Esta definici\u00f3n es mucho m\u00e1s hol\u00edstica y presenta la disciplina a la luz de sus nueve \u00e1reas de conocimiento:<\/p>\n<p><img fetchpriority=\"high\" decoding=\"async\" class=\"aligncenter size-full wp-image-8852\" src=\"https:\/\/proyectum.com\/cl\/wp-content\/uploads\/2020\/08\/Gestion-por-Procesos.png\" alt=\"Gesti\u00f3n por Procesos\" width=\"481\" height=\"211\" srcset=\"https:\/\/proyectum.com\/cl\/wp-content\/uploads\/2020\/08\/Gestion-por-Procesos.png 481w, https:\/\/proyectum.com\/cl\/wp-content\/uploads\/2020\/08\/Gestion-por-Procesos-300x132.png 300w, https:\/\/proyectum.com\/cl\/wp-content\/uploads\/2020\/08\/Gestion-por-Procesos-64x28.png 64w\" sizes=\"(max-width: 481px) 100vw, 481px\" \/><\/p>\n<p>Recientemente se ha publicado la versi\u00f3n 4.0 de este cuerpo de conocimiento (CBOK) en el cual se incluyen definiciones, mejores pr\u00e1cticas y tendencias para cada una de estas nueve dimensiones.<\/p>\n<h3>Un driver para impulsar la transformaci\u00f3n digital<\/h3>\n<p>Adicional a esta <strong>definici\u00f3n te\u00f3rica de lo que es la Gesti\u00f3n de Procesos<\/strong>, podr\u00edamos definirla tambi\u00e9n como <strong>un <em>driver<\/em> para impulsar la Transformaci\u00f3n Digital<\/strong>. Seg\u00fan un estudio de m\u00e9tricas de la transformaci\u00f3n digital realizado en el 2019 por APQC (American Productivity and Quality Center), las necesidades operativas de optimizar y automatizar procesos de negocio son los <em>top drivers<\/em> impulsando la transformaci\u00f3n digital.<sub>[2]<\/sub><\/p>\n<p>Seg\u00fan APQC: <em>\u201cLas organizaciones exitosas posicionan la transformaci\u00f3n digital como <\/em><strong><em>una capacidad<\/em><\/strong><em> que las ayuda a alcanzar las metas de negocio, <\/em><strong><em>no como un proyecto<\/em><\/strong><em> a ser completado\u201d.<\/em><sub>[3]<\/sub> Muchos de los proyectos que hoy se encuentran bajo la sombrilla de un portafolio de Transformaci\u00f3n Digital, tienen como su eje principal la optimizaci\u00f3n de procesos.<\/p>\n<p>La clave radica en <strong>ver la Transformaci\u00f3n Digital<\/strong> no como un \u00fanico proyecto con un claro inicio y fin, sino como una capacidad que tiene que evolucionar. Esta capacidad debe tener varios ciclos iterativos, pero sobre todo, un claro entendimiento de c\u00f3mo <strong>todos los esfuerzos se conectan con la estrategia organizacional<\/strong>, qui\u00e9nes son los due\u00f1os de los procesos que estamos transformando, c\u00f3mo luce el est\u00e1ndar para poder impulsar la generaci\u00f3n de ideas de mejora continua, c\u00f3mo mediremos el desempe\u00f1o y logro de resultados, qu\u00e9 tecnolog\u00eda nos servir\u00e1 como habilitador y por \u00faltimo y no menos importante, c\u00f3mo gestionaremos estos cambios desde la perspectiva del lado humano.<\/p>\n<h3>Gesti\u00f3n de Procesos como un catalizador<\/h3>\n<p>Por \u00faltimo, podemos ver tambi\u00e9n a la Gesti\u00f3n de Procesos como un catalizador de la automatizaci\u00f3n. Seg\u00fan <strong>Bill Gates<\/strong>: <em>\u201cLa primera regla de cualquier tecnolog\u00eda utilizada en los negocios es que la automatizaci\u00f3n aplicada a una <\/em><strong><em>operaci\u00f3n eficiente <\/em><\/strong><em>aumentar\u00e1 la <\/em><strong><em>eficiencia<\/em><\/strong><em>. La segunda, es que la automatizaci\u00f3n aplicada a una <\/em><strong><em>operaci\u00f3n ineficiente<\/em><\/strong><em> aumentar\u00e1 la <\/em><strong><em>ineficiencia.<\/em><\/strong><em>\u201d<\/em><\/p>\n<p>De lo anterior podemos concluir que, cuando queremos automatizar algo sin habernos tomado el tiempo para entender de fondo el proceso, <strong>solo estamos potencializando la velocidad con la que cometeremos errores<\/strong>. Seg\u00fan otro estudio realizado en el 2017 que exploraba la automatizaci\u00f3n de procesos, el 48% de los encuestados, coincid\u00edan en que el principal desaf\u00edo para la automatizaci\u00f3n de procesos es la falta de una fundaci\u00f3n preexistente de <strong>procesos<\/strong>.<sub> [4]<\/sub><\/p>\n<p>La <strong>Gesti\u00f3n de Procesos es una capacidad clave<\/strong> que, si se apalanca con otras capacidades y recursos dentro de la organizaci\u00f3n como la PMO, equipos de Tecnolog\u00eda o Control Interno, puede tener un efecto exponencial hacia el logro de resultados exitosos.<\/p>\n<p>Si est\u00e1s interesado en profundizar m\u00e1s sobre la importancia y el valor que tiene esta disciplina, no te puedes perder el <a href=\"https:\/\/zoomference.zoom.us\/webinar\/register\/WN_sfe2LzvFTCqB9bfm4pGqAw\" target=\"_blank\" rel=\"noopener noreferrer\">webinar<\/a> que tendremos este pr\u00f3ximo 23 de septiembre, que lleva por t\u00edtulo: \u00ab<strong>La Gesti\u00f3n por Procesos como Habilitador de la Transformaci\u00f3n Digital y m\u00e1s all\u00e1<\/strong>\u00ab. Para registrarte puedes hacer <a href=\"https:\/\/zoomference.zoom.us\/webinar\/register\/WN_sfe2LzvFTCqB9bfm4pGqAw\" target=\"_blank\" rel=\"noopener noreferrer\"><strong>clic aqu\u00ed<\/strong><\/a>. \u00a1Te esperamos!<\/p>\n<p>_________________________________________________________________________<\/p>\n<p>Referencias:<\/p>\n<p>[1] BPM CBOK V4.0, 2020, ABPMP<\/p>\n<p>[2] Measures of Digital Transformation Survey Report, 2019, APQC<\/p>\n<p>[3] Make Digital a Capability, Not a Project, 2020, APQC<\/p>\n<p>[4] Exploring Process Automation Survey, 2017, APQC<\/p>\n","protected":false},"excerpt":{"rendered":"<p>Todos gestionamos procesos. De forma consciente o inconsciente, todos tenemos procesos a nuestro cargo. Ahora, la pregunta m\u00e1s relevante ser\u00eda, \u00bfqu\u00e9 tan bien estamos gestionando nuestros procesos? Antes de poder responder esta pregunta, es importante que exploremos la filosof\u00eda detr\u00e1s del tema. William Edwards Deming, uno de los principales referentes en la disciplina de Calidad [&hellip;]<\/p>\n","protected":false},"author":26,"featured_media":10992,"comment_status":"closed","ping_status":"closed","sticky":false,"template":"","format":"standard","meta":{"_acf_changed":false,"footnotes":""},"categories":[249],"tags":[417,1058,2650,2651,2652,2654,2655,2656,2657,2658,566,2659,2660,2662],"class_list":["post-8851","post","type-post","status-publish","format-standard","has-post-thumbnail","hentry","category-bpm","tag-bill-gates","tag-bpm","tag-definicion-teorica-de-lo-que-es-la-gestion-de-procesos","tag-diagramas-de-flujo-que-modelan-el-paso-a-paso","tag-gestion-de-procesos","tag-gestion-de-procesos-bpm","tag-gestion-de-procesos-es-una-capacidad-clave","tag-que-tan-bien-estamos-gestionando-nuestros-procesos","tag-solo-estamos-potencializando-la-velocidad-con-la-que-cometeremos-errores","tag-todos-los-esfuerzos-se-conectan-con-la-estrategia-organizacional","tag-transformacion-digital","tag-un-driver-para-impulsar-la-transformacion-digital","tag-ver-la-transformacion-digital","tag-william-edwards-deming"],"acf":[],"yoast_head":"<!-- This site is optimized with the Yoast SEO plugin v24.4 - https:\/\/yoast.com\/wordpress\/plugins\/seo\/ -->\n<title>La gesti\u00f3n de procesos y la transformaci\u00f3n digital - Proyectum Chile<\/title>\n<meta name=\"robots\" content=\"index, follow, max-snippet:-1, max-image-preview:large, max-video-preview:-1\" \/>\n<link rel=\"canonical\" href=\"https:\/\/proyectum.com\/cl\/la-gestion-de-procesos-y-la-transformacion-digital\/\" \/>\n<meta property=\"og:locale\" content=\"es_ES\" \/>\n<meta property=\"og:type\" content=\"article\" \/>\n<meta property=\"og:title\" content=\"La gesti\u00f3n de procesos y la transformaci\u00f3n digital - Proyectum Chile\" \/>\n<meta property=\"og:description\" content=\"Todos gestionamos procesos. De forma consciente o inconsciente, todos tenemos procesos a nuestro cargo. Ahora, la pregunta m\u00e1s relevante ser\u00eda, \u00bfqu\u00e9 tan bien estamos gestionando nuestros procesos? Antes de poder responder esta pregunta, es importante que exploremos la filosof\u00eda detr\u00e1s del tema. William Edwards Deming, uno de los principales referentes en la disciplina de Calidad [&hellip;]\" \/>\n<meta property=\"og:url\" content=\"https:\/\/proyectum.com\/cl\/la-gestion-de-procesos-y-la-transformacion-digital\/\" \/>\n<meta property=\"og:site_name\" content=\"Proyectum Chile\" \/>\n<meta property=\"article:publisher\" content=\"https:\/\/www.facebook.com\/proyectumchile\/\" \/>\n<meta property=\"article:published_time\" content=\"2020-08-31T11:16:30+00:00\" \/>\n<meta property=\"og:image\" content=\"https:\/\/proyectum.com\/cl\/wp-content\/uploads\/2020\/08\/Gestion-por-Procesos.jpg\" \/>\n\t<meta property=\"og:image:width\" content=\"1700\" \/>\n\t<meta property=\"og:image:height\" content=\"1134\" \/>\n\t<meta property=\"og:image:type\" content=\"image\/jpeg\" \/>\n<meta name=\"author\" content=\"Proyectum 2025\" \/>\n<meta name=\"twitter:card\" content=\"summary_large_image\" \/>\n<meta name=\"twitter:label1\" content=\"Escrito por\" \/>\n\t<meta name=\"twitter:data1\" content=\"Proyectum 2025\" \/>\n\t<meta name=\"twitter:label2\" content=\"Tiempo de lectura\" \/>\n\t<meta name=\"twitter:data2\" content=\"5 minutos\" \/>\n<script type=\"application\/ld+json\" class=\"yoast-schema-graph\">{\"@context\":\"https:\/\/schema.org\",\"@graph\":[{\"@type\":\"Article\",\"@id\":\"https:\/\/proyectum.com\/cl\/la-gestion-de-procesos-y-la-transformacion-digital\/#article\",\"isPartOf\":{\"@id\":\"https:\/\/proyectum.com\/cl\/la-gestion-de-procesos-y-la-transformacion-digital\/\"},\"author\":{\"name\":\"Proyectum 2025\",\"@id\":\"https:\/\/proyectum.com\/cl\/#\/schema\/person\/7d5caa4386a11be650af177d3f2e5aee\"},\"headline\":\"La gesti\u00f3n de procesos y la transformaci\u00f3n digital\",\"datePublished\":\"2020-08-31T11:16:30+00:00\",\"mainEntityOfPage\":{\"@id\":\"https:\/\/proyectum.com\/cl\/la-gestion-de-procesos-y-la-transformacion-digital\/\"},\"wordCount\":913,\"publisher\":{\"@id\":\"https:\/\/proyectum.com\/cl\/#organization\"},\"image\":{\"@id\":\"https:\/\/proyectum.com\/cl\/la-gestion-de-procesos-y-la-transformacion-digital\/#primaryimage\"},\"thumbnailUrl\":\"https:\/\/proyectum.com\/cl\/wp-content\/uploads\/2020\/08\/Gestion-por-Procesos.jpg\",\"keywords\":[\"Bill Gates\",\"BPM\",\"definici\u00f3n te\u00f3rica de lo que es la Gesti\u00f3n de Procesos\",\"diagramas de flujo que modelan el paso a paso\",\"Gesti\u00f3n de Procesos\",\"Gesti\u00f3n de Procesos BPM\",\"Gesti\u00f3n de Procesos es una capacidad clave\",\"qu\u00e9 tan bien estamos gestionando nuestros procesos\",\"solo estamos potencializando la velocidad con la que cometeremos errores\",\"todos los esfuerzos se conectan con la estrategia organizacional\",\"transformaci\u00f3n digital\",\"un driver para impulsar la Transformaci\u00f3n Digital\",\"ver la Transformaci\u00f3n Digital\",\"William Edwards Deming\"],\"articleSection\":[\"BPM\"],\"inLanguage\":\"es\"},{\"@type\":\"WebPage\",\"@id\":\"https:\/\/proyectum.com\/cl\/la-gestion-de-procesos-y-la-transformacion-digital\/\",\"url\":\"https:\/\/proyectum.com\/cl\/la-gestion-de-procesos-y-la-transformacion-digital\/\",\"name\":\"La gesti\u00f3n de procesos y la transformaci\u00f3n digital - Proyectum Chile\",\"isPartOf\":{\"@id\":\"https:\/\/proyectum.com\/cl\/#website\"},\"primaryImageOfPage\":{\"@id\":\"https:\/\/proyectum.com\/cl\/la-gestion-de-procesos-y-la-transformacion-digital\/#primaryimage\"},\"image\":{\"@id\":\"https:\/\/proyectum.com\/cl\/la-gestion-de-procesos-y-la-transformacion-digital\/#primaryimage\"},\"thumbnailUrl\":\"https:\/\/proyectum.com\/cl\/wp-content\/uploads\/2020\/08\/Gestion-por-Procesos.jpg\",\"datePublished\":\"2020-08-31T11:16:30+00:00\",\"breadcrumb\":{\"@id\":\"https:\/\/proyectum.com\/cl\/la-gestion-de-procesos-y-la-transformacion-digital\/#breadcrumb\"},\"inLanguage\":\"es\",\"potentialAction\":[{\"@type\":\"ReadAction\",\"target\":[\"https:\/\/proyectum.com\/cl\/la-gestion-de-procesos-y-la-transformacion-digital\/\"]}]},{\"@type\":\"ImageObject\",\"inLanguage\":\"es\",\"@id\":\"https:\/\/proyectum.com\/cl\/la-gestion-de-procesos-y-la-transformacion-digital\/#primaryimage\",\"url\":\"https:\/\/proyectum.com\/cl\/wp-content\/uploads\/2020\/08\/Gestion-por-Procesos.jpg\",\"contentUrl\":\"https:\/\/proyectum.com\/cl\/wp-content\/uploads\/2020\/08\/Gestion-por-Procesos.jpg\",\"width\":1700,\"height\":1134,\"caption\":\"Gesti\u00f3n por Procesos\"},{\"@type\":\"BreadcrumbList\",\"@id\":\"https:\/\/proyectum.com\/cl\/la-gestion-de-procesos-y-la-transformacion-digital\/#breadcrumb\",\"itemListElement\":[{\"@type\":\"ListItem\",\"position\":1,\"name\":\"Home\",\"item\":\"https:\/\/proyectum.com\/cl\/\"},{\"@type\":\"ListItem\",\"position\":2,\"name\":\"La gesti\u00f3n de procesos y la transformaci\u00f3n digital\"}]},{\"@type\":\"WebSite\",\"@id\":\"https:\/\/proyectum.com\/cl\/#website\",\"url\":\"https:\/\/proyectum.com\/cl\/\",\"name\":\"Proyectum Chile\",\"description\":\"Direcci\u00f3n de Proyectos y Metodolog\u00edas \u00c1giles\",\"publisher\":{\"@id\":\"https:\/\/proyectum.com\/cl\/#organization\"},\"potentialAction\":[{\"@type\":\"SearchAction\",\"target\":{\"@type\":\"EntryPoint\",\"urlTemplate\":\"https:\/\/proyectum.com\/cl\/?s={search_term_string}\"},\"query-input\":{\"@type\":\"PropertyValueSpecification\",\"valueRequired\":true,\"valueName\":\"search_term_string\"}}],\"inLanguage\":\"es\"},{\"@type\":\"Organization\",\"@id\":\"https:\/\/proyectum.com\/cl\/#organization\",\"name\":\"Proyectum Chile\",\"url\":\"https:\/\/proyectum.com\/cl\/\",\"logo\":{\"@type\":\"ImageObject\",\"inLanguage\":\"es\",\"@id\":\"https:\/\/proyectum.com\/cl\/#\/schema\/logo\/image\/\",\"url\":\"https:\/\/proyectum.com\/cl\/wp-content\/uploads\/2020\/04\/proyectum-logo-snippet.png\",\"contentUrl\":\"https:\/\/proyectum.com\/cl\/wp-content\/uploads\/2020\/04\/proyectum-logo-snippet.png\",\"width\":600,\"height\":315,\"caption\":\"Proyectum Chile\"},\"image\":{\"@id\":\"https:\/\/proyectum.com\/cl\/#\/schema\/logo\/image\/\"},\"sameAs\":[\"https:\/\/www.facebook.com\/proyectumchile\/\",\"https:\/\/www.linkedin.com\/company\/proyectum-cl\/\",\"https:\/\/www.instagram.com\/proyectumchile\/\",\"https:\/\/www.youtube.com\/@proyectum2283\/videos\"]},{\"@type\":\"Person\",\"@id\":\"https:\/\/proyectum.com\/cl\/#\/schema\/person\/7d5caa4386a11be650af177d3f2e5aee\",\"name\":\"Proyectum 2025\",\"image\":{\"@type\":\"ImageObject\",\"inLanguage\":\"es\",\"@id\":\"https:\/\/proyectum.com\/cl\/#\/schema\/person\/image\/\",\"url\":\"https:\/\/secure.gravatar.com\/avatar\/df82793fddd8f0a5a84fdb27d958bf73?s=96&d=mm&r=g\",\"contentUrl\":\"https:\/\/secure.gravatar.com\/avatar\/df82793fddd8f0a5a84fdb27d958bf73?s=96&d=mm&r=g\",\"caption\":\"Proyectum 2025\"}}]}<\/script>\n<!-- \/ Yoast SEO plugin. -->","yoast_head_json":{"title":"La gesti\u00f3n de procesos y la transformaci\u00f3n digital - Proyectum Chile","robots":{"index":"index","follow":"follow","max-snippet":"max-snippet:-1","max-image-preview":"max-image-preview:large","max-video-preview":"max-video-preview:-1"},"canonical":"https:\/\/proyectum.com\/cl\/la-gestion-de-procesos-y-la-transformacion-digital\/","og_locale":"es_ES","og_type":"article","og_title":"La gesti\u00f3n de procesos y la transformaci\u00f3n digital - Proyectum Chile","og_description":"Todos gestionamos procesos. De forma consciente o inconsciente, todos tenemos procesos a nuestro cargo. Ahora, la pregunta m\u00e1s relevante ser\u00eda, \u00bfqu\u00e9 tan bien estamos gestionando nuestros procesos? Antes de poder responder esta pregunta, es importante que exploremos la filosof\u00eda detr\u00e1s del tema. William Edwards Deming, uno de los principales referentes en la disciplina de Calidad [&hellip;]","og_url":"https:\/\/proyectum.com\/cl\/la-gestion-de-procesos-y-la-transformacion-digital\/","og_site_name":"Proyectum Chile","article_publisher":"https:\/\/www.facebook.com\/proyectumchile\/","article_published_time":"2020-08-31T11:16:30+00:00","og_image":[{"width":1700,"height":1134,"url":"https:\/\/proyectum.com\/cl\/wp-content\/uploads\/2020\/08\/Gestion-por-Procesos.jpg","type":"image\/jpeg"}],"author":"Proyectum 2025","twitter_card":"summary_large_image","twitter_misc":{"Escrito por":"Proyectum 2025","Tiempo de lectura":"5 minutos"},"schema":{"@context":"https:\/\/schema.org","@graph":[{"@type":"Article","@id":"https:\/\/proyectum.com\/cl\/la-gestion-de-procesos-y-la-transformacion-digital\/#article","isPartOf":{"@id":"https:\/\/proyectum.com\/cl\/la-gestion-de-procesos-y-la-transformacion-digital\/"},"author":{"name":"Proyectum 2025","@id":"https:\/\/proyectum.com\/cl\/#\/schema\/person\/7d5caa4386a11be650af177d3f2e5aee"},"headline":"La gesti\u00f3n de procesos y la transformaci\u00f3n digital","datePublished":"2020-08-31T11:16:30+00:00","mainEntityOfPage":{"@id":"https:\/\/proyectum.com\/cl\/la-gestion-de-procesos-y-la-transformacion-digital\/"},"wordCount":913,"publisher":{"@id":"https:\/\/proyectum.com\/cl\/#organization"},"image":{"@id":"https:\/\/proyectum.com\/cl\/la-gestion-de-procesos-y-la-transformacion-digital\/#primaryimage"},"thumbnailUrl":"https:\/\/proyectum.com\/cl\/wp-content\/uploads\/2020\/08\/Gestion-por-Procesos.jpg","keywords":["Bill Gates","BPM","definici\u00f3n te\u00f3rica de lo que es la Gesti\u00f3n de Procesos","diagramas de flujo que modelan el paso a paso","Gesti\u00f3n de Procesos","Gesti\u00f3n de Procesos BPM","Gesti\u00f3n de Procesos es una capacidad clave","qu\u00e9 tan bien estamos gestionando nuestros procesos","solo estamos potencializando la velocidad con la que cometeremos errores","todos los esfuerzos se conectan con la estrategia organizacional","transformaci\u00f3n digital","un driver para impulsar la Transformaci\u00f3n Digital","ver la Transformaci\u00f3n Digital","William Edwards Deming"],"articleSection":["BPM"],"inLanguage":"es"},{"@type":"WebPage","@id":"https:\/\/proyectum.com\/cl\/la-gestion-de-procesos-y-la-transformacion-digital\/","url":"https:\/\/proyectum.com\/cl\/la-gestion-de-procesos-y-la-transformacion-digital\/","name":"La gesti\u00f3n de procesos y la transformaci\u00f3n digital - Proyectum Chile","isPartOf":{"@id":"https:\/\/proyectum.com\/cl\/#website"},"primaryImageOfPage":{"@id":"https:\/\/proyectum.com\/cl\/la-gestion-de-procesos-y-la-transformacion-digital\/#primaryimage"},"image":{"@id":"https:\/\/proyectum.com\/cl\/la-gestion-de-procesos-y-la-transformacion-digital\/#primaryimage"},"thumbnailUrl":"https:\/\/proyectum.com\/cl\/wp-content\/uploads\/2020\/08\/Gestion-por-Procesos.jpg","datePublished":"2020-08-31T11:16:30+00:00","breadcrumb":{"@id":"https:\/\/proyectum.com\/cl\/la-gestion-de-procesos-y-la-transformacion-digital\/#breadcrumb"},"inLanguage":"es","potentialAction":[{"@type":"ReadAction","target":["https:\/\/proyectum.com\/cl\/la-gestion-de-procesos-y-la-transformacion-digital\/"]}]},{"@type":"ImageObject","inLanguage":"es","@id":"https:\/\/proyectum.com\/cl\/la-gestion-de-procesos-y-la-transformacion-digital\/#primaryimage","url":"https:\/\/proyectum.com\/cl\/wp-content\/uploads\/2020\/08\/Gestion-por-Procesos.jpg","contentUrl":"https:\/\/proyectum.com\/cl\/wp-content\/uploads\/2020\/08\/Gestion-por-Procesos.jpg","width":1700,"height":1134,"caption":"Gesti\u00f3n por Procesos"},{"@type":"BreadcrumbList","@id":"https:\/\/proyectum.com\/cl\/la-gestion-de-procesos-y-la-transformacion-digital\/#breadcrumb","itemListElement":[{"@type":"ListItem","position":1,"name":"Home","item":"https:\/\/proyectum.com\/cl\/"},{"@type":"ListItem","position":2,"name":"La gesti\u00f3n de procesos y la transformaci\u00f3n digital"}]},{"@type":"WebSite","@id":"https:\/\/proyectum.com\/cl\/#website","url":"https:\/\/proyectum.com\/cl\/","name":"Proyectum Chile","description":"Direcci\u00f3n de Proyectos y Metodolog\u00edas \u00c1giles","publisher":{"@id":"https:\/\/proyectum.com\/cl\/#organization"},"potentialAction":[{"@type":"SearchAction","target":{"@type":"EntryPoint","urlTemplate":"https:\/\/proyectum.com\/cl\/?s={search_term_string}"},"query-input":{"@type":"PropertyValueSpecification","valueRequired":true,"valueName":"search_term_string"}}],"inLanguage":"es"},{"@type":"Organization","@id":"https:\/\/proyectum.com\/cl\/#organization","name":"Proyectum Chile","url":"https:\/\/proyectum.com\/cl\/","logo":{"@type":"ImageObject","inLanguage":"es","@id":"https:\/\/proyectum.com\/cl\/#\/schema\/logo\/image\/","url":"https:\/\/proyectum.com\/cl\/wp-content\/uploads\/2020\/04\/proyectum-logo-snippet.png","contentUrl":"https:\/\/proyectum.com\/cl\/wp-content\/uploads\/2020\/04\/proyectum-logo-snippet.png","width":600,"height":315,"caption":"Proyectum Chile"},"image":{"@id":"https:\/\/proyectum.com\/cl\/#\/schema\/logo\/image\/"},"sameAs":["https:\/\/www.facebook.com\/proyectumchile\/","https:\/\/www.linkedin.com\/company\/proyectum-cl\/","https:\/\/www.instagram.com\/proyectumchile\/","https:\/\/www.youtube.com\/@proyectum2283\/videos"]},{"@type":"Person","@id":"https:\/\/proyectum.com\/cl\/#\/schema\/person\/7d5caa4386a11be650af177d3f2e5aee","name":"Proyectum 2025","image":{"@type":"ImageObject","inLanguage":"es","@id":"https:\/\/proyectum.com\/cl\/#\/schema\/person\/image\/","url":"https:\/\/secure.gravatar.com\/avatar\/df82793fddd8f0a5a84fdb27d958bf73?s=96&d=mm&r=g","contentUrl":"https:\/\/secure.gravatar.com\/avatar\/df82793fddd8f0a5a84fdb27d958bf73?s=96&d=mm&r=g","caption":"Proyectum 2025"}}]}},"_links":{"self":[{"href":"https:\/\/proyectum.com\/cl\/wp-json\/wp\/v2\/posts\/8851","targetHints":{"allow":["GET"]}}],"collection":[{"href":"https:\/\/proyectum.com\/cl\/wp-json\/wp\/v2\/posts"}],"about":[{"href":"https:\/\/proyectum.com\/cl\/wp-json\/wp\/v2\/types\/post"}],"author":[{"embeddable":true,"href":"https:\/\/proyectum.com\/cl\/wp-json\/wp\/v2\/users\/26"}],"replies":[{"embeddable":true,"href":"https:\/\/proyectum.com\/cl\/wp-json\/wp\/v2\/comments?post=8851"}],"version-history":[{"count":0,"href":"https:\/\/proyectum.com\/cl\/wp-json\/wp\/v2\/posts\/8851\/revisions"}],"wp:featuredmedia":[{"embeddable":true,"href":"https:\/\/proyectum.com\/cl\/wp-json\/wp\/v2\/media\/10992"}],"wp:attachment":[{"href":"https:\/\/proyectum.com\/cl\/wp-json\/wp\/v2\/media?parent=8851"}],"wp:term":[{"taxonomy":"category","embeddable":true,"href":"https:\/\/proyectum.com\/cl\/wp-json\/wp\/v2\/categories?post=8851"},{"taxonomy":"post_tag","embeddable":true,"href":"https:\/\/proyectum.com\/cl\/wp-json\/wp\/v2\/tags?post=8851"}],"curies":[{"name":"wp","href":"https:\/\/api.w.org\/{rel}","templated":true}]}}