{"id":9151,"date":"2020-12-21T09:45:13","date_gmt":"2020-12-21T12:45:13","guid":{"rendered":"https:\/\/www.proyectum.com\/sistema\/?p=9151"},"modified":"2020-12-21T09:45:13","modified_gmt":"2020-12-21T12:45:13","slug":"a-todos-nuestros-stakeholders","status":"publish","type":"post","link":"https:\/\/proyectum.com\/cl\/a-todos-nuestros-stakeholders\/","title":{"rendered":"A todos nuestros stakeholders"},"content":{"rendered":"<p>Lo que empez\u00f3 hace casi <strong>20 a\u00f1os como un sue\u00f1o<\/strong>, se ha convertido en una jornada que, a pesar de sus altibajos, nos sigue dando motivos para entregarnos con todo lo que tenemos en <strong>todos y cada uno de los proyectos<\/strong> que llevamos a cabo.<\/p>\n<p>Desde nuestra fundaci\u00f3n, <strong>en Proyectum nos esforzamos todos los d\u00edas por mejorar a las organizaciones a las que servimos y las vidas de las personas dentro de ellas<\/strong>.<\/p>\n<p>La mayor parte del tiempo trabajamos con las organizaciones que nos honran con su confianza, co-dise\u00f1ando soluciones que contribuyan a mejorar sus actividades cotidianas o bien a lograr que su estrategia se vuelva una realidad a trav\u00e9s de alcanzar los objetivos que se han planteado.<\/p>\n<p>Con los individuos que buscan crecimiento profesional, trabajamos cotidianamente en programas de formaci\u00f3n que, continuamente nos esforzamos por mejorar y lograr que sean de clase mundial, gracias a un equipo que llamamos de amplio espectro, podemos cubrir muchas de las \u00e1reas sustantivas del mundo de negocios actual.<\/p>\n<p>De estas interacciones que nos nutren y dan sentido a nuestra raz\u00f3n de ser, emergen amistades, redes de colaboraci\u00f3n y desarrollo profesional. Nuestra red se extiende por todo el mundo e incluye relaciones que han existido desde hace m\u00e1s de 20 a\u00f1os.<\/p>\n<p>A todos nuestros clientes, colaboradores, proveedores, amigos todos,\u00a0 les queremos enviar un mensaje de esperanza y solidaridad en estos momentos aciagos que estamos viviendo como seres humanos. De todo coraz\u00f3n esperamos que, en estas fiestas de fin de a\u00f1o disfruten, ya sea presencialmente o a la distancia, en familia, gozando de salud plena, amor y calidez, con la esperanza de saber que esto tambi\u00e9n pasar\u00e1 y nos esperan tiempos mejores en el a\u00f1o que est\u00e1 por comenzar.<\/p>\n<p><iframe title=\"Felices Fiestas 2020\" width=\"800\" height=\"450\" src=\"https:\/\/www.youtube.com\/embed\/_eJST6VvtGo?feature=oembed\" frameborder=\"0\" allow=\"accelerometer; autoplay; clipboard-write; encrypted-media; gyroscope; picture-in-picture; web-share\" referrerpolicy=\"strict-origin-when-cross-origin\" allowfullscreen><\/iframe><\/p>\n<p>Con nuestros mejores deseos<\/p>\n<p><strong>El equipo Proyectum<\/strong><\/p>\n<p>Diciembre de 2020.<\/p>\n","protected":false},"excerpt":{"rendered":"<p>Lo que empez\u00f3 hace casi 20 a\u00f1os como un sue\u00f1o, se ha convertido en una jornada que, a pesar de sus altibajos, nos sigue dando motivos para entregarnos con todo lo que tenemos en todos y cada uno de los proyectos que llevamos a cabo. Desde nuestra fundaci\u00f3n, en Proyectum nos esforzamos todos los d\u00edas [&hellip;]<\/p>\n","protected":false},"author":26,"featured_media":9152,"comment_status":"closed","ping_status":"closed","sticky":false,"template":"","format":"standard","meta":{"_acf_changed":false,"footnotes":""},"categories":[231,232],"tags":[2990,370],"class_list":["post-9151","post","type-post","status-publish","format-standard","has-post-thumbnail","hentry","category-recursos-humanos","category-reflexiones","tag-proyectos-que-llevamos-a-cabo","tag-proyectum"],"acf":[],"yoast_head":"<!-- This site is optimized with the Yoast SEO plugin v24.4 - https:\/\/yoast.com\/wordpress\/plugins\/seo\/ -->\n<title>A todos nuestros stakeholders - Proyectum Chile<\/title>\n<meta name=\"robots\" content=\"index, follow, max-snippet:-1, max-image-preview:large, max-video-preview:-1\" \/>\n<link rel=\"canonical\" href=\"https:\/\/proyectum.com\/cl\/a-todos-nuestros-stakeholders\/\" \/>\n<meta property=\"og:locale\" content=\"es_ES\" \/>\n<meta property=\"og:type\" content=\"article\" \/>\n<meta property=\"og:title\" content=\"A todos nuestros stakeholders - Proyectum Chile\" \/>\n<meta property=\"og:description\" content=\"Lo que empez\u00f3 hace casi 20 a\u00f1os como un sue\u00f1o, se ha convertido en una jornada que, a pesar de sus altibajos, nos sigue dando motivos para entregarnos con todo lo que tenemos en todos y cada uno de los proyectos que llevamos a cabo. Desde nuestra fundaci\u00f3n, en Proyectum nos esforzamos todos los d\u00edas [&hellip;]\" \/>\n<meta property=\"og:url\" content=\"https:\/\/proyectum.com\/cl\/a-todos-nuestros-stakeholders\/\" \/>\n<meta property=\"og:site_name\" content=\"Proyectum Chile\" \/>\n<meta property=\"article:publisher\" content=\"https:\/\/www.facebook.com\/proyectumchile\/\" \/>\n<meta property=\"article:published_time\" content=\"2020-12-21T12:45:13+00:00\" \/>\n<meta property=\"og:image\" content=\"https:\/\/proyectum.com\/cl\/wp-content\/uploads\/2020\/12\/Proyectum-Felices-Fiestas.jpg\" \/>\n\t<meta property=\"og:image:width\" content=\"1700\" \/>\n\t<meta property=\"og:image:height\" content=\"1124\" \/>\n\t<meta property=\"og:image:type\" content=\"image\/jpeg\" \/>\n<meta name=\"author\" content=\"Proyectum 2025\" \/>\n<meta name=\"twitter:card\" content=\"summary_large_image\" \/>\n<meta name=\"twitter:label1\" content=\"Escrito por\" \/>\n\t<meta name=\"twitter:data1\" content=\"Proyectum 2025\" \/>\n\t<meta name=\"twitter:label2\" content=\"Tiempo de lectura\" \/>\n\t<meta name=\"twitter:data2\" content=\"2 minutos\" \/>\n<script type=\"application\/ld+json\" class=\"yoast-schema-graph\">{\"@context\":\"https:\/\/schema.org\",\"@graph\":[{\"@type\":\"Article\",\"@id\":\"https:\/\/proyectum.com\/cl\/a-todos-nuestros-stakeholders\/#article\",\"isPartOf\":{\"@id\":\"https:\/\/proyectum.com\/cl\/a-todos-nuestros-stakeholders\/\"},\"author\":{\"name\":\"Proyectum 2025\",\"@id\":\"https:\/\/proyectum.com\/cl\/#\/schema\/person\/7d5caa4386a11be650af177d3f2e5aee\"},\"headline\":\"A todos nuestros stakeholders\",\"datePublished\":\"2020-12-21T12:45:13+00:00\",\"mainEntityOfPage\":{\"@id\":\"https:\/\/proyectum.com\/cl\/a-todos-nuestros-stakeholders\/\"},\"wordCount\":315,\"publisher\":{\"@id\":\"https:\/\/proyectum.com\/cl\/#organization\"},\"image\":{\"@id\":\"https:\/\/proyectum.com\/cl\/a-todos-nuestros-stakeholders\/#primaryimage\"},\"thumbnailUrl\":\"https:\/\/proyectum.com\/cl\/wp-content\/uploads\/2020\/12\/Proyectum-Felices-Fiestas.jpg\",\"keywords\":[\"proyectos que llevamos a cabo\",\"Proyectum\"],\"articleSection\":[\"Recursos Humanos\",\"Reflexiones\"],\"inLanguage\":\"es\"},{\"@type\":\"WebPage\",\"@id\":\"https:\/\/proyectum.com\/cl\/a-todos-nuestros-stakeholders\/\",\"url\":\"https:\/\/proyectum.com\/cl\/a-todos-nuestros-stakeholders\/\",\"name\":\"A todos nuestros stakeholders - Proyectum Chile\",\"isPartOf\":{\"@id\":\"https:\/\/proyectum.com\/cl\/#website\"},\"primaryImageOfPage\":{\"@id\":\"https:\/\/proyectum.com\/cl\/a-todos-nuestros-stakeholders\/#primaryimage\"},\"image\":{\"@id\":\"https:\/\/proyectum.com\/cl\/a-todos-nuestros-stakeholders\/#primaryimage\"},\"thumbnailUrl\":\"https:\/\/proyectum.com\/cl\/wp-content\/uploads\/2020\/12\/Proyectum-Felices-Fiestas.jpg\",\"datePublished\":\"2020-12-21T12:45:13+00:00\",\"breadcrumb\":{\"@id\":\"https:\/\/proyectum.com\/cl\/a-todos-nuestros-stakeholders\/#breadcrumb\"},\"inLanguage\":\"es\",\"potentialAction\":[{\"@type\":\"ReadAction\",\"target\":[\"https:\/\/proyectum.com\/cl\/a-todos-nuestros-stakeholders\/\"]}]},{\"@type\":\"ImageObject\",\"inLanguage\":\"es\",\"@id\":\"https:\/\/proyectum.com\/cl\/a-todos-nuestros-stakeholders\/#primaryimage\",\"url\":\"https:\/\/proyectum.com\/cl\/wp-content\/uploads\/2020\/12\/Proyectum-Felices-Fiestas.jpg\",\"contentUrl\":\"https:\/\/proyectum.com\/cl\/wp-content\/uploads\/2020\/12\/Proyectum-Felices-Fiestas.jpg\",\"width\":1700,\"height\":1124,\"caption\":\"Proyectum Felices Fiestas\"},{\"@type\":\"BreadcrumbList\",\"@id\":\"https:\/\/proyectum.com\/cl\/a-todos-nuestros-stakeholders\/#breadcrumb\",\"itemListElement\":[{\"@type\":\"ListItem\",\"position\":1,\"name\":\"Home\",\"item\":\"https:\/\/proyectum.com\/cl\/\"},{\"@type\":\"ListItem\",\"position\":2,\"name\":\"A todos nuestros stakeholders\"}]},{\"@type\":\"WebSite\",\"@id\":\"https:\/\/proyectum.com\/cl\/#website\",\"url\":\"https:\/\/proyectum.com\/cl\/\",\"name\":\"Proyectum Chile\",\"description\":\"Direcci\u00f3n de Proyectos y Metodolog\u00edas \u00c1giles\",\"publisher\":{\"@id\":\"https:\/\/proyectum.com\/cl\/#organization\"},\"potentialAction\":[{\"@type\":\"SearchAction\",\"target\":{\"@type\":\"EntryPoint\",\"urlTemplate\":\"https:\/\/proyectum.com\/cl\/?s={search_term_string}\"},\"query-input\":{\"@type\":\"PropertyValueSpecification\",\"valueRequired\":true,\"valueName\":\"search_term_string\"}}],\"inLanguage\":\"es\"},{\"@type\":\"Organization\",\"@id\":\"https:\/\/proyectum.com\/cl\/#organization\",\"name\":\"Proyectum Chile\",\"url\":\"https:\/\/proyectum.com\/cl\/\",\"logo\":{\"@type\":\"ImageObject\",\"inLanguage\":\"es\",\"@id\":\"https:\/\/proyectum.com\/cl\/#\/schema\/logo\/image\/\",\"url\":\"https:\/\/proyectum.com\/cl\/wp-content\/uploads\/2020\/04\/proyectum-logo-snippet.png\",\"contentUrl\":\"https:\/\/proyectum.com\/cl\/wp-content\/uploads\/2020\/04\/proyectum-logo-snippet.png\",\"width\":600,\"height\":315,\"caption\":\"Proyectum Chile\"},\"image\":{\"@id\":\"https:\/\/proyectum.com\/cl\/#\/schema\/logo\/image\/\"},\"sameAs\":[\"https:\/\/www.facebook.com\/proyectumchile\/\",\"https:\/\/www.linkedin.com\/company\/proyectum-cl\/\",\"https:\/\/www.instagram.com\/proyectumchile\/\",\"https:\/\/www.youtube.com\/@proyectum2283\/videos\"]},{\"@type\":\"Person\",\"@id\":\"https:\/\/proyectum.com\/cl\/#\/schema\/person\/7d5caa4386a11be650af177d3f2e5aee\",\"name\":\"Proyectum 2025\",\"image\":{\"@type\":\"ImageObject\",\"inLanguage\":\"es\",\"@id\":\"https:\/\/proyectum.com\/cl\/#\/schema\/person\/image\/\",\"url\":\"https:\/\/secure.gravatar.com\/avatar\/df82793fddd8f0a5a84fdb27d958bf73?s=96&d=mm&r=g\",\"contentUrl\":\"https:\/\/secure.gravatar.com\/avatar\/df82793fddd8f0a5a84fdb27d958bf73?s=96&d=mm&r=g\",\"caption\":\"Proyectum 2025\"}}]}<\/script>\n<!-- \/ Yoast SEO plugin. -->","yoast_head_json":{"title":"A todos nuestros stakeholders - Proyectum Chile","robots":{"index":"index","follow":"follow","max-snippet":"max-snippet:-1","max-image-preview":"max-image-preview:large","max-video-preview":"max-video-preview:-1"},"canonical":"https:\/\/proyectum.com\/cl\/a-todos-nuestros-stakeholders\/","og_locale":"es_ES","og_type":"article","og_title":"A todos nuestros stakeholders - Proyectum Chile","og_description":"Lo que empez\u00f3 hace casi 20 a\u00f1os como un sue\u00f1o, se ha convertido en una jornada que, a pesar de sus altibajos, nos sigue dando motivos para entregarnos con todo lo que tenemos en todos y cada uno de los proyectos que llevamos a cabo. Desde nuestra fundaci\u00f3n, en Proyectum nos esforzamos todos los d\u00edas [&hellip;]","og_url":"https:\/\/proyectum.com\/cl\/a-todos-nuestros-stakeholders\/","og_site_name":"Proyectum Chile","article_publisher":"https:\/\/www.facebook.com\/proyectumchile\/","article_published_time":"2020-12-21T12:45:13+00:00","og_image":[{"width":1700,"height":1124,"url":"https:\/\/proyectum.com\/cl\/wp-content\/uploads\/2020\/12\/Proyectum-Felices-Fiestas.jpg","type":"image\/jpeg"}],"author":"Proyectum 2025","twitter_card":"summary_large_image","twitter_misc":{"Escrito por":"Proyectum 2025","Tiempo de lectura":"2 minutos"},"schema":{"@context":"https:\/\/schema.org","@graph":[{"@type":"Article","@id":"https:\/\/proyectum.com\/cl\/a-todos-nuestros-stakeholders\/#article","isPartOf":{"@id":"https:\/\/proyectum.com\/cl\/a-todos-nuestros-stakeholders\/"},"author":{"name":"Proyectum 2025","@id":"https:\/\/proyectum.com\/cl\/#\/schema\/person\/7d5caa4386a11be650af177d3f2e5aee"},"headline":"A todos nuestros stakeholders","datePublished":"2020-12-21T12:45:13+00:00","mainEntityOfPage":{"@id":"https:\/\/proyectum.com\/cl\/a-todos-nuestros-stakeholders\/"},"wordCount":315,"publisher":{"@id":"https:\/\/proyectum.com\/cl\/#organization"},"image":{"@id":"https:\/\/proyectum.com\/cl\/a-todos-nuestros-stakeholders\/#primaryimage"},"thumbnailUrl":"https:\/\/proyectum.com\/cl\/wp-content\/uploads\/2020\/12\/Proyectum-Felices-Fiestas.jpg","keywords":["proyectos que llevamos a cabo","Proyectum"],"articleSection":["Recursos Humanos","Reflexiones"],"inLanguage":"es"},{"@type":"WebPage","@id":"https:\/\/proyectum.com\/cl\/a-todos-nuestros-stakeholders\/","url":"https:\/\/proyectum.com\/cl\/a-todos-nuestros-stakeholders\/","name":"A todos nuestros stakeholders - Proyectum Chile","isPartOf":{"@id":"https:\/\/proyectum.com\/cl\/#website"},"primaryImageOfPage":{"@id":"https:\/\/proyectum.com\/cl\/a-todos-nuestros-stakeholders\/#primaryimage"},"image":{"@id":"https:\/\/proyectum.com\/cl\/a-todos-nuestros-stakeholders\/#primaryimage"},"thumbnailUrl":"https:\/\/proyectum.com\/cl\/wp-content\/uploads\/2020\/12\/Proyectum-Felices-Fiestas.jpg","datePublished":"2020-12-21T12:45:13+00:00","breadcrumb":{"@id":"https:\/\/proyectum.com\/cl\/a-todos-nuestros-stakeholders\/#breadcrumb"},"inLanguage":"es","potentialAction":[{"@type":"ReadAction","target":["https:\/\/proyectum.com\/cl\/a-todos-nuestros-stakeholders\/"]}]},{"@type":"ImageObject","inLanguage":"es","@id":"https:\/\/proyectum.com\/cl\/a-todos-nuestros-stakeholders\/#primaryimage","url":"https:\/\/proyectum.com\/cl\/wp-content\/uploads\/2020\/12\/Proyectum-Felices-Fiestas.jpg","contentUrl":"https:\/\/proyectum.com\/cl\/wp-content\/uploads\/2020\/12\/Proyectum-Felices-Fiestas.jpg","width":1700,"height":1124,"caption":"Proyectum Felices Fiestas"},{"@type":"BreadcrumbList","@id":"https:\/\/proyectum.com\/cl\/a-todos-nuestros-stakeholders\/#breadcrumb","itemListElement":[{"@type":"ListItem","position":1,"name":"Home","item":"https:\/\/proyectum.com\/cl\/"},{"@type":"ListItem","position":2,"name":"A todos nuestros stakeholders"}]},{"@type":"WebSite","@id":"https:\/\/proyectum.com\/cl\/#website","url":"https:\/\/proyectum.com\/cl\/","name":"Proyectum Chile","description":"Direcci\u00f3n de Proyectos y Metodolog\u00edas \u00c1giles","publisher":{"@id":"https:\/\/proyectum.com\/cl\/#organization"},"potentialAction":[{"@type":"SearchAction","target":{"@type":"EntryPoint","urlTemplate":"https:\/\/proyectum.com\/cl\/?s={search_term_string}"},"query-input":{"@type":"PropertyValueSpecification","valueRequired":true,"valueName":"search_term_string"}}],"inLanguage":"es"},{"@type":"Organization","@id":"https:\/\/proyectum.com\/cl\/#organization","name":"Proyectum Chile","url":"https:\/\/proyectum.com\/cl\/","logo":{"@type":"ImageObject","inLanguage":"es","@id":"https:\/\/proyectum.com\/cl\/#\/schema\/logo\/image\/","url":"https:\/\/proyectum.com\/cl\/wp-content\/uploads\/2020\/04\/proyectum-logo-snippet.png","contentUrl":"https:\/\/proyectum.com\/cl\/wp-content\/uploads\/2020\/04\/proyectum-logo-snippet.png","width":600,"height":315,"caption":"Proyectum Chile"},"image":{"@id":"https:\/\/proyectum.com\/cl\/#\/schema\/logo\/image\/"},"sameAs":["https:\/\/www.facebook.com\/proyectumchile\/","https:\/\/www.linkedin.com\/company\/proyectum-cl\/","https:\/\/www.instagram.com\/proyectumchile\/","https:\/\/www.youtube.com\/@proyectum2283\/videos"]},{"@type":"Person","@id":"https:\/\/proyectum.com\/cl\/#\/schema\/person\/7d5caa4386a11be650af177d3f2e5aee","name":"Proyectum 2025","image":{"@type":"ImageObject","inLanguage":"es","@id":"https:\/\/proyectum.com\/cl\/#\/schema\/person\/image\/","url":"https:\/\/secure.gravatar.com\/avatar\/df82793fddd8f0a5a84fdb27d958bf73?s=96&d=mm&r=g","contentUrl":"https:\/\/secure.gravatar.com\/avatar\/df82793fddd8f0a5a84fdb27d958bf73?s=96&d=mm&r=g","caption":"Proyectum 2025"}}]}},"_links":{"self":[{"href":"https:\/\/proyectum.com\/cl\/wp-json\/wp\/v2\/posts\/9151","targetHints":{"allow":["GET"]}}],"collection":[{"href":"https:\/\/proyectum.com\/cl\/wp-json\/wp\/v2\/posts"}],"about":[{"href":"https:\/\/proyectum.com\/cl\/wp-json\/wp\/v2\/types\/post"}],"author":[{"embeddable":true,"href":"https:\/\/proyectum.com\/cl\/wp-json\/wp\/v2\/users\/26"}],"replies":[{"embeddable":true,"href":"https:\/\/proyectum.com\/cl\/wp-json\/wp\/v2\/comments?post=9151"}],"version-history":[{"count":0,"href":"https:\/\/proyectum.com\/cl\/wp-json\/wp\/v2\/posts\/9151\/revisions"}],"wp:featuredmedia":[{"embeddable":true,"href":"https:\/\/proyectum.com\/cl\/wp-json\/wp\/v2\/media\/9152"}],"wp:attachment":[{"href":"https:\/\/proyectum.com\/cl\/wp-json\/wp\/v2\/media?parent=9151"}],"wp:term":[{"taxonomy":"category","embeddable":true,"href":"https:\/\/proyectum.com\/cl\/wp-json\/wp\/v2\/categories?post=9151"},{"taxonomy":"post_tag","embeddable":true,"href":"https:\/\/proyectum.com\/cl\/wp-json\/wp\/v2\/tags?post=9151"}],"curies":[{"name":"wp","href":"https:\/\/api.w.org\/{rel}","templated":true}]}}