{"id":9360,"date":"2021-03-09T00:24:54","date_gmt":"2021-03-09T03:24:54","guid":{"rendered":"https:\/\/www.proyectum.com\/sistema\/?p=9360"},"modified":"2021-03-09T00:24:54","modified_gmt":"2021-03-09T03:24:54","slug":"transformaciones-organizacionales-una-historia-desde-las-trincheras","status":"publish","type":"post","link":"https:\/\/proyectum.com\/cl\/transformaciones-organizacionales-una-historia-desde-las-trincheras\/","title":{"rendered":"Transformaciones organizacionales: Una historia desde las trincheras"},"content":{"rendered":"<p style=\"text-align: right;\">Por: Jorge Vald\u00e9s Garciatorres, MDO, PMP<\/p>\n<p style=\"text-align: right;\">\u201c<em>Si tengo que resolver un problema, pienso 90% del tiempo acerca del problema y 10% en la soluci\u00f3n<\/em>\u201d<\/p>\n<p style=\"text-align: right;\">Albert Einstein<\/p>\n<p>Nota: Este art\u00edculo fue publicado originalmente en <a href=\"http:\/\/www.projectmanagement.com\" target=\"_blank\" rel=\"noopener\">www.projectmanagement.com<\/a><\/p>\n<p>&#8212;&#8212;<\/p>\n<p><strong>Nos preocupaba el personal<\/strong>. A trav\u00e9s del proyecto de outsourcing, el \u00e1rea de TI de la compa\u00f1\u00eda de seguros para la que trabajaba en aquel momento trasladar\u00eda a unas 120 personas de la operaci\u00f3n del centro de datos, a una empresa especializada en la prestaci\u00f3n de esos servicios.<\/p>\n<p>Yo codirig\u00eda el proyecto, cuyo alcance inclu\u00eda buscar en el mercado a los proveedores adecuados para el proceso de compra, emitir el RFI, el RFP y modelar la propuesta con los dos proveedores mejor cualificados, conducir el proceso de toma de decisi\u00f3n, negociar el contrato y encargarse del proceso de transici\u00f3n.<\/p>\n<p>Mirando hacia atr\u00e1s, hab\u00edamos recorrido un largo camino, hasta llegar a la transici\u00f3n. <strong>Hab\u00edamos hablado mucho con las personas que formar\u00edan parte de la transici\u00f3n<\/strong>. Nunca ocultamos el proyecto y sus objetivos, sol\u00edamos decirles \u00ab<em>al fin y al cabo, si estudiaste inform\u00e1tica, tu futuro ser\u00eda m\u00e1s prometedor en una empresa de TI que en una de seguros<\/em>\u00ab.<\/p>\n<p>Les hicimos saber que, como parte del proceso, nos ocupar\u00edamos de su futuro inmediato. <em>\u201cLes pediremos que al menos retengan al personal en la misma cuenta es decir, que <strong>seguir\u00edan trabajando como siempre<\/strong> y, creemos firmemente que, dada su profesionalidad y \u00e9tica de trabajo, prosperar\u00e1n de verdad en la nueva empresa.\u201d<\/em><\/p>\n<p>Confiaron en nosotros, el ambiente no era tan tenso como hab\u00edamos previsto, dir\u00eda que <strong>la mayor\u00eda de la gente estaba deseando que llegara el proceso de transici\u00f3n<\/strong>.<\/p>\n<p>Est\u00e1bamos seguros de que hab\u00edamos tenido en cuenta todos los detalles, as\u00ed que est\u00e1bamos preparados para empezar.<\/p>\n<p>El proceso fue de alguna manera r\u00e1pido, a lo largo de lo que fue un fr\u00edo viernes de diciembre, 127 colaboradores del centro de datos <strong>recibieron una jugosa indemnizaci\u00f3n de la compa\u00f1\u00eda de seguros, luego fueron contratados por el proveedor<\/strong> seleccionado manteniendo sus ingresos anuales intactos. Ese d\u00eda termin\u00f3 con una fiesta, todos estaban felices. Nosotros est\u00e1bamos contentos.<\/p>\n<p>El lunes por la ma\u00f1ana, todo segu\u00eda igual, la gente llegaba al trabajo como siempre, y trabajaba en sus tareas habituales, en su espacio de trabajo habitual, con sus compa\u00f1eros de trabajo habitual, encima el proveedor hab\u00eda asignado a la flor y nata de su equipo directivo porque \u00ab<em>\u00e9ramos una cuenta importante<\/em>\u00ab. <strong>\u00bfQu\u00e9 podr\u00eda salir mal?<\/strong><\/p>\n<p>Las primeras semanas transcurrieron m\u00e1s o menos sin sobresaltos, todo parec\u00eda m\u00e1s o menos igual, sin embargo, con el paso del tiempo, <strong>algo extra\u00f1o empez\u00f3 a flotar en el ambiente<\/strong>. De repente, algunas de las personas que estaban en transici\u00f3n y que hab\u00edan confiado en m\u00ed y en mi colega a cargo del proyecto, se acercaron a <strong>quejarse de casi todo<\/strong>.<\/p>\n<p>Estaban muy enfadados porque el nuevo equipo directivo les hab\u00eda presionado mucho para que documentaran sus procesos \u00ab<strong>de la manera correcta<\/strong>\u00ab, y al hacerlo, adem\u00e1s del aumento de su trabajo habitual, no eran capaces de mantener los SLA que ten\u00edan con nuestros clientes internos.<\/p>\n<p><strong>Esto llev\u00f3 a que los clientes internos se quejaran<\/strong>, la mayor\u00eda de estas quejas las planteaban a quienes les atend\u00edan directamente de forma continua o lo que es peor, al nuevo equipo gerencial del proveedor. Quienes en este punto se ve\u00edan impotentes y abrumados porque, si las mismas personas estaban prestando los mismos servicios, \u00bfpor qu\u00e9 no estaban rindiendo?<\/p>\n<p><strong>Las cosas iban de mal en peor<\/strong>, la gente que confiaba en m\u00ed segu\u00eda asegurando que los hab\u00edamos enga\u00f1ado y nos hacia patentes sus quejas y, por supuesto, nuestro equipo directivo (del que yo formaba parte), empezaba a pelearse con el nuevo equipo gerencial.<\/p>\n<p>En las trincheras, los clientes internos del \u00e1rea de inform\u00e1tica, que sol\u00edan tener una buena relaci\u00f3n, amistosa, c\u00e1lida y continua con quienes les prestaban sus servicios, incluso sol\u00edan salir de fiesta juntos, en un abrir y cerrar de ojos, empezaron a tratar a sus antiguos compa\u00f1eros como \u00abproveedores\u00bb. Esto significa que <strong>aumentaron el nivel de exigencia y redujeron su tolerancia<\/strong> a los continuos problemas y demoras que se estaban dando en la prestaci\u00f3n cotidiana de servicios.<\/p>\n<p>Despu\u00e9s de seis meses de intensa lucha con el equipo directivo, sinti\u00e9ndome impotente para encontrar una soluci\u00f3n, en una reuni\u00f3n de la direcci\u00f3n de la aseguradora,\u00a0 en la que me llamaron <strong>para que rindiera cuentas del desastre<\/strong>. Dije con honestidad \u201c<em>Tengo que reconocer que no tenemos ni idea de c\u00f3mo abordar esta triste situaci\u00f3n<\/em>\u201d. Y suger\u00ed que deb\u00edamos buscar ayuda profesional, y no me refer\u00eda a mi psic\u00f3logo.<\/p>\n<p>Me dijeron: \u00ab<em>Haz lo que sea necesario para resolver esta situaci\u00f3n<\/em>\u00ab. As\u00ed que empec\u00e9 a buscar ayuda, incluso invit\u00e9 al \u00abproveedor\u00bb a buscar ayuda y, de repente llegamos a este tipo que parec\u00eda tener todas las respuestas. Lo contratamos y trabajar con \u00e9l directamente, tuvo varios efectos en la curaci\u00f3n del sistema y en m\u00ed, profesionalmente.<\/p>\n<p>Para hacer esta larga historia, un poco m\u00e1s corta, este tipo hizo una intervenci\u00f3n en todo el sistema compuesto por la mayor\u00eda de los actores. El equipo de <strong>gesti\u00f3n del outsourcing<\/strong>, el equipo encargado de gestionar el outsourcing en la compa\u00f1\u00eda de seguros, los clientes que se quejaban amargamente del desempe\u00f1o del departamento de TI, el consejo de administraci\u00f3n de TI y, por supuesto, las personas \u00ab<strong>transicionadas<\/strong>\u00ab.<\/p>\n<p>La intervenci\u00f3n fue m\u00e1gica, despu\u00e9s de un par de semanas de trabajar intensamente con el equipo de gesti\u00f3n del oursourcing (proveedor y compa\u00f1\u00eda de seguros), <strong>las cosas empezaron a mostrar cambios positivos<\/strong>, la mayor parte del tiempo abord\u00f3 el aspecto humano de la relaci\u00f3n, ayud\u00f3 a ambos equipos a ganar empat\u00eda con el otro, hablamos mucho, no como ejecutivos de organizaciones prestigiosas sino, como personas, y despu\u00e9s de dos o tres semanas que incluyeron una sesi\u00f3n de trabajo de tres d\u00edas fuera de la oficina, fuimos capaces de integrar <strong>un plan com\u00fan para abordar la mayor\u00eda de los problemas<\/strong> que nos llevaron al desastre que he descrito.<\/p>\n<p>Desde la perspectiva empresarial, el outsourcing empez\u00f3 a funcionar lentamente y despu\u00e9s de 3 o 4 semanas las cosas parec\u00edan ir mejor. El problema descrito se solucion\u00f3 en buena medida, tanto que, tiempo despu\u00e9s, \u00a0el contrato se renov\u00f3 , por lo que las cosas se arreglaron a un nivel de satisfacci\u00f3n para la mayor\u00eda de los actores.<\/p>\n<p>Desde mi perspectiva personal, <strong>este consultor \u00a0me inspir\u00f3 a aprender m\u00e1s sobre los problemas organizacionales y c\u00f3mo abordarlos<\/strong>, pues a partir de esas dos semanas en las que viv\u00ed la experiencia de ser transformado, decid\u00ed complementar mi carrera como director de proyectos (me percib\u00eda como un fabricante de sue\u00f1os), lo que me llev\u00f3 mucho estudio y esfuerzo. Estudi\u00e9 un m\u00e1ster sobre desarrollo organizacional y empec\u00e9 a hacer intervenciones por mi cuenta, casi tan m\u00e1gicas como la que viv\u00ed. As\u00ed que pas\u00e9 de ser un fabricante de sue\u00f1os, a trabajar y seguir trabajando para convertirme en un curandero organizacional.<\/p>\n<p><strong>Y t\u00fa, \u00bfcu\u00e1l es la transformaci\u00f3n que viviste y que cambi\u00f3 tu vida?<\/strong><\/p>\n","protected":false},"excerpt":{"rendered":"<p>Por: Jorge Vald\u00e9s Garciatorres, MDO, PMP \u201cSi tengo que resolver un problema, pienso 90% del tiempo acerca del problema y 10% en la soluci\u00f3n\u201d Albert Einstein Nota: Este art\u00edculo fue publicado originalmente en www.projectmanagement.com &#8212;&#8212; Nos preocupaba el personal. A trav\u00e9s del proyecto de outsourcing, el \u00e1rea de TI de la compa\u00f1\u00eda de seguros para [&hellip;]<\/p>\n","protected":false},"author":26,"featured_media":9362,"comment_status":"closed","ping_status":"closed","sticky":false,"template":"","format":"standard","meta":{"_acf_changed":false,"footnotes":""},"categories":[1],"tags":[3107,3108,3109,3111,3112,3113],"class_list":["post-9360","post","type-post","status-publish","format-standard","has-post-thumbnail","hentry","category-sin-categoria","tag-aumentaron-el-nivel-de-exigencia-y-redujeron-su-tolerancia","tag-gestion-del-outsourcing","tag-la-mayoria-de-la-gente-estaba-deseando-que-llegara-el-proceso-de-transicion","tag-para-que-rindiera-cuentas-del-desastre","tag-proceso-de-transicion","tag-un-plan-comun-para-abordar-la-mayoria-de-los-problemas"],"acf":[],"yoast_head":"<!-- This site is optimized with the Yoast SEO plugin v24.4 - https:\/\/yoast.com\/wordpress\/plugins\/seo\/ -->\n<title>Transformaciones organizacionales: Una historia desde las trincheras - Proyectum Chile<\/title>\n<meta name=\"robots\" content=\"index, follow, max-snippet:-1, max-image-preview:large, max-video-preview:-1\" \/>\n<link rel=\"canonical\" href=\"https:\/\/proyectum.com\/cl\/transformaciones-organizacionales-una-historia-desde-las-trincheras\/\" \/>\n<meta property=\"og:locale\" content=\"es_ES\" \/>\n<meta property=\"og:type\" content=\"article\" \/>\n<meta property=\"og:title\" content=\"Transformaciones organizacionales: Una historia desde las trincheras - Proyectum Chile\" \/>\n<meta property=\"og:description\" content=\"Por: Jorge Vald\u00e9s Garciatorres, MDO, PMP \u201cSi tengo que resolver un problema, pienso 90% del tiempo acerca del problema y 10% en la soluci\u00f3n\u201d Albert Einstein Nota: Este art\u00edculo fue publicado originalmente en www.projectmanagement.com &#8212;&#8212; Nos preocupaba el personal. A trav\u00e9s del proyecto de outsourcing, el \u00e1rea de TI de la compa\u00f1\u00eda de seguros para [&hellip;]\" \/>\n<meta property=\"og:url\" content=\"https:\/\/proyectum.com\/cl\/transformaciones-organizacionales-una-historia-desde-las-trincheras\/\" \/>\n<meta property=\"og:site_name\" content=\"Proyectum Chile\" \/>\n<meta property=\"article:publisher\" content=\"https:\/\/www.facebook.com\/proyectumchile\/\" \/>\n<meta property=\"article:published_time\" content=\"2021-03-09T03:24:54+00:00\" \/>\n<meta property=\"og:image\" content=\"https:\/\/proyectum.com\/cl\/wp-content\/uploads\/2021\/03\/Transformacion-Organizacional.jpg\" \/>\n\t<meta property=\"og:image:width\" content=\"1700\" \/>\n\t<meta property=\"og:image:height\" content=\"1133\" \/>\n\t<meta property=\"og:image:type\" content=\"image\/jpeg\" \/>\n<meta name=\"author\" content=\"Proyectum 2025\" \/>\n<meta name=\"twitter:card\" content=\"summary_large_image\" \/>\n<meta name=\"twitter:label1\" content=\"Escrito por\" \/>\n\t<meta name=\"twitter:data1\" content=\"Proyectum 2025\" \/>\n\t<meta name=\"twitter:label2\" content=\"Tiempo de lectura\" \/>\n\t<meta name=\"twitter:data2\" content=\"6 minutos\" \/>\n<script type=\"application\/ld+json\" class=\"yoast-schema-graph\">{\"@context\":\"https:\/\/schema.org\",\"@graph\":[{\"@type\":\"Article\",\"@id\":\"https:\/\/proyectum.com\/cl\/transformaciones-organizacionales-una-historia-desde-las-trincheras\/#article\",\"isPartOf\":{\"@id\":\"https:\/\/proyectum.com\/cl\/transformaciones-organizacionales-una-historia-desde-las-trincheras\/\"},\"author\":{\"name\":\"Proyectum 2025\",\"@id\":\"https:\/\/proyectum.com\/cl\/#\/schema\/person\/7d5caa4386a11be650af177d3f2e5aee\"},\"headline\":\"Transformaciones organizacionales: Una historia desde las trincheras\",\"datePublished\":\"2021-03-09T03:24:54+00:00\",\"mainEntityOfPage\":{\"@id\":\"https:\/\/proyectum.com\/cl\/transformaciones-organizacionales-una-historia-desde-las-trincheras\/\"},\"wordCount\":1263,\"publisher\":{\"@id\":\"https:\/\/proyectum.com\/cl\/#organization\"},\"image\":{\"@id\":\"https:\/\/proyectum.com\/cl\/transformaciones-organizacionales-una-historia-desde-las-trincheras\/#primaryimage\"},\"thumbnailUrl\":\"https:\/\/proyectum.com\/cl\/wp-content\/uploads\/2021\/03\/Transformacion-Organizacional.jpg\",\"keywords\":[\"aumentaron el nivel de exigencia y redujeron su tolerancia\",\"gesti\u00f3n del outsourcing\",\"la mayor\u00eda de la gente estaba deseando que llegara el proceso de transici\u00f3n\",\"para que rindiera cuentas del desastre\",\"proceso de transici\u00f3n\",\"un plan com\u00fan para abordar la mayor\u00eda de los problemas\"],\"inLanguage\":\"es\"},{\"@type\":\"WebPage\",\"@id\":\"https:\/\/proyectum.com\/cl\/transformaciones-organizacionales-una-historia-desde-las-trincheras\/\",\"url\":\"https:\/\/proyectum.com\/cl\/transformaciones-organizacionales-una-historia-desde-las-trincheras\/\",\"name\":\"Transformaciones organizacionales: Una historia desde las trincheras - Proyectum Chile\",\"isPartOf\":{\"@id\":\"https:\/\/proyectum.com\/cl\/#website\"},\"primaryImageOfPage\":{\"@id\":\"https:\/\/proyectum.com\/cl\/transformaciones-organizacionales-una-historia-desde-las-trincheras\/#primaryimage\"},\"image\":{\"@id\":\"https:\/\/proyectum.com\/cl\/transformaciones-organizacionales-una-historia-desde-las-trincheras\/#primaryimage\"},\"thumbnailUrl\":\"https:\/\/proyectum.com\/cl\/wp-content\/uploads\/2021\/03\/Transformacion-Organizacional.jpg\",\"datePublished\":\"2021-03-09T03:24:54+00:00\",\"breadcrumb\":{\"@id\":\"https:\/\/proyectum.com\/cl\/transformaciones-organizacionales-una-historia-desde-las-trincheras\/#breadcrumb\"},\"inLanguage\":\"es\",\"potentialAction\":[{\"@type\":\"ReadAction\",\"target\":[\"https:\/\/proyectum.com\/cl\/transformaciones-organizacionales-una-historia-desde-las-trincheras\/\"]}]},{\"@type\":\"ImageObject\",\"inLanguage\":\"es\",\"@id\":\"https:\/\/proyectum.com\/cl\/transformaciones-organizacionales-una-historia-desde-las-trincheras\/#primaryimage\",\"url\":\"https:\/\/proyectum.com\/cl\/wp-content\/uploads\/2021\/03\/Transformacion-Organizacional.jpg\",\"contentUrl\":\"https:\/\/proyectum.com\/cl\/wp-content\/uploads\/2021\/03\/Transformacion-Organizacional.jpg\",\"width\":1700,\"height\":1133,\"caption\":\"Transformacion Organizacional\"},{\"@type\":\"BreadcrumbList\",\"@id\":\"https:\/\/proyectum.com\/cl\/transformaciones-organizacionales-una-historia-desde-las-trincheras\/#breadcrumb\",\"itemListElement\":[{\"@type\":\"ListItem\",\"position\":1,\"name\":\"Home\",\"item\":\"https:\/\/proyectum.com\/cl\/\"},{\"@type\":\"ListItem\",\"position\":2,\"name\":\"Transformaciones organizacionales: Una historia desde las trincheras\"}]},{\"@type\":\"WebSite\",\"@id\":\"https:\/\/proyectum.com\/cl\/#website\",\"url\":\"https:\/\/proyectum.com\/cl\/\",\"name\":\"Proyectum Chile\",\"description\":\"Direcci\u00f3n de Proyectos y Metodolog\u00edas \u00c1giles\",\"publisher\":{\"@id\":\"https:\/\/proyectum.com\/cl\/#organization\"},\"potentialAction\":[{\"@type\":\"SearchAction\",\"target\":{\"@type\":\"EntryPoint\",\"urlTemplate\":\"https:\/\/proyectum.com\/cl\/?s={search_term_string}\"},\"query-input\":{\"@type\":\"PropertyValueSpecification\",\"valueRequired\":true,\"valueName\":\"search_term_string\"}}],\"inLanguage\":\"es\"},{\"@type\":\"Organization\",\"@id\":\"https:\/\/proyectum.com\/cl\/#organization\",\"name\":\"Proyectum Chile\",\"url\":\"https:\/\/proyectum.com\/cl\/\",\"logo\":{\"@type\":\"ImageObject\",\"inLanguage\":\"es\",\"@id\":\"https:\/\/proyectum.com\/cl\/#\/schema\/logo\/image\/\",\"url\":\"https:\/\/proyectum.com\/cl\/wp-content\/uploads\/2020\/04\/proyectum-logo-snippet.png\",\"contentUrl\":\"https:\/\/proyectum.com\/cl\/wp-content\/uploads\/2020\/04\/proyectum-logo-snippet.png\",\"width\":600,\"height\":315,\"caption\":\"Proyectum Chile\"},\"image\":{\"@id\":\"https:\/\/proyectum.com\/cl\/#\/schema\/logo\/image\/\"},\"sameAs\":[\"https:\/\/www.facebook.com\/proyectumchile\/\",\"https:\/\/www.linkedin.com\/company\/proyectum-cl\/\",\"https:\/\/www.instagram.com\/proyectumchile\/\",\"https:\/\/www.youtube.com\/@proyectum2283\/videos\"]},{\"@type\":\"Person\",\"@id\":\"https:\/\/proyectum.com\/cl\/#\/schema\/person\/7d5caa4386a11be650af177d3f2e5aee\",\"name\":\"Proyectum 2025\",\"image\":{\"@type\":\"ImageObject\",\"inLanguage\":\"es\",\"@id\":\"https:\/\/proyectum.com\/cl\/#\/schema\/person\/image\/\",\"url\":\"https:\/\/secure.gravatar.com\/avatar\/df82793fddd8f0a5a84fdb27d958bf73?s=96&d=mm&r=g\",\"contentUrl\":\"https:\/\/secure.gravatar.com\/avatar\/df82793fddd8f0a5a84fdb27d958bf73?s=96&d=mm&r=g\",\"caption\":\"Proyectum 2025\"}}]}<\/script>\n<!-- \/ Yoast SEO plugin. -->","yoast_head_json":{"title":"Transformaciones organizacionales: Una historia desde las trincheras - Proyectum Chile","robots":{"index":"index","follow":"follow","max-snippet":"max-snippet:-1","max-image-preview":"max-image-preview:large","max-video-preview":"max-video-preview:-1"},"canonical":"https:\/\/proyectum.com\/cl\/transformaciones-organizacionales-una-historia-desde-las-trincheras\/","og_locale":"es_ES","og_type":"article","og_title":"Transformaciones organizacionales: Una historia desde las trincheras - Proyectum Chile","og_description":"Por: Jorge Vald\u00e9s Garciatorres, MDO, PMP \u201cSi tengo que resolver un problema, pienso 90% del tiempo acerca del problema y 10% en la soluci\u00f3n\u201d Albert Einstein Nota: Este art\u00edculo fue publicado originalmente en www.projectmanagement.com &#8212;&#8212; Nos preocupaba el personal. A trav\u00e9s del proyecto de outsourcing, el \u00e1rea de TI de la compa\u00f1\u00eda de seguros para [&hellip;]","og_url":"https:\/\/proyectum.com\/cl\/transformaciones-organizacionales-una-historia-desde-las-trincheras\/","og_site_name":"Proyectum Chile","article_publisher":"https:\/\/www.facebook.com\/proyectumchile\/","article_published_time":"2021-03-09T03:24:54+00:00","og_image":[{"width":1700,"height":1133,"url":"https:\/\/proyectum.com\/cl\/wp-content\/uploads\/2021\/03\/Transformacion-Organizacional.jpg","type":"image\/jpeg"}],"author":"Proyectum 2025","twitter_card":"summary_large_image","twitter_misc":{"Escrito por":"Proyectum 2025","Tiempo de lectura":"6 minutos"},"schema":{"@context":"https:\/\/schema.org","@graph":[{"@type":"Article","@id":"https:\/\/proyectum.com\/cl\/transformaciones-organizacionales-una-historia-desde-las-trincheras\/#article","isPartOf":{"@id":"https:\/\/proyectum.com\/cl\/transformaciones-organizacionales-una-historia-desde-las-trincheras\/"},"author":{"name":"Proyectum 2025","@id":"https:\/\/proyectum.com\/cl\/#\/schema\/person\/7d5caa4386a11be650af177d3f2e5aee"},"headline":"Transformaciones organizacionales: Una historia desde las trincheras","datePublished":"2021-03-09T03:24:54+00:00","mainEntityOfPage":{"@id":"https:\/\/proyectum.com\/cl\/transformaciones-organizacionales-una-historia-desde-las-trincheras\/"},"wordCount":1263,"publisher":{"@id":"https:\/\/proyectum.com\/cl\/#organization"},"image":{"@id":"https:\/\/proyectum.com\/cl\/transformaciones-organizacionales-una-historia-desde-las-trincheras\/#primaryimage"},"thumbnailUrl":"https:\/\/proyectum.com\/cl\/wp-content\/uploads\/2021\/03\/Transformacion-Organizacional.jpg","keywords":["aumentaron el nivel de exigencia y redujeron su tolerancia","gesti\u00f3n del outsourcing","la mayor\u00eda de la gente estaba deseando que llegara el proceso de transici\u00f3n","para que rindiera cuentas del desastre","proceso de transici\u00f3n","un plan com\u00fan para abordar la mayor\u00eda de los problemas"],"inLanguage":"es"},{"@type":"WebPage","@id":"https:\/\/proyectum.com\/cl\/transformaciones-organizacionales-una-historia-desde-las-trincheras\/","url":"https:\/\/proyectum.com\/cl\/transformaciones-organizacionales-una-historia-desde-las-trincheras\/","name":"Transformaciones organizacionales: Una historia desde las trincheras - Proyectum Chile","isPartOf":{"@id":"https:\/\/proyectum.com\/cl\/#website"},"primaryImageOfPage":{"@id":"https:\/\/proyectum.com\/cl\/transformaciones-organizacionales-una-historia-desde-las-trincheras\/#primaryimage"},"image":{"@id":"https:\/\/proyectum.com\/cl\/transformaciones-organizacionales-una-historia-desde-las-trincheras\/#primaryimage"},"thumbnailUrl":"https:\/\/proyectum.com\/cl\/wp-content\/uploads\/2021\/03\/Transformacion-Organizacional.jpg","datePublished":"2021-03-09T03:24:54+00:00","breadcrumb":{"@id":"https:\/\/proyectum.com\/cl\/transformaciones-organizacionales-una-historia-desde-las-trincheras\/#breadcrumb"},"inLanguage":"es","potentialAction":[{"@type":"ReadAction","target":["https:\/\/proyectum.com\/cl\/transformaciones-organizacionales-una-historia-desde-las-trincheras\/"]}]},{"@type":"ImageObject","inLanguage":"es","@id":"https:\/\/proyectum.com\/cl\/transformaciones-organizacionales-una-historia-desde-las-trincheras\/#primaryimage","url":"https:\/\/proyectum.com\/cl\/wp-content\/uploads\/2021\/03\/Transformacion-Organizacional.jpg","contentUrl":"https:\/\/proyectum.com\/cl\/wp-content\/uploads\/2021\/03\/Transformacion-Organizacional.jpg","width":1700,"height":1133,"caption":"Transformacion Organizacional"},{"@type":"BreadcrumbList","@id":"https:\/\/proyectum.com\/cl\/transformaciones-organizacionales-una-historia-desde-las-trincheras\/#breadcrumb","itemListElement":[{"@type":"ListItem","position":1,"name":"Home","item":"https:\/\/proyectum.com\/cl\/"},{"@type":"ListItem","position":2,"name":"Transformaciones organizacionales: Una historia desde las trincheras"}]},{"@type":"WebSite","@id":"https:\/\/proyectum.com\/cl\/#website","url":"https:\/\/proyectum.com\/cl\/","name":"Proyectum Chile","description":"Direcci\u00f3n de Proyectos y Metodolog\u00edas \u00c1giles","publisher":{"@id":"https:\/\/proyectum.com\/cl\/#organization"},"potentialAction":[{"@type":"SearchAction","target":{"@type":"EntryPoint","urlTemplate":"https:\/\/proyectum.com\/cl\/?s={search_term_string}"},"query-input":{"@type":"PropertyValueSpecification","valueRequired":true,"valueName":"search_term_string"}}],"inLanguage":"es"},{"@type":"Organization","@id":"https:\/\/proyectum.com\/cl\/#organization","name":"Proyectum Chile","url":"https:\/\/proyectum.com\/cl\/","logo":{"@type":"ImageObject","inLanguage":"es","@id":"https:\/\/proyectum.com\/cl\/#\/schema\/logo\/image\/","url":"https:\/\/proyectum.com\/cl\/wp-content\/uploads\/2020\/04\/proyectum-logo-snippet.png","contentUrl":"https:\/\/proyectum.com\/cl\/wp-content\/uploads\/2020\/04\/proyectum-logo-snippet.png","width":600,"height":315,"caption":"Proyectum Chile"},"image":{"@id":"https:\/\/proyectum.com\/cl\/#\/schema\/logo\/image\/"},"sameAs":["https:\/\/www.facebook.com\/proyectumchile\/","https:\/\/www.linkedin.com\/company\/proyectum-cl\/","https:\/\/www.instagram.com\/proyectumchile\/","https:\/\/www.youtube.com\/@proyectum2283\/videos"]},{"@type":"Person","@id":"https:\/\/proyectum.com\/cl\/#\/schema\/person\/7d5caa4386a11be650af177d3f2e5aee","name":"Proyectum 2025","image":{"@type":"ImageObject","inLanguage":"es","@id":"https:\/\/proyectum.com\/cl\/#\/schema\/person\/image\/","url":"https:\/\/secure.gravatar.com\/avatar\/df82793fddd8f0a5a84fdb27d958bf73?s=96&d=mm&r=g","contentUrl":"https:\/\/secure.gravatar.com\/avatar\/df82793fddd8f0a5a84fdb27d958bf73?s=96&d=mm&r=g","caption":"Proyectum 2025"}}]}},"_links":{"self":[{"href":"https:\/\/proyectum.com\/cl\/wp-json\/wp\/v2\/posts\/9360","targetHints":{"allow":["GET"]}}],"collection":[{"href":"https:\/\/proyectum.com\/cl\/wp-json\/wp\/v2\/posts"}],"about":[{"href":"https:\/\/proyectum.com\/cl\/wp-json\/wp\/v2\/types\/post"}],"author":[{"embeddable":true,"href":"https:\/\/proyectum.com\/cl\/wp-json\/wp\/v2\/users\/26"}],"replies":[{"embeddable":true,"href":"https:\/\/proyectum.com\/cl\/wp-json\/wp\/v2\/comments?post=9360"}],"version-history":[{"count":0,"href":"https:\/\/proyectum.com\/cl\/wp-json\/wp\/v2\/posts\/9360\/revisions"}],"wp:featuredmedia":[{"embeddable":true,"href":"https:\/\/proyectum.com\/cl\/wp-json\/wp\/v2\/media\/9362"}],"wp:attachment":[{"href":"https:\/\/proyectum.com\/cl\/wp-json\/wp\/v2\/media?parent=9360"}],"wp:term":[{"taxonomy":"category","embeddable":true,"href":"https:\/\/proyectum.com\/cl\/wp-json\/wp\/v2\/categories?post=9360"},{"taxonomy":"post_tag","embeddable":true,"href":"https:\/\/proyectum.com\/cl\/wp-json\/wp\/v2\/tags?post=9360"}],"curies":[{"name":"wp","href":"https:\/\/api.w.org\/{rel}","templated":true}]}}