{"id":9571,"date":"2021-06-30T12:00:46","date_gmt":"2021-06-30T15:00:46","guid":{"rendered":"https:\/\/www.proyectum.com\/sistema\/?p=9571"},"modified":"2021-06-30T12:00:46","modified_gmt":"2021-06-30T15:00:46","slug":"competencias-digitales-la-nueva-alfabetizacion","status":"publish","type":"post","link":"https:\/\/proyectum.com\/cl\/competencias-digitales-la-nueva-alfabetizacion\/","title":{"rendered":"Competencias digitales, la nueva alfabetizaci\u00f3n"},"content":{"rendered":"<p style=\"text-align: right;\">Por Jorge Vald\u00e9s Garciatorres, MDO, PMP<\/p>\n<p style=\"text-align: right;\"><em>\u00abEn cuesti\u00f3n de d\u00e9cadas, la sociedad se reorganiza por completo: su visi\u00f3n del mundo, sus valores b\u00e1sicos, sus estructuras sociales y pol\u00edticas, sus artes, sus instituciones clave. Cincuenta a\u00f1os despu\u00e9s, existe un nuevo mundo. Y las personas que nacen en ese mundo no pueden ni siquiera imaginar el mundo en el que viv\u00edan sus abuelos y en el que nacieron sus propios padres. Nuestra \u00e9poca es un per\u00edodo de transformaci\u00f3n de este tipo\u00bb<\/em>.<\/p>\n<p style=\"text-align: right;\"><strong>Peter F. Drucker, gur\u00fa de Negocios 1992.<\/strong><\/p>\n<p>Muchos hablan del cambio que est\u00e1 sufriendo el mundo a partir de la emergencia sanitaria global de COVID-19, yo creo que solo fue y sigue siendo en 2021,\u00a0 un catalizador de un cambio que se empez\u00f3 a gestar en 1969 cuando por primera vez se enlazaron computadoras de cuatro universidades estadunidenses en lo que pas\u00f3 a la historia como ARPANET. A mi me parece que este suceso es equivalente al invento de la imprenta de Gutenberg en 1440, solo que, desde mi punto de vista, exponencialmente m\u00e1s impactante.<\/p>\n<p>En 1979, despu\u00e9s de m\u00faltiples inventos, surgen los primeros grupos de \u201ctrabajo\u201d en red conocidos como newsgroups y la forma de colaborar empez\u00f3 a cambiar.<\/p>\n<p>En lo que tengo le\u00eddo de Drucker uno de los autores y fil\u00f3sofos de negocio, visionario y sin lugar a dudas, adelantado a su \u00e9poca, no he encontrado alguna alusi\u00f3n a las <strong>competencias digitales<\/strong>.<\/p>\n<p>Lo haya definido Drucker o alguien m\u00e1s, hoy como profesionales y como seres humanos necesitamos desarrollar nuestras competencias digitales, para mantenernos vigentes.<\/p>\n<p><strong>\u00bfQu\u00e9 son las competencias digitales? <\/strong><\/p>\n<p>De acuerdo con un art\u00edculo publicado por la UNESCO en 2018, las competencias digitales son:<\/p>\n<p><em>\u201cLas competencias digitales se definen como un espectro de conocimientos, habilidades y actitudes, que facilitan el uso de los dispositivos digitales, las aplicaciones de comunicaci\u00f3n y las redes para acceder a la informaci\u00f3n y llevar a cabo una mejor gesti\u00f3n de \u00e9stas. <\/em><\/p>\n<p><em>Estas competencias permiten crear e intercambiar contenidos digitales, comunicar y colaborar, as\u00ed como dar soluci\u00f3n a problemas con miras a alcanzar un desarrollo eficaz y creativo en la vida, el trabajo y las actividades sociales en general\u201d. <\/em><\/p>\n<p>Y a\u00f1ade:<\/p>\n<p><em>\u201cPara lograr que las personas progresen en una econom\u00eda y sociedad conectadas, las competencias digitales deben ir tambi\u00e9n a la par de las capacidades s\u00f3lidas en lectoescritura y c\u00e1lculo, de un pensamiento cr\u00edtico e innovador, de las soluciones a los problemas complejos, la capacidad de colaborar y las capacidades socioemocionales\u201d.<\/em><\/p>\n<p>Por su parte Andres Skov del Center for Digital Dannelse propone la siguiente definici\u00f3n:<\/p>\n<p><em>\u201cLa competencia digital es una combinaci\u00f3n de conocimientos, habilidades y actitudes con respecto al uso de la tecnolog\u00eda para realizar tareas, resolver problemas comunicar, gestionar la informaci\u00f3n, colaborar, as\u00ed como para crear y compartir contenidos de forma eficaz, de forma adecuada, segura, cr\u00edtica, creativa, independiente y \u00e9tica.\u201d<\/em><\/p>\n<p>No cabe duda, <strong>la nueva alfabetizaci\u00f3n es digital<\/strong> y nos obliga a estar actualizados en todo un abanico de temas que quiz\u00e1s hace 5 o 10 a\u00f1os ni siquiera \u00e9ramos conscientes de que el desarrollo personal y profesional apuntar\u00eda en ese rumbo.<\/p>\n<p>Por eso, todos debemos preguntarnos <strong>\u00bfQu\u00e9 aspectos cubren las competencias digitales?<\/strong> \u00bfCu\u00e1les son m\u00e1s relevantes en mi actividad principal? \u00bfC\u00f3mo puedo saber qu\u00e9 tan competente soy desde el punto de vista digital?<\/p>\n<p>Como dec\u00eda Drucker (uno de mis h\u00e9roes), \u201c<strong>S\u00ed no lo mides, no lo puedes mejorar<\/strong>\u201d y complementado por Galileo Galilei, \u201c<strong>Todo puede medirse y si no se puede medir, hazlo mesurable<\/strong>\u201d.\u00a0 Entonces, si queremos mejorar en alg\u00fan aspecto, lo primero que tenemos que hacer es tener una l\u00ednea base, que nos diga d\u00f3nde estamos parados y en d\u00f3nde existen brechas que debemos atender para mejorar nuestro nivel de competencias.<\/p>\n<p>Casi como en todos los aspectos del quehacer humano, actualmente existen muchos enfoques y criterios para <strong>medir tus competencias digitales<\/strong>. Nosotros en Proyectum hemos realizado una evaluaci\u00f3n de nuestras competencias digitales a nivel regional y los resultados, aunque satisfactorios, nos desaf\u00edan a seguirnos preparando para continuar agregando valor a individuos y organizaciones y ser un verdadero sherpa que acompa\u00f1e la jornada de\u00a0 transformaci\u00f3n de nuestros clientes.<\/p>\n<p>La evaluaci\u00f3n que usamos, porque nos parece una de las m\u00e1s completas del mercado, pues te da un panorama 360\u00ba de los aspectos m\u00e1s relevantes de las competencias digitales, te permite saber en d\u00f3nde est\u00e1s colocado (benchmarking) y adem\u00e1s te da consejos de c\u00f3mo prepararte para cerrar las brechas (Roadmap), y por ello la recomendamos ampliamente, es la del Center for Digital Dannelese y de la que puedes encontrar una versi\u00f3n en espa\u00f1ol en <a href=\"https:\/\/competencias-digitales.es\/competenciasdigitales\/\" target=\"_blank\" rel=\"noopener\">esta liga<\/a>.<\/p>\n<p>Si quieres conocer los resultados de nuestra evaluaci\u00f3n e incluso, evaluar tus competencias digitales a nivel organizaci\u00f3n, <a href=\"mailto:contacto@mx.proyectum.com?subject=Evaluaci\u00f2n%20de%20Competencias%20Digitales\">cont\u00e1ctanos<\/a>, nosotros te podemos ayudar.<\/p>\n","protected":false},"excerpt":{"rendered":"<p>Por Jorge Vald\u00e9s Garciatorres, MDO, PMP \u00abEn cuesti\u00f3n de d\u00e9cadas, la sociedad se reorganiza por completo: su visi\u00f3n del mundo, sus valores b\u00e1sicos, sus estructuras sociales y pol\u00edticas, sus artes, sus instituciones clave. Cincuenta a\u00f1os despu\u00e9s, existe un nuevo mundo. Y las personas que nacen en ese mundo no pueden ni siquiera imaginar el mundo [&hellip;]<\/p>\n","protected":false},"author":26,"featured_media":9573,"comment_status":"closed","ping_status":"closed","sticky":false,"template":"","format":"standard","meta":{"_acf_changed":false,"footnotes":""},"categories":[1102,217,215],"tags":[3272,3273,3274,3276],"class_list":["post-9571","post","type-post","status-publish","format-standard","has-post-thumbnail","hentry","category-agil","category-innovacion","category-liderazgo","tag-que-aspectos-cubren-las-competencias-digitales","tag-competencias-digitales","tag-la-nueva-alfabetizacion-es-digital","tag-medir-tus-competencias-digitales"],"acf":[],"yoast_head":"<!-- This site is optimized with the Yoast SEO plugin v24.4 - https:\/\/yoast.com\/wordpress\/plugins\/seo\/ -->\n<title>Competencias digitales, la nueva alfabetizaci\u00f3n - Proyectum Chile<\/title>\n<meta name=\"robots\" content=\"index, follow, max-snippet:-1, max-image-preview:large, max-video-preview:-1\" \/>\n<link rel=\"canonical\" href=\"https:\/\/proyectum.com\/cl\/competencias-digitales-la-nueva-alfabetizacion\/\" \/>\n<meta property=\"og:locale\" content=\"es_ES\" \/>\n<meta property=\"og:type\" content=\"article\" \/>\n<meta property=\"og:title\" content=\"Competencias digitales, la nueva alfabetizaci\u00f3n - Proyectum Chile\" \/>\n<meta property=\"og:description\" content=\"Por Jorge Vald\u00e9s Garciatorres, MDO, PMP \u00abEn cuesti\u00f3n de d\u00e9cadas, la sociedad se reorganiza por completo: su visi\u00f3n del mundo, sus valores b\u00e1sicos, sus estructuras sociales y pol\u00edticas, sus artes, sus instituciones clave. Cincuenta a\u00f1os despu\u00e9s, existe un nuevo mundo. Y las personas que nacen en ese mundo no pueden ni siquiera imaginar el mundo [&hellip;]\" \/>\n<meta property=\"og:url\" content=\"https:\/\/proyectum.com\/cl\/competencias-digitales-la-nueva-alfabetizacion\/\" \/>\n<meta property=\"og:site_name\" content=\"Proyectum Chile\" \/>\n<meta property=\"article:publisher\" content=\"https:\/\/www.facebook.com\/proyectumchile\/\" \/>\n<meta property=\"article:published_time\" content=\"2021-06-30T15:00:46+00:00\" \/>\n<meta property=\"og:image\" content=\"https:\/\/proyectum.com\/cl\/wp-content\/uploads\/2021\/06\/Competencias-Digitales.jpg\" \/>\n\t<meta property=\"og:image:width\" content=\"1700\" \/>\n\t<meta property=\"og:image:height\" content=\"1133\" \/>\n\t<meta property=\"og:image:type\" content=\"image\/jpeg\" \/>\n<meta name=\"author\" content=\"Proyectum 2025\" \/>\n<meta name=\"twitter:card\" content=\"summary_large_image\" \/>\n<meta name=\"twitter:label1\" content=\"Escrito por\" \/>\n\t<meta name=\"twitter:data1\" content=\"Proyectum 2025\" \/>\n\t<meta name=\"twitter:label2\" content=\"Tiempo de lectura\" \/>\n\t<meta name=\"twitter:data2\" content=\"4 minutos\" \/>\n<script type=\"application\/ld+json\" class=\"yoast-schema-graph\">{\"@context\":\"https:\/\/schema.org\",\"@graph\":[{\"@type\":\"Article\",\"@id\":\"https:\/\/proyectum.com\/cl\/competencias-digitales-la-nueva-alfabetizacion\/#article\",\"isPartOf\":{\"@id\":\"https:\/\/proyectum.com\/cl\/competencias-digitales-la-nueva-alfabetizacion\/\"},\"author\":{\"name\":\"Proyectum 2025\",\"@id\":\"https:\/\/proyectum.com\/cl\/#\/schema\/person\/7d5caa4386a11be650af177d3f2e5aee\"},\"headline\":\"Competencias digitales, la nueva alfabetizaci\u00f3n\",\"datePublished\":\"2021-06-30T15:00:46+00:00\",\"mainEntityOfPage\":{\"@id\":\"https:\/\/proyectum.com\/cl\/competencias-digitales-la-nueva-alfabetizacion\/\"},\"wordCount\":834,\"publisher\":{\"@id\":\"https:\/\/proyectum.com\/cl\/#organization\"},\"image\":{\"@id\":\"https:\/\/proyectum.com\/cl\/competencias-digitales-la-nueva-alfabetizacion\/#primaryimage\"},\"thumbnailUrl\":\"https:\/\/proyectum.com\/cl\/wp-content\/uploads\/2021\/06\/Competencias-Digitales.jpg\",\"keywords\":[\"\u00bfQu\u00e9 aspectos cubren las competencias digitales?\",\"competencias digitales\",\"la nueva alfabetizaci\u00f3n es digital\",\"medir tus competencias digitales\"],\"articleSection\":[\"\u00c1gil\",\"Innovaci\u00f3n\",\"Liderazgo\"],\"inLanguage\":\"es\"},{\"@type\":\"WebPage\",\"@id\":\"https:\/\/proyectum.com\/cl\/competencias-digitales-la-nueva-alfabetizacion\/\",\"url\":\"https:\/\/proyectum.com\/cl\/competencias-digitales-la-nueva-alfabetizacion\/\",\"name\":\"Competencias digitales, la nueva alfabetizaci\u00f3n - Proyectum Chile\",\"isPartOf\":{\"@id\":\"https:\/\/proyectum.com\/cl\/#website\"},\"primaryImageOfPage\":{\"@id\":\"https:\/\/proyectum.com\/cl\/competencias-digitales-la-nueva-alfabetizacion\/#primaryimage\"},\"image\":{\"@id\":\"https:\/\/proyectum.com\/cl\/competencias-digitales-la-nueva-alfabetizacion\/#primaryimage\"},\"thumbnailUrl\":\"https:\/\/proyectum.com\/cl\/wp-content\/uploads\/2021\/06\/Competencias-Digitales.jpg\",\"datePublished\":\"2021-06-30T15:00:46+00:00\",\"breadcrumb\":{\"@id\":\"https:\/\/proyectum.com\/cl\/competencias-digitales-la-nueva-alfabetizacion\/#breadcrumb\"},\"inLanguage\":\"es\",\"potentialAction\":[{\"@type\":\"ReadAction\",\"target\":[\"https:\/\/proyectum.com\/cl\/competencias-digitales-la-nueva-alfabetizacion\/\"]}]},{\"@type\":\"ImageObject\",\"inLanguage\":\"es\",\"@id\":\"https:\/\/proyectum.com\/cl\/competencias-digitales-la-nueva-alfabetizacion\/#primaryimage\",\"url\":\"https:\/\/proyectum.com\/cl\/wp-content\/uploads\/2021\/06\/Competencias-Digitales.jpg\",\"contentUrl\":\"https:\/\/proyectum.com\/cl\/wp-content\/uploads\/2021\/06\/Competencias-Digitales.jpg\",\"width\":1700,\"height\":1133,\"caption\":\"Competencias Digitales\"},{\"@type\":\"BreadcrumbList\",\"@id\":\"https:\/\/proyectum.com\/cl\/competencias-digitales-la-nueva-alfabetizacion\/#breadcrumb\",\"itemListElement\":[{\"@type\":\"ListItem\",\"position\":1,\"name\":\"Home\",\"item\":\"https:\/\/proyectum.com\/cl\/\"},{\"@type\":\"ListItem\",\"position\":2,\"name\":\"Competencias digitales, la nueva alfabetizaci\u00f3n\"}]},{\"@type\":\"WebSite\",\"@id\":\"https:\/\/proyectum.com\/cl\/#website\",\"url\":\"https:\/\/proyectum.com\/cl\/\",\"name\":\"Proyectum Chile\",\"description\":\"Direcci\u00f3n de Proyectos y Metodolog\u00edas \u00c1giles\",\"publisher\":{\"@id\":\"https:\/\/proyectum.com\/cl\/#organization\"},\"potentialAction\":[{\"@type\":\"SearchAction\",\"target\":{\"@type\":\"EntryPoint\",\"urlTemplate\":\"https:\/\/proyectum.com\/cl\/?s={search_term_string}\"},\"query-input\":{\"@type\":\"PropertyValueSpecification\",\"valueRequired\":true,\"valueName\":\"search_term_string\"}}],\"inLanguage\":\"es\"},{\"@type\":\"Organization\",\"@id\":\"https:\/\/proyectum.com\/cl\/#organization\",\"name\":\"Proyectum Chile\",\"url\":\"https:\/\/proyectum.com\/cl\/\",\"logo\":{\"@type\":\"ImageObject\",\"inLanguage\":\"es\",\"@id\":\"https:\/\/proyectum.com\/cl\/#\/schema\/logo\/image\/\",\"url\":\"https:\/\/proyectum.com\/cl\/wp-content\/uploads\/2020\/04\/proyectum-logo-snippet.png\",\"contentUrl\":\"https:\/\/proyectum.com\/cl\/wp-content\/uploads\/2020\/04\/proyectum-logo-snippet.png\",\"width\":600,\"height\":315,\"caption\":\"Proyectum Chile\"},\"image\":{\"@id\":\"https:\/\/proyectum.com\/cl\/#\/schema\/logo\/image\/\"},\"sameAs\":[\"https:\/\/www.facebook.com\/proyectumchile\/\",\"https:\/\/www.linkedin.com\/company\/proyectum-cl\/\",\"https:\/\/www.instagram.com\/proyectumchile\/\",\"https:\/\/www.youtube.com\/@proyectum2283\/videos\"]},{\"@type\":\"Person\",\"@id\":\"https:\/\/proyectum.com\/cl\/#\/schema\/person\/7d5caa4386a11be650af177d3f2e5aee\",\"name\":\"Proyectum 2025\",\"image\":{\"@type\":\"ImageObject\",\"inLanguage\":\"es\",\"@id\":\"https:\/\/proyectum.com\/cl\/#\/schema\/person\/image\/\",\"url\":\"https:\/\/secure.gravatar.com\/avatar\/df82793fddd8f0a5a84fdb27d958bf73?s=96&d=mm&r=g\",\"contentUrl\":\"https:\/\/secure.gravatar.com\/avatar\/df82793fddd8f0a5a84fdb27d958bf73?s=96&d=mm&r=g\",\"caption\":\"Proyectum 2025\"}}]}<\/script>\n<!-- \/ Yoast SEO plugin. -->","yoast_head_json":{"title":"Competencias digitales, la nueva alfabetizaci\u00f3n - Proyectum Chile","robots":{"index":"index","follow":"follow","max-snippet":"max-snippet:-1","max-image-preview":"max-image-preview:large","max-video-preview":"max-video-preview:-1"},"canonical":"https:\/\/proyectum.com\/cl\/competencias-digitales-la-nueva-alfabetizacion\/","og_locale":"es_ES","og_type":"article","og_title":"Competencias digitales, la nueva alfabetizaci\u00f3n - Proyectum Chile","og_description":"Por Jorge Vald\u00e9s Garciatorres, MDO, PMP \u00abEn cuesti\u00f3n de d\u00e9cadas, la sociedad se reorganiza por completo: su visi\u00f3n del mundo, sus valores b\u00e1sicos, sus estructuras sociales y pol\u00edticas, sus artes, sus instituciones clave. Cincuenta a\u00f1os despu\u00e9s, existe un nuevo mundo. Y las personas que nacen en ese mundo no pueden ni siquiera imaginar el mundo [&hellip;]","og_url":"https:\/\/proyectum.com\/cl\/competencias-digitales-la-nueva-alfabetizacion\/","og_site_name":"Proyectum Chile","article_publisher":"https:\/\/www.facebook.com\/proyectumchile\/","article_published_time":"2021-06-30T15:00:46+00:00","og_image":[{"width":1700,"height":1133,"url":"https:\/\/proyectum.com\/cl\/wp-content\/uploads\/2021\/06\/Competencias-Digitales.jpg","type":"image\/jpeg"}],"author":"Proyectum 2025","twitter_card":"summary_large_image","twitter_misc":{"Escrito por":"Proyectum 2025","Tiempo de lectura":"4 minutos"},"schema":{"@context":"https:\/\/schema.org","@graph":[{"@type":"Article","@id":"https:\/\/proyectum.com\/cl\/competencias-digitales-la-nueva-alfabetizacion\/#article","isPartOf":{"@id":"https:\/\/proyectum.com\/cl\/competencias-digitales-la-nueva-alfabetizacion\/"},"author":{"name":"Proyectum 2025","@id":"https:\/\/proyectum.com\/cl\/#\/schema\/person\/7d5caa4386a11be650af177d3f2e5aee"},"headline":"Competencias digitales, la nueva alfabetizaci\u00f3n","datePublished":"2021-06-30T15:00:46+00:00","mainEntityOfPage":{"@id":"https:\/\/proyectum.com\/cl\/competencias-digitales-la-nueva-alfabetizacion\/"},"wordCount":834,"publisher":{"@id":"https:\/\/proyectum.com\/cl\/#organization"},"image":{"@id":"https:\/\/proyectum.com\/cl\/competencias-digitales-la-nueva-alfabetizacion\/#primaryimage"},"thumbnailUrl":"https:\/\/proyectum.com\/cl\/wp-content\/uploads\/2021\/06\/Competencias-Digitales.jpg","keywords":["\u00bfQu\u00e9 aspectos cubren las competencias digitales?","competencias digitales","la nueva alfabetizaci\u00f3n es digital","medir tus competencias digitales"],"articleSection":["\u00c1gil","Innovaci\u00f3n","Liderazgo"],"inLanguage":"es"},{"@type":"WebPage","@id":"https:\/\/proyectum.com\/cl\/competencias-digitales-la-nueva-alfabetizacion\/","url":"https:\/\/proyectum.com\/cl\/competencias-digitales-la-nueva-alfabetizacion\/","name":"Competencias digitales, la nueva alfabetizaci\u00f3n - Proyectum Chile","isPartOf":{"@id":"https:\/\/proyectum.com\/cl\/#website"},"primaryImageOfPage":{"@id":"https:\/\/proyectum.com\/cl\/competencias-digitales-la-nueva-alfabetizacion\/#primaryimage"},"image":{"@id":"https:\/\/proyectum.com\/cl\/competencias-digitales-la-nueva-alfabetizacion\/#primaryimage"},"thumbnailUrl":"https:\/\/proyectum.com\/cl\/wp-content\/uploads\/2021\/06\/Competencias-Digitales.jpg","datePublished":"2021-06-30T15:00:46+00:00","breadcrumb":{"@id":"https:\/\/proyectum.com\/cl\/competencias-digitales-la-nueva-alfabetizacion\/#breadcrumb"},"inLanguage":"es","potentialAction":[{"@type":"ReadAction","target":["https:\/\/proyectum.com\/cl\/competencias-digitales-la-nueva-alfabetizacion\/"]}]},{"@type":"ImageObject","inLanguage":"es","@id":"https:\/\/proyectum.com\/cl\/competencias-digitales-la-nueva-alfabetizacion\/#primaryimage","url":"https:\/\/proyectum.com\/cl\/wp-content\/uploads\/2021\/06\/Competencias-Digitales.jpg","contentUrl":"https:\/\/proyectum.com\/cl\/wp-content\/uploads\/2021\/06\/Competencias-Digitales.jpg","width":1700,"height":1133,"caption":"Competencias Digitales"},{"@type":"BreadcrumbList","@id":"https:\/\/proyectum.com\/cl\/competencias-digitales-la-nueva-alfabetizacion\/#breadcrumb","itemListElement":[{"@type":"ListItem","position":1,"name":"Home","item":"https:\/\/proyectum.com\/cl\/"},{"@type":"ListItem","position":2,"name":"Competencias digitales, la nueva alfabetizaci\u00f3n"}]},{"@type":"WebSite","@id":"https:\/\/proyectum.com\/cl\/#website","url":"https:\/\/proyectum.com\/cl\/","name":"Proyectum Chile","description":"Direcci\u00f3n de Proyectos y Metodolog\u00edas \u00c1giles","publisher":{"@id":"https:\/\/proyectum.com\/cl\/#organization"},"potentialAction":[{"@type":"SearchAction","target":{"@type":"EntryPoint","urlTemplate":"https:\/\/proyectum.com\/cl\/?s={search_term_string}"},"query-input":{"@type":"PropertyValueSpecification","valueRequired":true,"valueName":"search_term_string"}}],"inLanguage":"es"},{"@type":"Organization","@id":"https:\/\/proyectum.com\/cl\/#organization","name":"Proyectum Chile","url":"https:\/\/proyectum.com\/cl\/","logo":{"@type":"ImageObject","inLanguage":"es","@id":"https:\/\/proyectum.com\/cl\/#\/schema\/logo\/image\/","url":"https:\/\/proyectum.com\/cl\/wp-content\/uploads\/2020\/04\/proyectum-logo-snippet.png","contentUrl":"https:\/\/proyectum.com\/cl\/wp-content\/uploads\/2020\/04\/proyectum-logo-snippet.png","width":600,"height":315,"caption":"Proyectum Chile"},"image":{"@id":"https:\/\/proyectum.com\/cl\/#\/schema\/logo\/image\/"},"sameAs":["https:\/\/www.facebook.com\/proyectumchile\/","https:\/\/www.linkedin.com\/company\/proyectum-cl\/","https:\/\/www.instagram.com\/proyectumchile\/","https:\/\/www.youtube.com\/@proyectum2283\/videos"]},{"@type":"Person","@id":"https:\/\/proyectum.com\/cl\/#\/schema\/person\/7d5caa4386a11be650af177d3f2e5aee","name":"Proyectum 2025","image":{"@type":"ImageObject","inLanguage":"es","@id":"https:\/\/proyectum.com\/cl\/#\/schema\/person\/image\/","url":"https:\/\/secure.gravatar.com\/avatar\/df82793fddd8f0a5a84fdb27d958bf73?s=96&d=mm&r=g","contentUrl":"https:\/\/secure.gravatar.com\/avatar\/df82793fddd8f0a5a84fdb27d958bf73?s=96&d=mm&r=g","caption":"Proyectum 2025"}}]}},"_links":{"self":[{"href":"https:\/\/proyectum.com\/cl\/wp-json\/wp\/v2\/posts\/9571","targetHints":{"allow":["GET"]}}],"collection":[{"href":"https:\/\/proyectum.com\/cl\/wp-json\/wp\/v2\/posts"}],"about":[{"href":"https:\/\/proyectum.com\/cl\/wp-json\/wp\/v2\/types\/post"}],"author":[{"embeddable":true,"href":"https:\/\/proyectum.com\/cl\/wp-json\/wp\/v2\/users\/26"}],"replies":[{"embeddable":true,"href":"https:\/\/proyectum.com\/cl\/wp-json\/wp\/v2\/comments?post=9571"}],"version-history":[{"count":0,"href":"https:\/\/proyectum.com\/cl\/wp-json\/wp\/v2\/posts\/9571\/revisions"}],"wp:featuredmedia":[{"embeddable":true,"href":"https:\/\/proyectum.com\/cl\/wp-json\/wp\/v2\/media\/9573"}],"wp:attachment":[{"href":"https:\/\/proyectum.com\/cl\/wp-json\/wp\/v2\/media?parent=9571"}],"wp:term":[{"taxonomy":"category","embeddable":true,"href":"https:\/\/proyectum.com\/cl\/wp-json\/wp\/v2\/categories?post=9571"},{"taxonomy":"post_tag","embeddable":true,"href":"https:\/\/proyectum.com\/cl\/wp-json\/wp\/v2\/tags?post=9571"}],"curies":[{"name":"wp","href":"https:\/\/api.w.org\/{rel}","templated":true}]}}