{"id":10103,"date":"2022-06-01T19:20:46","date_gmt":"2022-06-01T22:20:46","guid":{"rendered":"https:\/\/www.proyectum.com\/sistema\/?p=10103"},"modified":"2024-12-23T11:43:49","modified_gmt":"2024-12-23T14:43:49","slug":"cortex-man-la-forma-en-que-nuestro-cerebro-percibe-a-nuestro-cuerpo","status":"publish","type":"post","link":"https:\/\/proyectum.com\/pe\/cortex-man-la-forma-en-que-nuestro-cerebro-percibe-a-nuestro-cuerpo\/","title":{"rendered":"Cortex man: la forma en que nuestro cerebro percibe a nuestro cuerpo"},"content":{"rendered":"<p style=\"text-align: right;\"><span data-contrast=\"auto\">Por: Derek Cabrera, PhD &amp; Laura Cabrera, PhD<\/span><span data-ccp-props=\"{&quot;335551550&quot;:3,&quot;335551620&quot;:3}\">\u00a0<\/span><\/p>\n<p style=\"text-align: right;\"><span data-contrast=\"auto\">Traducido y adaptado por: Jorge Vald\u00e9s Garciatorres, MDO, PMP<\/span><span data-ccp-props=\"{&quot;335551550&quot;:3,&quot;335551620&quot;:3,&quot;335559739&quot;:360}\">\u00a0<\/span><\/p>\n<p style=\"text-align: right;\"><em>\u201cCuando haces que las ideas sean t\u00e1ctiles, las vuelves tangibles.\u00a0<\/em><\/p>\n<p style=\"text-align: right;\"><em>Cuando haces las ideas visuales, las vuelves tangibles\u201d.<\/em><span data-ccp-props=\"{&quot;335551550&quot;:3,&quot;335551620&quot;:3}\">\u00a0<\/span><\/p>\n<p style=\"text-align: right;\"><b><span data-contrast=\"none\">Derek Cabrera, PhD<\/span><\/b><\/p>\n<p style=\"text-align: right;\"><span data-ccp-props=\"{&quot;335551550&quot;:3,&quot;335551620&quot;:3}\">\u00a0<\/span><\/p>\n<p><span data-contrast=\"none\">El <strong>Hombre Corteza<\/strong> (nombre cient\u00edfico: Hom\u00fanculo Cortical) es importante para cualquiera que trabaje en el aprendizaje humano (pista: eso es realmente todo el mundo&#8230; educadores, formadores corporativos, oradores, padres, empresarios, ejecutivos de marketing, etc.)<\/span><span data-ccp-props=\"{&quot;335559739&quot;:360}\">\u00a0<\/span><\/p>\n<p><span data-contrast=\"none\">El hom\u00fanculo cortical es un modelo de representaci\u00f3n de c\u00f3mo el c\u00f3rtex (motor y sensorial) ve el cuerpo humano, es decir, la cantidad de c\u00f3rtex que se asigna a las distintas partes del cuerpo. Lo que se ve con bastante facilidad es el papel [literalmente] masivo que desempe\u00f1an las manos y los ojos (y la boca, aunque eso es un poco m\u00e1s dif\u00edcil de ense\u00f1ar) en la corteza sensorial y motora.<\/span><span data-ccp-props=\"{&quot;335559739&quot;:360}\">\u00a0<\/span><\/p>\n<p><span data-contrast=\"none\">El hombre del c\u00f3rtex proporciona la base cient\u00edfica para establecer la importancia de la diagramaci\u00f3n visual (a veces denominada representaci\u00f3n no ling\u00fc\u00edstica) y la manipulaci\u00f3n t\u00e1ctil (objetos manipulables o modelos utilizados para representar ideas).\u00a0<\/span><span data-ccp-props=\"{&quot;335559739&quot;:360}\">\u00a0<\/span><\/p>\n<p><span data-contrast=\"none\">Cuando un profesor echa un vistazo a la clase, por ejemplo, deber\u00eda ver a 28 de estos peque\u00f1os que le devuelven la mirada. Estos son sus alumnos. <strong>Si quiere que aprendan, debe ense\u00f1arle a su cerebro<\/strong>. Del mismo modo, los formadores de empresas, los oradores p\u00fablicos, los coaches, los profesionales del marketing, los padres y los pol\u00edticos, deber\u00edan mirar a los seres humanos con los que interact\u00faan y ver al Cortex Man.<\/span><span data-ccp-props=\"{&quot;335559739&quot;:360}\">\u00a0<\/span><\/p>\n<p><span data-contrast=\"none\">La importancia de la visualizaci\u00f3n (ojos) y la manipulaci\u00f3n t\u00e1ctil (manos) se suele malinterpretar como algo que se utiliza para los ni\u00f1os peque\u00f1os e ideas simples. Pero nada m\u00e1s lejos de la realidad. Por ejemplo, los manipuladores t\u00e1ctiles tienen la reputaci\u00f3n de ser buenos para alumnos de primaria, alumnos con necesidades especiales o en matem\u00e1ticas abstractas. Sin embargo, <\/span><b><span data-contrast=\"none\">todos los seres humanos somos aprendices t\u00e1ctiles y visuales<\/span><\/b><span data-contrast=\"none\">.\u00a0<\/span><span data-ccp-props=\"{&quot;335559739&quot;:360}\">\u00a0<\/span><\/p>\n<p><span data-contrast=\"none\">Adem\u00e1s, cuanto m\u00e1s complejas sean las ideas (por ejemplo, estudiantes mayores y profesionales), m\u00e1s importante es el uso de elementos t\u00e1ctiles y la visualizaci\u00f3n en el proceso de aprendizaje. Cualquier cosa que los ni\u00f1os puedan utilizar para construir f\u00edsicamente sus pensamientos, ideas y conceptos va a ayudarles a construir el conocimiento. Lo cierto es que, <\/span><b><span data-contrast=\"none\">cuanto m\u00e1s mayores somos y m\u00e1s complejas son las ideas, la visualizaci\u00f3n y la construcci\u00f3n de modelos t\u00e1ctiles se vuelven a\u00fan m\u00e1s importantes.<\/span><\/b><span data-ccp-props=\"{&quot;335559739&quot;:360}\">\u00a0<\/span><\/p>\n<p><b><span data-contrast=\"none\">Cuando haces que las ideas sean t\u00e1ctiles, las vuelves tangibles. Cuando haces las ideas visuales, las vuelves tangibles. <\/span><\/b><span data-contrast=\"none\">Por eso en Cabrera Research hemos desarrollado ciertas innovaciones de aprendizaje construidas para la mente humana como los ThinkBlocks y los MetaMaps.\u00a0<\/span><span data-ccp-props=\"{&quot;335559739&quot;:360}\">\u00a0<\/span><\/p>\n<p><span data-contrast=\"none\">Combinadas con los poderosos patrones de meta-pensamiento que impulsan la construcci\u00f3n y deconstrucci\u00f3n de ideas, estas herramientas se convierten en tecnolog\u00edas disruptivas que tienen el potencial de transformar el aprendizaje humano.\u00a0<\/span><span data-ccp-props=\"{&quot;335559739&quot;:360}\">\u00a0<\/span><\/p>\n<p><span data-contrast=\"none\">Los ThinkBlocks son manipuladores t\u00e1ctiles universales y MetaMap es un software de visualizaci\u00f3n y una plataforma de aprendizaje.\u00a0<\/span><span data-ccp-props=\"{&quot;335559739&quot;:360}\">\u00a0<\/span><\/p>\n<p><b><span data-contrast=\"none\">Ambas son herramientas poderosas precisamente porque le \u00abhablan al cerebro\u00bb.<\/span><\/b><span data-contrast=\"none\"> Son visuales, t\u00e1ctiles y su estructura es paralela a los cuatro patrones universales del meta-pensamiento (DSRP). Deber\u00edan formar parte de todas las aulas y entornos de oficina, de todos los laboratorios y de cualquier otro lugar en el que el pensamiento y el aprendizaje sean importantes (que es casi en cualquier entorno).<\/span><span data-ccp-props=\"{&quot;335559739&quot;:360}\">\u00a0<\/span><span data-ccp-props=\"{&quot;335551550&quot;:2,&quot;335551620&quot;:2}\">\u00a0<\/span><\/p>\n<p><span data-contrast=\"none\"><img fetchpriority=\"high\" decoding=\"async\" class=\"aligncenter size-full wp-image-10107\" src=\"https:\/\/proyectum.com\/pe\/wp-content\/uploads\/2022\/06\/CortexMan.jpg\" alt=\"CortexMan\" width=\"660\" height=\"574\" srcset=\"https:\/\/proyectum.com\/pe\/wp-content\/uploads\/2022\/06\/CortexMan.jpg 660w, https:\/\/proyectum.com\/pe\/wp-content\/uploads\/2022\/06\/CortexMan-300x261.jpg 300w, https:\/\/proyectum.com\/pe\/wp-content\/uploads\/2022\/06\/CortexMan-600x522.jpg 600w, https:\/\/proyectum.com\/pe\/wp-content\/uploads\/2022\/06\/CortexMan-64x56.jpg 64w\" sizes=\"(max-width: 660px) 100vw, 660px\" \/><\/span><\/p>\n<p style=\"text-align: center;\"><span class=\"TextRun Highlight SCXW100395256 BCX0\" lang=\"EN-US\" xml:lang=\"EN-US\" data-contrast=\"none\"><span class=\"NormalTextRun SCXW100395256 BCX0\">A #D Printable <\/span><span class=\"NormalTextRun SpellingErrorV2Themed SCXW100395256 BCX0\">CortexMan<\/span><\/span><span class=\"EOP SCXW100395256 BCX0\" data-ccp-props=\"{&quot;335551550&quot;:2,&quot;335551620&quot;:2}\">\u00a0<\/span><\/p>\n<p><span data-contrast=\"none\">Como recordatorio no tan sutil de la importancia del Hombre Corteza, desarrollamos dibujos CAD que representan la red neuronal de v\u00edas entre el cerebro y el cuerpo para que cualquiera pueda tener el Hombre Corteza en su escritorio. Tambi\u00e9n utilizamos una imagen en 2D para posters o adhesivos est\u00e1ticos en las paredes de nuestra Aula Modelo.\u00a0<\/span><span data-ccp-props=\"{}\">\u00a0<\/span><\/p>\n<p><span data-contrast=\"none\">Consideramos que es un servicio p\u00fablico importante <strong>dar a conocer al Hombre Cortex<\/strong>, as\u00ed que proporcionamos los archivos para que la gente los utilice para imprimir en 3D o en 2D.\u00a0<\/span><span data-ccp-props=\"{}\">\u00a0<\/span><\/p>\n<p><span data-contrast=\"none\">No ganamos mucho dinero con esto, pero apoyan nuestra visi\u00f3n de un mundo de pensadores sist\u00e9micos.\u00a0<\/span><span data-ccp-props=\"{}\">\u00a0<\/span><\/p>\n<p><span data-contrast=\"none\">Si quieres pedir una impresi\u00f3n 3D de Cortex Man hay dos tama\u00f1os, compru\u00e9balos y c\u00f3mpralos en Shapeways. Si quieres una calcoman\u00eda est\u00e1tica en 2D, obt\u00e9n el archivo (pr\u00f3ximamente) y haz el pedido en Fathead o en cualquier otro fabricante de pegatinas est\u00e1ticas.\u00a0<\/span><span data-ccp-props=\"{}\">\u00a0<\/span><\/p>\n<p><span data-contrast=\"none\">Por supuesto, a\u00f1adimos algunos toques divertidos&#8230; aqu\u00ed en \u00cdtaca, Nueva York, hace fr\u00edo y los inviernos son largos, as\u00ed que le dimos a Cortex Man un tema de isla hawaiana. Adem\u00e1s, el original mostraba sus genitales, lo que, estamos seguros, no va a funcionar muy bien en las aulas p\u00fablicas \ud83d\ude09<\/span><span data-ccp-props=\"{}\">\u00a0<\/span><\/p>\n<p><a href=\"https:\/\/blog.cabreraresearch.org\/meet-cortex-man-how-your-brain-sees-your-body\" target=\"_blank\" rel=\"noopener\"><span data-ccp-props=\"{}\"><img decoding=\"async\" class=\"aligncenter size-full wp-image-10108\" src=\"https:\/\/proyectum.com\/pe\/wp-content\/uploads\/2022\/06\/CortexMan-Cerebro.png\" alt=\"CortexMan Cerebro\" width=\"1062\" height=\"472\" srcset=\"https:\/\/proyectum.com\/pe\/wp-content\/uploads\/2022\/06\/CortexMan-Cerebro.png 1062w, https:\/\/proyectum.com\/pe\/wp-content\/uploads\/2022\/06\/CortexMan-Cerebro-300x133.png 300w, https:\/\/proyectum.com\/pe\/wp-content\/uploads\/2022\/06\/CortexMan-Cerebro-1030x458.png 1030w, https:\/\/proyectum.com\/pe\/wp-content\/uploads\/2022\/06\/CortexMan-Cerebro-768x341.png 768w, https:\/\/proyectum.com\/pe\/wp-content\/uploads\/2022\/06\/CortexMan-Cerebro-600x267.png 600w, https:\/\/proyectum.com\/pe\/wp-content\/uploads\/2022\/06\/CortexMan-Cerebro-64x28.png 64w\" sizes=\"(max-width: 1062px) 100vw, 1062px\" \/>\u00a0<\/span><span data-contrast=\"none\">Liga al art\u00edculo original<\/span><\/a><\/p>\n","protected":false},"excerpt":{"rendered":"<p>Por: Derek Cabrera, PhD &amp; Laura Cabrera, PhD\u00a0 Traducido y adaptado por: Jorge Vald\u00e9s Garciatorres, MDO, PMP\u00a0 \u201cCuando haces que las ideas sean t\u00e1ctiles, las vuelves tangibles.\u00a0 Cuando haces las ideas visuales, las vuelves tangibles\u201d.\u00a0 Derek Cabrera, PhD \u00a0 El Hombre Corteza (nombre cient\u00edfico: Hom\u00fanculo Cortical) es importante para cualquiera que trabaje en el aprendizaje [&hellip;]<\/p>\n","protected":false},"author":26,"featured_media":10106,"comment_status":"closed","ping_status":"closed","sticky":false,"template":"","format":"standard","meta":{"_acf_changed":false,"footnotes":""},"categories":[526,427],"tags":[568,569,570],"class_list":["post-10103","post","type-post","status-publish","format-standard","has-post-thumbnail","hentry","category-pensamiento-sistemico","category-recursos-humanos","tag-dar-a-conocer-al-hombre-cortex","tag-hombre-corteza","tag-seres-humanos-somos-aprendices-tactiles-y-visuales"],"acf":[],"yoast_head":"<!-- This site is optimized with the Yoast SEO plugin v24.4 - https:\/\/yoast.com\/wordpress\/plugins\/seo\/ -->\n<title>Cortex man: la forma en que nuestro cerebro percibe a nuestro cuerpo - Proyectum Per\u00fa<\/title>\n<meta name=\"robots\" content=\"index, follow, max-snippet:-1, max-image-preview:large, max-video-preview:-1\" \/>\n<link rel=\"canonical\" href=\"https:\/\/proyectum.com\/pe\/cortex-man-la-forma-en-que-nuestro-cerebro-percibe-a-nuestro-cuerpo\/\" \/>\n<meta property=\"og:locale\" content=\"es_ES\" \/>\n<meta property=\"og:type\" content=\"article\" \/>\n<meta property=\"og:title\" content=\"Cortex man: la forma en que nuestro cerebro percibe a nuestro cuerpo - Proyectum Per\u00fa\" \/>\n<meta property=\"og:description\" content=\"Por: Derek Cabrera, PhD &amp; Laura Cabrera, PhD\u00a0 Traducido y adaptado por: Jorge Vald\u00e9s Garciatorres, MDO, PMP\u00a0 \u201cCuando haces que las ideas sean t\u00e1ctiles, las vuelves tangibles.\u00a0 Cuando haces las ideas visuales, las vuelves tangibles\u201d.\u00a0 Derek Cabrera, PhD \u00a0 El Hombre Corteza (nombre cient\u00edfico: Hom\u00fanculo Cortical) es importante para cualquiera que trabaje en el aprendizaje [&hellip;]\" \/>\n<meta property=\"og:url\" content=\"https:\/\/proyectum.com\/pe\/cortex-man-la-forma-en-que-nuestro-cerebro-percibe-a-nuestro-cuerpo\/\" \/>\n<meta property=\"og:site_name\" content=\"Proyectum Per\u00fa\" \/>\n<meta property=\"article:publisher\" content=\"https:\/\/www.facebook.com\/proyectum.pe\/\" \/>\n<meta property=\"article:published_time\" content=\"2022-06-01T22:20:46+00:00\" \/>\n<meta property=\"article:modified_time\" content=\"2024-12-23T14:43:49+00:00\" \/>\n<meta property=\"og:image\" content=\"https:\/\/proyectum.com\/pe\/wp-content\/uploads\/2022\/06\/Cortex-man-cerebro.jpg\" \/>\n\t<meta property=\"og:image:width\" content=\"1700\" \/>\n\t<meta property=\"og:image:height\" content=\"1029\" \/>\n\t<meta property=\"og:image:type\" content=\"image\/jpeg\" \/>\n<meta name=\"author\" content=\"Proyectum 2024\" \/>\n<meta name=\"twitter:card\" content=\"summary_large_image\" \/>\n<meta name=\"twitter:label1\" content=\"Escrito por\" \/>\n\t<meta name=\"twitter:data1\" content=\"Proyectum 2024\" \/>\n\t<meta name=\"twitter:label2\" content=\"Tiempo de lectura\" \/>\n\t<meta name=\"twitter:data2\" content=\"5 minutos\" \/>\n<script type=\"application\/ld+json\" class=\"yoast-schema-graph\">{\"@context\":\"https:\/\/schema.org\",\"@graph\":[{\"@type\":\"Article\",\"@id\":\"https:\/\/proyectum.com\/pe\/cortex-man-la-forma-en-que-nuestro-cerebro-percibe-a-nuestro-cuerpo\/#article\",\"isPartOf\":{\"@id\":\"https:\/\/proyectum.com\/pe\/cortex-man-la-forma-en-que-nuestro-cerebro-percibe-a-nuestro-cuerpo\/\"},\"author\":{\"name\":\"Proyectum 2024\",\"@id\":\"https:\/\/proyectum.com\/pe\/#\/schema\/person\/784b10060c51822d857e3004ea132bb4\"},\"headline\":\"Cortex man: la forma en que nuestro cerebro percibe a nuestro cuerpo\",\"datePublished\":\"2022-06-01T22:20:46+00:00\",\"dateModified\":\"2024-12-23T14:43:49+00:00\",\"mainEntityOfPage\":{\"@id\":\"https:\/\/proyectum.com\/pe\/cortex-man-la-forma-en-que-nuestro-cerebro-percibe-a-nuestro-cuerpo\/\"},\"wordCount\":839,\"publisher\":{\"@id\":\"https:\/\/proyectum.com\/pe\/#organization\"},\"image\":{\"@id\":\"https:\/\/proyectum.com\/pe\/cortex-man-la-forma-en-que-nuestro-cerebro-percibe-a-nuestro-cuerpo\/#primaryimage\"},\"thumbnailUrl\":\"https:\/\/proyectum.com\/pe\/wp-content\/uploads\/2022\/06\/Cortex-man-cerebro.jpg\",\"keywords\":[\"dar a conocer al Hombre Cortex\",\"Hombre Corteza\",\"seres humanos somos aprendices t\u00e1ctiles y visuales\"],\"articleSection\":[\"Pensamiento sist\u00e9mico\",\"Recursos Humanos\"],\"inLanguage\":\"es\"},{\"@type\":\"WebPage\",\"@id\":\"https:\/\/proyectum.com\/pe\/cortex-man-la-forma-en-que-nuestro-cerebro-percibe-a-nuestro-cuerpo\/\",\"url\":\"https:\/\/proyectum.com\/pe\/cortex-man-la-forma-en-que-nuestro-cerebro-percibe-a-nuestro-cuerpo\/\",\"name\":\"Cortex man: la forma en que nuestro cerebro percibe a nuestro cuerpo - Proyectum Per\u00fa\",\"isPartOf\":{\"@id\":\"https:\/\/proyectum.com\/pe\/#website\"},\"primaryImageOfPage\":{\"@id\":\"https:\/\/proyectum.com\/pe\/cortex-man-la-forma-en-que-nuestro-cerebro-percibe-a-nuestro-cuerpo\/#primaryimage\"},\"image\":{\"@id\":\"https:\/\/proyectum.com\/pe\/cortex-man-la-forma-en-que-nuestro-cerebro-percibe-a-nuestro-cuerpo\/#primaryimage\"},\"thumbnailUrl\":\"https:\/\/proyectum.com\/pe\/wp-content\/uploads\/2022\/06\/Cortex-man-cerebro.jpg\",\"datePublished\":\"2022-06-01T22:20:46+00:00\",\"dateModified\":\"2024-12-23T14:43:49+00:00\",\"breadcrumb\":{\"@id\":\"https:\/\/proyectum.com\/pe\/cortex-man-la-forma-en-que-nuestro-cerebro-percibe-a-nuestro-cuerpo\/#breadcrumb\"},\"inLanguage\":\"es\",\"potentialAction\":[{\"@type\":\"ReadAction\",\"target\":[\"https:\/\/proyectum.com\/pe\/cortex-man-la-forma-en-que-nuestro-cerebro-percibe-a-nuestro-cuerpo\/\"]}]},{\"@type\":\"ImageObject\",\"inLanguage\":\"es\",\"@id\":\"https:\/\/proyectum.com\/pe\/cortex-man-la-forma-en-que-nuestro-cerebro-percibe-a-nuestro-cuerpo\/#primaryimage\",\"url\":\"https:\/\/proyectum.com\/pe\/wp-content\/uploads\/2022\/06\/Cortex-man-cerebro.jpg\",\"contentUrl\":\"https:\/\/proyectum.com\/pe\/wp-content\/uploads\/2022\/06\/Cortex-man-cerebro.jpg\",\"width\":1700,\"height\":1029,\"caption\":\"Cortex man cerebro\"},{\"@type\":\"BreadcrumbList\",\"@id\":\"https:\/\/proyectum.com\/pe\/cortex-man-la-forma-en-que-nuestro-cerebro-percibe-a-nuestro-cuerpo\/#breadcrumb\",\"itemListElement\":[{\"@type\":\"ListItem\",\"position\":1,\"name\":\"Home\",\"item\":\"https:\/\/proyectum.com\/pe\/\"},{\"@type\":\"ListItem\",\"position\":2,\"name\":\"Cortex man: la forma en que nuestro cerebro percibe a nuestro cuerpo\"}]},{\"@type\":\"WebSite\",\"@id\":\"https:\/\/proyectum.com\/pe\/#website\",\"url\":\"https:\/\/proyectum.com\/pe\/\",\"name\":\"Proyectum Per\u00fa\",\"description\":\"Direcci\u00f3n de Proyectos y Metodolog\u00edas \u00c1giles\",\"publisher\":{\"@id\":\"https:\/\/proyectum.com\/pe\/#organization\"},\"potentialAction\":[{\"@type\":\"SearchAction\",\"target\":{\"@type\":\"EntryPoint\",\"urlTemplate\":\"https:\/\/proyectum.com\/pe\/?s={search_term_string}\"},\"query-input\":{\"@type\":\"PropertyValueSpecification\",\"valueRequired\":true,\"valueName\":\"search_term_string\"}}],\"inLanguage\":\"es\"},{\"@type\":\"Organization\",\"@id\":\"https:\/\/proyectum.com\/pe\/#organization\",\"name\":\"Proyectum Per\u00fa\",\"url\":\"https:\/\/proyectum.com\/pe\/\",\"logo\":{\"@type\":\"ImageObject\",\"inLanguage\":\"es\",\"@id\":\"https:\/\/proyectum.com\/pe\/#\/schema\/logo\/image\/\",\"url\":\"https:\/\/proyectum.com\/pe\/wp-content\/uploads\/2020\/04\/proyectum-logo-snippet.png\",\"contentUrl\":\"https:\/\/proyectum.com\/pe\/wp-content\/uploads\/2020\/04\/proyectum-logo-snippet.png\",\"width\":600,\"height\":315,\"caption\":\"Proyectum Per\u00fa\"},\"image\":{\"@id\":\"https:\/\/proyectum.com\/pe\/#\/schema\/logo\/image\/\"},\"sameAs\":[\"https:\/\/www.facebook.com\/proyectum.pe\/\",\"https:\/\/www.instagram.com\/proyectum.pe\/\",\"https:\/\/www.linkedin.com\/company\/proyectumperu\/\",\"https:\/\/www.youtube.com\/@proyectum2283\/videos\"]},{\"@type\":\"Person\",\"@id\":\"https:\/\/proyectum.com\/pe\/#\/schema\/person\/784b10060c51822d857e3004ea132bb4\",\"name\":\"Proyectum 2024\",\"image\":{\"@type\":\"ImageObject\",\"inLanguage\":\"es\",\"@id\":\"https:\/\/proyectum.com\/pe\/#\/schema\/person\/image\/\",\"url\":\"https:\/\/secure.gravatar.com\/avatar\/df82793fddd8f0a5a84fdb27d958bf73?s=96&d=mm&r=g\",\"contentUrl\":\"https:\/\/secure.gravatar.com\/avatar\/df82793fddd8f0a5a84fdb27d958bf73?s=96&d=mm&r=g\",\"caption\":\"Proyectum 2024\"}}]}<\/script>\n<!-- \/ Yoast SEO plugin. -->","yoast_head_json":{"title":"Cortex man: la forma en que nuestro cerebro percibe a nuestro cuerpo - Proyectum Per\u00fa","robots":{"index":"index","follow":"follow","max-snippet":"max-snippet:-1","max-image-preview":"max-image-preview:large","max-video-preview":"max-video-preview:-1"},"canonical":"https:\/\/proyectum.com\/pe\/cortex-man-la-forma-en-que-nuestro-cerebro-percibe-a-nuestro-cuerpo\/","og_locale":"es_ES","og_type":"article","og_title":"Cortex man: la forma en que nuestro cerebro percibe a nuestro cuerpo - Proyectum Per\u00fa","og_description":"Por: Derek Cabrera, PhD &amp; Laura Cabrera, PhD\u00a0 Traducido y adaptado por: Jorge Vald\u00e9s Garciatorres, MDO, PMP\u00a0 \u201cCuando haces que las ideas sean t\u00e1ctiles, las vuelves tangibles.\u00a0 Cuando haces las ideas visuales, las vuelves tangibles\u201d.\u00a0 Derek Cabrera, PhD \u00a0 El Hombre Corteza (nombre cient\u00edfico: Hom\u00fanculo Cortical) es importante para cualquiera que trabaje en el aprendizaje [&hellip;]","og_url":"https:\/\/proyectum.com\/pe\/cortex-man-la-forma-en-que-nuestro-cerebro-percibe-a-nuestro-cuerpo\/","og_site_name":"Proyectum Per\u00fa","article_publisher":"https:\/\/www.facebook.com\/proyectum.pe\/","article_published_time":"2022-06-01T22:20:46+00:00","article_modified_time":"2024-12-23T14:43:49+00:00","og_image":[{"width":1700,"height":1029,"url":"https:\/\/proyectum.com\/pe\/wp-content\/uploads\/2022\/06\/Cortex-man-cerebro.jpg","type":"image\/jpeg"}],"author":"Proyectum 2024","twitter_card":"summary_large_image","twitter_misc":{"Escrito por":"Proyectum 2024","Tiempo de lectura":"5 minutos"},"schema":{"@context":"https:\/\/schema.org","@graph":[{"@type":"Article","@id":"https:\/\/proyectum.com\/pe\/cortex-man-la-forma-en-que-nuestro-cerebro-percibe-a-nuestro-cuerpo\/#article","isPartOf":{"@id":"https:\/\/proyectum.com\/pe\/cortex-man-la-forma-en-que-nuestro-cerebro-percibe-a-nuestro-cuerpo\/"},"author":{"name":"Proyectum 2024","@id":"https:\/\/proyectum.com\/pe\/#\/schema\/person\/784b10060c51822d857e3004ea132bb4"},"headline":"Cortex man: la forma en que nuestro cerebro percibe a nuestro cuerpo","datePublished":"2022-06-01T22:20:46+00:00","dateModified":"2024-12-23T14:43:49+00:00","mainEntityOfPage":{"@id":"https:\/\/proyectum.com\/pe\/cortex-man-la-forma-en-que-nuestro-cerebro-percibe-a-nuestro-cuerpo\/"},"wordCount":839,"publisher":{"@id":"https:\/\/proyectum.com\/pe\/#organization"},"image":{"@id":"https:\/\/proyectum.com\/pe\/cortex-man-la-forma-en-que-nuestro-cerebro-percibe-a-nuestro-cuerpo\/#primaryimage"},"thumbnailUrl":"https:\/\/proyectum.com\/pe\/wp-content\/uploads\/2022\/06\/Cortex-man-cerebro.jpg","keywords":["dar a conocer al Hombre Cortex","Hombre Corteza","seres humanos somos aprendices t\u00e1ctiles y visuales"],"articleSection":["Pensamiento sist\u00e9mico","Recursos Humanos"],"inLanguage":"es"},{"@type":"WebPage","@id":"https:\/\/proyectum.com\/pe\/cortex-man-la-forma-en-que-nuestro-cerebro-percibe-a-nuestro-cuerpo\/","url":"https:\/\/proyectum.com\/pe\/cortex-man-la-forma-en-que-nuestro-cerebro-percibe-a-nuestro-cuerpo\/","name":"Cortex man: la forma en que nuestro cerebro percibe a nuestro cuerpo - Proyectum Per\u00fa","isPartOf":{"@id":"https:\/\/proyectum.com\/pe\/#website"},"primaryImageOfPage":{"@id":"https:\/\/proyectum.com\/pe\/cortex-man-la-forma-en-que-nuestro-cerebro-percibe-a-nuestro-cuerpo\/#primaryimage"},"image":{"@id":"https:\/\/proyectum.com\/pe\/cortex-man-la-forma-en-que-nuestro-cerebro-percibe-a-nuestro-cuerpo\/#primaryimage"},"thumbnailUrl":"https:\/\/proyectum.com\/pe\/wp-content\/uploads\/2022\/06\/Cortex-man-cerebro.jpg","datePublished":"2022-06-01T22:20:46+00:00","dateModified":"2024-12-23T14:43:49+00:00","breadcrumb":{"@id":"https:\/\/proyectum.com\/pe\/cortex-man-la-forma-en-que-nuestro-cerebro-percibe-a-nuestro-cuerpo\/#breadcrumb"},"inLanguage":"es","potentialAction":[{"@type":"ReadAction","target":["https:\/\/proyectum.com\/pe\/cortex-man-la-forma-en-que-nuestro-cerebro-percibe-a-nuestro-cuerpo\/"]}]},{"@type":"ImageObject","inLanguage":"es","@id":"https:\/\/proyectum.com\/pe\/cortex-man-la-forma-en-que-nuestro-cerebro-percibe-a-nuestro-cuerpo\/#primaryimage","url":"https:\/\/proyectum.com\/pe\/wp-content\/uploads\/2022\/06\/Cortex-man-cerebro.jpg","contentUrl":"https:\/\/proyectum.com\/pe\/wp-content\/uploads\/2022\/06\/Cortex-man-cerebro.jpg","width":1700,"height":1029,"caption":"Cortex man cerebro"},{"@type":"BreadcrumbList","@id":"https:\/\/proyectum.com\/pe\/cortex-man-la-forma-en-que-nuestro-cerebro-percibe-a-nuestro-cuerpo\/#breadcrumb","itemListElement":[{"@type":"ListItem","position":1,"name":"Home","item":"https:\/\/proyectum.com\/pe\/"},{"@type":"ListItem","position":2,"name":"Cortex man: la forma en que nuestro cerebro percibe a nuestro cuerpo"}]},{"@type":"WebSite","@id":"https:\/\/proyectum.com\/pe\/#website","url":"https:\/\/proyectum.com\/pe\/","name":"Proyectum Per\u00fa","description":"Direcci\u00f3n de Proyectos y Metodolog\u00edas \u00c1giles","publisher":{"@id":"https:\/\/proyectum.com\/pe\/#organization"},"potentialAction":[{"@type":"SearchAction","target":{"@type":"EntryPoint","urlTemplate":"https:\/\/proyectum.com\/pe\/?s={search_term_string}"},"query-input":{"@type":"PropertyValueSpecification","valueRequired":true,"valueName":"search_term_string"}}],"inLanguage":"es"},{"@type":"Organization","@id":"https:\/\/proyectum.com\/pe\/#organization","name":"Proyectum Per\u00fa","url":"https:\/\/proyectum.com\/pe\/","logo":{"@type":"ImageObject","inLanguage":"es","@id":"https:\/\/proyectum.com\/pe\/#\/schema\/logo\/image\/","url":"https:\/\/proyectum.com\/pe\/wp-content\/uploads\/2020\/04\/proyectum-logo-snippet.png","contentUrl":"https:\/\/proyectum.com\/pe\/wp-content\/uploads\/2020\/04\/proyectum-logo-snippet.png","width":600,"height":315,"caption":"Proyectum Per\u00fa"},"image":{"@id":"https:\/\/proyectum.com\/pe\/#\/schema\/logo\/image\/"},"sameAs":["https:\/\/www.facebook.com\/proyectum.pe\/","https:\/\/www.instagram.com\/proyectum.pe\/","https:\/\/www.linkedin.com\/company\/proyectumperu\/","https:\/\/www.youtube.com\/@proyectum2283\/videos"]},{"@type":"Person","@id":"https:\/\/proyectum.com\/pe\/#\/schema\/person\/784b10060c51822d857e3004ea132bb4","name":"Proyectum 2024","image":{"@type":"ImageObject","inLanguage":"es","@id":"https:\/\/proyectum.com\/pe\/#\/schema\/person\/image\/","url":"https:\/\/secure.gravatar.com\/avatar\/df82793fddd8f0a5a84fdb27d958bf73?s=96&d=mm&r=g","contentUrl":"https:\/\/secure.gravatar.com\/avatar\/df82793fddd8f0a5a84fdb27d958bf73?s=96&d=mm&r=g","caption":"Proyectum 2024"}}]}},"_links":{"self":[{"href":"https:\/\/proyectum.com\/pe\/wp-json\/wp\/v2\/posts\/10103","targetHints":{"allow":["GET"]}}],"collection":[{"href":"https:\/\/proyectum.com\/pe\/wp-json\/wp\/v2\/posts"}],"about":[{"href":"https:\/\/proyectum.com\/pe\/wp-json\/wp\/v2\/types\/post"}],"author":[{"embeddable":true,"href":"https:\/\/proyectum.com\/pe\/wp-json\/wp\/v2\/users\/26"}],"replies":[{"embeddable":true,"href":"https:\/\/proyectum.com\/pe\/wp-json\/wp\/v2\/comments?post=10103"}],"version-history":[{"count":0,"href":"https:\/\/proyectum.com\/pe\/wp-json\/wp\/v2\/posts\/10103\/revisions"}],"wp:featuredmedia":[{"embeddable":true,"href":"https:\/\/proyectum.com\/pe\/wp-json\/wp\/v2\/media\/10106"}],"wp:attachment":[{"href":"https:\/\/proyectum.com\/pe\/wp-json\/wp\/v2\/media?parent=10103"}],"wp:term":[{"taxonomy":"category","embeddable":true,"href":"https:\/\/proyectum.com\/pe\/wp-json\/wp\/v2\/categories?post=10103"},{"taxonomy":"post_tag","embeddable":true,"href":"https:\/\/proyectum.com\/pe\/wp-json\/wp\/v2\/tags?post=10103"}],"curies":[{"name":"wp","href":"https:\/\/api.w.org\/{rel}","templated":true}]}}