{"id":10264,"date":"2022-12-01T15:14:27","date_gmt":"2022-12-01T18:14:27","guid":{"rendered":"https:\/\/www.proyectum.com\/sistema\/?p=10264"},"modified":"2022-12-01T15:14:27","modified_gmt":"2022-12-01T18:14:27","slug":"como-hacer-una-retrospectiva-fin-de-ano","status":"publish","type":"post","link":"https:\/\/proyectum.com\/pe\/como-hacer-una-retrospectiva-fin-de-ano\/","title":{"rendered":"\u00bfC\u00f3mo hacer una retrospectiva para fin de a\u00f1o?"},"content":{"rendered":"<p>La din\u00e1mica del trabajo diario nos impide hacer un alto en el camino para reflexionar. Pero <strong>si no te detienes a hacer una retrospectiva va a ser complicado que entres en un proceso de mejora continua<\/strong>.<\/p>\n<p>Ahora que estamos por cerrar el a\u00f1o me parece un buen momento para realizar una <strong>retrospectiva anual<\/strong>. Aunque es l\u00f3gico que pensemos que est\u00e1 din\u00e1mica de hacer una retrospectiva es exclusiva para nuestros equipos de trabajo o para el \u00e1mbito profesional, quiero dejar expresado en este art\u00edculo c\u00f3mo es que podemos aprovechar una retrospectiva a nivel personal.<\/p>\n<h3><strong>\u00bfQu\u00e9 es una retrospectiva?<\/strong><\/h3>\n<p>Una retrospectiva es ese momento donde hacemos un alto en el camino para reflexionar sobre lo que hemos hecho recientemente y c\u00f3mo podemos mejorar en el futuro cercano.<\/p>\n<p>En entornos \u00e1giles, una retrospectiva representa una oportunidad para que el equipo pueda mejorar. Son sesiones que se realizan frecuentemente, de forma recomendada, al finalizar cada ciclo de trabajo, por ejemplo cada 2 semanas.<\/p>\n<p>En su m\u00ednima expresi\u00f3n, una retrospectiva atiende las siguientes preguntas:<\/p>\n<ul>\n<li>\u00bfQu\u00e9 hemos hecho bien en el \u00faltimo ciclo de trabajo?<\/li>\n<li>\u00bfQu\u00e9 debemos dejar de hacer?<\/li>\n<li>\u00bfQu\u00e9 vamos a implementar para mejorar?<\/li>\n<\/ul>\n<p>Una buena retrospectiva nos dar\u00e1 como resultado un par de ideas que implementaremos en el siguiente ciclo de trabajo y potencialmente un backlog de ideas que podemos ir implementando en futuros ciclos de trabajo.<\/p>\n<p>As\u00ed es como entramos en un proceso de <strong>mejora continua, implementando peque\u00f1os cambios en cada ciclo de trabajo<\/strong>.<\/p>\n<h3><strong><a href=\"https:\/\/zoomference.zoom.us\/webinar\/register\/WN__58y8ed5TAuLNUPaQhIhiw\"><img fetchpriority=\"high\" decoding=\"async\" class=\"size-full wp-image-10269 alignleft\" src=\"https:\/\/proyectum.com\/pe\/wp-content\/uploads\/2022\/12\/Webinar-Omar-Garcia.jpg\" alt=\"Webinar Omar Garc\u00eda\" width=\"500\" height=\"419\" srcset=\"https:\/\/proyectum.com\/pe\/wp-content\/uploads\/2022\/12\/Webinar-Omar-Garcia.jpg 500w, https:\/\/proyectum.com\/pe\/wp-content\/uploads\/2022\/12\/Webinar-Omar-Garcia-300x251.jpg 300w, https:\/\/proyectum.com\/pe\/wp-content\/uploads\/2022\/12\/Webinar-Omar-Garcia-64x54.jpg 64w\" sizes=\"(max-width: 500px) 100vw, 500px\" \/><\/a>2 recomendaciones para hacer una retrospectiva exitosa<\/strong><\/h3>\n<p>Cuando tus retrospectivas no est\u00e1n siendo exitosas el equipo inmediatamente lo <strong>percibir\u00e1 como una p\u00e9rdida de tiempo y ya no va a querer participar en sesiones de este tipo<\/strong>. Para que esto no te suceda te recomiendo lo siguiente:<\/p>\n<p><strong>1- Planear es la clave. <\/strong>Una sesi\u00f3n de retrospectiva que no fue planeada se percibe en los primeros minutos de haber iniciado. Si llegas a improvisar tu equipo se dar\u00e1 cuenta y no vas a obtener lo mejor de ellos.<\/p>\n<p>Dentro de tu planeaci\u00f3n debes contemplar la definici\u00f3n de un objetivo claro, un espacio al inicio de la sesi\u00f3n que sirva para que los integrantes del equipo se pongan en la misma sinton\u00eda, actividades para recabar informaci\u00f3n y por supuesto un espacio de la sesi\u00f3n para el cierre y los acuerdos.<\/p>\n<p><strong>2- Llevar a la acci\u00f3n. <\/strong>A veces las sesiones de retrospectiva <strong>se quedan en buenos momentos para socializar<\/strong> lo que hemos hecho bien o mal, incluso surgen buenas ideas para poder mejorar, sin embargo no se les da continuidad para llevarlas a la acci\u00f3n.<\/p>\n<p>Esto tambi\u00e9n va minando el \u00e1nimo del equipo. Si no se llevan a la acci\u00f3n las ideas, no estamos mejorando como equipo y <strong>solamente estamos perdiendo el tiempo en las retrospectivas<\/strong>.<\/p>\n<h3><strong>\u00a0<\/strong><strong>\u00bfC\u00f3mo hacer una retrospectiva para fin de a\u00f1o?<\/strong><\/h3>\n<p>Al entrar al fin de a\u00f1o me parece el momento m\u00e1s adecuado para hacer una retrospectiva. S\u00ed, por supuesto, con tu equipo de trabajo. Pero, tambi\u00e9n, puedes aprovechar para hacer una <strong>retrospectiva personal<\/strong>.<\/p>\n<p>El primer paso es darte el tiempo necesario para pausar tu din\u00e1mica de trabajo y reflexionar. Realmente no requieres de mucho tiempo. Lo digo porque seguramente ese ser\u00e1 tu principal pretexto. <em>\u201c\u00bfEn qu\u00e9 momento si no tengo tiempo?\u201d<\/em>. Seguro que puedes hacer el esfuerzo de tomar unos 60 minutos de tu tiempo.<\/p>\n<p>Aunque te puedes apegar solamente a responder las 3 preguntas que mencionaba m\u00e1s arriba, te recomiendo utilizar una t\u00e9cnica conocida como <strong>FLAT<\/strong> (Futuras Acciones, Lecciones Aprendidas, Logros y Agradecimientos).<\/p>\n<p>Las veces que he ocupado est\u00e1 t\u00e9cnica, siempre he dejado las futuras acciones para el final. Me gusta comenzar por reflexionar sobre lo que hemos aprendido, para seguir con los logros y agradecimientos.<\/p>\n<p><img decoding=\"async\" class=\"aligncenter wp-image-10268\" src=\"https:\/\/proyectum.com\/pe\/wp-content\/uploads\/2022\/12\/FLAT-Retrospectiva.png\" alt=\"FLAT Retrospectiva\" width=\"860\" height=\"740\" srcset=\"https:\/\/proyectum.com\/pe\/wp-content\/uploads\/2022\/12\/FLAT-Retrospectiva.png 1472w, https:\/\/proyectum.com\/pe\/wp-content\/uploads\/2022\/12\/FLAT-Retrospectiva-300x258.png 300w, https:\/\/proyectum.com\/pe\/wp-content\/uploads\/2022\/12\/FLAT-Retrospectiva-1030x886.png 1030w, https:\/\/proyectum.com\/pe\/wp-content\/uploads\/2022\/12\/FLAT-Retrospectiva-768x661.png 768w, https:\/\/proyectum.com\/pe\/wp-content\/uploads\/2022\/12\/FLAT-Retrospectiva-600x516.png 600w, https:\/\/proyectum.com\/pe\/wp-content\/uploads\/2022\/12\/FLAT-Retrospectiva-64x55.png 64w\" sizes=\"(max-width: 860px) 100vw, 860px\" \/>La idea es que escribas en cada uno de los recuadros. No importa si no tienes post-it o un tablero virtual. Lo realmente valioso es que escribas tus reflexiones, puede ser en una libreta o en un simple archivo de Word.<\/p>\n<p>Una vez que tengas toda la informaci\u00f3n es momento de <strong>priorizar las futuras acciones<\/strong>. No puedes comenzar a implementar todo al mismo tiempo. Elige dos o m\u00e1ximo tres cosas para comenzar en las primeras semanas del a\u00f1o. Las dem\u00e1s quedar\u00e1n en tu backlog para que las implementes poco a poco.<\/p>\n<p>De preferencia, no esperes a que llegu\u00e9 el final del siguiente a\u00f1o para realizar otra retrospectiva. Recuerda que hacer estos altos en el camino te ayudan a entrar en un proceso de mejora continua.<\/p>\n<p><strong>Conclusiones:<\/strong><\/p>\n<p>En la <a href=\"https:\/\/www.proyectum.com\/sistema\/blog\/el-gran-reto-de-desarrollar-una-mentalidad-agil\/\" target=\"_blank\" rel=\"noopener\">filosof\u00eda \u00c1gil<\/a> las retrospectivas son las reuniones que se llevan a cabo al terminar un sprint, iteraci\u00f3n o liberaci\u00f3n. La siguiente definici\u00f3n de Diana Larsen nos permite comprender mejor estas reuniones: <em>\u201cEs una reuni\u00f3n especial en la cual un equipo decide hacer una pausa para reflexionar sobre el trabajo realizado, ver qu\u00e9 lecciones pueden capitalizar y decidir c\u00f3mo aplicar lo que aprendieron en su futuro cercano.\u201d<\/em><\/p>\n<p>Me parece que esta recta final del a\u00f1o es un momento oportuno para poner una pausa a las actividades de tu d\u00eda a d\u00eda y hacer una retrospectiva que te encamine a mejorar de cara al siguiente a\u00f1o.<\/p>\n<p>Si est\u00e1s interesado en conocer m\u00e1s sobre c\u00f3mo llevar a cabo una retrospectiva para este fin de a\u00f1o te invito al <a href=\"https:\/\/bit.ly\/3XJidE1\" target=\"_blank\" rel=\"noopener\">webinar<\/a> que estar\u00e9 realizando el mi\u00e9rcoles <strong>14 de diciembre<\/strong>. Es gratuito y te puede <a href=\"https:\/\/bit.ly\/3XJidE1\" target=\"_blank\" rel=\"noopener\">registrar aqu\u00ed<\/a>.<\/p>\n","protected":false},"excerpt":{"rendered":"<p>La din\u00e1mica del trabajo diario nos impide hacer un alto en el camino para reflexionar. Pero si no te detienes a hacer una retrospectiva va a ser complicado que entres en un proceso de mejora continua. Ahora que estamos por cerrar el a\u00f1o me parece un buen momento para realizar una retrospectiva anual. Aunque es [&hellip;]<\/p>\n","protected":false},"author":26,"featured_media":10267,"comment_status":"closed","ping_status":"closed","sticky":false,"template":"","format":"standard","meta":{"_acf_changed":false,"footnotes":""},"categories":[329,465,254,370,427,917],"tags":[1627,1635,1628,1629,1630],"class_list":["post-10264","post","type-post","status-publish","format-standard","has-post-thumbnail","hentry","category-agil","category-colaboracion","category-comunicacion","category-liderazgo","category-recursos-humanos","category-scrum","tag-como-hacer-una-retrospectiva-para-fin-de-ano","tag-2-recomendaciones-para-hacer-una-retrospectiva-exitosa","tag-retrospectiva-anual","tag-retrospectiva-mejora-continua","tag-retrospectiva-personal"],"acf":[],"yoast_head":"<!-- This site is optimized with the Yoast SEO plugin v24.4 - https:\/\/yoast.com\/wordpress\/plugins\/seo\/ -->\n<title>\u00bfC\u00f3mo hacer una retrospectiva para fin de a\u00f1o? - Proyectum Per\u00fa<\/title>\n<meta name=\"description\" content=\"\u00bfC\u00f3mo hacer una retrospectiva para fin de a\u00f1o? Me parece que esta recta final del a\u00f1o es momento oportuno para hacer una retrospectiva\" \/>\n<meta name=\"robots\" content=\"index, follow, max-snippet:-1, max-image-preview:large, max-video-preview:-1\" \/>\n<link rel=\"canonical\" href=\"https:\/\/proyectum.com\/pe\/como-hacer-una-retrospectiva-fin-de-ano\/\" \/>\n<meta property=\"og:locale\" content=\"es_ES\" \/>\n<meta property=\"og:type\" content=\"article\" \/>\n<meta property=\"og:title\" content=\"\u00bfC\u00f3mo hacer una retrospectiva para fin de a\u00f1o? - Proyectum Per\u00fa\" \/>\n<meta property=\"og:description\" content=\"\u00bfC\u00f3mo hacer una retrospectiva para fin de a\u00f1o? Me parece que esta recta final del a\u00f1o es momento oportuno para hacer una retrospectiva\" \/>\n<meta property=\"og:url\" content=\"https:\/\/proyectum.com\/pe\/como-hacer-una-retrospectiva-fin-de-ano\/\" \/>\n<meta property=\"og:site_name\" content=\"Proyectum Per\u00fa\" \/>\n<meta property=\"article:publisher\" content=\"https:\/\/www.facebook.com\/proyectum.pe\/\" \/>\n<meta property=\"article:published_time\" content=\"2022-12-01T18:14:27+00:00\" \/>\n<meta property=\"og:image\" content=\"https:\/\/proyectum.com\/pe\/wp-content\/uploads\/2022\/12\/Como-hacer-una-retrospectiva.jpg\" \/>\n\t<meta property=\"og:image:width\" content=\"1700\" \/>\n\t<meta property=\"og:image:height\" content=\"1133\" \/>\n\t<meta property=\"og:image:type\" content=\"image\/jpeg\" \/>\n<meta name=\"author\" content=\"Proyectum 2024\" \/>\n<meta name=\"twitter:card\" content=\"summary_large_image\" \/>\n<meta name=\"twitter:label1\" content=\"Escrito por\" \/>\n\t<meta name=\"twitter:data1\" content=\"Proyectum 2024\" \/>\n\t<meta name=\"twitter:label2\" content=\"Tiempo de lectura\" \/>\n\t<meta name=\"twitter:data2\" content=\"5 minutos\" \/>\n<script type=\"application\/ld+json\" class=\"yoast-schema-graph\">{\"@context\":\"https:\/\/schema.org\",\"@graph\":[{\"@type\":\"Article\",\"@id\":\"https:\/\/proyectum.com\/pe\/como-hacer-una-retrospectiva-fin-de-ano\/#article\",\"isPartOf\":{\"@id\":\"https:\/\/proyectum.com\/pe\/como-hacer-una-retrospectiva-fin-de-ano\/\"},\"author\":{\"name\":\"Proyectum 2024\",\"@id\":\"https:\/\/proyectum.com\/pe\/#\/schema\/person\/784b10060c51822d857e3004ea132bb4\"},\"headline\":\"\u00bfC\u00f3mo hacer una retrospectiva para fin de a\u00f1o?\",\"datePublished\":\"2022-12-01T18:14:27+00:00\",\"mainEntityOfPage\":{\"@id\":\"https:\/\/proyectum.com\/pe\/como-hacer-una-retrospectiva-fin-de-ano\/\"},\"wordCount\":936,\"publisher\":{\"@id\":\"https:\/\/proyectum.com\/pe\/#organization\"},\"image\":{\"@id\":\"https:\/\/proyectum.com\/pe\/como-hacer-una-retrospectiva-fin-de-ano\/#primaryimage\"},\"thumbnailUrl\":\"https:\/\/proyectum.com\/pe\/wp-content\/uploads\/2022\/12\/Como-hacer-una-retrospectiva.jpg\",\"keywords\":[\"\u00bfC\u00f3mo hacer una retrospectiva para fin de a\u00f1o?\",\"2 recomendaciones para hacer una retrospectiva exitosa\",\"retrospectiva anual\",\"retrospectiva mejora continua\",\"retrospectiva personal\"],\"articleSection\":[\"\u00c1gil\",\"Colaboraci\u00f3n\",\"Comunicaci\u00f3n\",\"Liderazgo\",\"Recursos Humanos\",\"Scrum\"],\"inLanguage\":\"es\"},{\"@type\":\"WebPage\",\"@id\":\"https:\/\/proyectum.com\/pe\/como-hacer-una-retrospectiva-fin-de-ano\/\",\"url\":\"https:\/\/proyectum.com\/pe\/como-hacer-una-retrospectiva-fin-de-ano\/\",\"name\":\"\u00bfC\u00f3mo hacer una retrospectiva para fin de a\u00f1o? - Proyectum Per\u00fa\",\"isPartOf\":{\"@id\":\"https:\/\/proyectum.com\/pe\/#website\"},\"primaryImageOfPage\":{\"@id\":\"https:\/\/proyectum.com\/pe\/como-hacer-una-retrospectiva-fin-de-ano\/#primaryimage\"},\"image\":{\"@id\":\"https:\/\/proyectum.com\/pe\/como-hacer-una-retrospectiva-fin-de-ano\/#primaryimage\"},\"thumbnailUrl\":\"https:\/\/proyectum.com\/pe\/wp-content\/uploads\/2022\/12\/Como-hacer-una-retrospectiva.jpg\",\"datePublished\":\"2022-12-01T18:14:27+00:00\",\"description\":\"\u00bfC\u00f3mo hacer una retrospectiva para fin de a\u00f1o? Me parece que esta recta final del a\u00f1o es momento oportuno para hacer una retrospectiva\",\"breadcrumb\":{\"@id\":\"https:\/\/proyectum.com\/pe\/como-hacer-una-retrospectiva-fin-de-ano\/#breadcrumb\"},\"inLanguage\":\"es\",\"potentialAction\":[{\"@type\":\"ReadAction\",\"target\":[\"https:\/\/proyectum.com\/pe\/como-hacer-una-retrospectiva-fin-de-ano\/\"]}]},{\"@type\":\"ImageObject\",\"inLanguage\":\"es\",\"@id\":\"https:\/\/proyectum.com\/pe\/como-hacer-una-retrospectiva-fin-de-ano\/#primaryimage\",\"url\":\"https:\/\/proyectum.com\/pe\/wp-content\/uploads\/2022\/12\/Como-hacer-una-retrospectiva.jpg\",\"contentUrl\":\"https:\/\/proyectum.com\/pe\/wp-content\/uploads\/2022\/12\/Como-hacer-una-retrospectiva.jpg\",\"width\":1700,\"height\":1133},{\"@type\":\"BreadcrumbList\",\"@id\":\"https:\/\/proyectum.com\/pe\/como-hacer-una-retrospectiva-fin-de-ano\/#breadcrumb\",\"itemListElement\":[{\"@type\":\"ListItem\",\"position\":1,\"name\":\"Home\",\"item\":\"https:\/\/proyectum.com\/pe\/\"},{\"@type\":\"ListItem\",\"position\":2,\"name\":\"\u00bfC\u00f3mo hacer una retrospectiva para fin de a\u00f1o?\"}]},{\"@type\":\"WebSite\",\"@id\":\"https:\/\/proyectum.com\/pe\/#website\",\"url\":\"https:\/\/proyectum.com\/pe\/\",\"name\":\"Proyectum Per\u00fa\",\"description\":\"Direcci\u00f3n de Proyectos y Metodolog\u00edas \u00c1giles\",\"publisher\":{\"@id\":\"https:\/\/proyectum.com\/pe\/#organization\"},\"potentialAction\":[{\"@type\":\"SearchAction\",\"target\":{\"@type\":\"EntryPoint\",\"urlTemplate\":\"https:\/\/proyectum.com\/pe\/?s={search_term_string}\"},\"query-input\":{\"@type\":\"PropertyValueSpecification\",\"valueRequired\":true,\"valueName\":\"search_term_string\"}}],\"inLanguage\":\"es\"},{\"@type\":\"Organization\",\"@id\":\"https:\/\/proyectum.com\/pe\/#organization\",\"name\":\"Proyectum Per\u00fa\",\"url\":\"https:\/\/proyectum.com\/pe\/\",\"logo\":{\"@type\":\"ImageObject\",\"inLanguage\":\"es\",\"@id\":\"https:\/\/proyectum.com\/pe\/#\/schema\/logo\/image\/\",\"url\":\"https:\/\/proyectum.com\/pe\/wp-content\/uploads\/2020\/04\/proyectum-logo-snippet.png\",\"contentUrl\":\"https:\/\/proyectum.com\/pe\/wp-content\/uploads\/2020\/04\/proyectum-logo-snippet.png\",\"width\":600,\"height\":315,\"caption\":\"Proyectum Per\u00fa\"},\"image\":{\"@id\":\"https:\/\/proyectum.com\/pe\/#\/schema\/logo\/image\/\"},\"sameAs\":[\"https:\/\/www.facebook.com\/proyectum.pe\/\",\"https:\/\/www.instagram.com\/proyectum.pe\/\",\"https:\/\/www.linkedin.com\/company\/proyectumperu\/\",\"https:\/\/www.youtube.com\/@proyectum2283\/videos\"]},{\"@type\":\"Person\",\"@id\":\"https:\/\/proyectum.com\/pe\/#\/schema\/person\/784b10060c51822d857e3004ea132bb4\",\"name\":\"Proyectum 2024\",\"image\":{\"@type\":\"ImageObject\",\"inLanguage\":\"es\",\"@id\":\"https:\/\/proyectum.com\/pe\/#\/schema\/person\/image\/\",\"url\":\"https:\/\/secure.gravatar.com\/avatar\/df82793fddd8f0a5a84fdb27d958bf73?s=96&d=mm&r=g\",\"contentUrl\":\"https:\/\/secure.gravatar.com\/avatar\/df82793fddd8f0a5a84fdb27d958bf73?s=96&d=mm&r=g\",\"caption\":\"Proyectum 2024\"}}]}<\/script>\n<!-- \/ Yoast SEO plugin. -->","yoast_head_json":{"title":"\u00bfC\u00f3mo hacer una retrospectiva para fin de a\u00f1o? - Proyectum Per\u00fa","description":"\u00bfC\u00f3mo hacer una retrospectiva para fin de a\u00f1o? Me parece que esta recta final del a\u00f1o es momento oportuno para hacer una retrospectiva","robots":{"index":"index","follow":"follow","max-snippet":"max-snippet:-1","max-image-preview":"max-image-preview:large","max-video-preview":"max-video-preview:-1"},"canonical":"https:\/\/proyectum.com\/pe\/como-hacer-una-retrospectiva-fin-de-ano\/","og_locale":"es_ES","og_type":"article","og_title":"\u00bfC\u00f3mo hacer una retrospectiva para fin de a\u00f1o? - Proyectum Per\u00fa","og_description":"\u00bfC\u00f3mo hacer una retrospectiva para fin de a\u00f1o? Me parece que esta recta final del a\u00f1o es momento oportuno para hacer una retrospectiva","og_url":"https:\/\/proyectum.com\/pe\/como-hacer-una-retrospectiva-fin-de-ano\/","og_site_name":"Proyectum Per\u00fa","article_publisher":"https:\/\/www.facebook.com\/proyectum.pe\/","article_published_time":"2022-12-01T18:14:27+00:00","og_image":[{"width":1700,"height":1133,"url":"https:\/\/proyectum.com\/pe\/wp-content\/uploads\/2022\/12\/Como-hacer-una-retrospectiva.jpg","type":"image\/jpeg"}],"author":"Proyectum 2024","twitter_card":"summary_large_image","twitter_misc":{"Escrito por":"Proyectum 2024","Tiempo de lectura":"5 minutos"},"schema":{"@context":"https:\/\/schema.org","@graph":[{"@type":"Article","@id":"https:\/\/proyectum.com\/pe\/como-hacer-una-retrospectiva-fin-de-ano\/#article","isPartOf":{"@id":"https:\/\/proyectum.com\/pe\/como-hacer-una-retrospectiva-fin-de-ano\/"},"author":{"name":"Proyectum 2024","@id":"https:\/\/proyectum.com\/pe\/#\/schema\/person\/784b10060c51822d857e3004ea132bb4"},"headline":"\u00bfC\u00f3mo hacer una retrospectiva para fin de a\u00f1o?","datePublished":"2022-12-01T18:14:27+00:00","mainEntityOfPage":{"@id":"https:\/\/proyectum.com\/pe\/como-hacer-una-retrospectiva-fin-de-ano\/"},"wordCount":936,"publisher":{"@id":"https:\/\/proyectum.com\/pe\/#organization"},"image":{"@id":"https:\/\/proyectum.com\/pe\/como-hacer-una-retrospectiva-fin-de-ano\/#primaryimage"},"thumbnailUrl":"https:\/\/proyectum.com\/pe\/wp-content\/uploads\/2022\/12\/Como-hacer-una-retrospectiva.jpg","keywords":["\u00bfC\u00f3mo hacer una retrospectiva para fin de a\u00f1o?","2 recomendaciones para hacer una retrospectiva exitosa","retrospectiva anual","retrospectiva mejora continua","retrospectiva personal"],"articleSection":["\u00c1gil","Colaboraci\u00f3n","Comunicaci\u00f3n","Liderazgo","Recursos Humanos","Scrum"],"inLanguage":"es"},{"@type":"WebPage","@id":"https:\/\/proyectum.com\/pe\/como-hacer-una-retrospectiva-fin-de-ano\/","url":"https:\/\/proyectum.com\/pe\/como-hacer-una-retrospectiva-fin-de-ano\/","name":"\u00bfC\u00f3mo hacer una retrospectiva para fin de a\u00f1o? - Proyectum Per\u00fa","isPartOf":{"@id":"https:\/\/proyectum.com\/pe\/#website"},"primaryImageOfPage":{"@id":"https:\/\/proyectum.com\/pe\/como-hacer-una-retrospectiva-fin-de-ano\/#primaryimage"},"image":{"@id":"https:\/\/proyectum.com\/pe\/como-hacer-una-retrospectiva-fin-de-ano\/#primaryimage"},"thumbnailUrl":"https:\/\/proyectum.com\/pe\/wp-content\/uploads\/2022\/12\/Como-hacer-una-retrospectiva.jpg","datePublished":"2022-12-01T18:14:27+00:00","description":"\u00bfC\u00f3mo hacer una retrospectiva para fin de a\u00f1o? Me parece que esta recta final del a\u00f1o es momento oportuno para hacer una retrospectiva","breadcrumb":{"@id":"https:\/\/proyectum.com\/pe\/como-hacer-una-retrospectiva-fin-de-ano\/#breadcrumb"},"inLanguage":"es","potentialAction":[{"@type":"ReadAction","target":["https:\/\/proyectum.com\/pe\/como-hacer-una-retrospectiva-fin-de-ano\/"]}]},{"@type":"ImageObject","inLanguage":"es","@id":"https:\/\/proyectum.com\/pe\/como-hacer-una-retrospectiva-fin-de-ano\/#primaryimage","url":"https:\/\/proyectum.com\/pe\/wp-content\/uploads\/2022\/12\/Como-hacer-una-retrospectiva.jpg","contentUrl":"https:\/\/proyectum.com\/pe\/wp-content\/uploads\/2022\/12\/Como-hacer-una-retrospectiva.jpg","width":1700,"height":1133},{"@type":"BreadcrumbList","@id":"https:\/\/proyectum.com\/pe\/como-hacer-una-retrospectiva-fin-de-ano\/#breadcrumb","itemListElement":[{"@type":"ListItem","position":1,"name":"Home","item":"https:\/\/proyectum.com\/pe\/"},{"@type":"ListItem","position":2,"name":"\u00bfC\u00f3mo hacer una retrospectiva para fin de a\u00f1o?"}]},{"@type":"WebSite","@id":"https:\/\/proyectum.com\/pe\/#website","url":"https:\/\/proyectum.com\/pe\/","name":"Proyectum Per\u00fa","description":"Direcci\u00f3n de Proyectos y Metodolog\u00edas \u00c1giles","publisher":{"@id":"https:\/\/proyectum.com\/pe\/#organization"},"potentialAction":[{"@type":"SearchAction","target":{"@type":"EntryPoint","urlTemplate":"https:\/\/proyectum.com\/pe\/?s={search_term_string}"},"query-input":{"@type":"PropertyValueSpecification","valueRequired":true,"valueName":"search_term_string"}}],"inLanguage":"es"},{"@type":"Organization","@id":"https:\/\/proyectum.com\/pe\/#organization","name":"Proyectum Per\u00fa","url":"https:\/\/proyectum.com\/pe\/","logo":{"@type":"ImageObject","inLanguage":"es","@id":"https:\/\/proyectum.com\/pe\/#\/schema\/logo\/image\/","url":"https:\/\/proyectum.com\/pe\/wp-content\/uploads\/2020\/04\/proyectum-logo-snippet.png","contentUrl":"https:\/\/proyectum.com\/pe\/wp-content\/uploads\/2020\/04\/proyectum-logo-snippet.png","width":600,"height":315,"caption":"Proyectum Per\u00fa"},"image":{"@id":"https:\/\/proyectum.com\/pe\/#\/schema\/logo\/image\/"},"sameAs":["https:\/\/www.facebook.com\/proyectum.pe\/","https:\/\/www.instagram.com\/proyectum.pe\/","https:\/\/www.linkedin.com\/company\/proyectumperu\/","https:\/\/www.youtube.com\/@proyectum2283\/videos"]},{"@type":"Person","@id":"https:\/\/proyectum.com\/pe\/#\/schema\/person\/784b10060c51822d857e3004ea132bb4","name":"Proyectum 2024","image":{"@type":"ImageObject","inLanguage":"es","@id":"https:\/\/proyectum.com\/pe\/#\/schema\/person\/image\/","url":"https:\/\/secure.gravatar.com\/avatar\/df82793fddd8f0a5a84fdb27d958bf73?s=96&d=mm&r=g","contentUrl":"https:\/\/secure.gravatar.com\/avatar\/df82793fddd8f0a5a84fdb27d958bf73?s=96&d=mm&r=g","caption":"Proyectum 2024"}}]}},"_links":{"self":[{"href":"https:\/\/proyectum.com\/pe\/wp-json\/wp\/v2\/posts\/10264","targetHints":{"allow":["GET"]}}],"collection":[{"href":"https:\/\/proyectum.com\/pe\/wp-json\/wp\/v2\/posts"}],"about":[{"href":"https:\/\/proyectum.com\/pe\/wp-json\/wp\/v2\/types\/post"}],"author":[{"embeddable":true,"href":"https:\/\/proyectum.com\/pe\/wp-json\/wp\/v2\/users\/26"}],"replies":[{"embeddable":true,"href":"https:\/\/proyectum.com\/pe\/wp-json\/wp\/v2\/comments?post=10264"}],"version-history":[{"count":0,"href":"https:\/\/proyectum.com\/pe\/wp-json\/wp\/v2\/posts\/10264\/revisions"}],"wp:featuredmedia":[{"embeddable":true,"href":"https:\/\/proyectum.com\/pe\/wp-json\/wp\/v2\/media\/10267"}],"wp:attachment":[{"href":"https:\/\/proyectum.com\/pe\/wp-json\/wp\/v2\/media?parent=10264"}],"wp:term":[{"taxonomy":"category","embeddable":true,"href":"https:\/\/proyectum.com\/pe\/wp-json\/wp\/v2\/categories?post=10264"},{"taxonomy":"post_tag","embeddable":true,"href":"https:\/\/proyectum.com\/pe\/wp-json\/wp\/v2\/tags?post=10264"}],"curies":[{"name":"wp","href":"https:\/\/api.w.org\/{rel}","templated":true}]}}