{"id":10602,"date":"2024-03-20T21:21:29","date_gmt":"2024-03-21T00:21:29","guid":{"rendered":"https:\/\/proyectum.com\/sistema\/?p=10602"},"modified":"2024-03-20T21:21:29","modified_gmt":"2024-03-21T00:21:29","slug":"mas-alla-de-la-colaboracion-equipos-como-sistemas-adaptativos-complejos","status":"publish","type":"post","link":"https:\/\/proyectum.com\/pe\/mas-alla-de-la-colaboracion-equipos-como-sistemas-adaptativos-complejos\/","title":{"rendered":"M\u00e1s all\u00e1 de la Colaboraci\u00f3n: Equipos como Sistemas Adaptativos Complejos"},"content":{"rendered":"<p style=\"text-align: right;\">Por: Jorge Vald\u00e9s Garciatorres, MDO, PMP, STML500<\/p>\n<p style=\"text-align: right;\"><em>\u00abTodas las cosas aparecen y desaparecen por la concurrencia de causas y condiciones. Nada existe completamente solo; todo est\u00e1 en relaci\u00f3n con todo lo dem\u00e1s\u00bb<\/em>. &#8211; <strong>Buda<\/strong><\/p>\n<p><strong>\u00a0<\/strong><\/p>\n<h3><strong>Sistemas Adaptativos Complejos<\/strong><strong>\u00a0<\/strong><\/h3>\n<p>En el entorno organizacional del siglo XXI, el trabajo en equipo se ha convertido en una piedra angular para capturar y generar valor a trav\u00e9s de la innovaci\u00f3n. Sin embargo, comprender y gestionar equipos en este contexto requiere una apreciaci\u00f3n de su naturaleza inherentemente compleja y adaptativa. Por lo tanto, considero que \u00a0una buena aproximaci\u00f3n es estudiar a los equipos desde la perspectiva que plantean los \u00a0<strong>Sistemas Adaptativos Complejos<\/strong> (CAS, por sus siglas en ingl\u00e9s), usando como herramienta fundamental el pensamiento sist\u00e9mico.<\/p>\n<p>En esta serie de art\u00edculos, planteo un puno de vista en donde har\u00e9 un breve an\u00e1lisis de los desaf\u00edos que enfrentan actualmente los equipos y el liderazgo y, mi reflexion respecto a algunos modelos, instrumentos y t\u00e9cnicas que he incorporado a mis pr\u00e1cticas y que me han pagado buenos dividendos. En mi opini\u00f3n los elementos que comparto en esta serie de art\u00edculos con base en mis observaciones emp\u00edricas, pueden contribuir a descifrar y potenciar estos sistemas complejos en beneficio de las organizaciones modernas.<\/p>\n<h3><strong>Los Equipos como Sistemas Adaptativos Complejos<\/strong><\/h3>\n<p>Un <strong>Sistema Adaptativo Complejo<\/strong> se caracteriza por la interacci\u00f3n de sus componentes, que da lugar a comportamientos emergentes no predecibles meramente por el conocimiento de las partes individuales. Los equipos, compuestos por individuos con diferentes habilidades, culturas, grupos generacionales, personalidades y estilos de trabajo, encarnan esta definici\u00f3n.<\/p>\n<p>Considero que el \u00e9xito de las organizaciones modernas, en cualquiera de sus tres elementos comunes: <strong>Estrategia, Proyectos y Procesos de Negocio<\/strong>, \u00a0dependen en gran medida en la forma en que estos elementos individuales se combinan, interact\u00faan y se adaptan a los desaf\u00edos y oportunidades.<\/p>\n<p>Por lo tanto, es importante que apoyen a sus colaboradores en el desarrollo de competencias para trabajar en equipos, con el fin de que la suma de estas competencias individuales, genere capacidades organizacionales que puedan, no solo garantizar la permanencia de la organizaci\u00f3n en un entorno DANCE, sino detonar la oferta y captura de valor.<\/p>\n<p>La comprensi\u00f3n de los equipos como CAS implica reconocer varias caracter\u00edsticas \u00a0clave:<\/p>\n<ul>\n<li><strong>Equifinalidad:<\/strong> Se refiere a la idea de que un mismo estado final o resultado puede ser alcanzado desde diferentes condiciones iniciales y a trav\u00e9s de m\u00faltiples caminos. Esta consideraci\u00f3n requiere sin lugar a duda, otorgar cierto grado de autonom\u00eda a los equipos para que descubran su camino.<\/li>\n<\/ul>\n<p>Esta consideraci\u00f3n puede generar cierta \u201cindigesti\u00f3n\u201d en culturas organizaciones con enfoques de gesti\u00f3n m\u00e1s tradicionales.<\/p>\n<ul>\n<li><strong>Autopoiesis<a href=\"#_ftn1\" name=\"_ftnref1\">[1]<\/a>:<\/strong> Este concepto describe la capacidad de un sistema para regenerarse, mantenerse y definirse a s\u00ed mismo a trav\u00e9s de sus propios componentes y procesos internos. Cuando aplicamos este concepto a los equipos de trabajo, nos proporciona una perspectiva profunda sobre c\u00f3mo los equipos mantienen su cohesi\u00f3n, adaptabilidad y evoluci\u00f3n continua en respuesta a los cambios internos y externos.<\/li>\n<\/ul>\n<ul>\n<li><strong>Dinamismo:<\/strong> Los equipos est\u00e1n en constante evoluci\u00f3n, respondiendo a cambios internos y externos.<\/li>\n<\/ul>\n<ul>\n<li><strong>Interdependencia:<\/strong> Las acciones de un miembro afectan y son afectadas por las de otros.<\/li>\n<\/ul>\n<ul>\n<li><strong>Autoorganizaci\u00f3n:<\/strong> Los equipos tienen la capacidad de organizar su comportamiento sin la direcci\u00f3n de un agente externo.<\/li>\n<\/ul>\n<ul>\n<li><strong>Emergencia:<\/strong> Los resultados del equipo son m\u00e1s que la suma de las contribuciones individuales.<\/li>\n<\/ul>\n<p>&nbsp;<\/p>\n<h3><strong>Consideraciones en la Era Moderna<\/strong><\/h3>\n<p>Los desaf\u00edos actuales, como la r\u00e1pida evoluci\u00f3n tecnol\u00f3gica, la globalizaci\u00f3n y el cambio hacia modalidades de trabajo flexibles (e.g., remoto, h\u00edbrido), han a\u00f1adido capas de complejidad a la gesti\u00f3n de equipos. Estos contextos demandan un enfoque m\u00e1s nuanciado y adaptable para el liderazgo y la formaci\u00f3n de equipos, uno que pueda abordar:<\/p>\n<p>&nbsp;<\/p>\n<ul>\n<li><strong>Diversidad e Inclusi\u00f3n:<\/strong> Equipos multiculturales y multidisciplinarios requieren estrategias que valoren y armonicen diversas perspectivas.<\/li>\n<li><strong>Comunicaci\u00f3n Virtual:<\/strong> La eficacia en la comunicaci\u00f3n a trav\u00e9s de plataformas digitales es fundamental.<\/li>\n<li><strong>Agilidad y Resiliencia:<\/strong> La capacidad de adaptarse r\u00e1pidamente a cambios inesperados es m\u00e1s cr\u00edtica que nunca.<\/li>\n<\/ul>\n<p>&nbsp;<\/p>\n<h3>Aplicando Teor\u00edas y Modelos para Navegar la Complejidad<\/h3>\n<p>La integraci\u00f3n de teor\u00edas y modelos espec\u00edficos puede proporcionar marcos valiosos para comprender y mejorar la din\u00e1mica de los equipos:<\/p>\n<ul>\n<li><strong>HBDI:<\/strong> Ayuda a apreciar las diferencias individuales en el pensamiento y la preferencia cognitiva, fundamentales para la colaboraci\u00f3n efectiva.<\/li>\n<li><strong>Teor\u00eda del Flujo:<\/strong> Ofrece insights sobre c\u00f3mo crear entornos que maximicen la motivaci\u00f3n y el compromiso.<\/li>\n<li><strong>Roles de Equipo de Belbin:<\/strong> Facilita la composici\u00f3n de equipos balanceados, donde los roles complementarios impulsan la eficiencia y la innovaci\u00f3n.<\/li>\n<li><strong>Modelo de Ciclo de Vida de Equipos de Tuckman:<\/strong> Proporciona una hoja de ruta para el desarrollo del equipo, desde su formaci\u00f3n hasta alcanzar un alto rendimiento.<\/li>\n<\/ul>\n<p><strong>Reflexi\u00f3n Final<\/strong><\/p>\n<p>Reconocer a los equipos como Sistemas Adaptativos Complejos es el primer paso hacia la gesti\u00f3n efectiva de la complejidad en la era moderna. A trav\u00e9s de este art\u00edculo, hemos sentado las bases para explorar c\u00f3mo aplicar el HBDI, la teor\u00eda del flujo, los roles de Belbin y el modelo de Tuckman en art\u00edculos subsiguientes. Estos enfoques no solo mejorar\u00e1n nuestra comprensi\u00f3n de los equipos sino que tambi\u00e9n equipar\u00e1n a l\u00edderes y miembros del equipo con estrategias para navegar y prosperar en el panorama cambiante del trabajo en equipo.<\/p>\n<p>Al avanzar, profundizaremos en cada modelo y teor\u00eda, desentra\u00f1ando c\u00f3mo pueden ser aplicados pr\u00e1cticamente para fortalecer los equipos dentro de este marco complejo y adaptativo. Este viaje no solo iluminar\u00e1 el camino hacia equipos m\u00e1s cohesionados y eficaces sino que tambi\u00e9n contribuir\u00e1 a la creaci\u00f3n de un ebook comprensivo que sirva como una gu\u00eda indispensable para el liderazgo y la gesti\u00f3n de equipos en el siglo XXI.<\/p>\n<p><a href=\"#_ftnref1\" name=\"_ftn1\">[1]<\/a> Maturana, H. R., &amp; Varela, F. J. (1980). <em>Autopoiesis and Cognition: The Realization of the Living<\/em>. Dordrecht: D. Reidel Publishing Company.<\/p>\n","protected":false},"excerpt":{"rendered":"<p>Por: Jorge Vald\u00e9s Garciatorres, MDO, PMP, STML500 \u00abTodas las cosas aparecen y desaparecen por la concurrencia de causas y condiciones. Nada existe completamente solo; todo est\u00e1 en relaci\u00f3n con todo lo dem\u00e1s\u00bb. &#8211; Buda \u00a0 Sistemas Adaptativos Complejos\u00a0 En el entorno organizacional del siglo XXI, el trabajo en equipo se ha convertido en una piedra [&hellip;]<\/p>\n","protected":false},"author":26,"featured_media":10604,"comment_status":"closed","ping_status":"closed","sticky":false,"template":"","format":"standard","meta":{"_acf_changed":false,"footnotes":""},"categories":[526],"tags":[571,551],"class_list":["post-10602","post","type-post","status-publish","format-standard","has-post-thumbnail","hentry","category-pensamiento-sistemico","tag-los-equipos-como-sistemas-adaptativos-complejos","tag-sistema-adaptativo-complejo"],"acf":[],"yoast_head":"<!-- This site is optimized with the Yoast SEO plugin v24.4 - https:\/\/yoast.com\/wordpress\/plugins\/seo\/ -->\n<title>M\u00e1s all\u00e1 de la Colaboraci\u00f3n: Equipos como Sistemas Adaptativos Complejos - Proyectum Per\u00fa<\/title>\n<meta name=\"robots\" content=\"index, follow, max-snippet:-1, max-image-preview:large, max-video-preview:-1\" \/>\n<link rel=\"canonical\" href=\"https:\/\/proyectum.com\/pe\/mas-alla-de-la-colaboracion-equipos-como-sistemas-adaptativos-complejos\/\" \/>\n<meta property=\"og:locale\" content=\"es_ES\" \/>\n<meta property=\"og:type\" content=\"article\" \/>\n<meta property=\"og:title\" content=\"M\u00e1s all\u00e1 de la Colaboraci\u00f3n: Equipos como Sistemas Adaptativos Complejos - Proyectum Per\u00fa\" \/>\n<meta property=\"og:description\" content=\"Por: Jorge Vald\u00e9s Garciatorres, MDO, PMP, STML500 \u00abTodas las cosas aparecen y desaparecen por la concurrencia de causas y condiciones. Nada existe completamente solo; todo est\u00e1 en relaci\u00f3n con todo lo dem\u00e1s\u00bb. &#8211; Buda \u00a0 Sistemas Adaptativos Complejos\u00a0 En el entorno organizacional del siglo XXI, el trabajo en equipo se ha convertido en una piedra [&hellip;]\" \/>\n<meta property=\"og:url\" content=\"https:\/\/proyectum.com\/pe\/mas-alla-de-la-colaboracion-equipos-como-sistemas-adaptativos-complejos\/\" \/>\n<meta property=\"og:site_name\" content=\"Proyectum Per\u00fa\" \/>\n<meta property=\"article:publisher\" content=\"https:\/\/www.facebook.com\/proyectum.pe\/\" \/>\n<meta property=\"article:published_time\" content=\"2024-03-21T00:21:29+00:00\" \/>\n<meta property=\"og:image\" content=\"https:\/\/proyectum.com\/pe\/wp-content\/uploads\/2024\/03\/Mas-alla-de-la-Colaboracion.jpg\" \/>\n\t<meta property=\"og:image:width\" content=\"1800\" \/>\n\t<meta property=\"og:image:height\" content=\"1100\" \/>\n\t<meta property=\"og:image:type\" content=\"image\/jpeg\" \/>\n<meta name=\"author\" content=\"Proyectum 2024\" \/>\n<meta name=\"twitter:card\" content=\"summary_large_image\" \/>\n<meta name=\"twitter:label1\" content=\"Escrito por\" \/>\n\t<meta name=\"twitter:data1\" content=\"Proyectum 2024\" \/>\n\t<meta name=\"twitter:label2\" content=\"Tiempo de lectura\" \/>\n\t<meta name=\"twitter:data2\" content=\"5 minutos\" \/>\n<script type=\"application\/ld+json\" class=\"yoast-schema-graph\">{\"@context\":\"https:\/\/schema.org\",\"@graph\":[{\"@type\":\"Article\",\"@id\":\"https:\/\/proyectum.com\/pe\/mas-alla-de-la-colaboracion-equipos-como-sistemas-adaptativos-complejos\/#article\",\"isPartOf\":{\"@id\":\"https:\/\/proyectum.com\/pe\/mas-alla-de-la-colaboracion-equipos-como-sistemas-adaptativos-complejos\/\"},\"author\":{\"name\":\"Proyectum 2024\",\"@id\":\"https:\/\/proyectum.com\/pe\/#\/schema\/person\/784b10060c51822d857e3004ea132bb4\"},\"headline\":\"M\u00e1s all\u00e1 de la Colaboraci\u00f3n: Equipos como Sistemas Adaptativos Complejos\",\"datePublished\":\"2024-03-21T00:21:29+00:00\",\"mainEntityOfPage\":{\"@id\":\"https:\/\/proyectum.com\/pe\/mas-alla-de-la-colaboracion-equipos-como-sistemas-adaptativos-complejos\/\"},\"wordCount\":1042,\"publisher\":{\"@id\":\"https:\/\/proyectum.com\/pe\/#organization\"},\"image\":{\"@id\":\"https:\/\/proyectum.com\/pe\/mas-alla-de-la-colaboracion-equipos-como-sistemas-adaptativos-complejos\/#primaryimage\"},\"thumbnailUrl\":\"https:\/\/proyectum.com\/pe\/wp-content\/uploads\/2024\/03\/Mas-alla-de-la-Colaboracion.jpg\",\"keywords\":[\"Los Equipos como Sistemas Adaptativos Complejos\",\"sistema adaptativo complejo\"],\"articleSection\":[\"Pensamiento sist\u00e9mico\"],\"inLanguage\":\"es\"},{\"@type\":\"WebPage\",\"@id\":\"https:\/\/proyectum.com\/pe\/mas-alla-de-la-colaboracion-equipos-como-sistemas-adaptativos-complejos\/\",\"url\":\"https:\/\/proyectum.com\/pe\/mas-alla-de-la-colaboracion-equipos-como-sistemas-adaptativos-complejos\/\",\"name\":\"M\u00e1s all\u00e1 de la Colaboraci\u00f3n: Equipos como Sistemas Adaptativos Complejos - Proyectum Per\u00fa\",\"isPartOf\":{\"@id\":\"https:\/\/proyectum.com\/pe\/#website\"},\"primaryImageOfPage\":{\"@id\":\"https:\/\/proyectum.com\/pe\/mas-alla-de-la-colaboracion-equipos-como-sistemas-adaptativos-complejos\/#primaryimage\"},\"image\":{\"@id\":\"https:\/\/proyectum.com\/pe\/mas-alla-de-la-colaboracion-equipos-como-sistemas-adaptativos-complejos\/#primaryimage\"},\"thumbnailUrl\":\"https:\/\/proyectum.com\/pe\/wp-content\/uploads\/2024\/03\/Mas-alla-de-la-Colaboracion.jpg\",\"datePublished\":\"2024-03-21T00:21:29+00:00\",\"breadcrumb\":{\"@id\":\"https:\/\/proyectum.com\/pe\/mas-alla-de-la-colaboracion-equipos-como-sistemas-adaptativos-complejos\/#breadcrumb\"},\"inLanguage\":\"es\",\"potentialAction\":[{\"@type\":\"ReadAction\",\"target\":[\"https:\/\/proyectum.com\/pe\/mas-alla-de-la-colaboracion-equipos-como-sistemas-adaptativos-complejos\/\"]}]},{\"@type\":\"ImageObject\",\"inLanguage\":\"es\",\"@id\":\"https:\/\/proyectum.com\/pe\/mas-alla-de-la-colaboracion-equipos-como-sistemas-adaptativos-complejos\/#primaryimage\",\"url\":\"https:\/\/proyectum.com\/pe\/wp-content\/uploads\/2024\/03\/Mas-alla-de-la-Colaboracion.jpg\",\"contentUrl\":\"https:\/\/proyectum.com\/pe\/wp-content\/uploads\/2024\/03\/Mas-alla-de-la-Colaboracion.jpg\",\"width\":1800,\"height\":1100,\"caption\":\"Ma\u0301s alla\u0301 de la Colaboracio\u0301n\"},{\"@type\":\"BreadcrumbList\",\"@id\":\"https:\/\/proyectum.com\/pe\/mas-alla-de-la-colaboracion-equipos-como-sistemas-adaptativos-complejos\/#breadcrumb\",\"itemListElement\":[{\"@type\":\"ListItem\",\"position\":1,\"name\":\"Home\",\"item\":\"https:\/\/proyectum.com\/pe\/\"},{\"@type\":\"ListItem\",\"position\":2,\"name\":\"M\u00e1s all\u00e1 de la Colaboraci\u00f3n: Equipos como Sistemas Adaptativos Complejos\"}]},{\"@type\":\"WebSite\",\"@id\":\"https:\/\/proyectum.com\/pe\/#website\",\"url\":\"https:\/\/proyectum.com\/pe\/\",\"name\":\"Proyectum Per\u00fa\",\"description\":\"Direcci\u00f3n de Proyectos y Metodolog\u00edas \u00c1giles\",\"publisher\":{\"@id\":\"https:\/\/proyectum.com\/pe\/#organization\"},\"potentialAction\":[{\"@type\":\"SearchAction\",\"target\":{\"@type\":\"EntryPoint\",\"urlTemplate\":\"https:\/\/proyectum.com\/pe\/?s={search_term_string}\"},\"query-input\":{\"@type\":\"PropertyValueSpecification\",\"valueRequired\":true,\"valueName\":\"search_term_string\"}}],\"inLanguage\":\"es\"},{\"@type\":\"Organization\",\"@id\":\"https:\/\/proyectum.com\/pe\/#organization\",\"name\":\"Proyectum Per\u00fa\",\"url\":\"https:\/\/proyectum.com\/pe\/\",\"logo\":{\"@type\":\"ImageObject\",\"inLanguage\":\"es\",\"@id\":\"https:\/\/proyectum.com\/pe\/#\/schema\/logo\/image\/\",\"url\":\"https:\/\/proyectum.com\/pe\/wp-content\/uploads\/2020\/04\/proyectum-logo-snippet.png\",\"contentUrl\":\"https:\/\/proyectum.com\/pe\/wp-content\/uploads\/2020\/04\/proyectum-logo-snippet.png\",\"width\":600,\"height\":315,\"caption\":\"Proyectum Per\u00fa\"},\"image\":{\"@id\":\"https:\/\/proyectum.com\/pe\/#\/schema\/logo\/image\/\"},\"sameAs\":[\"https:\/\/www.facebook.com\/proyectum.pe\/\",\"https:\/\/www.instagram.com\/proyectum.pe\/\",\"https:\/\/www.linkedin.com\/company\/proyectumperu\/\",\"https:\/\/www.youtube.com\/@proyectum2283\/videos\"]},{\"@type\":\"Person\",\"@id\":\"https:\/\/proyectum.com\/pe\/#\/schema\/person\/784b10060c51822d857e3004ea132bb4\",\"name\":\"Proyectum 2024\",\"image\":{\"@type\":\"ImageObject\",\"inLanguage\":\"es\",\"@id\":\"https:\/\/proyectum.com\/pe\/#\/schema\/person\/image\/\",\"url\":\"https:\/\/secure.gravatar.com\/avatar\/df82793fddd8f0a5a84fdb27d958bf73?s=96&d=mm&r=g\",\"contentUrl\":\"https:\/\/secure.gravatar.com\/avatar\/df82793fddd8f0a5a84fdb27d958bf73?s=96&d=mm&r=g\",\"caption\":\"Proyectum 2024\"}}]}<\/script>\n<!-- \/ Yoast SEO plugin. -->","yoast_head_json":{"title":"M\u00e1s all\u00e1 de la Colaboraci\u00f3n: Equipos como Sistemas Adaptativos Complejos - Proyectum Per\u00fa","robots":{"index":"index","follow":"follow","max-snippet":"max-snippet:-1","max-image-preview":"max-image-preview:large","max-video-preview":"max-video-preview:-1"},"canonical":"https:\/\/proyectum.com\/pe\/mas-alla-de-la-colaboracion-equipos-como-sistemas-adaptativos-complejos\/","og_locale":"es_ES","og_type":"article","og_title":"M\u00e1s all\u00e1 de la Colaboraci\u00f3n: Equipos como Sistemas Adaptativos Complejos - Proyectum Per\u00fa","og_description":"Por: Jorge Vald\u00e9s Garciatorres, MDO, PMP, STML500 \u00abTodas las cosas aparecen y desaparecen por la concurrencia de causas y condiciones. Nada existe completamente solo; todo est\u00e1 en relaci\u00f3n con todo lo dem\u00e1s\u00bb. &#8211; Buda \u00a0 Sistemas Adaptativos Complejos\u00a0 En el entorno organizacional del siglo XXI, el trabajo en equipo se ha convertido en una piedra [&hellip;]","og_url":"https:\/\/proyectum.com\/pe\/mas-alla-de-la-colaboracion-equipos-como-sistemas-adaptativos-complejos\/","og_site_name":"Proyectum Per\u00fa","article_publisher":"https:\/\/www.facebook.com\/proyectum.pe\/","article_published_time":"2024-03-21T00:21:29+00:00","og_image":[{"width":1800,"height":1100,"url":"https:\/\/proyectum.com\/pe\/wp-content\/uploads\/2024\/03\/Mas-alla-de-la-Colaboracion.jpg","type":"image\/jpeg"}],"author":"Proyectum 2024","twitter_card":"summary_large_image","twitter_misc":{"Escrito por":"Proyectum 2024","Tiempo de lectura":"5 minutos"},"schema":{"@context":"https:\/\/schema.org","@graph":[{"@type":"Article","@id":"https:\/\/proyectum.com\/pe\/mas-alla-de-la-colaboracion-equipos-como-sistemas-adaptativos-complejos\/#article","isPartOf":{"@id":"https:\/\/proyectum.com\/pe\/mas-alla-de-la-colaboracion-equipos-como-sistemas-adaptativos-complejos\/"},"author":{"name":"Proyectum 2024","@id":"https:\/\/proyectum.com\/pe\/#\/schema\/person\/784b10060c51822d857e3004ea132bb4"},"headline":"M\u00e1s all\u00e1 de la Colaboraci\u00f3n: Equipos como Sistemas Adaptativos Complejos","datePublished":"2024-03-21T00:21:29+00:00","mainEntityOfPage":{"@id":"https:\/\/proyectum.com\/pe\/mas-alla-de-la-colaboracion-equipos-como-sistemas-adaptativos-complejos\/"},"wordCount":1042,"publisher":{"@id":"https:\/\/proyectum.com\/pe\/#organization"},"image":{"@id":"https:\/\/proyectum.com\/pe\/mas-alla-de-la-colaboracion-equipos-como-sistemas-adaptativos-complejos\/#primaryimage"},"thumbnailUrl":"https:\/\/proyectum.com\/pe\/wp-content\/uploads\/2024\/03\/Mas-alla-de-la-Colaboracion.jpg","keywords":["Los Equipos como Sistemas Adaptativos Complejos","sistema adaptativo complejo"],"articleSection":["Pensamiento sist\u00e9mico"],"inLanguage":"es"},{"@type":"WebPage","@id":"https:\/\/proyectum.com\/pe\/mas-alla-de-la-colaboracion-equipos-como-sistemas-adaptativos-complejos\/","url":"https:\/\/proyectum.com\/pe\/mas-alla-de-la-colaboracion-equipos-como-sistemas-adaptativos-complejos\/","name":"M\u00e1s all\u00e1 de la Colaboraci\u00f3n: Equipos como Sistemas Adaptativos Complejos - Proyectum Per\u00fa","isPartOf":{"@id":"https:\/\/proyectum.com\/pe\/#website"},"primaryImageOfPage":{"@id":"https:\/\/proyectum.com\/pe\/mas-alla-de-la-colaboracion-equipos-como-sistemas-adaptativos-complejos\/#primaryimage"},"image":{"@id":"https:\/\/proyectum.com\/pe\/mas-alla-de-la-colaboracion-equipos-como-sistemas-adaptativos-complejos\/#primaryimage"},"thumbnailUrl":"https:\/\/proyectum.com\/pe\/wp-content\/uploads\/2024\/03\/Mas-alla-de-la-Colaboracion.jpg","datePublished":"2024-03-21T00:21:29+00:00","breadcrumb":{"@id":"https:\/\/proyectum.com\/pe\/mas-alla-de-la-colaboracion-equipos-como-sistemas-adaptativos-complejos\/#breadcrumb"},"inLanguage":"es","potentialAction":[{"@type":"ReadAction","target":["https:\/\/proyectum.com\/pe\/mas-alla-de-la-colaboracion-equipos-como-sistemas-adaptativos-complejos\/"]}]},{"@type":"ImageObject","inLanguage":"es","@id":"https:\/\/proyectum.com\/pe\/mas-alla-de-la-colaboracion-equipos-como-sistemas-adaptativos-complejos\/#primaryimage","url":"https:\/\/proyectum.com\/pe\/wp-content\/uploads\/2024\/03\/Mas-alla-de-la-Colaboracion.jpg","contentUrl":"https:\/\/proyectum.com\/pe\/wp-content\/uploads\/2024\/03\/Mas-alla-de-la-Colaboracion.jpg","width":1800,"height":1100,"caption":"Ma\u0301s alla\u0301 de la Colaboracio\u0301n"},{"@type":"BreadcrumbList","@id":"https:\/\/proyectum.com\/pe\/mas-alla-de-la-colaboracion-equipos-como-sistemas-adaptativos-complejos\/#breadcrumb","itemListElement":[{"@type":"ListItem","position":1,"name":"Home","item":"https:\/\/proyectum.com\/pe\/"},{"@type":"ListItem","position":2,"name":"M\u00e1s all\u00e1 de la Colaboraci\u00f3n: Equipos como Sistemas Adaptativos Complejos"}]},{"@type":"WebSite","@id":"https:\/\/proyectum.com\/pe\/#website","url":"https:\/\/proyectum.com\/pe\/","name":"Proyectum Per\u00fa","description":"Direcci\u00f3n de Proyectos y Metodolog\u00edas \u00c1giles","publisher":{"@id":"https:\/\/proyectum.com\/pe\/#organization"},"potentialAction":[{"@type":"SearchAction","target":{"@type":"EntryPoint","urlTemplate":"https:\/\/proyectum.com\/pe\/?s={search_term_string}"},"query-input":{"@type":"PropertyValueSpecification","valueRequired":true,"valueName":"search_term_string"}}],"inLanguage":"es"},{"@type":"Organization","@id":"https:\/\/proyectum.com\/pe\/#organization","name":"Proyectum Per\u00fa","url":"https:\/\/proyectum.com\/pe\/","logo":{"@type":"ImageObject","inLanguage":"es","@id":"https:\/\/proyectum.com\/pe\/#\/schema\/logo\/image\/","url":"https:\/\/proyectum.com\/pe\/wp-content\/uploads\/2020\/04\/proyectum-logo-snippet.png","contentUrl":"https:\/\/proyectum.com\/pe\/wp-content\/uploads\/2020\/04\/proyectum-logo-snippet.png","width":600,"height":315,"caption":"Proyectum Per\u00fa"},"image":{"@id":"https:\/\/proyectum.com\/pe\/#\/schema\/logo\/image\/"},"sameAs":["https:\/\/www.facebook.com\/proyectum.pe\/","https:\/\/www.instagram.com\/proyectum.pe\/","https:\/\/www.linkedin.com\/company\/proyectumperu\/","https:\/\/www.youtube.com\/@proyectum2283\/videos"]},{"@type":"Person","@id":"https:\/\/proyectum.com\/pe\/#\/schema\/person\/784b10060c51822d857e3004ea132bb4","name":"Proyectum 2024","image":{"@type":"ImageObject","inLanguage":"es","@id":"https:\/\/proyectum.com\/pe\/#\/schema\/person\/image\/","url":"https:\/\/secure.gravatar.com\/avatar\/df82793fddd8f0a5a84fdb27d958bf73?s=96&d=mm&r=g","contentUrl":"https:\/\/secure.gravatar.com\/avatar\/df82793fddd8f0a5a84fdb27d958bf73?s=96&d=mm&r=g","caption":"Proyectum 2024"}}]}},"_links":{"self":[{"href":"https:\/\/proyectum.com\/pe\/wp-json\/wp\/v2\/posts\/10602","targetHints":{"allow":["GET"]}}],"collection":[{"href":"https:\/\/proyectum.com\/pe\/wp-json\/wp\/v2\/posts"}],"about":[{"href":"https:\/\/proyectum.com\/pe\/wp-json\/wp\/v2\/types\/post"}],"author":[{"embeddable":true,"href":"https:\/\/proyectum.com\/pe\/wp-json\/wp\/v2\/users\/26"}],"replies":[{"embeddable":true,"href":"https:\/\/proyectum.com\/pe\/wp-json\/wp\/v2\/comments?post=10602"}],"version-history":[{"count":0,"href":"https:\/\/proyectum.com\/pe\/wp-json\/wp\/v2\/posts\/10602\/revisions"}],"wp:featuredmedia":[{"embeddable":true,"href":"https:\/\/proyectum.com\/pe\/wp-json\/wp\/v2\/media\/10604"}],"wp:attachment":[{"href":"https:\/\/proyectum.com\/pe\/wp-json\/wp\/v2\/media?parent=10602"}],"wp:term":[{"taxonomy":"category","embeddable":true,"href":"https:\/\/proyectum.com\/pe\/wp-json\/wp\/v2\/categories?post=10602"},{"taxonomy":"post_tag","embeddable":true,"href":"https:\/\/proyectum.com\/pe\/wp-json\/wp\/v2\/tags?post=10602"}],"curies":[{"name":"wp","href":"https:\/\/api.w.org\/{rel}","templated":true}]}}