{"id":10617,"date":"2024-04-18T16:11:17","date_gmt":"2024-04-18T19:11:17","guid":{"rendered":"https:\/\/proyectum.com\/sistema\/?p=10617"},"modified":"2024-04-18T16:11:17","modified_gmt":"2024-04-18T19:11:17","slug":"gestion-del-cambio-con-el-modelo-adkar","status":"publish","type":"post","link":"https:\/\/proyectum.com\/pe\/gestion-del-cambio-con-el-modelo-adkar\/","title":{"rendered":"Gesti\u00f3n del cambio con el modelo ADKAR"},"content":{"rendered":"<p>El progreso en las organizaciones <strong>requiere aplicar cambios<\/strong> a la manera en que se realizan las cosas. Pero, posicionar a los cambios con una imagen positiva entre los miembros de la organizaci\u00f3n no es una tarea sencilla, por lo que se requieren de modelos estructurados como <strong>ADKAR<\/strong> para <strong>gestionar adecuadamente el cambio<\/strong>.<\/p>\n<p>En este art\u00edculo te compartir\u00e9 <strong>qu\u00e9 es ADKAR<\/strong> y c\u00f3mo te puede ayudar a que los cambios sean percibidos como aliados para la generaci\u00f3n de valor y as\u00ed, las personas los adopten en su rutina diaria.<\/p>\n<h3><strong>\u00bfQu\u00e9 es ADKAR?<\/strong><\/h3>\n<p>El modelo ADKAR fue desarrollado por la empresa <a href=\"https:\/\/www.prosci.com\/\" target=\"_blank\" rel=\"noopener\">Prosci<\/a> y el nombre es un acr\u00f3nimo de los cinco resultados que un individuo necesita lograr para que un cambio sea exitoso:<\/p>\n<ol>\n<li><strong>Awareness (Consciencia)<\/strong><\/li>\n<li><strong>Desire (Deseo)<\/strong><\/li>\n<li><strong>Knowledge (Conocimiento)<\/strong><\/li>\n<li><strong>Ability (Habilidad)<\/strong><\/li>\n<li><strong>Reinforcement (Reforzamiento)<\/strong><\/li>\n<\/ol>\n<p>Este modelo se basa en la comprensi\u00f3n de que el <a href=\"https:\/\/proyectum.com\/sistema\/webinas_post\/direccion-proyectos\/\" target=\"_blank\" rel=\"noopener\">cambio organizacional<\/a> solo puede ocurrir cuando los individuos cambian. <strong>Se enfoca en el cambio individual<\/strong>, guiando a las personas a trav\u00e9s de un cambio particular y abordando cualquier obst\u00e1culo en el camino.<\/p>\n<h3><strong>ADKAR: Awareness (Consciencia)<\/strong><\/h3>\n<p>Reconocer la necesidad de cambio puede resultar complejo, ya que nuestra tendencia natural suele ser la resistencia al mismo. Sin embargo, la consciencia juega un papel fundamental en este proceso.<\/p>\n<p>La consciencia se refiere a la capacidad de estar presente, de poner atenci\u00f3n a uno mismo, a los dem\u00e1s y al entorno que nos rodea. En esencia, la consciencia nos permite estar en sinton\u00eda con nuestro ser interior y con el mundo que nos rodea.<\/p>\n<p><strong>Cuando somos conscientes nos volvemos m\u00e1s receptivos a nuevas ideas<\/strong>, nos damos cuenta de que nuestro entorno cambia constantemente y que debemos mantener una mentalidad abierta a este cambio.<\/p>\n<p>La consciencia es el punto de partida que nos permite abrirnos al cambio.<\/p>\n<h3><strong>ADKAR: Desire (Deseo)<\/strong><\/h3>\n<p>Una vez que las personas son conscientes de la necesidad de cambiar, necesitan <strong>un motivador que las ponga en acci\u00f3n<\/strong>.<\/p>\n<p>A veces el pensar en el dif\u00edcil camino que debes recorrer para poder conseguir el cambio es desalentador. Sin embargo, es crucial no perder de vista la recompensa que nos espera al final del camino.<\/p>\n<p>Para impulsar esta motivaci\u00f3n interna, es crucial abordar aspectos emocionales y psicol\u00f3gicos. Definir claramente los objetivos que se desean alcanzar ser\u00e1 de gran ayuda para despertar esa motivaci\u00f3n intr\u00ednseca.<\/p>\n<p>Adem\u00e1s, es importante celebrar los peque\u00f1os logros a lo largo del camino. Esto no solo ayudar\u00e1 a mantener la motivaci\u00f3n, sino que tambi\u00e9n fortalecer\u00e1 el compromiso con el proceso de transformaci\u00f3n.<\/p>\n<h3><strong>ADKAR: Knowledge (Conocimiento)<\/strong><\/h3>\n<p><strong>El cambio viene acompa\u00f1ado de incertidumbre<\/strong>, la cual puede provocar estr\u00e9s y rechazo.<\/p>\n<p>Para abordar esta situaci\u00f3n, se debe garantizar que aquellos involucrados en el cambio est\u00e9n debidamente informados sobre dos aspectos clave: <strong>primero, el proceso de cambio que se va a implementar<\/strong>, y <strong>segundo, los conocimientos y habilidades que ser\u00e1n necesarios durante y despu\u00e9s del proceso<\/strong>.<\/p>\n<p>Se deben ofrecer los canales de comunicaci\u00f3n y el acceso transparente a la informaci\u00f3n para evitar que las personas se sientan sorprendidas por cambios inesperados. Adem\u00e1s, se debe brindar la capacitaci\u00f3n necesaria para desarrollar las habilidades y conocimientos que exigen los cambios.<\/p>\n<p>El conocimiento proporciona informaci\u00f3n clara sobre el cambio planificado y esto ayuda a las personas a despejar la incertidumbre y comprender mejor lo que pueden esperar.<\/p>\n<h3><strong>ADKAR: Ability (Habilidad)<\/strong><\/h3>\n<p>Cuando las personas aplican una nueva habilidad en sus pr\u00e1cticas diarias podemos afirmar que ha habido un cambio real.<\/p>\n<p>Aqu\u00ed es donde se presenta el punto de inflexi\u00f3n en el que el conocimiento se convierte en acci\u00f3n y las capacidades reci\u00e9n adquiridas se integran en la forma de trabajar de los individuos y equipos.<\/p>\n<p>Esta capacidad de <strong>aplicar conocimiento de manera efectiva a situaciones reales requiere de pr\u00e1ctica y perseverancia<\/strong>. Adem\u00e1s, las personas requieren las herramientas, plataformas y recursos necesarios para aplicar sus nuevas habilidades en el trabajo. Esto puede incluir capacitaciones, coaching y programas de mentor\u00eda que proporcionen orientaci\u00f3n y apoyo continuo.<\/p>\n<h3><strong>ADKAR: Reinforcement (Reforzamiento)<\/strong><\/h3>\n<p>Una vez que se ha logrado implementar un cambio exitoso en una organizaci\u00f3n, el trabajo no ha terminado. <strong>Es el reforzamiento el que puede asegurar que el cambio perdure<\/strong> y se arraigue en la cultura organizacional a largo plazo.<\/p>\n<p>El reforzamiento no se trata simplemente de repetir las nuevas pr\u00e1cticas una y otra vez, sino de reiterar constantemente la importancia y los beneficios del cambio. Esto implica comunicar de manera clara y regular por qu\u00e9 se llev\u00f3 a cabo el cambio y c\u00f3mo contribuye al \u00e9xito general de la organizaci\u00f3n.<\/p>\n<p>Otras estrategias efectivas para reforzar el cambio es el reconocimiento y la mejora continua. Es bueno reconocer a aquellos que han contribuido al \u00e9xito del cambio y entrar en un ciclo de mejora continua en el que se ponga atenci\u00f3n a la retroalimentaci\u00f3n para identificar oportunidades de mejora.<\/p>\n<p><strong>Conclusiones<\/strong><\/p>\n<p>ADKAR no es el \u00fanico modelo para gestionar adecuadamente el cambio, pero su promesa de ser funcional recae en el hecho de ser sencillo de utilizar, ya que responde al sentido com\u00fan y las letras son f\u00e1ciles de recordar.<\/p>\n<p><strong>Para experimentar con este modelo lo podemos aplicar a un cambio fuera del \u00e1mbito profesional<\/strong>. Esta es la forma m\u00e1s r\u00e1pida de ver c\u00f3mo el modelo cobra vida. Muchas veces, esa primera aplicaci\u00f3n personal es la que ayuda a consolidar la apreciaci\u00f3n del modelo.<\/p>\n<p>Imagina que quieres implementar un nuevo h\u00e1bito en tu vida, un gran cambio sin duda, bueno, pues te puedes apoyar del modelo ADKAR, toma consciencia, aumenta el deseo, re\u00fane el conocimiento necesario, aplica el nuevo h\u00e1bito y refu\u00e9rzalo constantemente para que sea un cambio perdurable.<\/p>\n<p><strong>Referencias:<\/strong><\/p>\n<p><a href=\"https:\/\/www.prosci.com\/es\/metodologia\/adkar?_gl=1*16okjip*_up*MQ..&amp;gclid=Cj0KCQjwiYOxBhC5ARIsAIvdH517HmbzDqH5DyO_2b-BhG-l6Ktd_OLgx8Reh3V3-5bzJULWDeevaGkaAmxLEALw_wcB\" target=\"_blank\" rel=\"noopener\">Prosci.com<\/a><\/p>\n<p><a href=\"https:\/\/blog.hubspot.es\/sales\/que-es-modelo-adkar\" target=\"_blank\" rel=\"noopener\">Blog.hubspot.es<\/a><\/p>\n<p>&nbsp;<\/p>\n","protected":false},"excerpt":{"rendered":"<p>El progreso en las organizaciones requiere aplicar cambios a la manera en que se realizan las cosas. Pero, posicionar a los cambios con una imagen positiva entre los miembros de la organizaci\u00f3n no es una tarea sencilla, por lo que se requieren de modelos estructurados como ADKAR para gestionar adecuadamente el cambio. En este art\u00edculo [&hellip;]<\/p>\n","protected":false},"author":26,"featured_media":10618,"comment_status":"closed","ping_status":"closed","sticky":false,"template":"","format":"standard","meta":{"_acf_changed":false,"footnotes":""},"categories":[370,572],"tags":[794,795,796,797,798,799,800],"class_list":["post-10617","post","type-post","status-publish","format-standard","has-post-thumbnail","hentry","category-liderazgo","category-transformacion-y-cambio","tag-adkar","tag-cambio-organizacional","tag-el-cambio-viene-acompanado-de-incertidumbre","tag-gestionar-adecuadamente-el-cambio","tag-que-es-adkar","tag-requiere-aplicar-cambios","tag-se-enfoca-en-el-cambio-individual"],"acf":[],"yoast_head":"<!-- This site is optimized with the Yoast SEO plugin v24.4 - https:\/\/yoast.com\/wordpress\/plugins\/seo\/ -->\n<title>Gesti\u00f3n del cambio con el modelo ADKAR - Proyectum Per\u00fa<\/title>\n<meta name=\"robots\" content=\"index, follow, max-snippet:-1, max-image-preview:large, max-video-preview:-1\" \/>\n<link rel=\"canonical\" href=\"https:\/\/proyectum.com\/pe\/gestion-del-cambio-con-el-modelo-adkar\/\" \/>\n<meta property=\"og:locale\" content=\"es_ES\" \/>\n<meta property=\"og:type\" content=\"article\" \/>\n<meta property=\"og:title\" content=\"Gesti\u00f3n del cambio con el modelo ADKAR - Proyectum Per\u00fa\" \/>\n<meta property=\"og:description\" content=\"El progreso en las organizaciones requiere aplicar cambios a la manera en que se realizan las cosas. Pero, posicionar a los cambios con una imagen positiva entre los miembros de la organizaci\u00f3n no es una tarea sencilla, por lo que se requieren de modelos estructurados como ADKAR para gestionar adecuadamente el cambio. En este art\u00edculo [&hellip;]\" \/>\n<meta property=\"og:url\" content=\"https:\/\/proyectum.com\/pe\/gestion-del-cambio-con-el-modelo-adkar\/\" \/>\n<meta property=\"og:site_name\" content=\"Proyectum Per\u00fa\" \/>\n<meta property=\"article:publisher\" content=\"https:\/\/www.facebook.com\/proyectum.pe\/\" \/>\n<meta property=\"article:published_time\" content=\"2024-04-18T19:11:17+00:00\" \/>\n<meta property=\"og:image\" content=\"https:\/\/proyectum.com\/pe\/wp-content\/uploads\/2024\/04\/Gestion-del-cambio-con-el-modelo-ADKAR.jpg\" \/>\n\t<meta property=\"og:image:width\" content=\"1800\" \/>\n\t<meta property=\"og:image:height\" content=\"988\" \/>\n\t<meta property=\"og:image:type\" content=\"image\/jpeg\" \/>\n<meta name=\"author\" content=\"Proyectum 2024\" \/>\n<meta name=\"twitter:card\" content=\"summary_large_image\" \/>\n<meta name=\"twitter:label1\" content=\"Escrito por\" \/>\n\t<meta name=\"twitter:data1\" content=\"Proyectum 2024\" \/>\n\t<meta name=\"twitter:label2\" content=\"Tiempo de lectura\" \/>\n\t<meta name=\"twitter:data2\" content=\"5 minutos\" \/>\n<script type=\"application\/ld+json\" class=\"yoast-schema-graph\">{\"@context\":\"https:\/\/schema.org\",\"@graph\":[{\"@type\":\"Article\",\"@id\":\"https:\/\/proyectum.com\/pe\/gestion-del-cambio-con-el-modelo-adkar\/#article\",\"isPartOf\":{\"@id\":\"https:\/\/proyectum.com\/pe\/gestion-del-cambio-con-el-modelo-adkar\/\"},\"author\":{\"name\":\"Proyectum 2024\",\"@id\":\"https:\/\/proyectum.com\/pe\/#\/schema\/person\/784b10060c51822d857e3004ea132bb4\"},\"headline\":\"Gesti\u00f3n del cambio con el modelo ADKAR\",\"datePublished\":\"2024-04-18T19:11:17+00:00\",\"mainEntityOfPage\":{\"@id\":\"https:\/\/proyectum.com\/pe\/gestion-del-cambio-con-el-modelo-adkar\/\"},\"wordCount\":989,\"publisher\":{\"@id\":\"https:\/\/proyectum.com\/pe\/#organization\"},\"image\":{\"@id\":\"https:\/\/proyectum.com\/pe\/gestion-del-cambio-con-el-modelo-adkar\/#primaryimage\"},\"thumbnailUrl\":\"https:\/\/proyectum.com\/pe\/wp-content\/uploads\/2024\/04\/Gestion-del-cambio-con-el-modelo-ADKAR.jpg\",\"keywords\":[\"ADKAR\",\"cambio organizacional\",\"El cambio viene acompa\u00f1ado de incertidumbre\",\"gestionar adecuadamente el cambio\",\"qu\u00e9 es ADKAR\",\"requiere aplicar cambios\",\"Se enfoca en el cambio individual\"],\"articleSection\":[\"Liderazgo\",\"Transformaci\u00f3n y cambio\"],\"inLanguage\":\"es\"},{\"@type\":\"WebPage\",\"@id\":\"https:\/\/proyectum.com\/pe\/gestion-del-cambio-con-el-modelo-adkar\/\",\"url\":\"https:\/\/proyectum.com\/pe\/gestion-del-cambio-con-el-modelo-adkar\/\",\"name\":\"Gesti\u00f3n del cambio con el modelo ADKAR - Proyectum Per\u00fa\",\"isPartOf\":{\"@id\":\"https:\/\/proyectum.com\/pe\/#website\"},\"primaryImageOfPage\":{\"@id\":\"https:\/\/proyectum.com\/pe\/gestion-del-cambio-con-el-modelo-adkar\/#primaryimage\"},\"image\":{\"@id\":\"https:\/\/proyectum.com\/pe\/gestion-del-cambio-con-el-modelo-adkar\/#primaryimage\"},\"thumbnailUrl\":\"https:\/\/proyectum.com\/pe\/wp-content\/uploads\/2024\/04\/Gestion-del-cambio-con-el-modelo-ADKAR.jpg\",\"datePublished\":\"2024-04-18T19:11:17+00:00\",\"breadcrumb\":{\"@id\":\"https:\/\/proyectum.com\/pe\/gestion-del-cambio-con-el-modelo-adkar\/#breadcrumb\"},\"inLanguage\":\"es\",\"potentialAction\":[{\"@type\":\"ReadAction\",\"target\":[\"https:\/\/proyectum.com\/pe\/gestion-del-cambio-con-el-modelo-adkar\/\"]}]},{\"@type\":\"ImageObject\",\"inLanguage\":\"es\",\"@id\":\"https:\/\/proyectum.com\/pe\/gestion-del-cambio-con-el-modelo-adkar\/#primaryimage\",\"url\":\"https:\/\/proyectum.com\/pe\/wp-content\/uploads\/2024\/04\/Gestion-del-cambio-con-el-modelo-ADKAR.jpg\",\"contentUrl\":\"https:\/\/proyectum.com\/pe\/wp-content\/uploads\/2024\/04\/Gestion-del-cambio-con-el-modelo-ADKAR.jpg\",\"width\":1800,\"height\":988,\"caption\":\"Gestio\u0301n del cambio con el modelo ADKAR\"},{\"@type\":\"BreadcrumbList\",\"@id\":\"https:\/\/proyectum.com\/pe\/gestion-del-cambio-con-el-modelo-adkar\/#breadcrumb\",\"itemListElement\":[{\"@type\":\"ListItem\",\"position\":1,\"name\":\"Home\",\"item\":\"https:\/\/proyectum.com\/pe\/\"},{\"@type\":\"ListItem\",\"position\":2,\"name\":\"Gesti\u00f3n del cambio con el modelo ADKAR\"}]},{\"@type\":\"WebSite\",\"@id\":\"https:\/\/proyectum.com\/pe\/#website\",\"url\":\"https:\/\/proyectum.com\/pe\/\",\"name\":\"Proyectum Per\u00fa\",\"description\":\"Direcci\u00f3n de Proyectos y Metodolog\u00edas \u00c1giles\",\"publisher\":{\"@id\":\"https:\/\/proyectum.com\/pe\/#organization\"},\"potentialAction\":[{\"@type\":\"SearchAction\",\"target\":{\"@type\":\"EntryPoint\",\"urlTemplate\":\"https:\/\/proyectum.com\/pe\/?s={search_term_string}\"},\"query-input\":{\"@type\":\"PropertyValueSpecification\",\"valueRequired\":true,\"valueName\":\"search_term_string\"}}],\"inLanguage\":\"es\"},{\"@type\":\"Organization\",\"@id\":\"https:\/\/proyectum.com\/pe\/#organization\",\"name\":\"Proyectum Per\u00fa\",\"url\":\"https:\/\/proyectum.com\/pe\/\",\"logo\":{\"@type\":\"ImageObject\",\"inLanguage\":\"es\",\"@id\":\"https:\/\/proyectum.com\/pe\/#\/schema\/logo\/image\/\",\"url\":\"https:\/\/proyectum.com\/pe\/wp-content\/uploads\/2020\/04\/proyectum-logo-snippet.png\",\"contentUrl\":\"https:\/\/proyectum.com\/pe\/wp-content\/uploads\/2020\/04\/proyectum-logo-snippet.png\",\"width\":600,\"height\":315,\"caption\":\"Proyectum Per\u00fa\"},\"image\":{\"@id\":\"https:\/\/proyectum.com\/pe\/#\/schema\/logo\/image\/\"},\"sameAs\":[\"https:\/\/www.facebook.com\/proyectum.pe\/\",\"https:\/\/www.instagram.com\/proyectum.pe\/\",\"https:\/\/www.linkedin.com\/company\/proyectumperu\/\",\"https:\/\/www.youtube.com\/@proyectum2283\/videos\"]},{\"@type\":\"Person\",\"@id\":\"https:\/\/proyectum.com\/pe\/#\/schema\/person\/784b10060c51822d857e3004ea132bb4\",\"name\":\"Proyectum 2024\",\"image\":{\"@type\":\"ImageObject\",\"inLanguage\":\"es\",\"@id\":\"https:\/\/proyectum.com\/pe\/#\/schema\/person\/image\/\",\"url\":\"https:\/\/secure.gravatar.com\/avatar\/df82793fddd8f0a5a84fdb27d958bf73?s=96&d=mm&r=g\",\"contentUrl\":\"https:\/\/secure.gravatar.com\/avatar\/df82793fddd8f0a5a84fdb27d958bf73?s=96&d=mm&r=g\",\"caption\":\"Proyectum 2024\"}}]}<\/script>\n<!-- \/ Yoast SEO plugin. -->","yoast_head_json":{"title":"Gesti\u00f3n del cambio con el modelo ADKAR - Proyectum Per\u00fa","robots":{"index":"index","follow":"follow","max-snippet":"max-snippet:-1","max-image-preview":"max-image-preview:large","max-video-preview":"max-video-preview:-1"},"canonical":"https:\/\/proyectum.com\/pe\/gestion-del-cambio-con-el-modelo-adkar\/","og_locale":"es_ES","og_type":"article","og_title":"Gesti\u00f3n del cambio con el modelo ADKAR - Proyectum Per\u00fa","og_description":"El progreso en las organizaciones requiere aplicar cambios a la manera en que se realizan las cosas. Pero, posicionar a los cambios con una imagen positiva entre los miembros de la organizaci\u00f3n no es una tarea sencilla, por lo que se requieren de modelos estructurados como ADKAR para gestionar adecuadamente el cambio. En este art\u00edculo [&hellip;]","og_url":"https:\/\/proyectum.com\/pe\/gestion-del-cambio-con-el-modelo-adkar\/","og_site_name":"Proyectum Per\u00fa","article_publisher":"https:\/\/www.facebook.com\/proyectum.pe\/","article_published_time":"2024-04-18T19:11:17+00:00","og_image":[{"width":1800,"height":988,"url":"https:\/\/proyectum.com\/pe\/wp-content\/uploads\/2024\/04\/Gestion-del-cambio-con-el-modelo-ADKAR.jpg","type":"image\/jpeg"}],"author":"Proyectum 2024","twitter_card":"summary_large_image","twitter_misc":{"Escrito por":"Proyectum 2024","Tiempo de lectura":"5 minutos"},"schema":{"@context":"https:\/\/schema.org","@graph":[{"@type":"Article","@id":"https:\/\/proyectum.com\/pe\/gestion-del-cambio-con-el-modelo-adkar\/#article","isPartOf":{"@id":"https:\/\/proyectum.com\/pe\/gestion-del-cambio-con-el-modelo-adkar\/"},"author":{"name":"Proyectum 2024","@id":"https:\/\/proyectum.com\/pe\/#\/schema\/person\/784b10060c51822d857e3004ea132bb4"},"headline":"Gesti\u00f3n del cambio con el modelo ADKAR","datePublished":"2024-04-18T19:11:17+00:00","mainEntityOfPage":{"@id":"https:\/\/proyectum.com\/pe\/gestion-del-cambio-con-el-modelo-adkar\/"},"wordCount":989,"publisher":{"@id":"https:\/\/proyectum.com\/pe\/#organization"},"image":{"@id":"https:\/\/proyectum.com\/pe\/gestion-del-cambio-con-el-modelo-adkar\/#primaryimage"},"thumbnailUrl":"https:\/\/proyectum.com\/pe\/wp-content\/uploads\/2024\/04\/Gestion-del-cambio-con-el-modelo-ADKAR.jpg","keywords":["ADKAR","cambio organizacional","El cambio viene acompa\u00f1ado de incertidumbre","gestionar adecuadamente el cambio","qu\u00e9 es ADKAR","requiere aplicar cambios","Se enfoca en el cambio individual"],"articleSection":["Liderazgo","Transformaci\u00f3n y cambio"],"inLanguage":"es"},{"@type":"WebPage","@id":"https:\/\/proyectum.com\/pe\/gestion-del-cambio-con-el-modelo-adkar\/","url":"https:\/\/proyectum.com\/pe\/gestion-del-cambio-con-el-modelo-adkar\/","name":"Gesti\u00f3n del cambio con el modelo ADKAR - Proyectum Per\u00fa","isPartOf":{"@id":"https:\/\/proyectum.com\/pe\/#website"},"primaryImageOfPage":{"@id":"https:\/\/proyectum.com\/pe\/gestion-del-cambio-con-el-modelo-adkar\/#primaryimage"},"image":{"@id":"https:\/\/proyectum.com\/pe\/gestion-del-cambio-con-el-modelo-adkar\/#primaryimage"},"thumbnailUrl":"https:\/\/proyectum.com\/pe\/wp-content\/uploads\/2024\/04\/Gestion-del-cambio-con-el-modelo-ADKAR.jpg","datePublished":"2024-04-18T19:11:17+00:00","breadcrumb":{"@id":"https:\/\/proyectum.com\/pe\/gestion-del-cambio-con-el-modelo-adkar\/#breadcrumb"},"inLanguage":"es","potentialAction":[{"@type":"ReadAction","target":["https:\/\/proyectum.com\/pe\/gestion-del-cambio-con-el-modelo-adkar\/"]}]},{"@type":"ImageObject","inLanguage":"es","@id":"https:\/\/proyectum.com\/pe\/gestion-del-cambio-con-el-modelo-adkar\/#primaryimage","url":"https:\/\/proyectum.com\/pe\/wp-content\/uploads\/2024\/04\/Gestion-del-cambio-con-el-modelo-ADKAR.jpg","contentUrl":"https:\/\/proyectum.com\/pe\/wp-content\/uploads\/2024\/04\/Gestion-del-cambio-con-el-modelo-ADKAR.jpg","width":1800,"height":988,"caption":"Gestio\u0301n del cambio con el modelo ADKAR"},{"@type":"BreadcrumbList","@id":"https:\/\/proyectum.com\/pe\/gestion-del-cambio-con-el-modelo-adkar\/#breadcrumb","itemListElement":[{"@type":"ListItem","position":1,"name":"Home","item":"https:\/\/proyectum.com\/pe\/"},{"@type":"ListItem","position":2,"name":"Gesti\u00f3n del cambio con el modelo ADKAR"}]},{"@type":"WebSite","@id":"https:\/\/proyectum.com\/pe\/#website","url":"https:\/\/proyectum.com\/pe\/","name":"Proyectum Per\u00fa","description":"Direcci\u00f3n de Proyectos y Metodolog\u00edas \u00c1giles","publisher":{"@id":"https:\/\/proyectum.com\/pe\/#organization"},"potentialAction":[{"@type":"SearchAction","target":{"@type":"EntryPoint","urlTemplate":"https:\/\/proyectum.com\/pe\/?s={search_term_string}"},"query-input":{"@type":"PropertyValueSpecification","valueRequired":true,"valueName":"search_term_string"}}],"inLanguage":"es"},{"@type":"Organization","@id":"https:\/\/proyectum.com\/pe\/#organization","name":"Proyectum Per\u00fa","url":"https:\/\/proyectum.com\/pe\/","logo":{"@type":"ImageObject","inLanguage":"es","@id":"https:\/\/proyectum.com\/pe\/#\/schema\/logo\/image\/","url":"https:\/\/proyectum.com\/pe\/wp-content\/uploads\/2020\/04\/proyectum-logo-snippet.png","contentUrl":"https:\/\/proyectum.com\/pe\/wp-content\/uploads\/2020\/04\/proyectum-logo-snippet.png","width":600,"height":315,"caption":"Proyectum Per\u00fa"},"image":{"@id":"https:\/\/proyectum.com\/pe\/#\/schema\/logo\/image\/"},"sameAs":["https:\/\/www.facebook.com\/proyectum.pe\/","https:\/\/www.instagram.com\/proyectum.pe\/","https:\/\/www.linkedin.com\/company\/proyectumperu\/","https:\/\/www.youtube.com\/@proyectum2283\/videos"]},{"@type":"Person","@id":"https:\/\/proyectum.com\/pe\/#\/schema\/person\/784b10060c51822d857e3004ea132bb4","name":"Proyectum 2024","image":{"@type":"ImageObject","inLanguage":"es","@id":"https:\/\/proyectum.com\/pe\/#\/schema\/person\/image\/","url":"https:\/\/secure.gravatar.com\/avatar\/df82793fddd8f0a5a84fdb27d958bf73?s=96&d=mm&r=g","contentUrl":"https:\/\/secure.gravatar.com\/avatar\/df82793fddd8f0a5a84fdb27d958bf73?s=96&d=mm&r=g","caption":"Proyectum 2024"}}]}},"_links":{"self":[{"href":"https:\/\/proyectum.com\/pe\/wp-json\/wp\/v2\/posts\/10617","targetHints":{"allow":["GET"]}}],"collection":[{"href":"https:\/\/proyectum.com\/pe\/wp-json\/wp\/v2\/posts"}],"about":[{"href":"https:\/\/proyectum.com\/pe\/wp-json\/wp\/v2\/types\/post"}],"author":[{"embeddable":true,"href":"https:\/\/proyectum.com\/pe\/wp-json\/wp\/v2\/users\/26"}],"replies":[{"embeddable":true,"href":"https:\/\/proyectum.com\/pe\/wp-json\/wp\/v2\/comments?post=10617"}],"version-history":[{"count":0,"href":"https:\/\/proyectum.com\/pe\/wp-json\/wp\/v2\/posts\/10617\/revisions"}],"wp:featuredmedia":[{"embeddable":true,"href":"https:\/\/proyectum.com\/pe\/wp-json\/wp\/v2\/media\/10618"}],"wp:attachment":[{"href":"https:\/\/proyectum.com\/pe\/wp-json\/wp\/v2\/media?parent=10617"}],"wp:term":[{"taxonomy":"category","embeddable":true,"href":"https:\/\/proyectum.com\/pe\/wp-json\/wp\/v2\/categories?post=10617"},{"taxonomy":"post_tag","embeddable":true,"href":"https:\/\/proyectum.com\/pe\/wp-json\/wp\/v2\/tags?post=10617"}],"curies":[{"name":"wp","href":"https:\/\/api.w.org\/{rel}","templated":true}]}}