{"id":10848,"date":"2021-02-22T18:31:06","date_gmt":"2021-02-22T21:31:06","guid":{"rendered":"https:\/\/www.proyectum.com\/sistema\/?p=9318"},"modified":"2021-02-22T18:31:06","modified_gmt":"2021-02-22T21:31:06","slug":"el-olor-curativo-de-una-hoguera-corporativa-la-estrategia-de-salida-de-hernan-cortes","status":"publish","type":"post","link":"https:\/\/proyectum.com\/pe\/el-olor-curativo-de-una-hoguera-corporativa-la-estrategia-de-salida-de-hernan-cortes\/","title":{"rendered":"El olor curativo de una hoguera corporativa \u2013 (La estrategia de salida de Hern\u00e1n Cort\u00e9s)"},"content":{"rendered":"<p style=\"text-align: right;\">Por : Leandro Herrero, MD<\/p>\n<p style=\"text-align: right;\">Traducido y Adaptado por: Jorge Vald\u00e9s Garciatorres, MDO, PMP<\/p>\n<p>El minorista brit\u00e1nico Marks and Spencer (M&amp;S) tiene \u00ab<strong>Plan A\u00bb<\/strong> como t\u00edtulo de su vasto programa de responsabilidad corporativa y social en las \u00e1reas de \u00ababastecimiento, reducci\u00f3n de residuos y ayuda a las comunidades\u00bb. Todav\u00eda recuerdo a\u00f1os atr\u00e1s cuando le pregunt\u00e9 por primera vez a uno de sus directores, <strong>por qu\u00e9 lo llamaban \u00abPlan A\u00bb<\/strong>. Era la pregunta perfecta, porque ten\u00eda una respuesta permanentemente lista, generalmente provista de una cara muy feliz y algo de orgullo. \u00ab<strong>Lo llamamos Plan A, simplemente porque no hay un Plan B<\/strong>\u00ab.<\/p>\n<p>Me pareci\u00f3 brillante y sigo pensando lo mismo. De hecho, \u00abporque no hay un Plan B\u00bb es la etiqueta asociada al \u00abPlan A\u00bb, pero no lo sab\u00eda en ese momento, as\u00ed que obtuve la respuesta en un modo totalmente descarado.<\/p>\n<p>Si M&amp;S no tiene un Plan B para su responsabilidad corporativa, es porque la empresa est\u00e1 <strong>totalmente comprometida con su Plan A<\/strong>. El Plan A, como expresi\u00f3n de compromiso, es la <strong>versi\u00f3n moderna de \u00abquemar sus barcos\u00bb o \u00abquemar sus puentes\u00bb<\/strong>.<\/p>\n<p>Hern\u00e1n Cort\u00e9s conquist\u00f3 M\u00e9xico en 1519 con 600 personas. <strong>Quem\u00f3 sus 11 barcos en la playa. Es decir, se deshizo de su plan B<\/strong>. Su estrategia era \u00abno hay salida\u00bb. Alejandro Magno hizo lo mismo en el siglo IV cuando invadi\u00f3 Persia.<\/p>\n<p>Unas cuantas hogueras, aqu\u00ed y all\u00e1, pueden ser necesarias en la organizaci\u00f3n. La hoguera puede estar hecha de productos, o servicios, o viejas estrategias. Un poco de olor a quemado puede ser muy saludable. Aunque no seamos Cort\u00e9s o Alejandro Magno, y no seamos lo suficientemente valientes para quemar todas las naves estrat\u00e9gicas a la vez, la estrategia \u00abNo-hay-salida-no-Plan B\u00bb puede ser en algunos casos exactamente lo que se necesita para <strong>centrar la atenci\u00f3n de la gente<\/strong>, para movilizar el compromiso, para redirigir la energ\u00eda, para, tal vez, conquistar un nuevo territorio.<\/p>\n<p>El problema de muchas promesas de empresas y organizaciones, no s\u00f3lo en el \u00e1mbito de la responsabilidad empresarial, sino tambi\u00e9n en el liderazgo, la estrategia y la ejecuci\u00f3n cotidiana, es que carecen de credibilidad. Tal vez, simplemente no son cre\u00edbles por derecho propio. Quiz\u00e1s son potencialmente cre\u00edbles, pero la gente no cree en las promesas.<\/p>\n<p>No hay nada mejor para enfocar las mentes y mostrar compromiso que el olor de una buena fogata corporativa.<\/p>\n<p>_______________<\/p>\n<p>Para ver el articulo original por favor da clic en esta <a href=\"https:\/\/leandroherrero.com\/the-healing-smell-of-a-corporate-bonfire-the-hernan-cortes-exit-strategy\/\" target=\"_blank\" rel=\"noopener\">liga<\/a><\/p>\n<p>\u00a9 The Chalfont Project Limited 2021. All rights reserved<\/p>\n<p>All articles supplied by [The Chalfont Project Limited] whether by access to digital resources or directly to any individual or company (collectively \u201cthe Content\u201d) are copyright The Chalfont Project Limited. Copying, reproducing, distributing, modifying, or transmitting the Content or any part of the Content is prohibited. Other than as expressly granted to any person or organization, no rights over the Content are granted or implied. \u201cViral Change\u2122\u201d is a registered trademark of The Chalfont Project Limited\u00a0(TCP). The Chalfont Project has granted permission for Proyectum to publish material in Spanish on their company Blog. Material must be represented in its original form and clearly marked\u00a0as copyrighted material. No other licenses or permission for use or publication is allowed or implied\u00a0by this agreement.<\/p>\n","protected":false},"excerpt":{"rendered":"<p>Por : Leandro Herrero, MD Traducido y Adaptado por: Jorge Vald\u00e9s Garciatorres, MDO, PMP El minorista brit\u00e1nico Marks and Spencer (M&amp;S) tiene \u00abPlan A\u00bb como t\u00edtulo de su vasto programa de responsabilidad corporativa y social en las \u00e1reas de \u00ababastecimiento, reducci\u00f3n de residuos y ayuda a las comunidades\u00bb. Todav\u00eda recuerdo a\u00f1os atr\u00e1s cuando le pregunt\u00e9 [&hellip;]<\/p>\n","protected":false},"author":26,"featured_media":9321,"comment_status":"closed","ping_status":"closed","sticky":false,"template":"","format":"standard","meta":{"_acf_changed":false,"footnotes":""},"categories":[370,572],"tags":[655,223,656,657,658],"class_list":["post-10848","post","type-post","status-publish","format-standard","has-post-thumbnail","hentry","category-liderazgo","category-transformacion-y-cambio","tag-centrar-la-atencion-de-la-gente","tag-liderazgo-2","tag-plan-a","tag-version-moderna-quemar-sus-barcos","tag-version-moderna-quemar-sus-puentes"],"acf":[],"yoast_head":"<!-- This site is optimized with the Yoast SEO plugin v24.4 - https:\/\/yoast.com\/wordpress\/plugins\/seo\/ -->\n<title>El olor curativo de una hoguera corporativa \u2013 (La estrategia de salida de Hern\u00e1n Cort\u00e9s) - Proyectum Per\u00fa<\/title>\n<meta name=\"robots\" content=\"index, follow, max-snippet:-1, max-image-preview:large, max-video-preview:-1\" \/>\n<link rel=\"canonical\" href=\"https:\/\/proyectum.com\/pe\/el-olor-curativo-de-una-hoguera-corporativa-la-estrategia-de-salida-de-hernan-cortes\/\" \/>\n<meta property=\"og:locale\" content=\"es_ES\" \/>\n<meta property=\"og:type\" content=\"article\" \/>\n<meta property=\"og:title\" content=\"El olor curativo de una hoguera corporativa \u2013 (La estrategia de salida de Hern\u00e1n Cort\u00e9s) - Proyectum Per\u00fa\" \/>\n<meta property=\"og:description\" content=\"Por : Leandro Herrero, MD Traducido y Adaptado por: Jorge Vald\u00e9s Garciatorres, MDO, PMP El minorista brit\u00e1nico Marks and Spencer (M&amp;S) tiene \u00abPlan A\u00bb como t\u00edtulo de su vasto programa de responsabilidad corporativa y social en las \u00e1reas de \u00ababastecimiento, reducci\u00f3n de residuos y ayuda a las comunidades\u00bb. Todav\u00eda recuerdo a\u00f1os atr\u00e1s cuando le pregunt\u00e9 [&hellip;]\" \/>\n<meta property=\"og:url\" content=\"https:\/\/proyectum.com\/pe\/el-olor-curativo-de-una-hoguera-corporativa-la-estrategia-de-salida-de-hernan-cortes\/\" \/>\n<meta property=\"og:site_name\" content=\"Proyectum Per\u00fa\" \/>\n<meta property=\"article:publisher\" content=\"https:\/\/www.facebook.com\/proyectum.pe\/\" \/>\n<meta property=\"article:published_time\" content=\"2021-02-22T21:31:06+00:00\" \/>\n<meta property=\"og:image\" content=\"https:\/\/proyectum.com\/pe\/wp-content\/uploads\/2021\/02\/Hoguera-Corporativa.jpg\" \/>\n\t<meta property=\"og:image:width\" content=\"1700\" \/>\n\t<meta property=\"og:image:height\" content=\"1133\" \/>\n\t<meta property=\"og:image:type\" content=\"image\/jpeg\" \/>\n<meta name=\"author\" content=\"Proyectum 2024\" \/>\n<meta name=\"twitter:card\" content=\"summary_large_image\" \/>\n<meta name=\"twitter:label1\" content=\"Escrito por\" \/>\n\t<meta name=\"twitter:data1\" content=\"Proyectum 2024\" \/>\n\t<meta name=\"twitter:label2\" content=\"Tiempo de lectura\" \/>\n\t<meta name=\"twitter:data2\" content=\"3 minutos\" \/>\n<script type=\"application\/ld+json\" class=\"yoast-schema-graph\">{\"@context\":\"https:\/\/schema.org\",\"@graph\":[{\"@type\":\"Article\",\"@id\":\"https:\/\/proyectum.com\/pe\/el-olor-curativo-de-una-hoguera-corporativa-la-estrategia-de-salida-de-hernan-cortes\/#article\",\"isPartOf\":{\"@id\":\"https:\/\/proyectum.com\/pe\/el-olor-curativo-de-una-hoguera-corporativa-la-estrategia-de-salida-de-hernan-cortes\/\"},\"author\":{\"name\":\"Proyectum 2024\",\"@id\":\"https:\/\/proyectum.com\/pe\/#\/schema\/person\/784b10060c51822d857e3004ea132bb4\"},\"headline\":\"El olor curativo de una hoguera corporativa \u2013 (La estrategia de salida de Hern\u00e1n Cort\u00e9s)\",\"datePublished\":\"2021-02-22T21:31:06+00:00\",\"mainEntityOfPage\":{\"@id\":\"https:\/\/proyectum.com\/pe\/el-olor-curativo-de-una-hoguera-corporativa-la-estrategia-de-salida-de-hernan-cortes\/\"},\"wordCount\":574,\"publisher\":{\"@id\":\"https:\/\/proyectum.com\/pe\/#organization\"},\"image\":{\"@id\":\"https:\/\/proyectum.com\/pe\/el-olor-curativo-de-una-hoguera-corporativa-la-estrategia-de-salida-de-hernan-cortes\/#primaryimage\"},\"thumbnailUrl\":\"https:\/\/proyectum.com\/pe\/wp-content\/uploads\/2021\/02\/Hoguera-Corporativa.jpg\",\"keywords\":[\"centrar la atenci\u00f3n de la gente\",\"liderazgo\",\"Plan A\",\"versi\u00f3n moderna quemar sus barcos\",\"versi\u00f3n moderna quemar sus puentes\"],\"articleSection\":[\"Liderazgo\",\"Transformaci\u00f3n y cambio\"],\"inLanguage\":\"es\"},{\"@type\":\"WebPage\",\"@id\":\"https:\/\/proyectum.com\/pe\/el-olor-curativo-de-una-hoguera-corporativa-la-estrategia-de-salida-de-hernan-cortes\/\",\"url\":\"https:\/\/proyectum.com\/pe\/el-olor-curativo-de-una-hoguera-corporativa-la-estrategia-de-salida-de-hernan-cortes\/\",\"name\":\"El olor curativo de una hoguera corporativa \u2013 (La estrategia de salida de Hern\u00e1n Cort\u00e9s) - Proyectum Per\u00fa\",\"isPartOf\":{\"@id\":\"https:\/\/proyectum.com\/pe\/#website\"},\"primaryImageOfPage\":{\"@id\":\"https:\/\/proyectum.com\/pe\/el-olor-curativo-de-una-hoguera-corporativa-la-estrategia-de-salida-de-hernan-cortes\/#primaryimage\"},\"image\":{\"@id\":\"https:\/\/proyectum.com\/pe\/el-olor-curativo-de-una-hoguera-corporativa-la-estrategia-de-salida-de-hernan-cortes\/#primaryimage\"},\"thumbnailUrl\":\"https:\/\/proyectum.com\/pe\/wp-content\/uploads\/2021\/02\/Hoguera-Corporativa.jpg\",\"datePublished\":\"2021-02-22T21:31:06+00:00\",\"breadcrumb\":{\"@id\":\"https:\/\/proyectum.com\/pe\/el-olor-curativo-de-una-hoguera-corporativa-la-estrategia-de-salida-de-hernan-cortes\/#breadcrumb\"},\"inLanguage\":\"es\",\"potentialAction\":[{\"@type\":\"ReadAction\",\"target\":[\"https:\/\/proyectum.com\/pe\/el-olor-curativo-de-una-hoguera-corporativa-la-estrategia-de-salida-de-hernan-cortes\/\"]}]},{\"@type\":\"ImageObject\",\"inLanguage\":\"es\",\"@id\":\"https:\/\/proyectum.com\/pe\/el-olor-curativo-de-una-hoguera-corporativa-la-estrategia-de-salida-de-hernan-cortes\/#primaryimage\",\"url\":\"https:\/\/proyectum.com\/pe\/wp-content\/uploads\/2021\/02\/Hoguera-Corporativa.jpg\",\"contentUrl\":\"https:\/\/proyectum.com\/pe\/wp-content\/uploads\/2021\/02\/Hoguera-Corporativa.jpg\",\"width\":1700,\"height\":1133,\"caption\":\"Hoguera Corporativa\"},{\"@type\":\"BreadcrumbList\",\"@id\":\"https:\/\/proyectum.com\/pe\/el-olor-curativo-de-una-hoguera-corporativa-la-estrategia-de-salida-de-hernan-cortes\/#breadcrumb\",\"itemListElement\":[{\"@type\":\"ListItem\",\"position\":1,\"name\":\"Home\",\"item\":\"https:\/\/proyectum.com\/pe\/\"},{\"@type\":\"ListItem\",\"position\":2,\"name\":\"El olor curativo de una hoguera corporativa \u2013 (La estrategia de salida de Hern\u00e1n Cort\u00e9s)\"}]},{\"@type\":\"WebSite\",\"@id\":\"https:\/\/proyectum.com\/pe\/#website\",\"url\":\"https:\/\/proyectum.com\/pe\/\",\"name\":\"Proyectum Per\u00fa\",\"description\":\"Direcci\u00f3n de Proyectos y Metodolog\u00edas \u00c1giles\",\"publisher\":{\"@id\":\"https:\/\/proyectum.com\/pe\/#organization\"},\"potentialAction\":[{\"@type\":\"SearchAction\",\"target\":{\"@type\":\"EntryPoint\",\"urlTemplate\":\"https:\/\/proyectum.com\/pe\/?s={search_term_string}\"},\"query-input\":{\"@type\":\"PropertyValueSpecification\",\"valueRequired\":true,\"valueName\":\"search_term_string\"}}],\"inLanguage\":\"es\"},{\"@type\":\"Organization\",\"@id\":\"https:\/\/proyectum.com\/pe\/#organization\",\"name\":\"Proyectum Per\u00fa\",\"url\":\"https:\/\/proyectum.com\/pe\/\",\"logo\":{\"@type\":\"ImageObject\",\"inLanguage\":\"es\",\"@id\":\"https:\/\/proyectum.com\/pe\/#\/schema\/logo\/image\/\",\"url\":\"https:\/\/proyectum.com\/pe\/wp-content\/uploads\/2020\/04\/proyectum-logo-snippet.png\",\"contentUrl\":\"https:\/\/proyectum.com\/pe\/wp-content\/uploads\/2020\/04\/proyectum-logo-snippet.png\",\"width\":600,\"height\":315,\"caption\":\"Proyectum Per\u00fa\"},\"image\":{\"@id\":\"https:\/\/proyectum.com\/pe\/#\/schema\/logo\/image\/\"},\"sameAs\":[\"https:\/\/www.facebook.com\/proyectum.pe\/\",\"https:\/\/www.instagram.com\/proyectum.pe\/\",\"https:\/\/www.linkedin.com\/company\/proyectumperu\/\",\"https:\/\/www.youtube.com\/@proyectum2283\/videos\"]},{\"@type\":\"Person\",\"@id\":\"https:\/\/proyectum.com\/pe\/#\/schema\/person\/784b10060c51822d857e3004ea132bb4\",\"name\":\"Proyectum 2024\",\"image\":{\"@type\":\"ImageObject\",\"inLanguage\":\"es\",\"@id\":\"https:\/\/proyectum.com\/pe\/#\/schema\/person\/image\/\",\"url\":\"https:\/\/secure.gravatar.com\/avatar\/df82793fddd8f0a5a84fdb27d958bf73?s=96&d=mm&r=g\",\"contentUrl\":\"https:\/\/secure.gravatar.com\/avatar\/df82793fddd8f0a5a84fdb27d958bf73?s=96&d=mm&r=g\",\"caption\":\"Proyectum 2024\"}}]}<\/script>\n<!-- \/ Yoast SEO plugin. -->","yoast_head_json":{"title":"El olor curativo de una hoguera corporativa \u2013 (La estrategia de salida de Hern\u00e1n Cort\u00e9s) - Proyectum Per\u00fa","robots":{"index":"index","follow":"follow","max-snippet":"max-snippet:-1","max-image-preview":"max-image-preview:large","max-video-preview":"max-video-preview:-1"},"canonical":"https:\/\/proyectum.com\/pe\/el-olor-curativo-de-una-hoguera-corporativa-la-estrategia-de-salida-de-hernan-cortes\/","og_locale":"es_ES","og_type":"article","og_title":"El olor curativo de una hoguera corporativa \u2013 (La estrategia de salida de Hern\u00e1n Cort\u00e9s) - Proyectum Per\u00fa","og_description":"Por : Leandro Herrero, MD Traducido y Adaptado por: Jorge Vald\u00e9s Garciatorres, MDO, PMP El minorista brit\u00e1nico Marks and Spencer (M&amp;S) tiene \u00abPlan A\u00bb como t\u00edtulo de su vasto programa de responsabilidad corporativa y social en las \u00e1reas de \u00ababastecimiento, reducci\u00f3n de residuos y ayuda a las comunidades\u00bb. Todav\u00eda recuerdo a\u00f1os atr\u00e1s cuando le pregunt\u00e9 [&hellip;]","og_url":"https:\/\/proyectum.com\/pe\/el-olor-curativo-de-una-hoguera-corporativa-la-estrategia-de-salida-de-hernan-cortes\/","og_site_name":"Proyectum Per\u00fa","article_publisher":"https:\/\/www.facebook.com\/proyectum.pe\/","article_published_time":"2021-02-22T21:31:06+00:00","og_image":[{"width":1700,"height":1133,"url":"https:\/\/proyectum.com\/pe\/wp-content\/uploads\/2021\/02\/Hoguera-Corporativa.jpg","type":"image\/jpeg"}],"author":"Proyectum 2024","twitter_card":"summary_large_image","twitter_misc":{"Escrito por":"Proyectum 2024","Tiempo de lectura":"3 minutos"},"schema":{"@context":"https:\/\/schema.org","@graph":[{"@type":"Article","@id":"https:\/\/proyectum.com\/pe\/el-olor-curativo-de-una-hoguera-corporativa-la-estrategia-de-salida-de-hernan-cortes\/#article","isPartOf":{"@id":"https:\/\/proyectum.com\/pe\/el-olor-curativo-de-una-hoguera-corporativa-la-estrategia-de-salida-de-hernan-cortes\/"},"author":{"name":"Proyectum 2024","@id":"https:\/\/proyectum.com\/pe\/#\/schema\/person\/784b10060c51822d857e3004ea132bb4"},"headline":"El olor curativo de una hoguera corporativa \u2013 (La estrategia de salida de Hern\u00e1n Cort\u00e9s)","datePublished":"2021-02-22T21:31:06+00:00","mainEntityOfPage":{"@id":"https:\/\/proyectum.com\/pe\/el-olor-curativo-de-una-hoguera-corporativa-la-estrategia-de-salida-de-hernan-cortes\/"},"wordCount":574,"publisher":{"@id":"https:\/\/proyectum.com\/pe\/#organization"},"image":{"@id":"https:\/\/proyectum.com\/pe\/el-olor-curativo-de-una-hoguera-corporativa-la-estrategia-de-salida-de-hernan-cortes\/#primaryimage"},"thumbnailUrl":"https:\/\/proyectum.com\/pe\/wp-content\/uploads\/2021\/02\/Hoguera-Corporativa.jpg","keywords":["centrar la atenci\u00f3n de la gente","liderazgo","Plan A","versi\u00f3n moderna quemar sus barcos","versi\u00f3n moderna quemar sus puentes"],"articleSection":["Liderazgo","Transformaci\u00f3n y cambio"],"inLanguage":"es"},{"@type":"WebPage","@id":"https:\/\/proyectum.com\/pe\/el-olor-curativo-de-una-hoguera-corporativa-la-estrategia-de-salida-de-hernan-cortes\/","url":"https:\/\/proyectum.com\/pe\/el-olor-curativo-de-una-hoguera-corporativa-la-estrategia-de-salida-de-hernan-cortes\/","name":"El olor curativo de una hoguera corporativa \u2013 (La estrategia de salida de Hern\u00e1n Cort\u00e9s) - Proyectum Per\u00fa","isPartOf":{"@id":"https:\/\/proyectum.com\/pe\/#website"},"primaryImageOfPage":{"@id":"https:\/\/proyectum.com\/pe\/el-olor-curativo-de-una-hoguera-corporativa-la-estrategia-de-salida-de-hernan-cortes\/#primaryimage"},"image":{"@id":"https:\/\/proyectum.com\/pe\/el-olor-curativo-de-una-hoguera-corporativa-la-estrategia-de-salida-de-hernan-cortes\/#primaryimage"},"thumbnailUrl":"https:\/\/proyectum.com\/pe\/wp-content\/uploads\/2021\/02\/Hoguera-Corporativa.jpg","datePublished":"2021-02-22T21:31:06+00:00","breadcrumb":{"@id":"https:\/\/proyectum.com\/pe\/el-olor-curativo-de-una-hoguera-corporativa-la-estrategia-de-salida-de-hernan-cortes\/#breadcrumb"},"inLanguage":"es","potentialAction":[{"@type":"ReadAction","target":["https:\/\/proyectum.com\/pe\/el-olor-curativo-de-una-hoguera-corporativa-la-estrategia-de-salida-de-hernan-cortes\/"]}]},{"@type":"ImageObject","inLanguage":"es","@id":"https:\/\/proyectum.com\/pe\/el-olor-curativo-de-una-hoguera-corporativa-la-estrategia-de-salida-de-hernan-cortes\/#primaryimage","url":"https:\/\/proyectum.com\/pe\/wp-content\/uploads\/2021\/02\/Hoguera-Corporativa.jpg","contentUrl":"https:\/\/proyectum.com\/pe\/wp-content\/uploads\/2021\/02\/Hoguera-Corporativa.jpg","width":1700,"height":1133,"caption":"Hoguera Corporativa"},{"@type":"BreadcrumbList","@id":"https:\/\/proyectum.com\/pe\/el-olor-curativo-de-una-hoguera-corporativa-la-estrategia-de-salida-de-hernan-cortes\/#breadcrumb","itemListElement":[{"@type":"ListItem","position":1,"name":"Home","item":"https:\/\/proyectum.com\/pe\/"},{"@type":"ListItem","position":2,"name":"El olor curativo de una hoguera corporativa \u2013 (La estrategia de salida de Hern\u00e1n Cort\u00e9s)"}]},{"@type":"WebSite","@id":"https:\/\/proyectum.com\/pe\/#website","url":"https:\/\/proyectum.com\/pe\/","name":"Proyectum Per\u00fa","description":"Direcci\u00f3n de Proyectos y Metodolog\u00edas \u00c1giles","publisher":{"@id":"https:\/\/proyectum.com\/pe\/#organization"},"potentialAction":[{"@type":"SearchAction","target":{"@type":"EntryPoint","urlTemplate":"https:\/\/proyectum.com\/pe\/?s={search_term_string}"},"query-input":{"@type":"PropertyValueSpecification","valueRequired":true,"valueName":"search_term_string"}}],"inLanguage":"es"},{"@type":"Organization","@id":"https:\/\/proyectum.com\/pe\/#organization","name":"Proyectum Per\u00fa","url":"https:\/\/proyectum.com\/pe\/","logo":{"@type":"ImageObject","inLanguage":"es","@id":"https:\/\/proyectum.com\/pe\/#\/schema\/logo\/image\/","url":"https:\/\/proyectum.com\/pe\/wp-content\/uploads\/2020\/04\/proyectum-logo-snippet.png","contentUrl":"https:\/\/proyectum.com\/pe\/wp-content\/uploads\/2020\/04\/proyectum-logo-snippet.png","width":600,"height":315,"caption":"Proyectum Per\u00fa"},"image":{"@id":"https:\/\/proyectum.com\/pe\/#\/schema\/logo\/image\/"},"sameAs":["https:\/\/www.facebook.com\/proyectum.pe\/","https:\/\/www.instagram.com\/proyectum.pe\/","https:\/\/www.linkedin.com\/company\/proyectumperu\/","https:\/\/www.youtube.com\/@proyectum2283\/videos"]},{"@type":"Person","@id":"https:\/\/proyectum.com\/pe\/#\/schema\/person\/784b10060c51822d857e3004ea132bb4","name":"Proyectum 2024","image":{"@type":"ImageObject","inLanguage":"es","@id":"https:\/\/proyectum.com\/pe\/#\/schema\/person\/image\/","url":"https:\/\/secure.gravatar.com\/avatar\/df82793fddd8f0a5a84fdb27d958bf73?s=96&d=mm&r=g","contentUrl":"https:\/\/secure.gravatar.com\/avatar\/df82793fddd8f0a5a84fdb27d958bf73?s=96&d=mm&r=g","caption":"Proyectum 2024"}}]}},"_links":{"self":[{"href":"https:\/\/proyectum.com\/pe\/wp-json\/wp\/v2\/posts\/10848","targetHints":{"allow":["GET"]}}],"collection":[{"href":"https:\/\/proyectum.com\/pe\/wp-json\/wp\/v2\/posts"}],"about":[{"href":"https:\/\/proyectum.com\/pe\/wp-json\/wp\/v2\/types\/post"}],"author":[{"embeddable":true,"href":"https:\/\/proyectum.com\/pe\/wp-json\/wp\/v2\/users\/26"}],"replies":[{"embeddable":true,"href":"https:\/\/proyectum.com\/pe\/wp-json\/wp\/v2\/comments?post=10848"}],"version-history":[{"count":0,"href":"https:\/\/proyectum.com\/pe\/wp-json\/wp\/v2\/posts\/10848\/revisions"}],"wp:featuredmedia":[{"embeddable":true,"href":"https:\/\/proyectum.com\/pe\/wp-json\/wp\/v2\/media\/9321"}],"wp:attachment":[{"href":"https:\/\/proyectum.com\/pe\/wp-json\/wp\/v2\/media?parent=10848"}],"wp:term":[{"taxonomy":"category","embeddable":true,"href":"https:\/\/proyectum.com\/pe\/wp-json\/wp\/v2\/categories?post=10848"},{"taxonomy":"post_tag","embeddable":true,"href":"https:\/\/proyectum.com\/pe\/wp-json\/wp\/v2\/tags?post=10848"}],"curies":[{"name":"wp","href":"https:\/\/api.w.org\/{rel}","templated":true}]}}