{"id":10854,"date":"2021-08-30T18:23:00","date_gmt":"2021-08-30T21:23:00","guid":{"rendered":"https:\/\/www.proyectum.com\/sistema\/?p=9679"},"modified":"2021-08-30T18:23:00","modified_gmt":"2021-08-30T21:23:00","slug":"compartir-pensamientos-ser-portadores-y-por-que-en-nuestra-epoca-ya-no-hay-idiotas","status":"publish","type":"post","link":"https:\/\/proyectum.com\/pe\/compartir-pensamientos-ser-portadores-y-por-que-en-nuestra-epoca-ya-no-hay-idiotas\/","title":{"rendered":"Compartir pensamientos, ser portadores y por qu\u00e9 en nuestra \u00e9poca ya no hay idiotas"},"content":{"rendered":"<p style=\"text-align: right;\">Por: Leandro Herrero, MD<\/p>\n<p style=\"text-align: right;\">Traducido y adaptado por: Jorge Vald\u00e9s Garciatorres, MDO, PMP<\/p>\n<p style=\"text-align: right;\"><em>\u201cHaz algo m\u00e1s que pertenecer: participa.<\/em><\/p>\n<p style=\"text-align: right;\"><em>Haz algo m\u00e1s que preocuparte: ayuda.<\/em><\/p>\n<p style=\"text-align: right;\"><em>Haz algo m\u00e1s que creer: practica.<\/em><\/p>\n<p style=\"text-align: right;\"><em>Haz algo m\u00e1s que ser justo: se amable.<\/em><\/p>\n<p style=\"text-align: right;\"><em>Haz algo m\u00e1s que perdonar: olvida.<\/em><\/p>\n<p style=\"text-align: right;\"><em>Haz algo m\u00e1s que so\u00f1ar: trabaja.\u201d<\/em><\/p>\n<p>He descrito antes <strong>el papel de los directivos<\/strong> de muchas maneras, se\u00f1alando a menudo el riesgo de convertirse en \u00ab<strong>guardias de tr\u00e1fico de informaci\u00f3n<\/strong>\u00ab. Los que manejan las v\u00e1lvulas de las tuber\u00edas que llevan la informaci\u00f3n a trav\u00e9s de la organizaci\u00f3n. A veces abren las v\u00e1lvulas y la informaci\u00f3n fluye. A veces las cierran, o un poco, y la informaci\u00f3n se atasca.<\/p>\n<p>En efecto, se trata de una visi\u00f3n peyorativa, pero <strong>no por ello deja de ser una representaci\u00f3n frecuente de la realidad<\/strong>. V\u00e1lvulas abiertas o cerradas, <strong>todos somos una especie de \u00abguardi\u00e1n del tr\u00e1fico de informaci\u00f3n\u00bb<\/strong>. La pregunta que me hago a menudo es si en el esfuerzo por \u00abcompartir\u00bb, el propio compartir, es un mecanismo del tipo \u00ablo hago porque puedo\u00bb, se impone al significado o incluso a la intenci\u00f3n de alg\u00fan tipo de impacto.<\/p>\n<p>Jessica Helfand, dise\u00f1adora, artista, acad\u00e9mica y autora, dio en el clavo al leer su hermoso libro Design: La invenci\u00f3n del deseo. En uno de sus cap\u00edtulos dice:<\/p>\n<p><em>\u00bfY qu\u00e9 es lo que compartimos? \u00bfcontenido regurgitado producido por otros? En muchos casos, no compartimos, sino que volvemos a compartir, posicion\u00e1ndonos no tanto como creadores sino como portadores, aline\u00e1ndonos como proveedores de tanta trivialidad, partidarios de lo eminentemente olvidable, participantes en una cadena de montaje espont\u00e1nea, un mecanismo de entrega de cualquier n\u00famero de cosas aleatorias, porque \u00bfqu\u00e9 es m\u00e1s aterrador que estar solo, mirando una pantalla en blanco o una p\u00e1gina vac\u00eda, mirando de frente a un vac\u00edo creativo? Es mucho m\u00e1s f\u00e1cil redise\u00f1ar y readaptar, apropiarse y partir de ah\u00ed.<\/em><\/p>\n<p>La figura y el concepto de \u00abportador\u00bb me hicieron reflexionar. <strong>Todos somos portadores de ideas (buenas o malas) o comportamientos (buenos o malos)<\/strong>. Todos compartimos, ciertamente, como dice Jessica, volvemos a compartir. La alternativa es el estado vegetativo o, en el mundo actual, la \u00abno participaci\u00f3n\u00bb. Quiz\u00e1s una versi\u00f3n moderna del idiota, una palabra que en la antigua Grecia significaba &#8216;no participante&#8217; (en la vida p\u00fablica), en contraposici\u00f3n a &#8216;el ciudadano&#8217;, antes de que degenerara en algo relacionado con la inteligencia.<\/p>\n<p>Profesionales modernos, idiotas no somos, participantes y &#8216;compartidores&#8217;, s\u00ed se\u00f1or. Pero \u00bfQu\u00e9 es lo que llevamos? \u00bfCu\u00e1nto creamos y cu\u00e1nto compartimos?<\/p>\n<p>\u00bfNos dejamos llevar por esa posibilidad sin esfuerzo a costa de pensamientos originales? S\u00f3lo me lo pregunto.<\/p>\n<p>_______________<\/p>\n<p>Para ver el articulo original por favor da clic en esta <a href=\"https:\/\/leandroherrero.com\/sharing-thoughts-being-carriers-and-why-there-are-no-idiots-anymore-2\/\" target=\"_blank\" rel=\"noopener\">liga<\/a><\/p>\n<p>\u00a9 The Chalfont Project Limited 2021. All rights reserved<\/p>\n<p>All articles supplied by [The Chalfont Project Limited] whether by access to digital resources or directly to any individual or company (collectively \u201cthe Content\u201d) are copyright The Chalfont Project Limited. Copying, reproducing, distributing, modifying, or transmitting the Content or any part of the Content is prohibited. Other than as expressly granted to any person or organization, no rights over the Content are granted or implied. \u201cViral Change\u2122\u201d is a registered trademark of The Chalfont Project Limited\u00a0(TCP). The Chalfont Project has granted permission for Proyectum to publish material in Spanish on their company Blog. Material must be represented in its original form and clearly marked\u00a0as copyrighted material. No other licenses or permission for use or publication is allowed or implied\u00a0by this agreement.<\/p>\n","protected":false},"excerpt":{"rendered":"<p>Por: Leandro Herrero, MD Traducido y adaptado por: Jorge Vald\u00e9s Garciatorres, MDO, PMP \u201cHaz algo m\u00e1s que pertenecer: participa. Haz algo m\u00e1s que preocuparte: ayuda. Haz algo m\u00e1s que creer: practica. Haz algo m\u00e1s que ser justo: se amable. Haz algo m\u00e1s que perdonar: olvida. Haz algo m\u00e1s que so\u00f1ar: trabaja.\u201d He descrito antes el [&hellip;]<\/p>\n","protected":false},"author":26,"featured_media":9681,"comment_status":"closed","ping_status":"closed","sticky":false,"template":"","format":"standard","meta":{"_acf_changed":false,"footnotes":""},"categories":[254,370,572],"tags":[733,622,734],"class_list":["post-10854","post","type-post","status-publish","format-standard","has-post-thumbnail","hentry","category-comunicacion","category-liderazgo","category-transformacion-y-cambio","tag-el-papel-de-los-directivos","tag-leandro-herrero","tag-todos-somos-portadores-de-ideas"],"acf":[],"yoast_head":"<!-- This site is optimized with the Yoast SEO plugin v24.4 - https:\/\/yoast.com\/wordpress\/plugins\/seo\/ -->\n<title>Compartir pensamientos, ser portadores y por qu\u00e9 en nuestra \u00e9poca ya no hay idiotas - Proyectum Per\u00fa<\/title>\n<meta name=\"robots\" content=\"index, follow, max-snippet:-1, max-image-preview:large, max-video-preview:-1\" \/>\n<link rel=\"canonical\" href=\"https:\/\/proyectum.com\/pe\/compartir-pensamientos-ser-portadores-y-por-que-en-nuestra-epoca-ya-no-hay-idiotas\/\" \/>\n<meta property=\"og:locale\" content=\"es_ES\" \/>\n<meta property=\"og:type\" content=\"article\" \/>\n<meta property=\"og:title\" content=\"Compartir pensamientos, ser portadores y por qu\u00e9 en nuestra \u00e9poca ya no hay idiotas - Proyectum Per\u00fa\" \/>\n<meta property=\"og:description\" content=\"Por: Leandro Herrero, MD Traducido y adaptado por: Jorge Vald\u00e9s Garciatorres, MDO, PMP \u201cHaz algo m\u00e1s que pertenecer: participa. Haz algo m\u00e1s que preocuparte: ayuda. Haz algo m\u00e1s que creer: practica. Haz algo m\u00e1s que ser justo: se amable. Haz algo m\u00e1s que perdonar: olvida. Haz algo m\u00e1s que so\u00f1ar: trabaja.\u201d He descrito antes el [&hellip;]\" \/>\n<meta property=\"og:url\" content=\"https:\/\/proyectum.com\/pe\/compartir-pensamientos-ser-portadores-y-por-que-en-nuestra-epoca-ya-no-hay-idiotas\/\" \/>\n<meta property=\"og:site_name\" content=\"Proyectum Per\u00fa\" \/>\n<meta property=\"article:publisher\" content=\"https:\/\/www.facebook.com\/proyectum.pe\/\" \/>\n<meta property=\"article:published_time\" content=\"2021-08-30T21:23:00+00:00\" \/>\n<meta property=\"og:image\" content=\"https:\/\/proyectum.com\/pe\/wp-content\/uploads\/2021\/08\/Compartir-Pensamientos.jpg\" \/>\n\t<meta property=\"og:image:width\" content=\"1700\" \/>\n\t<meta property=\"og:image:height\" content=\"1134\" \/>\n\t<meta property=\"og:image:type\" content=\"image\/jpeg\" \/>\n<meta name=\"author\" content=\"Proyectum 2024\" \/>\n<meta name=\"twitter:card\" content=\"summary_large_image\" \/>\n<meta name=\"twitter:label1\" content=\"Escrito por\" \/>\n\t<meta name=\"twitter:data1\" content=\"Proyectum 2024\" \/>\n\t<meta name=\"twitter:label2\" content=\"Tiempo de lectura\" \/>\n\t<meta name=\"twitter:data2\" content=\"3 minutos\" \/>\n<script type=\"application\/ld+json\" class=\"yoast-schema-graph\">{\"@context\":\"https:\/\/schema.org\",\"@graph\":[{\"@type\":\"Article\",\"@id\":\"https:\/\/proyectum.com\/pe\/compartir-pensamientos-ser-portadores-y-por-que-en-nuestra-epoca-ya-no-hay-idiotas\/#article\",\"isPartOf\":{\"@id\":\"https:\/\/proyectum.com\/pe\/compartir-pensamientos-ser-portadores-y-por-que-en-nuestra-epoca-ya-no-hay-idiotas\/\"},\"author\":{\"name\":\"Proyectum 2024\",\"@id\":\"https:\/\/proyectum.com\/pe\/#\/schema\/person\/784b10060c51822d857e3004ea132bb4\"},\"headline\":\"Compartir pensamientos, ser portadores y por qu\u00e9 en nuestra \u00e9poca ya no hay idiotas\",\"datePublished\":\"2021-08-30T21:23:00+00:00\",\"mainEntityOfPage\":{\"@id\":\"https:\/\/proyectum.com\/pe\/compartir-pensamientos-ser-portadores-y-por-que-en-nuestra-epoca-ya-no-hay-idiotas\/\"},\"wordCount\":635,\"publisher\":{\"@id\":\"https:\/\/proyectum.com\/pe\/#organization\"},\"image\":{\"@id\":\"https:\/\/proyectum.com\/pe\/compartir-pensamientos-ser-portadores-y-por-que-en-nuestra-epoca-ya-no-hay-idiotas\/#primaryimage\"},\"thumbnailUrl\":\"https:\/\/proyectum.com\/pe\/wp-content\/uploads\/2021\/08\/Compartir-Pensamientos.jpg\",\"keywords\":[\"el papel de los directivos\",\"Leandro Herrero\",\"Todos somos portadores de ideas\"],\"articleSection\":[\"Comunicaci\u00f3n\",\"Liderazgo\",\"Transformaci\u00f3n y cambio\"],\"inLanguage\":\"es\"},{\"@type\":\"WebPage\",\"@id\":\"https:\/\/proyectum.com\/pe\/compartir-pensamientos-ser-portadores-y-por-que-en-nuestra-epoca-ya-no-hay-idiotas\/\",\"url\":\"https:\/\/proyectum.com\/pe\/compartir-pensamientos-ser-portadores-y-por-que-en-nuestra-epoca-ya-no-hay-idiotas\/\",\"name\":\"Compartir pensamientos, ser portadores y por qu\u00e9 en nuestra \u00e9poca ya no hay idiotas - Proyectum Per\u00fa\",\"isPartOf\":{\"@id\":\"https:\/\/proyectum.com\/pe\/#website\"},\"primaryImageOfPage\":{\"@id\":\"https:\/\/proyectum.com\/pe\/compartir-pensamientos-ser-portadores-y-por-que-en-nuestra-epoca-ya-no-hay-idiotas\/#primaryimage\"},\"image\":{\"@id\":\"https:\/\/proyectum.com\/pe\/compartir-pensamientos-ser-portadores-y-por-que-en-nuestra-epoca-ya-no-hay-idiotas\/#primaryimage\"},\"thumbnailUrl\":\"https:\/\/proyectum.com\/pe\/wp-content\/uploads\/2021\/08\/Compartir-Pensamientos.jpg\",\"datePublished\":\"2021-08-30T21:23:00+00:00\",\"breadcrumb\":{\"@id\":\"https:\/\/proyectum.com\/pe\/compartir-pensamientos-ser-portadores-y-por-que-en-nuestra-epoca-ya-no-hay-idiotas\/#breadcrumb\"},\"inLanguage\":\"es\",\"potentialAction\":[{\"@type\":\"ReadAction\",\"target\":[\"https:\/\/proyectum.com\/pe\/compartir-pensamientos-ser-portadores-y-por-que-en-nuestra-epoca-ya-no-hay-idiotas\/\"]}]},{\"@type\":\"ImageObject\",\"inLanguage\":\"es\",\"@id\":\"https:\/\/proyectum.com\/pe\/compartir-pensamientos-ser-portadores-y-por-que-en-nuestra-epoca-ya-no-hay-idiotas\/#primaryimage\",\"url\":\"https:\/\/proyectum.com\/pe\/wp-content\/uploads\/2021\/08\/Compartir-Pensamientos.jpg\",\"contentUrl\":\"https:\/\/proyectum.com\/pe\/wp-content\/uploads\/2021\/08\/Compartir-Pensamientos.jpg\",\"width\":1700,\"height\":1134,\"caption\":\"Compartir Pensamientos\"},{\"@type\":\"BreadcrumbList\",\"@id\":\"https:\/\/proyectum.com\/pe\/compartir-pensamientos-ser-portadores-y-por-que-en-nuestra-epoca-ya-no-hay-idiotas\/#breadcrumb\",\"itemListElement\":[{\"@type\":\"ListItem\",\"position\":1,\"name\":\"Home\",\"item\":\"https:\/\/proyectum.com\/pe\/\"},{\"@type\":\"ListItem\",\"position\":2,\"name\":\"Compartir pensamientos, ser portadores y por qu\u00e9 en nuestra \u00e9poca ya no hay idiotas\"}]},{\"@type\":\"WebSite\",\"@id\":\"https:\/\/proyectum.com\/pe\/#website\",\"url\":\"https:\/\/proyectum.com\/pe\/\",\"name\":\"Proyectum Per\u00fa\",\"description\":\"Direcci\u00f3n de Proyectos y Metodolog\u00edas \u00c1giles\",\"publisher\":{\"@id\":\"https:\/\/proyectum.com\/pe\/#organization\"},\"potentialAction\":[{\"@type\":\"SearchAction\",\"target\":{\"@type\":\"EntryPoint\",\"urlTemplate\":\"https:\/\/proyectum.com\/pe\/?s={search_term_string}\"},\"query-input\":{\"@type\":\"PropertyValueSpecification\",\"valueRequired\":true,\"valueName\":\"search_term_string\"}}],\"inLanguage\":\"es\"},{\"@type\":\"Organization\",\"@id\":\"https:\/\/proyectum.com\/pe\/#organization\",\"name\":\"Proyectum Per\u00fa\",\"url\":\"https:\/\/proyectum.com\/pe\/\",\"logo\":{\"@type\":\"ImageObject\",\"inLanguage\":\"es\",\"@id\":\"https:\/\/proyectum.com\/pe\/#\/schema\/logo\/image\/\",\"url\":\"https:\/\/proyectum.com\/pe\/wp-content\/uploads\/2020\/04\/proyectum-logo-snippet.png\",\"contentUrl\":\"https:\/\/proyectum.com\/pe\/wp-content\/uploads\/2020\/04\/proyectum-logo-snippet.png\",\"width\":600,\"height\":315,\"caption\":\"Proyectum Per\u00fa\"},\"image\":{\"@id\":\"https:\/\/proyectum.com\/pe\/#\/schema\/logo\/image\/\"},\"sameAs\":[\"https:\/\/www.facebook.com\/proyectum.pe\/\",\"https:\/\/www.instagram.com\/proyectum.pe\/\",\"https:\/\/www.linkedin.com\/company\/proyectumperu\/\",\"https:\/\/www.youtube.com\/@proyectum2283\/videos\"]},{\"@type\":\"Person\",\"@id\":\"https:\/\/proyectum.com\/pe\/#\/schema\/person\/784b10060c51822d857e3004ea132bb4\",\"name\":\"Proyectum 2024\",\"image\":{\"@type\":\"ImageObject\",\"inLanguage\":\"es\",\"@id\":\"https:\/\/proyectum.com\/pe\/#\/schema\/person\/image\/\",\"url\":\"https:\/\/secure.gravatar.com\/avatar\/df82793fddd8f0a5a84fdb27d958bf73?s=96&d=mm&r=g\",\"contentUrl\":\"https:\/\/secure.gravatar.com\/avatar\/df82793fddd8f0a5a84fdb27d958bf73?s=96&d=mm&r=g\",\"caption\":\"Proyectum 2024\"}}]}<\/script>\n<!-- \/ Yoast SEO plugin. -->","yoast_head_json":{"title":"Compartir pensamientos, ser portadores y por qu\u00e9 en nuestra \u00e9poca ya no hay idiotas - Proyectum Per\u00fa","robots":{"index":"index","follow":"follow","max-snippet":"max-snippet:-1","max-image-preview":"max-image-preview:large","max-video-preview":"max-video-preview:-1"},"canonical":"https:\/\/proyectum.com\/pe\/compartir-pensamientos-ser-portadores-y-por-que-en-nuestra-epoca-ya-no-hay-idiotas\/","og_locale":"es_ES","og_type":"article","og_title":"Compartir pensamientos, ser portadores y por qu\u00e9 en nuestra \u00e9poca ya no hay idiotas - Proyectum Per\u00fa","og_description":"Por: Leandro Herrero, MD Traducido y adaptado por: Jorge Vald\u00e9s Garciatorres, MDO, PMP \u201cHaz algo m\u00e1s que pertenecer: participa. Haz algo m\u00e1s que preocuparte: ayuda. Haz algo m\u00e1s que creer: practica. Haz algo m\u00e1s que ser justo: se amable. Haz algo m\u00e1s que perdonar: olvida. Haz algo m\u00e1s que so\u00f1ar: trabaja.\u201d He descrito antes el [&hellip;]","og_url":"https:\/\/proyectum.com\/pe\/compartir-pensamientos-ser-portadores-y-por-que-en-nuestra-epoca-ya-no-hay-idiotas\/","og_site_name":"Proyectum Per\u00fa","article_publisher":"https:\/\/www.facebook.com\/proyectum.pe\/","article_published_time":"2021-08-30T21:23:00+00:00","og_image":[{"width":1700,"height":1134,"url":"https:\/\/proyectum.com\/pe\/wp-content\/uploads\/2021\/08\/Compartir-Pensamientos.jpg","type":"image\/jpeg"}],"author":"Proyectum 2024","twitter_card":"summary_large_image","twitter_misc":{"Escrito por":"Proyectum 2024","Tiempo de lectura":"3 minutos"},"schema":{"@context":"https:\/\/schema.org","@graph":[{"@type":"Article","@id":"https:\/\/proyectum.com\/pe\/compartir-pensamientos-ser-portadores-y-por-que-en-nuestra-epoca-ya-no-hay-idiotas\/#article","isPartOf":{"@id":"https:\/\/proyectum.com\/pe\/compartir-pensamientos-ser-portadores-y-por-que-en-nuestra-epoca-ya-no-hay-idiotas\/"},"author":{"name":"Proyectum 2024","@id":"https:\/\/proyectum.com\/pe\/#\/schema\/person\/784b10060c51822d857e3004ea132bb4"},"headline":"Compartir pensamientos, ser portadores y por qu\u00e9 en nuestra \u00e9poca ya no hay idiotas","datePublished":"2021-08-30T21:23:00+00:00","mainEntityOfPage":{"@id":"https:\/\/proyectum.com\/pe\/compartir-pensamientos-ser-portadores-y-por-que-en-nuestra-epoca-ya-no-hay-idiotas\/"},"wordCount":635,"publisher":{"@id":"https:\/\/proyectum.com\/pe\/#organization"},"image":{"@id":"https:\/\/proyectum.com\/pe\/compartir-pensamientos-ser-portadores-y-por-que-en-nuestra-epoca-ya-no-hay-idiotas\/#primaryimage"},"thumbnailUrl":"https:\/\/proyectum.com\/pe\/wp-content\/uploads\/2021\/08\/Compartir-Pensamientos.jpg","keywords":["el papel de los directivos","Leandro Herrero","Todos somos portadores de ideas"],"articleSection":["Comunicaci\u00f3n","Liderazgo","Transformaci\u00f3n y cambio"],"inLanguage":"es"},{"@type":"WebPage","@id":"https:\/\/proyectum.com\/pe\/compartir-pensamientos-ser-portadores-y-por-que-en-nuestra-epoca-ya-no-hay-idiotas\/","url":"https:\/\/proyectum.com\/pe\/compartir-pensamientos-ser-portadores-y-por-que-en-nuestra-epoca-ya-no-hay-idiotas\/","name":"Compartir pensamientos, ser portadores y por qu\u00e9 en nuestra \u00e9poca ya no hay idiotas - Proyectum Per\u00fa","isPartOf":{"@id":"https:\/\/proyectum.com\/pe\/#website"},"primaryImageOfPage":{"@id":"https:\/\/proyectum.com\/pe\/compartir-pensamientos-ser-portadores-y-por-que-en-nuestra-epoca-ya-no-hay-idiotas\/#primaryimage"},"image":{"@id":"https:\/\/proyectum.com\/pe\/compartir-pensamientos-ser-portadores-y-por-que-en-nuestra-epoca-ya-no-hay-idiotas\/#primaryimage"},"thumbnailUrl":"https:\/\/proyectum.com\/pe\/wp-content\/uploads\/2021\/08\/Compartir-Pensamientos.jpg","datePublished":"2021-08-30T21:23:00+00:00","breadcrumb":{"@id":"https:\/\/proyectum.com\/pe\/compartir-pensamientos-ser-portadores-y-por-que-en-nuestra-epoca-ya-no-hay-idiotas\/#breadcrumb"},"inLanguage":"es","potentialAction":[{"@type":"ReadAction","target":["https:\/\/proyectum.com\/pe\/compartir-pensamientos-ser-portadores-y-por-que-en-nuestra-epoca-ya-no-hay-idiotas\/"]}]},{"@type":"ImageObject","inLanguage":"es","@id":"https:\/\/proyectum.com\/pe\/compartir-pensamientos-ser-portadores-y-por-que-en-nuestra-epoca-ya-no-hay-idiotas\/#primaryimage","url":"https:\/\/proyectum.com\/pe\/wp-content\/uploads\/2021\/08\/Compartir-Pensamientos.jpg","contentUrl":"https:\/\/proyectum.com\/pe\/wp-content\/uploads\/2021\/08\/Compartir-Pensamientos.jpg","width":1700,"height":1134,"caption":"Compartir Pensamientos"},{"@type":"BreadcrumbList","@id":"https:\/\/proyectum.com\/pe\/compartir-pensamientos-ser-portadores-y-por-que-en-nuestra-epoca-ya-no-hay-idiotas\/#breadcrumb","itemListElement":[{"@type":"ListItem","position":1,"name":"Home","item":"https:\/\/proyectum.com\/pe\/"},{"@type":"ListItem","position":2,"name":"Compartir pensamientos, ser portadores y por qu\u00e9 en nuestra \u00e9poca ya no hay idiotas"}]},{"@type":"WebSite","@id":"https:\/\/proyectum.com\/pe\/#website","url":"https:\/\/proyectum.com\/pe\/","name":"Proyectum Per\u00fa","description":"Direcci\u00f3n de Proyectos y Metodolog\u00edas \u00c1giles","publisher":{"@id":"https:\/\/proyectum.com\/pe\/#organization"},"potentialAction":[{"@type":"SearchAction","target":{"@type":"EntryPoint","urlTemplate":"https:\/\/proyectum.com\/pe\/?s={search_term_string}"},"query-input":{"@type":"PropertyValueSpecification","valueRequired":true,"valueName":"search_term_string"}}],"inLanguage":"es"},{"@type":"Organization","@id":"https:\/\/proyectum.com\/pe\/#organization","name":"Proyectum Per\u00fa","url":"https:\/\/proyectum.com\/pe\/","logo":{"@type":"ImageObject","inLanguage":"es","@id":"https:\/\/proyectum.com\/pe\/#\/schema\/logo\/image\/","url":"https:\/\/proyectum.com\/pe\/wp-content\/uploads\/2020\/04\/proyectum-logo-snippet.png","contentUrl":"https:\/\/proyectum.com\/pe\/wp-content\/uploads\/2020\/04\/proyectum-logo-snippet.png","width":600,"height":315,"caption":"Proyectum Per\u00fa"},"image":{"@id":"https:\/\/proyectum.com\/pe\/#\/schema\/logo\/image\/"},"sameAs":["https:\/\/www.facebook.com\/proyectum.pe\/","https:\/\/www.instagram.com\/proyectum.pe\/","https:\/\/www.linkedin.com\/company\/proyectumperu\/","https:\/\/www.youtube.com\/@proyectum2283\/videos"]},{"@type":"Person","@id":"https:\/\/proyectum.com\/pe\/#\/schema\/person\/784b10060c51822d857e3004ea132bb4","name":"Proyectum 2024","image":{"@type":"ImageObject","inLanguage":"es","@id":"https:\/\/proyectum.com\/pe\/#\/schema\/person\/image\/","url":"https:\/\/secure.gravatar.com\/avatar\/df82793fddd8f0a5a84fdb27d958bf73?s=96&d=mm&r=g","contentUrl":"https:\/\/secure.gravatar.com\/avatar\/df82793fddd8f0a5a84fdb27d958bf73?s=96&d=mm&r=g","caption":"Proyectum 2024"}}]}},"_links":{"self":[{"href":"https:\/\/proyectum.com\/pe\/wp-json\/wp\/v2\/posts\/10854","targetHints":{"allow":["GET"]}}],"collection":[{"href":"https:\/\/proyectum.com\/pe\/wp-json\/wp\/v2\/posts"}],"about":[{"href":"https:\/\/proyectum.com\/pe\/wp-json\/wp\/v2\/types\/post"}],"author":[{"embeddable":true,"href":"https:\/\/proyectum.com\/pe\/wp-json\/wp\/v2\/users\/26"}],"replies":[{"embeddable":true,"href":"https:\/\/proyectum.com\/pe\/wp-json\/wp\/v2\/comments?post=10854"}],"version-history":[{"count":0,"href":"https:\/\/proyectum.com\/pe\/wp-json\/wp\/v2\/posts\/10854\/revisions"}],"wp:featuredmedia":[{"embeddable":true,"href":"https:\/\/proyectum.com\/pe\/wp-json\/wp\/v2\/media\/9681"}],"wp:attachment":[{"href":"https:\/\/proyectum.com\/pe\/wp-json\/wp\/v2\/media?parent=10854"}],"wp:term":[{"taxonomy":"category","embeddable":true,"href":"https:\/\/proyectum.com\/pe\/wp-json\/wp\/v2\/categories?post=10854"},{"taxonomy":"post_tag","embeddable":true,"href":"https:\/\/proyectum.com\/pe\/wp-json\/wp\/v2\/tags?post=10854"}],"curies":[{"name":"wp","href":"https:\/\/api.w.org\/{rel}","templated":true}]}}