{"id":10901,"date":"2025-03-31T16:05:39","date_gmt":"2025-03-31T19:05:39","guid":{"rendered":"https:\/\/proyectum.com\/sistema\/?p=10901"},"modified":"2025-03-31T16:05:39","modified_gmt":"2025-03-31T19:05:39","slug":"republica-dominicana-sede-del-proyectum-summit-2025","status":"publish","type":"post","link":"https:\/\/proyectum.com\/pe\/republica-dominicana-sede-del-proyectum-summit-2025\/","title":{"rendered":"Rep\u00fablica Dominicana, sede del Proyectum Summit 2025"},"content":{"rendered":"<p><strong>Proyectum,<\/strong> empresa l\u00edder en capacitaci\u00f3n y consultor\u00eda en Direcci\u00f3n de Proyectos y Metodolog\u00edas \u00c1giles, llev\u00f3 a cabo con \u00e9xito el Summit 2025 en Rep\u00fablica Dominicana, un evento que reuni\u00f3 a los directores de oficinas de la regi\u00f3n, incluyendo representantes de Chile, M\u00e9xico, Costa Rica, Guatemala, Ecuador, Rep\u00fablica Dominicana, El Salvador, Honduras, Colombia, Per\u00fa, Panam\u00e1 y Uruguay.<\/p>\n<p>El encuentro tuvo como prop\u00f3sito fortalecer la estrategia regional de la empresa, mejorar los procesos de experiencia al cliente y optimizar sus procesos internos. Para ello, se desarrollaron sesiones de trabajo enfocadas en la innovaci\u00f3n y la excelencia en el servicio, asegurando que Proyectum contin\u00fae brindando soluciones de alto impacto a nivel internacional.<\/p>\n<p>Adem\u00e1s de las sesiones de trabajo se cont\u00f3 con la participaci\u00f3n de RedBox Yuxta con un webinar \u201cThe Science of Inspiration\u201d. Adem\u00e1s se ofrecieron espacios de networking en el espectacular entorno de Punta Cana, propiciando el intercambio de ideas y la generaci\u00f3n de alianzas estrat\u00e9gicas.<\/p>\n<p>Un punto destacado del Summit fue la acci\u00f3n social en favor del <em>Centro Educativo Nazaret en Friusa, Rep\u00fablica Dominicana,<\/em> donde se entregaron materiales escolares, mochilas y juegos did\u00e1cticos a los ni\u00f1os, reafirmando el compromiso de Proyectum con la responsabilidad social y el impacto positivo en la comunidad.<\/p>\n<p>Con esta edici\u00f3n del Summit 2025, <strong>Proyectum<\/strong> refuerza su liderazgo en la industria, promoviendo el desarrollo profesional y fortaleciendo su presencia como una empresa global de referencia en Direcci\u00f3n de Proyectos.<\/p>\n","protected":false},"excerpt":{"rendered":"<p>Proyectum, empresa l\u00edder en capacitaci\u00f3n y consultor\u00eda en Direcci\u00f3n de Proyectos y Metodolog\u00edas \u00c1giles, llev\u00f3 a cabo con \u00e9xito el Summit 2025 en Rep\u00fablica Dominicana, un evento que reuni\u00f3 a los directores de oficinas de la regi\u00f3n, incluyendo representantes de Chile, M\u00e9xico, Costa Rica, Guatemala, Ecuador, Rep\u00fablica Dominicana, El Salvador, Honduras, Colombia, Per\u00fa, Panam\u00e1 y [&hellip;]<\/p>\n","protected":false},"author":29,"featured_media":10904,"comment_status":"closed","ping_status":"closed","sticky":false,"template":"","format":"standard","meta":{"_acf_changed":false,"footnotes":""},"categories":[254,222],"tags":[1668,436,1669,1670,1671],"class_list":["post-10901","post","type-post","status-publish","format-standard","has-post-thumbnail","hentry","category-comunicacion","category-reflexiones","tag-congreso-proyectum","tag-equipo","tag-oficinas-regionales","tag-republica-dominicana","tag-summit-2025"],"acf":[],"yoast_head":"<!-- This site is optimized with the Yoast SEO plugin v24.4 - https:\/\/yoast.com\/wordpress\/plugins\/seo\/ -->\n<title>Rep\u00fablica Dominicana, sede del Proyectum Summit 2025 - Proyectum Per\u00fa<\/title>\n<meta name=\"robots\" content=\"index, follow, max-snippet:-1, max-image-preview:large, max-video-preview:-1\" \/>\n<link rel=\"canonical\" href=\"https:\/\/proyectum.com\/pe\/republica-dominicana-sede-del-proyectum-summit-2025\/\" \/>\n<meta property=\"og:locale\" content=\"es_ES\" \/>\n<meta property=\"og:type\" content=\"article\" \/>\n<meta property=\"og:title\" content=\"Rep\u00fablica Dominicana, sede del Proyectum Summit 2025 - Proyectum Per\u00fa\" \/>\n<meta property=\"og:description\" content=\"Proyectum, empresa l\u00edder en capacitaci\u00f3n y consultor\u00eda en Direcci\u00f3n de Proyectos y Metodolog\u00edas \u00c1giles, llev\u00f3 a cabo con \u00e9xito el Summit 2025 en Rep\u00fablica Dominicana, un evento que reuni\u00f3 a los directores de oficinas de la regi\u00f3n, incluyendo representantes de Chile, M\u00e9xico, Costa Rica, Guatemala, Ecuador, Rep\u00fablica Dominicana, El Salvador, Honduras, Colombia, Per\u00fa, Panam\u00e1 y [&hellip;]\" \/>\n<meta property=\"og:url\" content=\"https:\/\/proyectum.com\/pe\/republica-dominicana-sede-del-proyectum-summit-2025\/\" \/>\n<meta property=\"og:site_name\" content=\"Proyectum Per\u00fa\" \/>\n<meta property=\"article:publisher\" content=\"https:\/\/www.facebook.com\/proyectum.pe\/\" \/>\n<meta property=\"article:published_time\" content=\"2025-03-31T19:05:39+00:00\" \/>\n<meta property=\"og:image\" content=\"https:\/\/proyectum.com\/pe\/wp-content\/uploads\/2025\/03\/Captura-de-pantalla-2025-03-31-125131.png\" \/>\n\t<meta property=\"og:image:width\" content=\"912\" \/>\n\t<meta property=\"og:image:height\" content=\"472\" \/>\n\t<meta property=\"og:image:type\" content=\"image\/png\" \/>\n<meta name=\"author\" content=\"Jorge\" \/>\n<meta name=\"twitter:card\" content=\"summary_large_image\" \/>\n<meta name=\"twitter:label1\" content=\"Escrito por\" \/>\n\t<meta name=\"twitter:data1\" content=\"Jorge\" \/>\n\t<meta name=\"twitter:label2\" content=\"Tiempo de lectura\" \/>\n\t<meta name=\"twitter:data2\" content=\"2 minutos\" \/>\n<script type=\"application\/ld+json\" class=\"yoast-schema-graph\">{\"@context\":\"https:\/\/schema.org\",\"@graph\":[{\"@type\":\"Article\",\"@id\":\"https:\/\/proyectum.com\/pe\/republica-dominicana-sede-del-proyectum-summit-2025\/#article\",\"isPartOf\":{\"@id\":\"https:\/\/proyectum.com\/pe\/republica-dominicana-sede-del-proyectum-summit-2025\/\"},\"author\":{\"name\":\"Jorge\",\"@id\":\"https:\/\/proyectum.com\/pe\/#\/schema\/person\/6e3e4bdde133cfa03a51dd6ec5b0f39c\"},\"headline\":\"Rep\u00fablica Dominicana, sede del Proyectum Summit 2025\",\"datePublished\":\"2025-03-31T19:05:39+00:00\",\"mainEntityOfPage\":{\"@id\":\"https:\/\/proyectum.com\/pe\/republica-dominicana-sede-del-proyectum-summit-2025\/\"},\"wordCount\":260,\"publisher\":{\"@id\":\"https:\/\/proyectum.com\/pe\/#organization\"},\"image\":{\"@id\":\"https:\/\/proyectum.com\/pe\/republica-dominicana-sede-del-proyectum-summit-2025\/#primaryimage\"},\"thumbnailUrl\":\"https:\/\/proyectum.com\/pe\/wp-content\/uploads\/2025\/03\/Captura-de-pantalla-2025-03-31-125131.png\",\"keywords\":[\"Congreso Proyectum\",\"Equipo\",\"Oficinas Regionales\",\"Rep\u00fablica Dominicana\",\"Summit 2025\"],\"articleSection\":[\"Comunicaci\u00f3n\",\"Reflexiones\"],\"inLanguage\":\"es\"},{\"@type\":\"WebPage\",\"@id\":\"https:\/\/proyectum.com\/pe\/republica-dominicana-sede-del-proyectum-summit-2025\/\",\"url\":\"https:\/\/proyectum.com\/pe\/republica-dominicana-sede-del-proyectum-summit-2025\/\",\"name\":\"Rep\u00fablica Dominicana, sede del Proyectum Summit 2025 - Proyectum Per\u00fa\",\"isPartOf\":{\"@id\":\"https:\/\/proyectum.com\/pe\/#website\"},\"primaryImageOfPage\":{\"@id\":\"https:\/\/proyectum.com\/pe\/republica-dominicana-sede-del-proyectum-summit-2025\/#primaryimage\"},\"image\":{\"@id\":\"https:\/\/proyectum.com\/pe\/republica-dominicana-sede-del-proyectum-summit-2025\/#primaryimage\"},\"thumbnailUrl\":\"https:\/\/proyectum.com\/pe\/wp-content\/uploads\/2025\/03\/Captura-de-pantalla-2025-03-31-125131.png\",\"datePublished\":\"2025-03-31T19:05:39+00:00\",\"breadcrumb\":{\"@id\":\"https:\/\/proyectum.com\/pe\/republica-dominicana-sede-del-proyectum-summit-2025\/#breadcrumb\"},\"inLanguage\":\"es\",\"potentialAction\":[{\"@type\":\"ReadAction\",\"target\":[\"https:\/\/proyectum.com\/pe\/republica-dominicana-sede-del-proyectum-summit-2025\/\"]}]},{\"@type\":\"ImageObject\",\"inLanguage\":\"es\",\"@id\":\"https:\/\/proyectum.com\/pe\/republica-dominicana-sede-del-proyectum-summit-2025\/#primaryimage\",\"url\":\"https:\/\/proyectum.com\/pe\/wp-content\/uploads\/2025\/03\/Captura-de-pantalla-2025-03-31-125131.png\",\"contentUrl\":\"https:\/\/proyectum.com\/pe\/wp-content\/uploads\/2025\/03\/Captura-de-pantalla-2025-03-31-125131.png\",\"width\":912,\"height\":472},{\"@type\":\"BreadcrumbList\",\"@id\":\"https:\/\/proyectum.com\/pe\/republica-dominicana-sede-del-proyectum-summit-2025\/#breadcrumb\",\"itemListElement\":[{\"@type\":\"ListItem\",\"position\":1,\"name\":\"Home\",\"item\":\"https:\/\/proyectum.com\/pe\/\"},{\"@type\":\"ListItem\",\"position\":2,\"name\":\"Rep\u00fablica Dominicana, sede del Proyectum Summit 2025\"}]},{\"@type\":\"WebSite\",\"@id\":\"https:\/\/proyectum.com\/pe\/#website\",\"url\":\"https:\/\/proyectum.com\/pe\/\",\"name\":\"Proyectum Per\u00fa\",\"description\":\"Direcci\u00f3n de Proyectos y Metodolog\u00edas \u00c1giles\",\"publisher\":{\"@id\":\"https:\/\/proyectum.com\/pe\/#organization\"},\"potentialAction\":[{\"@type\":\"SearchAction\",\"target\":{\"@type\":\"EntryPoint\",\"urlTemplate\":\"https:\/\/proyectum.com\/pe\/?s={search_term_string}\"},\"query-input\":{\"@type\":\"PropertyValueSpecification\",\"valueRequired\":true,\"valueName\":\"search_term_string\"}}],\"inLanguage\":\"es\"},{\"@type\":\"Organization\",\"@id\":\"https:\/\/proyectum.com\/pe\/#organization\",\"name\":\"Proyectum Per\u00fa\",\"url\":\"https:\/\/proyectum.com\/pe\/\",\"logo\":{\"@type\":\"ImageObject\",\"inLanguage\":\"es\",\"@id\":\"https:\/\/proyectum.com\/pe\/#\/schema\/logo\/image\/\",\"url\":\"https:\/\/proyectum.com\/pe\/wp-content\/uploads\/2020\/04\/proyectum-logo-snippet.png\",\"contentUrl\":\"https:\/\/proyectum.com\/pe\/wp-content\/uploads\/2020\/04\/proyectum-logo-snippet.png\",\"width\":600,\"height\":315,\"caption\":\"Proyectum Per\u00fa\"},\"image\":{\"@id\":\"https:\/\/proyectum.com\/pe\/#\/schema\/logo\/image\/\"},\"sameAs\":[\"https:\/\/www.facebook.com\/proyectum.pe\/\",\"https:\/\/www.instagram.com\/proyectum.pe\/\",\"https:\/\/www.linkedin.com\/company\/proyectumperu\/\",\"https:\/\/www.youtube.com\/@proyectum2283\/videos\"]},{\"@type\":\"Person\",\"@id\":\"https:\/\/proyectum.com\/pe\/#\/schema\/person\/6e3e4bdde133cfa03a51dd6ec5b0f39c\",\"name\":\"Jorge\",\"image\":{\"@type\":\"ImageObject\",\"inLanguage\":\"es\",\"@id\":\"https:\/\/proyectum.com\/pe\/#\/schema\/person\/image\/\",\"url\":\"https:\/\/secure.gravatar.com\/avatar\/455c61bb0fa25db9d2e71243327909c4?s=96&d=mm&r=g\",\"contentUrl\":\"https:\/\/secure.gravatar.com\/avatar\/455c61bb0fa25db9d2e71243327909c4?s=96&d=mm&r=g\",\"caption\":\"Jorge\"}}]}<\/script>\n<!-- \/ Yoast SEO plugin. -->","yoast_head_json":{"title":"Rep\u00fablica Dominicana, sede del Proyectum Summit 2025 - Proyectum Per\u00fa","robots":{"index":"index","follow":"follow","max-snippet":"max-snippet:-1","max-image-preview":"max-image-preview:large","max-video-preview":"max-video-preview:-1"},"canonical":"https:\/\/proyectum.com\/pe\/republica-dominicana-sede-del-proyectum-summit-2025\/","og_locale":"es_ES","og_type":"article","og_title":"Rep\u00fablica Dominicana, sede del Proyectum Summit 2025 - Proyectum Per\u00fa","og_description":"Proyectum, empresa l\u00edder en capacitaci\u00f3n y consultor\u00eda en Direcci\u00f3n de Proyectos y Metodolog\u00edas \u00c1giles, llev\u00f3 a cabo con \u00e9xito el Summit 2025 en Rep\u00fablica Dominicana, un evento que reuni\u00f3 a los directores de oficinas de la regi\u00f3n, incluyendo representantes de Chile, M\u00e9xico, Costa Rica, Guatemala, Ecuador, Rep\u00fablica Dominicana, El Salvador, Honduras, Colombia, Per\u00fa, Panam\u00e1 y [&hellip;]","og_url":"https:\/\/proyectum.com\/pe\/republica-dominicana-sede-del-proyectum-summit-2025\/","og_site_name":"Proyectum Per\u00fa","article_publisher":"https:\/\/www.facebook.com\/proyectum.pe\/","article_published_time":"2025-03-31T19:05:39+00:00","og_image":[{"width":912,"height":472,"url":"https:\/\/proyectum.com\/pe\/wp-content\/uploads\/2025\/03\/Captura-de-pantalla-2025-03-31-125131.png","type":"image\/png"}],"author":"Jorge","twitter_card":"summary_large_image","twitter_misc":{"Escrito por":"Jorge","Tiempo de lectura":"2 minutos"},"schema":{"@context":"https:\/\/schema.org","@graph":[{"@type":"Article","@id":"https:\/\/proyectum.com\/pe\/republica-dominicana-sede-del-proyectum-summit-2025\/#article","isPartOf":{"@id":"https:\/\/proyectum.com\/pe\/republica-dominicana-sede-del-proyectum-summit-2025\/"},"author":{"name":"Jorge","@id":"https:\/\/proyectum.com\/pe\/#\/schema\/person\/6e3e4bdde133cfa03a51dd6ec5b0f39c"},"headline":"Rep\u00fablica Dominicana, sede del Proyectum Summit 2025","datePublished":"2025-03-31T19:05:39+00:00","mainEntityOfPage":{"@id":"https:\/\/proyectum.com\/pe\/republica-dominicana-sede-del-proyectum-summit-2025\/"},"wordCount":260,"publisher":{"@id":"https:\/\/proyectum.com\/pe\/#organization"},"image":{"@id":"https:\/\/proyectum.com\/pe\/republica-dominicana-sede-del-proyectum-summit-2025\/#primaryimage"},"thumbnailUrl":"https:\/\/proyectum.com\/pe\/wp-content\/uploads\/2025\/03\/Captura-de-pantalla-2025-03-31-125131.png","keywords":["Congreso Proyectum","Equipo","Oficinas Regionales","Rep\u00fablica Dominicana","Summit 2025"],"articleSection":["Comunicaci\u00f3n","Reflexiones"],"inLanguage":"es"},{"@type":"WebPage","@id":"https:\/\/proyectum.com\/pe\/republica-dominicana-sede-del-proyectum-summit-2025\/","url":"https:\/\/proyectum.com\/pe\/republica-dominicana-sede-del-proyectum-summit-2025\/","name":"Rep\u00fablica Dominicana, sede del Proyectum Summit 2025 - Proyectum Per\u00fa","isPartOf":{"@id":"https:\/\/proyectum.com\/pe\/#website"},"primaryImageOfPage":{"@id":"https:\/\/proyectum.com\/pe\/republica-dominicana-sede-del-proyectum-summit-2025\/#primaryimage"},"image":{"@id":"https:\/\/proyectum.com\/pe\/republica-dominicana-sede-del-proyectum-summit-2025\/#primaryimage"},"thumbnailUrl":"https:\/\/proyectum.com\/pe\/wp-content\/uploads\/2025\/03\/Captura-de-pantalla-2025-03-31-125131.png","datePublished":"2025-03-31T19:05:39+00:00","breadcrumb":{"@id":"https:\/\/proyectum.com\/pe\/republica-dominicana-sede-del-proyectum-summit-2025\/#breadcrumb"},"inLanguage":"es","potentialAction":[{"@type":"ReadAction","target":["https:\/\/proyectum.com\/pe\/republica-dominicana-sede-del-proyectum-summit-2025\/"]}]},{"@type":"ImageObject","inLanguage":"es","@id":"https:\/\/proyectum.com\/pe\/republica-dominicana-sede-del-proyectum-summit-2025\/#primaryimage","url":"https:\/\/proyectum.com\/pe\/wp-content\/uploads\/2025\/03\/Captura-de-pantalla-2025-03-31-125131.png","contentUrl":"https:\/\/proyectum.com\/pe\/wp-content\/uploads\/2025\/03\/Captura-de-pantalla-2025-03-31-125131.png","width":912,"height":472},{"@type":"BreadcrumbList","@id":"https:\/\/proyectum.com\/pe\/republica-dominicana-sede-del-proyectum-summit-2025\/#breadcrumb","itemListElement":[{"@type":"ListItem","position":1,"name":"Home","item":"https:\/\/proyectum.com\/pe\/"},{"@type":"ListItem","position":2,"name":"Rep\u00fablica Dominicana, sede del Proyectum Summit 2025"}]},{"@type":"WebSite","@id":"https:\/\/proyectum.com\/pe\/#website","url":"https:\/\/proyectum.com\/pe\/","name":"Proyectum Per\u00fa","description":"Direcci\u00f3n de Proyectos y Metodolog\u00edas \u00c1giles","publisher":{"@id":"https:\/\/proyectum.com\/pe\/#organization"},"potentialAction":[{"@type":"SearchAction","target":{"@type":"EntryPoint","urlTemplate":"https:\/\/proyectum.com\/pe\/?s={search_term_string}"},"query-input":{"@type":"PropertyValueSpecification","valueRequired":true,"valueName":"search_term_string"}}],"inLanguage":"es"},{"@type":"Organization","@id":"https:\/\/proyectum.com\/pe\/#organization","name":"Proyectum Per\u00fa","url":"https:\/\/proyectum.com\/pe\/","logo":{"@type":"ImageObject","inLanguage":"es","@id":"https:\/\/proyectum.com\/pe\/#\/schema\/logo\/image\/","url":"https:\/\/proyectum.com\/pe\/wp-content\/uploads\/2020\/04\/proyectum-logo-snippet.png","contentUrl":"https:\/\/proyectum.com\/pe\/wp-content\/uploads\/2020\/04\/proyectum-logo-snippet.png","width":600,"height":315,"caption":"Proyectum Per\u00fa"},"image":{"@id":"https:\/\/proyectum.com\/pe\/#\/schema\/logo\/image\/"},"sameAs":["https:\/\/www.facebook.com\/proyectum.pe\/","https:\/\/www.instagram.com\/proyectum.pe\/","https:\/\/www.linkedin.com\/company\/proyectumperu\/","https:\/\/www.youtube.com\/@proyectum2283\/videos"]},{"@type":"Person","@id":"https:\/\/proyectum.com\/pe\/#\/schema\/person\/6e3e4bdde133cfa03a51dd6ec5b0f39c","name":"Jorge","image":{"@type":"ImageObject","inLanguage":"es","@id":"https:\/\/proyectum.com\/pe\/#\/schema\/person\/image\/","url":"https:\/\/secure.gravatar.com\/avatar\/455c61bb0fa25db9d2e71243327909c4?s=96&d=mm&r=g","contentUrl":"https:\/\/secure.gravatar.com\/avatar\/455c61bb0fa25db9d2e71243327909c4?s=96&d=mm&r=g","caption":"Jorge"}}]}},"_links":{"self":[{"href":"https:\/\/proyectum.com\/pe\/wp-json\/wp\/v2\/posts\/10901","targetHints":{"allow":["GET"]}}],"collection":[{"href":"https:\/\/proyectum.com\/pe\/wp-json\/wp\/v2\/posts"}],"about":[{"href":"https:\/\/proyectum.com\/pe\/wp-json\/wp\/v2\/types\/post"}],"author":[{"embeddable":true,"href":"https:\/\/proyectum.com\/pe\/wp-json\/wp\/v2\/users\/29"}],"replies":[{"embeddable":true,"href":"https:\/\/proyectum.com\/pe\/wp-json\/wp\/v2\/comments?post=10901"}],"version-history":[{"count":0,"href":"https:\/\/proyectum.com\/pe\/wp-json\/wp\/v2\/posts\/10901\/revisions"}],"wp:featuredmedia":[{"embeddable":true,"href":"https:\/\/proyectum.com\/pe\/wp-json\/wp\/v2\/media\/10904"}],"wp:attachment":[{"href":"https:\/\/proyectum.com\/pe\/wp-json\/wp\/v2\/media?parent=10901"}],"wp:term":[{"taxonomy":"category","embeddable":true,"href":"https:\/\/proyectum.com\/pe\/wp-json\/wp\/v2\/categories?post=10901"},{"taxonomy":"post_tag","embeddable":true,"href":"https:\/\/proyectum.com\/pe\/wp-json\/wp\/v2\/tags?post=10901"}],"curies":[{"name":"wp","href":"https:\/\/api.w.org\/{rel}","templated":true}]}}