{"id":10944,"date":"2025-05-14T20:57:54","date_gmt":"2025-05-14T23:57:54","guid":{"rendered":"https:\/\/proyectum.com\/sistema\/?p=10944"},"modified":"2025-05-14T20:57:54","modified_gmt":"2025-05-14T23:57:54","slug":"como-piensan-los-grandes-lideres-en-tiempos-de-cambio","status":"publish","type":"post","link":"https:\/\/proyectum.com\/pe\/como-piensan-los-grandes-lideres-en-tiempos-de-cambio\/","title":{"rendered":"C\u00f3mo Piensan los Grandes L\u00edderes en Tiempos de Cambio"},"content":{"rendered":"<p style=\"text-align: right;\"><em>Curado por: Jorge Vald\u00e9s Garciatorres, MDO, PMP<\/em><\/p>\n<p style=\"text-align: right;\">\n<p style=\"text-align: right;\">\u00abNo podemos resolver nuestros problemas<\/p>\n<p style=\"text-align: right;\">con el mismo pensamiento que usamos cuando los creamos\u00bb.<\/p>\n<p style=\"text-align: right;\">Albert Einstein<\/p>\n<p>&nbsp;<\/p>\n<p>Vivimos en una era marcada por la volatilidad, la incertidumbre, la complejidad y la ambig\u00fcedad, un entorno que en ingl\u00e9s se describe con el acr\u00f3nimo DANCE (Din\u00e1mico, Ambiguo, No lineal, Complejo, Emergente). Sin embargo, en los \u00faltimos a\u00f1os ha surgido otro concepto que describe de manera m\u00e1s precisa la naturaleza acelerada y ca\u00f3tica de nuestros tiempos: el mundo FLUX. Jeroen Kraaijenbrink, consultor y autor, define FLUX como un estado permanente de cambio r\u00e1pido e impredecible que afecta a todos los niveles de una organizaci\u00f3n (Kraaijenbrink, 2022).<\/p>\n<p>En este contexto, los l\u00edderes no pueden depender de un \u00fanico tipo de pensamiento. Necesitan desarrollar una paleta cognitiva diversa para abordar los desaf\u00edos que se presentan desde diferentes \u00e1ngulos. En su art\u00edculo en <em>Harvard Business Review<\/em>, Kraaijenbrink (2022) propone cuatro tipos de pensamiento fundamentales: pensamiento experto, pensamiento cr\u00edtico, pensamiento sist\u00e9mico y pensamiento estrat\u00e9gico.<\/p>\n<p>A continuaci\u00f3n, exploraremos cada uno de estos tipos, su base neurol\u00f3gica, su aplicaci\u00f3n en el desarrollo organizacional y ejemplos concretos para su puesta en pr\u00e1ctica.<\/p>\n<p><strong>Pensamiento Experto: Precisi\u00f3n basada en la experiencia<\/strong><\/p>\n<p>El pensamiento experto se activa cuando la velocidad y la precisi\u00f3n son esenciales. Este tipo de pensamiento se apoya en redes neuronales especializadas que se fortalecen con la pr\u00e1ctica deliberada (Ericsson &amp; Pool, 2016). El c\u00f3rtex prefrontal dorsolateral, involucrado en la toma de decisiones complejas, juega un rol fundamental en este tipo de procesamiento.<\/p>\n<p><em>Ejemplo pr\u00e1ctico:<\/em> En un hospital, un cirujano con 20 a\u00f1os de experiencia identifica una complicaci\u00f3n durante una operaci\u00f3n y act\u00faa con rapidez, sin necesidad de consultar manuales ni protocolos. Su experiencia ha creado patrones mentales autom\u00e1ticos que permiten actuar con eficiencia.<\/p>\n<p><em>Aplicaci\u00f3n organizacional:<\/em> Este pensamiento es clave cuando las organizaciones enfrentan crisis operativas, como una ca\u00edda de sistemas cr\u00edticos o la necesidad de tomar decisiones financieras urgentes. En estos casos, se requiere de expertos que puedan actuar con certeza y sin dilaci\u00f3n.<\/p>\n<p><strong>\u00bfC\u00f3mo se desarrolla el pensamiento experto?<\/strong><\/p>\n<ol>\n<li><strong> Pr\u00e1ctica deliberada (no solo repetici\u00f3n)<\/strong><\/li>\n<\/ol>\n<p>Basado en el trabajo de Anders Ericsson (Ericsson &amp; Pool, 2016), la pr\u00e1ctica deliberada implica:<\/p>\n<ul>\n<li>Establecer metas claras de mejora.<\/li>\n<li>Obtener retroalimentaci\u00f3n inmediata.<\/li>\n<li>Repetir con intenci\u00f3n y salir de la zona de confort.<\/li>\n<li>Corregir errores conscientemente.<\/li>\n<\/ul>\n<p><strong>Ejemplo:<\/strong> Un facilitador de talleres en desarrollo organizacional no solo repite la misma presentaci\u00f3n, sino que despu\u00e9s de cada sesi\u00f3n analiza lo que funcion\u00f3, ajusta su enfoque y prueba nuevas din\u00e1micas.<\/p>\n<p>&nbsp;<\/p>\n<ol start=\"2\">\n<li><strong> Mentor\u00eda y transferencia de conocimiento<\/strong><\/li>\n<\/ol>\n<p>Los expertos se forman m\u00e1s r\u00e1pido cuando tienen acceso a mentores que los gu\u00edan, retroalimentan y les plantean desaf\u00edos progresivos.<\/p>\n<p><strong>Aplicaci\u00f3n:<\/strong> Implementa programas de mentoring inverso y coaching en tu organizaci\u00f3n. Un Project Manager junior, por ejemplo, puede adquirir pensamiento experto m\u00e1s r\u00e1pido si recibe coaching activo de alguien con a\u00f1os de experiencia liderando proyectos complejos.<\/p>\n<ol start=\"3\">\n<li><strong> Desarrollo de memoria de trabajo especializada<\/strong><\/li>\n<\/ol>\n<p>Las personas expertas organizan el conocimiento en esquemas mentales eficientes. Esto no solo mejora su memoria, sino su capacidad de toma de decisiones r\u00e1pida.<\/p>\n<p><strong>T\u00e9cnica:<\/strong> Usa simulaciones, casos reales y retros activas. En el contexto de TI, esto podr\u00eda significar escenarios de \u201cguerra\u201d donde se simulan ca\u00eddas del sistema para que los equipos practiquen la toma de decisiones en tiempo real.<\/p>\n<ol start=\"4\">\n<li><strong> Exposici\u00f3n continua a la complejidad real<\/strong><\/li>\n<\/ol>\n<p>El pensamiento experto no se desarrolla en la teor\u00eda, sino enfrentando la realidad compleja con un enfoque reflexivo.<\/p>\n<p><strong>Sugerencia organizacional:<\/strong> Dise\u00f1a \u201crotaciones\u201d en diferentes roles o proyectos de alta exigencia para acelerar la exposici\u00f3n a la complejidad. Esto permite desarrollar intuici\u00f3n en entornos reales.<\/p>\n<ol start=\"5\">\n<li><strong> Uso del error como maestro<\/strong><\/li>\n<\/ol>\n<p>Las personas expertas aprenden m\u00e1s r\u00e1pido porque analizan profundamente sus errores. El aprendizaje se convierte en experiencia cuando hay reflexi\u00f3n estructurada.<\/p>\n<p><strong>Pr\u00e1ctica sugerida:<\/strong> Implementa sesiones tipo \u201cAfter Action Review\u201d despu\u00e9s de cada proyecto o crisis operativa. Reflexionar colectivamente sobre lo que ocurri\u00f3, qu\u00e9 se aprendi\u00f3 y qu\u00e9 se har\u00eda diferente estimula pensamiento experto compartido.<\/p>\n<p><strong>\u00bfC\u00f3mo fomentar esto en tu organizaci\u00f3n?<\/strong><\/p>\n<ul>\n<li><strong>Dise\u00f1a \u201czonas de pr\u00e1ctica\u201d seguras<\/strong> para que los equipos puedan experimentar sin temor a fallar.<\/li>\n<li><strong>Incorpora feedback estructurado<\/strong> y frecuente en todos los niveles.<\/li>\n<li><strong>Celebra la expertise<\/strong>: visibiliza casos donde la experiencia de alguien resolvi\u00f3 situaciones clave. Esto motiva y legitima el aprendizaje profundo.<\/li>\n<li><strong>Documenta y comparte patrones<\/strong> que se han identificado en distintos contextos (como gu\u00edas vivas o playbooks basados en la experiencia interna).<\/li>\n<\/ul>\n<ol start=\"2\">\n<li><strong> Pensamiento Cr\u00edtico: Cuestionar lo evidente<\/strong><\/li>\n<\/ol>\n<p>El pensamiento cr\u00edtico implica pausar, cuestionar y replantear los supuestos. Neurol\u00f3gicamente, se relaciona con la corteza prefrontal ventromedial y el \u00e1rea del c\u00edngulo anterior, regiones asociadas con el juicio, la inhibici\u00f3n de respuestas autom\u00e1ticas y la consideraci\u00f3n de alternativas (Stanovich &amp; West, 2000).<\/p>\n<p><em>Ejemplo pr\u00e1ctico:<\/em> Un equipo de desarrollo lanza un producto digital al mercado, pero las ventas no despegan. En lugar de asumir que el marketing fall\u00f3, el gerente aplica pensamiento cr\u00edtico, entrevista a usuarios, revisa los supuestos del dise\u00f1o y descubre que las funcionalidades no resuelven una necesidad real.<\/p>\n<p><em>Aplicaci\u00f3n organizacional:<\/em> Este pensamiento es vital para evitar errores por efecto halo o sesgos confirmatorios en decisiones estrat\u00e9gicas. En procesos de planeaci\u00f3n, ayuda a evitar que los equipos se enamoren de sus ideas iniciales y promueve decisiones m\u00e1s fundamentadas.<\/p>\n<p><strong>\u00bfC\u00f3mo desarrollar el pensamiento cr\u00edtico a nivel individual?<\/strong><\/p>\n<ol>\n<li><strong> Practica la pausa consciente<\/strong><\/li>\n<\/ol>\n<p>El primer paso del pensamiento cr\u00edtico es detenerse. La prisa inhibe la reflexi\u00f3n profunda.<\/p>\n<p><strong>Ejercicio pr\u00e1ctico:<\/strong> Antes de tomar decisiones importantes, practica una pausa de 3 minutos para identificar:<\/p>\n<ul>\n<li>\u00bfQu\u00e9 s\u00e9 realmente?<\/li>\n<li>\u00bfQu\u00e9 supongo?<\/li>\n<li>\u00bfQu\u00e9 me est\u00e1 faltando?<\/li>\n<\/ul>\n<ol start=\"2\">\n<li><strong> Haz preguntas inc\u00f3modas (pero necesarias)<\/strong><\/li>\n<\/ol>\n<p>Las preguntas poderosas son el motor del pensamiento cr\u00edtico. Algunas claves incluyen:<\/p>\n<ul>\n<li>\u00bfQu\u00e9 evidencia respalda esto?<\/li>\n<li>\u00bfQu\u00e9 pasar\u00eda si hici\u00e9ramos lo contrario?<\/li>\n<li>\u00bfQu\u00e9 estamos dando por hecho?<\/li>\n<li>\u00bfA qui\u00e9n beneficia esta decisi\u00f3n?<\/li>\n<\/ul>\n<p><strong>Tip:<\/strong> Lleva una \u201cbit\u00e1cora de preguntas\u201d para fomentar este h\u00e1bito en reuniones o decisiones cotidianas.<\/p>\n<ol start=\"3\">\n<li><strong> Desarrolla tolerancia a la ambig\u00fcedad<\/strong><\/li>\n<\/ol>\n<p>El pensamiento cr\u00edtico requiere estar c\u00f3modo en la incertidumbre y convivir con respuestas incompletas.<\/p>\n<p><strong>Entrenamiento:<\/strong> Lee opiniones contrarias a las tuyas con curiosidad (no con defensa). Trata de resumirlas sin descalificarlas.<\/p>\n<ol start=\"4\">\n<li><strong> Combate tus sesgos cognitivos<\/strong><\/li>\n<\/ol>\n<p>Identificar y neutralizar sesgos como el de confirmaci\u00f3n, disponibilidad o autoridad es clave.<\/p>\n<p><strong>Herramienta:<\/strong> Usa checklists de pensamiento cr\u00edtico (como las de Daniel Kahneman) antes de tomar decisiones importantes.<\/p>\n<ol start=\"5\">\n<li><strong> Fomenta el debate constructivo<\/strong><\/li>\n<\/ol>\n<p>Discute ideas, no personas. El pensamiento cr\u00edtico florece en conversaciones donde se valora la diversidad de perspectivas.<\/p>\n<p><strong>T\u00e9cnica:<\/strong> Practica \u201crole reversal\u201d: defiende la posici\u00f3n contraria a la tuya en un tema determinado. Esta pr\u00e1ctica activa la empat\u00eda cognitiva.<\/p>\n<p><strong>\u00bfC\u00f3mo fomentar el pensamiento cr\u00edtico en una organizaci\u00f3n?<\/strong><\/p>\n<ol>\n<li><strong> Crea espacios seguros para cuestionar<\/strong><\/li>\n<\/ol>\n<p>Fomenta entornos donde sea v\u00e1lido disentir. Si las personas sienten que no pueden cuestionar ideas, no desarrollar\u00e1n pensamiento cr\u00edtico.<\/p>\n<p><strong>Sugerencia:<\/strong> En reuniones, designa un \u201cabogado del diablo\u201d para que cuestione supuestos de forma constructiva.<\/p>\n<ol start=\"2\">\n<li><strong> Utiliza marcos como \u201cLos Seis Sombreros del Pensamiento\u201d<\/strong><\/li>\n<\/ol>\n<p>Propuesto por Edward de Bono, este enfoque permite ver un problema desde diferentes \u00e1ngulos: l\u00f3gico, emocional, creativo, cr\u00edtico, positivo y organizador.<\/p>\n<p><strong>Aplicaci\u00f3n:<\/strong> \u00dasalo en sesiones estrat\u00e9gicas, especialmente en decisiones de alto impacto.<\/p>\n<ol start=\"3\">\n<li><strong> Desarrolla un lenguaje organizacional que incluya el cuestionamiento<\/strong><\/li>\n<\/ol>\n<p>Frases como \u201c\u00bfQu\u00e9 podr\u00edamos estar pasando por alto?\u201d o \u201c\u00bfQu\u00e9 evidencia respalda esta suposici\u00f3n?\u201d deben integrarse al discurso diario.<\/p>\n<ol start=\"4\">\n<li><strong> Incorpora pensamiento cr\u00edtico en la toma de decisiones<\/strong><\/li>\n<\/ol>\n<p>Agrega pasos expl\u00edcitos de an\u00e1lisis cr\u00edtico en los procesos:<\/p>\n<ul>\n<li>Evaluaci\u00f3n de suposiciones<\/li>\n<li>Alternativas consideradas<\/li>\n<li>An\u00e1lisis de riesgos y consecuencias no deseadas<\/li>\n<\/ul>\n<ol start=\"5\">\n<li><strong> Forma l\u00edderes que modelen el pensamiento cr\u00edtico<\/strong><\/li>\n<\/ol>\n<p>Capacita a tus l\u00edderes no solo para resolver problemas, sino para generar preguntas, cuestionar de forma \u00e9tica y facilitar el di\u00e1logo.<\/p>\n<p><strong>Ejemplo organizacional:<\/strong><\/p>\n<p>Una empresa est\u00e1 por lanzar una nueva l\u00ednea de productos. En lugar de seguir solo el instinto de ventas, el equipo directivo hace un ejercicio de pensamiento cr\u00edtico:<\/p>\n<ul>\n<li>Eval\u00faan los datos de mercado y tendencias.<\/li>\n<li>Cuestionan la validez de sus fuentes.<\/li>\n<li>Consultan a clientes que no compraron en el pasado.<\/li>\n<li>Consideran el impacto ambiental y reputacional.<\/li>\n<\/ul>\n<p>El resultado: no solo redefinen el producto, sino que descubren una oportunidad m\u00e1s rentable en un segmento que no hab\u00edan considerado.<\/p>\n<p><strong>Referencias recomendadas:<\/strong><\/p>\n<ul>\n<li>Paul, R., &amp; Elder, L. (2014). <em>Critical Thinking: Tools for Taking Charge of Your Professional and Personal Life<\/em>. Pearson.<\/li>\n<li>Stanovich, K. E., &amp; West, R. F. (2000). Individual differences in reasoning: Implications for the rationality debate? <em>Behavioral and Brain Sciences<\/em>, 23(5), 645\u2013665.<\/li>\n<li>Kahneman, D. (2011). <em>Thinking, Fast and Slow<\/em>. Farrar, Straus and Giroux.<\/li>\n<li>De Bono, E. (1985). <em>Six Thinking Hats<\/em>. Little, Brown.<\/li>\n<\/ul>\n<p><strong>Pensamiento Sist\u00e9mico: Ver el todo y sus conexiones<\/strong><\/p>\n<p>El pensamiento sist\u00e9mico permite comprender las relaciones entre partes interdependientes de un sistema. Est\u00e1 asociado al trabajo integrado entre el c\u00f3rtex prefrontal y el c\u00edngulo posterior, que procesan informaci\u00f3n compleja y abstracta.<\/p>\n<p><em>Ejemplo pr\u00e1ctico:<\/em> Una empresa enfrenta alta rotaci\u00f3n de personal. En lugar de culpar al \u00e1rea de Recursos Humanos, un l\u00edder con pensamiento sist\u00e9mico analiza la cultura organizacional, los incentivos, las oportunidades de desarrollo y el liderazgo. Descubre que la rotaci\u00f3n est\u00e1 conectada con factores como la sobrecarga de trabajo y la falta de reconocimiento.<\/p>\n<p><em>Aplicaci\u00f3n organizacional:<\/em> Este tipo de pensamiento es esencial en iniciativas de cambio organizacional. Permite anticipar efectos secundarios, gestionar resistencias y alinear a distintas \u00e1reas hacia un cambio coherente.<\/p>\n<p><strong>\u00bfC\u00f3mo desarrollar pensamiento sist\u00e9mico a nivel individual?<\/strong><\/p>\n<ol>\n<li><strong> Piensa en t\u00e9rminos de relaciones, no de cosas<\/strong><\/li>\n<\/ol>\n<p>En lugar de enfocarte solo en los elementos individuales, preg\u00fantate:<\/p>\n<ul>\n<li>\u00bfC\u00f3mo se conectan?<\/li>\n<li>\u00bfQu\u00e9 influye en qu\u00e9?<\/li>\n<li>\u00bfQu\u00e9 m\u00e1s est\u00e1 afectando esto que no estoy viendo?<\/li>\n<\/ul>\n<p><strong>Ejercicio:<\/strong> Toma una situaci\u00f3n actual (personal o laboral) y dibuja un mapa con todos los factores involucrados y sus conexiones. No busques soluciones a\u00fan: solo visualiza relaciones.<\/p>\n<ol start=\"2\">\n<li><strong> Hazte amigo de los ciclos <\/strong><\/li>\n<\/ol>\n<p>Los sistemas funcionan en ciclos de retroalimentaci\u00f3n (positiva y negativa). Aprender a identificarlos es clave.<\/p>\n<p>Ejemplo pr\u00e1ctico: En una empresa, m\u00e1s trabajo sin reconocimiento \u2192 m\u00e1s frustraci\u00f3n \u2192 m\u00e1s rotaci\u00f3n \u2192 m\u00e1s carga para los que quedan \u2192 m\u00e1s frustraci\u00f3n.<\/p>\n<p><strong>T\u00e9cnica:<\/strong> Usa herramientas como diagramas causales o de influencia.<\/p>\n<ol start=\"3\">\n<li><strong> Cambia de lente: de lineal a circular<\/strong><\/li>\n<\/ol>\n<p>El pensamiento lineal ve el problema como causa \u2192 efecto. El pensamiento sist\u00e9mico lo ve como efecto \u2194 causa, con m\u00faltiples ciclos.<\/p>\n<p><strong>Pr\u00e1ctica:<\/strong> Ante un s\u00edntoma (como baja productividad), no preguntes solo \u201c\u00bfc\u00f3mo lo resolvemos?\u201d, sino \u201c\u00bfqu\u00e9 est\u00e1 produciendo esto y qu\u00e9 est\u00e1 sosteniendo ese patr\u00f3n?\u201d<\/p>\n<ol start=\"4\">\n<li><strong> Desarrolla pensamiento a largo plazo<\/strong><\/li>\n<\/ol>\n<p>Muchos efectos sist\u00e9micos solo se hacen visibles con el tiempo. El pensamiento sist\u00e9mico te entrena a ver m\u00e1s all\u00e1 de la acci\u00f3n inmediata.<\/p>\n<p><strong>Herramienta:<\/strong> El modelo del <strong>Iceberg de los Sistemas<\/strong> (ver m\u00e1s abajo) ayuda a identificar patrones, estructuras subyacentes y modelos mentales.<\/p>\n<p><strong>\u00bfC\u00f3mo fomentar el pensamiento sist\u00e9mico en una organizaci\u00f3n?<\/strong><\/p>\n<ol>\n<li><strong> Utiliza mapas sist\u00e9micos en procesos clave<\/strong><\/li>\n<\/ol>\n<p>Por ejemplo, en proyectos de transformaci\u00f3n organizacional, no te quedes en el nivel de procesos o roles. Visualiza c\u00f3mo las pol\u00edticas, la cultura, los incentivos y las din\u00e1micas interpersonales se entrelazan.<\/p>\n<p><strong>Herramienta recomendada:<\/strong> \u201cSystems Mapping\u201d con herramientas como Kumu, Plectica, Miro o diagramas de Vensim.<\/p>\n<ol start=\"2\">\n<li><strong> Aplica el Modelo del Iceberg<\/strong><\/li>\n<\/ol>\n<p>Este modelo ayuda a profundizar en las causas de los problemas:<\/p>\n<ul>\n<li><strong>Evento visible<\/strong>: lo que ocurri\u00f3 (ej. renuncia de un l\u00edder clave)<\/li>\n<li><strong>Patrones de comportamiento<\/strong>: lo que se repite (ej. alta rotaci\u00f3n)<\/li>\n<li><strong>Estructuras sist\u00e9micas<\/strong>: qu\u00e9 permite que se repita (ej. cargas desiguales, cultura de silencios)<\/li>\n<li><strong>Modelos mentales<\/strong>: creencias arraigadas (ej. \u201clos buenos aguantan\u201d, \u201cno es bueno pedir ayuda\u201d)<\/li>\n<\/ul>\n<p><strong>Aplicaci\u00f3n:<\/strong> \u00dasalo en retrospectivas o workshops de aprendizaje organizacional.<\/p>\n<ol start=\"3\">\n<li><strong> Fomenta conversaciones inter\u00e1reas<\/strong><\/li>\n<\/ol>\n<p>Romper silos mentales y estructurales permite comprender interdependencias. El pensamiento sist\u00e9mico se fortalece con di\u00e1logo transversal.<\/p>\n<p><strong>Acci\u00f3n concreta:<\/strong> Crea equipos de proyectos o comit\u00e9s con representantes de distintas \u00e1reas para abordar temas complejos (como clima organizacional, innovaci\u00f3n o estrategia).<\/p>\n<ol start=\"4\">\n<li><strong> Entrena a l\u00edderes para pensar en consecuencias de segundo orden<\/strong><\/li>\n<\/ol>\n<p>No basta con prever \u201cqu\u00e9 pasar\u00e1\u201d, sino tambi\u00e9n \u201cqu\u00e9 podr\u00eda pasar como resultado de eso\u201d.<\/p>\n<p><strong>Ejemplo organizacional:<\/strong> Implementar home office sin pensar en su impacto en el aprendizaje informal o la cultura puede generar problemas emergentes.<\/p>\n<ol start=\"5\">\n<li><strong> Haz del pensamiento sist\u00e9mico parte del lenguaje diario<\/strong><\/li>\n<\/ol>\n<p>Incluye preguntas como:<\/p>\n<ul>\n<li>\u00bfQu\u00e9 m\u00e1s se ve afectado si hacemos esto?<\/li>\n<li>\u00bfCu\u00e1l es la causa detr\u00e1s de esta causa?<\/li>\n<li>\u00bfEstamos atacando un s\u00edntoma o la ra\u00edz?<\/li>\n<\/ul>\n<p><strong>Referencias y lecturas clave:<\/strong><\/p>\n<ul>\n<li>Senge, P. M. (2006). <em>The Fifth Discipline: The Art &amp; Practice of The Learning Organization<\/em>. Broadway Business.<\/li>\n<li>Meadows, D. H. (2008). <em>Thinking in Systems: A Primer<\/em>. Chelsea Green Publishing.<\/li>\n<li>Cabrera, D., &amp; Cabrera, L. (2015). <em>Systems Thinking Made Simple: New Hope for Solving Wicked Problems<\/em>. Odyssean Press.<\/li>\n<li>Kim, D. H. (1994). <em>Systems Thinking Tools: A User\u2019s Reference Guide<\/em>. Pegasus Communications.<\/li>\n<\/ul>\n<ol start=\"4\">\n<li><strong> Pensamiento Estrat\u00e9gico: Imaginar futuros posibles <\/strong><\/li>\n<\/ol>\n<p>El pensamiento estrat\u00e9gico se activa cuando el futuro es incierto y las apuestas son altas.<\/p>\n<p>Implica imaginar escenarios, valorar opciones y dise\u00f1ar caminos. Se vincula con el sistema de modo por defecto (default mode network), que se activa durante la introspecci\u00f3n, la planificaci\u00f3n y la simulaci\u00f3n mental de futuros (Spreng et al., 2009).<\/p>\n<p>Ejemplo pr\u00e1ctico: Durante la pandemia, una compa\u00f1\u00eda de log\u00edstica reconfigur\u00f3 sus operaciones para ofrecer entregas sin contacto y servicios para el sector salud. Sus l\u00edderes imaginaron nuevos escenarios y adaptaron su modelo antes que sus competidores.<\/p>\n<p>Aplicaci\u00f3n organizacional: Este pensamiento es fundamental en la formulaci\u00f3n de estrategias, definici\u00f3n de nuevos modelos de negocio o desarrollo de capacidades de futuro. Ayuda a las organizaciones a anticiparse en lugar de reaccionar.<strong>\u00a0\u00a0 <\/strong><\/p>\n<p><strong>\u00bfC\u00f3mo desarrollarlo a nivel individual?<\/strong><\/p>\n<ol>\n<li><strong> Entrena tu capacidad de anticipar<\/strong><\/li>\n<\/ol>\n<p>El pensamiento estrat\u00e9gico requiere pensar m\u00e1s all\u00e1 del presente inmediato. Para eso, practica:<\/p>\n<p><strong>T\u00e9cnica de escenarios:<\/strong><br \/>\nPreg\u00fantate regularmente:<\/p>\n<ul>\n<li>\u00bfQu\u00e9 pasar\u00eda si\u2026?<\/li>\n<li>\u00bfQu\u00e9 factores externos podr\u00edan cambiar este plan?<\/li>\n<li>\u00bfQu\u00e9 se\u00f1ales d\u00e9biles estoy viendo hoy que podr\u00edan tener un gran impacto ma\u00f1ana?<\/li>\n<\/ul>\n<p><strong>Ejercicio pr\u00e1ctico:<\/strong> Dise\u00f1a al menos tres futuros posibles para un mismo reto. Por ejemplo, una estrategia comercial ante inflaci\u00f3n prolongada, auge de la IA o cambios regulatorios.<\/p>\n<ol start=\"2\">\n<li><strong> Haz \u201czoom out\u201d frecuentemente<\/strong><\/li>\n<\/ol>\n<p>Sal del detalle operativo y contempla el sistema completo. Esto requiere espacio mental.<\/p>\n<p><strong>Rutina sugerida:<\/strong> Bloquea cada semana un tiempo para pensar, no solo para hacer. Utiliza ese momento para revisar tendencias, hacer mapas mentales o leer fuentes no operativas.<\/p>\n<ol start=\"3\">\n<li><strong> Conecta informaci\u00f3n diversa<\/strong><\/li>\n<\/ol>\n<p>El pensamiento estrat\u00e9gico se alimenta de perspectivas cruzadas: econom\u00eda, tecnolog\u00eda, comportamiento humano, pol\u00edtica, etc.<\/p>\n<p><strong>Ejercicio:<\/strong> Dedica una hora semanal a explorar temas fuera de tu industria. Luego preg\u00fantate: \u00bfC\u00f3mo podr\u00eda esto afectar mi campo?<\/p>\n<ol start=\"4\">\n<li><strong> Desarrolla visi\u00f3n y prioridades<\/strong><\/li>\n<\/ol>\n<p>La estrategia no es solo ver el futuro, es elegir lo m\u00e1s relevante. Entrena tu capacidad de priorizar entre m\u00faltiples opciones.<\/p>\n<p><strong>Herramienta:<\/strong> Matriz de impacto\/incertidumbre: clasifica decisiones seg\u00fan su potencial impacto y el nivel de incertidumbre asociado.<\/p>\n<p><strong>\u00bfC\u00f3mo fomentar el pensamiento estrat\u00e9gico en una organizaci\u00f3n?<\/strong><\/p>\n<ol>\n<li><strong> Facilita ejercicios de planeaci\u00f3n por escenarios<\/strong><\/li>\n<\/ol>\n<p>En vez de planear en l\u00ednea recta, trabaja con m\u00faltiples futuros probables, posibles y deseables.<\/p>\n<p><strong>Sugerencia:<\/strong> Utiliza frameworks como \u201cThree Horizons\u201d o \u201cFuture Wheels\u201d para pensar en cambios disruptivos.<\/p>\n<ol start=\"2\">\n<li><strong> Involucra a equipos diversos en el dise\u00f1o estrat\u00e9gico<\/strong><\/li>\n<\/ol>\n<p>La estrategia gana profundidad cuando incorpora distintas perspectivas. No la delegues solo a la alta direcci\u00f3n.<\/p>\n<p><strong>Aplicaci\u00f3n:<\/strong> Organiza sesiones de \u201cestrategia distribuida\u201d donde distintas \u00e1reas imaginen juntos oportunidades futuras.<\/p>\n<ol start=\"3\">\n<li><strong> Integra el pensamiento estrat\u00e9gico en la toma de decisiones cotidiana<\/strong><\/li>\n<\/ol>\n<p>Haz que las decisiones del d\u00eda a d\u00eda est\u00e9n alineadas con un rumbo claro.<\/p>\n<p><strong>Ejemplo:<\/strong> Al tomar una decisi\u00f3n operativa, preg\u00fantate:<\/p>\n<ul>\n<li>\u00bfEsto nos acerca o aleja de la visi\u00f3n?<\/li>\n<li>\u00bfEst\u00e1 en l\u00ednea con las capacidades futuras que queremos desarrollar?<\/li>\n<\/ul>\n<ol start=\"4\">\n<li><strong> Crea espacios regulares para pensar estrat\u00e9gicamente<\/strong><\/li>\n<\/ol>\n<p>El pensamiento estrat\u00e9gico requiere tiempo, pausa y reflexi\u00f3n.<\/p>\n<p><strong>Acci\u00f3n concreta:<\/strong> Agenda trimestralmente sesiones fuera de oficina para analizar tendencias, revisar hip\u00f3tesis estrat\u00e9gicas y actualizar escenarios.<\/p>\n<p><strong>\u00a0Ejemplo organizacional:<\/strong><\/p>\n<p>Una empresa de alimentos detecta que las preferencias de los consumidores cambian r\u00e1pidamente hacia productos sin procesar. En lugar de solo adaptarse con nuevos empaques o campa\u00f1as, convoca a un equipo transversal que analiza tendencias globales, regulaci\u00f3n emergente y h\u00e1bitos de consumo post-pandemia. Como resultado, redefine su portafolio completo y lanza una l\u00ednea de alimentos plant-based en menos de un a\u00f1o.<\/p>\n<p><strong>Lecturas recomendadas:<\/strong><\/p>\n<ul>\n<li>Schoemaker, P. J. H. (1995). Scenario planning: A tool for strategic thinking. <em>Sloan Management Review<\/em>, 36(2), 25\u201340.<\/li>\n<li>Rumelt, R. (2011). <em>Good Strategy, Bad Strategy: The Difference and Why It Matters<\/em>. Crown Publishing.<\/li>\n<li>Spreng, R. N., et al. (2009). The common neural basis of autobiographical memory, prospection&#8230; <em>Journal of Cognitive Neuroscience<\/em>, 21(3), 489-510.<\/li>\n<li>Mintzberg, H. (1994). <em>The Rise and Fall of Strategic Planning<\/em>. Free Press.<\/li>\n<\/ul>\n<p><strong>Integrar los cuatro tipos en el liderazgo organizacional<\/strong><\/p>\n<p>Desarrollar estos tipos de pensamiento no es tarea sencilla. Implica cultivar entornos donde la diversidad cognitiva sea valorada, ofrecer espacios para la reflexi\u00f3n y el aprendizaje, y formar l\u00edderes capaces de alternar entre distintos estilos seg\u00fan el contexto. Como sugiere Kraaijenbrink (2022), cada tipo de pensamiento tiene su momento y su lugar. No se trata de elegir uno, sino de aprender a combinarlos.<\/p>\n<p>En el desarrollo organizacional, esto puede reflejarse en:<\/p>\n<ul>\n<li>Dise\u00f1ar procesos de planeaci\u00f3n estrat\u00e9gica que integren ejercicios de pensamiento cr\u00edtico y sist\u00e9mico.<\/li>\n<li>Fomentar la mentor\u00eda para transferir pensamiento experto de una generaci\u00f3n a otra.<\/li>\n<li>Promover la experimentaci\u00f3n como herramienta para cultivar el pensamiento estrat\u00e9gico.<\/li>\n<li>Utilizar mapas sist\u00e9micos para abordar problemas complejos de cultura o estructura.<\/li>\n<\/ul>\n<p><strong>\u00a0<\/strong><strong>Conclusi\u00f3n<\/strong><\/p>\n<p>Un mundo FLUX exige l\u00edderes que piensen m\u00e1s all\u00e1 de lo inmediato. Que puedan actuar con precisi\u00f3n cuando sea necesario, pero tambi\u00e9n detenerse, cuestionar, mapear y so\u00f1ar. Desarrollar estas capacidades no solo mejora el liderazgo individual, sino que fortalece a toda la organizaci\u00f3n frente a lo inesperado.<\/p>\n<p><strong>Ortras Referencias<\/strong><\/p>\n<p>Ericsson, K. A., &amp; Pool, R. (2016). <em>Peak: Secrets from the New Science of Expertise<\/em>. Houghton Mifflin Harcourt.<\/p>\n<p>Kraaijenbrink, J. (2022). The 4 Types of Thinking Leaders Need in a World of Flux. <em>Harvard Business Review<\/em>. Recuperado de https:\/\/hbr.org\/2022\/10\/the-4-types-of-thinking-leaders-need-in-a-world-of-flux<\/p>\n<p>Spreng, R. N., Mar, R. A., &amp; Kim, A. S. N. (2009). The common neural basis of autobiographical memory, prospection, navigation, theory of mind, and the default mode: A quantitative meta-analysis. <em>Journal of Cognitive Neuroscience<\/em>, 21(3), 489-510.<\/p>\n<p>Stanovich, K. E., &amp; West, R. F. (2000). Individual differences in reasoning: Implications for the rationality debate? <em>Behavioral and Brain Sciences<\/em>, 23(5), 645-665.<\/p>\n<p>Senge, P. M. (2006). <em>The Fifth Discipline: The Art &amp; Practice of The Learning Organization<\/em>. Broadway Business.<\/p>\n<p>\u00bfTe interesa fortalecer estos tipos de pensamiento en tu organizaci\u00f3n? <em>Hablemos, te podemos ayudar.<\/em><\/p>\n","protected":false},"excerpt":{"rendered":"<p>Curado por: Jorge Vald\u00e9s Garciatorres, MDO, PMP \u00abNo podemos resolver nuestros problemas con el mismo pensamiento que usamos cuando los creamos\u00bb. Albert Einstein &nbsp; Vivimos en una era marcada por la volatilidad, la incertidumbre, la complejidad y la ambig\u00fcedad, un entorno que en ingl\u00e9s se describe con el acr\u00f3nimo DANCE (Din\u00e1mico, Ambiguo, No lineal, Complejo, [&hellip;]<\/p>\n","protected":false},"author":29,"featured_media":10945,"comment_status":"closed","ping_status":"closed","sticky":false,"template":"","format":"standard","meta":{"_acf_changed":false,"footnotes":""},"categories":[572],"tags":[1678,1679,439,223,529,1680],"class_list":["post-10944","post","type-post","status-publish","format-standard","has-post-thumbnail","hentry","category-transformacion-y-cambio","tag-empresas","tag-equipo-de-trabajo","tag-lider","tag-liderazgo-2","tag-pensamiento-sistemico","tag-trabajo"],"acf":[],"yoast_head":"<!-- This site is optimized with the Yoast SEO plugin v24.4 - https:\/\/yoast.com\/wordpress\/plugins\/seo\/ -->\n<title>C\u00f3mo Piensan los Grandes L\u00edderes en Tiempos de Cambio - Proyectum Per\u00fa<\/title>\n<meta name=\"robots\" content=\"index, follow, max-snippet:-1, max-image-preview:large, max-video-preview:-1\" \/>\n<link rel=\"canonical\" href=\"https:\/\/proyectum.com\/pe\/como-piensan-los-grandes-lideres-en-tiempos-de-cambio\/\" \/>\n<meta property=\"og:locale\" content=\"es_ES\" \/>\n<meta property=\"og:type\" content=\"article\" \/>\n<meta property=\"og:title\" content=\"C\u00f3mo Piensan los Grandes L\u00edderes en Tiempos de Cambio - Proyectum Per\u00fa\" \/>\n<meta property=\"og:description\" content=\"Curado por: Jorge Vald\u00e9s Garciatorres, MDO, PMP \u00abNo podemos resolver nuestros problemas con el mismo pensamiento que usamos cuando los creamos\u00bb. Albert Einstein &nbsp; Vivimos en una era marcada por la volatilidad, la incertidumbre, la complejidad y la ambig\u00fcedad, un entorno que en ingl\u00e9s se describe con el acr\u00f3nimo DANCE (Din\u00e1mico, Ambiguo, No lineal, Complejo, [&hellip;]\" \/>\n<meta property=\"og:url\" content=\"https:\/\/proyectum.com\/pe\/como-piensan-los-grandes-lideres-en-tiempos-de-cambio\/\" \/>\n<meta property=\"og:site_name\" content=\"Proyectum Per\u00fa\" \/>\n<meta property=\"article:publisher\" content=\"https:\/\/www.facebook.com\/proyectum.pe\/\" \/>\n<meta property=\"article:published_time\" content=\"2025-05-14T23:57:54+00:00\" \/>\n<meta property=\"og:image\" content=\"https:\/\/proyectum.com\/pe\/wp-content\/uploads\/2025\/05\/16056.jpg\" \/>\n\t<meta property=\"og:image:width\" content=\"1500\" \/>\n\t<meta property=\"og:image:height\" content=\"1000\" \/>\n\t<meta property=\"og:image:type\" content=\"image\/jpeg\" \/>\n<meta name=\"author\" content=\"Jorge\" \/>\n<meta name=\"twitter:card\" content=\"summary_large_image\" \/>\n<meta name=\"twitter:label1\" content=\"Escrito por\" \/>\n\t<meta name=\"twitter:data1\" content=\"Jorge\" \/>\n\t<meta name=\"twitter:label2\" content=\"Tiempo de lectura\" \/>\n\t<meta name=\"twitter:data2\" content=\"14 minutos\" \/>\n<script type=\"application\/ld+json\" class=\"yoast-schema-graph\">{\"@context\":\"https:\/\/schema.org\",\"@graph\":[{\"@type\":\"Article\",\"@id\":\"https:\/\/proyectum.com\/pe\/como-piensan-los-grandes-lideres-en-tiempos-de-cambio\/#article\",\"isPartOf\":{\"@id\":\"https:\/\/proyectum.com\/pe\/como-piensan-los-grandes-lideres-en-tiempos-de-cambio\/\"},\"author\":{\"name\":\"Jorge\",\"@id\":\"https:\/\/proyectum.com\/pe\/#\/schema\/person\/6e3e4bdde133cfa03a51dd6ec5b0f39c\"},\"headline\":\"C\u00f3mo Piensan los Grandes L\u00edderes en Tiempos de Cambio\",\"datePublished\":\"2025-05-14T23:57:54+00:00\",\"mainEntityOfPage\":{\"@id\":\"https:\/\/proyectum.com\/pe\/como-piensan-los-grandes-lideres-en-tiempos-de-cambio\/\"},\"wordCount\":3237,\"publisher\":{\"@id\":\"https:\/\/proyectum.com\/pe\/#organization\"},\"image\":{\"@id\":\"https:\/\/proyectum.com\/pe\/como-piensan-los-grandes-lideres-en-tiempos-de-cambio\/#primaryimage\"},\"thumbnailUrl\":\"https:\/\/proyectum.com\/pe\/wp-content\/uploads\/2025\/05\/16056.jpg\",\"keywords\":[\"Empresas\",\"equipo de trabajo\",\"l\u00edder\",\"liderazgo\",\"pensamiento sist\u00e9mico\",\"Trabajo\"],\"articleSection\":[\"Transformaci\u00f3n y cambio\"],\"inLanguage\":\"es\"},{\"@type\":\"WebPage\",\"@id\":\"https:\/\/proyectum.com\/pe\/como-piensan-los-grandes-lideres-en-tiempos-de-cambio\/\",\"url\":\"https:\/\/proyectum.com\/pe\/como-piensan-los-grandes-lideres-en-tiempos-de-cambio\/\",\"name\":\"C\u00f3mo Piensan los Grandes L\u00edderes en Tiempos de Cambio - Proyectum Per\u00fa\",\"isPartOf\":{\"@id\":\"https:\/\/proyectum.com\/pe\/#website\"},\"primaryImageOfPage\":{\"@id\":\"https:\/\/proyectum.com\/pe\/como-piensan-los-grandes-lideres-en-tiempos-de-cambio\/#primaryimage\"},\"image\":{\"@id\":\"https:\/\/proyectum.com\/pe\/como-piensan-los-grandes-lideres-en-tiempos-de-cambio\/#primaryimage\"},\"thumbnailUrl\":\"https:\/\/proyectum.com\/pe\/wp-content\/uploads\/2025\/05\/16056.jpg\",\"datePublished\":\"2025-05-14T23:57:54+00:00\",\"breadcrumb\":{\"@id\":\"https:\/\/proyectum.com\/pe\/como-piensan-los-grandes-lideres-en-tiempos-de-cambio\/#breadcrumb\"},\"inLanguage\":\"es\",\"potentialAction\":[{\"@type\":\"ReadAction\",\"target\":[\"https:\/\/proyectum.com\/pe\/como-piensan-los-grandes-lideres-en-tiempos-de-cambio\/\"]}]},{\"@type\":\"ImageObject\",\"inLanguage\":\"es\",\"@id\":\"https:\/\/proyectum.com\/pe\/como-piensan-los-grandes-lideres-en-tiempos-de-cambio\/#primaryimage\",\"url\":\"https:\/\/proyectum.com\/pe\/wp-content\/uploads\/2025\/05\/16056.jpg\",\"contentUrl\":\"https:\/\/proyectum.com\/pe\/wp-content\/uploads\/2025\/05\/16056.jpg\",\"width\":1500,\"height\":1000},{\"@type\":\"BreadcrumbList\",\"@id\":\"https:\/\/proyectum.com\/pe\/como-piensan-los-grandes-lideres-en-tiempos-de-cambio\/#breadcrumb\",\"itemListElement\":[{\"@type\":\"ListItem\",\"position\":1,\"name\":\"Home\",\"item\":\"https:\/\/proyectum.com\/pe\/\"},{\"@type\":\"ListItem\",\"position\":2,\"name\":\"C\u00f3mo Piensan los Grandes L\u00edderes en Tiempos de Cambio\"}]},{\"@type\":\"WebSite\",\"@id\":\"https:\/\/proyectum.com\/pe\/#website\",\"url\":\"https:\/\/proyectum.com\/pe\/\",\"name\":\"Proyectum Per\u00fa\",\"description\":\"Direcci\u00f3n de Proyectos y Metodolog\u00edas \u00c1giles\",\"publisher\":{\"@id\":\"https:\/\/proyectum.com\/pe\/#organization\"},\"potentialAction\":[{\"@type\":\"SearchAction\",\"target\":{\"@type\":\"EntryPoint\",\"urlTemplate\":\"https:\/\/proyectum.com\/pe\/?s={search_term_string}\"},\"query-input\":{\"@type\":\"PropertyValueSpecification\",\"valueRequired\":true,\"valueName\":\"search_term_string\"}}],\"inLanguage\":\"es\"},{\"@type\":\"Organization\",\"@id\":\"https:\/\/proyectum.com\/pe\/#organization\",\"name\":\"Proyectum Per\u00fa\",\"url\":\"https:\/\/proyectum.com\/pe\/\",\"logo\":{\"@type\":\"ImageObject\",\"inLanguage\":\"es\",\"@id\":\"https:\/\/proyectum.com\/pe\/#\/schema\/logo\/image\/\",\"url\":\"https:\/\/proyectum.com\/pe\/wp-content\/uploads\/2020\/04\/proyectum-logo-snippet.png\",\"contentUrl\":\"https:\/\/proyectum.com\/pe\/wp-content\/uploads\/2020\/04\/proyectum-logo-snippet.png\",\"width\":600,\"height\":315,\"caption\":\"Proyectum Per\u00fa\"},\"image\":{\"@id\":\"https:\/\/proyectum.com\/pe\/#\/schema\/logo\/image\/\"},\"sameAs\":[\"https:\/\/www.facebook.com\/proyectum.pe\/\",\"https:\/\/www.instagram.com\/proyectum.pe\/\",\"https:\/\/www.linkedin.com\/company\/proyectumperu\/\",\"https:\/\/www.youtube.com\/@proyectum2283\/videos\"]},{\"@type\":\"Person\",\"@id\":\"https:\/\/proyectum.com\/pe\/#\/schema\/person\/6e3e4bdde133cfa03a51dd6ec5b0f39c\",\"name\":\"Jorge\",\"image\":{\"@type\":\"ImageObject\",\"inLanguage\":\"es\",\"@id\":\"https:\/\/proyectum.com\/pe\/#\/schema\/person\/image\/\",\"url\":\"https:\/\/secure.gravatar.com\/avatar\/455c61bb0fa25db9d2e71243327909c4?s=96&d=mm&r=g\",\"contentUrl\":\"https:\/\/secure.gravatar.com\/avatar\/455c61bb0fa25db9d2e71243327909c4?s=96&d=mm&r=g\",\"caption\":\"Jorge\"}}]}<\/script>\n<!-- \/ Yoast SEO plugin. -->","yoast_head_json":{"title":"C\u00f3mo Piensan los Grandes L\u00edderes en Tiempos de Cambio - Proyectum Per\u00fa","robots":{"index":"index","follow":"follow","max-snippet":"max-snippet:-1","max-image-preview":"max-image-preview:large","max-video-preview":"max-video-preview:-1"},"canonical":"https:\/\/proyectum.com\/pe\/como-piensan-los-grandes-lideres-en-tiempos-de-cambio\/","og_locale":"es_ES","og_type":"article","og_title":"C\u00f3mo Piensan los Grandes L\u00edderes en Tiempos de Cambio - Proyectum Per\u00fa","og_description":"Curado por: Jorge Vald\u00e9s Garciatorres, MDO, PMP \u00abNo podemos resolver nuestros problemas con el mismo pensamiento que usamos cuando los creamos\u00bb. Albert Einstein &nbsp; Vivimos en una era marcada por la volatilidad, la incertidumbre, la complejidad y la ambig\u00fcedad, un entorno que en ingl\u00e9s se describe con el acr\u00f3nimo DANCE (Din\u00e1mico, Ambiguo, No lineal, Complejo, [&hellip;]","og_url":"https:\/\/proyectum.com\/pe\/como-piensan-los-grandes-lideres-en-tiempos-de-cambio\/","og_site_name":"Proyectum Per\u00fa","article_publisher":"https:\/\/www.facebook.com\/proyectum.pe\/","article_published_time":"2025-05-14T23:57:54+00:00","og_image":[{"width":1500,"height":1000,"url":"https:\/\/proyectum.com\/pe\/wp-content\/uploads\/2025\/05\/16056.jpg","type":"image\/jpeg"}],"author":"Jorge","twitter_card":"summary_large_image","twitter_misc":{"Escrito por":"Jorge","Tiempo de lectura":"14 minutos"},"schema":{"@context":"https:\/\/schema.org","@graph":[{"@type":"Article","@id":"https:\/\/proyectum.com\/pe\/como-piensan-los-grandes-lideres-en-tiempos-de-cambio\/#article","isPartOf":{"@id":"https:\/\/proyectum.com\/pe\/como-piensan-los-grandes-lideres-en-tiempos-de-cambio\/"},"author":{"name":"Jorge","@id":"https:\/\/proyectum.com\/pe\/#\/schema\/person\/6e3e4bdde133cfa03a51dd6ec5b0f39c"},"headline":"C\u00f3mo Piensan los Grandes L\u00edderes en Tiempos de Cambio","datePublished":"2025-05-14T23:57:54+00:00","mainEntityOfPage":{"@id":"https:\/\/proyectum.com\/pe\/como-piensan-los-grandes-lideres-en-tiempos-de-cambio\/"},"wordCount":3237,"publisher":{"@id":"https:\/\/proyectum.com\/pe\/#organization"},"image":{"@id":"https:\/\/proyectum.com\/pe\/como-piensan-los-grandes-lideres-en-tiempos-de-cambio\/#primaryimage"},"thumbnailUrl":"https:\/\/proyectum.com\/pe\/wp-content\/uploads\/2025\/05\/16056.jpg","keywords":["Empresas","equipo de trabajo","l\u00edder","liderazgo","pensamiento sist\u00e9mico","Trabajo"],"articleSection":["Transformaci\u00f3n y cambio"],"inLanguage":"es"},{"@type":"WebPage","@id":"https:\/\/proyectum.com\/pe\/como-piensan-los-grandes-lideres-en-tiempos-de-cambio\/","url":"https:\/\/proyectum.com\/pe\/como-piensan-los-grandes-lideres-en-tiempos-de-cambio\/","name":"C\u00f3mo Piensan los Grandes L\u00edderes en Tiempos de Cambio - Proyectum Per\u00fa","isPartOf":{"@id":"https:\/\/proyectum.com\/pe\/#website"},"primaryImageOfPage":{"@id":"https:\/\/proyectum.com\/pe\/como-piensan-los-grandes-lideres-en-tiempos-de-cambio\/#primaryimage"},"image":{"@id":"https:\/\/proyectum.com\/pe\/como-piensan-los-grandes-lideres-en-tiempos-de-cambio\/#primaryimage"},"thumbnailUrl":"https:\/\/proyectum.com\/pe\/wp-content\/uploads\/2025\/05\/16056.jpg","datePublished":"2025-05-14T23:57:54+00:00","breadcrumb":{"@id":"https:\/\/proyectum.com\/pe\/como-piensan-los-grandes-lideres-en-tiempos-de-cambio\/#breadcrumb"},"inLanguage":"es","potentialAction":[{"@type":"ReadAction","target":["https:\/\/proyectum.com\/pe\/como-piensan-los-grandes-lideres-en-tiempos-de-cambio\/"]}]},{"@type":"ImageObject","inLanguage":"es","@id":"https:\/\/proyectum.com\/pe\/como-piensan-los-grandes-lideres-en-tiempos-de-cambio\/#primaryimage","url":"https:\/\/proyectum.com\/pe\/wp-content\/uploads\/2025\/05\/16056.jpg","contentUrl":"https:\/\/proyectum.com\/pe\/wp-content\/uploads\/2025\/05\/16056.jpg","width":1500,"height":1000},{"@type":"BreadcrumbList","@id":"https:\/\/proyectum.com\/pe\/como-piensan-los-grandes-lideres-en-tiempos-de-cambio\/#breadcrumb","itemListElement":[{"@type":"ListItem","position":1,"name":"Home","item":"https:\/\/proyectum.com\/pe\/"},{"@type":"ListItem","position":2,"name":"C\u00f3mo Piensan los Grandes L\u00edderes en Tiempos de Cambio"}]},{"@type":"WebSite","@id":"https:\/\/proyectum.com\/pe\/#website","url":"https:\/\/proyectum.com\/pe\/","name":"Proyectum Per\u00fa","description":"Direcci\u00f3n de Proyectos y Metodolog\u00edas \u00c1giles","publisher":{"@id":"https:\/\/proyectum.com\/pe\/#organization"},"potentialAction":[{"@type":"SearchAction","target":{"@type":"EntryPoint","urlTemplate":"https:\/\/proyectum.com\/pe\/?s={search_term_string}"},"query-input":{"@type":"PropertyValueSpecification","valueRequired":true,"valueName":"search_term_string"}}],"inLanguage":"es"},{"@type":"Organization","@id":"https:\/\/proyectum.com\/pe\/#organization","name":"Proyectum Per\u00fa","url":"https:\/\/proyectum.com\/pe\/","logo":{"@type":"ImageObject","inLanguage":"es","@id":"https:\/\/proyectum.com\/pe\/#\/schema\/logo\/image\/","url":"https:\/\/proyectum.com\/pe\/wp-content\/uploads\/2020\/04\/proyectum-logo-snippet.png","contentUrl":"https:\/\/proyectum.com\/pe\/wp-content\/uploads\/2020\/04\/proyectum-logo-snippet.png","width":600,"height":315,"caption":"Proyectum Per\u00fa"},"image":{"@id":"https:\/\/proyectum.com\/pe\/#\/schema\/logo\/image\/"},"sameAs":["https:\/\/www.facebook.com\/proyectum.pe\/","https:\/\/www.instagram.com\/proyectum.pe\/","https:\/\/www.linkedin.com\/company\/proyectumperu\/","https:\/\/www.youtube.com\/@proyectum2283\/videos"]},{"@type":"Person","@id":"https:\/\/proyectum.com\/pe\/#\/schema\/person\/6e3e4bdde133cfa03a51dd6ec5b0f39c","name":"Jorge","image":{"@type":"ImageObject","inLanguage":"es","@id":"https:\/\/proyectum.com\/pe\/#\/schema\/person\/image\/","url":"https:\/\/secure.gravatar.com\/avatar\/455c61bb0fa25db9d2e71243327909c4?s=96&d=mm&r=g","contentUrl":"https:\/\/secure.gravatar.com\/avatar\/455c61bb0fa25db9d2e71243327909c4?s=96&d=mm&r=g","caption":"Jorge"}}]}},"_links":{"self":[{"href":"https:\/\/proyectum.com\/pe\/wp-json\/wp\/v2\/posts\/10944","targetHints":{"allow":["GET"]}}],"collection":[{"href":"https:\/\/proyectum.com\/pe\/wp-json\/wp\/v2\/posts"}],"about":[{"href":"https:\/\/proyectum.com\/pe\/wp-json\/wp\/v2\/types\/post"}],"author":[{"embeddable":true,"href":"https:\/\/proyectum.com\/pe\/wp-json\/wp\/v2\/users\/29"}],"replies":[{"embeddable":true,"href":"https:\/\/proyectum.com\/pe\/wp-json\/wp\/v2\/comments?post=10944"}],"version-history":[{"count":0,"href":"https:\/\/proyectum.com\/pe\/wp-json\/wp\/v2\/posts\/10944\/revisions"}],"wp:featuredmedia":[{"embeddable":true,"href":"https:\/\/proyectum.com\/pe\/wp-json\/wp\/v2\/media\/10945"}],"wp:attachment":[{"href":"https:\/\/proyectum.com\/pe\/wp-json\/wp\/v2\/media?parent=10944"}],"wp:term":[{"taxonomy":"category","embeddable":true,"href":"https:\/\/proyectum.com\/pe\/wp-json\/wp\/v2\/categories?post=10944"},{"taxonomy":"post_tag","embeddable":true,"href":"https:\/\/proyectum.com\/pe\/wp-json\/wp\/v2\/tags?post=10944"}],"curies":[{"name":"wp","href":"https:\/\/api.w.org\/{rel}","templated":true}]}}