{"id":10963,"date":"2025-06-03T13:36:25","date_gmt":"2025-06-03T16:36:25","guid":{"rendered":"https:\/\/proyectum.com\/sistema\/?p=10963"},"modified":"2025-06-03T13:36:25","modified_gmt":"2025-06-03T16:36:25","slug":"competencias-poderosas-por-que-es-clave-redefinir-las-habilidades-necesarias-para-el-futuro-del-trabajo","status":"publish","type":"post","link":"https:\/\/proyectum.com\/pe\/competencias-poderosas-por-que-es-clave-redefinir-las-habilidades-necesarias-para-el-futuro-del-trabajo\/","title":{"rendered":"Competencias poderosas:  \u00bfPor qu\u00e9 es clave redefinir las habilidades necesarias para el futuro del trabajo?"},"content":{"rendered":"<p style=\"text-align: right;\">Curado por: Jorge Vald\u00e9s Garciatorres, MDO, PMP y<\/p>\n<p style=\"text-align: right;\">Alejandro Paredes Trapero, PhD, PMP<\/p>\n<p>&nbsp;<\/p>\n<p style=\"text-align: right;\"><em>\u201cLa capacidad de pasar de reaccionar contra el pasado a inclinarse hacia y hacer presente un futuro emergente e inspirar desde all\u00ed, es probablemente la capacidad de liderazgo m\u00e1s importante hoy en d\u00eda\u201d<\/em><\/p>\n<p style=\"text-align: right;\"><em>Otto Scharmer<\/em><\/p>\n<p>&nbsp;<\/p>\n<p>\u00bfA qu\u00e9 nos referimos cuando hablamos de competencias? Vamos a explorar algunas definiciones, para estar en el mismo canal: <strong>Habilidades: <\/strong>Capacidad\u00a0y\u00a0disposici\u00f3n\u00a0para\u00a0algo. Cada\u00a0una de las cosas que una persona ejecuta con gracia y destreza. Son las destrezas pr\u00e1cticas que una persona desarrolla para ejecutar una tarea con eficiencia. Pueden ser t\u00e9cnicas (como el uso de una herramienta espec\u00edfica) o blandas (como la comunicaci\u00f3n asertiva). Se adquieren y perfeccionan mediante la pr\u00e1ctica constante y la experiencia.<\/p>\n<p><em>Ejemplo:<\/em> Redactar informes claros, negociar con clientes, programar en Python.<\/p>\n<p><strong>Conocimientos: <\/strong>Entendimiento,\u00a0inteligencia,\u00a0raz\u00f3n\u00a0natural. Los conocimientos son el resultado de la acci\u00f3n de conocer: un proceso que integra el entendimiento, el discernimiento y la capacidad de captar la esencia de algo. Son m\u00e1s que informaci\u00f3n acumulada; representan la inteligencia puesta en contexto, la raz\u00f3n aplicada, y en muchos casos, la intuici\u00f3n afinada por la experiencia.<\/p>\n<p>Podemos hablar de conocimientos como las nociones, saberes o noticias que una persona posee sobre un tema, ya sea de forma b\u00e1sica o profunda. Son la base sobre la que construimos juicios, tomamos decisiones y generamos nuevas ideas.<\/p>\n<p><em>Ejemplo:<\/em> Conocer los principios del Project Management, entender los fundamentos de la inteligencia emocional.<\/p>\n<p><strong>Capacidades: <\/strong>Las capacidades son cualidades personales que nos hacen aptos para actuar, decidir, influir o transformar. Hablan de nuestro potencial: aquello que somos capaces de hacer hoy, pero tambi\u00e9n de lo que podr\u00edamos llegar a lograr si desarrollamos nuestras habilidades y contamos con el entorno adecuado.<\/p>\n<p>Tener capacidad no es solo estar calificado o ser competente; tambi\u00e9n implica tener la disposici\u00f3n, el coraje y la preparaci\u00f3n para atrevernos a actuar. Es esa combinaci\u00f3n entre talento, idoneidad y valent\u00eda que nos permite afrontar desaf\u00edos, adaptarnos a contextos complejos y cumplir con nuestras responsabilidades.<strong>\u00a0<\/strong><\/p>\n<p><em>Ejemplo:<\/em> Capacidad para liderar en entornos de incertidumbre, adaptarse al cambio tecnol\u00f3gico, aprender nuevos idiomas.<\/p>\n<p><strong>Competencia: <\/strong>Es la pericia, aptitud o idenoeidad que alguien ha desarrollado para hacer algo o intervenir en un asunto determindo. Son un conjunto integrado de conocimientos, habilidades, actitudes y comportamientos que permiten a una persona desempe\u00f1arse eficazmente en un rol o contexto determinado. Las competencias se demuestran en la acci\u00f3n y en la capacidad de generar resultados sostenibles.<\/p>\n<p><em>Ejemplo:<\/em> Competencia de liderazgo, trabajo en equipo, pensamiento estrat\u00e9gico, gesti\u00f3n de proyectos.<\/p>\n<p>Durante d\u00e9cadas, los marcos de competencias se han basado en una separaci\u00f3n clara entre habilidades \u00abduras\u00bb y \u00absuaves\u00bb. Las primeras, t\u00e9cnicas y cuantificables. Las segundas, humanas e intangibles. Las primeras, \u201cf\u00e1ciles\u201d de ense\u00f1ar y aprender; las segundas no tanto.<\/p>\n<p>Sin embargo, este enfoque de competencias suaves ten\u00eda sentido en un contexto donde los roles eran estables y los problemas, predecibles. Hoy esa realidad ha quedado atr\u00e1s. El entorno ha cambiado, y con \u00e9l, tambi\u00e9n han cambiado las habilidades que realmente marcan la diferencia.<\/p>\n<p>Hoy, emergen con fuerza las Habilidades Poderosas: que son capacidades estrat\u00e9gicas y sist\u00e9micas que permiten a las personas moverse con soltura en entornos complejos, liderar el cambio e influir en el futuro.<\/p>\n<p><strong>De habilidades suaves a habilidades poderosas<\/strong><\/p>\n<p>En l\u00ednea con esta evoluci\u00f3n, el Project Management Institute (PMI) introdujo en 2022 una actualizaci\u00f3n significativa a su Tri\u00e1ngulo del Talento, incorporando formalmente las Habilidades Poderosas como uno de sus tres pilares. Este cambio reconoce que habilidades como la empat\u00eda, la colaboraci\u00f3n y la comunicaci\u00f3n influyen de manera directa en el \u00e9xito de los proyectos y la salud organizacional (Project Management Institute, 2022).<\/p>\n<p>Afirmar que las comperencias suaves no son suficientes es quedarse corto; pero pensar que las competencias duras, por s\u00ed solas, bastan, tambi\u00e9n es un error.<\/p>\n<p>Si bien muchas de las competencias m\u00e1s poderosas \u2014como la adaptabilidad, el juicio cr\u00edtico o la inteligencia relacional\u2014 son las que sostienen la capacidad de respuesta en contextos de alta incertidumbre, estas deben complementarse con competencias t\u00e9cnicas s\u00f3lidas y un entendimiento integral de la din\u00e1mica de los negocios.<\/p>\n<p>El verdadero profesional integral es aquel que logra equilibrar estas tres dimensiones: la t\u00e9cnica, la humana, y la relacional y aplicarlas con un pleno entendimiento de la din\u00e1mica de negocios.<\/p>\n<p>Las Competencias Poderosas o Power Skills, no se limitan a ser \u00abinterpersonales\u00bb; son competencias que marcan una diferencia estrat\u00e9gica. Incluyen, entre otras:<\/p>\n<ul>\n<li><strong>Pensamiento sist\u00e9mico:<\/strong> Habilidad para comprender las interrelaciones entre partes de un sistema y c\u00f3mo generan patrones y resultados a largo plazo. Tambi\u00e9n se le llama en algunos contextos un pensamiento estrat\u00e9gico o por lo menos est\u00e1 interrelacionado, el cual se menciona m\u00e1s abajo.<\/li>\n<li><strong>Adaptabilidad:<\/strong> Capacidad para ajustar enfoques y comportamientos ante entornos cambiantes o inciertos.<\/li>\n<li><strong>Lectura sist\u00e9mica:<\/strong> Capacidad para interpretar din\u00e1micas complejas considerando m\u00faltiples variables, actores y niveles de influencia.<\/li>\n<li><strong>Pensamiento cr\u00edtico:<\/strong> Facultad de analizar, cuestionar y evaluar ideas, argumentos y supuestos de forma l\u00f3gica y fundamentada.<\/li>\n<li><strong>Influencia sin autoridad:<\/strong> Habilidad para movilizar a otros e incidir en decisiones sin depender de un rol jer\u00e1rquico formal.<\/li>\n<li><strong>Pensamiento y narrativa estrat\u00e9gica<\/strong>: Capacidad de articular visiones de futuro coherentes que gu\u00eden decisiones presentes con sentido y prop\u00f3sito.<\/li>\n<li><strong>Gesti\u00f3n de tensiones: <\/strong>Competencia para identificar, contener y transformar conflictos o polaridades en oportunidades de crecimiento y alineaci\u00f3n.<\/li>\n<\/ul>\n<p>Y, m\u00e1s importante a\u00fan, se entrenan y pueden desarrollarse. Pero no en un aula tradicional. Se desarrollan mediante la experiencia, la reflexi\u00f3n (autoconciencia o autoconocimiento), el feedback constante y el acompa\u00f1amiento consciente. Nosotros, en <strong>Proyectum<\/strong>, hemos desarrollado una serie de laboratorios PowerLabs<sup>\u00ae<\/sup> en donde los participantes, dentro de un ambiente seguro, pueden experimentar e ir desarrolland\u00f3las a nuevos niveles.<\/p>\n<p><strong>El problema con seguir llam\u00e1ndolas \u00absuaves\u00bb<\/strong><\/p>\n<p>Llamar \u00absuaves\u00bb a competencias como la toma de decisiones en incertidumbre, la empat\u00eda organizacional o la facilitaci\u00f3n de conversaciones dif\u00edciles no solo es impreciso, es injusto. Su impacto en los resultados es tangible y medible.<\/p>\n<p>De hecho, un estudio de McKinsey (2022) identific\u00f3 que las capacidades m\u00e1s urgentes en el futuro del trabajo son todas de este tipo: flexibilidad cognitiva, pensamiento sist\u00e9mico, colaboraci\u00f3n transversal, entre otras.<\/p>\n<p>Y un informe de LinkedIn (2019) ya advert\u00eda que las habilidades suaves eran las m\u00e1s demandadas en el mercado laboral global. No por su \u00abcalidez\u00bb emocional, sino por su capacidad de generar valor real.<\/p>\n<p>Llenar hueco que queda en agrupar a las habilidades suaves y haciendo justicia a su trascendencia es promoverlas como Competencias Poderosas, que es lo que en realidad son.<\/p>\n<p><strong>La diferencia est\u00e1 en el nivel de impacto<\/strong><\/p>\n<p>Mientras que muchas habilidades t\u00e9cnicas resuelven tareas espec\u00edficas, las Competencias Poderosas permiten navegar sistemas, construir alianzas, sostener tensiones y transformar realidades. Son el puente entre la visi\u00f3n y la acci\u00f3n.<\/p>\n<p>Algunas competencias clave que entran en esta nueva categor\u00eda y que complementan las anteriormente se\u00f1aladas son:<\/p>\n<ul>\n<li>Sensemaking (dar sentido en la complejidad)<\/li>\n<li>Comunicaci\u00f3n con intenci\u00f3n<\/li>\n<li>Liderazgo adaptativo<\/li>\n<li>Construcci\u00f3n de confianza en redes<\/li>\n<li>Aprendizaje deliberado<strong>\u00a0<\/strong><\/li>\n<\/ul>\n<p><strong>\u00bfC\u00f3mo cultivarlas intencionalmente?<\/strong><\/p>\n<p>Desarrollar Competencias Poderosas no es cuesti\u00f3n de asistir a un curso. Es un proceso continuo y consciente, anclado en la pr\u00e1ctica. Para lograrlo, las organizaciones deben:<\/p>\n<ul>\n<li>Integrar experiencias de aprendizaje en el flujo de trabajo<\/li>\n<li>Fomentar redes de aprendizaje entre pares<\/li>\n<li>Crear espacios seguros para la experiimentaci\u00f3n y que de lugar al aprendizaje<\/li>\n<li>Alinear incentivos con comportamientos estrat\u00e9gicos<\/li>\n<\/ul>\n<p>Deloitte (2023) lo resume con claridad: los \u00abcapability academies\u00bb, o academias de capacidades, son el nuevo est\u00e1ndar. No basta con formar; hay que construir capacidades sostenibles.<\/p>\n<p><strong>Un caso real: cuando la estrategia no era el problema<\/strong><\/p>\n<p>Hace algunos a\u00f1os, acompa\u00f1amos a una organizaci\u00f3n multinacional del sector de procesos industriales que enfrentaba una transformaci\u00f3n profunda. Ten\u00edan una estrategia clara, recursos asignados y procesos definidos. Pero los avances eran lentos.<\/p>\n<p>Descubrimos que el cuello de botella no estaba en el \u00abqu\u00e9\u00bb, sino en el \u00abc\u00f3mo\u00bb. Sus l\u00edderes medios no contaban con las capacidades necesarias para articular visi\u00f3n, movilizar equipos y sostener conversaciones dif\u00edciles.<\/p>\n<p>El cambio vino cuando redise\u00f1amos su programa de desarrollo. Pasamos de cursos t\u00e9cnicos a laboratorios de pr\u00e1ctica sobre pensamiento sist\u00e9mico, dise\u00f1o adaptativo e influencia lateral. En pocos meses, los resultados comenzaron a moverse.<\/p>\n<p>El desarrollo de Habilidades Poderosas, aunque incipiente, desbloque\u00f3 el potencial latente.<\/p>\n<p><strong>\u00bfY el liderazgo? Tambi\u00e9n necesita una actualizaci\u00f3n<\/strong><\/p>\n<p>Hoy, liderar no es solo asignar tareas o dar seguimiento. Es sostener una visi\u00f3n aun en la ambig\u00fcedad, narrar con sentido, habilitar conversaciones y cultivar ecosistemas de colaboraci\u00f3n.<\/p>\n<p>Los l\u00edderes efectivos no son los m\u00e1s expertos. Son quienes mejor saben:<\/p>\n<ul>\n<li>Conectar los puntos<\/li>\n<li>Cuidar la energ\u00eda colectiva<\/li>\n<li>Traducir estrategia en comportamiento, acci\u00f3n y resultados<\/li>\n<li>Invitar al aprendizaje compartido<\/li>\n<\/ul>\n<p><strong>Hacia una inversi\u00f3n m\u00e1s inteligente<\/strong><\/p>\n<p>El futuro exige organizaciones adaptables, resilientes y humanas. Y eso solo se logra invirtiendo en las habilidades correctas.<\/p>\n<p>\u00bfTu programa de desarrollo sigue apostando por habilidades duras y suaves por igual? \u00bfO est\u00e1s empezando a construir una base s\u00f3lida de Habilidades Poderosas que potencien el pensamiento estrat\u00e9gico, la colaboraci\u00f3n inteligente y el liderazgo en acci\u00f3n?<\/p>\n<p>En <strong>Proyectum<\/strong> estamos trabajando con organizaciones pioneras que quieren liderar esta transici\u00f3n. A trav\u00e9s de nuestro marco PowerLabs<sup>\u00ae<\/sup> ayudamos a dise\u00f1ar y conducir \u00a0programas y estrategias que construyen capacidades que realmente mueven la aguja.<\/p>\n<p>Un PowerLab es un espacio de experimentaci\u00f3n, reflexi\u00f3n y acci\u00f3n dise\u00f1ado para desarrollar competencias poderosas: aquellas que marcan una diferencia real en la forma en que las personas lideran, colaboran y transforman su entorno.<\/p>\n<p>M\u00e1s que una formaci\u00f3n tradicional, un PowerLab<sup>\u00ae<\/sup> es una experiencia inmersiva donde se combinan el aprendizaje vivencial, el trabajo colaborativo y el desaf\u00edo personal. Aqu\u00ed se cultivan capacidades como el pensamiento sist\u00e9mico, la adaptabilidad, la influencia constructiva, la toma de decisiones con criterio, la conciencia emocional y la conexi\u00f3n humana profunda.<\/p>\n<p>Cada PowerLab<sup>\u00ae<\/sup> est\u00e1 dise\u00f1ado como un laboratorio de alto impacto, donde las personas pueden:<\/p>\n<ul>\n<li>Poner a prueba sus habilidades en contextos simulados o reales de complejidad,<\/li>\n<li>Recibir retroalimentaci\u00f3n significativa,<\/li>\n<li>Reconfigurar creencias limitantes,<\/li>\n<li>Y fortalecer su identidad profesional desde adentro hacia afuera.<\/li>\n<\/ul>\n<p>\u00bfQuieres desarrollar estas habilidades en tu equipo de liderazgo? Te invitamos a inscribirte en nuestro programa insignia <strong>Smart Leadership<\/strong>, que es un Powerlab centrado en la interiorizaci\u00f3n de herramientas de un liderazgo din\u00e1mico y moderno. Es una experiencia transformadora dise\u00f1ada para fortalecer las competencias poderosas de liderazto a trav\u00e9s del pensamiento estrat\u00e9gico, la adaptabilidad y la capacidad de influencia de tus l\u00edderes.<\/p>\n<p>Descubre m\u00e1s e inscr\u00edbete hoy en <a href=\"https:\/\/proyectum.com\/sistema\/liderando-agilidad\/\">https:\/\/proyectum.com\/sistema\/liderando-agilidad\/<\/a> o cont\u00e1ctanos directamente para conversar.<\/p>\n<p><strong>\u00bfTe sumas a la nueva tendencia mundial?<\/strong><\/p>\n<p><strong>Referencias<\/strong><\/p>\n<p>RAE.ES \u2013 Real academia de la lengua espa\u00f1ola<\/p>\n<p>Project Management Institute. (2022). <em>PMI Talent Triangle<\/em>. Recuperado de <a href=\"https:\/\/www.pmi.org\/certifications\/certification-resources\/maintain\/talent-triangle\">https:\/\/www.pmi.org\/learning\/training-development\/talent-triangle<\/a><\/p>\n<p>Harvard Business Review. (2020). <em>The Essential Components of Digital Transformation<\/em>. Recuperado de <a href=\"https:\/\/hbr.org\/2021\/11\/the-essential-components-of-digital-transformation\">https:\/\/hbr.org<\/a><\/p>\n<p>LinkedIn. (2019). <em>Global Talent Trends Report<\/em>. Recuperado de <a href=\"chrome-extension:\/\/efaidnbmnnnibpcajpcglclefindmkaj\/https:\/business.linkedin.com\/content\/dam\/me\/business\/en-us\/talent-solutions\/resources\/pdfs\/global-talent-trends-2019-old.pdf\">https:\/\/www.linkedin.com\/business\/talent\/blog\/talent-strategy\/global-talent-trends-2019<\/a><\/p>\n<p>McKinsey &amp; Company. (2022). <em>Defining the skills citizens will need in the future world of work<\/em>. Recuperado de <a href=\"https:\/\/www.mckinsey.com\/industries\/public-sector\/our-insights\/defining-the-skills-citizens-will-need-in-the-future-world-of-work\">https:\/\/www.mckinsey.com\/featured-insights<\/a><\/p>\n<p>Deloitte. (2023). <em>Human Capital Trends<\/em>. Recuperado de <a href=\"https:\/\/www.deloitte.com\/global\/en\/our-thinking\/insights\/topics\/talent\/human-capital-trends\/archive.html\">https:\/\/www2.deloitte.com\/global\/en\/insights.html<\/a><\/p>\n","protected":false},"excerpt":{"rendered":"<p>Curado por: Jorge Vald\u00e9s Garciatorres, MDO, PMP y Alejandro Paredes Trapero, PhD, PMP &nbsp; \u201cLa capacidad de pasar de reaccionar contra el pasado a inclinarse hacia y hacer presente un futuro emergente e inspirar desde all\u00ed, es probablemente la capacidad de liderazgo m\u00e1s importante hoy en d\u00eda\u201d Otto Scharmer &nbsp; \u00bfA qu\u00e9 nos referimos cuando [&hellip;]<\/p>\n","protected":false},"author":29,"featured_media":10964,"comment_status":"closed","ping_status":"closed","sticky":false,"template":"","format":"standard","meta":{"_acf_changed":false,"footnotes":""},"categories":[572],"tags":[1685,1644,1645,1646,1686,529,1687],"class_list":["post-10963","post","type-post","status-publish","format-standard","has-post-thumbnail","hentry","category-transformacion-y-cambio","tag-adaptabilidad","tag-competencias","tag-habilidades","tag-habilidades-suaves","tag-influencia","tag-pensamiento-sistemico","tag-pensamieto-critico"],"acf":[],"yoast_head":"<!-- This site is optimized with the Yoast SEO plugin v24.4 - https:\/\/yoast.com\/wordpress\/plugins\/seo\/ -->\n<title>Competencias poderosas: \u00bfPor qu\u00e9 es clave redefinir las habilidades necesarias para el futuro del trabajo? - Proyectum Per\u00fa<\/title>\n<meta name=\"robots\" content=\"index, follow, max-snippet:-1, max-image-preview:large, max-video-preview:-1\" \/>\n<link rel=\"canonical\" href=\"https:\/\/proyectum.com\/pe\/competencias-poderosas-por-que-es-clave-redefinir-las-habilidades-necesarias-para-el-futuro-del-trabajo\/\" \/>\n<meta property=\"og:locale\" content=\"es_ES\" \/>\n<meta property=\"og:type\" content=\"article\" \/>\n<meta property=\"og:title\" content=\"Competencias poderosas: \u00bfPor qu\u00e9 es clave redefinir las habilidades necesarias para el futuro del trabajo? - Proyectum Per\u00fa\" \/>\n<meta property=\"og:description\" content=\"Curado por: Jorge Vald\u00e9s Garciatorres, MDO, PMP y Alejandro Paredes Trapero, PhD, PMP &nbsp; \u201cLa capacidad de pasar de reaccionar contra el pasado a inclinarse hacia y hacer presente un futuro emergente e inspirar desde all\u00ed, es probablemente la capacidad de liderazgo m\u00e1s importante hoy en d\u00eda\u201d Otto Scharmer &nbsp; \u00bfA qu\u00e9 nos referimos cuando [&hellip;]\" \/>\n<meta property=\"og:url\" content=\"https:\/\/proyectum.com\/pe\/competencias-poderosas-por-que-es-clave-redefinir-las-habilidades-necesarias-para-el-futuro-del-trabajo\/\" \/>\n<meta property=\"og:site_name\" content=\"Proyectum Per\u00fa\" \/>\n<meta property=\"article:publisher\" content=\"https:\/\/www.facebook.com\/proyectum.pe\/\" \/>\n<meta property=\"article:published_time\" content=\"2025-06-03T16:36:25+00:00\" \/>\n<meta property=\"og:image\" content=\"https:\/\/proyectum.com\/pe\/wp-content\/uploads\/2025\/06\/magic-cube-1976725_1280.jpg\" \/>\n\t<meta property=\"og:image:width\" content=\"1280\" \/>\n\t<meta property=\"og:image:height\" content=\"662\" \/>\n\t<meta property=\"og:image:type\" content=\"image\/jpeg\" \/>\n<meta name=\"author\" content=\"Jorge\" \/>\n<meta name=\"twitter:card\" content=\"summary_large_image\" \/>\n<meta name=\"twitter:label1\" content=\"Escrito por\" \/>\n\t<meta name=\"twitter:data1\" content=\"Jorge\" \/>\n\t<meta name=\"twitter:label2\" content=\"Tiempo de lectura\" \/>\n\t<meta name=\"twitter:data2\" content=\"9 minutos\" \/>\n<script type=\"application\/ld+json\" class=\"yoast-schema-graph\">{\"@context\":\"https:\/\/schema.org\",\"@graph\":[{\"@type\":\"Article\",\"@id\":\"https:\/\/proyectum.com\/pe\/competencias-poderosas-por-que-es-clave-redefinir-las-habilidades-necesarias-para-el-futuro-del-trabajo\/#article\",\"isPartOf\":{\"@id\":\"https:\/\/proyectum.com\/pe\/competencias-poderosas-por-que-es-clave-redefinir-las-habilidades-necesarias-para-el-futuro-del-trabajo\/\"},\"author\":{\"name\":\"Jorge\",\"@id\":\"https:\/\/proyectum.com\/pe\/#\/schema\/person\/6e3e4bdde133cfa03a51dd6ec5b0f39c\"},\"headline\":\"Competencias poderosas: \u00bfPor qu\u00e9 es clave redefinir las habilidades necesarias para el futuro del trabajo?\",\"datePublished\":\"2025-06-03T16:36:25+00:00\",\"mainEntityOfPage\":{\"@id\":\"https:\/\/proyectum.com\/pe\/competencias-poderosas-por-que-es-clave-redefinir-las-habilidades-necesarias-para-el-futuro-del-trabajo\/\"},\"wordCount\":1971,\"publisher\":{\"@id\":\"https:\/\/proyectum.com\/pe\/#organization\"},\"image\":{\"@id\":\"https:\/\/proyectum.com\/pe\/competencias-poderosas-por-que-es-clave-redefinir-las-habilidades-necesarias-para-el-futuro-del-trabajo\/#primaryimage\"},\"thumbnailUrl\":\"https:\/\/proyectum.com\/pe\/wp-content\/uploads\/2025\/06\/magic-cube-1976725_1280.jpg\",\"keywords\":[\"Adaptabilidad\",\"Competencias\",\"Habilidades\",\"habilidades suaves\",\"Influencia\",\"pensamiento sist\u00e9mico\",\"Pensamieto Cr\u00edtico\"],\"articleSection\":[\"Transformaci\u00f3n y cambio\"],\"inLanguage\":\"es\"},{\"@type\":\"WebPage\",\"@id\":\"https:\/\/proyectum.com\/pe\/competencias-poderosas-por-que-es-clave-redefinir-las-habilidades-necesarias-para-el-futuro-del-trabajo\/\",\"url\":\"https:\/\/proyectum.com\/pe\/competencias-poderosas-por-que-es-clave-redefinir-las-habilidades-necesarias-para-el-futuro-del-trabajo\/\",\"name\":\"Competencias poderosas: \u00bfPor qu\u00e9 es clave redefinir las habilidades necesarias para el futuro del trabajo? - Proyectum Per\u00fa\",\"isPartOf\":{\"@id\":\"https:\/\/proyectum.com\/pe\/#website\"},\"primaryImageOfPage\":{\"@id\":\"https:\/\/proyectum.com\/pe\/competencias-poderosas-por-que-es-clave-redefinir-las-habilidades-necesarias-para-el-futuro-del-trabajo\/#primaryimage\"},\"image\":{\"@id\":\"https:\/\/proyectum.com\/pe\/competencias-poderosas-por-que-es-clave-redefinir-las-habilidades-necesarias-para-el-futuro-del-trabajo\/#primaryimage\"},\"thumbnailUrl\":\"https:\/\/proyectum.com\/pe\/wp-content\/uploads\/2025\/06\/magic-cube-1976725_1280.jpg\",\"datePublished\":\"2025-06-03T16:36:25+00:00\",\"breadcrumb\":{\"@id\":\"https:\/\/proyectum.com\/pe\/competencias-poderosas-por-que-es-clave-redefinir-las-habilidades-necesarias-para-el-futuro-del-trabajo\/#breadcrumb\"},\"inLanguage\":\"es\",\"potentialAction\":[{\"@type\":\"ReadAction\",\"target\":[\"https:\/\/proyectum.com\/pe\/competencias-poderosas-por-que-es-clave-redefinir-las-habilidades-necesarias-para-el-futuro-del-trabajo\/\"]}]},{\"@type\":\"ImageObject\",\"inLanguage\":\"es\",\"@id\":\"https:\/\/proyectum.com\/pe\/competencias-poderosas-por-que-es-clave-redefinir-las-habilidades-necesarias-para-el-futuro-del-trabajo\/#primaryimage\",\"url\":\"https:\/\/proyectum.com\/pe\/wp-content\/uploads\/2025\/06\/magic-cube-1976725_1280.jpg\",\"contentUrl\":\"https:\/\/proyectum.com\/pe\/wp-content\/uploads\/2025\/06\/magic-cube-1976725_1280.jpg\",\"width\":1280,\"height\":662},{\"@type\":\"BreadcrumbList\",\"@id\":\"https:\/\/proyectum.com\/pe\/competencias-poderosas-por-que-es-clave-redefinir-las-habilidades-necesarias-para-el-futuro-del-trabajo\/#breadcrumb\",\"itemListElement\":[{\"@type\":\"ListItem\",\"position\":1,\"name\":\"Home\",\"item\":\"https:\/\/proyectum.com\/pe\/\"},{\"@type\":\"ListItem\",\"position\":2,\"name\":\"Competencias poderosas: \u00bfPor qu\u00e9 es clave redefinir las habilidades necesarias para el futuro del trabajo?\"}]},{\"@type\":\"WebSite\",\"@id\":\"https:\/\/proyectum.com\/pe\/#website\",\"url\":\"https:\/\/proyectum.com\/pe\/\",\"name\":\"Proyectum Per\u00fa\",\"description\":\"Direcci\u00f3n de Proyectos y Metodolog\u00edas \u00c1giles\",\"publisher\":{\"@id\":\"https:\/\/proyectum.com\/pe\/#organization\"},\"potentialAction\":[{\"@type\":\"SearchAction\",\"target\":{\"@type\":\"EntryPoint\",\"urlTemplate\":\"https:\/\/proyectum.com\/pe\/?s={search_term_string}\"},\"query-input\":{\"@type\":\"PropertyValueSpecification\",\"valueRequired\":true,\"valueName\":\"search_term_string\"}}],\"inLanguage\":\"es\"},{\"@type\":\"Organization\",\"@id\":\"https:\/\/proyectum.com\/pe\/#organization\",\"name\":\"Proyectum Per\u00fa\",\"url\":\"https:\/\/proyectum.com\/pe\/\",\"logo\":{\"@type\":\"ImageObject\",\"inLanguage\":\"es\",\"@id\":\"https:\/\/proyectum.com\/pe\/#\/schema\/logo\/image\/\",\"url\":\"https:\/\/proyectum.com\/pe\/wp-content\/uploads\/2020\/04\/proyectum-logo-snippet.png\",\"contentUrl\":\"https:\/\/proyectum.com\/pe\/wp-content\/uploads\/2020\/04\/proyectum-logo-snippet.png\",\"width\":600,\"height\":315,\"caption\":\"Proyectum Per\u00fa\"},\"image\":{\"@id\":\"https:\/\/proyectum.com\/pe\/#\/schema\/logo\/image\/\"},\"sameAs\":[\"https:\/\/www.facebook.com\/proyectum.pe\/\",\"https:\/\/www.instagram.com\/proyectum.pe\/\",\"https:\/\/www.linkedin.com\/company\/proyectumperu\/\",\"https:\/\/www.youtube.com\/@proyectum2283\/videos\"]},{\"@type\":\"Person\",\"@id\":\"https:\/\/proyectum.com\/pe\/#\/schema\/person\/6e3e4bdde133cfa03a51dd6ec5b0f39c\",\"name\":\"Jorge\",\"image\":{\"@type\":\"ImageObject\",\"inLanguage\":\"es\",\"@id\":\"https:\/\/proyectum.com\/pe\/#\/schema\/person\/image\/\",\"url\":\"https:\/\/secure.gravatar.com\/avatar\/455c61bb0fa25db9d2e71243327909c4?s=96&d=mm&r=g\",\"contentUrl\":\"https:\/\/secure.gravatar.com\/avatar\/455c61bb0fa25db9d2e71243327909c4?s=96&d=mm&r=g\",\"caption\":\"Jorge\"}}]}<\/script>\n<!-- \/ Yoast SEO plugin. -->","yoast_head_json":{"title":"Competencias poderosas: \u00bfPor qu\u00e9 es clave redefinir las habilidades necesarias para el futuro del trabajo? - Proyectum Per\u00fa","robots":{"index":"index","follow":"follow","max-snippet":"max-snippet:-1","max-image-preview":"max-image-preview:large","max-video-preview":"max-video-preview:-1"},"canonical":"https:\/\/proyectum.com\/pe\/competencias-poderosas-por-que-es-clave-redefinir-las-habilidades-necesarias-para-el-futuro-del-trabajo\/","og_locale":"es_ES","og_type":"article","og_title":"Competencias poderosas: \u00bfPor qu\u00e9 es clave redefinir las habilidades necesarias para el futuro del trabajo? - Proyectum Per\u00fa","og_description":"Curado por: Jorge Vald\u00e9s Garciatorres, MDO, PMP y Alejandro Paredes Trapero, PhD, PMP &nbsp; \u201cLa capacidad de pasar de reaccionar contra el pasado a inclinarse hacia y hacer presente un futuro emergente e inspirar desde all\u00ed, es probablemente la capacidad de liderazgo m\u00e1s importante hoy en d\u00eda\u201d Otto Scharmer &nbsp; \u00bfA qu\u00e9 nos referimos cuando [&hellip;]","og_url":"https:\/\/proyectum.com\/pe\/competencias-poderosas-por-que-es-clave-redefinir-las-habilidades-necesarias-para-el-futuro-del-trabajo\/","og_site_name":"Proyectum Per\u00fa","article_publisher":"https:\/\/www.facebook.com\/proyectum.pe\/","article_published_time":"2025-06-03T16:36:25+00:00","og_image":[{"width":1280,"height":662,"url":"https:\/\/proyectum.com\/pe\/wp-content\/uploads\/2025\/06\/magic-cube-1976725_1280.jpg","type":"image\/jpeg"}],"author":"Jorge","twitter_card":"summary_large_image","twitter_misc":{"Escrito por":"Jorge","Tiempo de lectura":"9 minutos"},"schema":{"@context":"https:\/\/schema.org","@graph":[{"@type":"Article","@id":"https:\/\/proyectum.com\/pe\/competencias-poderosas-por-que-es-clave-redefinir-las-habilidades-necesarias-para-el-futuro-del-trabajo\/#article","isPartOf":{"@id":"https:\/\/proyectum.com\/pe\/competencias-poderosas-por-que-es-clave-redefinir-las-habilidades-necesarias-para-el-futuro-del-trabajo\/"},"author":{"name":"Jorge","@id":"https:\/\/proyectum.com\/pe\/#\/schema\/person\/6e3e4bdde133cfa03a51dd6ec5b0f39c"},"headline":"Competencias poderosas: \u00bfPor qu\u00e9 es clave redefinir las habilidades necesarias para el futuro del trabajo?","datePublished":"2025-06-03T16:36:25+00:00","mainEntityOfPage":{"@id":"https:\/\/proyectum.com\/pe\/competencias-poderosas-por-que-es-clave-redefinir-las-habilidades-necesarias-para-el-futuro-del-trabajo\/"},"wordCount":1971,"publisher":{"@id":"https:\/\/proyectum.com\/pe\/#organization"},"image":{"@id":"https:\/\/proyectum.com\/pe\/competencias-poderosas-por-que-es-clave-redefinir-las-habilidades-necesarias-para-el-futuro-del-trabajo\/#primaryimage"},"thumbnailUrl":"https:\/\/proyectum.com\/pe\/wp-content\/uploads\/2025\/06\/magic-cube-1976725_1280.jpg","keywords":["Adaptabilidad","Competencias","Habilidades","habilidades suaves","Influencia","pensamiento sist\u00e9mico","Pensamieto Cr\u00edtico"],"articleSection":["Transformaci\u00f3n y cambio"],"inLanguage":"es"},{"@type":"WebPage","@id":"https:\/\/proyectum.com\/pe\/competencias-poderosas-por-que-es-clave-redefinir-las-habilidades-necesarias-para-el-futuro-del-trabajo\/","url":"https:\/\/proyectum.com\/pe\/competencias-poderosas-por-que-es-clave-redefinir-las-habilidades-necesarias-para-el-futuro-del-trabajo\/","name":"Competencias poderosas: \u00bfPor qu\u00e9 es clave redefinir las habilidades necesarias para el futuro del trabajo? - Proyectum Per\u00fa","isPartOf":{"@id":"https:\/\/proyectum.com\/pe\/#website"},"primaryImageOfPage":{"@id":"https:\/\/proyectum.com\/pe\/competencias-poderosas-por-que-es-clave-redefinir-las-habilidades-necesarias-para-el-futuro-del-trabajo\/#primaryimage"},"image":{"@id":"https:\/\/proyectum.com\/pe\/competencias-poderosas-por-que-es-clave-redefinir-las-habilidades-necesarias-para-el-futuro-del-trabajo\/#primaryimage"},"thumbnailUrl":"https:\/\/proyectum.com\/pe\/wp-content\/uploads\/2025\/06\/magic-cube-1976725_1280.jpg","datePublished":"2025-06-03T16:36:25+00:00","breadcrumb":{"@id":"https:\/\/proyectum.com\/pe\/competencias-poderosas-por-que-es-clave-redefinir-las-habilidades-necesarias-para-el-futuro-del-trabajo\/#breadcrumb"},"inLanguage":"es","potentialAction":[{"@type":"ReadAction","target":["https:\/\/proyectum.com\/pe\/competencias-poderosas-por-que-es-clave-redefinir-las-habilidades-necesarias-para-el-futuro-del-trabajo\/"]}]},{"@type":"ImageObject","inLanguage":"es","@id":"https:\/\/proyectum.com\/pe\/competencias-poderosas-por-que-es-clave-redefinir-las-habilidades-necesarias-para-el-futuro-del-trabajo\/#primaryimage","url":"https:\/\/proyectum.com\/pe\/wp-content\/uploads\/2025\/06\/magic-cube-1976725_1280.jpg","contentUrl":"https:\/\/proyectum.com\/pe\/wp-content\/uploads\/2025\/06\/magic-cube-1976725_1280.jpg","width":1280,"height":662},{"@type":"BreadcrumbList","@id":"https:\/\/proyectum.com\/pe\/competencias-poderosas-por-que-es-clave-redefinir-las-habilidades-necesarias-para-el-futuro-del-trabajo\/#breadcrumb","itemListElement":[{"@type":"ListItem","position":1,"name":"Home","item":"https:\/\/proyectum.com\/pe\/"},{"@type":"ListItem","position":2,"name":"Competencias poderosas: \u00bfPor qu\u00e9 es clave redefinir las habilidades necesarias para el futuro del trabajo?"}]},{"@type":"WebSite","@id":"https:\/\/proyectum.com\/pe\/#website","url":"https:\/\/proyectum.com\/pe\/","name":"Proyectum Per\u00fa","description":"Direcci\u00f3n de Proyectos y Metodolog\u00edas \u00c1giles","publisher":{"@id":"https:\/\/proyectum.com\/pe\/#organization"},"potentialAction":[{"@type":"SearchAction","target":{"@type":"EntryPoint","urlTemplate":"https:\/\/proyectum.com\/pe\/?s={search_term_string}"},"query-input":{"@type":"PropertyValueSpecification","valueRequired":true,"valueName":"search_term_string"}}],"inLanguage":"es"},{"@type":"Organization","@id":"https:\/\/proyectum.com\/pe\/#organization","name":"Proyectum Per\u00fa","url":"https:\/\/proyectum.com\/pe\/","logo":{"@type":"ImageObject","inLanguage":"es","@id":"https:\/\/proyectum.com\/pe\/#\/schema\/logo\/image\/","url":"https:\/\/proyectum.com\/pe\/wp-content\/uploads\/2020\/04\/proyectum-logo-snippet.png","contentUrl":"https:\/\/proyectum.com\/pe\/wp-content\/uploads\/2020\/04\/proyectum-logo-snippet.png","width":600,"height":315,"caption":"Proyectum Per\u00fa"},"image":{"@id":"https:\/\/proyectum.com\/pe\/#\/schema\/logo\/image\/"},"sameAs":["https:\/\/www.facebook.com\/proyectum.pe\/","https:\/\/www.instagram.com\/proyectum.pe\/","https:\/\/www.linkedin.com\/company\/proyectumperu\/","https:\/\/www.youtube.com\/@proyectum2283\/videos"]},{"@type":"Person","@id":"https:\/\/proyectum.com\/pe\/#\/schema\/person\/6e3e4bdde133cfa03a51dd6ec5b0f39c","name":"Jorge","image":{"@type":"ImageObject","inLanguage":"es","@id":"https:\/\/proyectum.com\/pe\/#\/schema\/person\/image\/","url":"https:\/\/secure.gravatar.com\/avatar\/455c61bb0fa25db9d2e71243327909c4?s=96&d=mm&r=g","contentUrl":"https:\/\/secure.gravatar.com\/avatar\/455c61bb0fa25db9d2e71243327909c4?s=96&d=mm&r=g","caption":"Jorge"}}]}},"_links":{"self":[{"href":"https:\/\/proyectum.com\/pe\/wp-json\/wp\/v2\/posts\/10963","targetHints":{"allow":["GET"]}}],"collection":[{"href":"https:\/\/proyectum.com\/pe\/wp-json\/wp\/v2\/posts"}],"about":[{"href":"https:\/\/proyectum.com\/pe\/wp-json\/wp\/v2\/types\/post"}],"author":[{"embeddable":true,"href":"https:\/\/proyectum.com\/pe\/wp-json\/wp\/v2\/users\/29"}],"replies":[{"embeddable":true,"href":"https:\/\/proyectum.com\/pe\/wp-json\/wp\/v2\/comments?post=10963"}],"version-history":[{"count":0,"href":"https:\/\/proyectum.com\/pe\/wp-json\/wp\/v2\/posts\/10963\/revisions"}],"wp:featuredmedia":[{"embeddable":true,"href":"https:\/\/proyectum.com\/pe\/wp-json\/wp\/v2\/media\/10964"}],"wp:attachment":[{"href":"https:\/\/proyectum.com\/pe\/wp-json\/wp\/v2\/media?parent=10963"}],"wp:term":[{"taxonomy":"category","embeddable":true,"href":"https:\/\/proyectum.com\/pe\/wp-json\/wp\/v2\/categories?post=10963"},{"taxonomy":"post_tag","embeddable":true,"href":"https:\/\/proyectum.com\/pe\/wp-json\/wp\/v2\/tags?post=10963"}],"curies":[{"name":"wp","href":"https:\/\/api.w.org\/{rel}","templated":true}]}}