{"id":11199,"date":"2024-12-10T14:04:00","date_gmt":"2024-12-10T17:04:00","guid":{"rendered":"https:\/\/proyectum.com\/sistema\/?p=10829"},"modified":"2024-12-10T14:04:00","modified_gmt":"2024-12-10T17:04:00","slug":"factores-desafiantes-y-estrategias-sistemicas-para-soportar-transformaciones-organizacionales","status":"publish","type":"post","link":"https:\/\/proyectum.com\/pe\/factores-desafiantes-y-estrategias-sistemicas-para-soportar-transformaciones-organizacionales\/","title":{"rendered":"Factores desafiantes y estrategias sist\u00e9micas para soportar transformaciones organizacionales"},"content":{"rendered":"<p style=\"text-align: right;\"><strong>Curado por: Jorge Sol\u00f3rzano, MDO, PMP &amp; Jorge Vald\u00e9s Garciatorres, MDO, PMP<\/strong><\/p>\n<p style=\"text-align: right;\">\n<p style=\"text-align: right;\"><strong>\u201cMejorar es cambiar; ser excelente es cambiar a menudo\u201d.<\/strong><\/p>\n<p style=\"text-align: right;\"><strong>Winston Churchill<\/strong><\/p>\n<p>&nbsp;<\/p>\n<p><strong>Introducci\u00f3n<\/strong><\/p>\n<p>Los proyectos de transformaci\u00f3n organizacional suelen enfrentarse a una paradoja: mientras buscan modernizar sistemas y procesos, tropiezan con barreras predecibles como la falta de alineaci\u00f3n estrat\u00e9gica, la gesti\u00f3n inadecuada del cambio y problemas t\u00e9cnicos recurrentes. Estas dificultades no solo afectan la eficiencia operativa, sino que tambi\u00e9n ponen en riesgo los resultados esperados de iniciativas cr\u00edticas.<\/p>\n<p>A lo largo de m\u00faltiples estudios, se han identificado patrones claros: altas tasas de fracaso en transformaciones digitales, deficiencias en la gesti\u00f3n de riesgos y una limitada capacidad para retener y transferir conocimiento organizacional. Este panorama exige estructuras m\u00e1s sist\u00e9micas y adaptativas.<\/p>\n<p>En este documento, se utiliza el marco de Patrick Williams para analizar los desaf\u00edos desde una perspectiva sist\u00e9mica, incorporando cuatro subsistemas clave:<\/p>\n<p>\u2022 Gerencial<br \/>\n\u2022 T\u00e9cnico-estructural<br \/>\n\u2022 Humano-social<br \/>\n\u2022 Contexto<\/p>\n<p>Con el fin de entender c\u00f3mo estos interact\u00faan y ofrecen una plataforma para arropar e incrementar las probabilidades de \u00e9xito de las transformaciones organizacionales.<strong><\/p>\n<p>El Modelo Sist\u00e9mico de Patrick Williams<\/strong><\/p>\n<p>El enfoque de Patrick Williams (Robledo Ruiz, 2014) propone que las organizaciones operan como sistemas interconectados que pueden ser desglosados en cuatro subsistemas clave:<\/p>\n<p>1. Sistema Gerencial: Responsable de la direcci\u00f3n, gobernanza y toma de decisiones estrat\u00e9gicas.<br \/>\n2. Sistema T\u00e9cnico-Estructural: Se refiere a los procesos, estructuras, descripciones de puestos, indicadores, herramientas metodol\u00f3gicas y tecnolog\u00edas que soportan las operaciones.<br \/>\n3. Sistema Humano-Social: Enfocado en las personas, su cultura, din\u00e1micas sociales y liderazgo.<br \/>\n4. Sistema Contexto: Comprende los factores externos e internos que influyen en la organizaci\u00f3n, como regulaciones, mercado y cultura organizacional.<\/p>\n<p>Estos subsistemas no operan de forma aislada; su interacci\u00f3n y alineaci\u00f3n determinan la capacidad de una organizaci\u00f3n para transformarse y adaptarse al cambio.<\/p>\n<p>Problem\u00e1tica: Patrones de observados por expertos, desde los Subsistemas de Williams<\/p>\n<p>1. Sistema Gerencial<\/p>\n<p>Desaf\u00edos:<\/p>\n<p>\u2022 Seg\u00fan McKinsey &amp; Company, menos del 30% de las transformaciones digitales logran sus objetivos estrat\u00e9gicos, reflejando problemas de gobernanza y alineaci\u00f3n estrat\u00e9gica (McKinsey, 2020).<br \/>\n\u2022 El MIT Center for Information Systems Research reporta que solo el 22% de las empresas han completado transformaciones digitales significativas, y aquellas que lo logran obtienen un crecimiento de ingresos 17.3 puntos porcentuales por encima del promedio de su industria (MIT, 2020).<\/p>\n<p>Impacto:<\/p>\n<p>La falta de una gobernanza efectiva dificulta priorizar iniciativas, asignar recursos y realizar ajustes estrat\u00e9gicos en tiempo real.<\/p>\n<p>2. Sistema T\u00e9cnico-Estructural<\/p>\n<p>Desaf\u00edos:<\/p>\n<p>\u2022 El Standish Group indica que solo el 35% de los proyectos tecnol\u00f3gicos se completan en tiempo y presupuesto, debido a problemas t\u00e9cnicos y conflictos con proveedores (Standish Group, 2020).<br \/>\n\u2022 Un estudio del MIT Sloan Management Review resalta que las fallas t\u00e9cnicas y la falta de escalabilidad en las herramientas implementadas son una de las principales causas de los fracasos en transformaci\u00f3n digital (MIT Sloan, 2020).<\/p>\n<p>Impacto:<\/p>\n<p>Procesos no estandarizados y herramientas inadecuadas generan cuellos de botella, sobrecostos y retrasos.<\/p>\n<p>3. Sistema Humano-Social<\/p>\n<p>Desaf\u00edos:<\/p>\n<p>\u2022 Seg\u00fan Prosci, el 70% de los fracasos en transformaciones digitales est\u00e1n relacionados con la resistencia al cambio y la falta de compromiso de los equipos (Prosci, 2019).<br \/>\n\u2022 El MIT Sloan destaca que la falta de liderazgo transformacional impacta directamente en la adopci\u00f3n de nuevas tecnolog\u00edas y pr\u00e1cticas, con tasas de aceptaci\u00f3n significativamente m\u00e1s bajas en empresas que no priorizan el desarrollo de capacidades humanas (MIT Sloan, 2020).<\/p>\n<p>Impacto:<\/p>\n<p>La resistencia interna y la fuga de conocimiento obstaculizan la adopci\u00f3n de nuevas tecnolog\u00edas y procesos.<\/p>\n<p>4. Sistema Contexto<\/p>\n<p>Desaf\u00edos:<\/p>\n<p>\u2022 Sectores hiperregulados enfrentan presiones externas que ralentizan los proyectos.<br \/>\n\u2022 Seg\u00fan la norma ISO 31000, el 62% de las empresas carecen de marcos efectivos para gestionar riesgos interdependientes, incrementando la exposici\u00f3n a fallos sist\u00e9micos (ISO, 2020).<\/p>\n<p>Impacto:<\/p>\n<p>Factores externos y restricciones regulatorias agregan niveles significativos de complejidad adicionales la implementaci\u00f3n de cambios.<\/p>\n<p>Tesis: Una Estrategia Sist\u00e9mica para Arropar el Cambio<\/p>\n<p>Desde la perspectiva de Patrick Williams, la soluci\u00f3n para arropar el cambio y garantizar el \u00e9xito de la transformaci\u00f3n debe integrar acciones en tres de los 4 subsistemas clave, con la misma intensidad e intenci\u00f3n en todas ellas.<\/p>\n<p>1. Sistema Gerencial: Liderazgo y Gobernanza<\/p>\n<p>\u2022 Implementar una gobernanza estrat\u00e9gica integrada, conectando objetivos organizacionales con m\u00e9tricas operativas.<br \/>\n\u2022 Crear un comit\u00e9 directivo de transformaci\u00f3n para monitorear el progreso y realizar ajustes en tiempo real.<\/p>\n<p>2. Sistema T\u00e9cnico-Estructural: Flexibilidad y Escalabilidad<\/p>\n<p>\u2022 Dise\u00f1ar procesos estandarizados y escalables que permitan replicar pr\u00e1cticas exitosas.<br \/>\n\u2022 Integrar herramientas digitales avanzadas para la gesti\u00f3n de riesgos y monitoreo en tiempo real.<\/p>\n<p>3. Sistema Humano-Social: Gesti\u00f3n del Cambio y Cultura<\/p>\n<p>\u2022 Establecer un programa de gesti\u00f3n del cambio estructurado que aborde la resistencia interna y fomente la adopci\u00f3n de nuevas pr\u00e1cticas.<br \/>\n\u2022 Desarrollar capacidades en liderazgo transformacional y fomentar redes de influencia positiva en todos los niveles.<\/p>\n<p>Es importante acotar que en este contexto, nos referimos a capacidades como la suma de las competencias de todos los colaboradores, m\u00e1s la suma de los recursos, herramientas y activos de conocimiento organizacional.<\/p>\n<p>4. Sistema Contexto: Anticipaci\u00f3n y Adaptaci\u00f3n<\/p>\n<p>\u2022 Implementar simulaciones de escenarios y an\u00e1lisis de riesgos interdependientes para prever posibles obst\u00e1culos.<br \/>\n\u2022 Asegurar que las iniciativas cumplan con regulaciones y est\u00e1ndares relevantes desde el dise\u00f1o inicial.<\/p>\n<p>Conclusi\u00f3n<\/p>\n<p>Las transformaciones organizacionales no ocurren en aislamiento; dependen de la interacci\u00f3n armoniosa entre sistemas gerenciales, t\u00e9cnicos, humanos y el monitoreo de elementos contextuales.<br \/>\nLa alta incidencia de fracasos en iniciativas de cambio evidencia la necesidad de enfoques sist\u00e9micos y adaptativos.<br \/>\nImplementar estrategias integradas que alineen los subsistemas clave no solo arropar\u00e1 la jornada hacia la nueva realidad, sino que tambi\u00e9n fortalecer\u00e1 la resiliencia organizacional frente a futuros desaf\u00edos.<\/p>\n<p>Referencias<\/p>\n<p>\u2022 Robledo Ruiz, Edgardo, Desarrollo Organizacional: Enfoque Convergente de Investigaci\u00f3n \u2013 Acci\u00f3n, Enero 14, 2014. Ed. Trillas<br \/>\n\u2022 McKinsey &amp; Company. (2020). Why digital transformations fail. Recuperado de https:\/\/www.mckinsey.com.<br \/>\n\u2022 MIT Sloan Management Review. (2020). Digital transformation: Patterns of success and failure. Recuperado de https:\/\/mitsloan.mit.edu.<br \/>\n\u2022 MIT Center for Information Systems Research. (2020). Digital transformation readiness. Recuperado de https:\/\/cisr.mit.edu.<br \/>\n\u2022 Project Management Institute. (2018). Pulse of the profession: Success rates rise. Recuperado de https:\/\/www.pmi.org.<br \/>\n\u2022 Standish Group. (2020). Chaos report. Recuperado de https:\/\/www.standishgroup.com.<br \/>\n\u2022 Prosci. (2019). Best practices in change management. Recuperado de https:\/\/www.prosci.com.<br \/>\n\u2022 ISO. (2020). ISO 31000: Risk management. Recuperado de https:\/\/www.iso.org.<\/p>\n","protected":false},"excerpt":{"rendered":"<p>Curado por: Jorge Sol\u00f3rzano, MDO, PMP &amp; Jorge Vald\u00e9s Garciatorres, MDO, PMP \u201cMejorar es cambiar; ser excelente es cambiar a menudo\u201d. Winston Churchill &nbsp; Introducci\u00f3n Los proyectos de transformaci\u00f3n organizacional suelen enfrentarse a una paradoja: mientras buscan modernizar sistemas y procesos, tropiezan con barreras predecibles como la falta de alineaci\u00f3n estrat\u00e9gica, la gesti\u00f3n inadecuada del [&hellip;]<\/p>\n","protected":false},"author":29,"featured_media":10830,"comment_status":"closed","ping_status":"closed","sticky":false,"template":"","format":"standard","meta":{"_acf_changed":false,"footnotes":""},"categories":[222],"tags":[1642,425,1643,785],"class_list":["post-11199","post","type-post","status-publish","format-standard","has-post-thumbnail","hentry","category-reflexiones","tag-desafios","tag-organizaciones","tag-sistemico","tag-transformacion-organizacional"],"acf":[],"yoast_head":"<!-- This site is optimized with the Yoast SEO plugin v24.4 - https:\/\/yoast.com\/wordpress\/plugins\/seo\/ -->\n<title>Factores desafiantes y estrategias sist\u00e9micas para soportar transformaciones organizacionales - Proyectum Per\u00fa<\/title>\n<meta name=\"robots\" content=\"index, follow, max-snippet:-1, max-image-preview:large, max-video-preview:-1\" \/>\n<link rel=\"canonical\" href=\"https:\/\/proyectum.com\/pe\/factores-desafiantes-y-estrategias-sistemicas-para-soportar-transformaciones-organizacionales\/\" \/>\n<meta property=\"og:locale\" content=\"es_ES\" \/>\n<meta property=\"og:type\" content=\"article\" \/>\n<meta property=\"og:title\" content=\"Factores desafiantes y estrategias sist\u00e9micas para soportar transformaciones organizacionales - Proyectum Per\u00fa\" \/>\n<meta property=\"og:description\" content=\"Curado por: Jorge Sol\u00f3rzano, MDO, PMP &amp; Jorge Vald\u00e9s Garciatorres, MDO, PMP \u201cMejorar es cambiar; ser excelente es cambiar a menudo\u201d. Winston Churchill &nbsp; Introducci\u00f3n Los proyectos de transformaci\u00f3n organizacional suelen enfrentarse a una paradoja: mientras buscan modernizar sistemas y procesos, tropiezan con barreras predecibles como la falta de alineaci\u00f3n estrat\u00e9gica, la gesti\u00f3n inadecuada del [&hellip;]\" \/>\n<meta property=\"og:url\" content=\"https:\/\/proyectum.com\/pe\/factores-desafiantes-y-estrategias-sistemicas-para-soportar-transformaciones-organizacionales\/\" \/>\n<meta property=\"og:site_name\" content=\"Proyectum Per\u00fa\" \/>\n<meta property=\"article:publisher\" content=\"https:\/\/www.facebook.com\/proyectum.pe\/\" \/>\n<meta property=\"article:published_time\" content=\"2024-12-10T17:04:00+00:00\" \/>\n<meta property=\"og:image\" content=\"https:\/\/proyectum.com\/pe\/wp-content\/uploads\/2024\/12\/Captura-de-pantalla-2024-12-10-110258.png\" \/>\n\t<meta property=\"og:image:width\" content=\"694\" \/>\n\t<meta property=\"og:image:height\" content=\"605\" \/>\n\t<meta property=\"og:image:type\" content=\"image\/png\" \/>\n<meta name=\"author\" content=\"Jorge\" \/>\n<meta name=\"twitter:card\" content=\"summary_large_image\" \/>\n<meta name=\"twitter:label1\" content=\"Escrito por\" \/>\n\t<meta name=\"twitter:data1\" content=\"Jorge\" \/>\n\t<meta name=\"twitter:label2\" content=\"Tiempo de lectura\" \/>\n\t<meta name=\"twitter:data2\" content=\"5 minutos\" \/>\n<script type=\"application\/ld+json\" class=\"yoast-schema-graph\">{\"@context\":\"https:\/\/schema.org\",\"@graph\":[{\"@type\":\"Article\",\"@id\":\"https:\/\/proyectum.com\/pe\/factores-desafiantes-y-estrategias-sistemicas-para-soportar-transformaciones-organizacionales\/#article\",\"isPartOf\":{\"@id\":\"https:\/\/proyectum.com\/pe\/factores-desafiantes-y-estrategias-sistemicas-para-soportar-transformaciones-organizacionales\/\"},\"author\":{\"name\":\"Jorge\",\"@id\":\"https:\/\/proyectum.com\/pe\/#\/schema\/person\/6e3e4bdde133cfa03a51dd6ec5b0f39c\"},\"headline\":\"Factores desafiantes y estrategias sist\u00e9micas para soportar transformaciones organizacionales\",\"datePublished\":\"2024-12-10T17:04:00+00:00\",\"mainEntityOfPage\":{\"@id\":\"https:\/\/proyectum.com\/pe\/factores-desafiantes-y-estrategias-sistemicas-para-soportar-transformaciones-organizacionales\/\"},\"wordCount\":1082,\"publisher\":{\"@id\":\"https:\/\/proyectum.com\/pe\/#organization\"},\"image\":{\"@id\":\"https:\/\/proyectum.com\/pe\/factores-desafiantes-y-estrategias-sistemicas-para-soportar-transformaciones-organizacionales\/#primaryimage\"},\"thumbnailUrl\":\"https:\/\/proyectum.com\/pe\/wp-content\/uploads\/2024\/12\/Captura-de-pantalla-2024-12-10-110258.png\",\"keywords\":[\"Desafios\",\"Organizaciones\",\"Sist\u00e9mico\",\"transformaci\u00f3n organizacional\"],\"articleSection\":[\"Reflexiones\"],\"inLanguage\":\"es\"},{\"@type\":\"WebPage\",\"@id\":\"https:\/\/proyectum.com\/pe\/factores-desafiantes-y-estrategias-sistemicas-para-soportar-transformaciones-organizacionales\/\",\"url\":\"https:\/\/proyectum.com\/pe\/factores-desafiantes-y-estrategias-sistemicas-para-soportar-transformaciones-organizacionales\/\",\"name\":\"Factores desafiantes y estrategias sist\u00e9micas para soportar transformaciones organizacionales - Proyectum Per\u00fa\",\"isPartOf\":{\"@id\":\"https:\/\/proyectum.com\/pe\/#website\"},\"primaryImageOfPage\":{\"@id\":\"https:\/\/proyectum.com\/pe\/factores-desafiantes-y-estrategias-sistemicas-para-soportar-transformaciones-organizacionales\/#primaryimage\"},\"image\":{\"@id\":\"https:\/\/proyectum.com\/pe\/factores-desafiantes-y-estrategias-sistemicas-para-soportar-transformaciones-organizacionales\/#primaryimage\"},\"thumbnailUrl\":\"https:\/\/proyectum.com\/pe\/wp-content\/uploads\/2024\/12\/Captura-de-pantalla-2024-12-10-110258.png\",\"datePublished\":\"2024-12-10T17:04:00+00:00\",\"breadcrumb\":{\"@id\":\"https:\/\/proyectum.com\/pe\/factores-desafiantes-y-estrategias-sistemicas-para-soportar-transformaciones-organizacionales\/#breadcrumb\"},\"inLanguage\":\"es\",\"potentialAction\":[{\"@type\":\"ReadAction\",\"target\":[\"https:\/\/proyectum.com\/pe\/factores-desafiantes-y-estrategias-sistemicas-para-soportar-transformaciones-organizacionales\/\"]}]},{\"@type\":\"ImageObject\",\"inLanguage\":\"es\",\"@id\":\"https:\/\/proyectum.com\/pe\/factores-desafiantes-y-estrategias-sistemicas-para-soportar-transformaciones-organizacionales\/#primaryimage\",\"url\":\"https:\/\/proyectum.com\/pe\/wp-content\/uploads\/2024\/12\/Captura-de-pantalla-2024-12-10-110258.png\",\"contentUrl\":\"https:\/\/proyectum.com\/pe\/wp-content\/uploads\/2024\/12\/Captura-de-pantalla-2024-12-10-110258.png\",\"width\":694,\"height\":605,\"caption\":\"Cambio Organizacional\"},{\"@type\":\"BreadcrumbList\",\"@id\":\"https:\/\/proyectum.com\/pe\/factores-desafiantes-y-estrategias-sistemicas-para-soportar-transformaciones-organizacionales\/#breadcrumb\",\"itemListElement\":[{\"@type\":\"ListItem\",\"position\":1,\"name\":\"Home\",\"item\":\"https:\/\/proyectum.com\/pe\/\"},{\"@type\":\"ListItem\",\"position\":2,\"name\":\"Factores desafiantes y estrategias sist\u00e9micas para soportar transformaciones organizacionales\"}]},{\"@type\":\"WebSite\",\"@id\":\"https:\/\/proyectum.com\/pe\/#website\",\"url\":\"https:\/\/proyectum.com\/pe\/\",\"name\":\"Proyectum Per\u00fa\",\"description\":\"Direcci\u00f3n de Proyectos y Metodolog\u00edas \u00c1giles\",\"publisher\":{\"@id\":\"https:\/\/proyectum.com\/pe\/#organization\"},\"potentialAction\":[{\"@type\":\"SearchAction\",\"target\":{\"@type\":\"EntryPoint\",\"urlTemplate\":\"https:\/\/proyectum.com\/pe\/?s={search_term_string}\"},\"query-input\":{\"@type\":\"PropertyValueSpecification\",\"valueRequired\":true,\"valueName\":\"search_term_string\"}}],\"inLanguage\":\"es\"},{\"@type\":\"Organization\",\"@id\":\"https:\/\/proyectum.com\/pe\/#organization\",\"name\":\"Proyectum Per\u00fa\",\"url\":\"https:\/\/proyectum.com\/pe\/\",\"logo\":{\"@type\":\"ImageObject\",\"inLanguage\":\"es\",\"@id\":\"https:\/\/proyectum.com\/pe\/#\/schema\/logo\/image\/\",\"url\":\"https:\/\/proyectum.com\/pe\/wp-content\/uploads\/2020\/04\/proyectum-logo-snippet.png\",\"contentUrl\":\"https:\/\/proyectum.com\/pe\/wp-content\/uploads\/2020\/04\/proyectum-logo-snippet.png\",\"width\":600,\"height\":315,\"caption\":\"Proyectum Per\u00fa\"},\"image\":{\"@id\":\"https:\/\/proyectum.com\/pe\/#\/schema\/logo\/image\/\"},\"sameAs\":[\"https:\/\/www.facebook.com\/proyectum.pe\/\",\"https:\/\/www.instagram.com\/proyectum.pe\/\",\"https:\/\/www.linkedin.com\/company\/proyectumperu\/\",\"https:\/\/www.youtube.com\/@proyectum2283\/videos\"]},{\"@type\":\"Person\",\"@id\":\"https:\/\/proyectum.com\/pe\/#\/schema\/person\/6e3e4bdde133cfa03a51dd6ec5b0f39c\",\"name\":\"Jorge\",\"image\":{\"@type\":\"ImageObject\",\"inLanguage\":\"es\",\"@id\":\"https:\/\/proyectum.com\/pe\/#\/schema\/person\/image\/\",\"url\":\"https:\/\/secure.gravatar.com\/avatar\/455c61bb0fa25db9d2e71243327909c4?s=96&d=mm&r=g\",\"contentUrl\":\"https:\/\/secure.gravatar.com\/avatar\/455c61bb0fa25db9d2e71243327909c4?s=96&d=mm&r=g\",\"caption\":\"Jorge\"}}]}<\/script>\n<!-- \/ Yoast SEO plugin. -->","yoast_head_json":{"title":"Factores desafiantes y estrategias sist\u00e9micas para soportar transformaciones organizacionales - Proyectum Per\u00fa","robots":{"index":"index","follow":"follow","max-snippet":"max-snippet:-1","max-image-preview":"max-image-preview:large","max-video-preview":"max-video-preview:-1"},"canonical":"https:\/\/proyectum.com\/pe\/factores-desafiantes-y-estrategias-sistemicas-para-soportar-transformaciones-organizacionales\/","og_locale":"es_ES","og_type":"article","og_title":"Factores desafiantes y estrategias sist\u00e9micas para soportar transformaciones organizacionales - Proyectum Per\u00fa","og_description":"Curado por: Jorge Sol\u00f3rzano, MDO, PMP &amp; Jorge Vald\u00e9s Garciatorres, MDO, PMP \u201cMejorar es cambiar; ser excelente es cambiar a menudo\u201d. Winston Churchill &nbsp; Introducci\u00f3n Los proyectos de transformaci\u00f3n organizacional suelen enfrentarse a una paradoja: mientras buscan modernizar sistemas y procesos, tropiezan con barreras predecibles como la falta de alineaci\u00f3n estrat\u00e9gica, la gesti\u00f3n inadecuada del [&hellip;]","og_url":"https:\/\/proyectum.com\/pe\/factores-desafiantes-y-estrategias-sistemicas-para-soportar-transformaciones-organizacionales\/","og_site_name":"Proyectum Per\u00fa","article_publisher":"https:\/\/www.facebook.com\/proyectum.pe\/","article_published_time":"2024-12-10T17:04:00+00:00","og_image":[{"width":694,"height":605,"url":"https:\/\/proyectum.com\/pe\/wp-content\/uploads\/2024\/12\/Captura-de-pantalla-2024-12-10-110258.png","type":"image\/png"}],"author":"Jorge","twitter_card":"summary_large_image","twitter_misc":{"Escrito por":"Jorge","Tiempo de lectura":"5 minutos"},"schema":{"@context":"https:\/\/schema.org","@graph":[{"@type":"Article","@id":"https:\/\/proyectum.com\/pe\/factores-desafiantes-y-estrategias-sistemicas-para-soportar-transformaciones-organizacionales\/#article","isPartOf":{"@id":"https:\/\/proyectum.com\/pe\/factores-desafiantes-y-estrategias-sistemicas-para-soportar-transformaciones-organizacionales\/"},"author":{"name":"Jorge","@id":"https:\/\/proyectum.com\/pe\/#\/schema\/person\/6e3e4bdde133cfa03a51dd6ec5b0f39c"},"headline":"Factores desafiantes y estrategias sist\u00e9micas para soportar transformaciones organizacionales","datePublished":"2024-12-10T17:04:00+00:00","mainEntityOfPage":{"@id":"https:\/\/proyectum.com\/pe\/factores-desafiantes-y-estrategias-sistemicas-para-soportar-transformaciones-organizacionales\/"},"wordCount":1082,"publisher":{"@id":"https:\/\/proyectum.com\/pe\/#organization"},"image":{"@id":"https:\/\/proyectum.com\/pe\/factores-desafiantes-y-estrategias-sistemicas-para-soportar-transformaciones-organizacionales\/#primaryimage"},"thumbnailUrl":"https:\/\/proyectum.com\/pe\/wp-content\/uploads\/2024\/12\/Captura-de-pantalla-2024-12-10-110258.png","keywords":["Desafios","Organizaciones","Sist\u00e9mico","transformaci\u00f3n organizacional"],"articleSection":["Reflexiones"],"inLanguage":"es"},{"@type":"WebPage","@id":"https:\/\/proyectum.com\/pe\/factores-desafiantes-y-estrategias-sistemicas-para-soportar-transformaciones-organizacionales\/","url":"https:\/\/proyectum.com\/pe\/factores-desafiantes-y-estrategias-sistemicas-para-soportar-transformaciones-organizacionales\/","name":"Factores desafiantes y estrategias sist\u00e9micas para soportar transformaciones organizacionales - Proyectum Per\u00fa","isPartOf":{"@id":"https:\/\/proyectum.com\/pe\/#website"},"primaryImageOfPage":{"@id":"https:\/\/proyectum.com\/pe\/factores-desafiantes-y-estrategias-sistemicas-para-soportar-transformaciones-organizacionales\/#primaryimage"},"image":{"@id":"https:\/\/proyectum.com\/pe\/factores-desafiantes-y-estrategias-sistemicas-para-soportar-transformaciones-organizacionales\/#primaryimage"},"thumbnailUrl":"https:\/\/proyectum.com\/pe\/wp-content\/uploads\/2024\/12\/Captura-de-pantalla-2024-12-10-110258.png","datePublished":"2024-12-10T17:04:00+00:00","breadcrumb":{"@id":"https:\/\/proyectum.com\/pe\/factores-desafiantes-y-estrategias-sistemicas-para-soportar-transformaciones-organizacionales\/#breadcrumb"},"inLanguage":"es","potentialAction":[{"@type":"ReadAction","target":["https:\/\/proyectum.com\/pe\/factores-desafiantes-y-estrategias-sistemicas-para-soportar-transformaciones-organizacionales\/"]}]},{"@type":"ImageObject","inLanguage":"es","@id":"https:\/\/proyectum.com\/pe\/factores-desafiantes-y-estrategias-sistemicas-para-soportar-transformaciones-organizacionales\/#primaryimage","url":"https:\/\/proyectum.com\/pe\/wp-content\/uploads\/2024\/12\/Captura-de-pantalla-2024-12-10-110258.png","contentUrl":"https:\/\/proyectum.com\/pe\/wp-content\/uploads\/2024\/12\/Captura-de-pantalla-2024-12-10-110258.png","width":694,"height":605,"caption":"Cambio Organizacional"},{"@type":"BreadcrumbList","@id":"https:\/\/proyectum.com\/pe\/factores-desafiantes-y-estrategias-sistemicas-para-soportar-transformaciones-organizacionales\/#breadcrumb","itemListElement":[{"@type":"ListItem","position":1,"name":"Home","item":"https:\/\/proyectum.com\/pe\/"},{"@type":"ListItem","position":2,"name":"Factores desafiantes y estrategias sist\u00e9micas para soportar transformaciones organizacionales"}]},{"@type":"WebSite","@id":"https:\/\/proyectum.com\/pe\/#website","url":"https:\/\/proyectum.com\/pe\/","name":"Proyectum Per\u00fa","description":"Direcci\u00f3n de Proyectos y Metodolog\u00edas \u00c1giles","publisher":{"@id":"https:\/\/proyectum.com\/pe\/#organization"},"potentialAction":[{"@type":"SearchAction","target":{"@type":"EntryPoint","urlTemplate":"https:\/\/proyectum.com\/pe\/?s={search_term_string}"},"query-input":{"@type":"PropertyValueSpecification","valueRequired":true,"valueName":"search_term_string"}}],"inLanguage":"es"},{"@type":"Organization","@id":"https:\/\/proyectum.com\/pe\/#organization","name":"Proyectum Per\u00fa","url":"https:\/\/proyectum.com\/pe\/","logo":{"@type":"ImageObject","inLanguage":"es","@id":"https:\/\/proyectum.com\/pe\/#\/schema\/logo\/image\/","url":"https:\/\/proyectum.com\/pe\/wp-content\/uploads\/2020\/04\/proyectum-logo-snippet.png","contentUrl":"https:\/\/proyectum.com\/pe\/wp-content\/uploads\/2020\/04\/proyectum-logo-snippet.png","width":600,"height":315,"caption":"Proyectum Per\u00fa"},"image":{"@id":"https:\/\/proyectum.com\/pe\/#\/schema\/logo\/image\/"},"sameAs":["https:\/\/www.facebook.com\/proyectum.pe\/","https:\/\/www.instagram.com\/proyectum.pe\/","https:\/\/www.linkedin.com\/company\/proyectumperu\/","https:\/\/www.youtube.com\/@proyectum2283\/videos"]},{"@type":"Person","@id":"https:\/\/proyectum.com\/pe\/#\/schema\/person\/6e3e4bdde133cfa03a51dd6ec5b0f39c","name":"Jorge","image":{"@type":"ImageObject","inLanguage":"es","@id":"https:\/\/proyectum.com\/pe\/#\/schema\/person\/image\/","url":"https:\/\/secure.gravatar.com\/avatar\/455c61bb0fa25db9d2e71243327909c4?s=96&d=mm&r=g","contentUrl":"https:\/\/secure.gravatar.com\/avatar\/455c61bb0fa25db9d2e71243327909c4?s=96&d=mm&r=g","caption":"Jorge"}}]}},"_links":{"self":[{"href":"https:\/\/proyectum.com\/pe\/wp-json\/wp\/v2\/posts\/11199","targetHints":{"allow":["GET"]}}],"collection":[{"href":"https:\/\/proyectum.com\/pe\/wp-json\/wp\/v2\/posts"}],"about":[{"href":"https:\/\/proyectum.com\/pe\/wp-json\/wp\/v2\/types\/post"}],"author":[{"embeddable":true,"href":"https:\/\/proyectum.com\/pe\/wp-json\/wp\/v2\/users\/29"}],"replies":[{"embeddable":true,"href":"https:\/\/proyectum.com\/pe\/wp-json\/wp\/v2\/comments?post=11199"}],"version-history":[{"count":0,"href":"https:\/\/proyectum.com\/pe\/wp-json\/wp\/v2\/posts\/11199\/revisions"}],"wp:featuredmedia":[{"embeddable":true,"href":"https:\/\/proyectum.com\/pe\/wp-json\/wp\/v2\/media\/10830"}],"wp:attachment":[{"href":"https:\/\/proyectum.com\/pe\/wp-json\/wp\/v2\/media?parent=11199"}],"wp:term":[{"taxonomy":"category","embeddable":true,"href":"https:\/\/proyectum.com\/pe\/wp-json\/wp\/v2\/categories?post=11199"},{"taxonomy":"post_tag","embeddable":true,"href":"https:\/\/proyectum.com\/pe\/wp-json\/wp\/v2\/tags?post=11199"}],"curies":[{"name":"wp","href":"https:\/\/api.w.org\/{rel}","templated":true}]}}